{"id":143143,"date":"2026-09-06T11:25:56","date_gmt":"2026-09-06T14:25:56","guid":{"rendered":"https:\/\/www.noticiasradioreflejos.com.ar\/2021\/?p=143143"},"modified":"2026-09-06T11:26:35","modified_gmt":"2026-09-06T14:26:35","slug":"las-ventas-minoristas-pyme-cayeron-02-interanual-en-agosto-empujadas-por-el-menor-poder-adquisitivo","status":"publish","type":"post","link":"https:\/\/www.noticiasradioreflejos.com.ar\/2021\/las-ventas-minoristas-pyme-cayeron-02-interanual-en-agosto-empujadas-por-el-menor-poder-adquisitivo\/","title":{"rendered":"Las ventas minoristas pyme cayeron 0,2% interanual en agosto empujadas por el menor poder adquisitivo"},"content":{"rendered":"<p>Durante el mes de agosto, la actividad de las pymes comerciantes registr\u00f3 un descenso real del 0,2% frente al mismo mes del a\u00f1o anterior y una contracci\u00f3n del 2,7% respecto a julio, acumular un retroceso del 2,4% en los primeros ocho meses del a\u00f1o. La erosi\u00f3n de los ingresos disponibles por la suba de tarifas, el endeudamiento de las familias y la prudencia del consumo limitaron las compras a rubros de primera necesidad.<!--more--><\/p>\n<h4>Puntos clave del relevamiento:<\/h4>\n<p>Ventas e-commerce: Las operaciones online en comercios con local a la calle crecieron un 17,6% interanual y un 0,4% en la comparaci\u00f3n mensual.<\/p>\n<p>Percepci\u00f3n del sector: El 47,4% de los comercios mantuvo su nivel de actividad frente al a\u00f1o previo, el 46,5% report\u00f3 una desmejora (subi\u00f3 dos puntos porcentuales respecto a julio) y solo un 6,1% experiment\u00f3 avances.<\/p>\n<p>Proyecciones e inversi\u00f3n: De cara a los pr\u00f3ximos 12 meses, un 43,9% prev\u00e9 que su situaci\u00f3n no cambiar\u00e1, el 42,8% espera mejoras y un 13,3% aguarda un deterioro. A su vez, el 57,9% sostiene que no es un momento adecuado para encarar inversiones.<\/p>\n<p>Comportamiento por rubros: Cuatro sectores mostraron aumentos interanuales, liderados por Perfumer\u00eda (+12,8%), Textil e indumentaria (+6,4%), Calzado y marroquiner\u00eda (+1,2%) y Ferreter\u00eda\/Materiales (+0,3%). Las bajas se concentraron en Bazar y muebles (-4,8%), Alimentos y bebidas (-2,5%) y Farmacia (-0,5%).<\/p>\n<p>Rentabilidad y estrategia: La actualizaci\u00f3n de costos fijos y la competencia obligaron a reducir m\u00e1rgenes de ganancia. Sin acceso fluido a cuotas sin inter\u00e9s, predominaron las ofertas por pago contado y las promociones financieras para sostener la rotaci\u00f3n de stock.<\/p>\n<p>&nbsp;<\/p>\n<h3>Comnicado de CAME<\/h3>\n<p>Asimismo, las ventas online realizadas por los comercios con local a la calle registraron un incremento interanual del 17,6%.<\/p>\n<p>Durante el mes de agosto, las ventas en los comercios minoristas pyme tuvieron una ca\u00edda interanual del 0,2% en t\u00e9rminos reales. A su vez, la medici\u00f3n frente al mes anterior reflej\u00f3 una baja del 2,7%, con lo cual la actividad acumula un descenso del 2,4% en lo que va del a\u00f1o.<\/p>\n<p>Esta din\u00e1mica negativa en la comparaci\u00f3n interanual respondi\u00f3 a la reducci\u00f3n del poder adquisitivo por los incrementos en las tarifas de los servicios y por el endeudamiento familiar. Adem\u00e1s, el menor movimiento posvacacional y la p\u00e9rdida de tracci\u00f3n de los ingresos disponibles acentuaron la cautela del consumidor, limitando las operaciones comerciales a gastos indispensables.<\/p>\n<p>Al analizar el balance cualitativo sobre la evoluci\u00f3n interanual de los comercios, el 47,4% de los due\u00f1os consultados indic\u00f3 que su nivel de actividad se mantuvo en relaci\u00f3n con el mismo per\u00edodo del a\u00f1o previo. Dicho registro evidencia una merma de 0,7 puntos porcentuales en comparaci\u00f3n con la medici\u00f3n del mes anterior. En paralelo, la proporci\u00f3n de respuestas que report\u00f3 un empeoramiento en las condiciones de su negocio ascendi\u00f3 al 46,5%, reflejando un incremento de dos puntos porcentuales frente al 44,5% constatado en julio. Por \u00faltimo, la fracci\u00f3n de pymes que tuvo una mejora en su desempe\u00f1o operativo represent\u00f3 \u00fanicamente el 6,1% del total de unidades relevadas durante el per\u00edodo.<\/p>\n<p align=\"center\"><img loading=\"lazy\" decoding=\"async\" class=\"CToWUd a6T\" tabindex=\"0\" src=\"https:\/\/ci3.googleusercontent.com\/meips\/ADKq_NYh-0eNr8Kq25Ouf5z1cBi9R4X8Dg7ZCSxt7DZ6zqphC3fKpAzJ5Oh7K5i0YWx1Y9oOY_DyL8WRshd4H0g-KjOBo2uSeAIRuybl2J0zTfCmLTMvD0y9nnBG4z_gKMnwpzhjhcUR9RGVELeN3oPJR3G1DVSH65482H78wG9uV8-Nqji84LJAzShwYL6GPqnY-2hLL06HVvch=s0-d-e1-ft#https:\/\/mailprensa.came.org.ar\/data\/1899c60d3e88c767f20949a98d5003460b14bf85\/media_files\/1598\/original\/image-20260905155958-1.png\" width=\"600\" height=\"125\" data-bit=\"iit\" \/><\/p>\n<p>En cuanto a las proyecciones para los pr\u00f3ximos 12 meses, el 43,9% de los encuestados prev\u00e9 que su situaci\u00f3n econ\u00f3mica continuar\u00e1 sin modificaciones, lo que implica una reducci\u00f3n de 2,4 puntos porcentuales en la lectura neutra respecto al informe precedente. Por su parte, el 42,8% estim\u00f3 un escenario futuro superior \u2014mostrando una variaci\u00f3n marginal frente al 42,4% de julio\u2014, mientras que el 13,3% restante espera un deterioro. Finalmente, en lo concerniente a las decisiones de financiamiento y destino de fondos, el 57,9% consider\u00f3 que no es momento para concretar inversiones en su firma, en tanto que un 28,6% no fij\u00f3 postura al respecto y un 13,5% respondi\u00f3 afirmativamente a dicha consulta.<\/p>\n<p align=\"center\"><img loading=\"lazy\" decoding=\"async\" class=\"CToWUd a6T\" tabindex=\"0\" src=\"https:\/\/ci3.googleusercontent.com\/meips\/ADKq_NZ1KiquQLIDBEGoBzA1o7GUyN3iJumjG9BettTnMpnUh-TflBZLGjb6r2QvnpUr3-R5U-2sfWagMcRhHuGfszeQfgEc5nY-_r4BBpF_4YKsA8DdFDaa1-e9_14GXkeuN1Dy_xDa-0Yj1Y3XXitlNvnccGCE1sB2AS-JOU-lI2IN6YB4UGZX__YWCssX49-U3i-fDwcZbRv7=s0-d-e1-ft#https:\/\/mailprensa.came.org.ar\/data\/1899c60d3e88c767f20949a98d5003460b14bf85\/media_files\/1600\/original\/image-20260905155958-2.png\" width=\"600\" height=\"273\" data-bit=\"iit\" \/><\/p>\n<p>En el desagregado sectorial, cuatro de los siete rubros medidos presentaron tasas de variaci\u00f3n interanual positivas. La suba m\u00e1s pronunciada correspondi\u00f3 a\u00a0<b>Perfumer\u00eda<\/b>\u00a0(+12,8%), ubic\u00e1ndose luego\u00a0<b>Textil e indumentaria<\/b>\u00a0(+6,4%),\u00a0<b>Calzado y marroquiner\u00eda<\/b>\u00a0(+1,2%) y\u00a0<b>Ferreter\u00eda, materiales el\u00e9ctricos y materiales para la construcci\u00f3n<\/b>\u00a0(+0,3%). Por el contrario, tres sectores registraron bajas frente al mismo per\u00edodo del a\u00f1o previo, con la mayor ca\u00edda en\u00a0<b>Bazar, decoraci\u00f3n, textiles para el hogar y muebles<\/b>\u00a0(-4,8%), seguida por\u00a0<b>Alimentos y bebidas<\/b>\u00a0(-2,5%) y\u00a0<b>Farmacia<\/b>\u00a0(-0,5%).<\/p>\n<p><b><span lang=\"ES\">El\u00a0\u00edndice general de ventas minoristas\u00a0informado por la\u00a0Confederaci\u00f3n Argentina de la Mediana Empresa (CAME)\u00a0mide las ventas realizadas por los comercios relevados bajo cualquier modalidad.<\/span><\/b><\/p>\n<p><b><span lang=\"ES\">Durante agosto se detect\u00f3 que las ventas online realizadas por los comercios con local a la calle registraron un incremento interanual del 17,6% y una leve suba intermensual del 0,4%.<\/span><\/b><\/p>\n<p align=\"center\"><img loading=\"lazy\" decoding=\"async\" class=\"CToWUd a6T\" tabindex=\"0\" src=\"https:\/\/ci3.googleusercontent.com\/meips\/ADKq_NbikR3u4Kd-Lo_u0b1FRwIjfwAojoAEcl4U-_vjGUb7SSU_ZvlEILdI1XDAWmxT8yxq1k6uC0bmNmX1B9OW6BE2DA3ixFDph-WT7ZmChzGfVv5lClrp9Qw5ihSsIBTcVnwBqpCSb6bs55X29xRY8-_DqbVbpJHXRNbEtNvs6-9RzYQwE0gXiU4asBLIv3APG5laVH7tgT_xEA=s0-d-e1-ft#https:\/\/mailprensa.came.org.ar\/data\/1899c60d3e88c767f20949a98d5003460b14bf85\/media_files\/1599\/original\/image-20260905155958-3.jpeg\" width=\"600\" height=\"338\" data-bit=\"iit\" \/><\/p>\n<p>El desempe\u00f1o minorista de agosto reflej\u00f3 la persistencia de una demanda condicionada por el peso de las tarifas y el endeudamiento familiar acumulado. Si bien los comerciantes reportaron compras puntuales en panificados, indumentaria infantil y regaler\u00eda a ra\u00edz del calendario escolar y festivo por el D\u00eda del Ni\u00f1o, estas operaciones no alcanzaron el volumen necesario para compensar la ca\u00edda general del consumo en los rubros masivos. De este modo, las transacciones continuaron acotadas a reposiciones impostergables y tratamientos esenciales, mientras que los bienes durables, el calzado formal y los art\u00edculos de mayor valor permanecieron postergados bajo un esquema de compra cauteloso y fragmentado.<\/p>\n<p>Desde la perspectiva de la oferta, los comercios operaron con m\u00e1rgenes de rentabilidad acotados debido a las continuas actualizaciones en las listas mayoristas, los fletes y la competencia de mercader\u00eda importada de bajo costo. La dificultad para disponer de planes de cuotas sin inter\u00e9s oblig\u00f3 a multiplicar descuentos por pago al contado, liquidaciones de fin de temporada y promociones bancarias para movilizar el inventario existente. Ante este escenario de costos operativos crecientes y l\u00edmites de financiamiento en los hogares, las empresas mantuvieron una gesti\u00f3n prudente del capital, restringiendo la reposici\u00f3n preventiva y evitando nuevas decisiones de inversi\u00f3n.<\/p>\n<p>Para acceder al informe completo, haga\u00a0<b><a href=\"https:\/\/mailprensa.came.org.ar\/c\/391gy9\/pymmvyby\/fjzim7zzt2g\" target=\"_blank\" rel=\"noopener\" data-saferedirecturl=\"https:\/\/www.google.com\/url?q=https:\/\/mailprensa.came.org.ar\/c\/391gy9\/pymmvyby\/fjzim7zzt2g&amp;source=gmail&amp;ust=1788784260245000&amp;usg=AOvVaw3Xa0NqRq-sqkSrGLXvpjLa\">clic aqu\u00ed<\/a><\/b>.<\/p>\n","protected":false},"excerpt":{"rendered":"<p>Durante el mes de agosto, la actividad de las pymes comerciantes registr\u00f3 un descenso real del 0,2% frente al mismo mes del a\u00f1o anterior y una contracci\u00f3n del 2,7% respecto a julio, acumular un retroceso del 2,4% en los primeros ocho meses del a\u00f1o. La erosi\u00f3n de los ingresos disponibles por la suba de tarifas, [&hellip;]<\/p>\n","protected":false},"author":3,"featured_media":143144,"comment_status":"closed","ping_status":"closed","sticky":false,"template":"","format":"standard","meta":{"footnotes":""},"categories":[36],"tags":[48],"class_list":["post-143143","post","type-post","status-publish","format-standard","has-post-thumbnail","hentry","category-economia","tag-destacada"],"yoast_head":"<!-- This site is optimized with the Yoast SEO plugin v25.9 - https:\/\/yoast.com\/wordpress\/plugins\/seo\/ -->\n<title>Las ventas minoristas pyme cayeron 0,2% interanual en agosto empujadas por el menor poder adquisitivo - Noticias Radio Reflejos<\/title>\n<meta name=\"robots\" content=\"index, follow, max-snippet:-1, max-image-preview:large, max-video-preview:-1\" \/>\n<link rel=\"canonical\" href=\"https:\/\/www.noticiasradioreflejos.com.ar\/2021\/las-ventas-minoristas-pyme-cayeron-02-interanual-en-agosto-empujadas-por-el-menor-poder-adquisitivo\/\" \/>\n<meta property=\"og:locale\" content=\"es_ES\" \/>\n<meta property=\"og:type\" content=\"article\" \/>\n<meta property=\"og:title\" content=\"Las ventas minoristas pyme cayeron 0,2% interanual en agosto empujadas por el menor poder adquisitivo - Noticias Radio Reflejos\" \/>\n<meta property=\"og:description\" content=\"Durante el mes de agosto, la actividad de las pymes comerciantes registr\u00f3 un descenso real del 0,2% frente al mismo mes del a\u00f1o anterior y una contracci\u00f3n del 2,7% respecto a julio, acumular un retroceso del 2,4% en los primeros ocho meses del a\u00f1o. La erosi\u00f3n de los ingresos disponibles por la suba de tarifas, [&hellip;]\" \/>\n<meta property=\"og:url\" content=\"https:\/\/www.noticiasradioreflejos.com.ar\/2021\/las-ventas-minoristas-pyme-cayeron-02-interanual-en-agosto-empujadas-por-el-menor-poder-adquisitivo\/\" \/>\n<meta property=\"og:site_name\" content=\"Noticias Radio Reflejos\" \/>\n<meta property=\"article:published_time\" content=\"2026-09-06T14:25:56+00:00\" \/>\n<meta property=\"article:modified_time\" content=\"2026-09-06T14:26:35+00:00\" \/>\n<meta property=\"og:image\" content=\"https:\/\/www.noticiasradioreflejos.com.ar\/2021\/wp-content\/uploads\/2026\/09\/ventas-minoristas.png\" \/>\n\t<meta property=\"og:image:width\" content=\"739\" \/>\n\t<meta property=\"og:image:height\" content=\"415\" \/>\n\t<meta property=\"og:image:type\" content=\"image\/png\" \/>\n<meta name=\"author\" content=\"Arnaldo Botto\" \/>\n<meta name=\"twitter:card\" content=\"summary_large_image\" \/>\n<script type=\"application\/ld+json\" class=\"yoast-schema-graph\">{\"@context\":\"https:\/\/schema.org\",\"@graph\":[{\"@type\":\"WebPage\",\"@id\":\"https:\/\/www.noticiasradioreflejos.com.ar\/2021\/las-ventas-minoristas-pyme-cayeron-02-interanual-en-agosto-empujadas-por-el-menor-poder-adquisitivo\/\",\"url\":\"https:\/\/www.noticiasradioreflejos.com.ar\/2021\/las-ventas-minoristas-pyme-cayeron-02-interanual-en-agosto-empujadas-por-el-menor-poder-adquisitivo\/\",\"name\":\"Las ventas minoristas pyme cayeron 0,2% interanual en agosto empujadas por el menor poder adquisitivo - Noticias Radio Reflejos\",\"isPartOf\":{\"@id\":\"https:\/\/www.noticiasradioreflejos.com.ar\/2021\/#website\"},\"primaryImageOfPage\":{\"@id\":\"https:\/\/www.noticiasradioreflejos.com.ar\/2021\/las-ventas-minoristas-pyme-cayeron-02-interanual-en-agosto-empujadas-por-el-menor-poder-adquisitivo\/#primaryimage\"},\"image\":{\"@id\":\"https:\/\/www.noticiasradioreflejos.com.ar\/2021\/las-ventas-minoristas-pyme-cayeron-02-interanual-en-agosto-empujadas-por-el-menor-poder-adquisitivo\/#primaryimage\"},\"thumbnailUrl\":\"https:\/\/www.noticiasradioreflejos.com.ar\/2021\/wp-content\/uploads\/2026\/09\/ventas-minoristas.png\",\"datePublished\":\"2026-09-06T14:25:56+00:00\",\"dateModified\":\"2026-09-06T14:26:35+00:00\",\"author\":{\"@id\":\"https:\/\/www.noticiasradioreflejos.com.ar\/2021\/#\/schema\/person\/ad82545263dcc5ec0996818884fd5fb1\"},\"breadcrumb\":{\"@id\":\"https:\/\/www.noticiasradioreflejos.com.ar\/2021\/las-ventas-minoristas-pyme-cayeron-02-interanual-en-agosto-empujadas-por-el-menor-poder-adquisitivo\/#breadcrumb\"},\"inLanguage\":\"es\",\"potentialAction\":[{\"@type\":\"ReadAction\",\"target\":[\"https:\/\/www.noticiasradioreflejos.com.ar\/2021\/las-ventas-minoristas-pyme-cayeron-02-interanual-en-agosto-empujadas-por-el-menor-poder-adquisitivo\/\"]}]},{\"@type\":\"ImageObject\",\"inLanguage\":\"es\",\"@id\":\"https:\/\/www.noticiasradioreflejos.com.ar\/2021\/las-ventas-minoristas-pyme-cayeron-02-interanual-en-agosto-empujadas-por-el-menor-poder-adquisitivo\/#primaryimage\",\"url\":\"https:\/\/www.noticiasradioreflejos.com.ar\/2021\/wp-content\/uploads\/2026\/09\/ventas-minoristas.png\",\"contentUrl\":\"https:\/\/www.noticiasradioreflejos.com.ar\/2021\/wp-content\/uploads\/2026\/09\/ventas-minoristas.png\",\"width\":739,\"height\":415},{\"@type\":\"BreadcrumbList\",\"@id\":\"https:\/\/www.noticiasradioreflejos.com.ar\/2021\/las-ventas-minoristas-pyme-cayeron-02-interanual-en-agosto-empujadas-por-el-menor-poder-adquisitivo\/#breadcrumb\",\"itemListElement\":[{\"@type\":\"ListItem\",\"position\":1,\"name\":\"Portada\",\"item\":\"https:\/\/www.noticiasradioreflejos.com.ar\/2021\/\"},{\"@type\":\"ListItem\",\"position\":2,\"name\":\"Las ventas minoristas pyme cayeron 0,2% interanual en agosto empujadas por el menor poder adquisitivo\"}]},{\"@type\":\"WebSite\",\"@id\":\"https:\/\/www.noticiasradioreflejos.com.ar\/2021\/#website\",\"url\":\"https:\/\/www.noticiasradioreflejos.com.ar\/2021\/\",\"name\":\"Noticias Radio Reflejos\",\"description\":\"Las noticias de mi comarca\",\"potentialAction\":[{\"@type\":\"SearchAction\",\"target\":{\"@type\":\"EntryPoint\",\"urlTemplate\":\"https:\/\/www.noticiasradioreflejos.com.ar\/2021\/?s={search_term_string}\"},\"query-input\":{\"@type\":\"PropertyValueSpecification\",\"valueRequired\":true,\"valueName\":\"search_term_string\"}}],\"inLanguage\":\"es\"},{\"@type\":\"Person\",\"@id\":\"https:\/\/www.noticiasradioreflejos.com.ar\/2021\/#\/schema\/person\/ad82545263dcc5ec0996818884fd5fb1\",\"name\":\"Arnaldo Botto\",\"image\":{\"@type\":\"ImageObject\",\"inLanguage\":\"es\",\"@id\":\"https:\/\/www.noticiasradioreflejos.com.ar\/2021\/#\/schema\/person\/image\/\",\"url\":\"https:\/\/secure.gravatar.com\/avatar\/55cb5e37c1efa326397366e6974cb338056df65cb50e7d64d1cf314e87504837?s=96&d=mm&r=g\",\"contentUrl\":\"https:\/\/secure.gravatar.com\/avatar\/55cb5e37c1efa326397366e6974cb338056df65cb50e7d64d1cf314e87504837?s=96&d=mm&r=g\",\"caption\":\"Arnaldo Botto\"},\"url\":\"https:\/\/www.noticiasradioreflejos.com.ar\/2021\/author\/arnaldo\/\"}]}<\/script>\n<!-- \/ Yoast SEO plugin. -->","yoast_head_json":{"title":"Las ventas minoristas pyme cayeron 0,2% interanual en agosto empujadas por el menor poder adquisitivo - Noticias Radio Reflejos","robots":{"index":"index","follow":"follow","max-snippet":"max-snippet:-1","max-image-preview":"max-image-preview:large","max-video-preview":"max-video-preview:-1"},"canonical":"https:\/\/www.noticiasradioreflejos.com.ar\/2021\/las-ventas-minoristas-pyme-cayeron-02-interanual-en-agosto-empujadas-por-el-menor-poder-adquisitivo\/","og_locale":"es_ES","og_type":"article","og_title":"Las ventas minoristas pyme cayeron 0,2% interanual en agosto empujadas por el menor poder adquisitivo - Noticias Radio Reflejos","og_description":"Durante el mes de agosto, la actividad de las pymes comerciantes registr\u00f3 un descenso real del 0,2% frente al mismo mes del a\u00f1o anterior y una contracci\u00f3n del 2,7% respecto a julio, acumular un retroceso del 2,4% en los primeros ocho meses del a\u00f1o. La erosi\u00f3n de los ingresos disponibles por la suba de tarifas, [&hellip;]","og_url":"https:\/\/www.noticiasradioreflejos.com.ar\/2021\/las-ventas-minoristas-pyme-cayeron-02-interanual-en-agosto-empujadas-por-el-menor-poder-adquisitivo\/","og_site_name":"Noticias Radio Reflejos","article_published_time":"2026-09-06T14:25:56+00:00","article_modified_time":"2026-09-06T14:26:35+00:00","og_image":[{"width":739,"height":415,"url":"https:\/\/www.noticiasradioreflejos.com.ar\/2021\/wp-content\/uploads\/2026\/09\/ventas-minoristas.png","type":"image\/png"}],"author":"Arnaldo Botto","twitter_card":"summary_large_image","schema":{"@context":"https:\/\/schema.org","@graph":[{"@type":"WebPage","@id":"https:\/\/www.noticiasradioreflejos.com.ar\/2021\/las-ventas-minoristas-pyme-cayeron-02-interanual-en-agosto-empujadas-por-el-menor-poder-adquisitivo\/","url":"https:\/\/www.noticiasradioreflejos.com.ar\/2021\/las-ventas-minoristas-pyme-cayeron-02-interanual-en-agosto-empujadas-por-el-menor-poder-adquisitivo\/","name":"Las ventas minoristas pyme cayeron 0,2% interanual en agosto empujadas por el menor poder adquisitivo - Noticias Radio Reflejos","isPartOf":{"@id":"https:\/\/www.noticiasradioreflejos.com.ar\/2021\/#website"},"primaryImageOfPage":{"@id":"https:\/\/www.noticiasradioreflejos.com.ar\/2021\/las-ventas-minoristas-pyme-cayeron-02-interanual-en-agosto-empujadas-por-el-menor-poder-adquisitivo\/#primaryimage"},"image":{"@id":"https:\/\/www.noticiasradioreflejos.com.ar\/2021\/las-ventas-minoristas-pyme-cayeron-02-interanual-en-agosto-empujadas-por-el-menor-poder-adquisitivo\/#primaryimage"},"thumbnailUrl":"https:\/\/www.noticiasradioreflejos.com.ar\/2021\/wp-content\/uploads\/2026\/09\/ventas-minoristas.png","datePublished":"2026-09-06T14:25:56+00:00","dateModified":"2026-09-06T14:26:35+00:00","author":{"@id":"https:\/\/www.noticiasradioreflejos.com.ar\/2021\/#\/schema\/person\/ad82545263dcc5ec0996818884fd5fb1"},"breadcrumb":{"@id":"https:\/\/www.noticiasradioreflejos.com.ar\/2021\/las-ventas-minoristas-pyme-cayeron-02-interanual-en-agosto-empujadas-por-el-menor-poder-adquisitivo\/#breadcrumb"},"inLanguage":"es","potentialAction":[{"@type":"ReadAction","target":["https:\/\/www.noticiasradioreflejos.com.ar\/2021\/las-ventas-minoristas-pyme-cayeron-02-interanual-en-agosto-empujadas-por-el-menor-poder-adquisitivo\/"]}]},{"@type":"ImageObject","inLanguage":"es","@id":"https:\/\/www.noticiasradioreflejos.com.ar\/2021\/las-ventas-minoristas-pyme-cayeron-02-interanual-en-agosto-empujadas-por-el-menor-poder-adquisitivo\/#primaryimage","url":"https:\/\/www.noticiasradioreflejos.com.ar\/2021\/wp-content\/uploads\/2026\/09\/ventas-minoristas.png","contentUrl":"https:\/\/www.noticiasradioreflejos.com.ar\/2021\/wp-content\/uploads\/2026\/09\/ventas-minoristas.png","width":739,"height":415},{"@type":"BreadcrumbList","@id":"https:\/\/www.noticiasradioreflejos.com.ar\/2021\/las-ventas-minoristas-pyme-cayeron-02-interanual-en-agosto-empujadas-por-el-menor-poder-adquisitivo\/#breadcrumb","itemListElement":[{"@type":"ListItem","position":1,"name":"Portada","item":"https:\/\/www.noticiasradioreflejos.com.ar\/2021\/"},{"@type":"ListItem","position":2,"name":"Las ventas minoristas pyme cayeron 0,2% interanual en agosto empujadas por el menor poder adquisitivo"}]},{"@type":"WebSite","@id":"https:\/\/www.noticiasradioreflejos.com.ar\/2021\/#website","url":"https:\/\/www.noticiasradioreflejos.com.ar\/2021\/","name":"Noticias Radio Reflejos","description":"Las noticias de mi comarca","potentialAction":[{"@type":"SearchAction","target":{"@type":"EntryPoint","urlTemplate":"https:\/\/www.noticiasradioreflejos.com.ar\/2021\/?s={search_term_string}"},"query-input":{"@type":"PropertyValueSpecification","valueRequired":true,"valueName":"search_term_string"}}],"inLanguage":"es"},{"@type":"Person","@id":"https:\/\/www.noticiasradioreflejos.com.ar\/2021\/#\/schema\/person\/ad82545263dcc5ec0996818884fd5fb1","name":"Arnaldo Botto","image":{"@type":"ImageObject","inLanguage":"es","@id":"https:\/\/www.noticiasradioreflejos.com.ar\/2021\/#\/schema\/person\/image\/","url":"https:\/\/secure.gravatar.com\/avatar\/55cb5e37c1efa326397366e6974cb338056df65cb50e7d64d1cf314e87504837?s=96&d=mm&r=g","contentUrl":"https:\/\/secure.gravatar.com\/avatar\/55cb5e37c1efa326397366e6974cb338056df65cb50e7d64d1cf314e87504837?s=96&d=mm&r=g","caption":"Arnaldo Botto"},"url":"https:\/\/www.noticiasradioreflejos.com.ar\/2021\/author\/arnaldo\/"}]}},"_links":{"self":[{"href":"https:\/\/www.noticiasradioreflejos.com.ar\/2021\/wp-json\/wp\/v2\/posts\/143143","targetHints":{"allow":["GET"]}}],"collection":[{"href":"https:\/\/www.noticiasradioreflejos.com.ar\/2021\/wp-json\/wp\/v2\/posts"}],"about":[{"href":"https:\/\/www.noticiasradioreflejos.com.ar\/2021\/wp-json\/wp\/v2\/types\/post"}],"author":[{"embeddable":true,"href":"https:\/\/www.noticiasradioreflejos.com.ar\/2021\/wp-json\/wp\/v2\/users\/3"}],"replies":[{"embeddable":true,"href":"https:\/\/www.noticiasradioreflejos.com.ar\/2021\/wp-json\/wp\/v2\/comments?post=143143"}],"version-history":[{"count":1,"href":"https:\/\/www.noticiasradioreflejos.com.ar\/2021\/wp-json\/wp\/v2\/posts\/143143\/revisions"}],"predecessor-version":[{"id":143145,"href":"https:\/\/www.noticiasradioreflejos.com.ar\/2021\/wp-json\/wp\/v2\/posts\/143143\/revisions\/143145"}],"wp:featuredmedia":[{"embeddable":true,"href":"https:\/\/www.noticiasradioreflejos.com.ar\/2021\/wp-json\/wp\/v2\/media\/143144"}],"wp:attachment":[{"href":"https:\/\/www.noticiasradioreflejos.com.ar\/2021\/wp-json\/wp\/v2\/media?parent=143143"}],"wp:term":[{"taxonomy":"category","embeddable":true,"href":"https:\/\/www.noticiasradioreflejos.com.ar\/2021\/wp-json\/wp\/v2\/categories?post=143143"},{"taxonomy":"post_tag","embeddable":true,"href":"https:\/\/www.noticiasradioreflejos.com.ar\/2021\/wp-json\/wp\/v2\/tags?post=143143"}],"curies":[{"name":"wp","href":"https:\/\/api.w.org\/{rel}","templated":true}]}}