{"id":143123,"date":"2026-09-05T16:42:24","date_gmt":"2026-09-05T19:42:24","guid":{"rendered":"https:\/\/www.noticiasradioreflejos.com.ar\/2021\/?p=143123"},"modified":"2026-09-05T16:44:08","modified_gmt":"2026-09-05T19:44:08","slug":"143123-2","status":"publish","type":"post","link":"https:\/\/www.noticiasradioreflejos.com.ar\/2021\/143123-2\/","title":{"rendered":"Tal como anticip\u00f3 Radio Reflejos, la nieve regres\u00f3 a los cerros a d\u00edas de la primavera"},"content":{"rendered":"<p id=\"p-rc_a6252b87c9385388-28\" data-path-to-node=\"1\">Un vertiginoso descenso de la temperatura durante las primeras horas de este s\u00e1bado provoc\u00f3 precipitaciones en forma de nieve sobre las cotas m\u00e1s elevadas del cord\u00f3n serrano<b data-path-to-node=\"1\" data-index-in-node=\"0\">. <a href=\"https:\/\/www.noticiasradioreflejos.com.ar\/2021\/ola-de-frio-polar-en-la-comarca-de-ventania-anticipan-heladas-severas-fuertes-vientos-y-la-posibilidad-de-nieve\/\">Tal como lo hab\u00eda anticipado <i data-path-to-node=\"1\" data-index-in-node=\"204\">Noticias Radio Reflejos<\/i><\/a><\/b><b data-path-to-node=\"1\" data-index-in-node=\"0\">,<\/b> el fen\u00f3meno volvi\u00f3 a vestir de blanco el paisaje regional a pocos d\u00edas del inicio del \u00faltimo mes del invierno. <span class=\"citation-27\">Se prev\u00e9n heladas intensas y marcas bajo cero para el domingo.<\/span><!--more--><\/p>\n<p id=\"p-rc_a6252b87c9385388-29\" data-path-to-node=\"2\">La Comarca Serrana amaneci\u00f3 este s\u00e1bado 5 de septiembre bajo la influencia de una masa de aire helado que transform\u00f3 el paisaje caracter\u00edstico de la regi\u00f3n. <span class=\"citation-26 citation-end-26\">La persistente baja en los registros t\u00e9rmicos, combinada con precipitaciones en la zona, deriv\u00f3 en la ca\u00edda de nieve sobre los sectores m\u00e1s elevados, regalando una cl\u00e1sica postal invernal que cubri\u00f3 de blanco las cumbres de los cerros.<\/span><\/p>\n<p data-path-to-node=\"2\"><a href=\"https:\/\/www.noticiasradioreflejos.com.ar\/2021\/143123-2\/nieve-05-09\/\" rel=\"attachment wp-att-143125\"><img loading=\"lazy\" decoding=\"async\" class=\"aligncenter size-full wp-image-143125\" src=\"https:\/\/www.noticiasradioreflejos.com.ar\/2021\/wp-content\/uploads\/2026\/09\/nieve-05-09.jpg\" alt=\"\" width=\"1600\" height=\"1118\" srcset=\"https:\/\/www.noticiasradioreflejos.com.ar\/2021\/wp-content\/uploads\/2026\/09\/nieve-05-09.jpg 1600w, https:\/\/www.noticiasradioreflejos.com.ar\/2021\/wp-content\/uploads\/2026\/09\/nieve-05-09-300x210.jpg 300w, https:\/\/www.noticiasradioreflejos.com.ar\/2021\/wp-content\/uploads\/2026\/09\/nieve-05-09-1024x716.jpg 1024w, https:\/\/www.noticiasradioreflejos.com.ar\/2021\/wp-content\/uploads\/2026\/09\/nieve-05-09-768x537.jpg 768w, https:\/\/www.noticiasradioreflejos.com.ar\/2021\/wp-content\/uploads\/2026\/09\/nieve-05-09-1536x1073.jpg 1536w, https:\/\/www.noticiasradioreflejos.com.ar\/2021\/wp-content\/uploads\/2026\/09\/nieve-05-09-750x524.jpg 750w, https:\/\/www.noticiasradioreflejos.com.ar\/2021\/wp-content\/uploads\/2026\/09\/nieve-05-09-1140x797.jpg 1140w\" sizes=\"auto, (max-width: 1600px) 100vw, 1600px\" \/><\/a><\/p>\n<p data-path-to-node=\"3\">La llegada de este fen\u00f3meno meteorol\u00f3gico no tom\u00f3 por sorpresa a la comunidad: <a href=\"https:\/\/www.noticiasradioreflejos.com.ar\/2021\/ola-de-frio-polar-en-la-comarca-de-ventania-anticipan-heladas-severas-fuertes-vientos-y-la-posibilidad-de-nieve\/\">el equipo de <i data-path-to-node=\"3\" data-index-in-node=\"92\">Noticias Radio Reflejos<\/i> ya hab\u00eda anticipado la posibilidad de neviscas y nevadas en las altas cumbres producto de la irrupci\u00f3n de aire polar prevista para el fin de semana<\/a>. Aunque el calendario indica la inminente proximidad de la primavera, el invierno dio muestras de seguir plenamente vigente, ofreciendo un espect\u00e1culo visual que atrae tanto a vecinos como a visitantes de la comarca.<\/p>\n<h4 data-path-to-node=\"4\"><b data-path-to-node=\"4\" data-index-in-node=\"0\">Pron\u00f3stico para las pr\u00f3ximas horas: el fr\u00edo extremo se consolida<\/b><\/h4>\n<p data-path-to-node=\"5\">El escenario de bajas temperaturas se agudizar\u00e1 durante la jornada del domingo 6 de septiembre. El pron\u00f3stico oficial indica que las condiciones estrictamente invernales se mantendr\u00e1n sobre todo el distrito, con heladas matinales y un ambiente muy fr\u00edo a lo largo del d\u00eda.<\/p>\n<ul data-path-to-node=\"6\">\n<li>\n<p data-path-to-node=\"6,0,0\"><b data-path-to-node=\"6,0,0\" data-index-in-node=\"0\">M\u00ednimas estimadas:<\/b> Entre 2 \u00b0C y 3 \u00b0C bajo cero durante la madrugada y las primeras horas de la ma\u00f1ana.<\/p>\n<\/li>\n<li>\n<p data-path-to-node=\"6,1,0\"><b data-path-to-node=\"6,1,0\" data-index-in-node=\"0\">M\u00e1xima prevista:<\/b> No superar\u00e1 los 7 \u00b0C, condicionada por la escasa radiaci\u00f3n solar y la permanencia de la masa de aire fr\u00edo.<\/p>\n<\/li>\n<li>\n<p id=\"p-rc_a6252b87c9385388-30\" data-path-to-node=\"6,2,0\"><b data-path-to-node=\"6,2,0\" data-index-in-node=\"0\"><span class=\"citation-25 citation-end-25\">Recomendaciones:<\/span><\/b> <span class=\"citation-24 citation-end-24\">Se aconseja extremar las precauciones al transitar por las rutas de la regi\u00f3n debido a la posible formaci\u00f3n de hielo en la calzada, as\u00ed como tomar los resguardos necesarios frente a las bajas temperaturas persistentes.<\/span><\/p>\n<\/li>\n<\/ul>\n<p>&nbsp;<\/p>\n<p><em><strong>Fotos Gentileza: Roberto Gonzalez &#8211; Noticias Tornquist<\/strong><\/em><\/p>\n","protected":false},"excerpt":{"rendered":"<p>Un vertiginoso descenso de la temperatura durante las primeras horas de este s\u00e1bado provoc\u00f3 precipitaciones en forma de nieve sobre las cotas m\u00e1s elevadas del cord\u00f3n serrano. Tal como lo hab\u00eda anticipado Noticias Radio Reflejos, el fen\u00f3meno volvi\u00f3 a vestir de blanco el paisaje regional a pocos d\u00edas del inicio del \u00faltimo mes del invierno. [&hellip;]<\/p>\n","protected":false},"author":3,"featured_media":143124,"comment_status":"closed","ping_status":"closed","sticky":false,"template":"","format":"standard","meta":{"footnotes":""},"categories":[46,26],"tags":[48],"class_list":["post-143123","post","type-post","status-publish","format-standard","has-post-thumbnail","hentry","category-ciencia-y-tecnologia","category-sociedad","tag-destacada"],"yoast_head":"<!-- This site is optimized with the Yoast SEO plugin v25.9 - https:\/\/yoast.com\/wordpress\/plugins\/seo\/ -->\n<title>Tal como anticip\u00f3 Radio Reflejos, la nieve regres\u00f3 a los cerros a d\u00edas de la primavera - Noticias Radio Reflejos<\/title>\n<meta name=\"robots\" content=\"index, follow, max-snippet:-1, max-image-preview:large, max-video-preview:-1\" \/>\n<link rel=\"canonical\" href=\"https:\/\/www.noticiasradioreflejos.com.ar\/2021\/143123-2\/\" \/>\n<meta property=\"og:locale\" content=\"es_ES\" \/>\n<meta property=\"og:type\" content=\"article\" \/>\n<meta property=\"og:title\" content=\"Tal como anticip\u00f3 Radio Reflejos, la nieve regres\u00f3 a los cerros a d\u00edas de la primavera - Noticias Radio Reflejos\" \/>\n<meta property=\"og:description\" content=\"Un vertiginoso descenso de la temperatura durante las primeras horas de este s\u00e1bado provoc\u00f3 precipitaciones en forma de nieve sobre las cotas m\u00e1s elevadas del cord\u00f3n serrano. Tal como lo hab\u00eda anticipado Noticias Radio Reflejos, el fen\u00f3meno volvi\u00f3 a vestir de blanco el paisaje regional a pocos d\u00edas del inicio del \u00faltimo mes del invierno. [&hellip;]\" \/>\n<meta property=\"og:url\" content=\"https:\/\/www.noticiasradioreflejos.com.ar\/2021\/143123-2\/\" \/>\n<meta property=\"og:site_name\" content=\"Noticias Radio Reflejos\" \/>\n<meta property=\"article:published_time\" content=\"2026-09-05T19:42:24+00:00\" \/>\n<meta property=\"article:modified_time\" content=\"2026-09-05T19:44:08+00:00\" \/>\n<meta property=\"og:image\" content=\"https:\/\/www.noticiasradioreflejos.com.ar\/2021\/wp-content\/uploads\/2026\/09\/nieve-05-09-26.jpg\" \/>\n\t<meta property=\"og:image:width\" content=\"1600\" \/>\n\t<meta property=\"og:image:height\" content=\"1122\" \/>\n\t<meta property=\"og:image:type\" content=\"image\/jpeg\" \/>\n<meta name=\"author\" content=\"Arnaldo Botto\" \/>\n<meta name=\"twitter:card\" content=\"summary_large_image\" \/>\n<script type=\"application\/ld+json\" class=\"yoast-schema-graph\">{\"@context\":\"https:\/\/schema.org\",\"@graph\":[{\"@type\":\"WebPage\",\"@id\":\"https:\/\/www.noticiasradioreflejos.com.ar\/2021\/143123-2\/\",\"url\":\"https:\/\/www.noticiasradioreflejos.com.ar\/2021\/143123-2\/\",\"name\":\"Tal como anticip\u00f3 Radio Reflejos, la nieve regres\u00f3 a los cerros a d\u00edas de la primavera - Noticias Radio Reflejos\",\"isPartOf\":{\"@id\":\"https:\/\/www.noticiasradioreflejos.com.ar\/2021\/#website\"},\"primaryImageOfPage\":{\"@id\":\"https:\/\/www.noticiasradioreflejos.com.ar\/2021\/143123-2\/#primaryimage\"},\"image\":{\"@id\":\"https:\/\/www.noticiasradioreflejos.com.ar\/2021\/143123-2\/#primaryimage\"},\"thumbnailUrl\":\"https:\/\/www.noticiasradioreflejos.com.ar\/2021\/wp-content\/uploads\/2026\/09\/nieve-05-09-26.jpg\",\"datePublished\":\"2026-09-05T19:42:24+00:00\",\"dateModified\":\"2026-09-05T19:44:08+00:00\",\"author\":{\"@id\":\"https:\/\/www.noticiasradioreflejos.com.ar\/2021\/#\/schema\/person\/ad82545263dcc5ec0996818884fd5fb1\"},\"breadcrumb\":{\"@id\":\"https:\/\/www.noticiasradioreflejos.com.ar\/2021\/143123-2\/#breadcrumb\"},\"inLanguage\":\"es\",\"potentialAction\":[{\"@type\":\"ReadAction\",\"target\":[\"https:\/\/www.noticiasradioreflejos.com.ar\/2021\/143123-2\/\"]}]},{\"@type\":\"ImageObject\",\"inLanguage\":\"es\",\"@id\":\"https:\/\/www.noticiasradioreflejos.com.ar\/2021\/143123-2\/#primaryimage\",\"url\":\"https:\/\/www.noticiasradioreflejos.com.ar\/2021\/wp-content\/uploads\/2026\/09\/nieve-05-09-26.jpg\",\"contentUrl\":\"https:\/\/www.noticiasradioreflejos.com.ar\/2021\/wp-content\/uploads\/2026\/09\/nieve-05-09-26.jpg\",\"width\":1600,\"height\":1122},{\"@type\":\"BreadcrumbList\",\"@id\":\"https:\/\/www.noticiasradioreflejos.com.ar\/2021\/143123-2\/#breadcrumb\",\"itemListElement\":[{\"@type\":\"ListItem\",\"position\":1,\"name\":\"Portada\",\"item\":\"https:\/\/www.noticiasradioreflejos.com.ar\/2021\/\"},{\"@type\":\"ListItem\",\"position\":2,\"name\":\"Tal como anticip\u00f3 Radio Reflejos, la nieve regres\u00f3 a los cerros a d\u00edas de la primavera\"}]},{\"@type\":\"WebSite\",\"@id\":\"https:\/\/www.noticiasradioreflejos.com.ar\/2021\/#website\",\"url\":\"https:\/\/www.noticiasradioreflejos.com.ar\/2021\/\",\"name\":\"Noticias Radio Reflejos\",\"description\":\"Las noticias de mi comarca\",\"potentialAction\":[{\"@type\":\"SearchAction\",\"target\":{\"@type\":\"EntryPoint\",\"urlTemplate\":\"https:\/\/www.noticiasradioreflejos.com.ar\/2021\/?s={search_term_string}\"},\"query-input\":{\"@type\":\"PropertyValueSpecification\",\"valueRequired\":true,\"valueName\":\"search_term_string\"}}],\"inLanguage\":\"es\"},{\"@type\":\"Person\",\"@id\":\"https:\/\/www.noticiasradioreflejos.com.ar\/2021\/#\/schema\/person\/ad82545263dcc5ec0996818884fd5fb1\",\"name\":\"Arnaldo Botto\",\"image\":{\"@type\":\"ImageObject\",\"inLanguage\":\"es\",\"@id\":\"https:\/\/www.noticiasradioreflejos.com.ar\/2021\/#\/schema\/person\/image\/\",\"url\":\"https:\/\/secure.gravatar.com\/avatar\/55cb5e37c1efa326397366e6974cb338056df65cb50e7d64d1cf314e87504837?s=96&d=mm&r=g\",\"contentUrl\":\"https:\/\/secure.gravatar.com\/avatar\/55cb5e37c1efa326397366e6974cb338056df65cb50e7d64d1cf314e87504837?s=96&d=mm&r=g\",\"caption\":\"Arnaldo Botto\"},\"url\":\"https:\/\/www.noticiasradioreflejos.com.ar\/2021\/author\/arnaldo\/\"}]}<\/script>\n<!-- \/ Yoast SEO plugin. -->","yoast_head_json":{"title":"Tal como anticip\u00f3 Radio Reflejos, la nieve regres\u00f3 a los cerros a d\u00edas de la primavera - Noticias Radio Reflejos","robots":{"index":"index","follow":"follow","max-snippet":"max-snippet:-1","max-image-preview":"max-image-preview:large","max-video-preview":"max-video-preview:-1"},"canonical":"https:\/\/www.noticiasradioreflejos.com.ar\/2021\/143123-2\/","og_locale":"es_ES","og_type":"article","og_title":"Tal como anticip\u00f3 Radio Reflejos, la nieve regres\u00f3 a los cerros a d\u00edas de la primavera - Noticias Radio Reflejos","og_description":"Un vertiginoso descenso de la temperatura durante las primeras horas de este s\u00e1bado provoc\u00f3 precipitaciones en forma de nieve sobre las cotas m\u00e1s elevadas del cord\u00f3n serrano. Tal como lo hab\u00eda anticipado Noticias Radio Reflejos, el fen\u00f3meno volvi\u00f3 a vestir de blanco el paisaje regional a pocos d\u00edas del inicio del \u00faltimo mes del invierno. [&hellip;]","og_url":"https:\/\/www.noticiasradioreflejos.com.ar\/2021\/143123-2\/","og_site_name":"Noticias Radio Reflejos","article_published_time":"2026-09-05T19:42:24+00:00","article_modified_time":"2026-09-05T19:44:08+00:00","og_image":[{"width":1600,"height":1122,"url":"https:\/\/www.noticiasradioreflejos.com.ar\/2021\/wp-content\/uploads\/2026\/09\/nieve-05-09-26.jpg","type":"image\/jpeg"}],"author":"Arnaldo Botto","twitter_card":"summary_large_image","schema":{"@context":"https:\/\/schema.org","@graph":[{"@type":"WebPage","@id":"https:\/\/www.noticiasradioreflejos.com.ar\/2021\/143123-2\/","url":"https:\/\/www.noticiasradioreflejos.com.ar\/2021\/143123-2\/","name":"Tal como anticip\u00f3 Radio Reflejos, la nieve regres\u00f3 a los cerros a d\u00edas de la primavera - Noticias Radio Reflejos","isPartOf":{"@id":"https:\/\/www.noticiasradioreflejos.com.ar\/2021\/#website"},"primaryImageOfPage":{"@id":"https:\/\/www.noticiasradioreflejos.com.ar\/2021\/143123-2\/#primaryimage"},"image":{"@id":"https:\/\/www.noticiasradioreflejos.com.ar\/2021\/143123-2\/#primaryimage"},"thumbnailUrl":"https:\/\/www.noticiasradioreflejos.com.ar\/2021\/wp-content\/uploads\/2026\/09\/nieve-05-09-26.jpg","datePublished":"2026-09-05T19:42:24+00:00","dateModified":"2026-09-05T19:44:08+00:00","author":{"@id":"https:\/\/www.noticiasradioreflejos.com.ar\/2021\/#\/schema\/person\/ad82545263dcc5ec0996818884fd5fb1"},"breadcrumb":{"@id":"https:\/\/www.noticiasradioreflejos.com.ar\/2021\/143123-2\/#breadcrumb"},"inLanguage":"es","potentialAction":[{"@type":"ReadAction","target":["https:\/\/www.noticiasradioreflejos.com.ar\/2021\/143123-2\/"]}]},{"@type":"ImageObject","inLanguage":"es","@id":"https:\/\/www.noticiasradioreflejos.com.ar\/2021\/143123-2\/#primaryimage","url":"https:\/\/www.noticiasradioreflejos.com.ar\/2021\/wp-content\/uploads\/2026\/09\/nieve-05-09-26.jpg","contentUrl":"https:\/\/www.noticiasradioreflejos.com.ar\/2021\/wp-content\/uploads\/2026\/09\/nieve-05-09-26.jpg","width":1600,"height":1122},{"@type":"BreadcrumbList","@id":"https:\/\/www.noticiasradioreflejos.com.ar\/2021\/143123-2\/#breadcrumb","itemListElement":[{"@type":"ListItem","position":1,"name":"Portada","item":"https:\/\/www.noticiasradioreflejos.com.ar\/2021\/"},{"@type":"ListItem","position":2,"name":"Tal como anticip\u00f3 Radio Reflejos, la nieve regres\u00f3 a los cerros a d\u00edas de la primavera"}]},{"@type":"WebSite","@id":"https:\/\/www.noticiasradioreflejos.com.ar\/2021\/#website","url":"https:\/\/www.noticiasradioreflejos.com.ar\/2021\/","name":"Noticias Radio Reflejos","description":"Las noticias de mi comarca","potentialAction":[{"@type":"SearchAction","target":{"@type":"EntryPoint","urlTemplate":"https:\/\/www.noticiasradioreflejos.com.ar\/2021\/?s={search_term_string}"},"query-input":{"@type":"PropertyValueSpecification","valueRequired":true,"valueName":"search_term_string"}}],"inLanguage":"es"},{"@type":"Person","@id":"https:\/\/www.noticiasradioreflejos.com.ar\/2021\/#\/schema\/person\/ad82545263dcc5ec0996818884fd5fb1","name":"Arnaldo Botto","image":{"@type":"ImageObject","inLanguage":"es","@id":"https:\/\/www.noticiasradioreflejos.com.ar\/2021\/#\/schema\/person\/image\/","url":"https:\/\/secure.gravatar.com\/avatar\/55cb5e37c1efa326397366e6974cb338056df65cb50e7d64d1cf314e87504837?s=96&d=mm&r=g","contentUrl":"https:\/\/secure.gravatar.com\/avatar\/55cb5e37c1efa326397366e6974cb338056df65cb50e7d64d1cf314e87504837?s=96&d=mm&r=g","caption":"Arnaldo Botto"},"url":"https:\/\/www.noticiasradioreflejos.com.ar\/2021\/author\/arnaldo\/"}]}},"_links":{"self":[{"href":"https:\/\/www.noticiasradioreflejos.com.ar\/2021\/wp-json\/wp\/v2\/posts\/143123","targetHints":{"allow":["GET"]}}],"collection":[{"href":"https:\/\/www.noticiasradioreflejos.com.ar\/2021\/wp-json\/wp\/v2\/posts"}],"about":[{"href":"https:\/\/www.noticiasradioreflejos.com.ar\/2021\/wp-json\/wp\/v2\/types\/post"}],"author":[{"embeddable":true,"href":"https:\/\/www.noticiasradioreflejos.com.ar\/2021\/wp-json\/wp\/v2\/users\/3"}],"replies":[{"embeddable":true,"href":"https:\/\/www.noticiasradioreflejos.com.ar\/2021\/wp-json\/wp\/v2\/comments?post=143123"}],"version-history":[{"count":4,"href":"https:\/\/www.noticiasradioreflejos.com.ar\/2021\/wp-json\/wp\/v2\/posts\/143123\/revisions"}],"predecessor-version":[{"id":143129,"href":"https:\/\/www.noticiasradioreflejos.com.ar\/2021\/wp-json\/wp\/v2\/posts\/143123\/revisions\/143129"}],"wp:featuredmedia":[{"embeddable":true,"href":"https:\/\/www.noticiasradioreflejos.com.ar\/2021\/wp-json\/wp\/v2\/media\/143124"}],"wp:attachment":[{"href":"https:\/\/www.noticiasradioreflejos.com.ar\/2021\/wp-json\/wp\/v2\/media?parent=143123"}],"wp:term":[{"taxonomy":"category","embeddable":true,"href":"https:\/\/www.noticiasradioreflejos.com.ar\/2021\/wp-json\/wp\/v2\/categories?post=143123"},{"taxonomy":"post_tag","embeddable":true,"href":"https:\/\/www.noticiasradioreflejos.com.ar\/2021\/wp-json\/wp\/v2\/tags?post=143123"}],"curies":[{"name":"wp","href":"https:\/\/api.w.org\/{rel}","templated":true}]}}