{"id":143113,"date":"2026-09-05T12:18:28","date_gmt":"2026-09-05T15:18:28","guid":{"rendered":"https:\/\/www.noticiasradioreflejos.com.ar\/2021\/?p=143113"},"modified":"2026-09-05T12:19:12","modified_gmt":"2026-09-05T15:19:12","slug":"cientificos-advierten-sobre-el-riesgo-de-un-aluvion-glaciar-en-el-chalten-y-exigen-un-plan-de-evacuacion-urgente","status":"publish","type":"post","link":"https:\/\/www.noticiasradioreflejos.com.ar\/2021\/cientificos-advierten-sobre-el-riesgo-de-un-aluvion-glaciar-en-el-chalten-y-exigen-un-plan-de-evacuacion-urgente\/","title":{"rendered":"Cient\u00edficos advierten sobre el riesgo de un aluvi\u00f3n glaciar en El Chalt\u00e9n y exigen un plan de evacuaci\u00f3n urgente"},"content":{"rendered":"<p data-path-to-node=\"2\">Investigadores del CONICET e instituciones universitarias advierten que un eventual colapso en la ladera del cerro Solo sobre la Laguna Torre podr\u00eda desencadenar una inundaci\u00f3n repentina (GLOF). Frente a un margen de respuesta estimado de entre 45 minutos y una hora, el Concejo Deliberante de la villa cordillerana reclama la implementaci\u00f3n inmediata de un protocolo integral de contingencia y sistemas de alerta temprana.<!--more--><\/p>\n<p data-path-to-node=\"4\">La dram\u00e1tica cat\u00e1strofe ocurrida en el Himalaya \u2014donde el desborde soplado de un lago glaciar caus\u00f3 m\u00e1s de un millar de v\u00edctimas fatales\u2014 ha encendido con renovada intensidad las alarmas en el extremo sur del continente americano. A 18.000 kil\u00f3metros de la frontera nepal\u00ed-china, la comunidad de El Chalt\u00e9n, reconocida internacionalmente como la capital argentina del senderismo, enfrenta una amenaza hidrometeorol\u00f3gica de origen glaciar.<\/p>\n<p data-path-to-node=\"5\">Aunque las dimensiones geogr\u00e1ficas de ambos escenarios difieren, la din\u00e1mica f\u00edsica subyacente es id\u00e9ntica: la desestabilizaci\u00f3n de pendientes rocosas como consecuencia del retroceso glaciar, su eventual colapso sobre cuerpos de agua encajonados y la consiguiente ruptura violenta de las barreras naturales que los sostienen.<\/p>\n<p data-path-to-node=\"5\"><a href=\"https:\/\/www.noticiasradioreflejos.com.ar\/2021\/cientificos-advierten-sobre-el-riesgo-de-un-aluvion-glaciar-en-el-chalten-y-exigen-un-plan-de-evacuacion-urgente\/xo264gxqrrha3m7hlmtirxhpva\/\" rel=\"attachment wp-att-143117\"><img loading=\"lazy\" decoding=\"async\" class=\"aligncenter size-full wp-image-143117\" src=\"https:\/\/www.noticiasradioreflejos.com.ar\/2021\/wp-content\/uploads\/2026\/09\/XO264GXQRRHA3M7HLMTIRXHPVA.avif\" alt=\"\" width=\"992\" height=\"744\" srcset=\"https:\/\/www.noticiasradioreflejos.com.ar\/2021\/wp-content\/uploads\/2026\/09\/XO264GXQRRHA3M7HLMTIRXHPVA.avif 992w, https:\/\/www.noticiasradioreflejos.com.ar\/2021\/wp-content\/uploads\/2026\/09\/XO264GXQRRHA3M7HLMTIRXHPVA-300x225.avif 300w, https:\/\/www.noticiasradioreflejos.com.ar\/2021\/wp-content\/uploads\/2026\/09\/XO264GXQRRHA3M7HLMTIRXHPVA-768x576.avif 768w, https:\/\/www.noticiasradioreflejos.com.ar\/2021\/wp-content\/uploads\/2026\/09\/XO264GXQRRHA3M7HLMTIRXHPVA-750x563.avif 750w\" sizes=\"auto, (max-width: 992px) 100vw, 992px\" \/><\/a><\/p>\n<h3 data-path-to-node=\"7\">La anatom\u00eda de una amenaza: el mecanismo GLOF en la cuenca del Fitz Roy<\/h3>\n<p data-path-to-node=\"8\">El foco de la preocupaci\u00f3n cient\u00edfica se concentra en la cuenca de la <b data-path-to-node=\"8\" data-index-in-node=\"70\">Laguna Torre<\/b>, ubicada a tan solo diez kil\u00f3metros de la localidad de El Chalt\u00e9n. En ese sector del Parque Nacional Los Glaciares, la ladera norte del <b data-path-to-node=\"8\" data-index-in-node=\"219\">cerro Solo<\/b> viene registrando se\u00f1ales contundentes de inestabilidad geot\u00e9cnica desde hace varios a\u00f1os.<\/p>\n<p>Este tipo de eventos es denominado t\u00e9cnicamente en la literatura cient\u00edfica como <b data-path-to-node=\"10\" data-index-in-node=\"81\">GLOF<\/b> (<i data-path-to-node=\"10\" data-index-in-node=\"87\">Glacial Lake Outburst Flood<\/i>, o inundaci\u00f3n por desborde de lago glaciar). De acuerdo con la investigadora Mariana Correas Gonz\u00e1lez, especialista del Instituto Argentino de Nivolog\u00eda, Glaciolog\u00eda y Ciencias Ambientales (IANIGLA-CONICET), el calentamiento del clima y el consecuente derretimiento del hielo han privado a las laderas monta\u00f1osas de su soporte estructural hist\u00f3rico.<\/p>\n<h3 data-path-to-node=\"12\">Diagn\u00f3stico cient\u00edfico: aceleraci\u00f3n de grietas y mayor volumen h\u00eddrico<\/h3>\n<p data-path-to-node=\"13\">La evidencia recabada por los equipos de investigaci\u00f3n arroja datos inquietantes que han sido presentados formalmente ante las autoridades locales:<\/p>\n<ul data-path-to-node=\"14\">\n<li>\n<p data-path-to-node=\"14,0,0\"><b data-path-to-node=\"14,0,0\" data-index-in-node=\"0\">Aceleraci\u00f3n del desplazamiento:<\/b> Los monitoreos realizados por la ge\u00f3loga Daniela Schmidt (IDEAN-UBA) revelan que la grieta estructural detectada en la ladera del cerro Solo se desplaz\u00f3 durante el \u00faltimo a\u00f1o en una magnitud equivalente a la registrada en los siete a\u00f1os previos combinados.<\/p>\n<\/li>\n<li>\n<p data-path-to-node=\"14,1,0\"><b data-path-to-node=\"14,1,0\" data-index-in-node=\"0\">Aumento del volumen h\u00eddrico:<\/b> La cuenca del glaciar Torre presenta un volumen de agua sustancialmente mayor al estimado en los modelos de 2018, debido a la formaci\u00f3n de un segundo cuerpo de agua derivado del derretimiento continuo.<\/p>\n<\/li>\n<li>\n<p data-path-to-node=\"14,2,0\"><b data-path-to-node=\"14,2,0\" data-index-in-node=\"0\">Limitaci\u00f3n del monitoreo actual:<\/b> La vigilancia del \u00e1rea depende prioritariamente de im\u00e1genes satelitales que se capturan cada tres o cuatro d\u00edas, un intervalo que impide detectar desprendimientos en tiempo real y responder de manera inmediata.<\/p>\n<\/li>\n<li><a href=\"https:\/\/www.noticiasradioreflejos.com.ar\/2021\/cientificos-advierten-sobre-el-riesgo-de-un-aluvion-glaciar-en-el-chalten-y-exigen-un-plan-de-evacuacion-urgente\/5xb64wqfffeshiw3k4vkcwpb7e\/\" rel=\"attachment wp-att-143115\"><img loading=\"lazy\" decoding=\"async\" class=\"aligncenter size-full wp-image-143115\" src=\"https:\/\/www.noticiasradioreflejos.com.ar\/2021\/wp-content\/uploads\/2026\/09\/5XB64WQFFFESHIW3K4VKCWPB7E.avif\" alt=\"\" width=\"992\" height=\"1777\" srcset=\"https:\/\/www.noticiasradioreflejos.com.ar\/2021\/wp-content\/uploads\/2026\/09\/5XB64WQFFFESHIW3K4VKCWPB7E.avif 992w, https:\/\/www.noticiasradioreflejos.com.ar\/2021\/wp-content\/uploads\/2026\/09\/5XB64WQFFFESHIW3K4VKCWPB7E-167x300.avif 167w, https:\/\/www.noticiasradioreflejos.com.ar\/2021\/wp-content\/uploads\/2026\/09\/5XB64WQFFFESHIW3K4VKCWPB7E-572x1024.avif 572w, https:\/\/www.noticiasradioreflejos.com.ar\/2021\/wp-content\/uploads\/2026\/09\/5XB64WQFFFESHIW3K4VKCWPB7E-768x1376.avif 768w, https:\/\/www.noticiasradioreflejos.com.ar\/2021\/wp-content\/uploads\/2026\/09\/5XB64WQFFFESHIW3K4VKCWPB7E-857x1536.avif 857w, https:\/\/www.noticiasradioreflejos.com.ar\/2021\/wp-content\/uploads\/2026\/09\/5XB64WQFFFESHIW3K4VKCWPB7E-750x1343.avif 750w\" sizes=\"auto, (max-width: 992px) 100vw, 992px\" \/><\/a><\/li>\n<\/ul>\n<h3 data-path-to-node=\"16\">Antecedentes hist\u00f3ricos en la regi\u00f3n<\/h3>\n<p data-path-to-node=\"17\">Las inundaciones s\u00fabitas no constituyen un fen\u00f3meno ajeno a la geolog\u00eda de la Patagonia austral. Trabajos cient\u00edficos publicados en <i data-path-to-node=\"17\" data-index-in-node=\"132\">Springer Nature<\/i> por los ge\u00f3logos Diego Winocur y Daniela Schmidt documentan la ocurrencia recurrente de paleoinundaciones y eventos hist\u00f3ricos en la regi\u00f3n:<\/p>\n<ul data-path-to-node=\"18\">\n<li>\n<p data-path-to-node=\"18,0,0\"><b data-path-to-node=\"18,0,0\" data-index-in-node=\"0\">1913 (Lago Piedras Blancas):<\/b> Descarga abrupta de hasta <b data-path-to-node=\"18,0,0\" data-index-in-node=\"55\">1,3 millones de metros c\u00fabicos<\/b> de agua por la cuenca del r\u00edo Blanco.<\/p>\n<\/li>\n<li>\n<p data-path-to-node=\"18,1,0\"><b data-path-to-node=\"18,1,0\" data-index-in-node=\"0\">1966\u20131968 (Lago Sucia):<\/b> Colapso h\u00eddrico que liber\u00f3 cerca de <b data-path-to-node=\"18,1,0\" data-index-in-node=\"60\">5 millones de metros c\u00fabicos<\/b>, alcanzando caudales pico de <b data-path-to-node=\"18,1,0\" data-index-in-node=\"118\">1.200 m\u00b3\/s<\/b>.<\/p>\n<\/li>\n<li>\n<p data-path-to-node=\"18,2,0\"><b data-path-to-node=\"18,2,0\" data-index-in-node=\"0\">Febrero de 2013 (Canal Upsala):<\/b> Desprendimiento masivo que colaps\u00f3 las estructuras de contenci\u00f3n del sector.<\/p>\n<\/li>\n<\/ul>\n<p><a href=\"https:\/\/www.noticiasradioreflejos.com.ar\/2021\/cientificos-advierten-sobre-el-riesgo-de-un-aluvion-glaciar-en-el-chalten-y-exigen-un-plan-de-evacuacion-urgente\/f4qduglezfhkrmoizgwzpeeji4\/\" rel=\"attachment wp-att-143116\"><img loading=\"lazy\" decoding=\"async\" class=\"aligncenter size-full wp-image-143116\" src=\"https:\/\/www.noticiasradioreflejos.com.ar\/2021\/wp-content\/uploads\/2026\/09\/F4QDUGLEZFHKRMOIZGWZPEEJI4.avif\" alt=\"\" width=\"992\" height=\"745\" srcset=\"https:\/\/www.noticiasradioreflejos.com.ar\/2021\/wp-content\/uploads\/2026\/09\/F4QDUGLEZFHKRMOIZGWZPEEJI4.avif 992w, https:\/\/www.noticiasradioreflejos.com.ar\/2021\/wp-content\/uploads\/2026\/09\/F4QDUGLEZFHKRMOIZGWZPEEJI4-300x225.avif 300w, https:\/\/www.noticiasradioreflejos.com.ar\/2021\/wp-content\/uploads\/2026\/09\/F4QDUGLEZFHKRMOIZGWZPEEJI4-768x577.avif 768w, https:\/\/www.noticiasradioreflejos.com.ar\/2021\/wp-content\/uploads\/2026\/09\/F4QDUGLEZFHKRMOIZGWZPEEJI4-750x563.avif 750w\" sizes=\"auto, (max-width: 992px) 100vw, 992px\" \/><\/a><\/p>\n<h3 data-path-to-node=\"20\">Infraestructura vulnerable y riesgo urbano<\/h3>\n<p data-path-to-node=\"21\">El paso de un flujo aluvial por el cauce del r\u00edo Fitz Roy amenazar\u00eda puntos neur\u00e1lgicos de la villa tur\u00edstica:<\/p>\n<table data-path-to-node=\"22\">\n<thead>\n<tr>\n<td><strong>Infraestructura Cr\u00edtica<\/strong><\/td>\n<td><strong>Impacto Estimado<\/strong><\/td>\n<td><strong>Riesgo Operativo<\/strong><\/td>\n<\/tr>\n<\/thead>\n<tbody>\n<tr>\n<td><span data-path-to-node=\"22,1,0,0\"><b data-path-to-node=\"22,1,0,0\" data-index-in-node=\"0\">Puente de Acceso sobre R\u00edo Fitz Roy<\/b><\/span><\/td>\n<td><span data-path-to-node=\"22,1,1,0\">Da\u00f1os estructurales o colapso<\/span><\/td>\n<td><span data-path-to-node=\"22,1,2,0\">Aislamiento vial de la localidad respecto a Santa Cruz<\/span><\/td>\n<\/tr>\n<tr>\n<td><span data-path-to-node=\"22,2,0,0\"><b data-path-to-node=\"22,2,0,0\" data-index-in-node=\"0\">Planta de Gas y Central El\u00e9ctrica<\/b><\/span><\/td>\n<td><span data-path-to-node=\"22,2,1,0\">Exposici\u00f3n por cercan\u00eda a la ribera<\/span><\/td>\n<td><span data-path-to-node=\"22,2,2,0\">Interrupci\u00f3n de servicios primarios en toda la poblaci\u00f3n<\/span><\/td>\n<\/tr>\n<tr>\n<td><span data-path-to-node=\"22,3,0,0\"><b data-path-to-node=\"22,3,0,0\" data-index-in-node=\"0\">Puesto Sanitario Local<\/b><\/span><\/td>\n<td><span data-path-to-node=\"22,3,1,0\">Afecci\u00f3n directa por inundaci\u00f3n<\/span><\/td>\n<td><span data-path-to-node=\"22,3,2,0\">Reducci\u00f3n dr\u00e1stica de la capacidad de respuesta m\u00e9dica<\/span><\/td>\n<\/tr>\n<tr>\n<td><span data-path-to-node=\"22,4,0,0\"><b data-path-to-node=\"22,4,0,0\" data-index-in-node=\"0\">Red de Senderos y Campamentos<\/b><\/span><\/td>\n<td><span data-path-to-node=\"22,4,1,0\">Inundaci\u00f3n masiva de tramos baja altura<\/span><\/td>\n<td><span data-path-to-node=\"22,4,2,0\">Riesgo vital para cientos de senderistas en temporada alta<\/span><\/td>\n<\/tr>\n<\/tbody>\n<\/table>\n<h3 data-path-to-node=\"24\">Exigencia institucional: Un protocolo de evacuaci\u00f3n en 45 minutos<\/h3>\n<p data-path-to-node=\"25\">Frente a la ventana de respuesta calculada de entre <b data-path-to-node=\"25\" data-index-in-node=\"52\">45 minutos y una hora<\/b>, el Concejo Deliberante de El Chalt\u00e9n impuso un fuerte reclamo a las autoridades provinciales y municipales. La concejal Elizabeth Romanelli enfatiz\u00f3 la urgencia de articular un plan de evacuaci\u00f3n integral antes del inicio de la temporada de mayor afluencia tur\u00edstica.<\/p>\n<p data-path-to-node=\"26\">Frente a este escenario, la investigadora Correas Gonz\u00e1lez delimit\u00f3 los <b data-path-to-node=\"26\" data-index-in-node=\"72\">cuatro ejes fundamentales<\/b> que debe contemplar el plan de contingencia:<\/p>\n<ol start=\"1\" data-path-to-node=\"27\">\n<li>\n<p data-path-to-node=\"27,0,0\"><b data-path-to-node=\"27,0,0\" data-index-in-node=\"0\">Monitoreo y Alerta Temprana:<\/b> Instalaci\u00f3n de sensores de nivel en el lago y en distintos puntos del r\u00edo para detectar variaciones repentinas de volumen y velocidad del flujo.<\/p>\n<\/li>\n<li>\n<p data-path-to-node=\"27,1,0\"><b data-path-to-node=\"27,1,0\" data-index-in-node=\"0\">Vigilancia \u00d3ptica Continua:<\/b> Implementaci\u00f3n de c\u00e1maras con transmisi\u00f3n en tiempo real hacia una central de control operativa las 24 horas.<\/p>\n<\/li>\n<li>\n<p data-path-to-node=\"27,2,0\"><b data-path-to-node=\"27,2,0\" data-index-in-node=\"0\">Capacidad Institucional de Respuesta:<\/b> Asignaci\u00f3n clara de funciones para la interrupci\u00f3n de servicios, reordenamiento del tr\u00e1nsito y evacuaci\u00f3n de escuelas, comercios y viviendas.<\/p>\n<\/li>\n<li>\n<p data-path-to-node=\"27,3,0\"><b data-path-to-node=\"27,3,0\" data-index-in-node=\"0\">Difusi\u00f3n y Capacitaci\u00f3n Comunitaria:<\/b> Campa\u00f1as educativas masivas para que tanto residentes como visitantes conozcan las v\u00edas de escape, la se\u00f1al\u00e9tica y las zonas de seguridad.<\/p>\n<\/li>\n<\/ol>\n<p data-path-to-node=\"28\">Si bien Parques Nacionales ya adopt\u00f3 medidas preventivas preliminares \u2014como la reubicaci\u00f3n del Campamento D\u2019Agostini y el trazado de nuevas sendas hacia la Laguna Torre\u2014, la comunidad cient\u00edfica y los representantes locales coinciden en que la preparaci\u00f3n preventiva no busca generar p\u00e1nico, sino garantizar una respuesta organizada capaz de salvar vidas frente a un fen\u00f3meno impredecible en su fecha de ocurrencia, pero inevitable en su din\u00e1mica f\u00edsica.<\/p>\n<p data-path-to-node=\"28\">\n<p data-path-to-node=\"28\">\n<p data-path-to-node=\"28\"><em><strong>Fuente Infobae<\/strong><\/em><\/p>\n","protected":false},"excerpt":{"rendered":"<p>Investigadores del CONICET e instituciones universitarias advierten que un eventual colapso en la ladera del cerro Solo sobre la Laguna Torre podr\u00eda desencadenar una inundaci\u00f3n repentina (GLOF). Frente a un margen de respuesta estimado de entre 45 minutos y una hora, el Concejo Deliberante de la villa cordillerana reclama la implementaci\u00f3n inmediata de un protocolo [&hellip;]<\/p>\n","protected":false},"author":3,"featured_media":143114,"comment_status":"closed","ping_status":"closed","sticky":false,"template":"","format":"standard","meta":{"footnotes":""},"categories":[46,26],"tags":[48],"class_list":["post-143113","post","type-post","status-publish","format-standard","has-post-thumbnail","hentry","category-ciencia-y-tecnologia","category-sociedad","tag-destacada"],"yoast_head":"<!-- This site is optimized with the Yoast SEO plugin v25.9 - https:\/\/yoast.com\/wordpress\/plugins\/seo\/ -->\n<title>Cient\u00edficos advierten sobre el riesgo de un aluvi\u00f3n glaciar en El Chalt\u00e9n y exigen un plan de evacuaci\u00f3n urgente - Noticias Radio Reflejos<\/title>\n<meta name=\"robots\" content=\"index, follow, max-snippet:-1, max-image-preview:large, max-video-preview:-1\" \/>\n<link rel=\"canonical\" href=\"https:\/\/www.noticiasradioreflejos.com.ar\/2021\/cientificos-advierten-sobre-el-riesgo-de-un-aluvion-glaciar-en-el-chalten-y-exigen-un-plan-de-evacuacion-urgente\/\" \/>\n<meta property=\"og:locale\" content=\"es_ES\" \/>\n<meta property=\"og:type\" content=\"article\" \/>\n<meta property=\"og:title\" content=\"Cient\u00edficos advierten sobre el riesgo de un aluvi\u00f3n glaciar en El Chalt\u00e9n y exigen un plan de evacuaci\u00f3n urgente - Noticias Radio Reflejos\" \/>\n<meta property=\"og:description\" content=\"Investigadores del CONICET e instituciones universitarias advierten que un eventual colapso en la ladera del cerro Solo sobre la Laguna Torre podr\u00eda desencadenar una inundaci\u00f3n repentina (GLOF). Frente a un margen de respuesta estimado de entre 45 minutos y una hora, el Concejo Deliberante de la villa cordillerana reclama la implementaci\u00f3n inmediata de un protocolo [&hellip;]\" \/>\n<meta property=\"og:url\" content=\"https:\/\/www.noticiasradioreflejos.com.ar\/2021\/cientificos-advierten-sobre-el-riesgo-de-un-aluvion-glaciar-en-el-chalten-y-exigen-un-plan-de-evacuacion-urgente\/\" \/>\n<meta property=\"og:site_name\" content=\"Noticias Radio Reflejos\" \/>\n<meta property=\"article:published_time\" content=\"2026-09-05T15:18:28+00:00\" \/>\n<meta property=\"article:modified_time\" content=\"2026-09-05T15:19:12+00:00\" \/>\n<meta property=\"og:image\" content=\"https:\/\/www.noticiasradioreflejos.com.ar\/2021\/wp-content\/uploads\/2021\/07\/logosol300x200.png\" \/>\n\t<meta property=\"og:image:width\" content=\"300\" \/>\n\t<meta property=\"og:image:height\" content=\"200\" \/>\n\t<meta property=\"og:image:type\" content=\"image\/png\" \/>\n<meta name=\"author\" content=\"Arnaldo Botto\" \/>\n<meta name=\"twitter:card\" content=\"summary_large_image\" \/>\n<script type=\"application\/ld+json\" class=\"yoast-schema-graph\">{\"@context\":\"https:\/\/schema.org\",\"@graph\":[{\"@type\":\"WebPage\",\"@id\":\"https:\/\/www.noticiasradioreflejos.com.ar\/2021\/cientificos-advierten-sobre-el-riesgo-de-un-aluvion-glaciar-en-el-chalten-y-exigen-un-plan-de-evacuacion-urgente\/\",\"url\":\"https:\/\/www.noticiasradioreflejos.com.ar\/2021\/cientificos-advierten-sobre-el-riesgo-de-un-aluvion-glaciar-en-el-chalten-y-exigen-un-plan-de-evacuacion-urgente\/\",\"name\":\"Cient\u00edficos advierten sobre el riesgo de un aluvi\u00f3n glaciar en El Chalt\u00e9n y exigen un plan de evacuaci\u00f3n urgente - Noticias Radio Reflejos\",\"isPartOf\":{\"@id\":\"https:\/\/www.noticiasradioreflejos.com.ar\/2021\/#website\"},\"primaryImageOfPage\":{\"@id\":\"https:\/\/www.noticiasradioreflejos.com.ar\/2021\/cientificos-advierten-sobre-el-riesgo-de-un-aluvion-glaciar-en-el-chalten-y-exigen-un-plan-de-evacuacion-urgente\/#primaryimage\"},\"image\":{\"@id\":\"https:\/\/www.noticiasradioreflejos.com.ar\/2021\/cientificos-advierten-sobre-el-riesgo-de-un-aluvion-glaciar-en-el-chalten-y-exigen-un-plan-de-evacuacion-urgente\/#primaryimage\"},\"thumbnailUrl\":\"https:\/\/www.noticiasradioreflejos.com.ar\/2021\/wp-content\/uploads\/2026\/09\/ZWKOMPBLCFCUFNS7AB7UOGM2LM.avif\",\"datePublished\":\"2026-09-05T15:18:28+00:00\",\"dateModified\":\"2026-09-05T15:19:12+00:00\",\"author\":{\"@id\":\"https:\/\/www.noticiasradioreflejos.com.ar\/2021\/#\/schema\/person\/ad82545263dcc5ec0996818884fd5fb1\"},\"breadcrumb\":{\"@id\":\"https:\/\/www.noticiasradioreflejos.com.ar\/2021\/cientificos-advierten-sobre-el-riesgo-de-un-aluvion-glaciar-en-el-chalten-y-exigen-un-plan-de-evacuacion-urgente\/#breadcrumb\"},\"inLanguage\":\"es\",\"potentialAction\":[{\"@type\":\"ReadAction\",\"target\":[\"https:\/\/www.noticiasradioreflejos.com.ar\/2021\/cientificos-advierten-sobre-el-riesgo-de-un-aluvion-glaciar-en-el-chalten-y-exigen-un-plan-de-evacuacion-urgente\/\"]}]},{\"@type\":\"ImageObject\",\"inLanguage\":\"es\",\"@id\":\"https:\/\/www.noticiasradioreflejos.com.ar\/2021\/cientificos-advierten-sobre-el-riesgo-de-un-aluvion-glaciar-en-el-chalten-y-exigen-un-plan-de-evacuacion-urgente\/#primaryimage\",\"url\":\"https:\/\/www.noticiasradioreflejos.com.ar\/2021\/wp-content\/uploads\/2026\/09\/ZWKOMPBLCFCUFNS7AB7UOGM2LM.avif\",\"contentUrl\":\"https:\/\/www.noticiasradioreflejos.com.ar\/2021\/wp-content\/uploads\/2026\/09\/ZWKOMPBLCFCUFNS7AB7UOGM2LM.avif\",\"width\":992,\"height\":628},{\"@type\":\"BreadcrumbList\",\"@id\":\"https:\/\/www.noticiasradioreflejos.com.ar\/2021\/cientificos-advierten-sobre-el-riesgo-de-un-aluvion-glaciar-en-el-chalten-y-exigen-un-plan-de-evacuacion-urgente\/#breadcrumb\",\"itemListElement\":[{\"@type\":\"ListItem\",\"position\":1,\"name\":\"Portada\",\"item\":\"https:\/\/www.noticiasradioreflejos.com.ar\/2021\/\"},{\"@type\":\"ListItem\",\"position\":2,\"name\":\"Cient\u00edficos advierten sobre el riesgo de un aluvi\u00f3n glaciar en El Chalt\u00e9n y exigen un plan de evacuaci\u00f3n urgente\"}]},{\"@type\":\"WebSite\",\"@id\":\"https:\/\/www.noticiasradioreflejos.com.ar\/2021\/#website\",\"url\":\"https:\/\/www.noticiasradioreflejos.com.ar\/2021\/\",\"name\":\"Noticias Radio Reflejos\",\"description\":\"Las noticias de mi comarca\",\"potentialAction\":[{\"@type\":\"SearchAction\",\"target\":{\"@type\":\"EntryPoint\",\"urlTemplate\":\"https:\/\/www.noticiasradioreflejos.com.ar\/2021\/?s={search_term_string}\"},\"query-input\":{\"@type\":\"PropertyValueSpecification\",\"valueRequired\":true,\"valueName\":\"search_term_string\"}}],\"inLanguage\":\"es\"},{\"@type\":\"Person\",\"@id\":\"https:\/\/www.noticiasradioreflejos.com.ar\/2021\/#\/schema\/person\/ad82545263dcc5ec0996818884fd5fb1\",\"name\":\"Arnaldo Botto\",\"image\":{\"@type\":\"ImageObject\",\"inLanguage\":\"es\",\"@id\":\"https:\/\/www.noticiasradioreflejos.com.ar\/2021\/#\/schema\/person\/image\/\",\"url\":\"https:\/\/secure.gravatar.com\/avatar\/55cb5e37c1efa326397366e6974cb338056df65cb50e7d64d1cf314e87504837?s=96&d=mm&r=g\",\"contentUrl\":\"https:\/\/secure.gravatar.com\/avatar\/55cb5e37c1efa326397366e6974cb338056df65cb50e7d64d1cf314e87504837?s=96&d=mm&r=g\",\"caption\":\"Arnaldo Botto\"},\"url\":\"https:\/\/www.noticiasradioreflejos.com.ar\/2021\/author\/arnaldo\/\"}]}<\/script>\n<!-- \/ Yoast SEO plugin. -->","yoast_head_json":{"title":"Cient\u00edficos advierten sobre el riesgo de un aluvi\u00f3n glaciar en El Chalt\u00e9n y exigen un plan de evacuaci\u00f3n urgente - Noticias Radio Reflejos","robots":{"index":"index","follow":"follow","max-snippet":"max-snippet:-1","max-image-preview":"max-image-preview:large","max-video-preview":"max-video-preview:-1"},"canonical":"https:\/\/www.noticiasradioreflejos.com.ar\/2021\/cientificos-advierten-sobre-el-riesgo-de-un-aluvion-glaciar-en-el-chalten-y-exigen-un-plan-de-evacuacion-urgente\/","og_locale":"es_ES","og_type":"article","og_title":"Cient\u00edficos advierten sobre el riesgo de un aluvi\u00f3n glaciar en El Chalt\u00e9n y exigen un plan de evacuaci\u00f3n urgente - Noticias Radio Reflejos","og_description":"Investigadores del CONICET e instituciones universitarias advierten que un eventual colapso en la ladera del cerro Solo sobre la Laguna Torre podr\u00eda desencadenar una inundaci\u00f3n repentina (GLOF). Frente a un margen de respuesta estimado de entre 45 minutos y una hora, el Concejo Deliberante de la villa cordillerana reclama la implementaci\u00f3n inmediata de un protocolo [&hellip;]","og_url":"https:\/\/www.noticiasradioreflejos.com.ar\/2021\/cientificos-advierten-sobre-el-riesgo-de-un-aluvion-glaciar-en-el-chalten-y-exigen-un-plan-de-evacuacion-urgente\/","og_site_name":"Noticias Radio Reflejos","article_published_time":"2026-09-05T15:18:28+00:00","article_modified_time":"2026-09-05T15:19:12+00:00","og_image":[{"width":300,"height":200,"url":"https:\/\/www.noticiasradioreflejos.com.ar\/2021\/wp-content\/uploads\/2021\/07\/logosol300x200.png","type":"image\/png"}],"author":"Arnaldo Botto","twitter_card":"summary_large_image","schema":{"@context":"https:\/\/schema.org","@graph":[{"@type":"WebPage","@id":"https:\/\/www.noticiasradioreflejos.com.ar\/2021\/cientificos-advierten-sobre-el-riesgo-de-un-aluvion-glaciar-en-el-chalten-y-exigen-un-plan-de-evacuacion-urgente\/","url":"https:\/\/www.noticiasradioreflejos.com.ar\/2021\/cientificos-advierten-sobre-el-riesgo-de-un-aluvion-glaciar-en-el-chalten-y-exigen-un-plan-de-evacuacion-urgente\/","name":"Cient\u00edficos advierten sobre el riesgo de un aluvi\u00f3n glaciar en El Chalt\u00e9n y exigen un plan de evacuaci\u00f3n urgente - Noticias Radio Reflejos","isPartOf":{"@id":"https:\/\/www.noticiasradioreflejos.com.ar\/2021\/#website"},"primaryImageOfPage":{"@id":"https:\/\/www.noticiasradioreflejos.com.ar\/2021\/cientificos-advierten-sobre-el-riesgo-de-un-aluvion-glaciar-en-el-chalten-y-exigen-un-plan-de-evacuacion-urgente\/#primaryimage"},"image":{"@id":"https:\/\/www.noticiasradioreflejos.com.ar\/2021\/cientificos-advierten-sobre-el-riesgo-de-un-aluvion-glaciar-en-el-chalten-y-exigen-un-plan-de-evacuacion-urgente\/#primaryimage"},"thumbnailUrl":"https:\/\/www.noticiasradioreflejos.com.ar\/2021\/wp-content\/uploads\/2026\/09\/ZWKOMPBLCFCUFNS7AB7UOGM2LM.avif","datePublished":"2026-09-05T15:18:28+00:00","dateModified":"2026-09-05T15:19:12+00:00","author":{"@id":"https:\/\/www.noticiasradioreflejos.com.ar\/2021\/#\/schema\/person\/ad82545263dcc5ec0996818884fd5fb1"},"breadcrumb":{"@id":"https:\/\/www.noticiasradioreflejos.com.ar\/2021\/cientificos-advierten-sobre-el-riesgo-de-un-aluvion-glaciar-en-el-chalten-y-exigen-un-plan-de-evacuacion-urgente\/#breadcrumb"},"inLanguage":"es","potentialAction":[{"@type":"ReadAction","target":["https:\/\/www.noticiasradioreflejos.com.ar\/2021\/cientificos-advierten-sobre-el-riesgo-de-un-aluvion-glaciar-en-el-chalten-y-exigen-un-plan-de-evacuacion-urgente\/"]}]},{"@type":"ImageObject","inLanguage":"es","@id":"https:\/\/www.noticiasradioreflejos.com.ar\/2021\/cientificos-advierten-sobre-el-riesgo-de-un-aluvion-glaciar-en-el-chalten-y-exigen-un-plan-de-evacuacion-urgente\/#primaryimage","url":"https:\/\/www.noticiasradioreflejos.com.ar\/2021\/wp-content\/uploads\/2026\/09\/ZWKOMPBLCFCUFNS7AB7UOGM2LM.avif","contentUrl":"https:\/\/www.noticiasradioreflejos.com.ar\/2021\/wp-content\/uploads\/2026\/09\/ZWKOMPBLCFCUFNS7AB7UOGM2LM.avif","width":992,"height":628},{"@type":"BreadcrumbList","@id":"https:\/\/www.noticiasradioreflejos.com.ar\/2021\/cientificos-advierten-sobre-el-riesgo-de-un-aluvion-glaciar-en-el-chalten-y-exigen-un-plan-de-evacuacion-urgente\/#breadcrumb","itemListElement":[{"@type":"ListItem","position":1,"name":"Portada","item":"https:\/\/www.noticiasradioreflejos.com.ar\/2021\/"},{"@type":"ListItem","position":2,"name":"Cient\u00edficos advierten sobre el riesgo de un aluvi\u00f3n glaciar en El Chalt\u00e9n y exigen un plan de evacuaci\u00f3n urgente"}]},{"@type":"WebSite","@id":"https:\/\/www.noticiasradioreflejos.com.ar\/2021\/#website","url":"https:\/\/www.noticiasradioreflejos.com.ar\/2021\/","name":"Noticias Radio Reflejos","description":"Las noticias de mi comarca","potentialAction":[{"@type":"SearchAction","target":{"@type":"EntryPoint","urlTemplate":"https:\/\/www.noticiasradioreflejos.com.ar\/2021\/?s={search_term_string}"},"query-input":{"@type":"PropertyValueSpecification","valueRequired":true,"valueName":"search_term_string"}}],"inLanguage":"es"},{"@type":"Person","@id":"https:\/\/www.noticiasradioreflejos.com.ar\/2021\/#\/schema\/person\/ad82545263dcc5ec0996818884fd5fb1","name":"Arnaldo Botto","image":{"@type":"ImageObject","inLanguage":"es","@id":"https:\/\/www.noticiasradioreflejos.com.ar\/2021\/#\/schema\/person\/image\/","url":"https:\/\/secure.gravatar.com\/avatar\/55cb5e37c1efa326397366e6974cb338056df65cb50e7d64d1cf314e87504837?s=96&d=mm&r=g","contentUrl":"https:\/\/secure.gravatar.com\/avatar\/55cb5e37c1efa326397366e6974cb338056df65cb50e7d64d1cf314e87504837?s=96&d=mm&r=g","caption":"Arnaldo Botto"},"url":"https:\/\/www.noticiasradioreflejos.com.ar\/2021\/author\/arnaldo\/"}]}},"_links":{"self":[{"href":"https:\/\/www.noticiasradioreflejos.com.ar\/2021\/wp-json\/wp\/v2\/posts\/143113","targetHints":{"allow":["GET"]}}],"collection":[{"href":"https:\/\/www.noticiasradioreflejos.com.ar\/2021\/wp-json\/wp\/v2\/posts"}],"about":[{"href":"https:\/\/www.noticiasradioreflejos.com.ar\/2021\/wp-json\/wp\/v2\/types\/post"}],"author":[{"embeddable":true,"href":"https:\/\/www.noticiasradioreflejos.com.ar\/2021\/wp-json\/wp\/v2\/users\/3"}],"replies":[{"embeddable":true,"href":"https:\/\/www.noticiasradioreflejos.com.ar\/2021\/wp-json\/wp\/v2\/comments?post=143113"}],"version-history":[{"count":4,"href":"https:\/\/www.noticiasradioreflejos.com.ar\/2021\/wp-json\/wp\/v2\/posts\/143113\/revisions"}],"predecessor-version":[{"id":143122,"href":"https:\/\/www.noticiasradioreflejos.com.ar\/2021\/wp-json\/wp\/v2\/posts\/143113\/revisions\/143122"}],"wp:featuredmedia":[{"embeddable":true,"href":"https:\/\/www.noticiasradioreflejos.com.ar\/2021\/wp-json\/wp\/v2\/media\/143114"}],"wp:attachment":[{"href":"https:\/\/www.noticiasradioreflejos.com.ar\/2021\/wp-json\/wp\/v2\/media?parent=143113"}],"wp:term":[{"taxonomy":"category","embeddable":true,"href":"https:\/\/www.noticiasradioreflejos.com.ar\/2021\/wp-json\/wp\/v2\/categories?post=143113"},{"taxonomy":"post_tag","embeddable":true,"href":"https:\/\/www.noticiasradioreflejos.com.ar\/2021\/wp-json\/wp\/v2\/tags?post=143113"}],"curies":[{"name":"wp","href":"https:\/\/api.w.org\/{rel}","templated":true}]}}