{"id":143110,"date":"2026-09-05T11:06:23","date_gmt":"2026-09-05T14:06:23","guid":{"rendered":"https:\/\/www.noticiasradioreflejos.com.ar\/2021\/?p=143110"},"modified":"2026-09-05T11:06:23","modified_gmt":"2026-09-05T14:06:23","slug":"la-cuestion-malvinas-llego-al-parlasur-tierra-del-fuego-no-puede-ser-moneda-de-cambio","status":"publish","type":"post","link":"https:\/\/www.noticiasradioreflejos.com.ar\/2021\/la-cuestion-malvinas-llego-al-parlasur-tierra-del-fuego-no-puede-ser-moneda-de-cambio\/","title":{"rendered":"La cuesti\u00f3n Malvinas lleg\u00f3 al Parlasur: \u201cTierra del Fuego no puede ser moneda de cambio\u201d"},"content":{"rendered":"<p>El parlamentario del Mercosur Alejandro Deanes cuestion\u00f3 el uso del reclamo por Malvinas para justificar acuerdos militares con potencias extranjeras y reclam\u00f3 una base naval \u201cgrande, moderna y 100% argentina\u201d.<!--more--><\/p>\n<div class=\"columns\" data-tadevel-template=\"web\/article-columns\">\n<div class=\"column-main\">\n<figure class=\"multimedia\" data-tadevel-template=\"web\/multimedia\" data-type=\"photo\">\n<div class=\"content\">\n<div class=\"sizer\" data-sizer=\"aspect-ratio\" data-tadevel-template=\"web\/aspect-ratio\"><\/div>\n<\/div>\n<\/figure>\n<div class=\"article-body\" data-tadevel-template=\"web\/article-body\">\n<div class=\"article-body-content\">\n<p>El parlamentario del Mercosur\u00a0<strong>Alejandro Deanes<\/strong>\u00a0cuestion\u00f3 el uso del reclamo por Malvinas para justificar acuerdos militares con potencias extranjeras y sostuvo que\u00a0<i>Tierra del Fuego \u201cno puede ser moneda de cambio\u201d.<\/i><\/p>\n<p>Deanes plante\u00f3 la necesidad de contar con una base naval \u201cgrande, moderna y 100% argentina\u201d, al tiempo que exigi\u00f3 transparencia sobre el gasto p\u00fablico y los condicionamientos geopol\u00edticos del Gobierno Nacional, seg\u00fan la informaci\u00f3n a la que accedi\u00f3 la\u00a0<strong>Agencia Noticias Argentinas.<\/strong><\/p>\n<p><i>\u201cMalvinas no es un discurso ni una herramienta pol\u00edtica; es parte de nuestra historia, de nuestra identidad y de nuestra provincia\u201d,<\/i>\u00a0asegur\u00f3 el parlamentario del Mercosur.<\/p>\n<p>En ese sentido, remarc\u00f3 que el proyecto original de la base naval, iniciado durante la gesti\u00f3n anterior, fue concebido como un desarrollo exclusivamente soberano y nacional para fortalecer la presencia argentina en el\u00a0<strong>Atl\u00e1ntico Sur y la Ant\u00e1rtida.<\/strong><\/p>\n<p><i>\u201cHasta 2023 era una base argentina. Luego de la visita de la general estadounidense Laura Richardson en abril de 2024, comenz\u00f3 a instalarse la idea de un desarrollo conjunto\u201d,\u00a0<\/i>afirm\u00f3 Deanes.<\/p>\n<p>El parlamentario advirti\u00f3 adem\u00e1s sobre las implicancias que, a su entender, tendr\u00eda la participaci\u00f3n extranjera en un proyecto ubicado en una zona estrat\u00e9gica.<\/p>\n<p><i>\u201cNadie invierte recursos, instala tecnolog\u00eda y despliega capacidades en una zona tan estrat\u00e9gica para despu\u00e9s decir \u2018gracias\u2019 e irse. En geopol\u00edtica, las decisiones estrat\u00e9gicas nunca son gratis\u201d<\/i>, enfatiz\u00f3.<\/p>\n<p>Agencia NA.<\/p>\n<\/div>\n<\/div>\n<\/div>\n<\/div>\n","protected":false},"excerpt":{"rendered":"<p>El parlamentario del Mercosur Alejandro Deanes cuestion\u00f3 el uso del reclamo por Malvinas para justificar acuerdos militares con potencias extranjeras y reclam\u00f3 una base naval \u201cgrande, moderna y 100% argentina\u201d.<\/p>\n","protected":false},"author":3,"featured_media":143111,"comment_status":"closed","ping_status":"closed","sticky":false,"template":"","format":"standard","meta":{"footnotes":""},"categories":[24],"tags":[],"class_list":["post-143110","post","type-post","status-publish","format-standard","has-post-thumbnail","hentry","category-politica"],"yoast_head":"<!-- This site is optimized with the Yoast SEO plugin v25.9 - https:\/\/yoast.com\/wordpress\/plugins\/seo\/ -->\n<title>La cuesti\u00f3n Malvinas lleg\u00f3 al Parlasur: \u201cTierra del Fuego no puede ser moneda de cambio\u201d - Noticias Radio Reflejos<\/title>\n<meta name=\"robots\" content=\"index, follow, max-snippet:-1, max-image-preview:large, max-video-preview:-1\" \/>\n<link rel=\"canonical\" href=\"https:\/\/www.noticiasradioreflejos.com.ar\/2021\/la-cuestion-malvinas-llego-al-parlasur-tierra-del-fuego-no-puede-ser-moneda-de-cambio\/\" \/>\n<meta property=\"og:locale\" content=\"es_ES\" \/>\n<meta property=\"og:type\" content=\"article\" \/>\n<meta property=\"og:title\" content=\"La cuesti\u00f3n Malvinas lleg\u00f3 al Parlasur: \u201cTierra del Fuego no puede ser moneda de cambio\u201d - Noticias Radio Reflejos\" \/>\n<meta property=\"og:description\" content=\"El parlamentario del Mercosur Alejandro Deanes cuestion\u00f3 el uso del reclamo por Malvinas para justificar acuerdos militares con potencias extranjeras y reclam\u00f3 una base naval \u201cgrande, moderna y 100% argentina\u201d.\" \/>\n<meta property=\"og:url\" content=\"https:\/\/www.noticiasradioreflejos.com.ar\/2021\/la-cuestion-malvinas-llego-al-parlasur-tierra-del-fuego-no-puede-ser-moneda-de-cambio\/\" \/>\n<meta property=\"og:site_name\" content=\"Noticias Radio Reflejos\" \/>\n<meta property=\"article:published_time\" content=\"2026-09-05T14:06:23+00:00\" \/>\n<meta property=\"og:image\" content=\"https:\/\/www.noticiasradioreflejos.com.ar\/2021\/wp-content\/uploads\/2021\/07\/logosol300x200.png\" \/>\n\t<meta property=\"og:image:width\" content=\"300\" \/>\n\t<meta property=\"og:image:height\" content=\"200\" \/>\n\t<meta property=\"og:image:type\" content=\"image\/png\" \/>\n<meta name=\"author\" content=\"Arnaldo Botto\" \/>\n<meta name=\"twitter:card\" content=\"summary_large_image\" \/>\n<script type=\"application\/ld+json\" class=\"yoast-schema-graph\">{\"@context\":\"https:\/\/schema.org\",\"@graph\":[{\"@type\":\"WebPage\",\"@id\":\"https:\/\/www.noticiasradioreflejos.com.ar\/2021\/la-cuestion-malvinas-llego-al-parlasur-tierra-del-fuego-no-puede-ser-moneda-de-cambio\/\",\"url\":\"https:\/\/www.noticiasradioreflejos.com.ar\/2021\/la-cuestion-malvinas-llego-al-parlasur-tierra-del-fuego-no-puede-ser-moneda-de-cambio\/\",\"name\":\"La cuesti\u00f3n Malvinas lleg\u00f3 al Parlasur: \u201cTierra del Fuego no puede ser moneda de cambio\u201d - Noticias Radio Reflejos\",\"isPartOf\":{\"@id\":\"https:\/\/www.noticiasradioreflejos.com.ar\/2021\/#website\"},\"primaryImageOfPage\":{\"@id\":\"https:\/\/www.noticiasradioreflejos.com.ar\/2021\/la-cuestion-malvinas-llego-al-parlasur-tierra-del-fuego-no-puede-ser-moneda-de-cambio\/#primaryimage\"},\"image\":{\"@id\":\"https:\/\/www.noticiasradioreflejos.com.ar\/2021\/la-cuestion-malvinas-llego-al-parlasur-tierra-del-fuego-no-puede-ser-moneda-de-cambio\/#primaryimage\"},\"thumbnailUrl\":\"https:\/\/www.noticiasradioreflejos.com.ar\/2021\/wp-content\/uploads\/2026\/09\/tierra-del-fuego.avif\",\"datePublished\":\"2026-09-05T14:06:23+00:00\",\"author\":{\"@id\":\"https:\/\/www.noticiasradioreflejos.com.ar\/2021\/#\/schema\/person\/ad82545263dcc5ec0996818884fd5fb1\"},\"breadcrumb\":{\"@id\":\"https:\/\/www.noticiasradioreflejos.com.ar\/2021\/la-cuestion-malvinas-llego-al-parlasur-tierra-del-fuego-no-puede-ser-moneda-de-cambio\/#breadcrumb\"},\"inLanguage\":\"es\",\"potentialAction\":[{\"@type\":\"ReadAction\",\"target\":[\"https:\/\/www.noticiasradioreflejos.com.ar\/2021\/la-cuestion-malvinas-llego-al-parlasur-tierra-del-fuego-no-puede-ser-moneda-de-cambio\/\"]}]},{\"@type\":\"ImageObject\",\"inLanguage\":\"es\",\"@id\":\"https:\/\/www.noticiasradioreflejos.com.ar\/2021\/la-cuestion-malvinas-llego-al-parlasur-tierra-del-fuego-no-puede-ser-moneda-de-cambio\/#primaryimage\",\"url\":\"https:\/\/www.noticiasradioreflejos.com.ar\/2021\/wp-content\/uploads\/2026\/09\/tierra-del-fuego.avif\",\"contentUrl\":\"https:\/\/www.noticiasradioreflejos.com.ar\/2021\/wp-content\/uploads\/2026\/09\/tierra-del-fuego.avif\",\"width\":687,\"height\":540},{\"@type\":\"BreadcrumbList\",\"@id\":\"https:\/\/www.noticiasradioreflejos.com.ar\/2021\/la-cuestion-malvinas-llego-al-parlasur-tierra-del-fuego-no-puede-ser-moneda-de-cambio\/#breadcrumb\",\"itemListElement\":[{\"@type\":\"ListItem\",\"position\":1,\"name\":\"Portada\",\"item\":\"https:\/\/www.noticiasradioreflejos.com.ar\/2021\/\"},{\"@type\":\"ListItem\",\"position\":2,\"name\":\"La cuesti\u00f3n Malvinas lleg\u00f3 al Parlasur: \u201cTierra del Fuego no puede ser moneda de cambio\u201d\"}]},{\"@type\":\"WebSite\",\"@id\":\"https:\/\/www.noticiasradioreflejos.com.ar\/2021\/#website\",\"url\":\"https:\/\/www.noticiasradioreflejos.com.ar\/2021\/\",\"name\":\"Noticias Radio Reflejos\",\"description\":\"Las noticias de mi comarca\",\"potentialAction\":[{\"@type\":\"SearchAction\",\"target\":{\"@type\":\"EntryPoint\",\"urlTemplate\":\"https:\/\/www.noticiasradioreflejos.com.ar\/2021\/?s={search_term_string}\"},\"query-input\":{\"@type\":\"PropertyValueSpecification\",\"valueRequired\":true,\"valueName\":\"search_term_string\"}}],\"inLanguage\":\"es\"},{\"@type\":\"Person\",\"@id\":\"https:\/\/www.noticiasradioreflejos.com.ar\/2021\/#\/schema\/person\/ad82545263dcc5ec0996818884fd5fb1\",\"name\":\"Arnaldo Botto\",\"image\":{\"@type\":\"ImageObject\",\"inLanguage\":\"es\",\"@id\":\"https:\/\/www.noticiasradioreflejos.com.ar\/2021\/#\/schema\/person\/image\/\",\"url\":\"https:\/\/secure.gravatar.com\/avatar\/55cb5e37c1efa326397366e6974cb338056df65cb50e7d64d1cf314e87504837?s=96&d=mm&r=g\",\"contentUrl\":\"https:\/\/secure.gravatar.com\/avatar\/55cb5e37c1efa326397366e6974cb338056df65cb50e7d64d1cf314e87504837?s=96&d=mm&r=g\",\"caption\":\"Arnaldo Botto\"},\"url\":\"https:\/\/www.noticiasradioreflejos.com.ar\/2021\/author\/arnaldo\/\"}]}<\/script>\n<!-- \/ Yoast SEO plugin. -->","yoast_head_json":{"title":"La cuesti\u00f3n Malvinas lleg\u00f3 al Parlasur: \u201cTierra del Fuego no puede ser moneda de cambio\u201d - Noticias Radio Reflejos","robots":{"index":"index","follow":"follow","max-snippet":"max-snippet:-1","max-image-preview":"max-image-preview:large","max-video-preview":"max-video-preview:-1"},"canonical":"https:\/\/www.noticiasradioreflejos.com.ar\/2021\/la-cuestion-malvinas-llego-al-parlasur-tierra-del-fuego-no-puede-ser-moneda-de-cambio\/","og_locale":"es_ES","og_type":"article","og_title":"La cuesti\u00f3n Malvinas lleg\u00f3 al Parlasur: \u201cTierra del Fuego no puede ser moneda de cambio\u201d - Noticias Radio Reflejos","og_description":"El parlamentario del Mercosur Alejandro Deanes cuestion\u00f3 el uso del reclamo por Malvinas para justificar acuerdos militares con potencias extranjeras y reclam\u00f3 una base naval \u201cgrande, moderna y 100% argentina\u201d.","og_url":"https:\/\/www.noticiasradioreflejos.com.ar\/2021\/la-cuestion-malvinas-llego-al-parlasur-tierra-del-fuego-no-puede-ser-moneda-de-cambio\/","og_site_name":"Noticias Radio Reflejos","article_published_time":"2026-09-05T14:06:23+00:00","og_image":[{"width":300,"height":200,"url":"https:\/\/www.noticiasradioreflejos.com.ar\/2021\/wp-content\/uploads\/2021\/07\/logosol300x200.png","type":"image\/png"}],"author":"Arnaldo Botto","twitter_card":"summary_large_image","schema":{"@context":"https:\/\/schema.org","@graph":[{"@type":"WebPage","@id":"https:\/\/www.noticiasradioreflejos.com.ar\/2021\/la-cuestion-malvinas-llego-al-parlasur-tierra-del-fuego-no-puede-ser-moneda-de-cambio\/","url":"https:\/\/www.noticiasradioreflejos.com.ar\/2021\/la-cuestion-malvinas-llego-al-parlasur-tierra-del-fuego-no-puede-ser-moneda-de-cambio\/","name":"La cuesti\u00f3n Malvinas lleg\u00f3 al Parlasur: \u201cTierra del Fuego no puede ser moneda de cambio\u201d - Noticias Radio Reflejos","isPartOf":{"@id":"https:\/\/www.noticiasradioreflejos.com.ar\/2021\/#website"},"primaryImageOfPage":{"@id":"https:\/\/www.noticiasradioreflejos.com.ar\/2021\/la-cuestion-malvinas-llego-al-parlasur-tierra-del-fuego-no-puede-ser-moneda-de-cambio\/#primaryimage"},"image":{"@id":"https:\/\/www.noticiasradioreflejos.com.ar\/2021\/la-cuestion-malvinas-llego-al-parlasur-tierra-del-fuego-no-puede-ser-moneda-de-cambio\/#primaryimage"},"thumbnailUrl":"https:\/\/www.noticiasradioreflejos.com.ar\/2021\/wp-content\/uploads\/2026\/09\/tierra-del-fuego.avif","datePublished":"2026-09-05T14:06:23+00:00","author":{"@id":"https:\/\/www.noticiasradioreflejos.com.ar\/2021\/#\/schema\/person\/ad82545263dcc5ec0996818884fd5fb1"},"breadcrumb":{"@id":"https:\/\/www.noticiasradioreflejos.com.ar\/2021\/la-cuestion-malvinas-llego-al-parlasur-tierra-del-fuego-no-puede-ser-moneda-de-cambio\/#breadcrumb"},"inLanguage":"es","potentialAction":[{"@type":"ReadAction","target":["https:\/\/www.noticiasradioreflejos.com.ar\/2021\/la-cuestion-malvinas-llego-al-parlasur-tierra-del-fuego-no-puede-ser-moneda-de-cambio\/"]}]},{"@type":"ImageObject","inLanguage":"es","@id":"https:\/\/www.noticiasradioreflejos.com.ar\/2021\/la-cuestion-malvinas-llego-al-parlasur-tierra-del-fuego-no-puede-ser-moneda-de-cambio\/#primaryimage","url":"https:\/\/www.noticiasradioreflejos.com.ar\/2021\/wp-content\/uploads\/2026\/09\/tierra-del-fuego.avif","contentUrl":"https:\/\/www.noticiasradioreflejos.com.ar\/2021\/wp-content\/uploads\/2026\/09\/tierra-del-fuego.avif","width":687,"height":540},{"@type":"BreadcrumbList","@id":"https:\/\/www.noticiasradioreflejos.com.ar\/2021\/la-cuestion-malvinas-llego-al-parlasur-tierra-del-fuego-no-puede-ser-moneda-de-cambio\/#breadcrumb","itemListElement":[{"@type":"ListItem","position":1,"name":"Portada","item":"https:\/\/www.noticiasradioreflejos.com.ar\/2021\/"},{"@type":"ListItem","position":2,"name":"La cuesti\u00f3n Malvinas lleg\u00f3 al Parlasur: \u201cTierra del Fuego no puede ser moneda de cambio\u201d"}]},{"@type":"WebSite","@id":"https:\/\/www.noticiasradioreflejos.com.ar\/2021\/#website","url":"https:\/\/www.noticiasradioreflejos.com.ar\/2021\/","name":"Noticias Radio Reflejos","description":"Las noticias de mi comarca","potentialAction":[{"@type":"SearchAction","target":{"@type":"EntryPoint","urlTemplate":"https:\/\/www.noticiasradioreflejos.com.ar\/2021\/?s={search_term_string}"},"query-input":{"@type":"PropertyValueSpecification","valueRequired":true,"valueName":"search_term_string"}}],"inLanguage":"es"},{"@type":"Person","@id":"https:\/\/www.noticiasradioreflejos.com.ar\/2021\/#\/schema\/person\/ad82545263dcc5ec0996818884fd5fb1","name":"Arnaldo Botto","image":{"@type":"ImageObject","inLanguage":"es","@id":"https:\/\/www.noticiasradioreflejos.com.ar\/2021\/#\/schema\/person\/image\/","url":"https:\/\/secure.gravatar.com\/avatar\/55cb5e37c1efa326397366e6974cb338056df65cb50e7d64d1cf314e87504837?s=96&d=mm&r=g","contentUrl":"https:\/\/secure.gravatar.com\/avatar\/55cb5e37c1efa326397366e6974cb338056df65cb50e7d64d1cf314e87504837?s=96&d=mm&r=g","caption":"Arnaldo Botto"},"url":"https:\/\/www.noticiasradioreflejos.com.ar\/2021\/author\/arnaldo\/"}]}},"_links":{"self":[{"href":"https:\/\/www.noticiasradioreflejos.com.ar\/2021\/wp-json\/wp\/v2\/posts\/143110","targetHints":{"allow":["GET"]}}],"collection":[{"href":"https:\/\/www.noticiasradioreflejos.com.ar\/2021\/wp-json\/wp\/v2\/posts"}],"about":[{"href":"https:\/\/www.noticiasradioreflejos.com.ar\/2021\/wp-json\/wp\/v2\/types\/post"}],"author":[{"embeddable":true,"href":"https:\/\/www.noticiasradioreflejos.com.ar\/2021\/wp-json\/wp\/v2\/users\/3"}],"replies":[{"embeddable":true,"href":"https:\/\/www.noticiasradioreflejos.com.ar\/2021\/wp-json\/wp\/v2\/comments?post=143110"}],"version-history":[{"count":1,"href":"https:\/\/www.noticiasradioreflejos.com.ar\/2021\/wp-json\/wp\/v2\/posts\/143110\/revisions"}],"predecessor-version":[{"id":143112,"href":"https:\/\/www.noticiasradioreflejos.com.ar\/2021\/wp-json\/wp\/v2\/posts\/143110\/revisions\/143112"}],"wp:featuredmedia":[{"embeddable":true,"href":"https:\/\/www.noticiasradioreflejos.com.ar\/2021\/wp-json\/wp\/v2\/media\/143111"}],"wp:attachment":[{"href":"https:\/\/www.noticiasradioreflejos.com.ar\/2021\/wp-json\/wp\/v2\/media?parent=143110"}],"wp:term":[{"taxonomy":"category","embeddable":true,"href":"https:\/\/www.noticiasradioreflejos.com.ar\/2021\/wp-json\/wp\/v2\/categories?post=143110"},{"taxonomy":"post_tag","embeddable":true,"href":"https:\/\/www.noticiasradioreflejos.com.ar\/2021\/wp-json\/wp\/v2\/tags?post=143110"}],"curies":[{"name":"wp","href":"https:\/\/api.w.org\/{rel}","templated":true}]}}