{"id":143108,"date":"2026-09-05T11:01:46","date_gmt":"2026-09-05T14:01:46","guid":{"rendered":"https:\/\/www.noticiasradioreflejos.com.ar\/2021\/?p=143108"},"modified":"2026-09-05T11:01:46","modified_gmt":"2026-09-05T14:01:46","slug":"cuales-son-las-7-habilidades-laborales-que-la-inteligencia-artificial-no-podra-reemplazar","status":"publish","type":"post","link":"https:\/\/www.noticiasradioreflejos.com.ar\/2021\/cuales-son-las-7-habilidades-laborales-que-la-inteligencia-artificial-no-podra-reemplazar\/","title":{"rendered":"\u00bfCu\u00e1les son las 7 habilidades laborales que la inteligencia artificial no podr\u00e1 reemplazar?"},"content":{"rendered":"<p>Una consultora de Recursos Humanos identific\u00f3 las competencias humanas clave que la IA no es capaz de replicar.<!--more--><\/p>\n<div class=\"columns\" data-tadevel-template=\"web\/article-columns\">\n<div class=\"column-main\">\n<figure class=\"multimedia\" data-tadevel-template=\"web\/multimedia\" data-type=\"photo\">\n<div class=\"content\">\n<div class=\"sizer\" data-sizer=\"aspect-ratio\" data-tadevel-template=\"web\/aspect-ratio\"><\/div>\n<\/div>\n<\/figure>\n<div class=\"article-body\" data-tadevel-template=\"web\/article-body\">\n<div class=\"article-body-content\">\n<p>Mientras\u00a0<strong>la\u00a0<\/strong><a href=\"https:\/\/noticiasargentinas.com\/interes-general\/instagram-limitara-el-alcance-de-perfiles-creados-con-inteligencia-artificial-que-no-lo-informen_a6a96c2071e20ad033b31efa8\"><strong>inteligencia artificial<\/strong><\/a><strong>\u00a0(IA) transforma de manera acelerada el mundo del trabajo\u00a0<\/strong>automatizando tareas, agilizando procesos y asumiendo funciones que hasta hace poco requer\u00edan exclusivamente de la intervenci\u00f3n humana,\u00a0<strong>a\u00fan quedan 7 habilidades laborales que dicha tecnolog\u00eda no va a poder reemplazar<\/strong>, de acuerdo a un an\u00e1lisis de la consultora Randstad.<\/p>\n<p><strong>Especialistas en reclutamiento y gesti\u00f3n del talento hallaron las competencias eminentemente humanas<\/strong> que requieren criterio, comprensi\u00f3n profunda del contexto, inteligencia emocional e interacci\u00f3n con otras personas, seg\u00fan pudo saber la Agencia Noticias Argentinas.<\/p>\n<p>Sobre esta realidad del mercado laboral, Andrea Avila, CEO de Randstad para Argentina, Chile, M\u00e9xico y Uruguay, afirm\u00f3: \u201c<i>La digitalizaci\u00f3n y la inteligencia artificial est\u00e1n transformando la manera en que trabajamos y las habilidades que necesitamos para desenvolvernos en el mercado laboral. Frente a este escenario,<strong>\u00a0el desaf\u00edo no pasa solamente por aprender a utilizar nuevas herramientas de tecnolog\u00eda, sino tambi\u00e9n por fortalecer aquellas capacidades que nos permiten aportar valor de una manera que la tecnolog\u00eda no puede replicar. \u00ab<\/strong><\/i><\/p>\n<p>En ese sentido, la CEO explic\u00f3 que\u00a0<i>\u00ab<strong>El desarrollo de habilidades humanas, en combinaci\u00f3n con las competencias digitales, ser\u00e1 cada vez m\u00e1s importante<\/strong>, tanto para impulsar el upskilling y la empleabilidad de las personas, como para desarrollar el talento que la transformaci\u00f3n de las organizaciones requiere\u201d.<\/i><\/p>\n<h4><strong>Cu\u00e1les son las 7 habilidades laborales que la IA no podr\u00e1 reemplazar<\/strong><\/h4>\n<h4><strong>1. Pensamiento cr\u00edtico<\/strong><\/h4>\n<p>La IA puede procesar grandes vol\u00famenes de informaci\u00f3n y generar respuestas en segundos, pero evaluar la calidad de esos resultados, identificar inconsistencias, interpretar el contexto y tomar decisiones adecuadas requiere criterio. El pensamiento cr\u00edtico permite cuestionar la informaci\u00f3n disponible, contrastar fuentes y determinar cu\u00e1ndo un dato o una respuesta de la IA es v\u00e1lida y cu\u00e1ndo necesita ser revisada.<\/p>\n<h4><strong>2. Empat\u00eda e inteligencia emocional<\/strong><\/h4>\n<p>Comprender las emociones y necesidades de otras personas y responder de manera adecuada son capacidades especialmente relevantes en trabajos que involucran la gesti\u00f3n de equipos y colaboradores o la interacci\u00f3n con clientes, socios y proveedores. La empat\u00eda permite construir v\u00ednculos de confianza, manejar situaciones interpersonales y desenvolverse con sensibilidad frente a diferentes perspectivas y contextos.<\/p>\n<h4><strong>3. Creatividad<\/strong><\/h4>\n<p>La IA puede generar textos, im\u00e1genes, ideas y alternativas a partir de grandes vol\u00famenes de informaci\u00f3n, pero la creatividad tambi\u00e9n implica formular preguntas nuevas, conectar conocimientos de diferentes \u00e1mbitos y encontrar soluciones originales frente a problemas que no tienen una respuesta predeterminada. La capacidad de explorar nuevas perspectivas y plantear caminos alternativos seguir\u00e1 siendo el principal motor de la innovaci\u00f3n en las organizaciones y sigue siendo un terreno en el que el talento humano se destaca por sobre la IA.<\/p>\n<h4><strong>4. Comunicaci\u00f3n<\/strong><\/h4>\n<p>Transmitir ideas con claridad, escuchar activamente, adaptar los mensajes a distintos interlocutores y construir acuerdos siguen siendo competencias centrales en cualquier organizaci\u00f3n. En un contexto donde cada vez m\u00e1s tareas pueden automatizarse, la capacidad de conectar personas, facilitar conversaciones y transformar informaci\u00f3n en conceptos claros cobra un valor diferencial.<\/p>\n<h4><strong>5. Adaptabilidad<\/strong><\/h4>\n<p>Las herramientas, procesos y formas de trabajar est\u00e1n evolucionando continuamente, al igual que el contexto en el que las organizaciones se mueven, haciendo de la incertidumbre un elemento permanente, por lo que la capacidad de adaptarse a nuevos escenarios, asumir cambios sobre la marcha y aprender nuevas maneras de hacer las cosas se convierte en un factor clave para mantenerse empleable. Los profesionales flexibles y abiertos al aprendizaje est\u00e1n mejor preparados y cuentan con mayores recursos para desenvolverse en entornos de incertidumbre y cambio.<\/p>\n<h4><strong>6. Colaboraci\u00f3n<\/strong><\/h4>\n<p>A\u00fan con la creciente incorporaci\u00f3n de IA, el trabajo sigue siendo cada vez m\u00e1s interdependiente y las organizaciones tienen estructuras m\u00e1s planas y matriciales y con dotaciones diversas, heterog\u00e9neas y distribuidas. En este escenario, las compa\u00f1\u00edas necesitan integrar personas, tecnolog\u00eda y conocimientos diversos para alcanzar sus objetivos. Colaborar, negociar, compartir conocimiento, tender puentes y construir consensos son competencias fundamentales para el funcionamiento de los equipos de trabajo.<\/p>\n<h4><strong>7. Aprendizaje continuo<\/strong><\/h4>\n<p>En un mundo donde los conocimientos, las herramientas y las metodolog\u00edas de trabajo evolucionan a un ritmo vertiginoso, la capacidad de seguir aprendiendo a lo largo de toda la vida se convierte en una ventaja competitiva. No se trata solamente de incorporar nuevas tecnolog\u00edas, sino de desarrollar la curiosidad y la disposici\u00f3n necesarias para actualizar conocimientos, adquirir nuevas competencias y responder a las profundas transformaciones del mundo del trabajo que est\u00e1n acortando radicalmente la vida \u00fatil de los conocimientos y habilidades laborales.<\/p>\n<p>Asimismo, \u00a0<i><strong>\u00abla capacidad para aprender, adaptarse y trabajar con la IA como aliada ser\u00e1 cada vez m\u00e1s determinante, tanto para el desarrollo profesional, como para mantener y fortalecer la empleabilidad a futuro<\/strong><\/i>\u201d, agregan desde Randstad.<\/p>\n<\/div>\n<\/div>\n<\/div>\n<\/div>\n","protected":false},"excerpt":{"rendered":"<p>Una consultora de Recursos Humanos identific\u00f3 las competencias humanas clave que la IA no es capaz de replicar.<\/p>\n","protected":false},"author":3,"featured_media":85232,"comment_status":"closed","ping_status":"closed","sticky":false,"template":"","format":"standard","meta":{"footnotes":""},"categories":[46,26],"tags":[],"class_list":["post-143108","post","type-post","status-publish","format-standard","has-post-thumbnail","hentry","category-ciencia-y-tecnologia","category-sociedad"],"yoast_head":"<!-- This site is optimized with the Yoast SEO plugin v25.9 - https:\/\/yoast.com\/wordpress\/plugins\/seo\/ -->\n<title>\u00bfCu\u00e1les son las 7 habilidades laborales que la inteligencia artificial no podr\u00e1 reemplazar? - Noticias Radio Reflejos<\/title>\n<meta name=\"robots\" content=\"index, follow, max-snippet:-1, max-image-preview:large, max-video-preview:-1\" \/>\n<link rel=\"canonical\" href=\"https:\/\/www.noticiasradioreflejos.com.ar\/2021\/cuales-son-las-7-habilidades-laborales-que-la-inteligencia-artificial-no-podra-reemplazar\/\" \/>\n<meta property=\"og:locale\" content=\"es_ES\" \/>\n<meta property=\"og:type\" content=\"article\" \/>\n<meta property=\"og:title\" content=\"\u00bfCu\u00e1les son las 7 habilidades laborales que la inteligencia artificial no podr\u00e1 reemplazar? - Noticias Radio Reflejos\" \/>\n<meta property=\"og:description\" content=\"Una consultora de Recursos Humanos identific\u00f3 las competencias humanas clave que la IA no es capaz de replicar.\" \/>\n<meta property=\"og:url\" content=\"https:\/\/www.noticiasradioreflejos.com.ar\/2021\/cuales-son-las-7-habilidades-laborales-que-la-inteligencia-artificial-no-podra-reemplazar\/\" \/>\n<meta property=\"og:site_name\" content=\"Noticias Radio Reflejos\" \/>\n<meta property=\"article:published_time\" content=\"2026-09-05T14:01:46+00:00\" \/>\n<meta property=\"og:image\" content=\"https:\/\/www.noticiasradioreflejos.com.ar\/2021\/wp-content\/uploads\/2023\/03\/IA-1.jpg\" \/>\n\t<meta property=\"og:image:width\" content=\"1275\" \/>\n\t<meta property=\"og:image:height\" content=\"677\" \/>\n\t<meta property=\"og:image:type\" content=\"image\/jpeg\" \/>\n<meta name=\"author\" content=\"Arnaldo Botto\" \/>\n<meta name=\"twitter:card\" content=\"summary_large_image\" \/>\n<script type=\"application\/ld+json\" class=\"yoast-schema-graph\">{\"@context\":\"https:\/\/schema.org\",\"@graph\":[{\"@type\":\"WebPage\",\"@id\":\"https:\/\/www.noticiasradioreflejos.com.ar\/2021\/cuales-son-las-7-habilidades-laborales-que-la-inteligencia-artificial-no-podra-reemplazar\/\",\"url\":\"https:\/\/www.noticiasradioreflejos.com.ar\/2021\/cuales-son-las-7-habilidades-laborales-que-la-inteligencia-artificial-no-podra-reemplazar\/\",\"name\":\"\u00bfCu\u00e1les son las 7 habilidades laborales que la inteligencia artificial no podr\u00e1 reemplazar? - Noticias Radio Reflejos\",\"isPartOf\":{\"@id\":\"https:\/\/www.noticiasradioreflejos.com.ar\/2021\/#website\"},\"primaryImageOfPage\":{\"@id\":\"https:\/\/www.noticiasradioreflejos.com.ar\/2021\/cuales-son-las-7-habilidades-laborales-que-la-inteligencia-artificial-no-podra-reemplazar\/#primaryimage\"},\"image\":{\"@id\":\"https:\/\/www.noticiasradioreflejos.com.ar\/2021\/cuales-son-las-7-habilidades-laborales-que-la-inteligencia-artificial-no-podra-reemplazar\/#primaryimage\"},\"thumbnailUrl\":\"https:\/\/www.noticiasradioreflejos.com.ar\/2021\/wp-content\/uploads\/2023\/03\/IA-1.jpg\",\"datePublished\":\"2026-09-05T14:01:46+00:00\",\"author\":{\"@id\":\"https:\/\/www.noticiasradioreflejos.com.ar\/2021\/#\/schema\/person\/ad82545263dcc5ec0996818884fd5fb1\"},\"breadcrumb\":{\"@id\":\"https:\/\/www.noticiasradioreflejos.com.ar\/2021\/cuales-son-las-7-habilidades-laborales-que-la-inteligencia-artificial-no-podra-reemplazar\/#breadcrumb\"},\"inLanguage\":\"es\",\"potentialAction\":[{\"@type\":\"ReadAction\",\"target\":[\"https:\/\/www.noticiasradioreflejos.com.ar\/2021\/cuales-son-las-7-habilidades-laborales-que-la-inteligencia-artificial-no-podra-reemplazar\/\"]}]},{\"@type\":\"ImageObject\",\"inLanguage\":\"es\",\"@id\":\"https:\/\/www.noticiasradioreflejos.com.ar\/2021\/cuales-son-las-7-habilidades-laborales-que-la-inteligencia-artificial-no-podra-reemplazar\/#primaryimage\",\"url\":\"https:\/\/www.noticiasradioreflejos.com.ar\/2021\/wp-content\/uploads\/2023\/03\/IA-1.jpg\",\"contentUrl\":\"https:\/\/www.noticiasradioreflejos.com.ar\/2021\/wp-content\/uploads\/2023\/03\/IA-1.jpg\",\"width\":1275,\"height\":677},{\"@type\":\"BreadcrumbList\",\"@id\":\"https:\/\/www.noticiasradioreflejos.com.ar\/2021\/cuales-son-las-7-habilidades-laborales-que-la-inteligencia-artificial-no-podra-reemplazar\/#breadcrumb\",\"itemListElement\":[{\"@type\":\"ListItem\",\"position\":1,\"name\":\"Portada\",\"item\":\"https:\/\/www.noticiasradioreflejos.com.ar\/2021\/\"},{\"@type\":\"ListItem\",\"position\":2,\"name\":\"\u00bfCu\u00e1les son las 7 habilidades laborales que la inteligencia artificial no podr\u00e1 reemplazar?\"}]},{\"@type\":\"WebSite\",\"@id\":\"https:\/\/www.noticiasradioreflejos.com.ar\/2021\/#website\",\"url\":\"https:\/\/www.noticiasradioreflejos.com.ar\/2021\/\",\"name\":\"Noticias Radio Reflejos\",\"description\":\"Las noticias de mi comarca\",\"potentialAction\":[{\"@type\":\"SearchAction\",\"target\":{\"@type\":\"EntryPoint\",\"urlTemplate\":\"https:\/\/www.noticiasradioreflejos.com.ar\/2021\/?s={search_term_string}\"},\"query-input\":{\"@type\":\"PropertyValueSpecification\",\"valueRequired\":true,\"valueName\":\"search_term_string\"}}],\"inLanguage\":\"es\"},{\"@type\":\"Person\",\"@id\":\"https:\/\/www.noticiasradioreflejos.com.ar\/2021\/#\/schema\/person\/ad82545263dcc5ec0996818884fd5fb1\",\"name\":\"Arnaldo Botto\",\"image\":{\"@type\":\"ImageObject\",\"inLanguage\":\"es\",\"@id\":\"https:\/\/www.noticiasradioreflejos.com.ar\/2021\/#\/schema\/person\/image\/\",\"url\":\"https:\/\/secure.gravatar.com\/avatar\/55cb5e37c1efa326397366e6974cb338056df65cb50e7d64d1cf314e87504837?s=96&d=mm&r=g\",\"contentUrl\":\"https:\/\/secure.gravatar.com\/avatar\/55cb5e37c1efa326397366e6974cb338056df65cb50e7d64d1cf314e87504837?s=96&d=mm&r=g\",\"caption\":\"Arnaldo Botto\"},\"url\":\"https:\/\/www.noticiasradioreflejos.com.ar\/2021\/author\/arnaldo\/\"}]}<\/script>\n<!-- \/ Yoast SEO plugin. -->","yoast_head_json":{"title":"\u00bfCu\u00e1les son las 7 habilidades laborales que la inteligencia artificial no podr\u00e1 reemplazar? - Noticias Radio Reflejos","robots":{"index":"index","follow":"follow","max-snippet":"max-snippet:-1","max-image-preview":"max-image-preview:large","max-video-preview":"max-video-preview:-1"},"canonical":"https:\/\/www.noticiasradioreflejos.com.ar\/2021\/cuales-son-las-7-habilidades-laborales-que-la-inteligencia-artificial-no-podra-reemplazar\/","og_locale":"es_ES","og_type":"article","og_title":"\u00bfCu\u00e1les son las 7 habilidades laborales que la inteligencia artificial no podr\u00e1 reemplazar? - Noticias Radio Reflejos","og_description":"Una consultora de Recursos Humanos identific\u00f3 las competencias humanas clave que la IA no es capaz de replicar.","og_url":"https:\/\/www.noticiasradioreflejos.com.ar\/2021\/cuales-son-las-7-habilidades-laborales-que-la-inteligencia-artificial-no-podra-reemplazar\/","og_site_name":"Noticias Radio Reflejos","article_published_time":"2026-09-05T14:01:46+00:00","og_image":[{"width":1275,"height":677,"url":"https:\/\/www.noticiasradioreflejos.com.ar\/2021\/wp-content\/uploads\/2023\/03\/IA-1.jpg","type":"image\/jpeg"}],"author":"Arnaldo Botto","twitter_card":"summary_large_image","schema":{"@context":"https:\/\/schema.org","@graph":[{"@type":"WebPage","@id":"https:\/\/www.noticiasradioreflejos.com.ar\/2021\/cuales-son-las-7-habilidades-laborales-que-la-inteligencia-artificial-no-podra-reemplazar\/","url":"https:\/\/www.noticiasradioreflejos.com.ar\/2021\/cuales-son-las-7-habilidades-laborales-que-la-inteligencia-artificial-no-podra-reemplazar\/","name":"\u00bfCu\u00e1les son las 7 habilidades laborales que la inteligencia artificial no podr\u00e1 reemplazar? - Noticias Radio Reflejos","isPartOf":{"@id":"https:\/\/www.noticiasradioreflejos.com.ar\/2021\/#website"},"primaryImageOfPage":{"@id":"https:\/\/www.noticiasradioreflejos.com.ar\/2021\/cuales-son-las-7-habilidades-laborales-que-la-inteligencia-artificial-no-podra-reemplazar\/#primaryimage"},"image":{"@id":"https:\/\/www.noticiasradioreflejos.com.ar\/2021\/cuales-son-las-7-habilidades-laborales-que-la-inteligencia-artificial-no-podra-reemplazar\/#primaryimage"},"thumbnailUrl":"https:\/\/www.noticiasradioreflejos.com.ar\/2021\/wp-content\/uploads\/2023\/03\/IA-1.jpg","datePublished":"2026-09-05T14:01:46+00:00","author":{"@id":"https:\/\/www.noticiasradioreflejos.com.ar\/2021\/#\/schema\/person\/ad82545263dcc5ec0996818884fd5fb1"},"breadcrumb":{"@id":"https:\/\/www.noticiasradioreflejos.com.ar\/2021\/cuales-son-las-7-habilidades-laborales-que-la-inteligencia-artificial-no-podra-reemplazar\/#breadcrumb"},"inLanguage":"es","potentialAction":[{"@type":"ReadAction","target":["https:\/\/www.noticiasradioreflejos.com.ar\/2021\/cuales-son-las-7-habilidades-laborales-que-la-inteligencia-artificial-no-podra-reemplazar\/"]}]},{"@type":"ImageObject","inLanguage":"es","@id":"https:\/\/www.noticiasradioreflejos.com.ar\/2021\/cuales-son-las-7-habilidades-laborales-que-la-inteligencia-artificial-no-podra-reemplazar\/#primaryimage","url":"https:\/\/www.noticiasradioreflejos.com.ar\/2021\/wp-content\/uploads\/2023\/03\/IA-1.jpg","contentUrl":"https:\/\/www.noticiasradioreflejos.com.ar\/2021\/wp-content\/uploads\/2023\/03\/IA-1.jpg","width":1275,"height":677},{"@type":"BreadcrumbList","@id":"https:\/\/www.noticiasradioreflejos.com.ar\/2021\/cuales-son-las-7-habilidades-laborales-que-la-inteligencia-artificial-no-podra-reemplazar\/#breadcrumb","itemListElement":[{"@type":"ListItem","position":1,"name":"Portada","item":"https:\/\/www.noticiasradioreflejos.com.ar\/2021\/"},{"@type":"ListItem","position":2,"name":"\u00bfCu\u00e1les son las 7 habilidades laborales que la inteligencia artificial no podr\u00e1 reemplazar?"}]},{"@type":"WebSite","@id":"https:\/\/www.noticiasradioreflejos.com.ar\/2021\/#website","url":"https:\/\/www.noticiasradioreflejos.com.ar\/2021\/","name":"Noticias Radio Reflejos","description":"Las noticias de mi comarca","potentialAction":[{"@type":"SearchAction","target":{"@type":"EntryPoint","urlTemplate":"https:\/\/www.noticiasradioreflejos.com.ar\/2021\/?s={search_term_string}"},"query-input":{"@type":"PropertyValueSpecification","valueRequired":true,"valueName":"search_term_string"}}],"inLanguage":"es"},{"@type":"Person","@id":"https:\/\/www.noticiasradioreflejos.com.ar\/2021\/#\/schema\/person\/ad82545263dcc5ec0996818884fd5fb1","name":"Arnaldo Botto","image":{"@type":"ImageObject","inLanguage":"es","@id":"https:\/\/www.noticiasradioreflejos.com.ar\/2021\/#\/schema\/person\/image\/","url":"https:\/\/secure.gravatar.com\/avatar\/55cb5e37c1efa326397366e6974cb338056df65cb50e7d64d1cf314e87504837?s=96&d=mm&r=g","contentUrl":"https:\/\/secure.gravatar.com\/avatar\/55cb5e37c1efa326397366e6974cb338056df65cb50e7d64d1cf314e87504837?s=96&d=mm&r=g","caption":"Arnaldo Botto"},"url":"https:\/\/www.noticiasradioreflejos.com.ar\/2021\/author\/arnaldo\/"}]}},"_links":{"self":[{"href":"https:\/\/www.noticiasradioreflejos.com.ar\/2021\/wp-json\/wp\/v2\/posts\/143108","targetHints":{"allow":["GET"]}}],"collection":[{"href":"https:\/\/www.noticiasradioreflejos.com.ar\/2021\/wp-json\/wp\/v2\/posts"}],"about":[{"href":"https:\/\/www.noticiasradioreflejos.com.ar\/2021\/wp-json\/wp\/v2\/types\/post"}],"author":[{"embeddable":true,"href":"https:\/\/www.noticiasradioreflejos.com.ar\/2021\/wp-json\/wp\/v2\/users\/3"}],"replies":[{"embeddable":true,"href":"https:\/\/www.noticiasradioreflejos.com.ar\/2021\/wp-json\/wp\/v2\/comments?post=143108"}],"version-history":[{"count":1,"href":"https:\/\/www.noticiasradioreflejos.com.ar\/2021\/wp-json\/wp\/v2\/posts\/143108\/revisions"}],"predecessor-version":[{"id":143109,"href":"https:\/\/www.noticiasradioreflejos.com.ar\/2021\/wp-json\/wp\/v2\/posts\/143108\/revisions\/143109"}],"wp:featuredmedia":[{"embeddable":true,"href":"https:\/\/www.noticiasradioreflejos.com.ar\/2021\/wp-json\/wp\/v2\/media\/85232"}],"wp:attachment":[{"href":"https:\/\/www.noticiasradioreflejos.com.ar\/2021\/wp-json\/wp\/v2\/media?parent=143108"}],"wp:term":[{"taxonomy":"category","embeddable":true,"href":"https:\/\/www.noticiasradioreflejos.com.ar\/2021\/wp-json\/wp\/v2\/categories?post=143108"},{"taxonomy":"post_tag","embeddable":true,"href":"https:\/\/www.noticiasradioreflejos.com.ar\/2021\/wp-json\/wp\/v2\/tags?post=143108"}],"curies":[{"name":"wp","href":"https:\/\/api.w.org\/{rel}","templated":true}]}}