{"id":143105,"date":"2026-09-05T10:46:07","date_gmt":"2026-09-05T13:46:07","guid":{"rendered":"https:\/\/www.noticiasradioreflejos.com.ar\/2021\/?p=143105"},"modified":"2026-09-05T10:46:07","modified_gmt":"2026-09-05T13:46:07","slug":"entro-en-vigencia-el-nuevo-regimen-penal-juvenil","status":"publish","type":"post","link":"https:\/\/www.noticiasradioreflejos.com.ar\/2021\/entro-en-vigencia-el-nuevo-regimen-penal-juvenil\/","title":{"rendered":"Entr\u00f3 en vigencia el nuevo R\u00e9gimen Penal Juvenil"},"content":{"rendered":"<p>Reemplaz\u00f3 la normativa de 1980, con cambios en la edad de imputabilidad y en el esquema de sanciones juveniles.<!--more--><\/p>\n<div class=\"noticia__desarrollo\">\n<p class=\"has-drop-cap wp-block-paragraph\">Apartir de hoy\u00a0<strong>comienza a regir el nuevo R\u00e9gimen Penal Juvenil en la Argentina<\/strong>, luego de que el Gobierno modificara la baja de la edad de imputabilidad.<\/p>\n<p class=\"wp-block-paragraph\">As\u00ed, las\u00a0<strong>personas que sean mayores de 14 a\u00f1os y cometan delitos podr\u00e1n ser imputadas<\/strong>\u00a0por los mismos.<\/p>\n<p class=\"wp-block-paragraph\">Se reemplaz\u00f3 el esquema vigente desde 1980, que establec\u00eda que los menores de 16 a\u00f1os eran inimputables. De esta manera, se abre una nueva etapa en la Justicia de Menores, la cual tendr\u00e1 un alcance nacional.<\/p>\n<p class=\"wp-block-paragraph\">Aunque la reforma penal permitir\u00e1 que los adolescentes de 14 a\u00f1os puedan ser judicializados por delitos previstos en el C\u00f3digo Penal, estos\u00a0<strong>seguir\u00e1n enmarcados bajo un sistema especial<\/strong>. Esta normativa contemplar\u00e1 condenas, medidas alternativas y, en determinados casos, privaci\u00f3n de la libertad.<\/p>\n<p class=\"wp-block-paragraph\">Respecto a las\u00a0<strong>sanciones\u00a0<\/strong>que ser\u00e1n aplicadas a los menores judicializados, estas deber\u00e1n orientarse a la responsabilidad legal por los actos cometidos y a la educaci\u00f3n, resocializaci\u00f3n e integraci\u00f3n social del adolescente. En ese marco, se introducir\u00e1 un sistema con penas, controles y mecanismos de seguimiento que antes no estaban previstos de la misma forma.<\/p>\n<p class=\"wp-block-paragraph\">Entre los cambios centrales, la norma\u00a0<strong>proh\u00edbe las penas de reclusi\u00f3n y prisi\u00f3n perpetua<\/strong>\u00a0para adolescentes. Al mismo tiempo que fija que\u00a0<strong>el m\u00e1ximo de las penas privativas de libertad ser\u00e1 de 15 a\u00f1os<\/strong>, la ley prev\u00e9 la\u00a0<strong>posibilidad de que accedan a la libertad condicional<\/strong>. Sin embargo, deber\u00e1n cumplir los dos tercios de la condena y verificarse las condiciones exigidas para ese beneficio.<\/p>\n<p class=\"wp-block-paragraph\">Cabe destacar que la entrada en vigencia del r\u00e9gimen no implica que todo delito cometido por un menor de 18 a\u00f1os derive autom\u00e1ticamente en encierro. En este sentido, se contemplar\u00e1n sanciones alternativas para determinados casos, sobre todo cuando la pena prevista supera los tres a\u00f1os y llega hasta los diez.<\/p>\n<p class=\"wp-block-paragraph\">Como parte de las medidas alternativas propuestas por este marco legal, aparecen las restricciones de acercamiento, la reparaci\u00f3n del da\u00f1o a la v\u00edctima, reglas de conducta y la obligaci\u00f3n de participar en actividades educativas y comunitarias.<\/p>\n<p class=\"wp-block-paragraph\">Tambi\u00e9n se incorporar\u00e1 la amonestaci\u00f3n, entendida como un llamado de atenci\u00f3n formal acompa\u00f1ado por otras medidas previstas en la ley.<\/p>\n<p class=\"wp-block-paragraph\">Otra de las novedades se trata del\u00a0<strong>monitoreo electr\u00f3nico adolescente<\/strong>, pensado para controlar el cumplimiento de determinadas sanciones o funcionar como medida dentro del r\u00e9gimen penal juvenil.<\/p>\n<p class=\"wp-block-paragraph\">En materia de alojamiento, la norma dispone que\u00a0<strong>los menores privados de libertad deber\u00e1n permanecer en instituciones acondicionadas para ese fin<\/strong>, con personal especializado. Asimismo,\u00a0<strong>se proh\u00edbe que adolescentes compartan encierro con personas mayores de edad<\/strong>.<\/p>\n<p class=\"wp-block-paragraph\">El sistema contempla que el alojamiento pueda darse en\u00a0<strong>institutos abiertos, institutos especializados de detenci\u00f3n o, en ciertos casos, bajo arresto domiciliario<\/strong>. En tanto, se conservar\u00e1 la prohibici\u00f3n de difundir nombres, apodos, filiaci\u00f3n, parentesco, domicilio o im\u00e1genes que permitan identificar al adolescente imputado.<\/p>\n<p class=\"wp-block-paragraph\">La nueva normativa fortalecer\u00e1 la intervenci\u00f3n de las v\u00edctimas dentro del proceso, ya que podr\u00e1n participar del tr\u00e1mite judicial y recibir informaci\u00f3n sobre el avance de la causa. Adem\u00e1s, establecer\u00e1 la responsabilidad civil de los padres de ni\u00f1os, ni\u00f1as y adolescentes sometidos a proceso penal por los da\u00f1os derivados de los hechos il\u00edcitos atribuidos a sus hijos.<\/p>\n<p class=\"wp-block-paragraph\">No obstante,\u00a0<strong>una de las principales inc\u00f3gnitas pasa por la capacidad operativa del sistema judicial<\/strong>\u00a0para absorber el nuevo universo de causas. Seg\u00fan pudo confirmar Infobae, en algunos juzgados de menores advierten que se espera un aumento fuerte de expedientes y que existen dudas sobre si habr\u00e1 recursos humanos, infraestructura y dispositivos suficientes para aplicar la ley en todo el pa\u00eds.<\/p>\n<p class=\"wp-block-paragraph\">Tambi\u00e9n persisten interrogantes sobre la disponibilidad de pulseras electr\u00f3nicas, la designaci\u00f3n de supervisores especializados y la articulaci\u00f3n entre la nueva ley nacional y los sistemas procesales provinciales o el C\u00f3digo Procesal Penal de la Naci\u00f3n.<\/p>\n<blockquote class=\"wp-block-quote is-layout-flow wp-block-quote-is-layout-flow\">\n<p class=\"wp-block-paragraph\">Para la implementaci\u00f3n del nuevo r\u00e9gimen, el Congreso de la Naci\u00f3n estableci\u00f3 una partida de $23.739.155.303,08, destinada a sostener la puesta en marcha del sistema.<\/p>\n<\/blockquote>\n<p class=\"wp-block-paragraph\">Mientras algunas provincias ya avanzaron con protocolos, mesas de trabajo y proyectos de adecuaci\u00f3n normativa, en el \u00e1mbito nacional a\u00fan contin\u00faan las conversaciones entre el Poder Judicial y el Ministerio P\u00fablico Fiscal para unificar criterios de aplicaci\u00f3n.<\/p>\n<p class=\"wp-block-paragraph\">Fuente: diario Infobae<\/p>\n<\/div>\n","protected":false},"excerpt":{"rendered":"<p>Reemplaz\u00f3 la normativa de 1980, con cambios en la edad de imputabilidad y en el esquema de sanciones juveniles.<\/p>\n","protected":false},"author":3,"featured_media":143106,"comment_status":"closed","ping_status":"closed","sticky":false,"template":"","format":"standard","meta":{"footnotes":""},"categories":[57,24],"tags":[48],"class_list":["post-143105","post","type-post","status-publish","format-standard","has-post-thumbnail","hentry","category-judiciales","category-politica","tag-destacada"],"yoast_head":"<!-- This site is optimized with the Yoast SEO plugin v25.9 - https:\/\/yoast.com\/wordpress\/plugins\/seo\/ -->\n<title>Entr\u00f3 en vigencia el nuevo R\u00e9gimen Penal Juvenil - Noticias Radio Reflejos<\/title>\n<meta name=\"robots\" content=\"index, follow, max-snippet:-1, max-image-preview:large, max-video-preview:-1\" \/>\n<link rel=\"canonical\" href=\"https:\/\/www.noticiasradioreflejos.com.ar\/2021\/entro-en-vigencia-el-nuevo-regimen-penal-juvenil\/\" \/>\n<meta property=\"og:locale\" content=\"es_ES\" \/>\n<meta property=\"og:type\" content=\"article\" \/>\n<meta property=\"og:title\" content=\"Entr\u00f3 en vigencia el nuevo R\u00e9gimen Penal Juvenil - Noticias Radio Reflejos\" \/>\n<meta property=\"og:description\" content=\"Reemplaz\u00f3 la normativa de 1980, con cambios en la edad de imputabilidad y en el esquema de sanciones juveniles.\" \/>\n<meta property=\"og:url\" content=\"https:\/\/www.noticiasradioreflejos.com.ar\/2021\/entro-en-vigencia-el-nuevo-regimen-penal-juvenil\/\" \/>\n<meta property=\"og:site_name\" content=\"Noticias Radio Reflejos\" \/>\n<meta property=\"article:published_time\" content=\"2026-09-05T13:46:07+00:00\" \/>\n<meta property=\"og:image\" content=\"https:\/\/www.noticiasradioreflejos.com.ar\/2021\/wp-content\/uploads\/2026\/09\/nuevo-Regimen-Penal-Juvenil.webp\" \/>\n\t<meta property=\"og:image:width\" content=\"1200\" \/>\n\t<meta property=\"og:image:height\" content=\"675\" \/>\n\t<meta property=\"og:image:type\" content=\"image\/webp\" \/>\n<meta name=\"author\" content=\"Arnaldo Botto\" \/>\n<meta name=\"twitter:card\" content=\"summary_large_image\" \/>\n<script type=\"application\/ld+json\" class=\"yoast-schema-graph\">{\"@context\":\"https:\/\/schema.org\",\"@graph\":[{\"@type\":\"WebPage\",\"@id\":\"https:\/\/www.noticiasradioreflejos.com.ar\/2021\/entro-en-vigencia-el-nuevo-regimen-penal-juvenil\/\",\"url\":\"https:\/\/www.noticiasradioreflejos.com.ar\/2021\/entro-en-vigencia-el-nuevo-regimen-penal-juvenil\/\",\"name\":\"Entr\u00f3 en vigencia el nuevo R\u00e9gimen Penal Juvenil - Noticias Radio Reflejos\",\"isPartOf\":{\"@id\":\"https:\/\/www.noticiasradioreflejos.com.ar\/2021\/#website\"},\"primaryImageOfPage\":{\"@id\":\"https:\/\/www.noticiasradioreflejos.com.ar\/2021\/entro-en-vigencia-el-nuevo-regimen-penal-juvenil\/#primaryimage\"},\"image\":{\"@id\":\"https:\/\/www.noticiasradioreflejos.com.ar\/2021\/entro-en-vigencia-el-nuevo-regimen-penal-juvenil\/#primaryimage\"},\"thumbnailUrl\":\"https:\/\/www.noticiasradioreflejos.com.ar\/2021\/wp-content\/uploads\/2026\/09\/nuevo-Regimen-Penal-Juvenil.webp\",\"datePublished\":\"2026-09-05T13:46:07+00:00\",\"author\":{\"@id\":\"https:\/\/www.noticiasradioreflejos.com.ar\/2021\/#\/schema\/person\/ad82545263dcc5ec0996818884fd5fb1\"},\"breadcrumb\":{\"@id\":\"https:\/\/www.noticiasradioreflejos.com.ar\/2021\/entro-en-vigencia-el-nuevo-regimen-penal-juvenil\/#breadcrumb\"},\"inLanguage\":\"es\",\"potentialAction\":[{\"@type\":\"ReadAction\",\"target\":[\"https:\/\/www.noticiasradioreflejos.com.ar\/2021\/entro-en-vigencia-el-nuevo-regimen-penal-juvenil\/\"]}]},{\"@type\":\"ImageObject\",\"inLanguage\":\"es\",\"@id\":\"https:\/\/www.noticiasradioreflejos.com.ar\/2021\/entro-en-vigencia-el-nuevo-regimen-penal-juvenil\/#primaryimage\",\"url\":\"https:\/\/www.noticiasradioreflejos.com.ar\/2021\/wp-content\/uploads\/2026\/09\/nuevo-Regimen-Penal-Juvenil.webp\",\"contentUrl\":\"https:\/\/www.noticiasradioreflejos.com.ar\/2021\/wp-content\/uploads\/2026\/09\/nuevo-Regimen-Penal-Juvenil.webp\",\"width\":1200,\"height\":675},{\"@type\":\"BreadcrumbList\",\"@id\":\"https:\/\/www.noticiasradioreflejos.com.ar\/2021\/entro-en-vigencia-el-nuevo-regimen-penal-juvenil\/#breadcrumb\",\"itemListElement\":[{\"@type\":\"ListItem\",\"position\":1,\"name\":\"Portada\",\"item\":\"https:\/\/www.noticiasradioreflejos.com.ar\/2021\/\"},{\"@type\":\"ListItem\",\"position\":2,\"name\":\"Entr\u00f3 en vigencia el nuevo R\u00e9gimen Penal Juvenil\"}]},{\"@type\":\"WebSite\",\"@id\":\"https:\/\/www.noticiasradioreflejos.com.ar\/2021\/#website\",\"url\":\"https:\/\/www.noticiasradioreflejos.com.ar\/2021\/\",\"name\":\"Noticias Radio Reflejos\",\"description\":\"Las noticias de mi comarca\",\"potentialAction\":[{\"@type\":\"SearchAction\",\"target\":{\"@type\":\"EntryPoint\",\"urlTemplate\":\"https:\/\/www.noticiasradioreflejos.com.ar\/2021\/?s={search_term_string}\"},\"query-input\":{\"@type\":\"PropertyValueSpecification\",\"valueRequired\":true,\"valueName\":\"search_term_string\"}}],\"inLanguage\":\"es\"},{\"@type\":\"Person\",\"@id\":\"https:\/\/www.noticiasradioreflejos.com.ar\/2021\/#\/schema\/person\/ad82545263dcc5ec0996818884fd5fb1\",\"name\":\"Arnaldo Botto\",\"image\":{\"@type\":\"ImageObject\",\"inLanguage\":\"es\",\"@id\":\"https:\/\/www.noticiasradioreflejos.com.ar\/2021\/#\/schema\/person\/image\/\",\"url\":\"https:\/\/secure.gravatar.com\/avatar\/55cb5e37c1efa326397366e6974cb338056df65cb50e7d64d1cf314e87504837?s=96&d=mm&r=g\",\"contentUrl\":\"https:\/\/secure.gravatar.com\/avatar\/55cb5e37c1efa326397366e6974cb338056df65cb50e7d64d1cf314e87504837?s=96&d=mm&r=g\",\"caption\":\"Arnaldo Botto\"},\"url\":\"https:\/\/www.noticiasradioreflejos.com.ar\/2021\/author\/arnaldo\/\"}]}<\/script>\n<!-- \/ Yoast SEO plugin. -->","yoast_head_json":{"title":"Entr\u00f3 en vigencia el nuevo R\u00e9gimen Penal Juvenil - Noticias Radio Reflejos","robots":{"index":"index","follow":"follow","max-snippet":"max-snippet:-1","max-image-preview":"max-image-preview:large","max-video-preview":"max-video-preview:-1"},"canonical":"https:\/\/www.noticiasradioreflejos.com.ar\/2021\/entro-en-vigencia-el-nuevo-regimen-penal-juvenil\/","og_locale":"es_ES","og_type":"article","og_title":"Entr\u00f3 en vigencia el nuevo R\u00e9gimen Penal Juvenil - Noticias Radio Reflejos","og_description":"Reemplaz\u00f3 la normativa de 1980, con cambios en la edad de imputabilidad y en el esquema de sanciones juveniles.","og_url":"https:\/\/www.noticiasradioreflejos.com.ar\/2021\/entro-en-vigencia-el-nuevo-regimen-penal-juvenil\/","og_site_name":"Noticias Radio Reflejos","article_published_time":"2026-09-05T13:46:07+00:00","og_image":[{"width":1200,"height":675,"url":"https:\/\/www.noticiasradioreflejos.com.ar\/2021\/wp-content\/uploads\/2026\/09\/nuevo-Regimen-Penal-Juvenil.webp","type":"image\/webp"}],"author":"Arnaldo Botto","twitter_card":"summary_large_image","schema":{"@context":"https:\/\/schema.org","@graph":[{"@type":"WebPage","@id":"https:\/\/www.noticiasradioreflejos.com.ar\/2021\/entro-en-vigencia-el-nuevo-regimen-penal-juvenil\/","url":"https:\/\/www.noticiasradioreflejos.com.ar\/2021\/entro-en-vigencia-el-nuevo-regimen-penal-juvenil\/","name":"Entr\u00f3 en vigencia el nuevo R\u00e9gimen Penal Juvenil - Noticias Radio Reflejos","isPartOf":{"@id":"https:\/\/www.noticiasradioreflejos.com.ar\/2021\/#website"},"primaryImageOfPage":{"@id":"https:\/\/www.noticiasradioreflejos.com.ar\/2021\/entro-en-vigencia-el-nuevo-regimen-penal-juvenil\/#primaryimage"},"image":{"@id":"https:\/\/www.noticiasradioreflejos.com.ar\/2021\/entro-en-vigencia-el-nuevo-regimen-penal-juvenil\/#primaryimage"},"thumbnailUrl":"https:\/\/www.noticiasradioreflejos.com.ar\/2021\/wp-content\/uploads\/2026\/09\/nuevo-Regimen-Penal-Juvenil.webp","datePublished":"2026-09-05T13:46:07+00:00","author":{"@id":"https:\/\/www.noticiasradioreflejos.com.ar\/2021\/#\/schema\/person\/ad82545263dcc5ec0996818884fd5fb1"},"breadcrumb":{"@id":"https:\/\/www.noticiasradioreflejos.com.ar\/2021\/entro-en-vigencia-el-nuevo-regimen-penal-juvenil\/#breadcrumb"},"inLanguage":"es","potentialAction":[{"@type":"ReadAction","target":["https:\/\/www.noticiasradioreflejos.com.ar\/2021\/entro-en-vigencia-el-nuevo-regimen-penal-juvenil\/"]}]},{"@type":"ImageObject","inLanguage":"es","@id":"https:\/\/www.noticiasradioreflejos.com.ar\/2021\/entro-en-vigencia-el-nuevo-regimen-penal-juvenil\/#primaryimage","url":"https:\/\/www.noticiasradioreflejos.com.ar\/2021\/wp-content\/uploads\/2026\/09\/nuevo-Regimen-Penal-Juvenil.webp","contentUrl":"https:\/\/www.noticiasradioreflejos.com.ar\/2021\/wp-content\/uploads\/2026\/09\/nuevo-Regimen-Penal-Juvenil.webp","width":1200,"height":675},{"@type":"BreadcrumbList","@id":"https:\/\/www.noticiasradioreflejos.com.ar\/2021\/entro-en-vigencia-el-nuevo-regimen-penal-juvenil\/#breadcrumb","itemListElement":[{"@type":"ListItem","position":1,"name":"Portada","item":"https:\/\/www.noticiasradioreflejos.com.ar\/2021\/"},{"@type":"ListItem","position":2,"name":"Entr\u00f3 en vigencia el nuevo R\u00e9gimen Penal Juvenil"}]},{"@type":"WebSite","@id":"https:\/\/www.noticiasradioreflejos.com.ar\/2021\/#website","url":"https:\/\/www.noticiasradioreflejos.com.ar\/2021\/","name":"Noticias Radio Reflejos","description":"Las noticias de mi comarca","potentialAction":[{"@type":"SearchAction","target":{"@type":"EntryPoint","urlTemplate":"https:\/\/www.noticiasradioreflejos.com.ar\/2021\/?s={search_term_string}"},"query-input":{"@type":"PropertyValueSpecification","valueRequired":true,"valueName":"search_term_string"}}],"inLanguage":"es"},{"@type":"Person","@id":"https:\/\/www.noticiasradioreflejos.com.ar\/2021\/#\/schema\/person\/ad82545263dcc5ec0996818884fd5fb1","name":"Arnaldo Botto","image":{"@type":"ImageObject","inLanguage":"es","@id":"https:\/\/www.noticiasradioreflejos.com.ar\/2021\/#\/schema\/person\/image\/","url":"https:\/\/secure.gravatar.com\/avatar\/55cb5e37c1efa326397366e6974cb338056df65cb50e7d64d1cf314e87504837?s=96&d=mm&r=g","contentUrl":"https:\/\/secure.gravatar.com\/avatar\/55cb5e37c1efa326397366e6974cb338056df65cb50e7d64d1cf314e87504837?s=96&d=mm&r=g","caption":"Arnaldo Botto"},"url":"https:\/\/www.noticiasradioreflejos.com.ar\/2021\/author\/arnaldo\/"}]}},"_links":{"self":[{"href":"https:\/\/www.noticiasradioreflejos.com.ar\/2021\/wp-json\/wp\/v2\/posts\/143105","targetHints":{"allow":["GET"]}}],"collection":[{"href":"https:\/\/www.noticiasradioreflejos.com.ar\/2021\/wp-json\/wp\/v2\/posts"}],"about":[{"href":"https:\/\/www.noticiasradioreflejos.com.ar\/2021\/wp-json\/wp\/v2\/types\/post"}],"author":[{"embeddable":true,"href":"https:\/\/www.noticiasradioreflejos.com.ar\/2021\/wp-json\/wp\/v2\/users\/3"}],"replies":[{"embeddable":true,"href":"https:\/\/www.noticiasradioreflejos.com.ar\/2021\/wp-json\/wp\/v2\/comments?post=143105"}],"version-history":[{"count":1,"href":"https:\/\/www.noticiasradioreflejos.com.ar\/2021\/wp-json\/wp\/v2\/posts\/143105\/revisions"}],"predecessor-version":[{"id":143107,"href":"https:\/\/www.noticiasradioreflejos.com.ar\/2021\/wp-json\/wp\/v2\/posts\/143105\/revisions\/143107"}],"wp:featuredmedia":[{"embeddable":true,"href":"https:\/\/www.noticiasradioreflejos.com.ar\/2021\/wp-json\/wp\/v2\/media\/143106"}],"wp:attachment":[{"href":"https:\/\/www.noticiasradioreflejos.com.ar\/2021\/wp-json\/wp\/v2\/media?parent=143105"}],"wp:term":[{"taxonomy":"category","embeddable":true,"href":"https:\/\/www.noticiasradioreflejos.com.ar\/2021\/wp-json\/wp\/v2\/categories?post=143105"},{"taxonomy":"post_tag","embeddable":true,"href":"https:\/\/www.noticiasradioreflejos.com.ar\/2021\/wp-json\/wp\/v2\/tags?post=143105"}],"curies":[{"name":"wp","href":"https:\/\/api.w.org\/{rel}","templated":true}]}}