{"id":143101,"date":"2026-09-05T08:50:07","date_gmt":"2026-09-05T11:50:07","guid":{"rendered":"https:\/\/www.noticiasradioreflejos.com.ar\/2021\/?p=143101"},"modified":"2026-09-05T08:50:07","modified_gmt":"2026-09-05T11:50:07","slug":"nueva-edicion-de-la-colecta-nacional-mas-por-menos-del-1-al-13-de-septiembre","status":"publish","type":"post","link":"https:\/\/www.noticiasradioreflejos.com.ar\/2021\/nueva-edicion-de-la-colecta-nacional-mas-por-menos-del-1-al-13-de-septiembre\/","title":{"rendered":"Nueva edici\u00f3n de la Colecta Nacional M\u00e1s por Menos: del 1 al 13 de septiembre"},"content":{"rendered":"<p data-path-to-node=\"3\">Del 1 al 13 de septiembre se llevar\u00e1 a cabo una nueva edici\u00f3n de la Colecta Nacional M\u00e1s por Menos, una de las campa\u00f1as solidarias de mayor alcance y trayectoria en la Argentina. Organizada por la Comisi\u00f3n Episcopal de Ayuda a las Regiones M\u00e1s Necesitadas, de la Conferencia Episcopal Argentina, este a\u00f1o convoca bajo el lema <b data-path-to-node=\"3\" data-index-in-node=\"356\">\u00abCompartir con alegr\u00eda, esperanza de muchos\u00bb<\/b>.<!--more--><\/p>\n<p data-path-to-node=\"4\">El fin de semana central de la colecta ser\u00e1 el <b data-path-to-node=\"4\" data-index-in-node=\"47\">s\u00e1bado 12 y domingo 13 de septiembre<\/b>, d\u00edas en que se recibir\u00e1n las donaciones en todos los templos y comunidades eclesiales del territorio nacional.<\/p>\n<p data-path-to-node=\"5\">Con m\u00e1s de medio siglo de historia, M\u00e1s por Menos funciona como un puente de integraci\u00f3n social entre quienes pueden colaborar y las comunidades que atraviesan situaciones de mayor vulnerabilidad. Los fondos recaudados se destinan directamente al desarrollo humano, social y pastoral en las zonas m\u00e1s postergadas, con especial foco en el interior del pa\u00eds.<\/p>\n<p data-path-to-node=\"6\"><b data-path-to-node=\"6\" data-index-in-node=\"0\">Proyectos que se sostienen:<\/b><\/p>\n<ul data-path-to-node=\"7\">\n<li>\n<p data-path-to-node=\"7,0,0\">Comedores infantiles y populares.<\/p>\n<\/li>\n<li>\n<p data-path-to-node=\"7,1,0\">Construcci\u00f3n y reparaci\u00f3n de viviendas.<\/p>\n<\/li>\n<li>\n<p data-path-to-node=\"7,2,0\">Emprendimientos de trabajo local.<\/p>\n<\/li>\n<li>\n<p data-path-to-node=\"7,3,0\">Hogares de ni\u00f1os y residencias para adultos mayores.<\/p>\n<\/li>\n<li>\n<p data-path-to-node=\"7,4,0\">Centros de salud, escuelas y talleres de artes y oficios.<\/p>\n<\/li>\n<\/ul>\n<p data-path-to-node=\"8\"><b data-path-to-node=\"8\" data-index-in-node=\"0\">Canales de donaci\u00f3n habilitados todo el a\u00f1o:<\/b> Adem\u00e1s de la recolecci\u00f3n presencial en los parroquias durante el fin de semana central, la campa\u00f1a mantiene sus canales digitales y presenciales abiertos de forma permanente:<\/p>\n<ul data-path-to-node=\"9\">\n<li>\n<p data-path-to-node=\"9,0,0\"><b data-path-to-node=\"9,0,0\" data-index-in-node=\"0\">Digital:<\/b> Transferencia o dep\u00f3sito bancario, c\u00f3digo QR y tarjetas de cr\u00e9dito o d\u00e9bito a trav\u00e9s de <a class=\"ng-star-inserted\" href=\"https:\/\/colectamaspormenos.com\" target=\"_blank\" rel=\"noopener\" data-hveid=\"0\" data-ved=\"0CAAQ_4QMahcKEwiAuu_krdeWAxUAAAAAHQAAAAAQYg\">colectamaspormenos.com<\/a>.<\/p>\n<\/li>\n<li>\n<p data-path-to-node=\"9,1,0\"><b data-path-to-node=\"9,1,0\" data-index-in-node=\"0\">Presencial:<\/b> Red de sucursales de Pago F\u00e1cil en todo el pa\u00eds.<\/p>\n<\/li>\n<\/ul>\n<p data-path-to-node=\"10\">En un compromiso constante con la transparencia, el informe detallado sobre la rendici\u00f3n y el destino de los fondos reunidos en cada edici\u00f3n se encuentra disponible para consulta p\u00fablica en <a class=\"ng-star-inserted\" href=\"https:\/\/www.google.com\/search?q=https:\/\/colectamaspormenos.com\/destino-de-los-fondos.html\" target=\"_blank\" rel=\"noopener\" data-hveid=\"0\" data-ved=\"0CAAQ_4QMahcKEwiAuu_krdeWAxUAAAAAHQAAAAAQYw\">colectamaspormenos.com\/destino-de-los-fondos.html<\/a>.<\/p>\n<p data-path-to-node=\"12\"><b data-path-to-node=\"12\" data-index-in-node=\"0\">Contacto de prensa y m\u00e1s informaci\u00f3n:<\/b><\/p>\n<ul data-path-to-node=\"13\">\n<li>\n<p data-path-to-node=\"13,0,0\"><b data-path-to-node=\"13,0,0\" data-index-in-node=\"0\">Sitio web:<\/b> <a class=\"ng-star-inserted\" href=\"https:\/\/colectamaspormenos.com\" target=\"_blank\" rel=\"noopener\" data-hveid=\"0\" data-ved=\"0CAAQ_4QMahcKEwiAuu_krdeWAxUAAAAAHQAAAAAQZA\">colectamaspormenos.com<\/a><\/p>\n<\/li>\n<li>\n<p data-path-to-node=\"13,1,0\"><b data-path-to-node=\"13,1,0\" data-index-in-node=\"0\">Organiza:<\/b> Comisi\u00f3n Episcopal de Ayuda a las Regiones M\u00e1s Necesitadas (CEA)<\/p>\n<\/li>\n<\/ul>\n","protected":false},"excerpt":{"rendered":"<p>Del 1 al 13 de septiembre se llevar\u00e1 a cabo una nueva edici\u00f3n de la Colecta Nacional M\u00e1s por Menos, una de las campa\u00f1as solidarias de mayor alcance y trayectoria en la Argentina. Organizada por la Comisi\u00f3n Episcopal de Ayuda a las Regiones M\u00e1s Necesitadas, de la Conferencia Episcopal Argentina, este a\u00f1o convoca bajo el [&hellip;]<\/p>\n","protected":false},"author":3,"featured_media":143103,"comment_status":"closed","ping_status":"closed","sticky":false,"template":"","format":"standard","meta":{"footnotes":""},"categories":[26],"tags":[],"class_list":["post-143101","post","type-post","status-publish","format-standard","has-post-thumbnail","hentry","category-sociedad"],"yoast_head":"<!-- This site is optimized with the Yoast SEO plugin v25.9 - https:\/\/yoast.com\/wordpress\/plugins\/seo\/ -->\n<title>Nueva edici\u00f3n de la Colecta Nacional M\u00e1s por Menos: del 1 al 13 de septiembre - Noticias Radio Reflejos<\/title>\n<meta name=\"robots\" content=\"index, follow, max-snippet:-1, max-image-preview:large, max-video-preview:-1\" \/>\n<link rel=\"canonical\" href=\"https:\/\/www.noticiasradioreflejos.com.ar\/2021\/nueva-edicion-de-la-colecta-nacional-mas-por-menos-del-1-al-13-de-septiembre\/\" \/>\n<meta property=\"og:locale\" content=\"es_ES\" \/>\n<meta property=\"og:type\" content=\"article\" \/>\n<meta property=\"og:title\" content=\"Nueva edici\u00f3n de la Colecta Nacional M\u00e1s por Menos: del 1 al 13 de septiembre - Noticias Radio Reflejos\" \/>\n<meta property=\"og:description\" content=\"Del 1 al 13 de septiembre se llevar\u00e1 a cabo una nueva edici\u00f3n de la Colecta Nacional M\u00e1s por Menos, una de las campa\u00f1as solidarias de mayor alcance y trayectoria en la Argentina. Organizada por la Comisi\u00f3n Episcopal de Ayuda a las Regiones M\u00e1s Necesitadas, de la Conferencia Episcopal Argentina, este a\u00f1o convoca bajo el [&hellip;]\" \/>\n<meta property=\"og:url\" content=\"https:\/\/www.noticiasradioreflejos.com.ar\/2021\/nueva-edicion-de-la-colecta-nacional-mas-por-menos-del-1-al-13-de-septiembre\/\" \/>\n<meta property=\"og:site_name\" content=\"Noticias Radio Reflejos\" \/>\n<meta property=\"article:published_time\" content=\"2026-09-05T11:50:07+00:00\" \/>\n<meta property=\"og:image\" content=\"https:\/\/www.noticiasradioreflejos.com.ar\/2021\/wp-content\/uploads\/2026\/09\/Colecta-Mas-x-Menos.jpg\" \/>\n\t<meta property=\"og:image:width\" content=\"571\" \/>\n\t<meta property=\"og:image:height\" content=\"524\" \/>\n\t<meta property=\"og:image:type\" content=\"image\/jpeg\" \/>\n<meta name=\"author\" content=\"Arnaldo Botto\" \/>\n<meta name=\"twitter:card\" content=\"summary_large_image\" \/>\n<script type=\"application\/ld+json\" class=\"yoast-schema-graph\">{\"@context\":\"https:\/\/schema.org\",\"@graph\":[{\"@type\":\"WebPage\",\"@id\":\"https:\/\/www.noticiasradioreflejos.com.ar\/2021\/nueva-edicion-de-la-colecta-nacional-mas-por-menos-del-1-al-13-de-septiembre\/\",\"url\":\"https:\/\/www.noticiasradioreflejos.com.ar\/2021\/nueva-edicion-de-la-colecta-nacional-mas-por-menos-del-1-al-13-de-septiembre\/\",\"name\":\"Nueva edici\u00f3n de la Colecta Nacional M\u00e1s por Menos: del 1 al 13 de septiembre - Noticias Radio Reflejos\",\"isPartOf\":{\"@id\":\"https:\/\/www.noticiasradioreflejos.com.ar\/2021\/#website\"},\"primaryImageOfPage\":{\"@id\":\"https:\/\/www.noticiasradioreflejos.com.ar\/2021\/nueva-edicion-de-la-colecta-nacional-mas-por-menos-del-1-al-13-de-septiembre\/#primaryimage\"},\"image\":{\"@id\":\"https:\/\/www.noticiasradioreflejos.com.ar\/2021\/nueva-edicion-de-la-colecta-nacional-mas-por-menos-del-1-al-13-de-septiembre\/#primaryimage\"},\"thumbnailUrl\":\"https:\/\/www.noticiasradioreflejos.com.ar\/2021\/wp-content\/uploads\/2026\/09\/Colecta-Mas-x-Menos.jpg\",\"datePublished\":\"2026-09-05T11:50:07+00:00\",\"author\":{\"@id\":\"https:\/\/www.noticiasradioreflejos.com.ar\/2021\/#\/schema\/person\/ad82545263dcc5ec0996818884fd5fb1\"},\"breadcrumb\":{\"@id\":\"https:\/\/www.noticiasradioreflejos.com.ar\/2021\/nueva-edicion-de-la-colecta-nacional-mas-por-menos-del-1-al-13-de-septiembre\/#breadcrumb\"},\"inLanguage\":\"es\",\"potentialAction\":[{\"@type\":\"ReadAction\",\"target\":[\"https:\/\/www.noticiasradioreflejos.com.ar\/2021\/nueva-edicion-de-la-colecta-nacional-mas-por-menos-del-1-al-13-de-septiembre\/\"]}]},{\"@type\":\"ImageObject\",\"inLanguage\":\"es\",\"@id\":\"https:\/\/www.noticiasradioreflejos.com.ar\/2021\/nueva-edicion-de-la-colecta-nacional-mas-por-menos-del-1-al-13-de-septiembre\/#primaryimage\",\"url\":\"https:\/\/www.noticiasradioreflejos.com.ar\/2021\/wp-content\/uploads\/2026\/09\/Colecta-Mas-x-Menos.jpg\",\"contentUrl\":\"https:\/\/www.noticiasradioreflejos.com.ar\/2021\/wp-content\/uploads\/2026\/09\/Colecta-Mas-x-Menos.jpg\",\"width\":571,\"height\":524},{\"@type\":\"BreadcrumbList\",\"@id\":\"https:\/\/www.noticiasradioreflejos.com.ar\/2021\/nueva-edicion-de-la-colecta-nacional-mas-por-menos-del-1-al-13-de-septiembre\/#breadcrumb\",\"itemListElement\":[{\"@type\":\"ListItem\",\"position\":1,\"name\":\"Portada\",\"item\":\"https:\/\/www.noticiasradioreflejos.com.ar\/2021\/\"},{\"@type\":\"ListItem\",\"position\":2,\"name\":\"Nueva edici\u00f3n de la Colecta Nacional M\u00e1s por Menos: del 1 al 13 de septiembre\"}]},{\"@type\":\"WebSite\",\"@id\":\"https:\/\/www.noticiasradioreflejos.com.ar\/2021\/#website\",\"url\":\"https:\/\/www.noticiasradioreflejos.com.ar\/2021\/\",\"name\":\"Noticias Radio Reflejos\",\"description\":\"Las noticias de mi comarca\",\"potentialAction\":[{\"@type\":\"SearchAction\",\"target\":{\"@type\":\"EntryPoint\",\"urlTemplate\":\"https:\/\/www.noticiasradioreflejos.com.ar\/2021\/?s={search_term_string}\"},\"query-input\":{\"@type\":\"PropertyValueSpecification\",\"valueRequired\":true,\"valueName\":\"search_term_string\"}}],\"inLanguage\":\"es\"},{\"@type\":\"Person\",\"@id\":\"https:\/\/www.noticiasradioreflejos.com.ar\/2021\/#\/schema\/person\/ad82545263dcc5ec0996818884fd5fb1\",\"name\":\"Arnaldo Botto\",\"image\":{\"@type\":\"ImageObject\",\"inLanguage\":\"es\",\"@id\":\"https:\/\/www.noticiasradioreflejos.com.ar\/2021\/#\/schema\/person\/image\/\",\"url\":\"https:\/\/secure.gravatar.com\/avatar\/55cb5e37c1efa326397366e6974cb338056df65cb50e7d64d1cf314e87504837?s=96&d=mm&r=g\",\"contentUrl\":\"https:\/\/secure.gravatar.com\/avatar\/55cb5e37c1efa326397366e6974cb338056df65cb50e7d64d1cf314e87504837?s=96&d=mm&r=g\",\"caption\":\"Arnaldo Botto\"},\"url\":\"https:\/\/www.noticiasradioreflejos.com.ar\/2021\/author\/arnaldo\/\"}]}<\/script>\n<!-- \/ Yoast SEO plugin. -->","yoast_head_json":{"title":"Nueva edici\u00f3n de la Colecta Nacional M\u00e1s por Menos: del 1 al 13 de septiembre - Noticias Radio Reflejos","robots":{"index":"index","follow":"follow","max-snippet":"max-snippet:-1","max-image-preview":"max-image-preview:large","max-video-preview":"max-video-preview:-1"},"canonical":"https:\/\/www.noticiasradioreflejos.com.ar\/2021\/nueva-edicion-de-la-colecta-nacional-mas-por-menos-del-1-al-13-de-septiembre\/","og_locale":"es_ES","og_type":"article","og_title":"Nueva edici\u00f3n de la Colecta Nacional M\u00e1s por Menos: del 1 al 13 de septiembre - Noticias Radio Reflejos","og_description":"Del 1 al 13 de septiembre se llevar\u00e1 a cabo una nueva edici\u00f3n de la Colecta Nacional M\u00e1s por Menos, una de las campa\u00f1as solidarias de mayor alcance y trayectoria en la Argentina. Organizada por la Comisi\u00f3n Episcopal de Ayuda a las Regiones M\u00e1s Necesitadas, de la Conferencia Episcopal Argentina, este a\u00f1o convoca bajo el [&hellip;]","og_url":"https:\/\/www.noticiasradioreflejos.com.ar\/2021\/nueva-edicion-de-la-colecta-nacional-mas-por-menos-del-1-al-13-de-septiembre\/","og_site_name":"Noticias Radio Reflejos","article_published_time":"2026-09-05T11:50:07+00:00","og_image":[{"width":571,"height":524,"url":"https:\/\/www.noticiasradioreflejos.com.ar\/2021\/wp-content\/uploads\/2026\/09\/Colecta-Mas-x-Menos.jpg","type":"image\/jpeg"}],"author":"Arnaldo Botto","twitter_card":"summary_large_image","schema":{"@context":"https:\/\/schema.org","@graph":[{"@type":"WebPage","@id":"https:\/\/www.noticiasradioreflejos.com.ar\/2021\/nueva-edicion-de-la-colecta-nacional-mas-por-menos-del-1-al-13-de-septiembre\/","url":"https:\/\/www.noticiasradioreflejos.com.ar\/2021\/nueva-edicion-de-la-colecta-nacional-mas-por-menos-del-1-al-13-de-septiembre\/","name":"Nueva edici\u00f3n de la Colecta Nacional M\u00e1s por Menos: del 1 al 13 de septiembre - Noticias Radio Reflejos","isPartOf":{"@id":"https:\/\/www.noticiasradioreflejos.com.ar\/2021\/#website"},"primaryImageOfPage":{"@id":"https:\/\/www.noticiasradioreflejos.com.ar\/2021\/nueva-edicion-de-la-colecta-nacional-mas-por-menos-del-1-al-13-de-septiembre\/#primaryimage"},"image":{"@id":"https:\/\/www.noticiasradioreflejos.com.ar\/2021\/nueva-edicion-de-la-colecta-nacional-mas-por-menos-del-1-al-13-de-septiembre\/#primaryimage"},"thumbnailUrl":"https:\/\/www.noticiasradioreflejos.com.ar\/2021\/wp-content\/uploads\/2026\/09\/Colecta-Mas-x-Menos.jpg","datePublished":"2026-09-05T11:50:07+00:00","author":{"@id":"https:\/\/www.noticiasradioreflejos.com.ar\/2021\/#\/schema\/person\/ad82545263dcc5ec0996818884fd5fb1"},"breadcrumb":{"@id":"https:\/\/www.noticiasradioreflejos.com.ar\/2021\/nueva-edicion-de-la-colecta-nacional-mas-por-menos-del-1-al-13-de-septiembre\/#breadcrumb"},"inLanguage":"es","potentialAction":[{"@type":"ReadAction","target":["https:\/\/www.noticiasradioreflejos.com.ar\/2021\/nueva-edicion-de-la-colecta-nacional-mas-por-menos-del-1-al-13-de-septiembre\/"]}]},{"@type":"ImageObject","inLanguage":"es","@id":"https:\/\/www.noticiasradioreflejos.com.ar\/2021\/nueva-edicion-de-la-colecta-nacional-mas-por-menos-del-1-al-13-de-septiembre\/#primaryimage","url":"https:\/\/www.noticiasradioreflejos.com.ar\/2021\/wp-content\/uploads\/2026\/09\/Colecta-Mas-x-Menos.jpg","contentUrl":"https:\/\/www.noticiasradioreflejos.com.ar\/2021\/wp-content\/uploads\/2026\/09\/Colecta-Mas-x-Menos.jpg","width":571,"height":524},{"@type":"BreadcrumbList","@id":"https:\/\/www.noticiasradioreflejos.com.ar\/2021\/nueva-edicion-de-la-colecta-nacional-mas-por-menos-del-1-al-13-de-septiembre\/#breadcrumb","itemListElement":[{"@type":"ListItem","position":1,"name":"Portada","item":"https:\/\/www.noticiasradioreflejos.com.ar\/2021\/"},{"@type":"ListItem","position":2,"name":"Nueva edici\u00f3n de la Colecta Nacional M\u00e1s por Menos: del 1 al 13 de septiembre"}]},{"@type":"WebSite","@id":"https:\/\/www.noticiasradioreflejos.com.ar\/2021\/#website","url":"https:\/\/www.noticiasradioreflejos.com.ar\/2021\/","name":"Noticias Radio Reflejos","description":"Las noticias de mi comarca","potentialAction":[{"@type":"SearchAction","target":{"@type":"EntryPoint","urlTemplate":"https:\/\/www.noticiasradioreflejos.com.ar\/2021\/?s={search_term_string}"},"query-input":{"@type":"PropertyValueSpecification","valueRequired":true,"valueName":"search_term_string"}}],"inLanguage":"es"},{"@type":"Person","@id":"https:\/\/www.noticiasradioreflejos.com.ar\/2021\/#\/schema\/person\/ad82545263dcc5ec0996818884fd5fb1","name":"Arnaldo Botto","image":{"@type":"ImageObject","inLanguage":"es","@id":"https:\/\/www.noticiasradioreflejos.com.ar\/2021\/#\/schema\/person\/image\/","url":"https:\/\/secure.gravatar.com\/avatar\/55cb5e37c1efa326397366e6974cb338056df65cb50e7d64d1cf314e87504837?s=96&d=mm&r=g","contentUrl":"https:\/\/secure.gravatar.com\/avatar\/55cb5e37c1efa326397366e6974cb338056df65cb50e7d64d1cf314e87504837?s=96&d=mm&r=g","caption":"Arnaldo Botto"},"url":"https:\/\/www.noticiasradioreflejos.com.ar\/2021\/author\/arnaldo\/"}]}},"_links":{"self":[{"href":"https:\/\/www.noticiasradioreflejos.com.ar\/2021\/wp-json\/wp\/v2\/posts\/143101","targetHints":{"allow":["GET"]}}],"collection":[{"href":"https:\/\/www.noticiasradioreflejos.com.ar\/2021\/wp-json\/wp\/v2\/posts"}],"about":[{"href":"https:\/\/www.noticiasradioreflejos.com.ar\/2021\/wp-json\/wp\/v2\/types\/post"}],"author":[{"embeddable":true,"href":"https:\/\/www.noticiasradioreflejos.com.ar\/2021\/wp-json\/wp\/v2\/users\/3"}],"replies":[{"embeddable":true,"href":"https:\/\/www.noticiasradioreflejos.com.ar\/2021\/wp-json\/wp\/v2\/comments?post=143101"}],"version-history":[{"count":1,"href":"https:\/\/www.noticiasradioreflejos.com.ar\/2021\/wp-json\/wp\/v2\/posts\/143101\/revisions"}],"predecessor-version":[{"id":143104,"href":"https:\/\/www.noticiasradioreflejos.com.ar\/2021\/wp-json\/wp\/v2\/posts\/143101\/revisions\/143104"}],"wp:featuredmedia":[{"embeddable":true,"href":"https:\/\/www.noticiasradioreflejos.com.ar\/2021\/wp-json\/wp\/v2\/media\/143103"}],"wp:attachment":[{"href":"https:\/\/www.noticiasradioreflejos.com.ar\/2021\/wp-json\/wp\/v2\/media?parent=143101"}],"wp:term":[{"taxonomy":"category","embeddable":true,"href":"https:\/\/www.noticiasradioreflejos.com.ar\/2021\/wp-json\/wp\/v2\/categories?post=143101"},{"taxonomy":"post_tag","embeddable":true,"href":"https:\/\/www.noticiasradioreflejos.com.ar\/2021\/wp-json\/wp\/v2\/tags?post=143101"}],"curies":[{"name":"wp","href":"https:\/\/api.w.org\/{rel}","templated":true}]}}