{"id":143099,"date":"2026-09-05T08:46:07","date_gmt":"2026-09-05T11:46:07","guid":{"rendered":"https:\/\/www.noticiasradioreflejos.com.ar\/2021\/?p=143099"},"modified":"2026-09-05T08:46:07","modified_gmt":"2026-09-05T11:46:07","slug":"dia-internacional-de-las-mujeres-y-ninas-indigenas-por-que-se-celebra-el-5-de-septiembre","status":"publish","type":"post","link":"https:\/\/www.noticiasradioreflejos.com.ar\/2021\/dia-internacional-de-las-mujeres-y-ninas-indigenas-por-que-se-celebra-el-5-de-septiembre\/","title":{"rendered":"D\u00eda Internacional de las Mujeres y Ni\u00f1as Ind\u00edgenas: \u00bfpor qu\u00e9 se celebra el 5 de septiembre?"},"content":{"rendered":"<p>Cada 5 de septiembre se conmemora el D\u00eda Internacional de las Mujeres y Ni\u00f1as Ind\u00edgenas, una fecha que busca visibilizar sus derechos, sus aportes a las comunidades y su papel en la preservaci\u00f3n de las lenguas, las culturas y los conocimientos ancestrales. La jornada tiene adem\u00e1s una historia de resistencia detr\u00e1s: recuerda a Bartolina Sisa, lideresa ind\u00edgena asesinada en 1782 durante la resistencia contra el dominio colonial espa\u00f1ol.<\/p>\n<p><!--more--><\/p>\n<p class=\"article-text\">El\u00a0<strong>5 de septiembre<\/strong>\u00a0es una fecha de memoria, reconocimiento y reivindicaci\u00f3n para los pueblos ind\u00edgenas. La jornada, que durante d\u00e9cadas fue conocida como\u00a0<strong>D\u00eda Internacional de la Mujer Ind\u00edgena<\/strong>, fue establecida en 1983 durante el Segundo Encuentro de Organizaciones y Movimientos de Am\u00e9rica, realizado en Tiahuanacu, Bolivia, como homenaje a Bartolina Sisa, lideresa aymara que particip\u00f3 de las rebeliones contra el dominio colonial espa\u00f1ol.<\/p>\n<p class=\"article-text\">A partir de 2025, la fecha adquiri\u00f3 adem\u00e1s un reconocimiento formal dentro del calendario de las Naciones Unidas. La Asamblea General de la ONU aprob\u00f3 el 26 de noviembre de ese a\u00f1o la Resoluci\u00f3n A\/RES\/80\/10, mediante la cual estableci\u00f3 el 5 de septiembre como el\u00a0<strong>D\u00eda Internacional de las Mujeres y Ni\u00f1as Ind\u00edgenas del Mundo<\/strong>, una denominaci\u00f3n que ampl\u00eda la mirada para incluir especialmente a las ni\u00f1as y sus derechos.<\/p>\n<h2 class=\"article-text\">\u00bfPor qu\u00e9 se celebra el 5 de septiembre?<\/h2>\n<p class=\"article-text\">La elecci\u00f3n de la fecha est\u00e1 vinculada con la historia de\u00a0<strong>Bartolina Sisa<\/strong>, una de las figuras m\u00e1s importantes de la resistencia ind\u00edgena en el Alto Per\u00fa. De origen aymara, organiz\u00f3 junto con T\u00fapac Katari movimientos de resistencia contra la dominaci\u00f3n espa\u00f1ola y tuvo un papel destacado durante el sitio de La Paz de 1781.<\/p>\n<p class=\"article-text\">Bartolina fue capturada por las fuerzas espa\u00f1olas y, despu\u00e9s de permanecer detenida, fue ejecutada p\u00fablicamente el\u00a0<strong>5 de septiembre de 1782<\/strong>. Su muerte se convirti\u00f3 con el paso del tiempo en un s\u00edmbolo de la resistencia de las mujeres ind\u00edgenas frente a la violencia, la opresi\u00f3n y el despojo de sus comunidades.<\/p>\n<p class=\"article-text\">Dos siglos despu\u00e9s, organizaciones ind\u00edgenas reunidas en Bolivia recuperaron su figura para establecer una jornada destinada a reconocer no solamente su historia personal, sino tambi\u00e9n la participaci\u00f3n de miles de mujeres ind\u00edgenas en las luchas por sus pueblos, sus territorios, su cultura y sus derechos.<\/p>\n<h2 class=\"article-text\">Qui\u00e9n fue Bartolina Sisa<\/h2>\n<p class=\"article-text\">La historia de Bartolina Sisa est\u00e1 estrechamente relacionada con las rebeliones ind\u00edgenas que tuvieron lugar en el Alto Per\u00fa durante el siglo XVIII. Seg\u00fan registros difundidos por organismos argentinos, recorri\u00f3 diferentes territorios vinculada al comercio de hojas de coca y tejidos, experiencias que le permitieron conocer de cerca las condiciones de opresi\u00f3n que atravesaban las poblaciones ind\u00edgenas.<\/p>\n<p class=\"article-text\">Junto con T\u00fapac Katari particip\u00f3 en la organizaci\u00f3n de la resistencia ind\u00edgena. En 1781, las fuerzas rebeldes sitiaron La Paz durante m\u00e1s de cien d\u00edas, en uno de los levantamientos m\u00e1s importantes contra el poder colonial de la \u00e9poca.<\/p>\n<p class=\"article-text\">La rebeli\u00f3n finalmente fue derrotada y Bartolina Sisa fue capturada. El 5 de septiembre de 1782 fue ejecutada p\u00fablicamente. Su figura qued\u00f3 asociada desde entonces con la resistencia ind\u00edgena y, particularmente, con el protagonismo de las mujeres dentro de esas luchas.<\/p>\n<h2 class=\"article-text\">Mujeres ind\u00edgenas: guardianas de la memoria y la cultura<\/h2>\n<p class=\"article-text\">La conmemoraci\u00f3n no se limita a recordar a una mujer del pasado. Tambi\u00e9n busca poner en primer plano el papel que las mujeres ind\u00edgenas tienen actualmente en sus comunidades.<\/p>\n<p class=\"article-text\">En numerosos pueblos originarios, las mujeres participan activamente en la\u00a0<strong>transmisi\u00f3n de las lenguas, los conocimientos, las pr\u00e1cticas culturales, las tradiciones y las formas de entender el v\u00ednculo con el territorio<\/strong>. El Estado argentino ha destacado ese rol como parte de la construcci\u00f3n de identidad y de la continuidad cultural de las comunidades.<\/p>\n<p class=\"article-text\">Ese conocimiento no necesariamente se transmite a trav\u00e9s de instituciones formales. Muchas veces pasa de generaci\u00f3n en generaci\u00f3n dentro de las familias y las comunidades: mediante relatos, ceremonias, tejidos, artesan\u00edas, pr\u00e1cticas productivas, medicina tradicional, alimentaci\u00f3n y distintas expresiones culturales.<\/p>\n<p class=\"article-text\">Por eso, reconocer a las mujeres ind\u00edgenas tambi\u00e9n significa reconocer el valor de conocimientos que durante mucho tiempo fueron invisibilizados o considerados secundarios.<\/p>\n<figure><picture class=\"news-image\"><source srcset=\"https:\/\/static.eldiario.es\/clip\/715d0971-fb2d-406a-ad87-f59eeb9a1e3c_16-9-discover-aspect-ratio_50p_0.webp\" type=\"image\/webp\" media=\"(max-width: 576px)\" \/><source srcset=\"https:\/\/static.eldiario.es\/clip\/715d0971-fb2d-406a-ad87-f59eeb9a1e3c_16-9-discover-aspect-ratio_50p_0.jpg\" type=\"image\/jpg\" media=\"(max-width: 576px)\" \/><source srcset=\"https:\/\/static.eldiario.es\/clip\/715d0971-fb2d-406a-ad87-f59eeb9a1e3c_16-9-discover-aspect-ratio_75p_0.webp\" type=\"image\/webp\" media=\"(max-width: 767px)\" \/><source srcset=\"https:\/\/static.eldiario.es\/clip\/715d0971-fb2d-406a-ad87-f59eeb9a1e3c_16-9-discover-aspect-ratio_75p_0.jpg\" type=\"image\/jpg\" media=\"(max-width: 767px)\" \/><source srcset=\"https:\/\/static.eldiario.es\/clip\/715d0971-fb2d-406a-ad87-f59eeb9a1e3c_16-9-discover-aspect-ratio_default_0.webp\" type=\"image\/webp\" media=\"(min-width: 768px)\" \/><source srcset=\"https:\/\/static.eldiario.es\/clip\/715d0971-fb2d-406a-ad87-f59eeb9a1e3c_16-9-discover-aspect-ratio_default_0.jpg\" type=\"image\/jpg\" media=\"(min-width: 768px)\" \/><source srcset=\"https:\/\/static.eldiario.es\/clip\/715d0971-fb2d-406a-ad87-f59eeb9a1e3c_16-9-discover-aspect-ratio_default_0.webp\" type=\"image\/webp\" \/><img decoding=\"async\" class=\"lazy entered loaded\" src=\"https:\/\/static.eldiario.es\/clip\/715d0971-fb2d-406a-ad87-f59eeb9a1e3c_16-9-discover-aspect-ratio_default_0.jpg\" alt=\"Mujeres y ni\u00f1as ind\u00edgenas\" data-src=\"https:\/\/static.eldiario.es\/clip\/715d0971-fb2d-406a-ad87-f59eeb9a1e3c_16-9-discover-aspect-ratio_default_0.jpg\" data-ll-status=\"loaded\" \/><\/picture><figcaption class=\"image-footer\"><span class=\"title\">Mujeres y ni\u00f1as ind\u00edgenas<\/span><\/figcaption><\/figure>\n<h2 class=\"article-text\">Una fecha que tambi\u00e9n habla de derechos<\/h2>\n<p class=\"article-text\">La conmemoraci\u00f3n pone el foco en una realidad atravesada por m\u00faltiples desigualdades. Las mujeres ind\u00edgenas pueden enfrentar simult\u00e1neamente situaciones de\u00a0<strong>discriminaci\u00f3n por su pertenencia \u00e9tnica, desigualdad de g\u00e9nero, dificultades para acceder a servicios b\u00e1sicos y barreras para ejercer plenamente sus derechos<\/strong>.<\/p>\n<p class=\"article-text\">En Argentina, organismos p\u00fablicos han se\u00f1alado especialmente la necesidad de prevenir y erradicar las violencias contra mujeres ind\u00edgenas mediante pol\u00edticas que tengan en cuenta las particularidades culturales, territoriales y comunitarias de cada pueblo.<\/p>\n<p class=\"article-text\">La perspectiva intercultural resulta fundamental porque no todas las comunidades tienen las mismas historias, necesidades ni formas de organizaci\u00f3n. Hablar de \u201cmujeres ind\u00edgenas\u201d implica reconocer una enorme diversidad de pueblos, lenguas, territorios e identidades.<\/p>\n<h2 class=\"article-text\">\u00bfPor qu\u00e9 ahora tambi\u00e9n se habla de ni\u00f1as ind\u00edgenas?<\/h2>\n<p class=\"article-text\">La incorporaci\u00f3n de las\u00a0<strong>ni\u00f1as<\/strong>\u00a0a la denominaci\u00f3n internacional de la jornada refuerza la necesidad de mirar hacia las nuevas generaciones. La infancia ind\u00edgena enfrenta desaf\u00edos particulares relacionados con el acceso a la educaci\u00f3n, la salud, la identidad cultural y la preservaci\u00f3n de las lenguas originarias.<\/p>\n<p class=\"article-text\">Garantizar sus derechos implica que puedan crecer sin discriminaci\u00f3n y, al mismo tiempo, conservar los v\u00ednculos con sus comunidades y sus propias identidades culturales.<\/p>\n<p class=\"article-text\">La educaci\u00f3n tiene un papel central en ese proceso. En Argentina, por ejemplo, se han desarrollado materiales educativos que incorporan una perspectiva intercultural y experiencias en lenguas ind\u00edgenas, con el objetivo de que las instituciones educativas puedan contemplar las distintas historias y formas de construir conocimiento.<\/p>\n<h2 class=\"article-text\">Mujeres ind\u00edgenas y defensa del territorio<\/h2>\n<p class=\"article-text\">Otro de los grandes ejes de esta fecha es la relaci\u00f3n entre las mujeres ind\u00edgenas y el territorio. Para numerosos pueblos originarios, la tierra no representa solamente un espacio f\u00edsico o un recurso econ\u00f3mico: est\u00e1 vinculada con la identidad, la memoria, la cultura y la continuidad de la comunidad.<\/p>\n<p class=\"article-text\">En ese contexto, muchas mujeres participan en la defensa de sus territorios y en iniciativas relacionadas con la protecci\u00f3n de los recursos naturales, la producci\u00f3n comunitaria y la transmisi\u00f3n de conocimientos tradicionales.<\/p>\n<p class=\"article-text\">La ONU tambi\u00e9n destaca el liderazgo y las contribuciones de las mujeres ind\u00edgenas en \u00e1mbitos como la defensa de los derechos humanos, la protecci\u00f3n de la biodiversidad y la b\u00fasqueda de soluciones para sus comunidades.<\/p>\n<h2 class=\"article-text\">Una fecha que trasciende el homenaje<\/h2>\n<p class=\"article-text\">El D\u00eda Internacional de las Mujeres y Ni\u00f1as Ind\u00edgenas tiene, por lo tanto, una doble dimensi\u00f3n. Por un lado, recuerda la historia de\u00a0<strong>Bartolina Sisa y de tantas mujeres que enfrentaron diferentes formas de dominaci\u00f3n<\/strong>. Por otro, propone mirar el presente y reconocer las demandas y los aportes de las mujeres y ni\u00f1as ind\u00edgenas de todo el mundo.<\/p>\n<p class=\"article-text\">La decisi\u00f3n de la Asamblea General de Naciones Unidas de reconocer oficialmente la jornada ampli\u00f3 el alcance de una conmemoraci\u00f3n que naci\u00f3 desde los propios movimientos ind\u00edgenas latinoamericanos.<\/p>\n<p class=\"article-text\">En Argentina, donde conviven numerosos pueblos originarios, la fecha representa adem\u00e1s una oportunidad para fortalecer el conocimiento sobre sus historias y culturas y promover una mirada que no reduzca a las comunidades ind\u00edgenas a una cuesti\u00f3n del pasado.<\/p>\n<div id=\"container-after-news-outlook\"><\/div>\n<p class=\"article-text\">El\u00a0<strong>5 de septiembre<\/strong>, entonces, no es solamente una efem\u00e9ride. Es una invitaci\u00f3n a recuperar memorias, escuchar voces que durante mucho tiempo fueron silenciadas y reconocer que las mujeres y ni\u00f1as ind\u00edgenas son protagonistas del presente y tambi\u00e9n fundamentales para construir el futuro de sus pueblos.<\/p>\n<p class=\"article-text\"><em>NB<\/em><\/p>\n","protected":false},"excerpt":{"rendered":"<p>Cada 5 de septiembre se conmemora el D\u00eda Internacional de las Mujeres y Ni\u00f1as Ind\u00edgenas, una fecha que busca visibilizar sus derechos, sus aportes a las comunidades y su papel en la preservaci\u00f3n de las lenguas, las culturas y los conocimientos ancestrales. La jornada tiene adem\u00e1s una historia de resistencia detr\u00e1s: recuerda a Bartolina Sisa, [&hellip;]<\/p>\n","protected":false},"author":3,"featured_media":143100,"comment_status":"closed","ping_status":"closed","sticky":false,"template":"","format":"standard","meta":{"footnotes":""},"categories":[35],"tags":[],"class_list":["post-143099","post","type-post","status-publish","format-standard","has-post-thumbnail","hentry","category-cultura"],"yoast_head":"<!-- This site is optimized with the Yoast SEO plugin v25.9 - https:\/\/yoast.com\/wordpress\/plugins\/seo\/ -->\n<title>D\u00eda Internacional de las Mujeres y Ni\u00f1as Ind\u00edgenas: \u00bfpor qu\u00e9 se celebra el 5 de septiembre? - Noticias Radio Reflejos<\/title>\n<meta name=\"robots\" content=\"index, follow, max-snippet:-1, max-image-preview:large, max-video-preview:-1\" \/>\n<link rel=\"canonical\" href=\"https:\/\/www.noticiasradioreflejos.com.ar\/2021\/dia-internacional-de-las-mujeres-y-ninas-indigenas-por-que-se-celebra-el-5-de-septiembre\/\" \/>\n<meta property=\"og:locale\" content=\"es_ES\" \/>\n<meta property=\"og:type\" content=\"article\" \/>\n<meta property=\"og:title\" content=\"D\u00eda Internacional de las Mujeres y Ni\u00f1as Ind\u00edgenas: \u00bfpor qu\u00e9 se celebra el 5 de septiembre? - Noticias Radio Reflejos\" \/>\n<meta property=\"og:description\" content=\"Cada 5 de septiembre se conmemora el D\u00eda Internacional de las Mujeres y Ni\u00f1as Ind\u00edgenas, una fecha que busca visibilizar sus derechos, sus aportes a las comunidades y su papel en la preservaci\u00f3n de las lenguas, las culturas y los conocimientos ancestrales. La jornada tiene adem\u00e1s una historia de resistencia detr\u00e1s: recuerda a Bartolina Sisa, [&hellip;]\" \/>\n<meta property=\"og:url\" content=\"https:\/\/www.noticiasradioreflejos.com.ar\/2021\/dia-internacional-de-las-mujeres-y-ninas-indigenas-por-que-se-celebra-el-5-de-septiembre\/\" \/>\n<meta property=\"og:site_name\" content=\"Noticias Radio Reflejos\" \/>\n<meta property=\"article:published_time\" content=\"2026-09-05T11:46:07+00:00\" \/>\n<meta property=\"og:image\" content=\"https:\/\/www.noticiasradioreflejos.com.ar\/2021\/wp-content\/uploads\/2026\/09\/mujer-indigena.webp\" \/>\n\t<meta property=\"og:image:width\" content=\"1200\" \/>\n\t<meta property=\"og:image:height\" content=\"675\" \/>\n\t<meta property=\"og:image:type\" content=\"image\/webp\" \/>\n<meta name=\"author\" content=\"Arnaldo Botto\" \/>\n<meta name=\"twitter:card\" content=\"summary_large_image\" \/>\n<script type=\"application\/ld+json\" class=\"yoast-schema-graph\">{\"@context\":\"https:\/\/schema.org\",\"@graph\":[{\"@type\":\"WebPage\",\"@id\":\"https:\/\/www.noticiasradioreflejos.com.ar\/2021\/dia-internacional-de-las-mujeres-y-ninas-indigenas-por-que-se-celebra-el-5-de-septiembre\/\",\"url\":\"https:\/\/www.noticiasradioreflejos.com.ar\/2021\/dia-internacional-de-las-mujeres-y-ninas-indigenas-por-que-se-celebra-el-5-de-septiembre\/\",\"name\":\"D\u00eda Internacional de las Mujeres y Ni\u00f1as Ind\u00edgenas: \u00bfpor qu\u00e9 se celebra el 5 de septiembre? - Noticias Radio Reflejos\",\"isPartOf\":{\"@id\":\"https:\/\/www.noticiasradioreflejos.com.ar\/2021\/#website\"},\"primaryImageOfPage\":{\"@id\":\"https:\/\/www.noticiasradioreflejos.com.ar\/2021\/dia-internacional-de-las-mujeres-y-ninas-indigenas-por-que-se-celebra-el-5-de-septiembre\/#primaryimage\"},\"image\":{\"@id\":\"https:\/\/www.noticiasradioreflejos.com.ar\/2021\/dia-internacional-de-las-mujeres-y-ninas-indigenas-por-que-se-celebra-el-5-de-septiembre\/#primaryimage\"},\"thumbnailUrl\":\"https:\/\/www.noticiasradioreflejos.com.ar\/2021\/wp-content\/uploads\/2026\/09\/mujer-indigena.webp\",\"datePublished\":\"2026-09-05T11:46:07+00:00\",\"author\":{\"@id\":\"https:\/\/www.noticiasradioreflejos.com.ar\/2021\/#\/schema\/person\/ad82545263dcc5ec0996818884fd5fb1\"},\"breadcrumb\":{\"@id\":\"https:\/\/www.noticiasradioreflejos.com.ar\/2021\/dia-internacional-de-las-mujeres-y-ninas-indigenas-por-que-se-celebra-el-5-de-septiembre\/#breadcrumb\"},\"inLanguage\":\"es\",\"potentialAction\":[{\"@type\":\"ReadAction\",\"target\":[\"https:\/\/www.noticiasradioreflejos.com.ar\/2021\/dia-internacional-de-las-mujeres-y-ninas-indigenas-por-que-se-celebra-el-5-de-septiembre\/\"]}]},{\"@type\":\"ImageObject\",\"inLanguage\":\"es\",\"@id\":\"https:\/\/www.noticiasradioreflejos.com.ar\/2021\/dia-internacional-de-las-mujeres-y-ninas-indigenas-por-que-se-celebra-el-5-de-septiembre\/#primaryimage\",\"url\":\"https:\/\/www.noticiasradioreflejos.com.ar\/2021\/wp-content\/uploads\/2026\/09\/mujer-indigena.webp\",\"contentUrl\":\"https:\/\/www.noticiasradioreflejos.com.ar\/2021\/wp-content\/uploads\/2026\/09\/mujer-indigena.webp\",\"width\":1200,\"height\":675},{\"@type\":\"BreadcrumbList\",\"@id\":\"https:\/\/www.noticiasradioreflejos.com.ar\/2021\/dia-internacional-de-las-mujeres-y-ninas-indigenas-por-que-se-celebra-el-5-de-septiembre\/#breadcrumb\",\"itemListElement\":[{\"@type\":\"ListItem\",\"position\":1,\"name\":\"Portada\",\"item\":\"https:\/\/www.noticiasradioreflejos.com.ar\/2021\/\"},{\"@type\":\"ListItem\",\"position\":2,\"name\":\"D\u00eda Internacional de las Mujeres y Ni\u00f1as Ind\u00edgenas: \u00bfpor qu\u00e9 se celebra el 5 de septiembre?\"}]},{\"@type\":\"WebSite\",\"@id\":\"https:\/\/www.noticiasradioreflejos.com.ar\/2021\/#website\",\"url\":\"https:\/\/www.noticiasradioreflejos.com.ar\/2021\/\",\"name\":\"Noticias Radio Reflejos\",\"description\":\"Las noticias de mi comarca\",\"potentialAction\":[{\"@type\":\"SearchAction\",\"target\":{\"@type\":\"EntryPoint\",\"urlTemplate\":\"https:\/\/www.noticiasradioreflejos.com.ar\/2021\/?s={search_term_string}\"},\"query-input\":{\"@type\":\"PropertyValueSpecification\",\"valueRequired\":true,\"valueName\":\"search_term_string\"}}],\"inLanguage\":\"es\"},{\"@type\":\"Person\",\"@id\":\"https:\/\/www.noticiasradioreflejos.com.ar\/2021\/#\/schema\/person\/ad82545263dcc5ec0996818884fd5fb1\",\"name\":\"Arnaldo Botto\",\"image\":{\"@type\":\"ImageObject\",\"inLanguage\":\"es\",\"@id\":\"https:\/\/www.noticiasradioreflejos.com.ar\/2021\/#\/schema\/person\/image\/\",\"url\":\"https:\/\/secure.gravatar.com\/avatar\/55cb5e37c1efa326397366e6974cb338056df65cb50e7d64d1cf314e87504837?s=96&d=mm&r=g\",\"contentUrl\":\"https:\/\/secure.gravatar.com\/avatar\/55cb5e37c1efa326397366e6974cb338056df65cb50e7d64d1cf314e87504837?s=96&d=mm&r=g\",\"caption\":\"Arnaldo Botto\"},\"url\":\"https:\/\/www.noticiasradioreflejos.com.ar\/2021\/author\/arnaldo\/\"}]}<\/script>\n<!-- \/ Yoast SEO plugin. -->","yoast_head_json":{"title":"D\u00eda Internacional de las Mujeres y Ni\u00f1as Ind\u00edgenas: \u00bfpor qu\u00e9 se celebra el 5 de septiembre? - Noticias Radio Reflejos","robots":{"index":"index","follow":"follow","max-snippet":"max-snippet:-1","max-image-preview":"max-image-preview:large","max-video-preview":"max-video-preview:-1"},"canonical":"https:\/\/www.noticiasradioreflejos.com.ar\/2021\/dia-internacional-de-las-mujeres-y-ninas-indigenas-por-que-se-celebra-el-5-de-septiembre\/","og_locale":"es_ES","og_type":"article","og_title":"D\u00eda Internacional de las Mujeres y Ni\u00f1as Ind\u00edgenas: \u00bfpor qu\u00e9 se celebra el 5 de septiembre? - Noticias Radio Reflejos","og_description":"Cada 5 de septiembre se conmemora el D\u00eda Internacional de las Mujeres y Ni\u00f1as Ind\u00edgenas, una fecha que busca visibilizar sus derechos, sus aportes a las comunidades y su papel en la preservaci\u00f3n de las lenguas, las culturas y los conocimientos ancestrales. La jornada tiene adem\u00e1s una historia de resistencia detr\u00e1s: recuerda a Bartolina Sisa, [&hellip;]","og_url":"https:\/\/www.noticiasradioreflejos.com.ar\/2021\/dia-internacional-de-las-mujeres-y-ninas-indigenas-por-que-se-celebra-el-5-de-septiembre\/","og_site_name":"Noticias Radio Reflejos","article_published_time":"2026-09-05T11:46:07+00:00","og_image":[{"width":1200,"height":675,"url":"https:\/\/www.noticiasradioreflejos.com.ar\/2021\/wp-content\/uploads\/2026\/09\/mujer-indigena.webp","type":"image\/webp"}],"author":"Arnaldo Botto","twitter_card":"summary_large_image","schema":{"@context":"https:\/\/schema.org","@graph":[{"@type":"WebPage","@id":"https:\/\/www.noticiasradioreflejos.com.ar\/2021\/dia-internacional-de-las-mujeres-y-ninas-indigenas-por-que-se-celebra-el-5-de-septiembre\/","url":"https:\/\/www.noticiasradioreflejos.com.ar\/2021\/dia-internacional-de-las-mujeres-y-ninas-indigenas-por-que-se-celebra-el-5-de-septiembre\/","name":"D\u00eda Internacional de las Mujeres y Ni\u00f1as Ind\u00edgenas: \u00bfpor qu\u00e9 se celebra el 5 de septiembre? - Noticias Radio Reflejos","isPartOf":{"@id":"https:\/\/www.noticiasradioreflejos.com.ar\/2021\/#website"},"primaryImageOfPage":{"@id":"https:\/\/www.noticiasradioreflejos.com.ar\/2021\/dia-internacional-de-las-mujeres-y-ninas-indigenas-por-que-se-celebra-el-5-de-septiembre\/#primaryimage"},"image":{"@id":"https:\/\/www.noticiasradioreflejos.com.ar\/2021\/dia-internacional-de-las-mujeres-y-ninas-indigenas-por-que-se-celebra-el-5-de-septiembre\/#primaryimage"},"thumbnailUrl":"https:\/\/www.noticiasradioreflejos.com.ar\/2021\/wp-content\/uploads\/2026\/09\/mujer-indigena.webp","datePublished":"2026-09-05T11:46:07+00:00","author":{"@id":"https:\/\/www.noticiasradioreflejos.com.ar\/2021\/#\/schema\/person\/ad82545263dcc5ec0996818884fd5fb1"},"breadcrumb":{"@id":"https:\/\/www.noticiasradioreflejos.com.ar\/2021\/dia-internacional-de-las-mujeres-y-ninas-indigenas-por-que-se-celebra-el-5-de-septiembre\/#breadcrumb"},"inLanguage":"es","potentialAction":[{"@type":"ReadAction","target":["https:\/\/www.noticiasradioreflejos.com.ar\/2021\/dia-internacional-de-las-mujeres-y-ninas-indigenas-por-que-se-celebra-el-5-de-septiembre\/"]}]},{"@type":"ImageObject","inLanguage":"es","@id":"https:\/\/www.noticiasradioreflejos.com.ar\/2021\/dia-internacional-de-las-mujeres-y-ninas-indigenas-por-que-se-celebra-el-5-de-septiembre\/#primaryimage","url":"https:\/\/www.noticiasradioreflejos.com.ar\/2021\/wp-content\/uploads\/2026\/09\/mujer-indigena.webp","contentUrl":"https:\/\/www.noticiasradioreflejos.com.ar\/2021\/wp-content\/uploads\/2026\/09\/mujer-indigena.webp","width":1200,"height":675},{"@type":"BreadcrumbList","@id":"https:\/\/www.noticiasradioreflejos.com.ar\/2021\/dia-internacional-de-las-mujeres-y-ninas-indigenas-por-que-se-celebra-el-5-de-septiembre\/#breadcrumb","itemListElement":[{"@type":"ListItem","position":1,"name":"Portada","item":"https:\/\/www.noticiasradioreflejos.com.ar\/2021\/"},{"@type":"ListItem","position":2,"name":"D\u00eda Internacional de las Mujeres y Ni\u00f1as Ind\u00edgenas: \u00bfpor qu\u00e9 se celebra el 5 de septiembre?"}]},{"@type":"WebSite","@id":"https:\/\/www.noticiasradioreflejos.com.ar\/2021\/#website","url":"https:\/\/www.noticiasradioreflejos.com.ar\/2021\/","name":"Noticias Radio Reflejos","description":"Las noticias de mi comarca","potentialAction":[{"@type":"SearchAction","target":{"@type":"EntryPoint","urlTemplate":"https:\/\/www.noticiasradioreflejos.com.ar\/2021\/?s={search_term_string}"},"query-input":{"@type":"PropertyValueSpecification","valueRequired":true,"valueName":"search_term_string"}}],"inLanguage":"es"},{"@type":"Person","@id":"https:\/\/www.noticiasradioreflejos.com.ar\/2021\/#\/schema\/person\/ad82545263dcc5ec0996818884fd5fb1","name":"Arnaldo Botto","image":{"@type":"ImageObject","inLanguage":"es","@id":"https:\/\/www.noticiasradioreflejos.com.ar\/2021\/#\/schema\/person\/image\/","url":"https:\/\/secure.gravatar.com\/avatar\/55cb5e37c1efa326397366e6974cb338056df65cb50e7d64d1cf314e87504837?s=96&d=mm&r=g","contentUrl":"https:\/\/secure.gravatar.com\/avatar\/55cb5e37c1efa326397366e6974cb338056df65cb50e7d64d1cf314e87504837?s=96&d=mm&r=g","caption":"Arnaldo Botto"},"url":"https:\/\/www.noticiasradioreflejos.com.ar\/2021\/author\/arnaldo\/"}]}},"_links":{"self":[{"href":"https:\/\/www.noticiasradioreflejos.com.ar\/2021\/wp-json\/wp\/v2\/posts\/143099","targetHints":{"allow":["GET"]}}],"collection":[{"href":"https:\/\/www.noticiasradioreflejos.com.ar\/2021\/wp-json\/wp\/v2\/posts"}],"about":[{"href":"https:\/\/www.noticiasradioreflejos.com.ar\/2021\/wp-json\/wp\/v2\/types\/post"}],"author":[{"embeddable":true,"href":"https:\/\/www.noticiasradioreflejos.com.ar\/2021\/wp-json\/wp\/v2\/users\/3"}],"replies":[{"embeddable":true,"href":"https:\/\/www.noticiasradioreflejos.com.ar\/2021\/wp-json\/wp\/v2\/comments?post=143099"}],"version-history":[{"count":1,"href":"https:\/\/www.noticiasradioreflejos.com.ar\/2021\/wp-json\/wp\/v2\/posts\/143099\/revisions"}],"predecessor-version":[{"id":143102,"href":"https:\/\/www.noticiasradioreflejos.com.ar\/2021\/wp-json\/wp\/v2\/posts\/143099\/revisions\/143102"}],"wp:featuredmedia":[{"embeddable":true,"href":"https:\/\/www.noticiasradioreflejos.com.ar\/2021\/wp-json\/wp\/v2\/media\/143100"}],"wp:attachment":[{"href":"https:\/\/www.noticiasradioreflejos.com.ar\/2021\/wp-json\/wp\/v2\/media?parent=143099"}],"wp:term":[{"taxonomy":"category","embeddable":true,"href":"https:\/\/www.noticiasradioreflejos.com.ar\/2021\/wp-json\/wp\/v2\/categories?post=143099"},{"taxonomy":"post_tag","embeddable":true,"href":"https:\/\/www.noticiasradioreflejos.com.ar\/2021\/wp-json\/wp\/v2\/tags?post=143099"}],"curies":[{"name":"wp","href":"https:\/\/api.w.org\/{rel}","templated":true}]}}