{"id":143088,"date":"2026-09-04T13:06:35","date_gmt":"2026-09-04T16:06:35","guid":{"rendered":"https:\/\/www.noticiasradioreflejos.com.ar\/2021\/?p=143088"},"modified":"2026-09-04T13:09:48","modified_gmt":"2026-09-04T16:09:48","slug":"dia-de-la-historieta-argentina-por-que-se-celebra-hoy-y-cuales-son-sus-cinco-personajes-mas-famosos","status":"publish","type":"post","link":"https:\/\/www.noticiasradioreflejos.com.ar\/2021\/dia-de-la-historieta-argentina-por-que-se-celebra-hoy-y-cuales-son-sus-cinco-personajes-mas-famosos\/","title":{"rendered":"D\u00eda de la Historieta Argentina: por qu\u00e9 se celebra hoy y cu\u00e1les son sus cinco personajes m\u00e1s famosos"},"content":{"rendered":"<p>La fecha recuerda la aparici\u00f3n de Hora Cero Semanal, una publicaci\u00f3n fundamental para el g\u00e9nero.<!--more--><\/p>\n<div class=\"sizer\" data-sizer=\"aspect-ratio\" data-tadevel-template=\"web\/aspect-ratio\"><\/div>\n<div class=\"article-body\" data-tadevel-template=\"web\/article-body\">\n<div class=\"article-body-content\">\n<p>Cada\u00a0<strong>4 de septiembre se celebra el D\u00eda Nacional de la Historieta Argentina<\/strong>, una fecha que busca reconocer a los dibujantes, guionistas y artistas que construyeron una de las tradiciones culturales m\u00e1s importantes del pa\u00eds.<\/p>\n<p>La elecci\u00f3n del d\u00eda no es casual. El\u00a0<strong>4 de septiembre de 1957 apareci\u00f3 el primer n\u00famero de\u00a0<\/strong><i><strong>Hora Cero Semanal<\/strong><\/i>, revista publicada por Editorial Frontera y dirigida por\u00a0<strong>H\u00e9ctor Germ\u00e1n Oesterheld<\/strong>, uno de los grandes nombres de la historieta argentina.<\/p>\n<p>La publicaci\u00f3n represent\u00f3 un punto de inflexi\u00f3n para el g\u00e9nero y fue escenario de algunas de sus obras m\u00e1s recordadas. Entre ellas sobresale\u00a0<a href=\"https:\/\/noticiasargentinas.com\/espectaculos\/desde-alemania-hasta-venezuela---el-eternauta--es-la-serie-de-netflix-mas-vista-en-20-paises_a68154b4458630da7cd810ab4?srsltid=AfmBOoqpI7V72wA6Dco6e7P_hLBfWU7h_zYtR7QKrzdEqxjhMA8qXxAn\"><strong>El Eternauta<\/strong><\/a>, creada por Oesterheld junto con el dibujante Francisco Solano L\u00f3pez.<\/p>\n<p>Aunque los antecedentes de la historieta argentina pueden rastrearse hasta fines del siglo XIX, con publicaciones en revistas como\u00a0<i>Caras y Caretas<\/i>, durante el siglo XX surgieron t\u00edtulos y personajes que se incorporaron definitivamente a la cultura popular.<\/p>\n<p>La celebraci\u00f3n comenz\u00f3 a impulsarse en 2005 por iniciativa de artistas, editores, cr\u00edticos y lectores. Finalmente, en\u00a0<strong>octubre de 2010 se sancion\u00f3 la Ley 26.652<\/strong>, que estableci\u00f3 oficialmente el 4 de septiembre como D\u00eda Nacional de la Historieta Argentina.<\/p>\n<p>A lo largo de las d\u00e9cadas, personajes nacidos sobre el papel lograron atravesar generaciones e incluso las fronteras del pa\u00eds. Algunos se convirtieron en s\u00edmbolos universales y otros permanecen asociados a formas muy argentinas de interpretar el humor, la pol\u00edtica, el f\u00fatbol y la sociedad.<\/p>\n<h3>Los cinco personajes m\u00e1s famosos de la historieta argentina<\/h3>\n<h4>Mafalda<\/h4>\n<p>Creada por\u00a0<strong>Joaqu\u00edn Salvador Lavado, Quino<\/strong>, Mafalda comenz\u00f3 a publicarse en\u00a0<i>Primera Plana<\/i>\u00a0el\u00a0<strong>29 de septiembre de 1964<\/strong>. La tira tuvo como protagonista a una ni\u00f1a de clase media preocupada por la humanidad, la paz mundial y las contradicciones del mundo de los adultos.<\/p>\n<p><a href=\"https:\/\/www.noticiasradioreflejos.com.ar\/2021\/dia-de-la-historieta-argentina-por-que-se-celebra-hoy-y-cuales-son-sus-cinco-personajes-mas-famosos\/360-3-3\/\" rel=\"attachment wp-att-143089\"><img loading=\"lazy\" decoding=\"async\" class=\"aligncenter size-full wp-image-143089\" src=\"https:\/\/www.noticiasradioreflejos.com.ar\/2021\/wp-content\/uploads\/2026\/09\/360-3.avif\" alt=\"\" width=\"640\" height=\"260\" srcset=\"https:\/\/www.noticiasradioreflejos.com.ar\/2021\/wp-content\/uploads\/2026\/09\/360-3.avif 640w, https:\/\/www.noticiasradioreflejos.com.ar\/2021\/wp-content\/uploads\/2026\/09\/360-3-300x122.avif 300w\" sizes=\"auto, (max-width: 640px) 100vw, 640px\" \/><\/a><\/p>\n<p>Su repercusi\u00f3n excedi\u00f3 ampliamente a la Argentina. La obra alcanz\u00f3 gran popularidad en Am\u00e9rica Latina y Europa y fue traducida a\u00a0<strong>m\u00e1s de 30 idiomas<\/strong>, convirtiendo a Mafalda en uno de los personajes argentinos m\u00e1s reconocidos internacionalmente.<\/p>\n<h4>Juan Salvo, El Eternauta<\/h4>\n<p><strong>Juan Salvo<\/strong>\u00a0es el protagonista de\u00a0<i>El Eternauta<\/i>, la obra creada por\u00a0<strong>H\u00e9ctor Germ\u00e1n Oesterheld y Francisco Solano L\u00f3pez<\/strong>. En la historia original es un hombre com\u00fan que debe sobrevivir junto con su familia y amigos a una misteriosa nevada mortal y a una posterior invasi\u00f3n extraterrestre.<\/p>\n<p>Su imagen con el\u00a0<strong>traje aislante, la m\u00e1scara y el visor<\/strong>\u00a0se transform\u00f3 en una de las representaciones visuales m\u00e1s reconocibles de la historieta argentina. Con el desarrollo de la historia, Salvo termina convertido en un viajero a trav\u00e9s del tiempo y el espacio, origen del nombre \u201cEternauta\u201d.<\/p>\n<h4>Patoruz\u00fa<\/h4>\n<p>Creado por\u00a0<strong>Dante Quinterno<\/strong>, Patoruz\u00fa apareci\u00f3 inicialmente dentro de otra tira hasta que su enorme popularidad hizo que terminara convirti\u00e9ndose en protagonista de su propia historieta. Desde Cultura de la Naci\u00f3n lo definieron como uno de los h\u00e9roes ficcionales m\u00e1s importantes de los argentinos.<\/p>\n<p>El personaje apareci\u00f3 por primera vez en las p\u00e1ginas del diario\u00a0<i>Cr\u00edtica<\/i>. M\u00e1s tarde se transform\u00f3 en un aut\u00e9ntico fen\u00f3meno editorial: su revista agot\u00f3 sucesivas tiradas y alcanz\u00f3 ventas masivas.<\/p>\n<p><a href=\"https:\/\/www.noticiasradioreflejos.com.ar\/2021\/dia-de-la-historieta-argentina-por-que-se-celebra-hoy-y-cuales-son-sus-cinco-personajes-mas-famosos\/360-2-4\/\" rel=\"attachment wp-att-143090\"><img loading=\"lazy\" decoding=\"async\" class=\"aligncenter size-full wp-image-143090\" src=\"https:\/\/www.noticiasradioreflejos.com.ar\/2021\/wp-content\/uploads\/2026\/09\/360-2.avif\" alt=\"\" width=\"640\" height=\"316\" srcset=\"https:\/\/www.noticiasradioreflejos.com.ar\/2021\/wp-content\/uploads\/2026\/09\/360-2.avif 640w, https:\/\/www.noticiasradioreflejos.com.ar\/2021\/wp-content\/uploads\/2026\/09\/360-2-300x148.avif 300w\" sizes=\"auto, (max-width: 640px) 100vw, 640px\" \/><\/a><\/p>\n<h4>Inodoro Pereyra<\/h4>\n<p><strong>Inodoro Pereyra<\/strong>\u00a0naci\u00f3 en 1972 de la mano de\u00a0<strong>Roberto Fontanarrosa<\/strong>. El personaje es un gaucho solitario de la pampa argentina que comparte sus aventuras y reflexiones con su inseparable perro parlante, Mendieta.<\/p>\n<\/div>\n<p><a href=\"https:\/\/www.noticiasradioreflejos.com.ar\/2021\/dia-de-la-historieta-argentina-por-que-se-celebra-hoy-y-cuales-son-sus-cinco-personajes-mas-famosos\/360-1-11\/\" rel=\"attachment wp-att-143091\"><img loading=\"lazy\" decoding=\"async\" class=\"aligncenter size-full wp-image-143091\" src=\"https:\/\/www.noticiasradioreflejos.com.ar\/2021\/wp-content\/uploads\/2026\/09\/360-1.avif\" alt=\"\" width=\"619\" height=\"360\" srcset=\"https:\/\/www.noticiasradioreflejos.com.ar\/2021\/wp-content\/uploads\/2026\/09\/360-1.avif 619w, https:\/\/www.noticiasradioreflejos.com.ar\/2021\/wp-content\/uploads\/2026\/09\/360-1-300x174.avif 300w\" sizes=\"auto, (max-width: 619px) 100vw, 619px\" \/><\/a><\/p>\n<div class=\"article-body-content\">\n<p>La historieta apareci\u00f3 inicialmente en la revista cordobesa\u00a0<i>Hortensia<\/i>\u00a0y comenz\u00f3 como una parodia de los estereotipos y personajes gauchescos tradicionales. Con el paso del tiempo, el lenguaje, los juegos de palabras y el absurdo se transformaron en elementos centrales de su humor.<\/p>\n<h4>Clemente<\/h4>\n<p>Creado por\u00a0<strong>Caloi<\/strong>, Clemente apareci\u00f3 el\u00a0<strong>8 de marzo de 1973<\/strong>\u00a0y termin\u00f3 convirti\u00e9ndose en otra de las figuras cl\u00e1sicas del humor gr\u00e1fico nacional. Comenz\u00f3 como personaje secundario de\u00a0<i>Bartolo el maquinista<\/i>, pero su crecimiento fue tal que termin\u00f3 desplazando al protagonista original y dando nombre a la tira.<\/p>\n<\/div>\n<p><a href=\"https:\/\/www.noticiasradioreflejos.com.ar\/2021\/dia-de-la-historieta-argentina-por-que-se-celebra-hoy-y-cuales-son-sus-cinco-personajes-mas-famosos\/360-36\/\" rel=\"attachment wp-att-143092\"><img loading=\"lazy\" decoding=\"async\" class=\"aligncenter size-full wp-image-143092\" src=\"https:\/\/www.noticiasradioreflejos.com.ar\/2021\/wp-content\/uploads\/2026\/09\/360.avif\" alt=\"\" width=\"640\" height=\"358\" srcset=\"https:\/\/www.noticiasradioreflejos.com.ar\/2021\/wp-content\/uploads\/2026\/09\/360.avif 640w, https:\/\/www.noticiasradioreflejos.com.ar\/2021\/wp-content\/uploads\/2026\/09\/360-300x168.avif 300w\" sizes=\"auto, (max-width: 640px) 100vw, 640px\" \/><\/a><\/p>\n<div class=\"article-body-content\">\n<p>Sin brazos ni alas y con su particular cuerpo atravesado por rayas, Clemente desarroll\u00f3 una personalidad vinculada con el humor sobre la realidad argentina y el f\u00fatbol. Durante el\u00a0<strong>Mundial de 1978<\/strong>\u00a0protagoniz\u00f3 adem\u00e1s una recordada pol\u00e9mica humor\u00edstica sobre los papelitos que los hinchas arrojaban desde las tribunas.<\/p>\n<p>Mafalda, Juan Salvo, Patoruz\u00fa, Inodoro Pereyra y Clemente pertenecen a momentos y estilos diferentes, pero comparten una caracter\u00edstica: lograron\u00a0<strong>trascender las p\u00e1ginas en las que nacieron y convertirse en parte de la cultura popular argentina<\/strong>.<\/p>\n<\/div>\n<\/div>\n","protected":false},"excerpt":{"rendered":"<p>La fecha recuerda la aparici\u00f3n de Hora Cero Semanal, una publicaci\u00f3n fundamental para el g\u00e9nero.<\/p>\n","protected":false},"author":3,"featured_media":143093,"comment_status":"closed","ping_status":"closed","sticky":false,"template":"","format":"standard","meta":{"footnotes":""},"categories":[35,26],"tags":[],"class_list":["post-143088","post","type-post","status-publish","format-standard","has-post-thumbnail","hentry","category-cultura","category-sociedad"],"yoast_head":"<!-- This site is optimized with the Yoast SEO plugin v25.9 - https:\/\/yoast.com\/wordpress\/plugins\/seo\/ -->\n<title>D\u00eda de la Historieta Argentina: por qu\u00e9 se celebra hoy y cu\u00e1les son sus cinco personajes m\u00e1s famosos - Noticias Radio Reflejos<\/title>\n<meta name=\"robots\" content=\"index, follow, max-snippet:-1, max-image-preview:large, max-video-preview:-1\" \/>\n<link rel=\"canonical\" href=\"https:\/\/www.noticiasradioreflejos.com.ar\/2021\/dia-de-la-historieta-argentina-por-que-se-celebra-hoy-y-cuales-son-sus-cinco-personajes-mas-famosos\/\" \/>\n<meta property=\"og:locale\" content=\"es_ES\" \/>\n<meta property=\"og:type\" content=\"article\" \/>\n<meta property=\"og:title\" content=\"D\u00eda de la Historieta Argentina: por qu\u00e9 se celebra hoy y cu\u00e1les son sus cinco personajes m\u00e1s famosos - Noticias Radio Reflejos\" \/>\n<meta property=\"og:description\" content=\"La fecha recuerda la aparici\u00f3n de Hora Cero Semanal, una publicaci\u00f3n fundamental para el g\u00e9nero.\" \/>\n<meta property=\"og:url\" content=\"https:\/\/www.noticiasradioreflejos.com.ar\/2021\/dia-de-la-historieta-argentina-por-que-se-celebra-hoy-y-cuales-son-sus-cinco-personajes-mas-famosos\/\" \/>\n<meta property=\"og:site_name\" content=\"Noticias Radio Reflejos\" \/>\n<meta property=\"article:published_time\" content=\"2026-09-04T16:06:35+00:00\" \/>\n<meta property=\"article:modified_time\" content=\"2026-09-04T16:09:48+00:00\" \/>\n<meta property=\"og:image\" content=\"https:\/\/www.noticiasradioreflejos.com.ar\/2021\/wp-content\/uploads\/2021\/07\/logosol300x200.png\" \/>\n\t<meta property=\"og:image:width\" content=\"300\" \/>\n\t<meta property=\"og:image:height\" content=\"200\" \/>\n\t<meta property=\"og:image:type\" content=\"image\/png\" \/>\n<meta name=\"author\" content=\"Arnaldo Botto\" \/>\n<meta name=\"twitter:card\" content=\"summary_large_image\" \/>\n<script type=\"application\/ld+json\" class=\"yoast-schema-graph\">{\"@context\":\"https:\/\/schema.org\",\"@graph\":[{\"@type\":\"WebPage\",\"@id\":\"https:\/\/www.noticiasradioreflejos.com.ar\/2021\/dia-de-la-historieta-argentina-por-que-se-celebra-hoy-y-cuales-son-sus-cinco-personajes-mas-famosos\/\",\"url\":\"https:\/\/www.noticiasradioreflejos.com.ar\/2021\/dia-de-la-historieta-argentina-por-que-se-celebra-hoy-y-cuales-son-sus-cinco-personajes-mas-famosos\/\",\"name\":\"D\u00eda de la Historieta Argentina: por qu\u00e9 se celebra hoy y cu\u00e1les son sus cinco personajes m\u00e1s famosos - Noticias Radio Reflejos\",\"isPartOf\":{\"@id\":\"https:\/\/www.noticiasradioreflejos.com.ar\/2021\/#website\"},\"primaryImageOfPage\":{\"@id\":\"https:\/\/www.noticiasradioreflejos.com.ar\/2021\/dia-de-la-historieta-argentina-por-que-se-celebra-hoy-y-cuales-son-sus-cinco-personajes-mas-famosos\/#primaryimage\"},\"image\":{\"@id\":\"https:\/\/www.noticiasradioreflejos.com.ar\/2021\/dia-de-la-historieta-argentina-por-que-se-celebra-hoy-y-cuales-son-sus-cinco-personajes-mas-famosos\/#primaryimage\"},\"thumbnailUrl\":\"https:\/\/www.noticiasradioreflejos.com.ar\/2021\/wp-content\/uploads\/2026\/09\/360-4.avif\",\"datePublished\":\"2026-09-04T16:06:35+00:00\",\"dateModified\":\"2026-09-04T16:09:48+00:00\",\"author\":{\"@id\":\"https:\/\/www.noticiasradioreflejos.com.ar\/2021\/#\/schema\/person\/ad82545263dcc5ec0996818884fd5fb1\"},\"breadcrumb\":{\"@id\":\"https:\/\/www.noticiasradioreflejos.com.ar\/2021\/dia-de-la-historieta-argentina-por-que-se-celebra-hoy-y-cuales-son-sus-cinco-personajes-mas-famosos\/#breadcrumb\"},\"inLanguage\":\"es\",\"potentialAction\":[{\"@type\":\"ReadAction\",\"target\":[\"https:\/\/www.noticiasradioreflejos.com.ar\/2021\/dia-de-la-historieta-argentina-por-que-se-celebra-hoy-y-cuales-son-sus-cinco-personajes-mas-famosos\/\"]}]},{\"@type\":\"ImageObject\",\"inLanguage\":\"es\",\"@id\":\"https:\/\/www.noticiasradioreflejos.com.ar\/2021\/dia-de-la-historieta-argentina-por-que-se-celebra-hoy-y-cuales-son-sus-cinco-personajes-mas-famosos\/#primaryimage\",\"url\":\"https:\/\/www.noticiasradioreflejos.com.ar\/2021\/wp-content\/uploads\/2026\/09\/360-4.avif\",\"contentUrl\":\"https:\/\/www.noticiasradioreflejos.com.ar\/2021\/wp-content\/uploads\/2026\/09\/360-4.avif\",\"width\":640,\"height\":360},{\"@type\":\"BreadcrumbList\",\"@id\":\"https:\/\/www.noticiasradioreflejos.com.ar\/2021\/dia-de-la-historieta-argentina-por-que-se-celebra-hoy-y-cuales-son-sus-cinco-personajes-mas-famosos\/#breadcrumb\",\"itemListElement\":[{\"@type\":\"ListItem\",\"position\":1,\"name\":\"Portada\",\"item\":\"https:\/\/www.noticiasradioreflejos.com.ar\/2021\/\"},{\"@type\":\"ListItem\",\"position\":2,\"name\":\"D\u00eda de la Historieta Argentina: por qu\u00e9 se celebra hoy y cu\u00e1les son sus cinco personajes m\u00e1s famosos\"}]},{\"@type\":\"WebSite\",\"@id\":\"https:\/\/www.noticiasradioreflejos.com.ar\/2021\/#website\",\"url\":\"https:\/\/www.noticiasradioreflejos.com.ar\/2021\/\",\"name\":\"Noticias Radio Reflejos\",\"description\":\"Las noticias de mi comarca\",\"potentialAction\":[{\"@type\":\"SearchAction\",\"target\":{\"@type\":\"EntryPoint\",\"urlTemplate\":\"https:\/\/www.noticiasradioreflejos.com.ar\/2021\/?s={search_term_string}\"},\"query-input\":{\"@type\":\"PropertyValueSpecification\",\"valueRequired\":true,\"valueName\":\"search_term_string\"}}],\"inLanguage\":\"es\"},{\"@type\":\"Person\",\"@id\":\"https:\/\/www.noticiasradioreflejos.com.ar\/2021\/#\/schema\/person\/ad82545263dcc5ec0996818884fd5fb1\",\"name\":\"Arnaldo Botto\",\"image\":{\"@type\":\"ImageObject\",\"inLanguage\":\"es\",\"@id\":\"https:\/\/www.noticiasradioreflejos.com.ar\/2021\/#\/schema\/person\/image\/\",\"url\":\"https:\/\/secure.gravatar.com\/avatar\/55cb5e37c1efa326397366e6974cb338056df65cb50e7d64d1cf314e87504837?s=96&d=mm&r=g\",\"contentUrl\":\"https:\/\/secure.gravatar.com\/avatar\/55cb5e37c1efa326397366e6974cb338056df65cb50e7d64d1cf314e87504837?s=96&d=mm&r=g\",\"caption\":\"Arnaldo Botto\"},\"url\":\"https:\/\/www.noticiasradioreflejos.com.ar\/2021\/author\/arnaldo\/\"}]}<\/script>\n<!-- \/ Yoast SEO plugin. -->","yoast_head_json":{"title":"D\u00eda de la Historieta Argentina: por qu\u00e9 se celebra hoy y cu\u00e1les son sus cinco personajes m\u00e1s famosos - Noticias Radio Reflejos","robots":{"index":"index","follow":"follow","max-snippet":"max-snippet:-1","max-image-preview":"max-image-preview:large","max-video-preview":"max-video-preview:-1"},"canonical":"https:\/\/www.noticiasradioreflejos.com.ar\/2021\/dia-de-la-historieta-argentina-por-que-se-celebra-hoy-y-cuales-son-sus-cinco-personajes-mas-famosos\/","og_locale":"es_ES","og_type":"article","og_title":"D\u00eda de la Historieta Argentina: por qu\u00e9 se celebra hoy y cu\u00e1les son sus cinco personajes m\u00e1s famosos - Noticias Radio Reflejos","og_description":"La fecha recuerda la aparici\u00f3n de Hora Cero Semanal, una publicaci\u00f3n fundamental para el g\u00e9nero.","og_url":"https:\/\/www.noticiasradioreflejos.com.ar\/2021\/dia-de-la-historieta-argentina-por-que-se-celebra-hoy-y-cuales-son-sus-cinco-personajes-mas-famosos\/","og_site_name":"Noticias Radio Reflejos","article_published_time":"2026-09-04T16:06:35+00:00","article_modified_time":"2026-09-04T16:09:48+00:00","og_image":[{"width":300,"height":200,"url":"https:\/\/www.noticiasradioreflejos.com.ar\/2021\/wp-content\/uploads\/2021\/07\/logosol300x200.png","type":"image\/png"}],"author":"Arnaldo Botto","twitter_card":"summary_large_image","schema":{"@context":"https:\/\/schema.org","@graph":[{"@type":"WebPage","@id":"https:\/\/www.noticiasradioreflejos.com.ar\/2021\/dia-de-la-historieta-argentina-por-que-se-celebra-hoy-y-cuales-son-sus-cinco-personajes-mas-famosos\/","url":"https:\/\/www.noticiasradioreflejos.com.ar\/2021\/dia-de-la-historieta-argentina-por-que-se-celebra-hoy-y-cuales-son-sus-cinco-personajes-mas-famosos\/","name":"D\u00eda de la Historieta Argentina: por qu\u00e9 se celebra hoy y cu\u00e1les son sus cinco personajes m\u00e1s famosos - Noticias Radio Reflejos","isPartOf":{"@id":"https:\/\/www.noticiasradioreflejos.com.ar\/2021\/#website"},"primaryImageOfPage":{"@id":"https:\/\/www.noticiasradioreflejos.com.ar\/2021\/dia-de-la-historieta-argentina-por-que-se-celebra-hoy-y-cuales-son-sus-cinco-personajes-mas-famosos\/#primaryimage"},"image":{"@id":"https:\/\/www.noticiasradioreflejos.com.ar\/2021\/dia-de-la-historieta-argentina-por-que-se-celebra-hoy-y-cuales-son-sus-cinco-personajes-mas-famosos\/#primaryimage"},"thumbnailUrl":"https:\/\/www.noticiasradioreflejos.com.ar\/2021\/wp-content\/uploads\/2026\/09\/360-4.avif","datePublished":"2026-09-04T16:06:35+00:00","dateModified":"2026-09-04T16:09:48+00:00","author":{"@id":"https:\/\/www.noticiasradioreflejos.com.ar\/2021\/#\/schema\/person\/ad82545263dcc5ec0996818884fd5fb1"},"breadcrumb":{"@id":"https:\/\/www.noticiasradioreflejos.com.ar\/2021\/dia-de-la-historieta-argentina-por-que-se-celebra-hoy-y-cuales-son-sus-cinco-personajes-mas-famosos\/#breadcrumb"},"inLanguage":"es","potentialAction":[{"@type":"ReadAction","target":["https:\/\/www.noticiasradioreflejos.com.ar\/2021\/dia-de-la-historieta-argentina-por-que-se-celebra-hoy-y-cuales-son-sus-cinco-personajes-mas-famosos\/"]}]},{"@type":"ImageObject","inLanguage":"es","@id":"https:\/\/www.noticiasradioreflejos.com.ar\/2021\/dia-de-la-historieta-argentina-por-que-se-celebra-hoy-y-cuales-son-sus-cinco-personajes-mas-famosos\/#primaryimage","url":"https:\/\/www.noticiasradioreflejos.com.ar\/2021\/wp-content\/uploads\/2026\/09\/360-4.avif","contentUrl":"https:\/\/www.noticiasradioreflejos.com.ar\/2021\/wp-content\/uploads\/2026\/09\/360-4.avif","width":640,"height":360},{"@type":"BreadcrumbList","@id":"https:\/\/www.noticiasradioreflejos.com.ar\/2021\/dia-de-la-historieta-argentina-por-que-se-celebra-hoy-y-cuales-son-sus-cinco-personajes-mas-famosos\/#breadcrumb","itemListElement":[{"@type":"ListItem","position":1,"name":"Portada","item":"https:\/\/www.noticiasradioreflejos.com.ar\/2021\/"},{"@type":"ListItem","position":2,"name":"D\u00eda de la Historieta Argentina: por qu\u00e9 se celebra hoy y cu\u00e1les son sus cinco personajes m\u00e1s famosos"}]},{"@type":"WebSite","@id":"https:\/\/www.noticiasradioreflejos.com.ar\/2021\/#website","url":"https:\/\/www.noticiasradioreflejos.com.ar\/2021\/","name":"Noticias Radio Reflejos","description":"Las noticias de mi comarca","potentialAction":[{"@type":"SearchAction","target":{"@type":"EntryPoint","urlTemplate":"https:\/\/www.noticiasradioreflejos.com.ar\/2021\/?s={search_term_string}"},"query-input":{"@type":"PropertyValueSpecification","valueRequired":true,"valueName":"search_term_string"}}],"inLanguage":"es"},{"@type":"Person","@id":"https:\/\/www.noticiasradioreflejos.com.ar\/2021\/#\/schema\/person\/ad82545263dcc5ec0996818884fd5fb1","name":"Arnaldo Botto","image":{"@type":"ImageObject","inLanguage":"es","@id":"https:\/\/www.noticiasradioreflejos.com.ar\/2021\/#\/schema\/person\/image\/","url":"https:\/\/secure.gravatar.com\/avatar\/55cb5e37c1efa326397366e6974cb338056df65cb50e7d64d1cf314e87504837?s=96&d=mm&r=g","contentUrl":"https:\/\/secure.gravatar.com\/avatar\/55cb5e37c1efa326397366e6974cb338056df65cb50e7d64d1cf314e87504837?s=96&d=mm&r=g","caption":"Arnaldo Botto"},"url":"https:\/\/www.noticiasradioreflejos.com.ar\/2021\/author\/arnaldo\/"}]}},"_links":{"self":[{"href":"https:\/\/www.noticiasradioreflejos.com.ar\/2021\/wp-json\/wp\/v2\/posts\/143088","targetHints":{"allow":["GET"]}}],"collection":[{"href":"https:\/\/www.noticiasradioreflejos.com.ar\/2021\/wp-json\/wp\/v2\/posts"}],"about":[{"href":"https:\/\/www.noticiasradioreflejos.com.ar\/2021\/wp-json\/wp\/v2\/types\/post"}],"author":[{"embeddable":true,"href":"https:\/\/www.noticiasradioreflejos.com.ar\/2021\/wp-json\/wp\/v2\/users\/3"}],"replies":[{"embeddable":true,"href":"https:\/\/www.noticiasradioreflejos.com.ar\/2021\/wp-json\/wp\/v2\/comments?post=143088"}],"version-history":[{"count":2,"href":"https:\/\/www.noticiasradioreflejos.com.ar\/2021\/wp-json\/wp\/v2\/posts\/143088\/revisions"}],"predecessor-version":[{"id":143095,"href":"https:\/\/www.noticiasradioreflejos.com.ar\/2021\/wp-json\/wp\/v2\/posts\/143088\/revisions\/143095"}],"wp:featuredmedia":[{"embeddable":true,"href":"https:\/\/www.noticiasradioreflejos.com.ar\/2021\/wp-json\/wp\/v2\/media\/143093"}],"wp:attachment":[{"href":"https:\/\/www.noticiasradioreflejos.com.ar\/2021\/wp-json\/wp\/v2\/media?parent=143088"}],"wp:term":[{"taxonomy":"category","embeddable":true,"href":"https:\/\/www.noticiasradioreflejos.com.ar\/2021\/wp-json\/wp\/v2\/categories?post=143088"},{"taxonomy":"post_tag","embeddable":true,"href":"https:\/\/www.noticiasradioreflejos.com.ar\/2021\/wp-json\/wp\/v2\/tags?post=143088"}],"curies":[{"name":"wp","href":"https:\/\/api.w.org\/{rel}","templated":true}]}}