{"id":143075,"date":"2026-09-04T12:34:15","date_gmt":"2026-09-04T15:34:15","guid":{"rendered":"https:\/\/www.noticiasradioreflejos.com.ar\/2021\/?p=143075"},"modified":"2026-09-04T12:36:54","modified_gmt":"2026-09-04T15:36:54","slug":"informe-de-sesion-ordinaria-del-miercoles-2-de-setiembre","status":"publish","type":"post","link":"https:\/\/www.noticiasradioreflejos.com.ar\/2021\/informe-de-sesion-ordinaria-del-miercoles-2-de-setiembre\/","title":{"rendered":"Informe de sesi\u00f3n ordinaria del mi\u00e9rcoles 2 de setiembre"},"content":{"rendered":"<p id=\"p-rc_421c007978b268ec-24\" data-path-to-node=\"3\"><span data-path-to-node=\"3,0\">En una nueva sesi\u00f3n ordinaria, el Honorable Concejo Deliberante de Tornquist trat\u00f3 diversos expedientes de inter\u00e9s municipal<\/span><span data-path-to-node=\"3,2\">. Entre los puntos m\u00e1s destacados, se aprobaron la concesi\u00f3n del Parador La Hoya en Sierra de la Ventana, la habilitaci\u00f3n de caniles de tr\u00e1nsito en Villa Ventana y el alquiler para el funcionamiento del Geri\u00e1trico-Hogar de Ancianos en Saldungaray<\/span><span data-path-to-node=\"3,4\">. No obstante, la jornada estuvo marcada por profundas discusiones pol\u00edticas en torno al rechazo de la geolocalizaci\u00f3n por GPS para la flota oficial, la reforma previsional bonaerense y un contrapunto sobre la realidad econ\u00f3mica actual<\/span><span data-path-to-node=\"3,6\">.<\/span><!--more--><\/p>\n<p data-path-to-node=\"3\">\n<p data-path-to-node=\"3\">\n<p data-path-to-node=\"3\"><a href=\"https:\/\/www.noticiasradioreflejos.com.ar\/2021\/informe-de-sesion-ordinaria-del-miercoles-2-de-setiembre\/informe-sesion-ordinaria-02-09-26\/\" rel=\"attachment wp-att-143076\">Informe Sesi\u00f3n Ordinaria 02-09-26<\/a><\/p>\n<p data-path-to-node=\"3\">\n<p data-path-to-node=\"3\"><a href=\"https:\/\/www.noticiasradioreflejos.com.ar\/2021\/informe-de-sesion-ordinaria-del-miercoles-2-de-setiembre\/whatsapp-image-2026-09-02-at-19-35-02-1\/\" rel=\"attachment wp-att-143077\"><img loading=\"lazy\" decoding=\"async\" class=\"aligncenter size-full wp-image-143077\" src=\"https:\/\/www.noticiasradioreflejos.com.ar\/2021\/wp-content\/uploads\/2026\/09\/WhatsApp-Image-2026-09-02-at-19.35.02-1.jpeg\" alt=\"\" width=\"1600\" height=\"1204\" srcset=\"https:\/\/www.noticiasradioreflejos.com.ar\/2021\/wp-content\/uploads\/2026\/09\/WhatsApp-Image-2026-09-02-at-19.35.02-1.jpeg 1600w, https:\/\/www.noticiasradioreflejos.com.ar\/2021\/wp-content\/uploads\/2026\/09\/WhatsApp-Image-2026-09-02-at-19.35.02-1-300x226.jpeg 300w, https:\/\/www.noticiasradioreflejos.com.ar\/2021\/wp-content\/uploads\/2026\/09\/WhatsApp-Image-2026-09-02-at-19.35.02-1-1024x771.jpeg 1024w, https:\/\/www.noticiasradioreflejos.com.ar\/2021\/wp-content\/uploads\/2026\/09\/WhatsApp-Image-2026-09-02-at-19.35.02-1-768x578.jpeg 768w, https:\/\/www.noticiasradioreflejos.com.ar\/2021\/wp-content\/uploads\/2026\/09\/WhatsApp-Image-2026-09-02-at-19.35.02-1-1536x1156.jpeg 1536w, https:\/\/www.noticiasradioreflejos.com.ar\/2021\/wp-content\/uploads\/2026\/09\/WhatsApp-Image-2026-09-02-at-19.35.02-1-750x564.jpeg 750w, https:\/\/www.noticiasradioreflejos.com.ar\/2021\/wp-content\/uploads\/2026\/09\/WhatsApp-Image-2026-09-02-at-19.35.02-1-1140x858.jpeg 1140w\" sizes=\"auto, (max-width: 1600px) 100vw, 1600px\" \/><\/a><\/p>\n","protected":false},"excerpt":{"rendered":"<p>En una nueva sesi\u00f3n ordinaria, el Honorable Concejo Deliberante de Tornquist trat\u00f3 diversos expedientes de inter\u00e9s municipal. Entre los puntos m\u00e1s destacados, se aprobaron la concesi\u00f3n del Parador La Hoya en Sierra de la Ventana, la habilitaci\u00f3n de caniles de tr\u00e1nsito en Villa Ventana y el alquiler para el funcionamiento del Geri\u00e1trico-Hogar de Ancianos en [&hellip;]<\/p>\n","protected":false},"author":3,"featured_media":143078,"comment_status":"closed","ping_status":"closed","sticky":false,"template":"","format":"standard","meta":{"footnotes":""},"categories":[59],"tags":[],"class_list":["post-143075","post","type-post","status-publish","format-standard","has-post-thumbnail","hentry","category-concejo-deliberante"],"yoast_head":"<!-- This site is optimized with the Yoast SEO plugin v25.9 - https:\/\/yoast.com\/wordpress\/plugins\/seo\/ -->\n<title>Informe de sesi\u00f3n ordinaria del mi\u00e9rcoles 2 de setiembre - Noticias Radio Reflejos<\/title>\n<meta name=\"robots\" content=\"index, follow, max-snippet:-1, max-image-preview:large, max-video-preview:-1\" \/>\n<link rel=\"canonical\" href=\"https:\/\/www.noticiasradioreflejos.com.ar\/2021\/informe-de-sesion-ordinaria-del-miercoles-2-de-setiembre\/\" \/>\n<meta property=\"og:locale\" content=\"es_ES\" \/>\n<meta property=\"og:type\" content=\"article\" \/>\n<meta property=\"og:title\" content=\"Informe de sesi\u00f3n ordinaria del mi\u00e9rcoles 2 de setiembre - Noticias Radio Reflejos\" \/>\n<meta property=\"og:description\" content=\"En una nueva sesi\u00f3n ordinaria, el Honorable Concejo Deliberante de Tornquist trat\u00f3 diversos expedientes de inter\u00e9s municipal. Entre los puntos m\u00e1s destacados, se aprobaron la concesi\u00f3n del Parador La Hoya en Sierra de la Ventana, la habilitaci\u00f3n de caniles de tr\u00e1nsito en Villa Ventana y el alquiler para el funcionamiento del Geri\u00e1trico-Hogar de Ancianos en [&hellip;]\" \/>\n<meta property=\"og:url\" content=\"https:\/\/www.noticiasradioreflejos.com.ar\/2021\/informe-de-sesion-ordinaria-del-miercoles-2-de-setiembre\/\" \/>\n<meta property=\"og:site_name\" content=\"Noticias Radio Reflejos\" \/>\n<meta property=\"article:published_time\" content=\"2026-09-04T15:34:15+00:00\" \/>\n<meta property=\"article:modified_time\" content=\"2026-09-04T15:36:54+00:00\" \/>\n<meta property=\"og:image\" content=\"https:\/\/www.noticiasradioreflejos.com.ar\/2021\/wp-content\/uploads\/2026\/09\/WhatsApp-Image-2026-09-02-at-19.35.01.jpeg\" \/>\n\t<meta property=\"og:image:width\" content=\"1600\" \/>\n\t<meta property=\"og:image:height\" content=\"1204\" \/>\n\t<meta property=\"og:image:type\" content=\"image\/jpeg\" \/>\n<meta name=\"author\" content=\"Arnaldo Botto\" \/>\n<meta name=\"twitter:card\" content=\"summary_large_image\" \/>\n<script type=\"application\/ld+json\" class=\"yoast-schema-graph\">{\"@context\":\"https:\/\/schema.org\",\"@graph\":[{\"@type\":\"WebPage\",\"@id\":\"https:\/\/www.noticiasradioreflejos.com.ar\/2021\/informe-de-sesion-ordinaria-del-miercoles-2-de-setiembre\/\",\"url\":\"https:\/\/www.noticiasradioreflejos.com.ar\/2021\/informe-de-sesion-ordinaria-del-miercoles-2-de-setiembre\/\",\"name\":\"Informe de sesi\u00f3n ordinaria del mi\u00e9rcoles 2 de setiembre - Noticias Radio Reflejos\",\"isPartOf\":{\"@id\":\"https:\/\/www.noticiasradioreflejos.com.ar\/2021\/#website\"},\"primaryImageOfPage\":{\"@id\":\"https:\/\/www.noticiasradioreflejos.com.ar\/2021\/informe-de-sesion-ordinaria-del-miercoles-2-de-setiembre\/#primaryimage\"},\"image\":{\"@id\":\"https:\/\/www.noticiasradioreflejos.com.ar\/2021\/informe-de-sesion-ordinaria-del-miercoles-2-de-setiembre\/#primaryimage\"},\"thumbnailUrl\":\"https:\/\/www.noticiasradioreflejos.com.ar\/2021\/wp-content\/uploads\/2026\/09\/WhatsApp-Image-2026-09-02-at-19.35.01.jpeg\",\"datePublished\":\"2026-09-04T15:34:15+00:00\",\"dateModified\":\"2026-09-04T15:36:54+00:00\",\"author\":{\"@id\":\"https:\/\/www.noticiasradioreflejos.com.ar\/2021\/#\/schema\/person\/ad82545263dcc5ec0996818884fd5fb1\"},\"breadcrumb\":{\"@id\":\"https:\/\/www.noticiasradioreflejos.com.ar\/2021\/informe-de-sesion-ordinaria-del-miercoles-2-de-setiembre\/#breadcrumb\"},\"inLanguage\":\"es\",\"potentialAction\":[{\"@type\":\"ReadAction\",\"target\":[\"https:\/\/www.noticiasradioreflejos.com.ar\/2021\/informe-de-sesion-ordinaria-del-miercoles-2-de-setiembre\/\"]}]},{\"@type\":\"ImageObject\",\"inLanguage\":\"es\",\"@id\":\"https:\/\/www.noticiasradioreflejos.com.ar\/2021\/informe-de-sesion-ordinaria-del-miercoles-2-de-setiembre\/#primaryimage\",\"url\":\"https:\/\/www.noticiasradioreflejos.com.ar\/2021\/wp-content\/uploads\/2026\/09\/WhatsApp-Image-2026-09-02-at-19.35.01.jpeg\",\"contentUrl\":\"https:\/\/www.noticiasradioreflejos.com.ar\/2021\/wp-content\/uploads\/2026\/09\/WhatsApp-Image-2026-09-02-at-19.35.01.jpeg\",\"width\":1600,\"height\":1204},{\"@type\":\"BreadcrumbList\",\"@id\":\"https:\/\/www.noticiasradioreflejos.com.ar\/2021\/informe-de-sesion-ordinaria-del-miercoles-2-de-setiembre\/#breadcrumb\",\"itemListElement\":[{\"@type\":\"ListItem\",\"position\":1,\"name\":\"Portada\",\"item\":\"https:\/\/www.noticiasradioreflejos.com.ar\/2021\/\"},{\"@type\":\"ListItem\",\"position\":2,\"name\":\"Informe de sesi\u00f3n ordinaria del mi\u00e9rcoles 2 de setiembre\"}]},{\"@type\":\"WebSite\",\"@id\":\"https:\/\/www.noticiasradioreflejos.com.ar\/2021\/#website\",\"url\":\"https:\/\/www.noticiasradioreflejos.com.ar\/2021\/\",\"name\":\"Noticias Radio Reflejos\",\"description\":\"Las noticias de mi comarca\",\"potentialAction\":[{\"@type\":\"SearchAction\",\"target\":{\"@type\":\"EntryPoint\",\"urlTemplate\":\"https:\/\/www.noticiasradioreflejos.com.ar\/2021\/?s={search_term_string}\"},\"query-input\":{\"@type\":\"PropertyValueSpecification\",\"valueRequired\":true,\"valueName\":\"search_term_string\"}}],\"inLanguage\":\"es\"},{\"@type\":\"Person\",\"@id\":\"https:\/\/www.noticiasradioreflejos.com.ar\/2021\/#\/schema\/person\/ad82545263dcc5ec0996818884fd5fb1\",\"name\":\"Arnaldo Botto\",\"image\":{\"@type\":\"ImageObject\",\"inLanguage\":\"es\",\"@id\":\"https:\/\/www.noticiasradioreflejos.com.ar\/2021\/#\/schema\/person\/image\/\",\"url\":\"https:\/\/secure.gravatar.com\/avatar\/55cb5e37c1efa326397366e6974cb338056df65cb50e7d64d1cf314e87504837?s=96&d=mm&r=g\",\"contentUrl\":\"https:\/\/secure.gravatar.com\/avatar\/55cb5e37c1efa326397366e6974cb338056df65cb50e7d64d1cf314e87504837?s=96&d=mm&r=g\",\"caption\":\"Arnaldo Botto\"},\"url\":\"https:\/\/www.noticiasradioreflejos.com.ar\/2021\/author\/arnaldo\/\"}]}<\/script>\n<!-- \/ Yoast SEO plugin. -->","yoast_head_json":{"title":"Informe de sesi\u00f3n ordinaria del mi\u00e9rcoles 2 de setiembre - Noticias Radio Reflejos","robots":{"index":"index","follow":"follow","max-snippet":"max-snippet:-1","max-image-preview":"max-image-preview:large","max-video-preview":"max-video-preview:-1"},"canonical":"https:\/\/www.noticiasradioreflejos.com.ar\/2021\/informe-de-sesion-ordinaria-del-miercoles-2-de-setiembre\/","og_locale":"es_ES","og_type":"article","og_title":"Informe de sesi\u00f3n ordinaria del mi\u00e9rcoles 2 de setiembre - Noticias Radio Reflejos","og_description":"En una nueva sesi\u00f3n ordinaria, el Honorable Concejo Deliberante de Tornquist trat\u00f3 diversos expedientes de inter\u00e9s municipal. Entre los puntos m\u00e1s destacados, se aprobaron la concesi\u00f3n del Parador La Hoya en Sierra de la Ventana, la habilitaci\u00f3n de caniles de tr\u00e1nsito en Villa Ventana y el alquiler para el funcionamiento del Geri\u00e1trico-Hogar de Ancianos en [&hellip;]","og_url":"https:\/\/www.noticiasradioreflejos.com.ar\/2021\/informe-de-sesion-ordinaria-del-miercoles-2-de-setiembre\/","og_site_name":"Noticias Radio Reflejos","article_published_time":"2026-09-04T15:34:15+00:00","article_modified_time":"2026-09-04T15:36:54+00:00","og_image":[{"width":1600,"height":1204,"url":"https:\/\/www.noticiasradioreflejos.com.ar\/2021\/wp-content\/uploads\/2026\/09\/WhatsApp-Image-2026-09-02-at-19.35.01.jpeg","type":"image\/jpeg"}],"author":"Arnaldo Botto","twitter_card":"summary_large_image","schema":{"@context":"https:\/\/schema.org","@graph":[{"@type":"WebPage","@id":"https:\/\/www.noticiasradioreflejos.com.ar\/2021\/informe-de-sesion-ordinaria-del-miercoles-2-de-setiembre\/","url":"https:\/\/www.noticiasradioreflejos.com.ar\/2021\/informe-de-sesion-ordinaria-del-miercoles-2-de-setiembre\/","name":"Informe de sesi\u00f3n ordinaria del mi\u00e9rcoles 2 de setiembre - Noticias Radio Reflejos","isPartOf":{"@id":"https:\/\/www.noticiasradioreflejos.com.ar\/2021\/#website"},"primaryImageOfPage":{"@id":"https:\/\/www.noticiasradioreflejos.com.ar\/2021\/informe-de-sesion-ordinaria-del-miercoles-2-de-setiembre\/#primaryimage"},"image":{"@id":"https:\/\/www.noticiasradioreflejos.com.ar\/2021\/informe-de-sesion-ordinaria-del-miercoles-2-de-setiembre\/#primaryimage"},"thumbnailUrl":"https:\/\/www.noticiasradioreflejos.com.ar\/2021\/wp-content\/uploads\/2026\/09\/WhatsApp-Image-2026-09-02-at-19.35.01.jpeg","datePublished":"2026-09-04T15:34:15+00:00","dateModified":"2026-09-04T15:36:54+00:00","author":{"@id":"https:\/\/www.noticiasradioreflejos.com.ar\/2021\/#\/schema\/person\/ad82545263dcc5ec0996818884fd5fb1"},"breadcrumb":{"@id":"https:\/\/www.noticiasradioreflejos.com.ar\/2021\/informe-de-sesion-ordinaria-del-miercoles-2-de-setiembre\/#breadcrumb"},"inLanguage":"es","potentialAction":[{"@type":"ReadAction","target":["https:\/\/www.noticiasradioreflejos.com.ar\/2021\/informe-de-sesion-ordinaria-del-miercoles-2-de-setiembre\/"]}]},{"@type":"ImageObject","inLanguage":"es","@id":"https:\/\/www.noticiasradioreflejos.com.ar\/2021\/informe-de-sesion-ordinaria-del-miercoles-2-de-setiembre\/#primaryimage","url":"https:\/\/www.noticiasradioreflejos.com.ar\/2021\/wp-content\/uploads\/2026\/09\/WhatsApp-Image-2026-09-02-at-19.35.01.jpeg","contentUrl":"https:\/\/www.noticiasradioreflejos.com.ar\/2021\/wp-content\/uploads\/2026\/09\/WhatsApp-Image-2026-09-02-at-19.35.01.jpeg","width":1600,"height":1204},{"@type":"BreadcrumbList","@id":"https:\/\/www.noticiasradioreflejos.com.ar\/2021\/informe-de-sesion-ordinaria-del-miercoles-2-de-setiembre\/#breadcrumb","itemListElement":[{"@type":"ListItem","position":1,"name":"Portada","item":"https:\/\/www.noticiasradioreflejos.com.ar\/2021\/"},{"@type":"ListItem","position":2,"name":"Informe de sesi\u00f3n ordinaria del mi\u00e9rcoles 2 de setiembre"}]},{"@type":"WebSite","@id":"https:\/\/www.noticiasradioreflejos.com.ar\/2021\/#website","url":"https:\/\/www.noticiasradioreflejos.com.ar\/2021\/","name":"Noticias Radio Reflejos","description":"Las noticias de mi comarca","potentialAction":[{"@type":"SearchAction","target":{"@type":"EntryPoint","urlTemplate":"https:\/\/www.noticiasradioreflejos.com.ar\/2021\/?s={search_term_string}"},"query-input":{"@type":"PropertyValueSpecification","valueRequired":true,"valueName":"search_term_string"}}],"inLanguage":"es"},{"@type":"Person","@id":"https:\/\/www.noticiasradioreflejos.com.ar\/2021\/#\/schema\/person\/ad82545263dcc5ec0996818884fd5fb1","name":"Arnaldo Botto","image":{"@type":"ImageObject","inLanguage":"es","@id":"https:\/\/www.noticiasradioreflejos.com.ar\/2021\/#\/schema\/person\/image\/","url":"https:\/\/secure.gravatar.com\/avatar\/55cb5e37c1efa326397366e6974cb338056df65cb50e7d64d1cf314e87504837?s=96&d=mm&r=g","contentUrl":"https:\/\/secure.gravatar.com\/avatar\/55cb5e37c1efa326397366e6974cb338056df65cb50e7d64d1cf314e87504837?s=96&d=mm&r=g","caption":"Arnaldo Botto"},"url":"https:\/\/www.noticiasradioreflejos.com.ar\/2021\/author\/arnaldo\/"}]}},"_links":{"self":[{"href":"https:\/\/www.noticiasradioreflejos.com.ar\/2021\/wp-json\/wp\/v2\/posts\/143075","targetHints":{"allow":["GET"]}}],"collection":[{"href":"https:\/\/www.noticiasradioreflejos.com.ar\/2021\/wp-json\/wp\/v2\/posts"}],"about":[{"href":"https:\/\/www.noticiasradioreflejos.com.ar\/2021\/wp-json\/wp\/v2\/types\/post"}],"author":[{"embeddable":true,"href":"https:\/\/www.noticiasradioreflejos.com.ar\/2021\/wp-json\/wp\/v2\/users\/3"}],"replies":[{"embeddable":true,"href":"https:\/\/www.noticiasradioreflejos.com.ar\/2021\/wp-json\/wp\/v2\/comments?post=143075"}],"version-history":[{"count":2,"href":"https:\/\/www.noticiasradioreflejos.com.ar\/2021\/wp-json\/wp\/v2\/posts\/143075\/revisions"}],"predecessor-version":[{"id":143081,"href":"https:\/\/www.noticiasradioreflejos.com.ar\/2021\/wp-json\/wp\/v2\/posts\/143075\/revisions\/143081"}],"wp:featuredmedia":[{"embeddable":true,"href":"https:\/\/www.noticiasradioreflejos.com.ar\/2021\/wp-json\/wp\/v2\/media\/143078"}],"wp:attachment":[{"href":"https:\/\/www.noticiasradioreflejos.com.ar\/2021\/wp-json\/wp\/v2\/media?parent=143075"}],"wp:term":[{"taxonomy":"category","embeddable":true,"href":"https:\/\/www.noticiasradioreflejos.com.ar\/2021\/wp-json\/wp\/v2\/categories?post=143075"},{"taxonomy":"post_tag","embeddable":true,"href":"https:\/\/www.noticiasradioreflejos.com.ar\/2021\/wp-json\/wp\/v2\/tags?post=143075"}],"curies":[{"name":"wp","href":"https:\/\/api.w.org\/{rel}","templated":true}]}}