{"id":143071,"date":"2026-09-04T08:07:14","date_gmt":"2026-09-04T11:07:14","guid":{"rendered":"https:\/\/www.noticiasradioreflejos.com.ar\/2021\/?p=143071"},"modified":"2026-09-04T08:07:14","modified_gmt":"2026-09-04T11:07:14","slug":"kicillof-alista-al-gabinete-para-la-visita-de-leon-xiv-y-pide-a-milei-que-declare-feriado","status":"publish","type":"post","link":"https:\/\/www.noticiasradioreflejos.com.ar\/2021\/kicillof-alista-al-gabinete-para-la-visita-de-leon-xiv-y-pide-a-milei-que-declare-feriado\/","title":{"rendered":"Kicillof alista al gabinete para la visita de Le\u00f3n XIV y pide a Milei que declare feriado"},"content":{"rendered":"<p>Ministros, intendentes y la Iglesia se sentaron en La Plata para delinear el operativo. Los detalles.<!--more--><\/p>\n<div class=\"p12-lead-art\">\n<figure class=\"c-media-item\">\n<div class=\"p12-lead-art__image-wrapper\"><\/div><figcaption class=\"c-media-item__fig-caption\"><span class=\"c-media-item__title\">Kicillof alista al gabinete para la visita de Le\u00f3n XIV y pide a Milei que declare feriado.\u00a0<\/span><span class=\"c-media-item__credit\">Prensa<\/span><\/figcaption><\/figure>\n<\/div>\n<div class=\"article-content\">\n<article class=\"p12-article-body \">\n<p class=\"c-paragraph\">El gobernador\u00a0<b>Axel Kicillof\u00a0<\/b>encabez\u00f3 este mediod\u00eda en La Plata un encuentro con la Iglesia, ministros e intendentes para ultimar detalles por la visita del papa\u00a0<b>Le\u00f3n XIV<\/b>\u00a0a la Argentina, que tendr\u00e1 paso por locaciones de la provincia de Buenos Aires como la\u00a0<b>Bas\u00edlica de Luj\u00e1n\u00a0<\/b>y, si el Vaticano lo confirma, el\u00a0<b>Cottolongo Don Orione<\/b>. Adem\u00e1s, la reuni\u00f3n sirvi\u00f3 para terminar de delinear el operativo de cara a la peregrinaci\u00f3n a Luj\u00e1n, que se va a desarrollar el pr\u00f3ximo 3 de octubre. Desde la Provincia,\u00a0<b>demandan que el gobierno de Milei decrete el feriado para esas jornadas<\/b>, para hacer m\u00e1s llevadero el operativo.<\/p>\n<p class=\"c-paragraph\">Es que Luj\u00e1n, uno de los puntos bonaerenses por donde pasar\u00e1 el sumo pont\u00edfice, es una ciudad que est\u00e1 atravesada por varias rutas nacionales y autopistas que no van a poder funcionar en los d\u00edas previos, dado que el martes a la noche se llevar\u00e1 a cabo la vigilia de la juventud, por lo que se prev\u00e9 un amplio movimiento de personas.<\/p>\n<p class=\"c-paragraph\">\u201cVamos a tener que cerrar un mont\u00f3n de autopistas y de rutas con tiempo de antelaci\u00f3n. Va a estar complicado para el resto de la sociedad, los viajes, por eso es tan importante que el Gobierno nacional decrete el feriado porque no es lo mismo el movimiento de una ciudad un domingo que un d\u00eda h\u00e1bil\u201d, dijo a\u00a0<b>Buenos Aires\/12<\/b>\u00a0el ministro de Seguridad,\u00a0<b>Javier Alonso<\/b>.<\/p>\n<p class=\"c-paragraph\">El encuentro estuvo a cargo de la jefa de Asesores,\u00a0<b>Cristina \u00c1lvarez Rodriguez<\/b>, dado que de ella depende el \u00e1rea de Culto, que est\u00e1 comandado por Juano Torreiro. La funcionaria estuvo secundada por los ministros\u00a0<b>Carlos Bianco<\/b>\u00a0(Gobierno);\u00a0<b>Andr\u00e9s Larroque<\/b>\u00a0(Desarrollo de la Comunidad),\u00a0<b>Daniela Vilar\u00a0<\/b>(Ambiente) y Javier Alonso (Seguridad), adem\u00e1s de funcionarios de Transporte y de Salud; adem\u00e1s del diputado y exintendente de Almirante Brown,\u00a0<b>Mariano Cascallares<\/b>.<\/p>\n<p class=\"c-paragraph\">Respecto del operativo de seguridad, Alonso destac\u00f3 que desde la Provincia \u201cnunca dejamos una silla vac\u00eda\u201d ante Naci\u00f3n yque \u201chacemos todo lo que tenemos que hacer, trabajando muy profesionalmente, entendiendo que la convocatoria la hace Le\u00f3n, la hace la Iglesia y nosotros acompa\u00f1amos, somos hu\u00e9spedes\u201d.<\/p>\n<p class=\"c-paragraph\">\u201cEs una alegr\u00eda enorme tener estai oportunidad hist\u00f3rica de recibir en nuestro territorio, en la provincia al papa Le\u00f3n XIV\u201d, sostuvo la jefa de Asesores, quien confirm\u00f3 que el ministro Bianco es quien estar\u00e1 al frente del operativo como ministro coordinador. \u201cDada la importancia que tiene la visita de un Papa y lo que congrega un pueblo que va a ir a abrazo de un l\u00edder mundial, nosotros tenemos la instrucci\u00f3n de Axel desde el Ministerio de Seguridad, de Salud, articular con el gobierno nacional y lo estamos haciendo\u201d, sum\u00f3.<\/p>\n<p class=\"c-paragraph\">\u00c1lavarez Rodr\u00edguez coment\u00f3 ante los presentes los detalles que se abordaron en un encuentro previo que tuvo en la Bas\u00edlica de Luj\u00e1n junto al arzobispo,\u00a0<b>Jorge Eduardo Scheinig<\/b>, para ordenar la visita del sumo pont\u00edfice.<\/p>\n<p class=\"c-paragraph\">Se trata de un hecho hist\u00f3rico para la Argentina, dado que la \u00faltima visita del m\u00e1ximo l\u00edder de la Iglesia ocurri\u00f3 hace 39 a\u00f1os. \u201cHay buena sinton\u00eda entre los ministerios de Seguridad de Naci\u00f3n y Provincia\u201d, reconoci\u00f3 uno de los participantes de la reuni\u00f3n a\u00a0<b>Buenos Aires\/12<\/b>, aunque no deja de haber alertas encendidas porque \u201cideol\u00f3gicamente, el gobierno nacional tiene reparos hacia la Provincia, pero a nadie le conviene que nada salga mal\u201d.<\/p>\n<p class=\"c-paragraph\">Esta semana, el propio Kicillof mantuvo un encuentro con el presidente de la\u00a0<b>Conferencia Episcopal Argentina<\/b>, monse\u00f1or\u00a0<b>Marcelo Daniel Colombo<\/b>, con quien coordin\u00f3 detalles de las actividades previstas en Luj\u00e1n y tambi\u00e9n del operativo de seguridad para la misa programada para el 11 de noviembre en esa ciudad.<\/p>\n<p class=\"c-paragraph\">\u201cTodas las \u00e1reas del Gobierno de la Provincia estar\u00e1n a disposici\u00f3n para que esta visita tan esperada por los bonaerenses se desarrolle en paz y de la mejor manera\u201d, dijo el gobernador.<\/p>\n<p class=\"c-paragraph\">El intendente de Luj\u00e1n,\u00a0<b>Leonardo Boto<\/b>, destac\u00f3 el \u201cnivel de profesionalismo\u201d de la organizaci\u00f3n y reconoci\u00f3 que eso \u201cda mucha tranquilidad\u201d. Es que la misa que va a dar el sumo pont\u00edfice va a tener lugar en la plaza Belgrano, que es delante de la Bas\u00edlica, donde va a haber un gran escenario donde va a ocurrir la ceremonia religiosa. A la vez, se eval\u00faa levantar un segundo escenario para el coro.<\/p>\n<p class=\"c-paragraph\">Si bien no hay un c\u00e1lculo de la cantidad de dinero que podr\u00eda dejar el evento en la ciudad y la provincia, ya calculan que ser\u00e1 de gran relevancia. \u201cPr\u00e1cticamente ya no hay una habitaci\u00f3n de hotel m\u00e1s a disposici\u00f3n en todo Luj\u00e1n\u201d, describi\u00f3 Boto, quien confi\u00f3 que pr\u00f3ximamente pondr\u00e1n a disposici\u00f3n la oferta de clubes, sociedades de fomento, centros de jubilados para que puedan albergar gente.<\/p>\n<h2 class=\"p12-article-body__h2\">Antes, la peregrinaci\u00f3n<\/h2>\n<p class=\"c-paragraph\">En la previa de la visita del papa Le\u00f3n XIV, se realizar\u00e1 la\u00a0<b>52\u00b0 peregrinaci\u00f3n juvenil a Luj\u00e1n<\/b>, que requiere de un desarrollo log\u00edstico de amplia magnitud, dado que se extiende a lo largo de 60 kil\u00f3metros de recorrido, atravesando siete municipios.<\/p>\n<p class=\"c-paragraph\">En ese sentido, estuvieron presentes los intendentes Leonardo Boto (Luj\u00e1n),\u00a0<b>Mauro Garc\u00eda<\/b>\u00a0(General Rodr\u00edguez),\u00a0<b>Pablo Descalzo<\/b>\u00a0(Ituzaing\u00f3) y\u00a0<b>Lucas Ghi\u00a0<\/b>(Mor\u00f3n). La peregrinaci\u00f3n tambi\u00e9n pasa por\u00a0<b>Tres de Febrero, La Matanza, Merlo y Moreno<\/b>.<\/p>\n<p class=\"c-paragraph\">El operativo implica la puesta en acci\u00f3n de postas para hidrataci\u00f3n, alimentaci\u00f3n, atenci\u00f3n sanitaria y acceso a sanitarios, al tiempo que se ubicar\u00e1 a m\u00e1s de mil efectivos policiales y se organizaron los espacios viales para asegurar la circulaci\u00f3n y el orden durante toda la jornada.<\/p>\n<p class=\"c-paragraph\">En el \u00faltimo operativo se dispuso de 4 hospitales m\u00f3viles, 2 helic\u00f3pteros (uno sanitario y otro de seguridad), 15 ambulancias, 80 ba\u00f1os qu\u00edmicos, m\u00e1s de 200 patrulleros, 76 motos, personal m\u00e9dico y de defensa civil, adem\u00e1s de puntos de hidrataci\u00f3n, alimentaci\u00f3n, reciclaje y un escenario central con pantallas y luces LED frente a la Bas\u00edlica.<\/p>\n<\/article>\n<\/div>\n","protected":false},"excerpt":{"rendered":"<p>Ministros, intendentes y la Iglesia se sentaron en La Plata para delinear el operativo. Los detalles.<\/p>\n","protected":false},"author":3,"featured_media":143072,"comment_status":"closed","ping_status":"closed","sticky":false,"template":"","format":"standard","meta":{"footnotes":""},"categories":[1],"tags":[],"class_list":["post-143071","post","type-post","status-publish","format-standard","has-post-thumbnail","hentry","category-sin-categoria"],"yoast_head":"<!-- This site is optimized with the Yoast SEO plugin v25.9 - https:\/\/yoast.com\/wordpress\/plugins\/seo\/ -->\n<title>Kicillof alista al gabinete para la visita de Le\u00f3n XIV y pide a Milei que declare feriado - Noticias Radio Reflejos<\/title>\n<meta name=\"robots\" content=\"index, follow, max-snippet:-1, max-image-preview:large, max-video-preview:-1\" \/>\n<link rel=\"canonical\" href=\"https:\/\/www.noticiasradioreflejos.com.ar\/2021\/kicillof-alista-al-gabinete-para-la-visita-de-leon-xiv-y-pide-a-milei-que-declare-feriado\/\" \/>\n<meta property=\"og:locale\" content=\"es_ES\" \/>\n<meta property=\"og:type\" content=\"article\" \/>\n<meta property=\"og:title\" content=\"Kicillof alista al gabinete para la visita de Le\u00f3n XIV y pide a Milei que declare feriado - Noticias Radio Reflejos\" \/>\n<meta property=\"og:description\" content=\"Ministros, intendentes y la Iglesia se sentaron en La Plata para delinear el operativo. Los detalles.\" \/>\n<meta property=\"og:url\" content=\"https:\/\/www.noticiasradioreflejos.com.ar\/2021\/kicillof-alista-al-gabinete-para-la-visita-de-leon-xiv-y-pide-a-milei-que-declare-feriado\/\" \/>\n<meta property=\"og:site_name\" content=\"Noticias Radio Reflejos\" \/>\n<meta property=\"article:published_time\" content=\"2026-09-04T11:07:14+00:00\" \/>\n<meta property=\"og:image\" content=\"https:\/\/www.noticiasradioreflejos.com.ar\/2021\/wp-content\/uploads\/2026\/09\/Axel-Vaticano.jpg\" \/>\n\t<meta property=\"og:image:width\" content=\"986\" \/>\n\t<meta property=\"og:image:height\" content=\"653\" \/>\n\t<meta property=\"og:image:type\" content=\"image\/jpeg\" \/>\n<meta name=\"author\" content=\"Arnaldo Botto\" \/>\n<meta name=\"twitter:card\" content=\"summary_large_image\" \/>\n<script type=\"application\/ld+json\" class=\"yoast-schema-graph\">{\"@context\":\"https:\/\/schema.org\",\"@graph\":[{\"@type\":\"WebPage\",\"@id\":\"https:\/\/www.noticiasradioreflejos.com.ar\/2021\/kicillof-alista-al-gabinete-para-la-visita-de-leon-xiv-y-pide-a-milei-que-declare-feriado\/\",\"url\":\"https:\/\/www.noticiasradioreflejos.com.ar\/2021\/kicillof-alista-al-gabinete-para-la-visita-de-leon-xiv-y-pide-a-milei-que-declare-feriado\/\",\"name\":\"Kicillof alista al gabinete para la visita de Le\u00f3n XIV y pide a Milei que declare feriado - Noticias Radio Reflejos\",\"isPartOf\":{\"@id\":\"https:\/\/www.noticiasradioreflejos.com.ar\/2021\/#website\"},\"primaryImageOfPage\":{\"@id\":\"https:\/\/www.noticiasradioreflejos.com.ar\/2021\/kicillof-alista-al-gabinete-para-la-visita-de-leon-xiv-y-pide-a-milei-que-declare-feriado\/#primaryimage\"},\"image\":{\"@id\":\"https:\/\/www.noticiasradioreflejos.com.ar\/2021\/kicillof-alista-al-gabinete-para-la-visita-de-leon-xiv-y-pide-a-milei-que-declare-feriado\/#primaryimage\"},\"thumbnailUrl\":\"https:\/\/www.noticiasradioreflejos.com.ar\/2021\/wp-content\/uploads\/2026\/09\/Axel-Vaticano.jpg\",\"datePublished\":\"2026-09-04T11:07:14+00:00\",\"author\":{\"@id\":\"https:\/\/www.noticiasradioreflejos.com.ar\/2021\/#\/schema\/person\/ad82545263dcc5ec0996818884fd5fb1\"},\"breadcrumb\":{\"@id\":\"https:\/\/www.noticiasradioreflejos.com.ar\/2021\/kicillof-alista-al-gabinete-para-la-visita-de-leon-xiv-y-pide-a-milei-que-declare-feriado\/#breadcrumb\"},\"inLanguage\":\"es\",\"potentialAction\":[{\"@type\":\"ReadAction\",\"target\":[\"https:\/\/www.noticiasradioreflejos.com.ar\/2021\/kicillof-alista-al-gabinete-para-la-visita-de-leon-xiv-y-pide-a-milei-que-declare-feriado\/\"]}]},{\"@type\":\"ImageObject\",\"inLanguage\":\"es\",\"@id\":\"https:\/\/www.noticiasradioreflejos.com.ar\/2021\/kicillof-alista-al-gabinete-para-la-visita-de-leon-xiv-y-pide-a-milei-que-declare-feriado\/#primaryimage\",\"url\":\"https:\/\/www.noticiasradioreflejos.com.ar\/2021\/wp-content\/uploads\/2026\/09\/Axel-Vaticano.jpg\",\"contentUrl\":\"https:\/\/www.noticiasradioreflejos.com.ar\/2021\/wp-content\/uploads\/2026\/09\/Axel-Vaticano.jpg\",\"width\":986,\"height\":653},{\"@type\":\"BreadcrumbList\",\"@id\":\"https:\/\/www.noticiasradioreflejos.com.ar\/2021\/kicillof-alista-al-gabinete-para-la-visita-de-leon-xiv-y-pide-a-milei-que-declare-feriado\/#breadcrumb\",\"itemListElement\":[{\"@type\":\"ListItem\",\"position\":1,\"name\":\"Portada\",\"item\":\"https:\/\/www.noticiasradioreflejos.com.ar\/2021\/\"},{\"@type\":\"ListItem\",\"position\":2,\"name\":\"Kicillof alista al gabinete para la visita de Le\u00f3n XIV y pide a Milei que declare feriado\"}]},{\"@type\":\"WebSite\",\"@id\":\"https:\/\/www.noticiasradioreflejos.com.ar\/2021\/#website\",\"url\":\"https:\/\/www.noticiasradioreflejos.com.ar\/2021\/\",\"name\":\"Noticias Radio Reflejos\",\"description\":\"Las noticias de mi comarca\",\"potentialAction\":[{\"@type\":\"SearchAction\",\"target\":{\"@type\":\"EntryPoint\",\"urlTemplate\":\"https:\/\/www.noticiasradioreflejos.com.ar\/2021\/?s={search_term_string}\"},\"query-input\":{\"@type\":\"PropertyValueSpecification\",\"valueRequired\":true,\"valueName\":\"search_term_string\"}}],\"inLanguage\":\"es\"},{\"@type\":\"Person\",\"@id\":\"https:\/\/www.noticiasradioreflejos.com.ar\/2021\/#\/schema\/person\/ad82545263dcc5ec0996818884fd5fb1\",\"name\":\"Arnaldo Botto\",\"image\":{\"@type\":\"ImageObject\",\"inLanguage\":\"es\",\"@id\":\"https:\/\/www.noticiasradioreflejos.com.ar\/2021\/#\/schema\/person\/image\/\",\"url\":\"https:\/\/secure.gravatar.com\/avatar\/55cb5e37c1efa326397366e6974cb338056df65cb50e7d64d1cf314e87504837?s=96&d=mm&r=g\",\"contentUrl\":\"https:\/\/secure.gravatar.com\/avatar\/55cb5e37c1efa326397366e6974cb338056df65cb50e7d64d1cf314e87504837?s=96&d=mm&r=g\",\"caption\":\"Arnaldo Botto\"},\"url\":\"https:\/\/www.noticiasradioreflejos.com.ar\/2021\/author\/arnaldo\/\"}]}<\/script>\n<!-- \/ Yoast SEO plugin. -->","yoast_head_json":{"title":"Kicillof alista al gabinete para la visita de Le\u00f3n XIV y pide a Milei que declare feriado - Noticias Radio Reflejos","robots":{"index":"index","follow":"follow","max-snippet":"max-snippet:-1","max-image-preview":"max-image-preview:large","max-video-preview":"max-video-preview:-1"},"canonical":"https:\/\/www.noticiasradioreflejos.com.ar\/2021\/kicillof-alista-al-gabinete-para-la-visita-de-leon-xiv-y-pide-a-milei-que-declare-feriado\/","og_locale":"es_ES","og_type":"article","og_title":"Kicillof alista al gabinete para la visita de Le\u00f3n XIV y pide a Milei que declare feriado - Noticias Radio Reflejos","og_description":"Ministros, intendentes y la Iglesia se sentaron en La Plata para delinear el operativo. Los detalles.","og_url":"https:\/\/www.noticiasradioreflejos.com.ar\/2021\/kicillof-alista-al-gabinete-para-la-visita-de-leon-xiv-y-pide-a-milei-que-declare-feriado\/","og_site_name":"Noticias Radio Reflejos","article_published_time":"2026-09-04T11:07:14+00:00","og_image":[{"width":986,"height":653,"url":"https:\/\/www.noticiasradioreflejos.com.ar\/2021\/wp-content\/uploads\/2026\/09\/Axel-Vaticano.jpg","type":"image\/jpeg"}],"author":"Arnaldo Botto","twitter_card":"summary_large_image","schema":{"@context":"https:\/\/schema.org","@graph":[{"@type":"WebPage","@id":"https:\/\/www.noticiasradioreflejos.com.ar\/2021\/kicillof-alista-al-gabinete-para-la-visita-de-leon-xiv-y-pide-a-milei-que-declare-feriado\/","url":"https:\/\/www.noticiasradioreflejos.com.ar\/2021\/kicillof-alista-al-gabinete-para-la-visita-de-leon-xiv-y-pide-a-milei-que-declare-feriado\/","name":"Kicillof alista al gabinete para la visita de Le\u00f3n XIV y pide a Milei que declare feriado - Noticias Radio Reflejos","isPartOf":{"@id":"https:\/\/www.noticiasradioreflejos.com.ar\/2021\/#website"},"primaryImageOfPage":{"@id":"https:\/\/www.noticiasradioreflejos.com.ar\/2021\/kicillof-alista-al-gabinete-para-la-visita-de-leon-xiv-y-pide-a-milei-que-declare-feriado\/#primaryimage"},"image":{"@id":"https:\/\/www.noticiasradioreflejos.com.ar\/2021\/kicillof-alista-al-gabinete-para-la-visita-de-leon-xiv-y-pide-a-milei-que-declare-feriado\/#primaryimage"},"thumbnailUrl":"https:\/\/www.noticiasradioreflejos.com.ar\/2021\/wp-content\/uploads\/2026\/09\/Axel-Vaticano.jpg","datePublished":"2026-09-04T11:07:14+00:00","author":{"@id":"https:\/\/www.noticiasradioreflejos.com.ar\/2021\/#\/schema\/person\/ad82545263dcc5ec0996818884fd5fb1"},"breadcrumb":{"@id":"https:\/\/www.noticiasradioreflejos.com.ar\/2021\/kicillof-alista-al-gabinete-para-la-visita-de-leon-xiv-y-pide-a-milei-que-declare-feriado\/#breadcrumb"},"inLanguage":"es","potentialAction":[{"@type":"ReadAction","target":["https:\/\/www.noticiasradioreflejos.com.ar\/2021\/kicillof-alista-al-gabinete-para-la-visita-de-leon-xiv-y-pide-a-milei-que-declare-feriado\/"]}]},{"@type":"ImageObject","inLanguage":"es","@id":"https:\/\/www.noticiasradioreflejos.com.ar\/2021\/kicillof-alista-al-gabinete-para-la-visita-de-leon-xiv-y-pide-a-milei-que-declare-feriado\/#primaryimage","url":"https:\/\/www.noticiasradioreflejos.com.ar\/2021\/wp-content\/uploads\/2026\/09\/Axel-Vaticano.jpg","contentUrl":"https:\/\/www.noticiasradioreflejos.com.ar\/2021\/wp-content\/uploads\/2026\/09\/Axel-Vaticano.jpg","width":986,"height":653},{"@type":"BreadcrumbList","@id":"https:\/\/www.noticiasradioreflejos.com.ar\/2021\/kicillof-alista-al-gabinete-para-la-visita-de-leon-xiv-y-pide-a-milei-que-declare-feriado\/#breadcrumb","itemListElement":[{"@type":"ListItem","position":1,"name":"Portada","item":"https:\/\/www.noticiasradioreflejos.com.ar\/2021\/"},{"@type":"ListItem","position":2,"name":"Kicillof alista al gabinete para la visita de Le\u00f3n XIV y pide a Milei que declare feriado"}]},{"@type":"WebSite","@id":"https:\/\/www.noticiasradioreflejos.com.ar\/2021\/#website","url":"https:\/\/www.noticiasradioreflejos.com.ar\/2021\/","name":"Noticias Radio Reflejos","description":"Las noticias de mi comarca","potentialAction":[{"@type":"SearchAction","target":{"@type":"EntryPoint","urlTemplate":"https:\/\/www.noticiasradioreflejos.com.ar\/2021\/?s={search_term_string}"},"query-input":{"@type":"PropertyValueSpecification","valueRequired":true,"valueName":"search_term_string"}}],"inLanguage":"es"},{"@type":"Person","@id":"https:\/\/www.noticiasradioreflejos.com.ar\/2021\/#\/schema\/person\/ad82545263dcc5ec0996818884fd5fb1","name":"Arnaldo Botto","image":{"@type":"ImageObject","inLanguage":"es","@id":"https:\/\/www.noticiasradioreflejos.com.ar\/2021\/#\/schema\/person\/image\/","url":"https:\/\/secure.gravatar.com\/avatar\/55cb5e37c1efa326397366e6974cb338056df65cb50e7d64d1cf314e87504837?s=96&d=mm&r=g","contentUrl":"https:\/\/secure.gravatar.com\/avatar\/55cb5e37c1efa326397366e6974cb338056df65cb50e7d64d1cf314e87504837?s=96&d=mm&r=g","caption":"Arnaldo Botto"},"url":"https:\/\/www.noticiasradioreflejos.com.ar\/2021\/author\/arnaldo\/"}]}},"_links":{"self":[{"href":"https:\/\/www.noticiasradioreflejos.com.ar\/2021\/wp-json\/wp\/v2\/posts\/143071","targetHints":{"allow":["GET"]}}],"collection":[{"href":"https:\/\/www.noticiasradioreflejos.com.ar\/2021\/wp-json\/wp\/v2\/posts"}],"about":[{"href":"https:\/\/www.noticiasradioreflejos.com.ar\/2021\/wp-json\/wp\/v2\/types\/post"}],"author":[{"embeddable":true,"href":"https:\/\/www.noticiasradioreflejos.com.ar\/2021\/wp-json\/wp\/v2\/users\/3"}],"replies":[{"embeddable":true,"href":"https:\/\/www.noticiasradioreflejos.com.ar\/2021\/wp-json\/wp\/v2\/comments?post=143071"}],"version-history":[{"count":1,"href":"https:\/\/www.noticiasradioreflejos.com.ar\/2021\/wp-json\/wp\/v2\/posts\/143071\/revisions"}],"predecessor-version":[{"id":143073,"href":"https:\/\/www.noticiasradioreflejos.com.ar\/2021\/wp-json\/wp\/v2\/posts\/143071\/revisions\/143073"}],"wp:featuredmedia":[{"embeddable":true,"href":"https:\/\/www.noticiasradioreflejos.com.ar\/2021\/wp-json\/wp\/v2\/media\/143072"}],"wp:attachment":[{"href":"https:\/\/www.noticiasradioreflejos.com.ar\/2021\/wp-json\/wp\/v2\/media?parent=143071"}],"wp:term":[{"taxonomy":"category","embeddable":true,"href":"https:\/\/www.noticiasradioreflejos.com.ar\/2021\/wp-json\/wp\/v2\/categories?post=143071"},{"taxonomy":"post_tag","embeddable":true,"href":"https:\/\/www.noticiasradioreflejos.com.ar\/2021\/wp-json\/wp\/v2\/tags?post=143071"}],"curies":[{"name":"wp","href":"https:\/\/api.w.org\/{rel}","templated":true}]}}