{"id":143066,"date":"2026-09-04T08:01:06","date_gmt":"2026-09-04T11:01:06","guid":{"rendered":"https:\/\/www.noticiasradioreflejos.com.ar\/2021\/?p=143066"},"modified":"2026-09-04T08:03:02","modified_gmt":"2026-09-04T11:03:02","slug":"ola-de-frio-polar-en-la-comarca-de-ventania-anticipan-heladas-severas-fuertes-vientos-y-la-posibilidad-de-nieve","status":"publish","type":"post","link":"https:\/\/www.noticiasradioreflejos.com.ar\/2021\/ola-de-frio-polar-en-la-comarca-de-ventania-anticipan-heladas-severas-fuertes-vientos-y-la-posibilidad-de-nieve\/","title":{"rendered":"Ola de fr\u00edo polar en la Comarca de Ventania: anticipan heladas severas, fuertes vientos y la posibilidad de nieve"},"content":{"rendered":"<p data-path-to-node=\"1\"><b data-path-to-node=\"1\" data-index-in-node=\"0\"><\/b> Con el marcado descenso de la temperatura que se hizo sentir durante las primeras horas de hoy, la regi\u00f3n ingres\u00f3 de lleno en un per\u00edodo de condiciones invernales extremas. La jornada de este viernes comenz\u00f3 con cielos despejados, vientos leves y heladas en la zona rural perif\u00e9rica, registrando una marca m\u00ednima de 0 \u00b0C al amanecer.<!--more--><\/p>\n<p data-path-to-node=\"2\">Seg\u00fan los datos informados por el Servicio Meteorol\u00f3gico Nacional (SMN), se prev\u00e9 para hoy una temperatura m\u00e1xima que alcanzar\u00e1 los 13 \u00b0C. No obstante, el escenario atmosf\u00e9rico experimentar\u00e1 un r\u00e1pido deterioro hacia la tarde: a partir del mediod\u00eda se espera un incremento gradual de la nubosidad acompa\u00f1ado por la rotaci\u00f3n del viento al sector sudoeste, el cual cobrar\u00e1 intensidad con r\u00e1fagas que podr\u00edan alcanzar los 50 km\/h. Para la noche, las condiciones se volver\u00e1n inestables, no descart\u00e1ndose el desarrollo de chaparrones aislados.<\/p>\n<p data-path-to-node=\"2\"><a href=\"https:\/\/www.noticiasradioreflejos.com.ar\/2021\/ola-de-frio-polar-en-la-comarca-de-ventania-anticipan-heladas-severas-fuertes-vientos-y-la-posibilidad-de-nieve\/alerta\/\" rel=\"attachment wp-att-143069\"><img loading=\"lazy\" decoding=\"async\" class=\"aligncenter size-full wp-image-143069\" src=\"https:\/\/www.noticiasradioreflejos.com.ar\/2021\/wp-content\/uploads\/2026\/09\/alerta.png\" alt=\"\" width=\"472\" height=\"800\" srcset=\"https:\/\/www.noticiasradioreflejos.com.ar\/2021\/wp-content\/uploads\/2026\/09\/alerta.png 472w, https:\/\/www.noticiasradioreflejos.com.ar\/2021\/wp-content\/uploads\/2026\/09\/alerta-177x300.png 177w\" sizes=\"auto, (max-width: 472px) 100vw, 472px\" \/><\/a><\/p>\n<h4 data-path-to-node=\"3\"><b data-path-to-node=\"3\" data-index-in-node=\"0\">S\u00e1bado bajo alerta amarillo: fr\u00edo extremo y posible presencia de nieve<\/b><\/h4>\n<p data-path-to-node=\"4\">La situaci\u00f3n meteorol\u00f3gica se complicar\u00e1 de manera significativa de cara al s\u00e1bado. El SMN ha emitido un alerta meteorol\u00f3gico de nivel amarillo por vientos fuertes que afectar\u00e1 a gran parte del sur y sudoeste bonaerense, previ\u00e9ndose r\u00e1fagas que igualar\u00e1n o superar\u00e1n los 50 km\/h.<\/p>\n<p data-path-to-node=\"5\">Acompa\u00f1ando al temporal de viento, se registrar\u00e1 una marcada disminuci\u00f3n de la amplitud t\u00e9rmica. Los term\u00f3metros oscilar\u00e1n entre una m\u00ednima de -1 \u00b0C y una m\u00e1xima que apenas llegar\u00e1 a los 5 \u00b0C, con valores de sensaci\u00f3n t\u00e9rmica que dif\u00edcilmente superen los 4 \u00b0C a lo largo de todo el d\u00eda. El cielo permanecer\u00e1 cubierto con probabilidad de chaparrones intermitentes.<\/p>\n<p data-path-to-node=\"6\">Un factor clave para la jornada sabatina ser\u00e1 la posici\u00f3n del nivel de congelamiento: la isoterma de 0 \u00b0C se ubicar\u00e1 cercana a los 600 metros de altitud. Esta condici\u00f3n, combinada con la abundante humedad y las bajas temperaturas, abre la ventana a la probabilidad de precipitaciones en forma de nieve en toda la comarca, con mayor firmeza y visibilidad en las altas cumbres del sistema de Ventania.<\/p>\n<h4 data-path-to-node=\"7\"><b data-path-to-node=\"7\" data-index-in-node=\"0\">Domingo ant\u00e1rtico para cerrar el fin de semana<\/b><\/h4>\n<p data-path-to-node=\"8\">El cierre del fin de semana mantendr\u00e1 la t\u00f3nica de fr\u00edo riguroso. Para el domingo se pronostica un ambiente de caracter\u00edsticas ant\u00e1rticas, dominado por cielos cubiertos y un ambiente severamente g\u00e9lido. Se esperan heladas generalizadas con una temperatura m\u00ednima de -3 \u00b0C y una m\u00e1xima que no superar\u00e1 los 6 \u00b0C, acompa\u00f1adas por vientos leves de direcciones variables.<\/p>\n<p data-path-to-node=\"9\">Se recomienda a los vecinos y excursionistas de la Comarca extremar las precauciones al circular por las rutas de la zona debido a la presencia de hielo en la calzada, as\u00ed como tomar los resguardos necesarios ante la vigencia de la alerta por fuertes vientos.<\/p>\n","protected":false},"excerpt":{"rendered":"<p>Con el marcado descenso de la temperatura que se hizo sentir durante las primeras horas de hoy, la regi\u00f3n ingres\u00f3 de lleno en un per\u00edodo de condiciones invernales extremas. La jornada de este viernes comenz\u00f3 con cielos despejados, vientos leves y heladas en la zona rural perif\u00e9rica, registrando una marca m\u00ednima de 0 \u00b0C al [&hellip;]<\/p>\n","protected":false},"author":3,"featured_media":120783,"comment_status":"closed","ping_status":"closed","sticky":false,"template":"","format":"standard","meta":{"footnotes":""},"categories":[46,26],"tags":[48],"class_list":["post-143066","post","type-post","status-publish","format-standard","has-post-thumbnail","hentry","category-ciencia-y-tecnologia","category-sociedad","tag-destacada"],"yoast_head":"<!-- This site is optimized with the Yoast SEO plugin v25.9 - https:\/\/yoast.com\/wordpress\/plugins\/seo\/ -->\n<title>Ola de fr\u00edo polar en la Comarca de Ventania: anticipan heladas severas, fuertes vientos y la posibilidad de nieve - Noticias Radio Reflejos<\/title>\n<meta name=\"robots\" content=\"index, follow, max-snippet:-1, max-image-preview:large, max-video-preview:-1\" \/>\n<link rel=\"canonical\" href=\"https:\/\/www.noticiasradioreflejos.com.ar\/2021\/ola-de-frio-polar-en-la-comarca-de-ventania-anticipan-heladas-severas-fuertes-vientos-y-la-posibilidad-de-nieve\/\" \/>\n<meta property=\"og:locale\" content=\"es_ES\" \/>\n<meta property=\"og:type\" content=\"article\" \/>\n<meta property=\"og:title\" content=\"Ola de fr\u00edo polar en la Comarca de Ventania: anticipan heladas severas, fuertes vientos y la posibilidad de nieve - Noticias Radio Reflejos\" \/>\n<meta property=\"og:description\" content=\"Con el marcado descenso de la temperatura que se hizo sentir durante las primeras horas de hoy, la regi\u00f3n ingres\u00f3 de lleno en un per\u00edodo de condiciones invernales extremas. La jornada de este viernes comenz\u00f3 con cielos despejados, vientos leves y heladas en la zona rural perif\u00e9rica, registrando una marca m\u00ednima de 0 \u00b0C al [&hellip;]\" \/>\n<meta property=\"og:url\" content=\"https:\/\/www.noticiasradioreflejos.com.ar\/2021\/ola-de-frio-polar-en-la-comarca-de-ventania-anticipan-heladas-severas-fuertes-vientos-y-la-posibilidad-de-nieve\/\" \/>\n<meta property=\"og:site_name\" content=\"Noticias Radio Reflejos\" \/>\n<meta property=\"article:published_time\" content=\"2026-09-04T11:01:06+00:00\" \/>\n<meta property=\"article:modified_time\" content=\"2026-09-04T11:03:02+00:00\" \/>\n<meta property=\"og:image\" content=\"https:\/\/www.noticiasradioreflejos.com.ar\/2021\/wp-content\/uploads\/2025\/06\/nevada.jpg\" \/>\n\t<meta property=\"og:image:width\" content=\"1280\" \/>\n\t<meta property=\"og:image:height\" content=\"853\" \/>\n\t<meta property=\"og:image:type\" content=\"image\/jpeg\" \/>\n<meta name=\"author\" content=\"Arnaldo Botto\" \/>\n<meta name=\"twitter:card\" content=\"summary_large_image\" \/>\n<script type=\"application\/ld+json\" class=\"yoast-schema-graph\">{\"@context\":\"https:\/\/schema.org\",\"@graph\":[{\"@type\":\"WebPage\",\"@id\":\"https:\/\/www.noticiasradioreflejos.com.ar\/2021\/ola-de-frio-polar-en-la-comarca-de-ventania-anticipan-heladas-severas-fuertes-vientos-y-la-posibilidad-de-nieve\/\",\"url\":\"https:\/\/www.noticiasradioreflejos.com.ar\/2021\/ola-de-frio-polar-en-la-comarca-de-ventania-anticipan-heladas-severas-fuertes-vientos-y-la-posibilidad-de-nieve\/\",\"name\":\"Ola de fr\u00edo polar en la Comarca de Ventania: anticipan heladas severas, fuertes vientos y la posibilidad de nieve - Noticias Radio Reflejos\",\"isPartOf\":{\"@id\":\"https:\/\/www.noticiasradioreflejos.com.ar\/2021\/#website\"},\"primaryImageOfPage\":{\"@id\":\"https:\/\/www.noticiasradioreflejos.com.ar\/2021\/ola-de-frio-polar-en-la-comarca-de-ventania-anticipan-heladas-severas-fuertes-vientos-y-la-posibilidad-de-nieve\/#primaryimage\"},\"image\":{\"@id\":\"https:\/\/www.noticiasradioreflejos.com.ar\/2021\/ola-de-frio-polar-en-la-comarca-de-ventania-anticipan-heladas-severas-fuertes-vientos-y-la-posibilidad-de-nieve\/#primaryimage\"},\"thumbnailUrl\":\"https:\/\/www.noticiasradioreflejos.com.ar\/2021\/wp-content\/uploads\/2025\/06\/nevada.jpg\",\"datePublished\":\"2026-09-04T11:01:06+00:00\",\"dateModified\":\"2026-09-04T11:03:02+00:00\",\"author\":{\"@id\":\"https:\/\/www.noticiasradioreflejos.com.ar\/2021\/#\/schema\/person\/ad82545263dcc5ec0996818884fd5fb1\"},\"breadcrumb\":{\"@id\":\"https:\/\/www.noticiasradioreflejos.com.ar\/2021\/ola-de-frio-polar-en-la-comarca-de-ventania-anticipan-heladas-severas-fuertes-vientos-y-la-posibilidad-de-nieve\/#breadcrumb\"},\"inLanguage\":\"es\",\"potentialAction\":[{\"@type\":\"ReadAction\",\"target\":[\"https:\/\/www.noticiasradioreflejos.com.ar\/2021\/ola-de-frio-polar-en-la-comarca-de-ventania-anticipan-heladas-severas-fuertes-vientos-y-la-posibilidad-de-nieve\/\"]}]},{\"@type\":\"ImageObject\",\"inLanguage\":\"es\",\"@id\":\"https:\/\/www.noticiasradioreflejos.com.ar\/2021\/ola-de-frio-polar-en-la-comarca-de-ventania-anticipan-heladas-severas-fuertes-vientos-y-la-posibilidad-de-nieve\/#primaryimage\",\"url\":\"https:\/\/www.noticiasradioreflejos.com.ar\/2021\/wp-content\/uploads\/2025\/06\/nevada.jpg\",\"contentUrl\":\"https:\/\/www.noticiasradioreflejos.com.ar\/2021\/wp-content\/uploads\/2025\/06\/nevada.jpg\",\"width\":1280,\"height\":853},{\"@type\":\"BreadcrumbList\",\"@id\":\"https:\/\/www.noticiasradioreflejos.com.ar\/2021\/ola-de-frio-polar-en-la-comarca-de-ventania-anticipan-heladas-severas-fuertes-vientos-y-la-posibilidad-de-nieve\/#breadcrumb\",\"itemListElement\":[{\"@type\":\"ListItem\",\"position\":1,\"name\":\"Portada\",\"item\":\"https:\/\/www.noticiasradioreflejos.com.ar\/2021\/\"},{\"@type\":\"ListItem\",\"position\":2,\"name\":\"Ola de fr\u00edo polar en la Comarca de Ventania: anticipan heladas severas, fuertes vientos y la posibilidad de nieve\"}]},{\"@type\":\"WebSite\",\"@id\":\"https:\/\/www.noticiasradioreflejos.com.ar\/2021\/#website\",\"url\":\"https:\/\/www.noticiasradioreflejos.com.ar\/2021\/\",\"name\":\"Noticias Radio Reflejos\",\"description\":\"Las noticias de mi comarca\",\"potentialAction\":[{\"@type\":\"SearchAction\",\"target\":{\"@type\":\"EntryPoint\",\"urlTemplate\":\"https:\/\/www.noticiasradioreflejos.com.ar\/2021\/?s={search_term_string}\"},\"query-input\":{\"@type\":\"PropertyValueSpecification\",\"valueRequired\":true,\"valueName\":\"search_term_string\"}}],\"inLanguage\":\"es\"},{\"@type\":\"Person\",\"@id\":\"https:\/\/www.noticiasradioreflejos.com.ar\/2021\/#\/schema\/person\/ad82545263dcc5ec0996818884fd5fb1\",\"name\":\"Arnaldo Botto\",\"image\":{\"@type\":\"ImageObject\",\"inLanguage\":\"es\",\"@id\":\"https:\/\/www.noticiasradioreflejos.com.ar\/2021\/#\/schema\/person\/image\/\",\"url\":\"https:\/\/secure.gravatar.com\/avatar\/55cb5e37c1efa326397366e6974cb338056df65cb50e7d64d1cf314e87504837?s=96&d=mm&r=g\",\"contentUrl\":\"https:\/\/secure.gravatar.com\/avatar\/55cb5e37c1efa326397366e6974cb338056df65cb50e7d64d1cf314e87504837?s=96&d=mm&r=g\",\"caption\":\"Arnaldo Botto\"},\"url\":\"https:\/\/www.noticiasradioreflejos.com.ar\/2021\/author\/arnaldo\/\"}]}<\/script>\n<!-- \/ Yoast SEO plugin. -->","yoast_head_json":{"title":"Ola de fr\u00edo polar en la Comarca de Ventania: anticipan heladas severas, fuertes vientos y la posibilidad de nieve - Noticias Radio Reflejos","robots":{"index":"index","follow":"follow","max-snippet":"max-snippet:-1","max-image-preview":"max-image-preview:large","max-video-preview":"max-video-preview:-1"},"canonical":"https:\/\/www.noticiasradioreflejos.com.ar\/2021\/ola-de-frio-polar-en-la-comarca-de-ventania-anticipan-heladas-severas-fuertes-vientos-y-la-posibilidad-de-nieve\/","og_locale":"es_ES","og_type":"article","og_title":"Ola de fr\u00edo polar en la Comarca de Ventania: anticipan heladas severas, fuertes vientos y la posibilidad de nieve - Noticias Radio Reflejos","og_description":"Con el marcado descenso de la temperatura que se hizo sentir durante las primeras horas de hoy, la regi\u00f3n ingres\u00f3 de lleno en un per\u00edodo de condiciones invernales extremas. La jornada de este viernes comenz\u00f3 con cielos despejados, vientos leves y heladas en la zona rural perif\u00e9rica, registrando una marca m\u00ednima de 0 \u00b0C al [&hellip;]","og_url":"https:\/\/www.noticiasradioreflejos.com.ar\/2021\/ola-de-frio-polar-en-la-comarca-de-ventania-anticipan-heladas-severas-fuertes-vientos-y-la-posibilidad-de-nieve\/","og_site_name":"Noticias Radio Reflejos","article_published_time":"2026-09-04T11:01:06+00:00","article_modified_time":"2026-09-04T11:03:02+00:00","og_image":[{"width":1280,"height":853,"url":"https:\/\/www.noticiasradioreflejos.com.ar\/2021\/wp-content\/uploads\/2025\/06\/nevada.jpg","type":"image\/jpeg"}],"author":"Arnaldo Botto","twitter_card":"summary_large_image","schema":{"@context":"https:\/\/schema.org","@graph":[{"@type":"WebPage","@id":"https:\/\/www.noticiasradioreflejos.com.ar\/2021\/ola-de-frio-polar-en-la-comarca-de-ventania-anticipan-heladas-severas-fuertes-vientos-y-la-posibilidad-de-nieve\/","url":"https:\/\/www.noticiasradioreflejos.com.ar\/2021\/ola-de-frio-polar-en-la-comarca-de-ventania-anticipan-heladas-severas-fuertes-vientos-y-la-posibilidad-de-nieve\/","name":"Ola de fr\u00edo polar en la Comarca de Ventania: anticipan heladas severas, fuertes vientos y la posibilidad de nieve - Noticias Radio Reflejos","isPartOf":{"@id":"https:\/\/www.noticiasradioreflejos.com.ar\/2021\/#website"},"primaryImageOfPage":{"@id":"https:\/\/www.noticiasradioreflejos.com.ar\/2021\/ola-de-frio-polar-en-la-comarca-de-ventania-anticipan-heladas-severas-fuertes-vientos-y-la-posibilidad-de-nieve\/#primaryimage"},"image":{"@id":"https:\/\/www.noticiasradioreflejos.com.ar\/2021\/ola-de-frio-polar-en-la-comarca-de-ventania-anticipan-heladas-severas-fuertes-vientos-y-la-posibilidad-de-nieve\/#primaryimage"},"thumbnailUrl":"https:\/\/www.noticiasradioreflejos.com.ar\/2021\/wp-content\/uploads\/2025\/06\/nevada.jpg","datePublished":"2026-09-04T11:01:06+00:00","dateModified":"2026-09-04T11:03:02+00:00","author":{"@id":"https:\/\/www.noticiasradioreflejos.com.ar\/2021\/#\/schema\/person\/ad82545263dcc5ec0996818884fd5fb1"},"breadcrumb":{"@id":"https:\/\/www.noticiasradioreflejos.com.ar\/2021\/ola-de-frio-polar-en-la-comarca-de-ventania-anticipan-heladas-severas-fuertes-vientos-y-la-posibilidad-de-nieve\/#breadcrumb"},"inLanguage":"es","potentialAction":[{"@type":"ReadAction","target":["https:\/\/www.noticiasradioreflejos.com.ar\/2021\/ola-de-frio-polar-en-la-comarca-de-ventania-anticipan-heladas-severas-fuertes-vientos-y-la-posibilidad-de-nieve\/"]}]},{"@type":"ImageObject","inLanguage":"es","@id":"https:\/\/www.noticiasradioreflejos.com.ar\/2021\/ola-de-frio-polar-en-la-comarca-de-ventania-anticipan-heladas-severas-fuertes-vientos-y-la-posibilidad-de-nieve\/#primaryimage","url":"https:\/\/www.noticiasradioreflejos.com.ar\/2021\/wp-content\/uploads\/2025\/06\/nevada.jpg","contentUrl":"https:\/\/www.noticiasradioreflejos.com.ar\/2021\/wp-content\/uploads\/2025\/06\/nevada.jpg","width":1280,"height":853},{"@type":"BreadcrumbList","@id":"https:\/\/www.noticiasradioreflejos.com.ar\/2021\/ola-de-frio-polar-en-la-comarca-de-ventania-anticipan-heladas-severas-fuertes-vientos-y-la-posibilidad-de-nieve\/#breadcrumb","itemListElement":[{"@type":"ListItem","position":1,"name":"Portada","item":"https:\/\/www.noticiasradioreflejos.com.ar\/2021\/"},{"@type":"ListItem","position":2,"name":"Ola de fr\u00edo polar en la Comarca de Ventania: anticipan heladas severas, fuertes vientos y la posibilidad de nieve"}]},{"@type":"WebSite","@id":"https:\/\/www.noticiasradioreflejos.com.ar\/2021\/#website","url":"https:\/\/www.noticiasradioreflejos.com.ar\/2021\/","name":"Noticias Radio Reflejos","description":"Las noticias de mi comarca","potentialAction":[{"@type":"SearchAction","target":{"@type":"EntryPoint","urlTemplate":"https:\/\/www.noticiasradioreflejos.com.ar\/2021\/?s={search_term_string}"},"query-input":{"@type":"PropertyValueSpecification","valueRequired":true,"valueName":"search_term_string"}}],"inLanguage":"es"},{"@type":"Person","@id":"https:\/\/www.noticiasradioreflejos.com.ar\/2021\/#\/schema\/person\/ad82545263dcc5ec0996818884fd5fb1","name":"Arnaldo Botto","image":{"@type":"ImageObject","inLanguage":"es","@id":"https:\/\/www.noticiasradioreflejos.com.ar\/2021\/#\/schema\/person\/image\/","url":"https:\/\/secure.gravatar.com\/avatar\/55cb5e37c1efa326397366e6974cb338056df65cb50e7d64d1cf314e87504837?s=96&d=mm&r=g","contentUrl":"https:\/\/secure.gravatar.com\/avatar\/55cb5e37c1efa326397366e6974cb338056df65cb50e7d64d1cf314e87504837?s=96&d=mm&r=g","caption":"Arnaldo Botto"},"url":"https:\/\/www.noticiasradioreflejos.com.ar\/2021\/author\/arnaldo\/"}]}},"_links":{"self":[{"href":"https:\/\/www.noticiasradioreflejos.com.ar\/2021\/wp-json\/wp\/v2\/posts\/143066","targetHints":{"allow":["GET"]}}],"collection":[{"href":"https:\/\/www.noticiasradioreflejos.com.ar\/2021\/wp-json\/wp\/v2\/posts"}],"about":[{"href":"https:\/\/www.noticiasradioreflejos.com.ar\/2021\/wp-json\/wp\/v2\/types\/post"}],"author":[{"embeddable":true,"href":"https:\/\/www.noticiasradioreflejos.com.ar\/2021\/wp-json\/wp\/v2\/users\/3"}],"replies":[{"embeddable":true,"href":"https:\/\/www.noticiasradioreflejos.com.ar\/2021\/wp-json\/wp\/v2\/comments?post=143066"}],"version-history":[{"count":3,"href":"https:\/\/www.noticiasradioreflejos.com.ar\/2021\/wp-json\/wp\/v2\/posts\/143066\/revisions"}],"predecessor-version":[{"id":143070,"href":"https:\/\/www.noticiasradioreflejos.com.ar\/2021\/wp-json\/wp\/v2\/posts\/143066\/revisions\/143070"}],"wp:featuredmedia":[{"embeddable":true,"href":"https:\/\/www.noticiasradioreflejos.com.ar\/2021\/wp-json\/wp\/v2\/media\/120783"}],"wp:attachment":[{"href":"https:\/\/www.noticiasradioreflejos.com.ar\/2021\/wp-json\/wp\/v2\/media?parent=143066"}],"wp:term":[{"taxonomy":"category","embeddable":true,"href":"https:\/\/www.noticiasradioreflejos.com.ar\/2021\/wp-json\/wp\/v2\/categories?post=143066"},{"taxonomy":"post_tag","embeddable":true,"href":"https:\/\/www.noticiasradioreflejos.com.ar\/2021\/wp-json\/wp\/v2\/tags?post=143066"}],"curies":[{"name":"wp","href":"https:\/\/api.w.org\/{rel}","templated":true}]}}