{"id":143063,"date":"2026-09-04T07:44:18","date_gmt":"2026-09-04T10:44:18","guid":{"rendered":"https:\/\/www.noticiasradioreflejos.com.ar\/2021\/?p=143063"},"modified":"2026-09-04T07:44:18","modified_gmt":"2026-09-04T10:44:18","slug":"dia-de-la-secretaria-por-que-se-celebra-el-4-de-septiembre-2","status":"publish","type":"post","link":"https:\/\/www.noticiasradioreflejos.com.ar\/2021\/dia-de-la-secretaria-por-que-se-celebra-el-4-de-septiembre-2\/","title":{"rendered":"D\u00eda de la Secretaria: \u00bfpor qu\u00e9 se celebra el 4 de septiembre?"},"content":{"rendered":"<p>Cada 4 de septiembre se celebra en Argentina el D\u00eda de la Secretaria, una fecha destinada a reconocer el trabajo de quienes cumplen funciones administrativas, organizativas y de asistencia en empresas, instituciones y organismos.<!--more--><\/p>\n<p>El <strong>4 de septiembre se celebra en Argentina el D\u00eda de la Secretaria<\/strong>, una jornada dedicada a reconocer una tarea que durante d\u00e9cadas estuvo asociada casi exclusivamente a las mujeres y que, con el paso del tiempo, se transform\u00f3 junto con el mundo del trabajo. Secretarias y secretarios cumplen hoy funciones que van mucho m\u00e1s all\u00e1 de atender tel\u00e9fonos o manejar agendas: organizan informaci\u00f3n, coordinan actividades, reciben consultas, gestionan documentaci\u00f3n y muchas veces se convierten en un nexo fundamental dentro de una organizaci\u00f3n.<\/p>\n<div class=\"partner-wrapper article-page__body-row\">\n<div class=\"second-col\">\n<p class=\"article-text\">La fecha tambi\u00e9n invita a mirar c\u00f3mo cambi\u00f3 esta profesi\u00f3n. Las primeras tareas vinculadas al secretariado estuvieron estrechamente relacionadas con la aparici\u00f3n de la\u00a0<strong>m\u00e1quina de escribir y la mecanograf\u00eda<\/strong>, herramientas que modificaron profundamente el trabajo administrativo durante la segunda etapa de la Revoluci\u00f3n Industrial. Con la llegada posterior de las computadoras, el correo electr\u00f3nico y las nuevas tecnolog\u00edas, aquellas funciones se transformaron, pero la necesidad de organizaci\u00f3n y coordinaci\u00f3n continu\u00f3 siendo central.<\/p>\n<h2 class=\"article-text\">\u00bfPor qu\u00e9 se celebra el D\u00eda de la Secretaria el 4 de septiembre?<\/h2>\n<p class=\"article-text\">El origen exacto de la celebraci\u00f3n\u00a0<strong>no est\u00e1 completamente documentado<\/strong>\u00a0y existen diferentes versiones. Una de las historias m\u00e1s difundidas la vincula con Christopher Sholes, inventor de la m\u00e1quina de escribir, y con su hija Lilian Sholes, quien habr\u00eda sido una de las primeras personas en probar p\u00fablicamente el funcionamiento del invento y en practicar la dactilograf\u00eda.<\/p>\n<p class=\"article-text\">La expansi\u00f3n de la m\u00e1quina de escribir gener\u00f3 una nueva demanda laboral. Muchas mujeres comenzaron a capacitarse en mecanograf\u00eda y a incorporarse a oficinas y empresas para realizar tareas que hasta entonces ten\u00edan otras caracter\u00edsticas. De esta manera, el trabajo administrativo se convirti\u00f3 tambi\u00e9n en una de las v\u00edas de ingreso de muchas mujeres al mercado laboral.<\/p>\n<p class=\"article-text\">Otra versi\u00f3n sit\u00faa el origen de la conmemoraci\u00f3n en Estados Unidos durante la d\u00e9cada de 1950. Seg\u00fan esta historia, la entonces\u00a0<strong>Asociaci\u00f3n Nacional de Secretarias<\/strong>\u00a0impuls\u00f3 en 1952 una celebraci\u00f3n denominada \u201cSemana Nacional de las Secretarias\u201d, con el objetivo de reconocer la importancia de esta actividad. La organizaci\u00f3n es conocida actualmente como la Asociaci\u00f3n Internacional de Profesionales Administrativos.<\/p>\n<p class=\"article-text\">Sin embargo, estas historias explican el desarrollo internacional de la celebraci\u00f3n, pero\u00a0<strong>no existe una explicaci\u00f3n hist\u00f3rica \u00fanica y comprobada que determine por qu\u00e9 Argentina eligi\u00f3 espec\u00edficamente el 4 de septiembre<\/strong>. Organismos educativos y gubernamentales argentinos se\u00f1alan que la fecha tambi\u00e9n es utilizada en Uruguay.<\/p>\n<h2 class=\"article-text\">De la m\u00e1quina de escribir a las nuevas tecnolog\u00edas<\/h2>\n<p class=\"article-text\">La imagen tradicional de la secretaria frente a una m\u00e1quina de escribir qued\u00f3 atr\u00e1s hace d\u00e9cadas. El desarrollo tecnol\u00f3gico modific\u00f3 por completo las herramientas utilizadas en el trabajo administrativo: primero llegaron las computadoras, luego internet, el correo electr\u00f3nico, las videollamadas, las plataformas de gesti\u00f3n y, m\u00e1s recientemente, las herramientas de inteligencia artificial.<\/p>\n<p class=\"article-text\">Pero el cambio tecnol\u00f3gico no elimin\u00f3 la profesi\u00f3n. Por el contrario, ampli\u00f3 sus responsabilidades. La capacidad de\u00a0<strong>organizar informaci\u00f3n, administrar tiempos, coordinar personas, resolver problemas y mantener una comunicaci\u00f3n eficiente<\/strong>\u00a0contin\u00faa siendo fundamental en pr\u00e1cticamente cualquier organizaci\u00f3n.<\/p>\n<p class=\"article-text\">En una empresa, una escuela, una universidad, un consultorio m\u00e9dico, un estudio profesional o un organismo p\u00fablico, la persona que ocupa una funci\u00f3n administrativa suele tener contacto con diferentes sectores y p\u00fablicos. Esa posici\u00f3n convierte al secretariado en un rol estrat\u00e9gico para el funcionamiento cotidiano.<\/p>\n<h2 class=\"article-text\">Una profesi\u00f3n que dej\u00f3 de tener g\u00e9nero<\/h2>\n<p class=\"article-text\">Durante buena parte de su historia, el secretariado fue considerado un trabajo exclusivamente femenino. Esa asociaci\u00f3n estuvo vinculada, entre otras cuestiones, con la incorporaci\u00f3n masiva de mujeres a las tareas de mecanograf\u00eda y administraci\u00f3n.<\/p>\n<p class=\"article-text\">Con el tiempo, esa concepci\u00f3n comenz\u00f3 a cambiar. Actualmente,\u00a0<strong>hombres y mujeres pueden desempe\u00f1arse como secretarios y secretarias<\/strong>, y las tareas administrativas forman parte de equipos laborales cada vez m\u00e1s diversos. El propio Gobierno de la Ciudad de Buenos Aires destaca que las profesiones no tienen g\u00e9nero y plantea la necesidad de pensar la actividad desde una perspectiva m\u00e1s amplia.<\/p>\n<p class=\"article-text\">Este cambio tambi\u00e9n supone dejar atr\u00e1s determinados estereotipos que durante a\u00f1os redujeron el trabajo de las secretarias a tareas consideradas secundarias. La organizaci\u00f3n, la responsabilidad, el manejo de informaci\u00f3n y la capacidad para resolver situaciones cotidianas son competencias profesionales que tienen un impacto concreto en el funcionamiento de una instituci\u00f3n.<\/p>\n<h2 class=\"article-text\">Mucho m\u00e1s que organizar una agenda<\/h2>\n<p class=\"article-text\">Una de las principales transformaciones de la profesi\u00f3n est\u00e1 relacionada con la complejidad de las tareas. El trabajo administrativo actual puede incluir la gesti\u00f3n de documentaci\u00f3n, coordinaci\u00f3n de reuniones, atenci\u00f3n de consultas, seguimiento de tr\u00e1mites, elaboraci\u00f3n de informes, manejo de agendas, comunicaci\u00f3n interna y externa y utilizaci\u00f3n de diferentes sistemas inform\u00e1ticos.<\/p>\n<p class=\"article-text\">En muchos casos, adem\u00e1s, la secretaria o el secretario constituye\u00a0<strong>la primera cara visible de una instituci\u00f3n<\/strong>. El modo en que recibe una consulta, orienta a una persona o resuelve una dificultad puede determinar buena parte de la experiencia de quien se acerca a una empresa, una escuela, un consultorio o una dependencia p\u00fablica.<\/p>\n<p class=\"article-text\">Por eso, la fecha no representa solamente una oportunidad para saludar. Tambi\u00e9n permite reconocer una funci\u00f3n que muchas veces permanece invisible cuando todo funciona correctamente, pero cuya ausencia se hace evidente r\u00e1pidamente cuando las tareas de organizaci\u00f3n y coordinaci\u00f3n no se realizan.<\/p>\n<h2 class=\"article-text\">El desaf\u00edo de adaptarse a un mundo laboral en transformaci\u00f3n<\/h2>\n<p class=\"article-text\">Como ocurre con muchas profesiones administrativas, el secretariado enfrenta nuevos desaf\u00edos derivados de la digitalizaci\u00f3n. La automatizaci\u00f3n de determinadas tareas, el trabajo remoto y las herramientas de inteligencia artificial est\u00e1n modificando la manera en que se organiza la informaci\u00f3n y se distribuye el trabajo.<\/p>\n<p class=\"article-text\">En ese contexto, las capacidades humanas adquieren todav\u00eda mayor importancia. La comunicaci\u00f3n, el criterio para priorizar tareas, la confidencialidad, la resoluci\u00f3n de problemas y la capacidad de relacionarse con diferentes personas son habilidades dif\u00edciles de reemplazar completamente mediante herramientas tecnol\u00f3gicas.<\/p>\n<p class=\"article-text\">El D\u00eda de la Secretaria, entonces, tambi\u00e9n puede entenderse como una oportunidad para\u00a0<strong>revalorizar una profesi\u00f3n que supo adaptarse a enormes transformaciones<\/strong>: desde las primeras m\u00e1quinas de escribir hasta las actuales plataformas digitales.<\/p>\n<h2 class=\"article-text\">Un reconocimiento a quienes hacen posible que todo funcione<\/h2>\n<p class=\"article-text\">Cada 4 de septiembre, el homenaje alcanza a quienes trabajan detr\u00e1s de escritorios, mostradores, oficinas, escuelas, consultorios, empresas y organismos p\u00fablicos. Personas que organizan, responden, coordinan, reciben, recuerdan fechas, gestionan documentaci\u00f3n y muchas veces resuelven problemas antes de que lleguen a convertirse en dificultades mayores.<\/p>\n<p class=\"article-text\">Aunque el nombre de la profesi\u00f3n y sus herramientas hayan cambiado, existe algo que permanece:\u00a0<strong>la importancia de la organizaci\u00f3n y del trabajo cotidiano para que una instituci\u00f3n pueda funcionar<\/strong>.<\/p>\n<div id=\"container-after-news-outlook\"><\/div>\n<p class=\"article-text\">Por eso, el D\u00eda de la Secretaria es tambi\u00e9n una fecha para reconocer ese trabajo que muchas veces ocurre en silencio y que resulta indispensable para que las actividades de todos los d\u00edas puedan desarrollarse con orden y eficiencia.<\/p>\n<p class=\"article-text\"><em>NB<\/em><\/p>\n<\/div>\n<\/div>\n","protected":false},"excerpt":{"rendered":"<p>Cada 4 de septiembre se celebra en Argentina el D\u00eda de la Secretaria, una fecha destinada a reconocer el trabajo de quienes cumplen funciones administrativas, organizativas y de asistencia en empresas, instituciones y organismos.<\/p>\n","protected":false},"author":3,"featured_media":143064,"comment_status":"closed","ping_status":"closed","sticky":false,"template":"","format":"standard","meta":{"footnotes":""},"categories":[26],"tags":[],"class_list":["post-143063","post","type-post","status-publish","format-standard","has-post-thumbnail","hentry","category-sociedad"],"yoast_head":"<!-- This site is optimized with the Yoast SEO plugin v25.9 - https:\/\/yoast.com\/wordpress\/plugins\/seo\/ -->\n<title>D\u00eda de la Secretaria: \u00bfpor qu\u00e9 se celebra el 4 de septiembre? - Noticias Radio Reflejos<\/title>\n<meta name=\"robots\" content=\"index, follow, max-snippet:-1, max-image-preview:large, max-video-preview:-1\" \/>\n<link rel=\"canonical\" href=\"https:\/\/www.noticiasradioreflejos.com.ar\/2021\/dia-de-la-secretaria-por-que-se-celebra-el-4-de-septiembre-2\/\" \/>\n<meta property=\"og:locale\" content=\"es_ES\" \/>\n<meta property=\"og:type\" content=\"article\" \/>\n<meta property=\"og:title\" content=\"D\u00eda de la Secretaria: \u00bfpor qu\u00e9 se celebra el 4 de septiembre? - Noticias Radio Reflejos\" \/>\n<meta property=\"og:description\" content=\"Cada 4 de septiembre se celebra en Argentina el D\u00eda de la Secretaria, una fecha destinada a reconocer el trabajo de quienes cumplen funciones administrativas, organizativas y de asistencia en empresas, instituciones y organismos.\" \/>\n<meta property=\"og:url\" content=\"https:\/\/www.noticiasradioreflejos.com.ar\/2021\/dia-de-la-secretaria-por-que-se-celebra-el-4-de-septiembre-2\/\" \/>\n<meta property=\"og:site_name\" content=\"Noticias Radio Reflejos\" \/>\n<meta property=\"article:published_time\" content=\"2026-09-04T10:44:18+00:00\" \/>\n<meta property=\"og:image\" content=\"https:\/\/www.noticiasradioreflejos.com.ar\/2021\/wp-content\/uploads\/2026\/09\/secretaria.webp\" \/>\n\t<meta property=\"og:image:width\" content=\"1200\" \/>\n\t<meta property=\"og:image:height\" content=\"675\" \/>\n\t<meta property=\"og:image:type\" content=\"image\/webp\" \/>\n<meta name=\"author\" content=\"Arnaldo Botto\" \/>\n<meta name=\"twitter:card\" content=\"summary_large_image\" \/>\n<script type=\"application\/ld+json\" class=\"yoast-schema-graph\">{\"@context\":\"https:\/\/schema.org\",\"@graph\":[{\"@type\":\"WebPage\",\"@id\":\"https:\/\/www.noticiasradioreflejos.com.ar\/2021\/dia-de-la-secretaria-por-que-se-celebra-el-4-de-septiembre-2\/\",\"url\":\"https:\/\/www.noticiasradioreflejos.com.ar\/2021\/dia-de-la-secretaria-por-que-se-celebra-el-4-de-septiembre-2\/\",\"name\":\"D\u00eda de la Secretaria: \u00bfpor qu\u00e9 se celebra el 4 de septiembre? - Noticias Radio Reflejos\",\"isPartOf\":{\"@id\":\"https:\/\/www.noticiasradioreflejos.com.ar\/2021\/#website\"},\"primaryImageOfPage\":{\"@id\":\"https:\/\/www.noticiasradioreflejos.com.ar\/2021\/dia-de-la-secretaria-por-que-se-celebra-el-4-de-septiembre-2\/#primaryimage\"},\"image\":{\"@id\":\"https:\/\/www.noticiasradioreflejos.com.ar\/2021\/dia-de-la-secretaria-por-que-se-celebra-el-4-de-septiembre-2\/#primaryimage\"},\"thumbnailUrl\":\"https:\/\/www.noticiasradioreflejos.com.ar\/2021\/wp-content\/uploads\/2026\/09\/secretaria.webp\",\"datePublished\":\"2026-09-04T10:44:18+00:00\",\"author\":{\"@id\":\"https:\/\/www.noticiasradioreflejos.com.ar\/2021\/#\/schema\/person\/ad82545263dcc5ec0996818884fd5fb1\"},\"breadcrumb\":{\"@id\":\"https:\/\/www.noticiasradioreflejos.com.ar\/2021\/dia-de-la-secretaria-por-que-se-celebra-el-4-de-septiembre-2\/#breadcrumb\"},\"inLanguage\":\"es\",\"potentialAction\":[{\"@type\":\"ReadAction\",\"target\":[\"https:\/\/www.noticiasradioreflejos.com.ar\/2021\/dia-de-la-secretaria-por-que-se-celebra-el-4-de-septiembre-2\/\"]}]},{\"@type\":\"ImageObject\",\"inLanguage\":\"es\",\"@id\":\"https:\/\/www.noticiasradioreflejos.com.ar\/2021\/dia-de-la-secretaria-por-que-se-celebra-el-4-de-septiembre-2\/#primaryimage\",\"url\":\"https:\/\/www.noticiasradioreflejos.com.ar\/2021\/wp-content\/uploads\/2026\/09\/secretaria.webp\",\"contentUrl\":\"https:\/\/www.noticiasradioreflejos.com.ar\/2021\/wp-content\/uploads\/2026\/09\/secretaria.webp\",\"width\":1200,\"height\":675},{\"@type\":\"BreadcrumbList\",\"@id\":\"https:\/\/www.noticiasradioreflejos.com.ar\/2021\/dia-de-la-secretaria-por-que-se-celebra-el-4-de-septiembre-2\/#breadcrumb\",\"itemListElement\":[{\"@type\":\"ListItem\",\"position\":1,\"name\":\"Portada\",\"item\":\"https:\/\/www.noticiasradioreflejos.com.ar\/2021\/\"},{\"@type\":\"ListItem\",\"position\":2,\"name\":\"D\u00eda de la Secretaria: \u00bfpor qu\u00e9 se celebra el 4 de septiembre?\"}]},{\"@type\":\"WebSite\",\"@id\":\"https:\/\/www.noticiasradioreflejos.com.ar\/2021\/#website\",\"url\":\"https:\/\/www.noticiasradioreflejos.com.ar\/2021\/\",\"name\":\"Noticias Radio Reflejos\",\"description\":\"Las noticias de mi comarca\",\"potentialAction\":[{\"@type\":\"SearchAction\",\"target\":{\"@type\":\"EntryPoint\",\"urlTemplate\":\"https:\/\/www.noticiasradioreflejos.com.ar\/2021\/?s={search_term_string}\"},\"query-input\":{\"@type\":\"PropertyValueSpecification\",\"valueRequired\":true,\"valueName\":\"search_term_string\"}}],\"inLanguage\":\"es\"},{\"@type\":\"Person\",\"@id\":\"https:\/\/www.noticiasradioreflejos.com.ar\/2021\/#\/schema\/person\/ad82545263dcc5ec0996818884fd5fb1\",\"name\":\"Arnaldo Botto\",\"image\":{\"@type\":\"ImageObject\",\"inLanguage\":\"es\",\"@id\":\"https:\/\/www.noticiasradioreflejos.com.ar\/2021\/#\/schema\/person\/image\/\",\"url\":\"https:\/\/secure.gravatar.com\/avatar\/55cb5e37c1efa326397366e6974cb338056df65cb50e7d64d1cf314e87504837?s=96&d=mm&r=g\",\"contentUrl\":\"https:\/\/secure.gravatar.com\/avatar\/55cb5e37c1efa326397366e6974cb338056df65cb50e7d64d1cf314e87504837?s=96&d=mm&r=g\",\"caption\":\"Arnaldo Botto\"},\"url\":\"https:\/\/www.noticiasradioreflejos.com.ar\/2021\/author\/arnaldo\/\"}]}<\/script>\n<!-- \/ Yoast SEO plugin. -->","yoast_head_json":{"title":"D\u00eda de la Secretaria: \u00bfpor qu\u00e9 se celebra el 4 de septiembre? - Noticias Radio Reflejos","robots":{"index":"index","follow":"follow","max-snippet":"max-snippet:-1","max-image-preview":"max-image-preview:large","max-video-preview":"max-video-preview:-1"},"canonical":"https:\/\/www.noticiasradioreflejos.com.ar\/2021\/dia-de-la-secretaria-por-que-se-celebra-el-4-de-septiembre-2\/","og_locale":"es_ES","og_type":"article","og_title":"D\u00eda de la Secretaria: \u00bfpor qu\u00e9 se celebra el 4 de septiembre? - Noticias Radio Reflejos","og_description":"Cada 4 de septiembre se celebra en Argentina el D\u00eda de la Secretaria, una fecha destinada a reconocer el trabajo de quienes cumplen funciones administrativas, organizativas y de asistencia en empresas, instituciones y organismos.","og_url":"https:\/\/www.noticiasradioreflejos.com.ar\/2021\/dia-de-la-secretaria-por-que-se-celebra-el-4-de-septiembre-2\/","og_site_name":"Noticias Radio Reflejos","article_published_time":"2026-09-04T10:44:18+00:00","og_image":[{"width":1200,"height":675,"url":"https:\/\/www.noticiasradioreflejos.com.ar\/2021\/wp-content\/uploads\/2026\/09\/secretaria.webp","type":"image\/webp"}],"author":"Arnaldo Botto","twitter_card":"summary_large_image","schema":{"@context":"https:\/\/schema.org","@graph":[{"@type":"WebPage","@id":"https:\/\/www.noticiasradioreflejos.com.ar\/2021\/dia-de-la-secretaria-por-que-se-celebra-el-4-de-septiembre-2\/","url":"https:\/\/www.noticiasradioreflejos.com.ar\/2021\/dia-de-la-secretaria-por-que-se-celebra-el-4-de-septiembre-2\/","name":"D\u00eda de la Secretaria: \u00bfpor qu\u00e9 se celebra el 4 de septiembre? - Noticias Radio Reflejos","isPartOf":{"@id":"https:\/\/www.noticiasradioreflejos.com.ar\/2021\/#website"},"primaryImageOfPage":{"@id":"https:\/\/www.noticiasradioreflejos.com.ar\/2021\/dia-de-la-secretaria-por-que-se-celebra-el-4-de-septiembre-2\/#primaryimage"},"image":{"@id":"https:\/\/www.noticiasradioreflejos.com.ar\/2021\/dia-de-la-secretaria-por-que-se-celebra-el-4-de-septiembre-2\/#primaryimage"},"thumbnailUrl":"https:\/\/www.noticiasradioreflejos.com.ar\/2021\/wp-content\/uploads\/2026\/09\/secretaria.webp","datePublished":"2026-09-04T10:44:18+00:00","author":{"@id":"https:\/\/www.noticiasradioreflejos.com.ar\/2021\/#\/schema\/person\/ad82545263dcc5ec0996818884fd5fb1"},"breadcrumb":{"@id":"https:\/\/www.noticiasradioreflejos.com.ar\/2021\/dia-de-la-secretaria-por-que-se-celebra-el-4-de-septiembre-2\/#breadcrumb"},"inLanguage":"es","potentialAction":[{"@type":"ReadAction","target":["https:\/\/www.noticiasradioreflejos.com.ar\/2021\/dia-de-la-secretaria-por-que-se-celebra-el-4-de-septiembre-2\/"]}]},{"@type":"ImageObject","inLanguage":"es","@id":"https:\/\/www.noticiasradioreflejos.com.ar\/2021\/dia-de-la-secretaria-por-que-se-celebra-el-4-de-septiembre-2\/#primaryimage","url":"https:\/\/www.noticiasradioreflejos.com.ar\/2021\/wp-content\/uploads\/2026\/09\/secretaria.webp","contentUrl":"https:\/\/www.noticiasradioreflejos.com.ar\/2021\/wp-content\/uploads\/2026\/09\/secretaria.webp","width":1200,"height":675},{"@type":"BreadcrumbList","@id":"https:\/\/www.noticiasradioreflejos.com.ar\/2021\/dia-de-la-secretaria-por-que-se-celebra-el-4-de-septiembre-2\/#breadcrumb","itemListElement":[{"@type":"ListItem","position":1,"name":"Portada","item":"https:\/\/www.noticiasradioreflejos.com.ar\/2021\/"},{"@type":"ListItem","position":2,"name":"D\u00eda de la Secretaria: \u00bfpor qu\u00e9 se celebra el 4 de septiembre?"}]},{"@type":"WebSite","@id":"https:\/\/www.noticiasradioreflejos.com.ar\/2021\/#website","url":"https:\/\/www.noticiasradioreflejos.com.ar\/2021\/","name":"Noticias Radio Reflejos","description":"Las noticias de mi comarca","potentialAction":[{"@type":"SearchAction","target":{"@type":"EntryPoint","urlTemplate":"https:\/\/www.noticiasradioreflejos.com.ar\/2021\/?s={search_term_string}"},"query-input":{"@type":"PropertyValueSpecification","valueRequired":true,"valueName":"search_term_string"}}],"inLanguage":"es"},{"@type":"Person","@id":"https:\/\/www.noticiasradioreflejos.com.ar\/2021\/#\/schema\/person\/ad82545263dcc5ec0996818884fd5fb1","name":"Arnaldo Botto","image":{"@type":"ImageObject","inLanguage":"es","@id":"https:\/\/www.noticiasradioreflejos.com.ar\/2021\/#\/schema\/person\/image\/","url":"https:\/\/secure.gravatar.com\/avatar\/55cb5e37c1efa326397366e6974cb338056df65cb50e7d64d1cf314e87504837?s=96&d=mm&r=g","contentUrl":"https:\/\/secure.gravatar.com\/avatar\/55cb5e37c1efa326397366e6974cb338056df65cb50e7d64d1cf314e87504837?s=96&d=mm&r=g","caption":"Arnaldo Botto"},"url":"https:\/\/www.noticiasradioreflejos.com.ar\/2021\/author\/arnaldo\/"}]}},"_links":{"self":[{"href":"https:\/\/www.noticiasradioreflejos.com.ar\/2021\/wp-json\/wp\/v2\/posts\/143063","targetHints":{"allow":["GET"]}}],"collection":[{"href":"https:\/\/www.noticiasradioreflejos.com.ar\/2021\/wp-json\/wp\/v2\/posts"}],"about":[{"href":"https:\/\/www.noticiasradioreflejos.com.ar\/2021\/wp-json\/wp\/v2\/types\/post"}],"author":[{"embeddable":true,"href":"https:\/\/www.noticiasradioreflejos.com.ar\/2021\/wp-json\/wp\/v2\/users\/3"}],"replies":[{"embeddable":true,"href":"https:\/\/www.noticiasradioreflejos.com.ar\/2021\/wp-json\/wp\/v2\/comments?post=143063"}],"version-history":[{"count":1,"href":"https:\/\/www.noticiasradioreflejos.com.ar\/2021\/wp-json\/wp\/v2\/posts\/143063\/revisions"}],"predecessor-version":[{"id":143065,"href":"https:\/\/www.noticiasradioreflejos.com.ar\/2021\/wp-json\/wp\/v2\/posts\/143063\/revisions\/143065"}],"wp:featuredmedia":[{"embeddable":true,"href":"https:\/\/www.noticiasradioreflejos.com.ar\/2021\/wp-json\/wp\/v2\/media\/143064"}],"wp:attachment":[{"href":"https:\/\/www.noticiasradioreflejos.com.ar\/2021\/wp-json\/wp\/v2\/media?parent=143063"}],"wp:term":[{"taxonomy":"category","embeddable":true,"href":"https:\/\/www.noticiasradioreflejos.com.ar\/2021\/wp-json\/wp\/v2\/categories?post=143063"},{"taxonomy":"post_tag","embeddable":true,"href":"https:\/\/www.noticiasradioreflejos.com.ar\/2021\/wp-json\/wp\/v2\/tags?post=143063"}],"curies":[{"name":"wp","href":"https:\/\/api.w.org\/{rel}","templated":true}]}}