{"id":143059,"date":"2026-09-04T07:41:53","date_gmt":"2026-09-04T10:41:53","guid":{"rendered":"https:\/\/www.noticiasradioreflejos.com.ar\/2021\/?p=143059"},"modified":"2026-09-04T07:41:53","modified_gmt":"2026-09-04T10:41:53","slug":"criticas-de-la-oposicion-a-milei-por-el-mensaje-de-malvinas-busca-galtierizar-su-figura","status":"publish","type":"post","link":"https:\/\/www.noticiasradioreflejos.com.ar\/2021\/criticas-de-la-oposicion-a-milei-por-el-mensaje-de-malvinas-busca-galtierizar-su-figura\/","title":{"rendered":"Cr\u00edticas de la oposici\u00f3n a Milei por el mensaje de Malvinas: \u201cBusca galtierizar su figura\u201d"},"content":{"rendered":"<p>El excanciller Jorge Taiana sostuvo que el Presidente \u201cbusca \u2018galtierizar\u2019 su figura para recuperar espacio ante el pueblo argentino. \u201dUtilizar la Causa Malvinas para crear un Consejo de Seguridad, resulta peligroso\u201c, sentenci\u00f3. Desde la izquierda, acusaron al mandatario de ser \u201dun t\u00edtere de Trump\u201c: \u201dEstados Unidos lo est\u00e1 usando como enviado para provocar a Gran Breta\u00f1a en su actual disputa entre piratas\u201c, apunt\u00f3 Myriam Bregman. Tambi\u00e9n hubo cr\u00edticas desde el kicillofismo, Provincias Unidas y la Coalici\u00f3n C\u00edvica.<!--more--><\/p>\n<p><strong>Referentes del arco opositor al Gobierno nacional criticaron esta noche el mensaje en cadena nacional que dio el presidente Javier Milei<\/strong>\u00a0por el reclamo de soberan\u00eda de las Islas Malvinas, tras acusarlo de\u00a0<strong>\u201cprestar servicios para los Estados Unidos\u201d y querer \u201cgaltierizar\u201d su figura<\/strong>, en referencia a Leopoldo Fortunato Galtieri, \u00faltimo mandatario de la dictadura militar que le declar\u00f3 en 1982 la guerra a Gran Breta\u00f1a por la toma del archipi\u00e9lago.<\/p>\n<p>Milei anuncia medidas que llegan tarde, despu\u00e9s de haber flexibilizado normas y hecho concesiones que facilitaron el avance del Reino Unido sobre nuestros intereses\u201d.<\/p>\n<p class=\"article-text\">\u201cCon este posicionamiento,\u00a0<strong>Milei busca \u2018galtierizar\u2019 su figura para recuperar espacio ante el pueblo argentino<\/strong>. Utilizar la Causa Malvinas para crear un Consejo de Seguridad, en el marco de la estrategia contrainsurgente del \u2018Escudo de las Am\u00e9ricas\u2019, resulta peligroso.\u00a0<strong>Las actividades de exploraci\u00f3n y explotaci\u00f3n en Malvinas ya tienen previstas sanciones en las leyes 26.659 y 26.915\u201d<\/strong>, indic\u00f3 Taiana.<\/p>\n<figure class=\"embed-container embed-container--type-twitter \">\n<div class=\"twitter-tweet twitter-tweet-rendered\"><iframe id=\"twitter-widget-0\" class=\"\" title=\"X Post\" src=\"https:\/\/platform.twitter.com\/embed\/Tweet.html?dnt=false&amp;embedId=twitter-widget-0&amp;features=eyJ0ZndfdGltZWxpbmVfbGlzdCI6eyJidWNrZXQiOltdLCJ2ZXJzaW9uIjpudWxsfSwidGZ3X2ZvbGxvd2VyX2NvdW50X3N1bnNldCI6eyJidWNrZXQiOnRydWUsInZlcnNpb24iOm51bGx9LCJ0ZndfdHdlZXRfZWRpdF9iYWNrZW5kIjp7ImJ1Y2tldCI6Im9uIiwidmVyc2lvbiI6bnVsbH0sInRmd19yZWZzcmNfc2Vzc2lvbiI6eyJidWNrZXQiOiJvbiIsInZlcnNpb24iOm51bGx9LCJ0ZndfZm9zbnJfc29mdF9pbnRlcnZlbnRpb25zX2VuYWJsZWQiOnsiYnVja2V0Ijoib24iLCJ2ZXJzaW9uIjpudWxsfSwidGZ3X21peGVkX21lZGlhXzE1ODk3Ijp7ImJ1Y2tldCI6InRyZWF0bWVudCIsInZlcnNpb24iOm51bGx9LCJ0ZndfZXhwZXJpbWVudHNfY29va2llX2V4cGlyYXRpb24iOnsiYnVja2V0IjoxMjA5NjAwLCJ2ZXJzaW9uIjpudWxsfSwidGZ3X3Nob3dfYmlyZHdhdGNoX3Bpdm90c19lbmFibGVkIjp7ImJ1Y2tldCI6Im9uIiwidmVyc2lvbiI6bnVsbH0sInRmd19kdXBsaWNhdGVfc2NyaWJlc190b19zZXR0aW5ncyI6eyJidWNrZXQiOiJvbiIsInZlcnNpb24iOm51bGx9LCJ0ZndfdXNlX3Byb2ZpbGVfaW1hZ2Vfc2hhcGVfZW5hYmxlZCI6eyJidWNrZXQiOiJvbiIsInZlcnNpb24iOm51bGx9LCJ0ZndfdmlkZW9faGxzX2R5bmFtaWNfbWFuaWZlc3RzXzE1MDgyIjp7ImJ1Y2tldCI6InRydWVfYml0cmF0ZSIsInZlcnNpb24iOm51bGx9LCJ0ZndfbGVnYWN5X3RpbWVsaW5lX3N1bnNldCI6eyJidWNrZXQiOnRydWUsInZlcnNpb24iOm51bGx9LCJ0ZndfdHdlZXRfZWRpdF9mcm9udGVuZCI6eyJidWNrZXQiOiJvbiIsInZlcnNpb24iOm51bGx9fQ%3D%3D&amp;frame=false&amp;hideCard=false&amp;hideThread=false&amp;id=2095702949909377352&amp;lang=es&amp;origin=https%3A%2F%2Fwww.eldiarioar.com%2Fpolitica%2Fcriticas-oposicion-milei-mensaje-malvinas-busca-galtierizar-figura_1_13486923.html&amp;sessionId=a896c73974066ee7244490bd0ee74df56591984b&amp;theme=light&amp;widgetsVersion=6a3ad42b224df%3A1778106238597&amp;width=550px\" frameborder=\"0\" scrolling=\"no\" allowfullscreen=\"allowfullscreen\" data-gtm-yt-inspected-34399851_303=\"true\" data-gtm-yt-inspected-34399851_396=\"true\" data-gtm-yt-inspected-41=\"true\" data-tweet-id=\"2095702949909377352\" data-mce-fragment=\"1\"><\/iframe><\/div>\n<\/figure>\n<p class=\"article-text\">El tambi\u00e9n extitular de la cartera castrense durante la gesti\u00f3n de Alberto Fern\u00e1ndez entre 2021 y 2023, agreg\u00f3: \u201cSobre la Base Naval Integrada de Ushuaia: l<strong>a comenzamos a construir en 2022, cuando era ministro de Defensa, y nunca fue pensada para compartir con ning\u00fan pa\u00eds extranjero\u201d.<\/strong><\/p>\n<figure class=\"embed-container embed-container--type-twitter \">\n<div class=\"twitter-tweet twitter-tweet-rendered\"><iframe id=\"twitter-widget-1\" class=\"\" title=\"X Post\" src=\"https:\/\/platform.twitter.com\/embed\/Tweet.html?dnt=false&amp;embedId=twitter-widget-1&amp;features=eyJ0ZndfdGltZWxpbmVfbGlzdCI6eyJidWNrZXQiOltdLCJ2ZXJzaW9uIjpudWxsfSwidGZ3X2ZvbGxvd2VyX2NvdW50X3N1bnNldCI6eyJidWNrZXQiOnRydWUsInZlcnNpb24iOm51bGx9LCJ0ZndfdHdlZXRfZWRpdF9iYWNrZW5kIjp7ImJ1Y2tldCI6Im9uIiwidmVyc2lvbiI6bnVsbH0sInRmd19yZWZzcmNfc2Vzc2lvbiI6eyJidWNrZXQiOiJvbiIsInZlcnNpb24iOm51bGx9LCJ0ZndfZm9zbnJfc29mdF9pbnRlcnZlbnRpb25zX2VuYWJsZWQiOnsiYnVja2V0Ijoib24iLCJ2ZXJzaW9uIjpudWxsfSwidGZ3X21peGVkX21lZGlhXzE1ODk3Ijp7ImJ1Y2tldCI6InRyZWF0bWVudCIsInZlcnNpb24iOm51bGx9LCJ0ZndfZXhwZXJpbWVudHNfY29va2llX2V4cGlyYXRpb24iOnsiYnVja2V0IjoxMjA5NjAwLCJ2ZXJzaW9uIjpudWxsfSwidGZ3X3Nob3dfYmlyZHdhdGNoX3Bpdm90c19lbmFibGVkIjp7ImJ1Y2tldCI6Im9uIiwidmVyc2lvbiI6bnVsbH0sInRmd19kdXBsaWNhdGVfc2NyaWJlc190b19zZXR0aW5ncyI6eyJidWNrZXQiOiJvbiIsInZlcnNpb24iOm51bGx9LCJ0ZndfdXNlX3Byb2ZpbGVfaW1hZ2Vfc2hhcGVfZW5hYmxlZCI6eyJidWNrZXQiOiJvbiIsInZlcnNpb24iOm51bGx9LCJ0ZndfdmlkZW9faGxzX2R5bmFtaWNfbWFuaWZlc3RzXzE1MDgyIjp7ImJ1Y2tldCI6InRydWVfYml0cmF0ZSIsInZlcnNpb24iOm51bGx9LCJ0ZndfbGVnYWN5X3RpbWVsaW5lX3N1bnNldCI6eyJidWNrZXQiOnRydWUsInZlcnNpb24iOm51bGx9LCJ0ZndfdHdlZXRfZWRpdF9mcm9udGVuZCI6eyJidWNrZXQiOiJvbiIsInZlcnNpb24iOm51bGx9fQ%3D%3D&amp;frame=false&amp;hideCard=false&amp;hideThread=false&amp;id=2095681028165685608&amp;lang=es&amp;origin=https%3A%2F%2Fwww.eldiarioar.com%2Fpolitica%2Fcriticas-oposicion-milei-mensaje-malvinas-busca-galtierizar-figura_1_13486923.html&amp;sessionId=a896c73974066ee7244490bd0ee74df56591984b&amp;theme=light&amp;widgetsVersion=6a3ad42b224df%3A1778106238597&amp;width=550px\" frameborder=\"0\" scrolling=\"no\" allowfullscreen=\"allowfullscreen\" data-gtm-yt-inspected-34399851_303=\"true\" data-gtm-yt-inspected-34399851_396=\"true\" data-gtm-yt-inspected-41=\"true\" data-tweet-id=\"2095681028165685608\" data-mce-fragment=\"1\"><\/iframe><\/div>\n<\/figure>\n<p class=\"article-text\">Por su parte, la diputada nacional del Frente de Izquierda\u00a0<strong>Myriam Bregman<\/strong>\u00a0tambi\u00e9n cuestion\u00f3 a Milei en X al graficar:<strong>\u00a0\u201cLe hackearon las neuronas o Estados Unidos lo est\u00e1 usando como enviado para provocar a Gran Breta\u00f1a en su actual disputa entre piratas<\/strong>. Se lo escribieron en el Pent\u00e1gono\u201d.<\/p>\n<figure class=\"embed-container embed-container--type-twitter \">\n<div class=\"twitter-tweet twitter-tweet-rendered\"><iframe id=\"twitter-widget-2\" class=\"\" title=\"X Post\" src=\"https:\/\/platform.twitter.com\/embed\/Tweet.html?dnt=false&amp;embedId=twitter-widget-2&amp;features=eyJ0ZndfdGltZWxpbmVfbGlzdCI6eyJidWNrZXQiOltdLCJ2ZXJzaW9uIjpudWxsfSwidGZ3X2ZvbGxvd2VyX2NvdW50X3N1bnNldCI6eyJidWNrZXQiOnRydWUsInZlcnNpb24iOm51bGx9LCJ0ZndfdHdlZXRfZWRpdF9iYWNrZW5kIjp7ImJ1Y2tldCI6Im9uIiwidmVyc2lvbiI6bnVsbH0sInRmd19yZWZzcmNfc2Vzc2lvbiI6eyJidWNrZXQiOiJvbiIsInZlcnNpb24iOm51bGx9LCJ0ZndfZm9zbnJfc29mdF9pbnRlcnZlbnRpb25zX2VuYWJsZWQiOnsiYnVja2V0Ijoib24iLCJ2ZXJzaW9uIjpudWxsfSwidGZ3X21peGVkX21lZGlhXzE1ODk3Ijp7ImJ1Y2tldCI6InRyZWF0bWVudCIsInZlcnNpb24iOm51bGx9LCJ0ZndfZXhwZXJpbWVudHNfY29va2llX2V4cGlyYXRpb24iOnsiYnVja2V0IjoxMjA5NjAwLCJ2ZXJzaW9uIjpudWxsfSwidGZ3X3Nob3dfYmlyZHdhdGNoX3Bpdm90c19lbmFibGVkIjp7ImJ1Y2tldCI6Im9uIiwidmVyc2lvbiI6bnVsbH0sInRmd19kdXBsaWNhdGVfc2NyaWJlc190b19zZXR0aW5ncyI6eyJidWNrZXQiOiJvbiIsInZlcnNpb24iOm51bGx9LCJ0ZndfdXNlX3Byb2ZpbGVfaW1hZ2Vfc2hhcGVfZW5hYmxlZCI6eyJidWNrZXQiOiJvbiIsInZlcnNpb24iOm51bGx9LCJ0ZndfdmlkZW9faGxzX2R5bmFtaWNfbWFuaWZlc3RzXzE1MDgyIjp7ImJ1Y2tldCI6InRydWVfYml0cmF0ZSIsInZlcnNpb24iOm51bGx9LCJ0ZndfbGVnYWN5X3RpbWVsaW5lX3N1bnNldCI6eyJidWNrZXQiOnRydWUsInZlcnNpb24iOm51bGx9LCJ0ZndfdHdlZXRfZWRpdF9mcm9udGVuZCI6eyJidWNrZXQiOiJvbiIsInZlcnNpb24iOm51bGx9fQ%3D%3D&amp;frame=false&amp;hideCard=false&amp;hideThread=false&amp;id=2095667974124236892&amp;lang=es&amp;origin=https%3A%2F%2Fwww.eldiarioar.com%2Fpolitica%2Fcriticas-oposicion-milei-mensaje-malvinas-busca-galtierizar-figura_1_13486923.html&amp;sessionId=a896c73974066ee7244490bd0ee74df56591984b&amp;theme=light&amp;widgetsVersion=6a3ad42b224df%3A1778106238597&amp;width=550px\" frameborder=\"0\" scrolling=\"no\" allowfullscreen=\"allowfullscreen\" data-gtm-yt-inspected-34399851_303=\"true\" data-gtm-yt-inspected-34399851_396=\"true\" data-gtm-yt-inspected-41=\"true\" data-tweet-id=\"2095667974124236892\" data-mce-fragment=\"1\"><\/iframe><\/div>\n<\/figure>\n<p class=\"article-text\">En tanto, su colega partidario\u00a0<strong>Nicol\u00e1s del Ca\u00f1o<\/strong>\u00a0asegur\u00f3 que el jefe de Estado \u201c<strong>quiere utilizar el leg\u00edtimo reclamo de soberan\u00eda sobre las Islas Malvinas para recuperar terreno de cara al a\u00f1o electora<\/strong>l y prestar sus servicios a Estados Unidos en su disputa con Gran Breta\u00f1a\u201d.<\/p>\n<p class=\"article-text\"><strong>\u201cEl admirador confeso de la criminal de guerra Margaret Thatcher es un t\u00edtere de Trump.<\/strong>\u00a0Fuera ingleses de Malvinas. Fuera yanquis de Am\u00e9rica Latina\u201d, a\u00f1adi\u00f3 en su cuenta de X.<\/p>\n<figure class=\"embed-container embed-container--type-twitter \">\n<div class=\"twitter-tweet twitter-tweet-rendered\"><iframe id=\"twitter-widget-3\" class=\"\" title=\"X Post\" src=\"https:\/\/platform.twitter.com\/embed\/Tweet.html?dnt=false&amp;embedId=twitter-widget-3&amp;features=eyJ0ZndfdGltZWxpbmVfbGlzdCI6eyJidWNrZXQiOltdLCJ2ZXJzaW9uIjpudWxsfSwidGZ3X2ZvbGxvd2VyX2NvdW50X3N1bnNldCI6eyJidWNrZXQiOnRydWUsInZlcnNpb24iOm51bGx9LCJ0ZndfdHdlZXRfZWRpdF9iYWNrZW5kIjp7ImJ1Y2tldCI6Im9uIiwidmVyc2lvbiI6bnVsbH0sInRmd19yZWZzcmNfc2Vzc2lvbiI6eyJidWNrZXQiOiJvbiIsInZlcnNpb24iOm51bGx9LCJ0ZndfZm9zbnJfc29mdF9pbnRlcnZlbnRpb25zX2VuYWJsZWQiOnsiYnVja2V0Ijoib24iLCJ2ZXJzaW9uIjpudWxsfSwidGZ3X21peGVkX21lZGlhXzE1ODk3Ijp7ImJ1Y2tldCI6InRyZWF0bWVudCIsInZlcnNpb24iOm51bGx9LCJ0ZndfZXhwZXJpbWVudHNfY29va2llX2V4cGlyYXRpb24iOnsiYnVja2V0IjoxMjA5NjAwLCJ2ZXJzaW9uIjpudWxsfSwidGZ3X3Nob3dfYmlyZHdhdGNoX3Bpdm90c19lbmFibGVkIjp7ImJ1Y2tldCI6Im9uIiwidmVyc2lvbiI6bnVsbH0sInRmd19kdXBsaWNhdGVfc2NyaWJlc190b19zZXR0aW5ncyI6eyJidWNrZXQiOiJvbiIsInZlcnNpb24iOm51bGx9LCJ0ZndfdXNlX3Byb2ZpbGVfaW1hZ2Vfc2hhcGVfZW5hYmxlZCI6eyJidWNrZXQiOiJvbiIsInZlcnNpb24iOm51bGx9LCJ0ZndfdmlkZW9faGxzX2R5bmFtaWNfbWFuaWZlc3RzXzE1MDgyIjp7ImJ1Y2tldCI6InRydWVfYml0cmF0ZSIsInZlcnNpb24iOm51bGx9LCJ0ZndfbGVnYWN5X3RpbWVsaW5lX3N1bnNldCI6eyJidWNrZXQiOnRydWUsInZlcnNpb24iOm51bGx9LCJ0ZndfdHdlZXRfZWRpdF9mcm9udGVuZCI6eyJidWNrZXQiOiJvbiIsInZlcnNpb24iOm51bGx9fQ%3D%3D&amp;frame=false&amp;hideCard=false&amp;hideThread=false&amp;id=2095673579555947003&amp;lang=es&amp;origin=https%3A%2F%2Fwww.eldiarioar.com%2Fpolitica%2Fcriticas-oposicion-milei-mensaje-malvinas-busca-galtierizar-figura_1_13486923.html&amp;sessionId=a896c73974066ee7244490bd0ee74df56591984b&amp;theme=light&amp;widgetsVersion=6a3ad42b224df%3A1778106238597&amp;width=550px\" frameborder=\"0\" scrolling=\"no\" allowfullscreen=\"allowfullscreen\" data-gtm-yt-inspected-34399851_303=\"true\" data-gtm-yt-inspected-34399851_396=\"true\" data-gtm-yt-inspected-41=\"true\" data-tweet-id=\"2095673579555947003\" data-mce-fragment=\"1\"><\/iframe><\/div>\n<\/figure>\n<p class=\"article-text\">El ministro de Gobierno bonaerense,\u00a0<strong>Carlos \u201cCarli\u201d Bianco,<\/strong>\u00a0remarc\u00f3 que \u201c267 d\u00edas tard\u00f3 el fan de Thatcher en cumplir la ley\u201d y sostuvo que \u201cahora lo hace de manera oportunista\u201d.<\/p>\n<p class=\"article-text\">Desde la Provincia de Buenos Aires denunciamos desde el primer d\u00eda la decisi\u00f3n de Navitas y Rockhopper de invertir en la explotaci\u00f3n de Sea Lion en la Cuenca Malvinas Norte, anunciada el 10 de diciembre de 2025. El proyecto avanz\u00f3 con una inversi\u00f3n prevista de US$1.800 millones, cerr\u00f3 su financiamiento, inici\u00f3 obras en las Islas y prepar\u00f3 un buque para producir unos 50.000 barriles diarios, con posibilidad de ampliarlo a 180.000, seg\u00fan public\u00f3 el funcionario en su cuenta de X.<\/p>\n<p class=\"article-text\">Bianco record\u00f3 que\u00a0<strong>la ley 26.659<\/strong>\u00a0proh\u00edbe participar, financiar o prestar servicios para actividades hidrocarbur\u00edferas no autorizadas en la plataforma continental argentina y permite inhabilitar a quienes la infrinjan por hasta 20 a\u00f1os. Se\u00f1al\u00f3 que en 2022 el Estado aplic\u00f3 esa ley contra Navitas, inhabilit\u00e1ndola por veinte a\u00f1os.<\/p>\n<p class=\"article-text\">El funcionario cuestion\u00f3 que, casi nueve meses despu\u00e9s, el Gobierno nacional anunciara reci\u00e9n ahora una medida administrativa y pregunt\u00f3 por qu\u00e9 se dej\u00f3 pasar tanto tiempo mientras el proyecto avanzaba: \u201c\u00bfSer\u00e1 porque durante su gobierno se dedic\u00f3 a expresar su admiraci\u00f3n por Margaret Thatcher, recibir a Boris Johnson en la Casa Rosada, firmar el pacto Mondino-Lammy para cooperar con la potencia ocupante y aliarse incondicionalmente con Netanyahu?\u201d.<\/p>\n<figure class=\"embed-container embed-container--type-twitter \">\n<div class=\"twitter-tweet twitter-tweet-rendered\"><iframe id=\"twitter-widget-4\" class=\"\" title=\"X Post\" src=\"https:\/\/platform.twitter.com\/embed\/Tweet.html?dnt=false&amp;embedId=twitter-widget-4&amp;features=eyJ0ZndfdGltZWxpbmVfbGlzdCI6eyJidWNrZXQiOltdLCJ2ZXJzaW9uIjpudWxsfSwidGZ3X2ZvbGxvd2VyX2NvdW50X3N1bnNldCI6eyJidWNrZXQiOnRydWUsInZlcnNpb24iOm51bGx9LCJ0ZndfdHdlZXRfZWRpdF9iYWNrZW5kIjp7ImJ1Y2tldCI6Im9uIiwidmVyc2lvbiI6bnVsbH0sInRmd19yZWZzcmNfc2Vzc2lvbiI6eyJidWNrZXQiOiJvbiIsInZlcnNpb24iOm51bGx9LCJ0ZndfZm9zbnJfc29mdF9pbnRlcnZlbnRpb25zX2VuYWJsZWQiOnsiYnVja2V0Ijoib24iLCJ2ZXJzaW9uIjpudWxsfSwidGZ3X21peGVkX21lZGlhXzE1ODk3Ijp7ImJ1Y2tldCI6InRyZWF0bWVudCIsInZlcnNpb24iOm51bGx9LCJ0ZndfZXhwZXJpbWVudHNfY29va2llX2V4cGlyYXRpb24iOnsiYnVja2V0IjoxMjA5NjAwLCJ2ZXJzaW9uIjpudWxsfSwidGZ3X3Nob3dfYmlyZHdhdGNoX3Bpdm90c19lbmFibGVkIjp7ImJ1Y2tldCI6Im9uIiwidmVyc2lvbiI6bnVsbH0sInRmd19kdXBsaWNhdGVfc2NyaWJlc190b19zZXR0aW5ncyI6eyJidWNrZXQiOiJvbiIsInZlcnNpb24iOm51bGx9LCJ0ZndfdXNlX3Byb2ZpbGVfaW1hZ2Vfc2hhcGVfZW5hYmxlZCI6eyJidWNrZXQiOiJvbiIsInZlcnNpb24iOm51bGx9LCJ0ZndfdmlkZW9faGxzX2R5bmFtaWNfbWFuaWZlc3RzXzE1MDgyIjp7ImJ1Y2tldCI6InRydWVfYml0cmF0ZSIsInZlcnNpb24iOm51bGx9LCJ0ZndfbGVnYWN5X3RpbWVsaW5lX3N1bnNldCI6eyJidWNrZXQiOnRydWUsInZlcnNpb24iOm51bGx9LCJ0ZndfdHdlZXRfZWRpdF9mcm9udGVuZCI6eyJidWNrZXQiOiJvbiIsInZlcnNpb24iOm51bGx9fQ%3D%3D&amp;frame=false&amp;hideCard=false&amp;hideThread=false&amp;id=2095668065128075713&amp;lang=es&amp;origin=https%3A%2F%2Fwww.eldiarioar.com%2Fpolitica%2Fcriticas-oposicion-milei-mensaje-malvinas-busca-galtierizar-figura_1_13486923.html&amp;sessionId=a896c73974066ee7244490bd0ee74df56591984b&amp;theme=light&amp;widgetsVersion=6a3ad42b224df%3A1778106238597&amp;width=550px\" frameborder=\"0\" scrolling=\"no\" allowfullscreen=\"allowfullscreen\" data-gtm-yt-inspected-34399851_303=\"true\" data-gtm-yt-inspected-34399851_396=\"true\" data-gtm-yt-inspected-41=\"true\" data-tweet-id=\"2095668065128075713\" data-mce-fragment=\"1\"><\/iframe><\/div>\n<\/figure>\n<p class=\"article-text\">Bianco sostuvo que la defensa de la soberan\u00eda en el Atl\u00e1ntico Sur requiere \u201cresponsabilidad e inteligencia estrat\u00e9gica\u201d, anticipaci\u00f3n y uso de las herramientas del Estado. A\u00f1adi\u00f3 que desde diciembre de 2027 la Argentina debe enfocarse en \u201cromper el statu quo de la ocupaci\u00f3n brit\u00e1nica, elevar en todos los frentes el costo material, pol\u00edtico, diplom\u00e1tico y simb\u00f3lico de esa ocupaci\u00f3n, desarmar el andamiaje econ\u00f3mico y comercial que la sostiene y aumentar la presi\u00f3n bilateral, regional y global sobre el Reino Unido para que cumpla con el derecho internacional\u201d.<\/p>\n<p class=\"article-text\">Por su parte,\u00a0<strong>Hern\u00e1n Reyes<\/strong>, miembro de la Mesa Nacional de la Coalici\u00f3n C\u00edvica ARI y ex legislador porte\u00f1o, afirm\u00f3 que \u201cse viene el libertonacionalismo\u201d, con \u201csobreactuaciones de todo tipo, promesas de resistencia y delirios de grandeza\u201d. Critic\u00f3 la pol\u00edtica exterior del presidente: \u201cNo hay pol\u00edtica exterior: hay obediencia a Trump, que, l\u00f3gicamente, piensa en sus intereses y no en los nuestros. Milei no es cre\u00edble. Pero es el presidente. Su postura no es seria, pero el tema es sensible\u201d.<\/p>\n<figure class=\"embed-container embed-container--type-twitter \">\n<div class=\"twitter-tweet twitter-tweet-rendered\"><iframe id=\"twitter-widget-5\" class=\"\" title=\"X Post\" src=\"https:\/\/platform.twitter.com\/embed\/Tweet.html?dnt=false&amp;embedId=twitter-widget-5&amp;features=eyJ0ZndfdGltZWxpbmVfbGlzdCI6eyJidWNrZXQiOltdLCJ2ZXJzaW9uIjpudWxsfSwidGZ3X2ZvbGxvd2VyX2NvdW50X3N1bnNldCI6eyJidWNrZXQiOnRydWUsInZlcnNpb24iOm51bGx9LCJ0ZndfdHdlZXRfZWRpdF9iYWNrZW5kIjp7ImJ1Y2tldCI6Im9uIiwidmVyc2lvbiI6bnVsbH0sInRmd19yZWZzcmNfc2Vzc2lvbiI6eyJidWNrZXQiOiJvbiIsInZlcnNpb24iOm51bGx9LCJ0ZndfZm9zbnJfc29mdF9pbnRlcnZlbnRpb25zX2VuYWJsZWQiOnsiYnVja2V0Ijoib24iLCJ2ZXJzaW9uIjpudWxsfSwidGZ3X21peGVkX21lZGlhXzE1ODk3Ijp7ImJ1Y2tldCI6InRyZWF0bWVudCIsInZlcnNpb24iOm51bGx9LCJ0ZndfZXhwZXJpbWVudHNfY29va2llX2V4cGlyYXRpb24iOnsiYnVja2V0IjoxMjA5NjAwLCJ2ZXJzaW9uIjpudWxsfSwidGZ3X3Nob3dfYmlyZHdhdGNoX3Bpdm90c19lbmFibGVkIjp7ImJ1Y2tldCI6Im9uIiwidmVyc2lvbiI6bnVsbH0sInRmd19kdXBsaWNhdGVfc2NyaWJlc190b19zZXR0aW5ncyI6eyJidWNrZXQiOiJvbiIsInZlcnNpb24iOm51bGx9LCJ0ZndfdXNlX3Byb2ZpbGVfaW1hZ2Vfc2hhcGVfZW5hYmxlZCI6eyJidWNrZXQiOiJvbiIsInZlcnNpb24iOm51bGx9LCJ0ZndfdmlkZW9faGxzX2R5bmFtaWNfbWFuaWZlc3RzXzE1MDgyIjp7ImJ1Y2tldCI6InRydWVfYml0cmF0ZSIsInZlcnNpb24iOm51bGx9LCJ0ZndfbGVnYWN5X3RpbWVsaW5lX3N1bnNldCI6eyJidWNrZXQiOnRydWUsInZlcnNpb24iOm51bGx9LCJ0ZndfdHdlZXRfZWRpdF9mcm9udGVuZCI6eyJidWNrZXQiOiJvbiIsInZlcnNpb24iOm51bGx9fQ%3D%3D&amp;frame=false&amp;hideCard=false&amp;hideThread=false&amp;id=2095681660419187124&amp;lang=es&amp;origin=https%3A%2F%2Fwww.eldiarioar.com%2Fpolitica%2Fcriticas-oposicion-milei-mensaje-malvinas-busca-galtierizar-figura_1_13486923.html&amp;sessionId=a896c73974066ee7244490bd0ee74df56591984b&amp;theme=light&amp;widgetsVersion=6a3ad42b224df%3A1778106238597&amp;width=550px\" frameborder=\"0\" scrolling=\"no\" allowfullscreen=\"allowfullscreen\" data-gtm-yt-inspected-34399851_303=\"true\" data-gtm-yt-inspected-34399851_396=\"true\" data-gtm-yt-inspected-41=\"true\" data-tweet-id=\"2095681660419187124\" data-mce-fragment=\"1\"><\/iframe><\/div>\n<\/figure>\n<p class=\"article-text\">Reyes indic\u00f3 que, ante este escenario, la pol\u00edtica deber\u00e1 actuar con responsabilidad e inteligencia, debatir y fijar posiciones que defiendan el inter\u00e9s nacional sin caer en especulaciones de corto plazo, y reiter\u00f3: \u201cLas Malvinas son y ser\u00e1n argentinas\u201d.<\/p>\n<p class=\"article-text\">En tanto, el diputado nacional por Provincias Unidas\u00a0<strong>Pablo Juliano<\/strong>\u00a0afirm\u00f3:\u00a0<strong>\u201cBienvenido a la defensa de la soberan\u00eda, se\u00f1or presidente. Llega 3 a\u00f1os tarde, para ponerse al d\u00eda primero le pedimos que: 1) Convoque al Consejo Nacional de Malvinas, creado por la Ley 27.558 y que usted mismo debe presidir (lleva m\u00e1s de 2 a\u00f1os sin funcionar); 2) D\u00e9 marcha atr\u00e1s con la venta de los predios de la Armada en Ushuaia y con el vaciamiento operativo de la Base Aeronaval Punta Indio; 3) Restituya el financiamiento espec\u00edfico del Fondo Nacional de Defensa (FONDEF), que su Presupuesto 2026 elimin\u00f3; 4) Y deje de desfinanciar nuestra presencia cient\u00edfica y log\u00edstica en la Ant\u00e1rtida. Garantice el abastecimiento y las obras de nuestras bases\u201d.<\/strong><\/p>\n<div id=\"container-after-news-outlook\"><\/div>\n<figure class=\"embed-container embed-container--type-twitter \">\n<div class=\"twitter-tweet twitter-tweet-rendered\"><iframe id=\"twitter-widget-6\" class=\"\" title=\"X Post\" src=\"https:\/\/platform.twitter.com\/embed\/Tweet.html?dnt=false&amp;embedId=twitter-widget-6&amp;features=eyJ0ZndfdGltZWxpbmVfbGlzdCI6eyJidWNrZXQiOltdLCJ2ZXJzaW9uIjpudWxsfSwidGZ3X2ZvbGxvd2VyX2NvdW50X3N1bnNldCI6eyJidWNrZXQiOnRydWUsInZlcnNpb24iOm51bGx9LCJ0ZndfdHdlZXRfZWRpdF9iYWNrZW5kIjp7ImJ1Y2tldCI6Im9uIiwidmVyc2lvbiI6bnVsbH0sInRmd19yZWZzcmNfc2Vzc2lvbiI6eyJidWNrZXQiOiJvbiIsInZlcnNpb24iOm51bGx9LCJ0ZndfZm9zbnJfc29mdF9pbnRlcnZlbnRpb25zX2VuYWJsZWQiOnsiYnVja2V0Ijoib24iLCJ2ZXJzaW9uIjpudWxsfSwidGZ3X21peGVkX21lZGlhXzE1ODk3Ijp7ImJ1Y2tldCI6InRyZWF0bWVudCIsInZlcnNpb24iOm51bGx9LCJ0ZndfZXhwZXJpbWVudHNfY29va2llX2V4cGlyYXRpb24iOnsiYnVja2V0IjoxMjA5NjAwLCJ2ZXJzaW9uIjpudWxsfSwidGZ3X3Nob3dfYmlyZHdhdGNoX3Bpdm90c19lbmFibGVkIjp7ImJ1Y2tldCI6Im9uIiwidmVyc2lvbiI6bnVsbH0sInRmd19kdXBsaWNhdGVfc2NyaWJlc190b19zZXR0aW5ncyI6eyJidWNrZXQiOiJvbiIsInZlcnNpb24iOm51bGx9LCJ0ZndfdXNlX3Byb2ZpbGVfaW1hZ2Vfc2hhcGVfZW5hYmxlZCI6eyJidWNrZXQiOiJvbiIsInZlcnNpb24iOm51bGx9LCJ0ZndfdmlkZW9faGxzX2R5bmFtaWNfbWFuaWZlc3RzXzE1MDgyIjp7ImJ1Y2tldCI6InRydWVfYml0cmF0ZSIsInZlcnNpb24iOm51bGx9LCJ0ZndfbGVnYWN5X3RpbWVsaW5lX3N1bnNldCI6eyJidWNrZXQiOnRydWUsInZlcnNpb24iOm51bGx9LCJ0ZndfdHdlZXRfZWRpdF9mcm9udGVuZCI6eyJidWNrZXQiOiJvbiIsInZlcnNpb24iOm51bGx9fQ%3D%3D&amp;frame=false&amp;hideCard=false&amp;hideThread=false&amp;id=2095682435769934262&amp;lang=es&amp;origin=https%3A%2F%2Fwww.eldiarioar.com%2Fpolitica%2Fcriticas-oposicion-milei-mensaje-malvinas-busca-galtierizar-figura_1_13486923.html&amp;sessionId=a896c73974066ee7244490bd0ee74df56591984b&amp;theme=light&amp;widgetsVersion=6a3ad42b224df%3A1778106238597&amp;width=550px\" frameborder=\"0\" scrolling=\"no\" allowfullscreen=\"allowfullscreen\" data-gtm-yt-inspected-34399851_303=\"true\" data-gtm-yt-inspected-34399851_396=\"true\" data-gtm-yt-inspected-41=\"true\" data-tweet-id=\"2095682435769934262\" data-mce-fragment=\"1\"><\/iframe><\/div>\n<\/figure>\n<p class=\"article-text\">\u201cRespecto del proyecto de ley anunciado, lo estudiaremos con seriedad. Le pedimos al oficialismo un debate sereno. Sin empujones ni victorias p\u00edrricas. Una pol\u00edtica de Estado exige acuerdos amplios y duraderos\u201d, cerr\u00f3 Juliano.<\/p>\n<p class=\"article-text\">Con informaci\u00f3n de agencias.<\/p>\n","protected":false},"excerpt":{"rendered":"<p>El excanciller Jorge Taiana sostuvo que el Presidente \u201cbusca \u2018galtierizar\u2019 su figura para recuperar espacio ante el pueblo argentino. \u201dUtilizar la Causa Malvinas para crear un Consejo de Seguridad, resulta peligroso\u201c, sentenci\u00f3. Desde la izquierda, acusaron al mandatario de ser \u201dun t\u00edtere de Trump\u201c: \u201dEstados Unidos lo est\u00e1 usando como enviado para provocar a Gran [&hellip;]<\/p>\n","protected":false},"author":3,"featured_media":143061,"comment_status":"closed","ping_status":"closed","sticky":false,"template":"","format":"standard","meta":{"footnotes":""},"categories":[24],"tags":[48],"class_list":["post-143059","post","type-post","status-publish","format-standard","has-post-thumbnail","hentry","category-politica","tag-destacada"],"yoast_head":"<!-- This site is optimized with the Yoast SEO plugin v25.9 - https:\/\/yoast.com\/wordpress\/plugins\/seo\/ -->\n<title>Cr\u00edticas de la oposici\u00f3n a Milei por el mensaje de Malvinas: \u201cBusca galtierizar su figura\u201d - Noticias Radio Reflejos<\/title>\n<meta name=\"robots\" content=\"index, follow, max-snippet:-1, max-image-preview:large, max-video-preview:-1\" \/>\n<link rel=\"canonical\" href=\"https:\/\/www.noticiasradioreflejos.com.ar\/2021\/criticas-de-la-oposicion-a-milei-por-el-mensaje-de-malvinas-busca-galtierizar-su-figura\/\" \/>\n<meta property=\"og:locale\" content=\"es_ES\" \/>\n<meta property=\"og:type\" content=\"article\" \/>\n<meta property=\"og:title\" content=\"Cr\u00edticas de la oposici\u00f3n a Milei por el mensaje de Malvinas: \u201cBusca galtierizar su figura\u201d - Noticias Radio Reflejos\" \/>\n<meta property=\"og:description\" content=\"El excanciller Jorge Taiana sostuvo que el Presidente \u201cbusca \u2018galtierizar\u2019 su figura para recuperar espacio ante el pueblo argentino. \u201dUtilizar la Causa Malvinas para crear un Consejo de Seguridad, resulta peligroso\u201c, sentenci\u00f3. Desde la izquierda, acusaron al mandatario de ser \u201dun t\u00edtere de Trump\u201c: \u201dEstados Unidos lo est\u00e1 usando como enviado para provocar a Gran [&hellip;]\" \/>\n<meta property=\"og:url\" content=\"https:\/\/www.noticiasradioreflejos.com.ar\/2021\/criticas-de-la-oposicion-a-milei-por-el-mensaje-de-malvinas-busca-galtierizar-su-figura\/\" \/>\n<meta property=\"og:site_name\" content=\"Noticias Radio Reflejos\" \/>\n<meta property=\"article:published_time\" content=\"2026-09-04T10:41:53+00:00\" \/>\n<meta property=\"og:image\" content=\"https:\/\/www.noticiasradioreflejos.com.ar\/2021\/wp-content\/uploads\/2026\/09\/oposicion.webp\" \/>\n\t<meta property=\"og:image:width\" content=\"1200\" \/>\n\t<meta property=\"og:image:height\" content=\"675\" \/>\n\t<meta property=\"og:image:type\" content=\"image\/webp\" \/>\n<meta name=\"author\" content=\"Arnaldo Botto\" \/>\n<meta name=\"twitter:card\" content=\"summary_large_image\" \/>\n<script type=\"application\/ld+json\" class=\"yoast-schema-graph\">{\"@context\":\"https:\/\/schema.org\",\"@graph\":[{\"@type\":\"WebPage\",\"@id\":\"https:\/\/www.noticiasradioreflejos.com.ar\/2021\/criticas-de-la-oposicion-a-milei-por-el-mensaje-de-malvinas-busca-galtierizar-su-figura\/\",\"url\":\"https:\/\/www.noticiasradioreflejos.com.ar\/2021\/criticas-de-la-oposicion-a-milei-por-el-mensaje-de-malvinas-busca-galtierizar-su-figura\/\",\"name\":\"Cr\u00edticas de la oposici\u00f3n a Milei por el mensaje de Malvinas: \u201cBusca galtierizar su figura\u201d - Noticias Radio Reflejos\",\"isPartOf\":{\"@id\":\"https:\/\/www.noticiasradioreflejos.com.ar\/2021\/#website\"},\"primaryImageOfPage\":{\"@id\":\"https:\/\/www.noticiasradioreflejos.com.ar\/2021\/criticas-de-la-oposicion-a-milei-por-el-mensaje-de-malvinas-busca-galtierizar-su-figura\/#primaryimage\"},\"image\":{\"@id\":\"https:\/\/www.noticiasradioreflejos.com.ar\/2021\/criticas-de-la-oposicion-a-milei-por-el-mensaje-de-malvinas-busca-galtierizar-su-figura\/#primaryimage\"},\"thumbnailUrl\":\"https:\/\/www.noticiasradioreflejos.com.ar\/2021\/wp-content\/uploads\/2026\/09\/oposicion.webp\",\"datePublished\":\"2026-09-04T10:41:53+00:00\",\"author\":{\"@id\":\"https:\/\/www.noticiasradioreflejos.com.ar\/2021\/#\/schema\/person\/ad82545263dcc5ec0996818884fd5fb1\"},\"breadcrumb\":{\"@id\":\"https:\/\/www.noticiasradioreflejos.com.ar\/2021\/criticas-de-la-oposicion-a-milei-por-el-mensaje-de-malvinas-busca-galtierizar-su-figura\/#breadcrumb\"},\"inLanguage\":\"es\",\"potentialAction\":[{\"@type\":\"ReadAction\",\"target\":[\"https:\/\/www.noticiasradioreflejos.com.ar\/2021\/criticas-de-la-oposicion-a-milei-por-el-mensaje-de-malvinas-busca-galtierizar-su-figura\/\"]}]},{\"@type\":\"ImageObject\",\"inLanguage\":\"es\",\"@id\":\"https:\/\/www.noticiasradioreflejos.com.ar\/2021\/criticas-de-la-oposicion-a-milei-por-el-mensaje-de-malvinas-busca-galtierizar-su-figura\/#primaryimage\",\"url\":\"https:\/\/www.noticiasradioreflejos.com.ar\/2021\/wp-content\/uploads\/2026\/09\/oposicion.webp\",\"contentUrl\":\"https:\/\/www.noticiasradioreflejos.com.ar\/2021\/wp-content\/uploads\/2026\/09\/oposicion.webp\",\"width\":1200,\"height\":675},{\"@type\":\"BreadcrumbList\",\"@id\":\"https:\/\/www.noticiasradioreflejos.com.ar\/2021\/criticas-de-la-oposicion-a-milei-por-el-mensaje-de-malvinas-busca-galtierizar-su-figura\/#breadcrumb\",\"itemListElement\":[{\"@type\":\"ListItem\",\"position\":1,\"name\":\"Portada\",\"item\":\"https:\/\/www.noticiasradioreflejos.com.ar\/2021\/\"},{\"@type\":\"ListItem\",\"position\":2,\"name\":\"Cr\u00edticas de la oposici\u00f3n a Milei por el mensaje de Malvinas: \u201cBusca galtierizar su figura\u201d\"}]},{\"@type\":\"WebSite\",\"@id\":\"https:\/\/www.noticiasradioreflejos.com.ar\/2021\/#website\",\"url\":\"https:\/\/www.noticiasradioreflejos.com.ar\/2021\/\",\"name\":\"Noticias Radio Reflejos\",\"description\":\"Las noticias de mi comarca\",\"potentialAction\":[{\"@type\":\"SearchAction\",\"target\":{\"@type\":\"EntryPoint\",\"urlTemplate\":\"https:\/\/www.noticiasradioreflejos.com.ar\/2021\/?s={search_term_string}\"},\"query-input\":{\"@type\":\"PropertyValueSpecification\",\"valueRequired\":true,\"valueName\":\"search_term_string\"}}],\"inLanguage\":\"es\"},{\"@type\":\"Person\",\"@id\":\"https:\/\/www.noticiasradioreflejos.com.ar\/2021\/#\/schema\/person\/ad82545263dcc5ec0996818884fd5fb1\",\"name\":\"Arnaldo Botto\",\"image\":{\"@type\":\"ImageObject\",\"inLanguage\":\"es\",\"@id\":\"https:\/\/www.noticiasradioreflejos.com.ar\/2021\/#\/schema\/person\/image\/\",\"url\":\"https:\/\/secure.gravatar.com\/avatar\/55cb5e37c1efa326397366e6974cb338056df65cb50e7d64d1cf314e87504837?s=96&d=mm&r=g\",\"contentUrl\":\"https:\/\/secure.gravatar.com\/avatar\/55cb5e37c1efa326397366e6974cb338056df65cb50e7d64d1cf314e87504837?s=96&d=mm&r=g\",\"caption\":\"Arnaldo Botto\"},\"url\":\"https:\/\/www.noticiasradioreflejos.com.ar\/2021\/author\/arnaldo\/\"}]}<\/script>\n<!-- \/ Yoast SEO plugin. -->","yoast_head_json":{"title":"Cr\u00edticas de la oposici\u00f3n a Milei por el mensaje de Malvinas: \u201cBusca galtierizar su figura\u201d - Noticias Radio Reflejos","robots":{"index":"index","follow":"follow","max-snippet":"max-snippet:-1","max-image-preview":"max-image-preview:large","max-video-preview":"max-video-preview:-1"},"canonical":"https:\/\/www.noticiasradioreflejos.com.ar\/2021\/criticas-de-la-oposicion-a-milei-por-el-mensaje-de-malvinas-busca-galtierizar-su-figura\/","og_locale":"es_ES","og_type":"article","og_title":"Cr\u00edticas de la oposici\u00f3n a Milei por el mensaje de Malvinas: \u201cBusca galtierizar su figura\u201d - Noticias Radio Reflejos","og_description":"El excanciller Jorge Taiana sostuvo que el Presidente \u201cbusca \u2018galtierizar\u2019 su figura para recuperar espacio ante el pueblo argentino. \u201dUtilizar la Causa Malvinas para crear un Consejo de Seguridad, resulta peligroso\u201c, sentenci\u00f3. Desde la izquierda, acusaron al mandatario de ser \u201dun t\u00edtere de Trump\u201c: \u201dEstados Unidos lo est\u00e1 usando como enviado para provocar a Gran [&hellip;]","og_url":"https:\/\/www.noticiasradioreflejos.com.ar\/2021\/criticas-de-la-oposicion-a-milei-por-el-mensaje-de-malvinas-busca-galtierizar-su-figura\/","og_site_name":"Noticias Radio Reflejos","article_published_time":"2026-09-04T10:41:53+00:00","og_image":[{"width":1200,"height":675,"url":"https:\/\/www.noticiasradioreflejos.com.ar\/2021\/wp-content\/uploads\/2026\/09\/oposicion.webp","type":"image\/webp"}],"author":"Arnaldo Botto","twitter_card":"summary_large_image","schema":{"@context":"https:\/\/schema.org","@graph":[{"@type":"WebPage","@id":"https:\/\/www.noticiasradioreflejos.com.ar\/2021\/criticas-de-la-oposicion-a-milei-por-el-mensaje-de-malvinas-busca-galtierizar-su-figura\/","url":"https:\/\/www.noticiasradioreflejos.com.ar\/2021\/criticas-de-la-oposicion-a-milei-por-el-mensaje-de-malvinas-busca-galtierizar-su-figura\/","name":"Cr\u00edticas de la oposici\u00f3n a Milei por el mensaje de Malvinas: \u201cBusca galtierizar su figura\u201d - Noticias Radio Reflejos","isPartOf":{"@id":"https:\/\/www.noticiasradioreflejos.com.ar\/2021\/#website"},"primaryImageOfPage":{"@id":"https:\/\/www.noticiasradioreflejos.com.ar\/2021\/criticas-de-la-oposicion-a-milei-por-el-mensaje-de-malvinas-busca-galtierizar-su-figura\/#primaryimage"},"image":{"@id":"https:\/\/www.noticiasradioreflejos.com.ar\/2021\/criticas-de-la-oposicion-a-milei-por-el-mensaje-de-malvinas-busca-galtierizar-su-figura\/#primaryimage"},"thumbnailUrl":"https:\/\/www.noticiasradioreflejos.com.ar\/2021\/wp-content\/uploads\/2026\/09\/oposicion.webp","datePublished":"2026-09-04T10:41:53+00:00","author":{"@id":"https:\/\/www.noticiasradioreflejos.com.ar\/2021\/#\/schema\/person\/ad82545263dcc5ec0996818884fd5fb1"},"breadcrumb":{"@id":"https:\/\/www.noticiasradioreflejos.com.ar\/2021\/criticas-de-la-oposicion-a-milei-por-el-mensaje-de-malvinas-busca-galtierizar-su-figura\/#breadcrumb"},"inLanguage":"es","potentialAction":[{"@type":"ReadAction","target":["https:\/\/www.noticiasradioreflejos.com.ar\/2021\/criticas-de-la-oposicion-a-milei-por-el-mensaje-de-malvinas-busca-galtierizar-su-figura\/"]}]},{"@type":"ImageObject","inLanguage":"es","@id":"https:\/\/www.noticiasradioreflejos.com.ar\/2021\/criticas-de-la-oposicion-a-milei-por-el-mensaje-de-malvinas-busca-galtierizar-su-figura\/#primaryimage","url":"https:\/\/www.noticiasradioreflejos.com.ar\/2021\/wp-content\/uploads\/2026\/09\/oposicion.webp","contentUrl":"https:\/\/www.noticiasradioreflejos.com.ar\/2021\/wp-content\/uploads\/2026\/09\/oposicion.webp","width":1200,"height":675},{"@type":"BreadcrumbList","@id":"https:\/\/www.noticiasradioreflejos.com.ar\/2021\/criticas-de-la-oposicion-a-milei-por-el-mensaje-de-malvinas-busca-galtierizar-su-figura\/#breadcrumb","itemListElement":[{"@type":"ListItem","position":1,"name":"Portada","item":"https:\/\/www.noticiasradioreflejos.com.ar\/2021\/"},{"@type":"ListItem","position":2,"name":"Cr\u00edticas de la oposici\u00f3n a Milei por el mensaje de Malvinas: \u201cBusca galtierizar su figura\u201d"}]},{"@type":"WebSite","@id":"https:\/\/www.noticiasradioreflejos.com.ar\/2021\/#website","url":"https:\/\/www.noticiasradioreflejos.com.ar\/2021\/","name":"Noticias Radio Reflejos","description":"Las noticias de mi comarca","potentialAction":[{"@type":"SearchAction","target":{"@type":"EntryPoint","urlTemplate":"https:\/\/www.noticiasradioreflejos.com.ar\/2021\/?s={search_term_string}"},"query-input":{"@type":"PropertyValueSpecification","valueRequired":true,"valueName":"search_term_string"}}],"inLanguage":"es"},{"@type":"Person","@id":"https:\/\/www.noticiasradioreflejos.com.ar\/2021\/#\/schema\/person\/ad82545263dcc5ec0996818884fd5fb1","name":"Arnaldo Botto","image":{"@type":"ImageObject","inLanguage":"es","@id":"https:\/\/www.noticiasradioreflejos.com.ar\/2021\/#\/schema\/person\/image\/","url":"https:\/\/secure.gravatar.com\/avatar\/55cb5e37c1efa326397366e6974cb338056df65cb50e7d64d1cf314e87504837?s=96&d=mm&r=g","contentUrl":"https:\/\/secure.gravatar.com\/avatar\/55cb5e37c1efa326397366e6974cb338056df65cb50e7d64d1cf314e87504837?s=96&d=mm&r=g","caption":"Arnaldo Botto"},"url":"https:\/\/www.noticiasradioreflejos.com.ar\/2021\/author\/arnaldo\/"}]}},"_links":{"self":[{"href":"https:\/\/www.noticiasradioreflejos.com.ar\/2021\/wp-json\/wp\/v2\/posts\/143059","targetHints":{"allow":["GET"]}}],"collection":[{"href":"https:\/\/www.noticiasradioreflejos.com.ar\/2021\/wp-json\/wp\/v2\/posts"}],"about":[{"href":"https:\/\/www.noticiasradioreflejos.com.ar\/2021\/wp-json\/wp\/v2\/types\/post"}],"author":[{"embeddable":true,"href":"https:\/\/www.noticiasradioreflejos.com.ar\/2021\/wp-json\/wp\/v2\/users\/3"}],"replies":[{"embeddable":true,"href":"https:\/\/www.noticiasradioreflejos.com.ar\/2021\/wp-json\/wp\/v2\/comments?post=143059"}],"version-history":[{"count":1,"href":"https:\/\/www.noticiasradioreflejos.com.ar\/2021\/wp-json\/wp\/v2\/posts\/143059\/revisions"}],"predecessor-version":[{"id":143062,"href":"https:\/\/www.noticiasradioreflejos.com.ar\/2021\/wp-json\/wp\/v2\/posts\/143059\/revisions\/143062"}],"wp:featuredmedia":[{"embeddable":true,"href":"https:\/\/www.noticiasradioreflejos.com.ar\/2021\/wp-json\/wp\/v2\/media\/143061"}],"wp:attachment":[{"href":"https:\/\/www.noticiasradioreflejos.com.ar\/2021\/wp-json\/wp\/v2\/media?parent=143059"}],"wp:term":[{"taxonomy":"category","embeddable":true,"href":"https:\/\/www.noticiasradioreflejos.com.ar\/2021\/wp-json\/wp\/v2\/categories?post=143059"},{"taxonomy":"post_tag","embeddable":true,"href":"https:\/\/www.noticiasradioreflejos.com.ar\/2021\/wp-json\/wp\/v2\/tags?post=143059"}],"curies":[{"name":"wp","href":"https:\/\/api.w.org\/{rel}","templated":true}]}}