{"id":143057,"date":"2026-09-04T07:33:15","date_gmt":"2026-09-04T10:33:15","guid":{"rendered":"https:\/\/www.noticiasradioreflejos.com.ar\/2021\/?p=143057"},"modified":"2026-09-04T07:33:15","modified_gmt":"2026-09-04T10:33:15","slug":"milei-anuncio-la-construccion-de-una-base-militar-en-tierra-del-fuego-y-sanciones-para-las-empresas-que-operen-en-malvinas","status":"publish","type":"post","link":"https:\/\/www.noticiasradioreflejos.com.ar\/2021\/milei-anuncio-la-construccion-de-una-base-militar-en-tierra-del-fuego-y-sanciones-para-las-empresas-que-operen-en-malvinas\/","title":{"rendered":"Milei anunci\u00f3 la construcci\u00f3n de una base militar en Tierra del Fuego y sanciones para las empresas que operen en Malvinas"},"content":{"rendered":"<p>El Presidente anunci\u00f3 un decreto para reforzar las capacidades militares en Tierra del Fuego y anticip\u00f3 que pedir\u00e1 al Congreso nuevas herramientas econ\u00f3micas y diplom\u00e1ticas para sancionar a empresas que participen de la explotaci\u00f3n de hidrocarburos en las Islas. Tambi\u00e9n cuestion\u00f3 el derecho a la autodeterminaci\u00f3n de los isle\u00f1os.<!--more--><\/p>\n<p>El presidente <strong>Javier Milei<\/strong>\u00a0utiliz\u00f3 este jueves la cadena nacional para anunciar el sanciones m\u00e1s duras\u00a0<strong>para evitar la explotaci\u00f3n petrolera en las Islas Malvinas y la construcci\u00f3n de una base militar en Tierra del Fuego.<\/strong><\/p>\n<div class=\"partner-wrapper article-page__body-row\">\n<div class=\"second-col\">\n<p class=\"article-text\">En un mensaje grabado en el Sal\u00f3n Blanco junto a todo el gabinete nacional, el Presidente sostuvo: \u201cLas Malvinas son argentinas por historia y por derecho, no hay discusi\u00f3n al respecto\u201d. Y remarc\u00f3 que los isle\u00f1os\u00a0<strong>\u201cno tienen un derecho leg\u00edtimo a la autodeterminaci\u00f3n\u201d.<\/strong><\/p>\n<p class=\"article-text\">En ese sentido, asegur\u00f3 que firmar\u00e1 un decreto para \u201campliar los recursos del Ministerio de Defensa con el fin prioritario de construir una base naval en Tierra del Fuego e incrementar las capacidades en comunicaci\u00f3n\u201d. Seg\u00fan el Presidente, se trata del\u00a0<strong>\u201cpolo log\u00edstico m\u00e1s importante del Atl\u00e1ntico Sur\u201d.\u00a0<\/strong>Adem\u00e1s<strong>,\u00a0<\/strong>anticip\u00f3 que pedir\u00e1 al Congreso \u201cque le otorgue al Consejo facultades para que el Estado pueda responder con herramientas econ\u00f3micas y diplom\u00e1ticas frente a actores estatales que amenacen la seguridad nacional\u201d.<\/p>\n<figure class=\"embed-container embed-container--type-embed \">\n<div class=\"twitter-tweet twitter-tweet-rendered\"><\/div>\n<\/figure>\n<p class=\"article-text\">\u201cNo alcanza con sostener nuestro reclamo: el Estado argentino tiene la obligaci\u00f3n de utilizar todas las herramientas diplom\u00e1ticas, econ\u00f3micas, judiciales y legales disponibles para defender nuestra soberan\u00eda y nuestros recursos\u201d, dijo y agreg\u00f3 que \u201ceso exige leyes adecuadas, organismos del Estado coordinados y herramientas efectivas para avanzar en un objetivo que trasciende a cualquier gobierno\u201d.<\/p>\n<p class=\"article-text\">Sobre la sanci\u00f3n a las empresas petroleras que operen en las Islas Malvinas de manera unilateral, Milei asegur\u00f3 que buscar\u00e1 \u201cdotar de mayor celeridad a los procedimientos sancionatorios que impone la ley 26.659 contra quienes participan de iniciativas de explotaci\u00f3n de petr\u00f3leo\u201d.<\/p>\n<p class=\"article-text\">El anuncio tuvo un destinatario en particular: el avance del proyecto hidrocarbur\u00edfero\u00a0<em>Sea Lion<\/em>, impulsado por las firmas\u00a0<em>Rockhopper Exploration<\/em>\u00a0y\u00a0<em>Navitas Petroleum<\/em>para la prospecci\u00f3n de crudo. Pocos minutos despu\u00e9s del mensaje en cadena nacional, la Oficina del Presidente emiti\u00f3 un comunicado en el que inform\u00f3 que el Presidente dispuso la firma de un decreto reglamentario y el envio de un proyecto de ley al Congreso, \u201cen respuesta al avance\u00a0<strong>del condenable proyecto Sea Lion<\/strong>\u00a0hacia la explotaci\u00f3n de petr\u00f3leo en las Islas Malvinas sin autorizaci\u00f3n de la Rep\u00fablica Argentina\u201d.<\/p>\n<p class=\"article-text\">Milei dej\u00f3 en claro que tom\u00f3 el guante que le dej\u00f3 Donald Trump. El mandatario estadounidense viene amagando con revisar la el apoyo de ese pa\u00eds al Reino Unido. En su discurso, Milei dijo que los Estados Unidos \u201cest\u00e1 revaluando su posici\u00f3n hist\u00f3rica con relaci\u00f3n a Malvinas. Esta amenaza no es inocua. Los Estados Unidos eval\u00faan ese cambio de posici\u00f3n porque saben que en la Argentina tiene un socio confiable, alineado con los valores occidentales, en una posici\u00f3n de relevancia estrat\u00e9gica, que puede ser un aliado valioso en las d\u00e9cadas por venir\u201d.<\/p>\n<p class=\"article-text\">Y sostuvo que este posible cambio de posici\u00f3n se debe al \u201cdeclive\u201d del Reino Unido frente al \u201cfuturo floreciente\u201d que promete Argentina. Seg\u00fan su opini\u00f3n, esto se debe en parte a que Argentina no tiene los \u201cproblemas\u201d de inmigraci\u00f3n que s\u00ed tienen los brit\u00e1nicos.<\/p>\n<p class=\"article-text\">En el Gobierno hay preocupaci\u00f3n por el\u00a0<strong>avance de la explotaci\u00f3n de hidrocarburos\u00a0<\/strong>en la Cuenca Malvinas Norte. El pasado 25 de agosto, el gobierno de Tierra del Fuego expres\u00f3 su preocupaci\u00f3n por\u00a0<a class=\"link\" href=\"https:\/\/www.eldiarioar.com\/politica\/buque-petrolero-britanico-amarro-ushuaia-gobierno-fueguino-apunto-milei-inadmisible_1_13466062.html\" data-mrf-recirculation=\"links-noticia\" data-mrf-link=\"https:\/\/www.eldiarioar.com\/politica\/buque-petrolero-britanico-amarro-ushuaia-gobierno-fueguino-apunto-milei-inadmisible_1_13466062.html\">la llegada del buque VS Promise<\/a>, dedicado al transporte de crudo y registrado bajo bandera brit\u00e1nica, amarr\u00f3 en el muelle comercial del Puerto de Ushuaiatras realizar operaciones de carga en la terminal de R\u00edo Cullen, en el norte de Tierra del Fuego.<\/p>\n<p class=\"article-text\">La presencia del buque no es un hecho menor: la Ley Provincial 852, conocida como\u00a0<em>Ley Gaucho Rivero<\/em>, proh\u00edbe desde 2011 la permanencia, el amarre y el abastecimiento de barcos con bandera brit\u00e1nica en puertos fueguinos, en rechazo a la ocupaci\u00f3n del Reino Unido sobre las Islas Malvinas, Georgias del Sur y S\u00e1ndwich del Sur.<\/p>\n<p class=\"article-text\">\u201cLa Canciller\u00eda argentina ya ha enviado cerca de 180 notas de desaliento a empresas y a m\u00e1s de 29 pa\u00edses involucrados en distintos proyectos en nuestras islas\u201d, dijo Milei.<\/p>\n<p class=\"article-text\">Pero el discurso de Milei de esta noche viene empujado por dos hechos que escapan a la voluntad presidencial. Por un lado el gesto desafiante de los jugadores de la Selecci\u00f3n que levantaron la bandera con la inscripci\u00f3n \u201cLas Malvinas son argentinas\u201d luego de derrotar a Inglaterra en las semifinales del Mundial 2026. A los futbolistas poco les import\u00f3 el pedido de la ministra de Seguridad, Alejandra Monteoliva de no llevar al encuentro ninguna menci\u00f3n al conflicto. Esa imagen sin planificaci\u00f3n derivo en un repentino fervor patri\u00f3tico frente a la posici\u00f3n elgiosa del Presidente sobre la figura de Margaret Tatcher.<\/p>\n<figure><picture class=\"news-image\"><source srcset=\"https:\/\/static.eldiario.es\/clip\/ebb44580-7b11-4f05-a3e6-3e59232fc501_16-9-discover-aspect-ratio_50p_0_x308y104.webp\" type=\"image\/webp\" media=\"(max-width: 576px)\" \/><source srcset=\"https:\/\/static.eldiario.es\/clip\/ebb44580-7b11-4f05-a3e6-3e59232fc501_16-9-discover-aspect-ratio_50p_0_x308y104.jpg\" type=\"image\/jpg\" media=\"(max-width: 576px)\" \/><source srcset=\"https:\/\/static.eldiario.es\/clip\/ebb44580-7b11-4f05-a3e6-3e59232fc501_16-9-discover-aspect-ratio_75p_0_x308y104.webp\" type=\"image\/webp\" media=\"(max-width: 767px)\" \/><source srcset=\"https:\/\/static.eldiario.es\/clip\/ebb44580-7b11-4f05-a3e6-3e59232fc501_16-9-discover-aspect-ratio_75p_0_x308y104.jpg\" type=\"image\/jpg\" media=\"(max-width: 767px)\" \/><source srcset=\"https:\/\/static.eldiario.es\/clip\/ebb44580-7b11-4f05-a3e6-3e59232fc501_16-9-discover-aspect-ratio_default_0_x308y104.webp\" type=\"image\/webp\" media=\"(min-width: 768px)\" \/><source srcset=\"https:\/\/static.eldiario.es\/clip\/ebb44580-7b11-4f05-a3e6-3e59232fc501_16-9-discover-aspect-ratio_default_0_x308y104.jpg\" type=\"image\/jpg\" media=\"(min-width: 768px)\" \/><source srcset=\"https:\/\/static.eldiario.es\/clip\/ebb44580-7b11-4f05-a3e6-3e59232fc501_16-9-discover-aspect-ratio_default_0_x308y104.webp\" type=\"image\/webp\" \/><img decoding=\"async\" class=\"lazy entered loaded\" src=\"https:\/\/static.eldiario.es\/clip\/ebb44580-7b11-4f05-a3e6-3e59232fc501_16-9-discover-aspect-ratio_default_0_x308y104.jpg\" alt=\"Los jugadores con la bandera de las Malvinas.\" data-src=\"https:\/\/static.eldiario.es\/clip\/ebb44580-7b11-4f05-a3e6-3e59232fc501_16-9-discover-aspect-ratio_default_0_x308y104.jpg\" data-ll-status=\"loaded\" \/><\/picture><\/figure>\n<\/div>\n<\/div>\n<p><span class=\"title\">Los jugadores con la bandera de las Malvinas.<\/span><\/p>\n<p class=\"article-text\">\u201cCriticar a alguien por su nacionalidad o raza es muy intelectualmente precario.\u00a0<strong>He escuchado muchos discursos de Margaret Thatcher<\/strong>.\u00a0<strong>Ella era brillante<\/strong>. Entonces, \u00bfcu\u00e1l es el problema?\u201d,<a class=\"link\" href=\"https:\/\/www.eldiarioar.com\/politica\/milei-elogio-margaret-thatcher-entrevista-bbc-brillante-problema_1_11344092.html\" data-mrf-recirculation=\"links-noticia\" data-mrf-link=\"https:\/\/www.eldiarioar.com\/politica\/milei-elogio-margaret-thatcher-entrevista-bbc-brillante-problema_1_11344092.html\">\u00a0hab\u00eda dicho Milei en una entrevista con la BBC en mayo de 2024.<\/a><\/p>\n<p class=\"article-text\">La segunda raz\u00f3n que explican esta cadena nacional hay que encontrarla en otro hecho que tampoco tiene que ver con la pericia del Gobierno para encontrar una soluci\u00f3n al conflicto. Hay que rastrearlo en el enojo de Donald Trump con sus socios brit\u00e1nico de la OTAN. El mandatario estadounidense quiere mayor presencia del Reino Unido en su guerra contra Ir\u00e1n y a la vez presiona para que el gobierno del laborista Andy Burnham destine m\u00e1s presupuesto al financiamiento de la OTAN.<\/p>\n<p class=\"article-text\">En abril de este a\u00f1o se conoci\u00f3 un correo interno del Pent\u00e1gono sugiere que Estados Unidos podr\u00eda retirar el apoyo diplom\u00e1tico a Reino Unido sobre las Islas Malvinas. El documento, filtrado por la agencia Reuters, especifica la posibilidad de reevaluar el amparo estadounidense a las \u201cposesiones imperiales\u201d europeas, algo que afectar\u00eda al archipi\u00e9lago que la Argentina reclama hist\u00f3ricamente y que llev\u00f3 a una guerra en 1982 en la que murieron 650 soldados argentinos y 255 brit\u00e1nicos<\/p>\n<p class=\"article-text\">Este lunes, un periodista\u00a0<a class=\"link\" href=\"https:\/\/www.eldiarioar.com\/politica\/trump-dijo-revisar-respaldo-ee-uu-gran-bretana-malvinas_1_13478275.html\" target=\"_blank\" rel=\"noopener\" data-mrf-recirculation=\"links-noticia\" data-mrf-link=\"https:\/\/www.eldiarioar.com\/politica\/trump-dijo-revisar-respaldo-ee-uu-gran-bretana-malvinas_1_13478275.html\"><strong>le pregunt\u00f3 a Donald Trump por la postura de Estados Unidos sobre la soberan\u00eda del archipi\u00e9lago.\u00a0<\/strong><\/a><strong>\u201cSiempre reviso cada posici\u00f3n. Esa es apenas una entre muchas\u201d<\/strong>, respondi\u00f3 el mandatario norteamericano, sin comprometerse a nada concreto pero sin descartar tampoco un cambio. La frase lleg\u00f3 despu\u00e9s de que medios brit\u00e1nicos reportaran la semana pasada que el gobierno de Trump estar\u00eda evaluando retirar su respaldo hist\u00f3rico a la posici\u00f3n del Reino Unido sobre las islas, como forma de presionar a Londres para que eleve su gasto en Defensa hasta el 3% del PBI que reclama la Casa Blanca a sus socios de la OTAN. As\u00ed, la ambig\u00fcedad de Trump tendr\u00eda menos que ver con Argentina que con una pulseada financiera entre Washington y Londres.<\/p>\n<p class=\"article-text\">Al d\u00eda siguiente, la idea de aprovechar la ola termin\u00f3 de tomar forma durante una reuni\u00f3n de gabinete en la Casa Rosada, donde el tema ocup\u00f3 buena parte de la discusi\u00f3n internacional y el canciller\u00a0<strong>Pablo Quirno<\/strong>\u00a0present\u00f3 un informe sobre los movimientos diplom\u00e1ticos que viene realizando el Gobierno.<\/p>\n<p class=\"article-text\">R\u00e1pido de reflejos, Santiago Caputo, el herm\u00e9tico asesor presidencial, se apur\u00f3 a escribir en su cuenta de X: \u201cEs saludable que los<strong>\u00a0Estados Unidos revisen su postura sobre Malvinas<\/strong>. Ser\u00eda extra\u00f1o que no lo hicieran.<strong>\u00a0No se puede esperar menos de un aliado estrat\u00e9gico<\/strong>. Malvinas es una causa sagrada para los argentinos\u201d.<\/p>\n<p class=\"article-text\">Habr\u00e1 que ver ahora hasta que punto es confiable el apoyo de Donald Trump. Por lo pronto, el vocero de Burham ya aclar\u00f3 que no existe ning\u00fana posibilidad de que el Reino Unido revise su posici\u00f3n sobre Malvinas.<\/p>\n<p>&nbsp;<\/p>\n<p><em><strong>Fuente: elDiarioAR<\/strong><\/em><\/p>\n","protected":false},"excerpt":{"rendered":"<p>El Presidente anunci\u00f3 un decreto para reforzar las capacidades militares en Tierra del Fuego y anticip\u00f3 que pedir\u00e1 al Congreso nuevas herramientas econ\u00f3micas y diplom\u00e1ticas para sancionar a empresas que participen de la explotaci\u00f3n de hidrocarburos en las Islas. Tambi\u00e9n cuestion\u00f3 el derecho a la autodeterminaci\u00f3n de los isle\u00f1os.<\/p>\n","protected":false},"author":3,"featured_media":143058,"comment_status":"closed","ping_status":"closed","sticky":false,"template":"","format":"standard","meta":{"footnotes":""},"categories":[24],"tags":[],"class_list":["post-143057","post","type-post","status-publish","format-standard","has-post-thumbnail","hentry","category-politica"],"yoast_head":"<!-- This site is optimized with the Yoast SEO plugin v25.9 - https:\/\/yoast.com\/wordpress\/plugins\/seo\/ -->\n<title>Milei anunci\u00f3 la construcci\u00f3n de una base militar en Tierra del Fuego y sanciones para las empresas que operen en Malvinas - Noticias Radio Reflejos<\/title>\n<meta name=\"robots\" content=\"index, follow, max-snippet:-1, max-image-preview:large, max-video-preview:-1\" \/>\n<link rel=\"canonical\" href=\"https:\/\/www.noticiasradioreflejos.com.ar\/2021\/milei-anuncio-la-construccion-de-una-base-militar-en-tierra-del-fuego-y-sanciones-para-las-empresas-que-operen-en-malvinas\/\" \/>\n<meta property=\"og:locale\" content=\"es_ES\" \/>\n<meta property=\"og:type\" content=\"article\" \/>\n<meta property=\"og:title\" content=\"Milei anunci\u00f3 la construcci\u00f3n de una base militar en Tierra del Fuego y sanciones para las empresas que operen en Malvinas - Noticias Radio Reflejos\" \/>\n<meta property=\"og:description\" content=\"El Presidente anunci\u00f3 un decreto para reforzar las capacidades militares en Tierra del Fuego y anticip\u00f3 que pedir\u00e1 al Congreso nuevas herramientas econ\u00f3micas y diplom\u00e1ticas para sancionar a empresas que participen de la explotaci\u00f3n de hidrocarburos en las Islas. Tambi\u00e9n cuestion\u00f3 el derecho a la autodeterminaci\u00f3n de los isle\u00f1os.\" \/>\n<meta property=\"og:url\" content=\"https:\/\/www.noticiasradioreflejos.com.ar\/2021\/milei-anuncio-la-construccion-de-una-base-militar-en-tierra-del-fuego-y-sanciones-para-las-empresas-que-operen-en-malvinas\/\" \/>\n<meta property=\"og:site_name\" content=\"Noticias Radio Reflejos\" \/>\n<meta property=\"article:published_time\" content=\"2026-09-04T10:33:15+00:00\" \/>\n<meta property=\"og:image\" content=\"https:\/\/www.noticiasradioreflejos.com.ar\/2021\/wp-content\/uploads\/2026\/09\/gabinete-cadana-milei.webp\" \/>\n\t<meta property=\"og:image:width\" content=\"1200\" \/>\n\t<meta property=\"og:image:height\" content=\"675\" \/>\n\t<meta property=\"og:image:type\" content=\"image\/webp\" \/>\n<meta name=\"author\" content=\"Arnaldo Botto\" \/>\n<meta name=\"twitter:card\" content=\"summary_large_image\" \/>\n<script type=\"application\/ld+json\" class=\"yoast-schema-graph\">{\"@context\":\"https:\/\/schema.org\",\"@graph\":[{\"@type\":\"WebPage\",\"@id\":\"https:\/\/www.noticiasradioreflejos.com.ar\/2021\/milei-anuncio-la-construccion-de-una-base-militar-en-tierra-del-fuego-y-sanciones-para-las-empresas-que-operen-en-malvinas\/\",\"url\":\"https:\/\/www.noticiasradioreflejos.com.ar\/2021\/milei-anuncio-la-construccion-de-una-base-militar-en-tierra-del-fuego-y-sanciones-para-las-empresas-que-operen-en-malvinas\/\",\"name\":\"Milei anunci\u00f3 la construcci\u00f3n de una base militar en Tierra del Fuego y sanciones para las empresas que operen en Malvinas - Noticias Radio Reflejos\",\"isPartOf\":{\"@id\":\"https:\/\/www.noticiasradioreflejos.com.ar\/2021\/#website\"},\"primaryImageOfPage\":{\"@id\":\"https:\/\/www.noticiasradioreflejos.com.ar\/2021\/milei-anuncio-la-construccion-de-una-base-militar-en-tierra-del-fuego-y-sanciones-para-las-empresas-que-operen-en-malvinas\/#primaryimage\"},\"image\":{\"@id\":\"https:\/\/www.noticiasradioreflejos.com.ar\/2021\/milei-anuncio-la-construccion-de-una-base-militar-en-tierra-del-fuego-y-sanciones-para-las-empresas-que-operen-en-malvinas\/#primaryimage\"},\"thumbnailUrl\":\"https:\/\/www.noticiasradioreflejos.com.ar\/2021\/wp-content\/uploads\/2026\/09\/gabinete-cadana-milei.webp\",\"datePublished\":\"2026-09-04T10:33:15+00:00\",\"author\":{\"@id\":\"https:\/\/www.noticiasradioreflejos.com.ar\/2021\/#\/schema\/person\/ad82545263dcc5ec0996818884fd5fb1\"},\"breadcrumb\":{\"@id\":\"https:\/\/www.noticiasradioreflejos.com.ar\/2021\/milei-anuncio-la-construccion-de-una-base-militar-en-tierra-del-fuego-y-sanciones-para-las-empresas-que-operen-en-malvinas\/#breadcrumb\"},\"inLanguage\":\"es\",\"potentialAction\":[{\"@type\":\"ReadAction\",\"target\":[\"https:\/\/www.noticiasradioreflejos.com.ar\/2021\/milei-anuncio-la-construccion-de-una-base-militar-en-tierra-del-fuego-y-sanciones-para-las-empresas-que-operen-en-malvinas\/\"]}]},{\"@type\":\"ImageObject\",\"inLanguage\":\"es\",\"@id\":\"https:\/\/www.noticiasradioreflejos.com.ar\/2021\/milei-anuncio-la-construccion-de-una-base-militar-en-tierra-del-fuego-y-sanciones-para-las-empresas-que-operen-en-malvinas\/#primaryimage\",\"url\":\"https:\/\/www.noticiasradioreflejos.com.ar\/2021\/wp-content\/uploads\/2026\/09\/gabinete-cadana-milei.webp\",\"contentUrl\":\"https:\/\/www.noticiasradioreflejos.com.ar\/2021\/wp-content\/uploads\/2026\/09\/gabinete-cadana-milei.webp\",\"width\":1200,\"height\":675},{\"@type\":\"BreadcrumbList\",\"@id\":\"https:\/\/www.noticiasradioreflejos.com.ar\/2021\/milei-anuncio-la-construccion-de-una-base-militar-en-tierra-del-fuego-y-sanciones-para-las-empresas-que-operen-en-malvinas\/#breadcrumb\",\"itemListElement\":[{\"@type\":\"ListItem\",\"position\":1,\"name\":\"Portada\",\"item\":\"https:\/\/www.noticiasradioreflejos.com.ar\/2021\/\"},{\"@type\":\"ListItem\",\"position\":2,\"name\":\"Milei anunci\u00f3 la construcci\u00f3n de una base militar en Tierra del Fuego y sanciones para las empresas que operen en Malvinas\"}]},{\"@type\":\"WebSite\",\"@id\":\"https:\/\/www.noticiasradioreflejos.com.ar\/2021\/#website\",\"url\":\"https:\/\/www.noticiasradioreflejos.com.ar\/2021\/\",\"name\":\"Noticias Radio Reflejos\",\"description\":\"Las noticias de mi comarca\",\"potentialAction\":[{\"@type\":\"SearchAction\",\"target\":{\"@type\":\"EntryPoint\",\"urlTemplate\":\"https:\/\/www.noticiasradioreflejos.com.ar\/2021\/?s={search_term_string}\"},\"query-input\":{\"@type\":\"PropertyValueSpecification\",\"valueRequired\":true,\"valueName\":\"search_term_string\"}}],\"inLanguage\":\"es\"},{\"@type\":\"Person\",\"@id\":\"https:\/\/www.noticiasradioreflejos.com.ar\/2021\/#\/schema\/person\/ad82545263dcc5ec0996818884fd5fb1\",\"name\":\"Arnaldo Botto\",\"image\":{\"@type\":\"ImageObject\",\"inLanguage\":\"es\",\"@id\":\"https:\/\/www.noticiasradioreflejos.com.ar\/2021\/#\/schema\/person\/image\/\",\"url\":\"https:\/\/secure.gravatar.com\/avatar\/55cb5e37c1efa326397366e6974cb338056df65cb50e7d64d1cf314e87504837?s=96&d=mm&r=g\",\"contentUrl\":\"https:\/\/secure.gravatar.com\/avatar\/55cb5e37c1efa326397366e6974cb338056df65cb50e7d64d1cf314e87504837?s=96&d=mm&r=g\",\"caption\":\"Arnaldo Botto\"},\"url\":\"https:\/\/www.noticiasradioreflejos.com.ar\/2021\/author\/arnaldo\/\"}]}<\/script>\n<!-- \/ Yoast SEO plugin. -->","yoast_head_json":{"title":"Milei anunci\u00f3 la construcci\u00f3n de una base militar en Tierra del Fuego y sanciones para las empresas que operen en Malvinas - Noticias Radio Reflejos","robots":{"index":"index","follow":"follow","max-snippet":"max-snippet:-1","max-image-preview":"max-image-preview:large","max-video-preview":"max-video-preview:-1"},"canonical":"https:\/\/www.noticiasradioreflejos.com.ar\/2021\/milei-anuncio-la-construccion-de-una-base-militar-en-tierra-del-fuego-y-sanciones-para-las-empresas-que-operen-en-malvinas\/","og_locale":"es_ES","og_type":"article","og_title":"Milei anunci\u00f3 la construcci\u00f3n de una base militar en Tierra del Fuego y sanciones para las empresas que operen en Malvinas - Noticias Radio Reflejos","og_description":"El Presidente anunci\u00f3 un decreto para reforzar las capacidades militares en Tierra del Fuego y anticip\u00f3 que pedir\u00e1 al Congreso nuevas herramientas econ\u00f3micas y diplom\u00e1ticas para sancionar a empresas que participen de la explotaci\u00f3n de hidrocarburos en las Islas. Tambi\u00e9n cuestion\u00f3 el derecho a la autodeterminaci\u00f3n de los isle\u00f1os.","og_url":"https:\/\/www.noticiasradioreflejos.com.ar\/2021\/milei-anuncio-la-construccion-de-una-base-militar-en-tierra-del-fuego-y-sanciones-para-las-empresas-que-operen-en-malvinas\/","og_site_name":"Noticias Radio Reflejos","article_published_time":"2026-09-04T10:33:15+00:00","og_image":[{"width":1200,"height":675,"url":"https:\/\/www.noticiasradioreflejos.com.ar\/2021\/wp-content\/uploads\/2026\/09\/gabinete-cadana-milei.webp","type":"image\/webp"}],"author":"Arnaldo Botto","twitter_card":"summary_large_image","schema":{"@context":"https:\/\/schema.org","@graph":[{"@type":"WebPage","@id":"https:\/\/www.noticiasradioreflejos.com.ar\/2021\/milei-anuncio-la-construccion-de-una-base-militar-en-tierra-del-fuego-y-sanciones-para-las-empresas-que-operen-en-malvinas\/","url":"https:\/\/www.noticiasradioreflejos.com.ar\/2021\/milei-anuncio-la-construccion-de-una-base-militar-en-tierra-del-fuego-y-sanciones-para-las-empresas-que-operen-en-malvinas\/","name":"Milei anunci\u00f3 la construcci\u00f3n de una base militar en Tierra del Fuego y sanciones para las empresas que operen en Malvinas - Noticias Radio Reflejos","isPartOf":{"@id":"https:\/\/www.noticiasradioreflejos.com.ar\/2021\/#website"},"primaryImageOfPage":{"@id":"https:\/\/www.noticiasradioreflejos.com.ar\/2021\/milei-anuncio-la-construccion-de-una-base-militar-en-tierra-del-fuego-y-sanciones-para-las-empresas-que-operen-en-malvinas\/#primaryimage"},"image":{"@id":"https:\/\/www.noticiasradioreflejos.com.ar\/2021\/milei-anuncio-la-construccion-de-una-base-militar-en-tierra-del-fuego-y-sanciones-para-las-empresas-que-operen-en-malvinas\/#primaryimage"},"thumbnailUrl":"https:\/\/www.noticiasradioreflejos.com.ar\/2021\/wp-content\/uploads\/2026\/09\/gabinete-cadana-milei.webp","datePublished":"2026-09-04T10:33:15+00:00","author":{"@id":"https:\/\/www.noticiasradioreflejos.com.ar\/2021\/#\/schema\/person\/ad82545263dcc5ec0996818884fd5fb1"},"breadcrumb":{"@id":"https:\/\/www.noticiasradioreflejos.com.ar\/2021\/milei-anuncio-la-construccion-de-una-base-militar-en-tierra-del-fuego-y-sanciones-para-las-empresas-que-operen-en-malvinas\/#breadcrumb"},"inLanguage":"es","potentialAction":[{"@type":"ReadAction","target":["https:\/\/www.noticiasradioreflejos.com.ar\/2021\/milei-anuncio-la-construccion-de-una-base-militar-en-tierra-del-fuego-y-sanciones-para-las-empresas-que-operen-en-malvinas\/"]}]},{"@type":"ImageObject","inLanguage":"es","@id":"https:\/\/www.noticiasradioreflejos.com.ar\/2021\/milei-anuncio-la-construccion-de-una-base-militar-en-tierra-del-fuego-y-sanciones-para-las-empresas-que-operen-en-malvinas\/#primaryimage","url":"https:\/\/www.noticiasradioreflejos.com.ar\/2021\/wp-content\/uploads\/2026\/09\/gabinete-cadana-milei.webp","contentUrl":"https:\/\/www.noticiasradioreflejos.com.ar\/2021\/wp-content\/uploads\/2026\/09\/gabinete-cadana-milei.webp","width":1200,"height":675},{"@type":"BreadcrumbList","@id":"https:\/\/www.noticiasradioreflejos.com.ar\/2021\/milei-anuncio-la-construccion-de-una-base-militar-en-tierra-del-fuego-y-sanciones-para-las-empresas-que-operen-en-malvinas\/#breadcrumb","itemListElement":[{"@type":"ListItem","position":1,"name":"Portada","item":"https:\/\/www.noticiasradioreflejos.com.ar\/2021\/"},{"@type":"ListItem","position":2,"name":"Milei anunci\u00f3 la construcci\u00f3n de una base militar en Tierra del Fuego y sanciones para las empresas que operen en Malvinas"}]},{"@type":"WebSite","@id":"https:\/\/www.noticiasradioreflejos.com.ar\/2021\/#website","url":"https:\/\/www.noticiasradioreflejos.com.ar\/2021\/","name":"Noticias Radio Reflejos","description":"Las noticias de mi comarca","potentialAction":[{"@type":"SearchAction","target":{"@type":"EntryPoint","urlTemplate":"https:\/\/www.noticiasradioreflejos.com.ar\/2021\/?s={search_term_string}"},"query-input":{"@type":"PropertyValueSpecification","valueRequired":true,"valueName":"search_term_string"}}],"inLanguage":"es"},{"@type":"Person","@id":"https:\/\/www.noticiasradioreflejos.com.ar\/2021\/#\/schema\/person\/ad82545263dcc5ec0996818884fd5fb1","name":"Arnaldo Botto","image":{"@type":"ImageObject","inLanguage":"es","@id":"https:\/\/www.noticiasradioreflejos.com.ar\/2021\/#\/schema\/person\/image\/","url":"https:\/\/secure.gravatar.com\/avatar\/55cb5e37c1efa326397366e6974cb338056df65cb50e7d64d1cf314e87504837?s=96&d=mm&r=g","contentUrl":"https:\/\/secure.gravatar.com\/avatar\/55cb5e37c1efa326397366e6974cb338056df65cb50e7d64d1cf314e87504837?s=96&d=mm&r=g","caption":"Arnaldo Botto"},"url":"https:\/\/www.noticiasradioreflejos.com.ar\/2021\/author\/arnaldo\/"}]}},"_links":{"self":[{"href":"https:\/\/www.noticiasradioreflejos.com.ar\/2021\/wp-json\/wp\/v2\/posts\/143057","targetHints":{"allow":["GET"]}}],"collection":[{"href":"https:\/\/www.noticiasradioreflejos.com.ar\/2021\/wp-json\/wp\/v2\/posts"}],"about":[{"href":"https:\/\/www.noticiasradioreflejos.com.ar\/2021\/wp-json\/wp\/v2\/types\/post"}],"author":[{"embeddable":true,"href":"https:\/\/www.noticiasradioreflejos.com.ar\/2021\/wp-json\/wp\/v2\/users\/3"}],"replies":[{"embeddable":true,"href":"https:\/\/www.noticiasradioreflejos.com.ar\/2021\/wp-json\/wp\/v2\/comments?post=143057"}],"version-history":[{"count":1,"href":"https:\/\/www.noticiasradioreflejos.com.ar\/2021\/wp-json\/wp\/v2\/posts\/143057\/revisions"}],"predecessor-version":[{"id":143060,"href":"https:\/\/www.noticiasradioreflejos.com.ar\/2021\/wp-json\/wp\/v2\/posts\/143057\/revisions\/143060"}],"wp:featuredmedia":[{"embeddable":true,"href":"https:\/\/www.noticiasradioreflejos.com.ar\/2021\/wp-json\/wp\/v2\/media\/143058"}],"wp:attachment":[{"href":"https:\/\/www.noticiasradioreflejos.com.ar\/2021\/wp-json\/wp\/v2\/media?parent=143057"}],"wp:term":[{"taxonomy":"category","embeddable":true,"href":"https:\/\/www.noticiasradioreflejos.com.ar\/2021\/wp-json\/wp\/v2\/categories?post=143057"},{"taxonomy":"post_tag","embeddable":true,"href":"https:\/\/www.noticiasradioreflejos.com.ar\/2021\/wp-json\/wp\/v2\/tags?post=143057"}],"curies":[{"name":"wp","href":"https:\/\/api.w.org\/{rel}","templated":true}]}}