{"id":143048,"date":"2026-09-03T18:12:40","date_gmt":"2026-09-03T21:12:40","guid":{"rendered":"https:\/\/www.noticiasradioreflejos.com.ar\/2021\/?p=143048"},"modified":"2026-09-03T18:12:40","modified_gmt":"2026-09-03T21:12:40","slug":"ninos-en-peligro-sobre-dos-ruedas","status":"publish","type":"post","link":"https:\/\/www.noticiasradioreflejos.com.ar\/2021\/ninos-en-peligro-sobre-dos-ruedas\/","title":{"rendered":"Ni\u00f1os en peligro sobre dos ruedas"},"content":{"rendered":"<p>El lunes 31\/08 por la tarde, en una avenida muy transitada de Catamarca, una mujer fue grabada con una cerveza en una mano, mientras circulaba en moto junto a una nena, sin que ninguna de las dos llevara casco. Se observa que la conductora no puede mantener el equilibrio, y que la ni\u00f1a que viajaba detr\u00e1s tiene dificultades para mantenerse firme sobre el inestable veh\u00edculo.<\/p>\n<p><!--more--><\/p>\n<p>D\u00edas atr\u00e1s, en la misma provincia, un grupo de vecinos comparti\u00f3 el video de un motociclista que circulaba haciendo wheelie, mientras su acompa\u00f1ante llevaba a un beb\u00e9 en brazos.<\/p>\n<p>La semana anterior, en Alem, Misiones y en La Banda, Santiago del Estero, dos ni\u00f1os de 11 y 12 a\u00f1os resultaron heridos, uno de ellos con una fractura expuesta en su pierna, luego de protagonizar siniestros de tr\u00e1nsito circulando en moto junto a sus madres. *<\/p>\n<p>Para muchos de nosotros estas conductas de extrema imprudencia son inconcebibles, y provocan indignaci\u00f3n en medios y redes sociales, pero la realidad muestra innumerables testimonios de situaciones terriblemente riesgosas, que no son episodios aislados. Se repiten cotidianamente en distintas localidades de nuestro pa\u00eds.<\/p>\n<p><strong>\u00a0 \u00a0 \u00a0Dos factores motivan estas conductas peligrosas: una baja percepci\u00f3n del riesgo, y la falta de apego a las normas, ya que no se controla y sanciona a los infractores<\/strong>.<\/p>\n<table id=\"m_-2783437356882868642ml-block-200668343\" class=\"m_-2783437356882868642mlContentTable\" border=\"0\" width=\"640\" cellspacing=\"0\" cellpadding=\"0\" align=\"center\" bgcolor=\"#FFFFFF\">\n<tbody>\n<tr>\n<td>\n<table class=\"m_-2783437356882868642mlContentTable\" border=\"0\" width=\"640\" cellspacing=\"0\" cellpadding=\"0\" align=\"center\" bgcolor=\"#FFFFFF\">\n<tbody>\n<tr>\n<td class=\"m_-2783437356882868642mlContentContainer m_-2783437356882868642mlContentImage m_-2783437356882868642mlContentHeight\" align=\"center\"><img decoding=\"async\" class=\"m_-2783437356882868642mlContentImage CToWUd a6T\" tabindex=\"0\" src=\"https:\/\/ci3.googleusercontent.com\/meips\/ADKq_NbZapk_H9903RAjqF3KSEFWdbY_IZu4iIvMbck8NcdFnA7AegiTB47SsPOrx_cnq-cbl0Gsh4QCUvhGcMK6TMP1PZ4sQoUfS7oAwMGr4-CCTTrmsKZQmSFDN1xTXnvsaQf4ENjs_E4SJ3e4Cv1xQBYcq_fL8ycx1Js_SNi4TFP2jvIj4pAMkUK9Zc8KX9B26fKmrCRCRIfgB3dsgCEq6A=s0-d-e1-ft#https:\/\/bucket.mlcdn.com\/a\/487\/487743\/images\/d780cd5e9855c51dc7baf016f7aae2dd7f520485.jpeg\/3400ba70f01ce90d728c0f275d8b3427d2b3efe6.jpeg\" width=\"540\" border=\"0\" data-bit=\"iit\" \/><\/td>\n<\/tr>\n<\/tbody>\n<\/table>\n<\/td>\n<\/tr>\n<\/tbody>\n<\/table>\n<h4><strong>C\u00f3mo cuidamos la vida de los ni\u00f1os, muy vulnerables en el tr\u00e1nsito<\/strong><\/h4>\n<p>Lamentablemente, se ha naturalizado que ni\u00f1os de cualquier edad viajen en moto, inclusive familias de 4 o 5 miembros en ella. Desde beb\u00e9s hasta adolescentes, se los ve circulando desprotegidos, en muchos casos sin casco, y en otros con cascos que les van grandes y no sirven para protegerlos. Por eso es tan serio el riesgo.<\/p>\n<p><strong>Las normas de tr\u00e1nsito difieren seg\u00fan cada jurisdicci\u00f3n<\/strong>. En\u00a0<strong>la Ciudad de Buenos Aires<\/strong>, el C\u00f3digo de Tr\u00e1nsito y Transporte\u00a0<strong>proh\u00edbe llevar acompa\u00f1antes menores de 16 a\u00f1os en motocicleta\u00a0<\/strong>(Ley N\u00ba 2.148 Art. 5.3.2.g). La Ley Nacional de Tr\u00e1nsito (Ley 24.449) no especifica una edad m\u00ednima para trasladar a un menor, aunque s\u00ed establece la obligatoriedad del uso del casco.<\/p>\n<p>M\u00e1s all\u00e1 de la legislaci\u00f3n,\u00a0<strong>el sentido com\u00fan indica que no se deber\u00eda transportar ni\u00f1os peque\u00f1os en moto<\/strong>. Pero si se hace, se debe evitar que lleven la mochila colgada por el peligro de desestabilizaci\u00f3n; debe poder apoyar sus pies en los pedalines;\u00a0 el ascenso y descenso del menor debe hacerse por el lado de la acera, cuidando que no toque el ca\u00f1o de escape; si el viaje con el ni\u00f1o es frecuente, puede adquirirse un respaldo para mejorar la posici\u00f3n del ni\u00f1o y por ende su seguridad; y , por supuesto, el conductor debe circular a baja velocidad, guardar el espacio de seguridad entre veh\u00edculos, evitar las maniobras bruscas y respetar todas las normas de tr\u00e1nsito.<\/p>\n<p><strong>\u00a0 \u00a0 \u00a0Urge una mejor educaci\u00f3n vial de la ciudadan\u00eda,\u00a0<\/strong>de los conductores de todo tipo de veh\u00edculos y de los peatones,\u00a0<strong>para aumentar la percepci\u00f3n del riesgo objetivo, y un compromiso permanente de las autoridades para hacer cumplir las normas en calles y rutas.\u00a0<\/strong><\/p>\n<p>* Fuentes e im\u00e1genes: Nuevo Diario de Santiago del Estero, Primero Misiones, Cadena 3, La Voz del Interior.<\/p>\n<table class=\"m_-2783437356882868642mlContentTable\" border=\"0\" width=\"640\" cellspacing=\"0\" cellpadding=\"0\" align=\"center\" bgcolor=\"#FFFFFF\">\n<tbody>\n<tr>\n<td class=\"m_-2783437356882868642mlContentTable\" width=\"640\" height=\"15\"><\/td>\n<\/tr>\n<\/tbody>\n<\/table>\n<table class=\"m_-2783437356882868642mlContentTable m_-2783437356882868642mlFooterTable\" border=\"0\" width=\"640\" cellspacing=\"0\" cellpadding=\"0\" align=\"center\">\n<tbody>\n<tr>\n<td class=\"m_-2783437356882868642mlContentTable\">\n<table class=\"m_-2783437356882868642mlContentTable\" border=\"0\" width=\"640\" cellspacing=\"0\" cellpadding=\"0\" align=\"center\" bgcolor=\"#333333\">\n<tbody>\n<tr>\n<td class=\"m_-2783437356882868642mlContentOuter m_-2783437356882868642mlBottomContentOuter\">\n<table class=\"m_-2783437356882868642mlContentBlock m_-2783437356882868642marginBottom\" border=\"0\" width=\"240\" cellspacing=\"0\" cellpadding=\"0\" align=\"left\">\n<tbody>\n<tr>\n<td class=\"m_-2783437356882868642alignCenter\" align=\"left\">Luchemos por la Vida Asociaci\u00f3n Civil<\/p>\n<p><a href=\"mailto:info@luchemos.org.ar\" target=\"_blank\" rel=\"noopener\">info@luchemos.org.ar<\/a><\/p>\n<p><a href=\"tel:+54%2011%204637-8090\" target=\"_blank\" rel=\"noopener\">(+54 11) 4637-8090<\/a><\/p>\n<p><a href=\"https:\/\/www.google.com\/maps\/search\/Bogot%C3%A1+2348?entry=gmail&amp;source=g\" data-saferedirecturl=\"https:\/\/www.google.com\/url?q=https:\/\/www.google.com\/maps\/search\/Bogot%25C3%25A1%2B2348?entry%3Dgmail%26source%3Dg&amp;source=gmail&amp;ust=1788555902732000&amp;usg=AOvVaw2HUf0WkqDnqSGqRw5oYc87\">Bogot\u00e1 2348<\/a>\u00a0P.B. \u00abA\u00bb &#8211; Buenos Aires &#8211; Argentina<\/p>\n<p><a href=\"https:\/\/click.mlsend2.com\/link\/c\/YT0zMDkwMjg0MzQxNDMxODk3MDc1JmM9azliNyZlPTE5MjgmYj0xNTY1MzQ5MjM5JmQ9azdqMWMxYQ==.y641VppccD0I3B676AFypuEsi-QDygJF83906Sx_sfA\" target=\"_blank\" rel=\"noopener\" data-saferedirecturl=\"https:\/\/www.google.com\/url?q=https:\/\/click.mlsend2.com\/link\/c\/YT0zMDkwMjg0MzQxNDMxODk3MDc1JmM9azliNyZlPTE5MjgmYj0xNTY1MzQ5MjM5JmQ9azdqMWMxYQ%3D%3D.y641VppccD0I3B676AFypuEsi-QDygJF83906Sx_sfA&amp;source=gmail&amp;ust=1788555902732000&amp;usg=AOvVaw18Ff7zrsc-A2OfJJBrA_8y\">www.luchemos.org.ar<\/a><\/td>\n<\/tr>\n<\/tbody>\n<\/table>\n<\/td>\n<\/tr>\n<\/tbody>\n<\/table>\n<\/td>\n<\/tr>\n<\/tbody>\n<\/table>\n","protected":false},"excerpt":{"rendered":"<p>El lunes 31\/08 por la tarde, en una avenida muy transitada de Catamarca, una mujer fue grabada con una cerveza en una mano, mientras circulaba en moto junto a una nena, sin que ninguna de las dos llevara casco. Se observa que la conductora no puede mantener el equilibrio, y que la ni\u00f1a que viajaba [&hellip;]<\/p>\n","protected":false},"author":3,"featured_media":143049,"comment_status":"closed","ping_status":"closed","sticky":false,"template":"","format":"standard","meta":{"footnotes":""},"categories":[26],"tags":[],"class_list":["post-143048","post","type-post","status-publish","format-standard","has-post-thumbnail","hentry","category-sociedad"],"yoast_head":"<!-- This site is optimized with the Yoast SEO plugin v25.9 - https:\/\/yoast.com\/wordpress\/plugins\/seo\/ -->\n<title>Ni\u00f1os en peligro sobre dos ruedas - Noticias Radio Reflejos<\/title>\n<meta name=\"robots\" content=\"index, follow, max-snippet:-1, max-image-preview:large, max-video-preview:-1\" \/>\n<link rel=\"canonical\" href=\"https:\/\/www.noticiasradioreflejos.com.ar\/2021\/ninos-en-peligro-sobre-dos-ruedas\/\" \/>\n<meta property=\"og:locale\" content=\"es_ES\" \/>\n<meta property=\"og:type\" content=\"article\" \/>\n<meta property=\"og:title\" content=\"Ni\u00f1os en peligro sobre dos ruedas - Noticias Radio Reflejos\" \/>\n<meta property=\"og:description\" content=\"El lunes 31\/08 por la tarde, en una avenida muy transitada de Catamarca, una mujer fue grabada con una cerveza en una mano, mientras circulaba en moto junto a una nena, sin que ninguna de las dos llevara casco. Se observa que la conductora no puede mantener el equilibrio, y que la ni\u00f1a que viajaba [&hellip;]\" \/>\n<meta property=\"og:url\" content=\"https:\/\/www.noticiasradioreflejos.com.ar\/2021\/ninos-en-peligro-sobre-dos-ruedas\/\" \/>\n<meta property=\"og:site_name\" content=\"Noticias Radio Reflejos\" \/>\n<meta property=\"article:published_time\" content=\"2026-09-03T21:12:40+00:00\" \/>\n<meta property=\"og:image\" content=\"https:\/\/www.noticiasradioreflejos.com.ar\/2021\/wp-content\/uploads\/2026\/09\/ninos-en-moto.jpg\" \/>\n\t<meta property=\"og:image:width\" content=\"667\" \/>\n\t<meta property=\"og:image:height\" content=\"750\" \/>\n\t<meta property=\"og:image:type\" content=\"image\/jpeg\" \/>\n<meta name=\"author\" content=\"Arnaldo Botto\" \/>\n<meta name=\"twitter:card\" content=\"summary_large_image\" \/>\n<script type=\"application\/ld+json\" class=\"yoast-schema-graph\">{\"@context\":\"https:\/\/schema.org\",\"@graph\":[{\"@type\":\"WebPage\",\"@id\":\"https:\/\/www.noticiasradioreflejos.com.ar\/2021\/ninos-en-peligro-sobre-dos-ruedas\/\",\"url\":\"https:\/\/www.noticiasradioreflejos.com.ar\/2021\/ninos-en-peligro-sobre-dos-ruedas\/\",\"name\":\"Ni\u00f1os en peligro sobre dos ruedas - Noticias Radio Reflejos\",\"isPartOf\":{\"@id\":\"https:\/\/www.noticiasradioreflejos.com.ar\/2021\/#website\"},\"primaryImageOfPage\":{\"@id\":\"https:\/\/www.noticiasradioreflejos.com.ar\/2021\/ninos-en-peligro-sobre-dos-ruedas\/#primaryimage\"},\"image\":{\"@id\":\"https:\/\/www.noticiasradioreflejos.com.ar\/2021\/ninos-en-peligro-sobre-dos-ruedas\/#primaryimage\"},\"thumbnailUrl\":\"https:\/\/www.noticiasradioreflejos.com.ar\/2021\/wp-content\/uploads\/2026\/09\/ninos-en-moto.jpg\",\"datePublished\":\"2026-09-03T21:12:40+00:00\",\"author\":{\"@id\":\"https:\/\/www.noticiasradioreflejos.com.ar\/2021\/#\/schema\/person\/ad82545263dcc5ec0996818884fd5fb1\"},\"breadcrumb\":{\"@id\":\"https:\/\/www.noticiasradioreflejos.com.ar\/2021\/ninos-en-peligro-sobre-dos-ruedas\/#breadcrumb\"},\"inLanguage\":\"es\",\"potentialAction\":[{\"@type\":\"ReadAction\",\"target\":[\"https:\/\/www.noticiasradioreflejos.com.ar\/2021\/ninos-en-peligro-sobre-dos-ruedas\/\"]}]},{\"@type\":\"ImageObject\",\"inLanguage\":\"es\",\"@id\":\"https:\/\/www.noticiasradioreflejos.com.ar\/2021\/ninos-en-peligro-sobre-dos-ruedas\/#primaryimage\",\"url\":\"https:\/\/www.noticiasradioreflejos.com.ar\/2021\/wp-content\/uploads\/2026\/09\/ninos-en-moto.jpg\",\"contentUrl\":\"https:\/\/www.noticiasradioreflejos.com.ar\/2021\/wp-content\/uploads\/2026\/09\/ninos-en-moto.jpg\",\"width\":667,\"height\":750},{\"@type\":\"BreadcrumbList\",\"@id\":\"https:\/\/www.noticiasradioreflejos.com.ar\/2021\/ninos-en-peligro-sobre-dos-ruedas\/#breadcrumb\",\"itemListElement\":[{\"@type\":\"ListItem\",\"position\":1,\"name\":\"Portada\",\"item\":\"https:\/\/www.noticiasradioreflejos.com.ar\/2021\/\"},{\"@type\":\"ListItem\",\"position\":2,\"name\":\"Ni\u00f1os en peligro sobre dos ruedas\"}]},{\"@type\":\"WebSite\",\"@id\":\"https:\/\/www.noticiasradioreflejos.com.ar\/2021\/#website\",\"url\":\"https:\/\/www.noticiasradioreflejos.com.ar\/2021\/\",\"name\":\"Noticias Radio Reflejos\",\"description\":\"Las noticias de mi comarca\",\"potentialAction\":[{\"@type\":\"SearchAction\",\"target\":{\"@type\":\"EntryPoint\",\"urlTemplate\":\"https:\/\/www.noticiasradioreflejos.com.ar\/2021\/?s={search_term_string}\"},\"query-input\":{\"@type\":\"PropertyValueSpecification\",\"valueRequired\":true,\"valueName\":\"search_term_string\"}}],\"inLanguage\":\"es\"},{\"@type\":\"Person\",\"@id\":\"https:\/\/www.noticiasradioreflejos.com.ar\/2021\/#\/schema\/person\/ad82545263dcc5ec0996818884fd5fb1\",\"name\":\"Arnaldo Botto\",\"image\":{\"@type\":\"ImageObject\",\"inLanguage\":\"es\",\"@id\":\"https:\/\/www.noticiasradioreflejos.com.ar\/2021\/#\/schema\/person\/image\/\",\"url\":\"https:\/\/secure.gravatar.com\/avatar\/55cb5e37c1efa326397366e6974cb338056df65cb50e7d64d1cf314e87504837?s=96&d=mm&r=g\",\"contentUrl\":\"https:\/\/secure.gravatar.com\/avatar\/55cb5e37c1efa326397366e6974cb338056df65cb50e7d64d1cf314e87504837?s=96&d=mm&r=g\",\"caption\":\"Arnaldo Botto\"},\"url\":\"https:\/\/www.noticiasradioreflejos.com.ar\/2021\/author\/arnaldo\/\"}]}<\/script>\n<!-- \/ Yoast SEO plugin. -->","yoast_head_json":{"title":"Ni\u00f1os en peligro sobre dos ruedas - Noticias Radio Reflejos","robots":{"index":"index","follow":"follow","max-snippet":"max-snippet:-1","max-image-preview":"max-image-preview:large","max-video-preview":"max-video-preview:-1"},"canonical":"https:\/\/www.noticiasradioreflejos.com.ar\/2021\/ninos-en-peligro-sobre-dos-ruedas\/","og_locale":"es_ES","og_type":"article","og_title":"Ni\u00f1os en peligro sobre dos ruedas - Noticias Radio Reflejos","og_description":"El lunes 31\/08 por la tarde, en una avenida muy transitada de Catamarca, una mujer fue grabada con una cerveza en una mano, mientras circulaba en moto junto a una nena, sin que ninguna de las dos llevara casco. Se observa que la conductora no puede mantener el equilibrio, y que la ni\u00f1a que viajaba [&hellip;]","og_url":"https:\/\/www.noticiasradioreflejos.com.ar\/2021\/ninos-en-peligro-sobre-dos-ruedas\/","og_site_name":"Noticias Radio Reflejos","article_published_time":"2026-09-03T21:12:40+00:00","og_image":[{"width":667,"height":750,"url":"https:\/\/www.noticiasradioreflejos.com.ar\/2021\/wp-content\/uploads\/2026\/09\/ninos-en-moto.jpg","type":"image\/jpeg"}],"author":"Arnaldo Botto","twitter_card":"summary_large_image","schema":{"@context":"https:\/\/schema.org","@graph":[{"@type":"WebPage","@id":"https:\/\/www.noticiasradioreflejos.com.ar\/2021\/ninos-en-peligro-sobre-dos-ruedas\/","url":"https:\/\/www.noticiasradioreflejos.com.ar\/2021\/ninos-en-peligro-sobre-dos-ruedas\/","name":"Ni\u00f1os en peligro sobre dos ruedas - Noticias Radio Reflejos","isPartOf":{"@id":"https:\/\/www.noticiasradioreflejos.com.ar\/2021\/#website"},"primaryImageOfPage":{"@id":"https:\/\/www.noticiasradioreflejos.com.ar\/2021\/ninos-en-peligro-sobre-dos-ruedas\/#primaryimage"},"image":{"@id":"https:\/\/www.noticiasradioreflejos.com.ar\/2021\/ninos-en-peligro-sobre-dos-ruedas\/#primaryimage"},"thumbnailUrl":"https:\/\/www.noticiasradioreflejos.com.ar\/2021\/wp-content\/uploads\/2026\/09\/ninos-en-moto.jpg","datePublished":"2026-09-03T21:12:40+00:00","author":{"@id":"https:\/\/www.noticiasradioreflejos.com.ar\/2021\/#\/schema\/person\/ad82545263dcc5ec0996818884fd5fb1"},"breadcrumb":{"@id":"https:\/\/www.noticiasradioreflejos.com.ar\/2021\/ninos-en-peligro-sobre-dos-ruedas\/#breadcrumb"},"inLanguage":"es","potentialAction":[{"@type":"ReadAction","target":["https:\/\/www.noticiasradioreflejos.com.ar\/2021\/ninos-en-peligro-sobre-dos-ruedas\/"]}]},{"@type":"ImageObject","inLanguage":"es","@id":"https:\/\/www.noticiasradioreflejos.com.ar\/2021\/ninos-en-peligro-sobre-dos-ruedas\/#primaryimage","url":"https:\/\/www.noticiasradioreflejos.com.ar\/2021\/wp-content\/uploads\/2026\/09\/ninos-en-moto.jpg","contentUrl":"https:\/\/www.noticiasradioreflejos.com.ar\/2021\/wp-content\/uploads\/2026\/09\/ninos-en-moto.jpg","width":667,"height":750},{"@type":"BreadcrumbList","@id":"https:\/\/www.noticiasradioreflejos.com.ar\/2021\/ninos-en-peligro-sobre-dos-ruedas\/#breadcrumb","itemListElement":[{"@type":"ListItem","position":1,"name":"Portada","item":"https:\/\/www.noticiasradioreflejos.com.ar\/2021\/"},{"@type":"ListItem","position":2,"name":"Ni\u00f1os en peligro sobre dos ruedas"}]},{"@type":"WebSite","@id":"https:\/\/www.noticiasradioreflejos.com.ar\/2021\/#website","url":"https:\/\/www.noticiasradioreflejos.com.ar\/2021\/","name":"Noticias Radio Reflejos","description":"Las noticias de mi comarca","potentialAction":[{"@type":"SearchAction","target":{"@type":"EntryPoint","urlTemplate":"https:\/\/www.noticiasradioreflejos.com.ar\/2021\/?s={search_term_string}"},"query-input":{"@type":"PropertyValueSpecification","valueRequired":true,"valueName":"search_term_string"}}],"inLanguage":"es"},{"@type":"Person","@id":"https:\/\/www.noticiasradioreflejos.com.ar\/2021\/#\/schema\/person\/ad82545263dcc5ec0996818884fd5fb1","name":"Arnaldo Botto","image":{"@type":"ImageObject","inLanguage":"es","@id":"https:\/\/www.noticiasradioreflejos.com.ar\/2021\/#\/schema\/person\/image\/","url":"https:\/\/secure.gravatar.com\/avatar\/55cb5e37c1efa326397366e6974cb338056df65cb50e7d64d1cf314e87504837?s=96&d=mm&r=g","contentUrl":"https:\/\/secure.gravatar.com\/avatar\/55cb5e37c1efa326397366e6974cb338056df65cb50e7d64d1cf314e87504837?s=96&d=mm&r=g","caption":"Arnaldo Botto"},"url":"https:\/\/www.noticiasradioreflejos.com.ar\/2021\/author\/arnaldo\/"}]}},"_links":{"self":[{"href":"https:\/\/www.noticiasradioreflejos.com.ar\/2021\/wp-json\/wp\/v2\/posts\/143048","targetHints":{"allow":["GET"]}}],"collection":[{"href":"https:\/\/www.noticiasradioreflejos.com.ar\/2021\/wp-json\/wp\/v2\/posts"}],"about":[{"href":"https:\/\/www.noticiasradioreflejos.com.ar\/2021\/wp-json\/wp\/v2\/types\/post"}],"author":[{"embeddable":true,"href":"https:\/\/www.noticiasradioreflejos.com.ar\/2021\/wp-json\/wp\/v2\/users\/3"}],"replies":[{"embeddable":true,"href":"https:\/\/www.noticiasradioreflejos.com.ar\/2021\/wp-json\/wp\/v2\/comments?post=143048"}],"version-history":[{"count":1,"href":"https:\/\/www.noticiasradioreflejos.com.ar\/2021\/wp-json\/wp\/v2\/posts\/143048\/revisions"}],"predecessor-version":[{"id":143050,"href":"https:\/\/www.noticiasradioreflejos.com.ar\/2021\/wp-json\/wp\/v2\/posts\/143048\/revisions\/143050"}],"wp:featuredmedia":[{"embeddable":true,"href":"https:\/\/www.noticiasradioreflejos.com.ar\/2021\/wp-json\/wp\/v2\/media\/143049"}],"wp:attachment":[{"href":"https:\/\/www.noticiasradioreflejos.com.ar\/2021\/wp-json\/wp\/v2\/media?parent=143048"}],"wp:term":[{"taxonomy":"category","embeddable":true,"href":"https:\/\/www.noticiasradioreflejos.com.ar\/2021\/wp-json\/wp\/v2\/categories?post=143048"},{"taxonomy":"post_tag","embeddable":true,"href":"https:\/\/www.noticiasradioreflejos.com.ar\/2021\/wp-json\/wp\/v2\/tags?post=143048"}],"curies":[{"name":"wp","href":"https:\/\/api.w.org\/{rel}","templated":true}]}}