{"id":143032,"date":"2026-09-03T14:24:31","date_gmt":"2026-09-03T17:24:31","guid":{"rendered":"https:\/\/www.noticiasradioreflejos.com.ar\/2021\/?p=143032"},"modified":"2026-09-03T14:24:59","modified_gmt":"2026-09-03T17:24:59","slug":"de-las-canchas-de-tenis-de-mesa-al-arte-pastelero-la-historia-de-superacion-y-reinvencion-de-candela-buffatelli","status":"publish","type":"post","link":"https:\/\/www.noticiasradioreflejos.com.ar\/2021\/de-las-canchas-de-tenis-de-mesa-al-arte-pastelero-la-historia-de-superacion-y-reinvencion-de-candela-buffatelli\/","title":{"rendered":"De las canchas de tenis de mesa al arte pastelero: la historia de superaci\u00f3n y reinvenci\u00f3n de Candela Buffatelli"},"content":{"rendered":"<p id=\"p-rc_06a4f3df777448b3-32\" data-path-to-node=\"1\"><span data-path-to-node=\"1,0\"> Con solo 19 a\u00f1os, Candela Buffatelli ya sabe lo que es destacarse por el esfuerzo y la disciplina<\/span><span data-path-to-node=\"1,2\">. Tras consagrarse como una deportista de elite local \u2014con destacados triunfos nacionales y medallas en los Juegos Bonaerenses representando al distrito de Tornquist en tenis de mesa\u2014, la joven eligi\u00f3 dar un giro decisivo a su vida para perseguir una pasi\u00f3n que hoy deleita a toda la comarca serrana: la pasteler\u00eda fina<\/span><span data-path-to-node=\"1,4\">.<\/span><!--more--><\/p>\n<p id=\"p-rc_06a4f3df777448b3-33\" data-path-to-node=\"2\"><span data-path-to-node=\"2,0\">En su reciente visita a los estudios de<a href=\"https:\/\/streaminglocucionar.com\/radio\/fmreflejos\"> FM Reflejos<\/a>, Candela lleg\u00f3 \u00abcon las manos llenas de sus productos para tentar a la audiencia, llenando el estudio de perfume dulce y tentador\u00bb<\/span><span data-path-to-node=\"2,2\">. Entre cajitas blancas radiantes, desfil\u00f3 una muestra del talento de su sello gastron\u00f3mico, <b data-path-to-node=\"2,2\" data-index-in-node=\"93\">By Cande<\/b>: mini tartas Franu\u00ed, cheescakes, lemon pies, tartas Quaker y un impactante \u00abBrownie Patag\u00f3nico\u00bb decorado con frutos rojos y bloques de chocolate<\/span><span data-path-to-node=\"2,4\">.<\/span><\/p>\n<audio class=\"wp-audio-shortcode\" id=\"audio-143032-1\" preload=\"none\" style=\"width: 100%;\" controls=\"controls\"><source type=\"audio\/mpeg\" src=\"https:\/\/www.noticiasradioreflejos.com.ar\/2021\/wp-content\/uploads\/2026\/09\/Candela-Buffateli-03-09.mp3?_=1\" \/><a href=\"https:\/\/www.noticiasradioreflejos.com.ar\/2021\/wp-content\/uploads\/2026\/09\/Candela-Buffateli-03-09.mp3\">https:\/\/www.noticiasradioreflejos.com.ar\/2021\/wp-content\/uploads\/2026\/09\/Candela-Buffateli-03-09.mp3<\/a><\/audio>\n<p><a href=\"https:\/\/www.noticiasradioreflejos.com.ar\/2021\/de-las-canchas-de-tenis-de-mesa-al-arte-pastelero-la-historia-de-superacion-y-reinvencion-de-candela-buffatelli\/candela-buffa-1-2\/\" rel=\"attachment wp-att-143036\"><img loading=\"lazy\" decoding=\"async\" class=\"aligncenter size-full wp-image-143036\" src=\"https:\/\/www.noticiasradioreflejos.com.ar\/2021\/wp-content\/uploads\/2026\/09\/Candela-buffa-1.jpeg\" alt=\"\" width=\"720\" height=\"1600\" srcset=\"https:\/\/www.noticiasradioreflejos.com.ar\/2021\/wp-content\/uploads\/2026\/09\/Candela-buffa-1.jpeg 720w, https:\/\/www.noticiasradioreflejos.com.ar\/2021\/wp-content\/uploads\/2026\/09\/Candela-buffa-1-135x300.jpeg 135w, https:\/\/www.noticiasradioreflejos.com.ar\/2021\/wp-content\/uploads\/2026\/09\/Candela-buffa-1-461x1024.jpeg 461w, https:\/\/www.noticiasradioreflejos.com.ar\/2021\/wp-content\/uploads\/2026\/09\/Candela-buffa-1-691x1536.jpeg 691w\" sizes=\"auto, (max-width: 720px) 100vw, 720px\" \/><\/a><\/p>\n<p>&nbsp;<\/p>\n<h3 data-path-to-node=\"3\">Del aula universitaria a la vocaci\u00f3n real<\/h3>\n<p id=\"p-rc_06a4f3df777448b3-34\" data-path-to-node=\"4\"><span data-path-to-node=\"4,0\">El camino no estuvo exento de decisiones firmes<\/span><span data-path-to-node=\"4,2\">. Tras egresar de la secundaria, Candela comenz\u00f3 a cursar la Licenciatura en Administraci\u00f3n en la Universidad Nacional del Sur (UNS) en Bah\u00eda Blanca<\/span><span data-path-to-node=\"4,4\">. Pese a que manten\u00eda excelentes calificaciones, comprendi\u00f3 r\u00e1pidamente que no era su lugar<\/span><span data-path-to-node=\"4,6\">.<\/span><\/p>\n<blockquote data-path-to-node=\"5\">\n<p id=\"p-rc_06a4f3df777448b3-35\" data-path-to-node=\"5,0\"><span data-path-to-node=\"5,0,0\"><i data-path-to-node=\"5,0,0\" data-index-in-node=\"0\">\u00abNo me costaba, sino que no me gustaba. Antes de decirle a mi pap\u00e1 que quer\u00eda dejar la carrera, tuve tres ex\u00e1menes antes y los aprob\u00e9 a todos. No era que me iba mal, sino que no me gustaba\u00bb<\/i><\/span><span data-path-to-node=\"5,0,2\">, confes\u00f3 durante la entrevista.<\/span><\/p>\n<\/blockquote>\n<p id=\"p-rc_06a4f3df777448b3-36\" data-path-to-node=\"6\"><span data-path-to-node=\"6,0\">Apenas un mes despu\u00e9s de dar ese paso, en marzo de este a\u00f1o se inscribi\u00f3 en el Instituto Gastron\u00f3mico de las Am\u00e9ricas (IGA) en Bah\u00eda Blanca, combinando clases presenciales intensivas y materias te\u00f3ricas <i data-path-to-node=\"6,0\" data-index-in-node=\"203\">online<\/i> como seguridad e higiene, manipulaci\u00f3n de alimentos y franc\u00e9s<\/span><span data-path-to-node=\"6,2\">. En apenas medio a\u00f1o de cursada, ya ha ejecutado cerca de 96 recetas complejas, pasando por hojaldres, masas quebradas y reposter\u00eda de nivel<\/span><span data-path-to-node=\"6,4\">.<\/span><\/p>\n<p data-path-to-node=\"6\">\n<p data-path-to-node=\"6\"><a href=\"https:\/\/www.noticiasradioreflejos.com.ar\/2021\/de-las-canchas-de-tenis-de-mesa-al-arte-pastelero-la-historia-de-superacion-y-reinvencion-de-candela-buffatelli\/candela-buffa-4\/\" rel=\"attachment wp-att-143038\"><img loading=\"lazy\" decoding=\"async\" class=\"aligncenter size-full wp-image-143038\" src=\"https:\/\/www.noticiasradioreflejos.com.ar\/2021\/wp-content\/uploads\/2026\/09\/Candela-buffa-4.jpeg\" alt=\"\" width=\"1236\" height=\"1600\" srcset=\"https:\/\/www.noticiasradioreflejos.com.ar\/2021\/wp-content\/uploads\/2026\/09\/Candela-buffa-4.jpeg 1236w, https:\/\/www.noticiasradioreflejos.com.ar\/2021\/wp-content\/uploads\/2026\/09\/Candela-buffa-4-232x300.jpeg 232w, https:\/\/www.noticiasradioreflejos.com.ar\/2021\/wp-content\/uploads\/2026\/09\/Candela-buffa-4-791x1024.jpeg 791w, https:\/\/www.noticiasradioreflejos.com.ar\/2021\/wp-content\/uploads\/2026\/09\/Candela-buffa-4-768x994.jpeg 768w, https:\/\/www.noticiasradioreflejos.com.ar\/2021\/wp-content\/uploads\/2026\/09\/Candela-buffa-4-1187x1536.jpeg 1187w, https:\/\/www.noticiasradioreflejos.com.ar\/2021\/wp-content\/uploads\/2026\/09\/Candela-buffa-4-750x971.jpeg 750w, https:\/\/www.noticiasradioreflejos.com.ar\/2021\/wp-content\/uploads\/2026\/09\/Candela-buffa-4-1140x1476.jpeg 1140w\" sizes=\"auto, (max-width: 1236px) 100vw, 1236px\" \/><\/a><\/p>\n<h3 data-path-to-node=\"7\">Autodidacta y minuciosa<\/h3>\n<p id=\"p-rc_06a4f3df777448b3-37\" data-path-to-node=\"8\"><span data-path-to-node=\"8,0\">A la formaci\u00f3n acad\u00e9mica, la joven emprendedora le suma una alt\u00edsima capacidad autodidacta a trav\u00e9s de plataformas digitales<\/span><span data-path-to-node=\"8,2\">.<\/span><\/p>\n<blockquote data-path-to-node=\"9\">\n<p id=\"p-rc_06a4f3df777448b3-38\" data-path-to-node=\"9,0\"><span data-path-to-node=\"9,0,0\"><i data-path-to-node=\"9,0,0\" data-index-in-node=\"0\">\u00abSoy mucho de ver y replicar. Miro mucho, mucho, mucho&#8230; veo c\u00f3mo son las t\u00e9cnicas, c\u00f3mo usan las mangas, qu\u00e9 tipo de boquillas usan para hacer ciertos dise\u00f1os, a qu\u00e9 temperatura hornean, qu\u00e9 moldes usan. Generalmente me sale a la primera o a la segunda\u00bb<\/i><\/span><span data-path-to-node=\"9,0,2\">, detall\u00f3 sobre su m\u00e9todo de aprendizaje constante.<\/span><\/p>\n<\/blockquote>\n<p data-path-to-node=\"10\">Candela dej\u00f3 en claro la marcada diferencia entre la reposter\u00eda cl\u00e1sica y su enfoque de pasteler\u00eda:<\/p>\n<blockquote data-path-to-node=\"11\">\n<p id=\"p-rc_06a4f3df777448b3-39\" data-path-to-node=\"11,0\"><span data-path-to-node=\"11,0,0\"><i data-path-to-node=\"11,0,0\" data-index-in-node=\"0\">\u00abLa reposter\u00eda es m\u00e1s hecha en casa, recetas m\u00e1s r\u00fasticas como una pastafrola, un bizcochuelo o una torta de naranja&#8230; La pasteler\u00eda es mucho m\u00e1s fina, tiene que ver con postres, tartas m\u00e1s delicadas, resultados m\u00e1s limpios, cosas m\u00e1s de vidriera\u00bb<\/i><\/span><span data-path-to-node=\"11,0,2\">.<\/span><\/p>\n<\/blockquote>\n<p data-path-to-node=\"11,0\"><a href=\"https:\/\/www.noticiasradioreflejos.com.ar\/2021\/de-las-canchas-de-tenis-de-mesa-al-arte-pastelero-la-historia-de-superacion-y-reinvencion-de-candela-buffatelli\/candela-buffa-5\/\" rel=\"attachment wp-att-143039\"><img loading=\"lazy\" decoding=\"async\" class=\"aligncenter size-full wp-image-143039\" src=\"https:\/\/www.noticiasradioreflejos.com.ar\/2021\/wp-content\/uploads\/2026\/09\/Candela-buffa-5.jpeg\" alt=\"\" width=\"960\" height=\"1280\" srcset=\"https:\/\/www.noticiasradioreflejos.com.ar\/2021\/wp-content\/uploads\/2026\/09\/Candela-buffa-5.jpeg 960w, https:\/\/www.noticiasradioreflejos.com.ar\/2021\/wp-content\/uploads\/2026\/09\/Candela-buffa-5-225x300.jpeg 225w, https:\/\/www.noticiasradioreflejos.com.ar\/2021\/wp-content\/uploads\/2026\/09\/Candela-buffa-5-768x1024.jpeg 768w, https:\/\/www.noticiasradioreflejos.com.ar\/2021\/wp-content\/uploads\/2026\/09\/Candela-buffa-5-750x1000.jpeg 750w\" sizes=\"auto, (max-width: 960px) 100vw, 960px\" \/><\/a><\/p>\n<h3 data-path-to-node=\"12\">Curiosa paradoja y crecimiento comercial<\/h3>\n<p id=\"p-rc_06a4f3df777448b3-40\" data-path-to-node=\"13\"><span data-path-to-node=\"13,0\">Curiosamente, pese a crear piezas gastron\u00f3micas que cautivan a vecinos y turistas, Buffatelli admiti\u00f3 con simpat\u00eda que casi no consume sus propias preparaciones dulces con crema, merengue o dulce de leche<\/span><span data-path-to-node=\"13,2\">: <i data-path-to-node=\"13,2\" data-index-in-node=\"2\">\u00abTengo que probar todo porque hay que aprender a saber los gustos de cada cosa y los puntos, pero no es como que diga &#8216;ay, qu\u00e9 rico&#8217;. Yo soy m\u00e1s de la pizza o la picada\u00bb<\/i><\/span><span data-path-to-node=\"13,4\">.<\/span><\/p>\n<p id=\"p-rc_06a4f3df777448b3-41\" data-path-to-node=\"14\"><span data-path-to-node=\"14,0\">Actualmente, sus creaciones no solo se comercializan de forma directa mediante encargos, sino que tambi\u00e9n abastecen la vidriera de la helader\u00eda y cafeter\u00eda <i data-path-to-node=\"14,0\" data-index-in-node=\"156\">Los Amores<\/i> en Sierra de la Ventana, comercio en el que adem\u00e1s trabaja<\/span><span data-path-to-node=\"14,2\">.<\/span><\/p>\n<p id=\"p-rc_06a4f3df777448b3-42\" data-path-to-node=\"15\"><span data-path-to-node=\"15,0\">Con entregas en la localidad y proyecci\u00f3n en permanente ascenso, Candela Buffatelli demuestra que la misma determinaci\u00f3n que la llev\u00f3 a la cima del deporte hoy impulsa la consolidaci\u00f3n de <b data-path-to-node=\"15,0\" data-index-in-node=\"188\">By Cande<\/b>, endulzando el d\u00eda a d\u00eda de toda la comarca<\/span><span data-path-to-node=\"15,2\">.<\/span><\/p>\n<p data-path-to-node=\"17\"><b data-path-to-node=\"17\" data-index-in-node=\"0\">Contacto y pedidos:<\/b><\/p>\n<ul data-path-to-node=\"18\">\n<li>\n<p data-path-to-node=\"18,0,0\"><b data-path-to-node=\"18,0,0\" data-index-in-node=\"0\">Instagram:<\/b> <code data-path-to-node=\"18,0,0\" data-index-in-node=\"11\">@cbuffatelli._<\/code><\/p>\n<\/li>\n<li>\n<p id=\"p-rc_06a4f3df777448b3-44\" data-path-to-node=\"18,1,0\"><span data-path-to-node=\"18,1,0,0\"><b data-path-to-node=\"18,1,0,0\" data-index-in-node=\"0\">Tel\u00e9fono:<\/b> 291-6456871<\/span><\/p>\n<\/li>\n<\/ul>\n<p><a href=\"https:\/\/www.noticiasradioreflejos.com.ar\/2021\/de-las-canchas-de-tenis-de-mesa-al-arte-pastelero-la-historia-de-superacion-y-reinvencion-de-candela-buffatelli\/candela-buffa-2\/\" rel=\"attachment wp-att-143040\"><img loading=\"lazy\" decoding=\"async\" class=\"aligncenter size-full wp-image-143040\" src=\"https:\/\/www.noticiasradioreflejos.com.ar\/2021\/wp-content\/uploads\/2026\/09\/Candela-buffa-2.jpeg\" alt=\"\" width=\"960\" height=\"1280\" srcset=\"https:\/\/www.noticiasradioreflejos.com.ar\/2021\/wp-content\/uploads\/2026\/09\/Candela-buffa-2.jpeg 960w, https:\/\/www.noticiasradioreflejos.com.ar\/2021\/wp-content\/uploads\/2026\/09\/Candela-buffa-2-225x300.jpeg 225w, https:\/\/www.noticiasradioreflejos.com.ar\/2021\/wp-content\/uploads\/2026\/09\/Candela-buffa-2-768x1024.jpeg 768w, https:\/\/www.noticiasradioreflejos.com.ar\/2021\/wp-content\/uploads\/2026\/09\/Candela-buffa-2-750x1000.jpeg 750w\" sizes=\"auto, (max-width: 960px) 100vw, 960px\" \/><\/a> <a href=\"https:\/\/www.noticiasradioreflejos.com.ar\/2021\/de-las-canchas-de-tenis-de-mesa-al-arte-pastelero-la-historia-de-superacion-y-reinvencion-de-candela-buffatelli\/candela-buffa-3\/\" rel=\"attachment wp-att-143041\"><img loading=\"lazy\" decoding=\"async\" class=\"aligncenter size-full wp-image-143041\" src=\"https:\/\/www.noticiasradioreflejos.com.ar\/2021\/wp-content\/uploads\/2026\/09\/Candela-buffa-3.jpeg\" alt=\"\" width=\"960\" height=\"1280\" srcset=\"https:\/\/www.noticiasradioreflejos.com.ar\/2021\/wp-content\/uploads\/2026\/09\/Candela-buffa-3.jpeg 960w, https:\/\/www.noticiasradioreflejos.com.ar\/2021\/wp-content\/uploads\/2026\/09\/Candela-buffa-3-225x300.jpeg 225w, https:\/\/www.noticiasradioreflejos.com.ar\/2021\/wp-content\/uploads\/2026\/09\/Candela-buffa-3-768x1024.jpeg 768w, https:\/\/www.noticiasradioreflejos.com.ar\/2021\/wp-content\/uploads\/2026\/09\/Candela-buffa-3-750x1000.jpeg 750w\" sizes=\"auto, (max-width: 960px) 100vw, 960px\" \/><\/a><\/p>\n","protected":false},"excerpt":{"rendered":"<p>Con solo 19 a\u00f1os, Candela Buffatelli ya sabe lo que es destacarse por el esfuerzo y la disciplina. Tras consagrarse como una deportista de elite local \u2014con destacados triunfos nacionales y medallas en los Juegos Bonaerenses representando al distrito de Tornquist en tenis de mesa\u2014, la joven eligi\u00f3 dar un giro decisivo a su vida [&hellip;]<\/p>\n","protected":false},"author":3,"featured_media":143037,"comment_status":"closed","ping_status":"closed","sticky":false,"template":"","format":"standard","meta":{"footnotes":""},"categories":[26,33],"tags":[48],"class_list":["post-143032","post","type-post","status-publish","format-standard","has-post-thumbnail","hentry","category-sociedad","category-turismo","tag-destacada"],"yoast_head":"<!-- This site is optimized with the Yoast SEO plugin v25.9 - https:\/\/yoast.com\/wordpress\/plugins\/seo\/ -->\n<title>De las canchas de tenis de mesa al arte pastelero: la historia de superaci\u00f3n y reinvenci\u00f3n de Candela Buffatelli - Noticias Radio Reflejos<\/title>\n<meta name=\"robots\" content=\"index, follow, max-snippet:-1, max-image-preview:large, max-video-preview:-1\" \/>\n<link rel=\"canonical\" href=\"https:\/\/www.noticiasradioreflejos.com.ar\/2021\/de-las-canchas-de-tenis-de-mesa-al-arte-pastelero-la-historia-de-superacion-y-reinvencion-de-candela-buffatelli\/\" \/>\n<meta property=\"og:locale\" content=\"es_ES\" \/>\n<meta property=\"og:type\" content=\"article\" \/>\n<meta property=\"og:title\" content=\"De las canchas de tenis de mesa al arte pastelero: la historia de superaci\u00f3n y reinvenci\u00f3n de Candela Buffatelli - Noticias Radio Reflejos\" \/>\n<meta property=\"og:description\" content=\"Con solo 19 a\u00f1os, Candela Buffatelli ya sabe lo que es destacarse por el esfuerzo y la disciplina. Tras consagrarse como una deportista de elite local \u2014con destacados triunfos nacionales y medallas en los Juegos Bonaerenses representando al distrito de Tornquist en tenis de mesa\u2014, la joven eligi\u00f3 dar un giro decisivo a su vida [&hellip;]\" \/>\n<meta property=\"og:url\" content=\"https:\/\/www.noticiasradioreflejos.com.ar\/2021\/de-las-canchas-de-tenis-de-mesa-al-arte-pastelero-la-historia-de-superacion-y-reinvencion-de-candela-buffatelli\/\" \/>\n<meta property=\"og:site_name\" content=\"Noticias Radio Reflejos\" \/>\n<meta property=\"article:published_time\" content=\"2026-09-03T17:24:31+00:00\" \/>\n<meta property=\"article:modified_time\" content=\"2026-09-03T17:24:59+00:00\" \/>\n<meta property=\"og:image\" content=\"https:\/\/www.noticiasradioreflejos.com.ar\/2021\/wp-content\/uploads\/2026\/09\/Candela-Buffatelli.jpg\" \/>\n\t<meta property=\"og:image:width\" content=\"1792\" \/>\n\t<meta property=\"og:image:height\" content=\"1661\" \/>\n\t<meta property=\"og:image:type\" content=\"image\/jpeg\" \/>\n<meta name=\"author\" content=\"Arnaldo Botto\" \/>\n<meta name=\"twitter:card\" content=\"summary_large_image\" \/>\n<script type=\"application\/ld+json\" class=\"yoast-schema-graph\">{\"@context\":\"https:\/\/schema.org\",\"@graph\":[{\"@type\":\"WebPage\",\"@id\":\"https:\/\/www.noticiasradioreflejos.com.ar\/2021\/de-las-canchas-de-tenis-de-mesa-al-arte-pastelero-la-historia-de-superacion-y-reinvencion-de-candela-buffatelli\/\",\"url\":\"https:\/\/www.noticiasradioreflejos.com.ar\/2021\/de-las-canchas-de-tenis-de-mesa-al-arte-pastelero-la-historia-de-superacion-y-reinvencion-de-candela-buffatelli\/\",\"name\":\"De las canchas de tenis de mesa al arte pastelero: la historia de superaci\u00f3n y reinvenci\u00f3n de Candela Buffatelli - Noticias Radio Reflejos\",\"isPartOf\":{\"@id\":\"https:\/\/www.noticiasradioreflejos.com.ar\/2021\/#website\"},\"primaryImageOfPage\":{\"@id\":\"https:\/\/www.noticiasradioreflejos.com.ar\/2021\/de-las-canchas-de-tenis-de-mesa-al-arte-pastelero-la-historia-de-superacion-y-reinvencion-de-candela-buffatelli\/#primaryimage\"},\"image\":{\"@id\":\"https:\/\/www.noticiasradioreflejos.com.ar\/2021\/de-las-canchas-de-tenis-de-mesa-al-arte-pastelero-la-historia-de-superacion-y-reinvencion-de-candela-buffatelli\/#primaryimage\"},\"thumbnailUrl\":\"https:\/\/www.noticiasradioreflejos.com.ar\/2021\/wp-content\/uploads\/2026\/09\/Candela-Buffatelli.jpg\",\"datePublished\":\"2026-09-03T17:24:31+00:00\",\"dateModified\":\"2026-09-03T17:24:59+00:00\",\"author\":{\"@id\":\"https:\/\/www.noticiasradioreflejos.com.ar\/2021\/#\/schema\/person\/ad82545263dcc5ec0996818884fd5fb1\"},\"breadcrumb\":{\"@id\":\"https:\/\/www.noticiasradioreflejos.com.ar\/2021\/de-las-canchas-de-tenis-de-mesa-al-arte-pastelero-la-historia-de-superacion-y-reinvencion-de-candela-buffatelli\/#breadcrumb\"},\"inLanguage\":\"es\",\"potentialAction\":[{\"@type\":\"ReadAction\",\"target\":[\"https:\/\/www.noticiasradioreflejos.com.ar\/2021\/de-las-canchas-de-tenis-de-mesa-al-arte-pastelero-la-historia-de-superacion-y-reinvencion-de-candela-buffatelli\/\"]}]},{\"@type\":\"ImageObject\",\"inLanguage\":\"es\",\"@id\":\"https:\/\/www.noticiasradioreflejos.com.ar\/2021\/de-las-canchas-de-tenis-de-mesa-al-arte-pastelero-la-historia-de-superacion-y-reinvencion-de-candela-buffatelli\/#primaryimage\",\"url\":\"https:\/\/www.noticiasradioreflejos.com.ar\/2021\/wp-content\/uploads\/2026\/09\/Candela-Buffatelli.jpg\",\"contentUrl\":\"https:\/\/www.noticiasradioreflejos.com.ar\/2021\/wp-content\/uploads\/2026\/09\/Candela-Buffatelli.jpg\",\"width\":1792,\"height\":1661},{\"@type\":\"BreadcrumbList\",\"@id\":\"https:\/\/www.noticiasradioreflejos.com.ar\/2021\/de-las-canchas-de-tenis-de-mesa-al-arte-pastelero-la-historia-de-superacion-y-reinvencion-de-candela-buffatelli\/#breadcrumb\",\"itemListElement\":[{\"@type\":\"ListItem\",\"position\":1,\"name\":\"Portada\",\"item\":\"https:\/\/www.noticiasradioreflejos.com.ar\/2021\/\"},{\"@type\":\"ListItem\",\"position\":2,\"name\":\"De las canchas de tenis de mesa al arte pastelero: la historia de superaci\u00f3n y reinvenci\u00f3n de Candela Buffatelli\"}]},{\"@type\":\"WebSite\",\"@id\":\"https:\/\/www.noticiasradioreflejos.com.ar\/2021\/#website\",\"url\":\"https:\/\/www.noticiasradioreflejos.com.ar\/2021\/\",\"name\":\"Noticias Radio Reflejos\",\"description\":\"Las noticias de mi comarca\",\"potentialAction\":[{\"@type\":\"SearchAction\",\"target\":{\"@type\":\"EntryPoint\",\"urlTemplate\":\"https:\/\/www.noticiasradioreflejos.com.ar\/2021\/?s={search_term_string}\"},\"query-input\":{\"@type\":\"PropertyValueSpecification\",\"valueRequired\":true,\"valueName\":\"search_term_string\"}}],\"inLanguage\":\"es\"},{\"@type\":\"Person\",\"@id\":\"https:\/\/www.noticiasradioreflejos.com.ar\/2021\/#\/schema\/person\/ad82545263dcc5ec0996818884fd5fb1\",\"name\":\"Arnaldo Botto\",\"image\":{\"@type\":\"ImageObject\",\"inLanguage\":\"es\",\"@id\":\"https:\/\/www.noticiasradioreflejos.com.ar\/2021\/#\/schema\/person\/image\/\",\"url\":\"https:\/\/secure.gravatar.com\/avatar\/55cb5e37c1efa326397366e6974cb338056df65cb50e7d64d1cf314e87504837?s=96&d=mm&r=g\",\"contentUrl\":\"https:\/\/secure.gravatar.com\/avatar\/55cb5e37c1efa326397366e6974cb338056df65cb50e7d64d1cf314e87504837?s=96&d=mm&r=g\",\"caption\":\"Arnaldo Botto\"},\"url\":\"https:\/\/www.noticiasradioreflejos.com.ar\/2021\/author\/arnaldo\/\"}]}<\/script>\n<!-- \/ Yoast SEO plugin. -->","yoast_head_json":{"title":"De las canchas de tenis de mesa al arte pastelero: la historia de superaci\u00f3n y reinvenci\u00f3n de Candela Buffatelli - Noticias Radio Reflejos","robots":{"index":"index","follow":"follow","max-snippet":"max-snippet:-1","max-image-preview":"max-image-preview:large","max-video-preview":"max-video-preview:-1"},"canonical":"https:\/\/www.noticiasradioreflejos.com.ar\/2021\/de-las-canchas-de-tenis-de-mesa-al-arte-pastelero-la-historia-de-superacion-y-reinvencion-de-candela-buffatelli\/","og_locale":"es_ES","og_type":"article","og_title":"De las canchas de tenis de mesa al arte pastelero: la historia de superaci\u00f3n y reinvenci\u00f3n de Candela Buffatelli - Noticias Radio Reflejos","og_description":"Con solo 19 a\u00f1os, Candela Buffatelli ya sabe lo que es destacarse por el esfuerzo y la disciplina. Tras consagrarse como una deportista de elite local \u2014con destacados triunfos nacionales y medallas en los Juegos Bonaerenses representando al distrito de Tornquist en tenis de mesa\u2014, la joven eligi\u00f3 dar un giro decisivo a su vida [&hellip;]","og_url":"https:\/\/www.noticiasradioreflejos.com.ar\/2021\/de-las-canchas-de-tenis-de-mesa-al-arte-pastelero-la-historia-de-superacion-y-reinvencion-de-candela-buffatelli\/","og_site_name":"Noticias Radio Reflejos","article_published_time":"2026-09-03T17:24:31+00:00","article_modified_time":"2026-09-03T17:24:59+00:00","og_image":[{"width":1792,"height":1661,"url":"https:\/\/www.noticiasradioreflejos.com.ar\/2021\/wp-content\/uploads\/2026\/09\/Candela-Buffatelli.jpg","type":"image\/jpeg"}],"author":"Arnaldo Botto","twitter_card":"summary_large_image","schema":{"@context":"https:\/\/schema.org","@graph":[{"@type":"WebPage","@id":"https:\/\/www.noticiasradioreflejos.com.ar\/2021\/de-las-canchas-de-tenis-de-mesa-al-arte-pastelero-la-historia-de-superacion-y-reinvencion-de-candela-buffatelli\/","url":"https:\/\/www.noticiasradioreflejos.com.ar\/2021\/de-las-canchas-de-tenis-de-mesa-al-arte-pastelero-la-historia-de-superacion-y-reinvencion-de-candela-buffatelli\/","name":"De las canchas de tenis de mesa al arte pastelero: la historia de superaci\u00f3n y reinvenci\u00f3n de Candela Buffatelli - Noticias Radio Reflejos","isPartOf":{"@id":"https:\/\/www.noticiasradioreflejos.com.ar\/2021\/#website"},"primaryImageOfPage":{"@id":"https:\/\/www.noticiasradioreflejos.com.ar\/2021\/de-las-canchas-de-tenis-de-mesa-al-arte-pastelero-la-historia-de-superacion-y-reinvencion-de-candela-buffatelli\/#primaryimage"},"image":{"@id":"https:\/\/www.noticiasradioreflejos.com.ar\/2021\/de-las-canchas-de-tenis-de-mesa-al-arte-pastelero-la-historia-de-superacion-y-reinvencion-de-candela-buffatelli\/#primaryimage"},"thumbnailUrl":"https:\/\/www.noticiasradioreflejos.com.ar\/2021\/wp-content\/uploads\/2026\/09\/Candela-Buffatelli.jpg","datePublished":"2026-09-03T17:24:31+00:00","dateModified":"2026-09-03T17:24:59+00:00","author":{"@id":"https:\/\/www.noticiasradioreflejos.com.ar\/2021\/#\/schema\/person\/ad82545263dcc5ec0996818884fd5fb1"},"breadcrumb":{"@id":"https:\/\/www.noticiasradioreflejos.com.ar\/2021\/de-las-canchas-de-tenis-de-mesa-al-arte-pastelero-la-historia-de-superacion-y-reinvencion-de-candela-buffatelli\/#breadcrumb"},"inLanguage":"es","potentialAction":[{"@type":"ReadAction","target":["https:\/\/www.noticiasradioreflejos.com.ar\/2021\/de-las-canchas-de-tenis-de-mesa-al-arte-pastelero-la-historia-de-superacion-y-reinvencion-de-candela-buffatelli\/"]}]},{"@type":"ImageObject","inLanguage":"es","@id":"https:\/\/www.noticiasradioreflejos.com.ar\/2021\/de-las-canchas-de-tenis-de-mesa-al-arte-pastelero-la-historia-de-superacion-y-reinvencion-de-candela-buffatelli\/#primaryimage","url":"https:\/\/www.noticiasradioreflejos.com.ar\/2021\/wp-content\/uploads\/2026\/09\/Candela-Buffatelli.jpg","contentUrl":"https:\/\/www.noticiasradioreflejos.com.ar\/2021\/wp-content\/uploads\/2026\/09\/Candela-Buffatelli.jpg","width":1792,"height":1661},{"@type":"BreadcrumbList","@id":"https:\/\/www.noticiasradioreflejos.com.ar\/2021\/de-las-canchas-de-tenis-de-mesa-al-arte-pastelero-la-historia-de-superacion-y-reinvencion-de-candela-buffatelli\/#breadcrumb","itemListElement":[{"@type":"ListItem","position":1,"name":"Portada","item":"https:\/\/www.noticiasradioreflejos.com.ar\/2021\/"},{"@type":"ListItem","position":2,"name":"De las canchas de tenis de mesa al arte pastelero: la historia de superaci\u00f3n y reinvenci\u00f3n de Candela Buffatelli"}]},{"@type":"WebSite","@id":"https:\/\/www.noticiasradioreflejos.com.ar\/2021\/#website","url":"https:\/\/www.noticiasradioreflejos.com.ar\/2021\/","name":"Noticias Radio Reflejos","description":"Las noticias de mi comarca","potentialAction":[{"@type":"SearchAction","target":{"@type":"EntryPoint","urlTemplate":"https:\/\/www.noticiasradioreflejos.com.ar\/2021\/?s={search_term_string}"},"query-input":{"@type":"PropertyValueSpecification","valueRequired":true,"valueName":"search_term_string"}}],"inLanguage":"es"},{"@type":"Person","@id":"https:\/\/www.noticiasradioreflejos.com.ar\/2021\/#\/schema\/person\/ad82545263dcc5ec0996818884fd5fb1","name":"Arnaldo Botto","image":{"@type":"ImageObject","inLanguage":"es","@id":"https:\/\/www.noticiasradioreflejos.com.ar\/2021\/#\/schema\/person\/image\/","url":"https:\/\/secure.gravatar.com\/avatar\/55cb5e37c1efa326397366e6974cb338056df65cb50e7d64d1cf314e87504837?s=96&d=mm&r=g","contentUrl":"https:\/\/secure.gravatar.com\/avatar\/55cb5e37c1efa326397366e6974cb338056df65cb50e7d64d1cf314e87504837?s=96&d=mm&r=g","caption":"Arnaldo Botto"},"url":"https:\/\/www.noticiasradioreflejos.com.ar\/2021\/author\/arnaldo\/"}]}},"_links":{"self":[{"href":"https:\/\/www.noticiasradioreflejos.com.ar\/2021\/wp-json\/wp\/v2\/posts\/143032","targetHints":{"allow":["GET"]}}],"collection":[{"href":"https:\/\/www.noticiasradioreflejos.com.ar\/2021\/wp-json\/wp\/v2\/posts"}],"about":[{"href":"https:\/\/www.noticiasradioreflejos.com.ar\/2021\/wp-json\/wp\/v2\/types\/post"}],"author":[{"embeddable":true,"href":"https:\/\/www.noticiasradioreflejos.com.ar\/2021\/wp-json\/wp\/v2\/users\/3"}],"replies":[{"embeddable":true,"href":"https:\/\/www.noticiasradioreflejos.com.ar\/2021\/wp-json\/wp\/v2\/comments?post=143032"}],"version-history":[{"count":2,"href":"https:\/\/www.noticiasradioreflejos.com.ar\/2021\/wp-json\/wp\/v2\/posts\/143032\/revisions"}],"predecessor-version":[{"id":143043,"href":"https:\/\/www.noticiasradioreflejos.com.ar\/2021\/wp-json\/wp\/v2\/posts\/143032\/revisions\/143043"}],"wp:featuredmedia":[{"embeddable":true,"href":"https:\/\/www.noticiasradioreflejos.com.ar\/2021\/wp-json\/wp\/v2\/media\/143037"}],"wp:attachment":[{"href":"https:\/\/www.noticiasradioreflejos.com.ar\/2021\/wp-json\/wp\/v2\/media?parent=143032"}],"wp:term":[{"taxonomy":"category","embeddable":true,"href":"https:\/\/www.noticiasradioreflejos.com.ar\/2021\/wp-json\/wp\/v2\/categories?post=143032"},{"taxonomy":"post_tag","embeddable":true,"href":"https:\/\/www.noticiasradioreflejos.com.ar\/2021\/wp-json\/wp\/v2\/tags?post=143032"}],"curies":[{"name":"wp","href":"https:\/\/api.w.org\/{rel}","templated":true}]}}