{"id":143027,"date":"2026-09-03T12:01:26","date_gmt":"2026-09-03T15:01:26","guid":{"rendered":"https:\/\/www.noticiasradioreflejos.com.ar\/2021\/?p=143027"},"modified":"2026-09-03T12:04:02","modified_gmt":"2026-09-03T15:04:02","slug":"la-orquesta-escuela-de-tornquist-sale-de-gira-por-la-comarca","status":"publish","type":"post","link":"https:\/\/www.noticiasradioreflejos.com.ar\/2021\/la-orquesta-escuela-de-tornquist-sale-de-gira-por-la-comarca\/","title":{"rendered":"La Orquesta Escuela de Tornquist sale de gira por la Comarca."},"content":{"rendered":"<p>M\u00fasica, encuentro y comunidad: cuatro presentaciones para compartir el trabajo de la Orquesta Escuela en distintos espacios de la regi\u00f3n.<!--more--><\/p>\n<p>La Orquesta Escuela de Tornquist, con sede en Villa Ventana, emprende una gira por distintas localidades de la Comarca Serrana, llevando su m\u00fasica y el trabajo cotidiano de sus estudiantes a espacios culturales y comunitarios.<\/p>\n<p>La propuesta busca generar nuevos encuentros con la comunidad y acercar la experiencia de hacer m\u00fasica colectivamente, compartiendo el crecimiento de ni\u00f1os, ni\u00f1as y j\u00f3venes que forman parte de la Orquesta Escuela.<\/p>\n<p>Durante la gira, la orquesta se presentar\u00e1 en Sierra de la Ventana, Saldungaray, Tornquist y Villa Ventana, recorriendo diferentes escenarios y espacios de encuentro de la Comarca.<\/p>\n<p>\ud83d\udcc5 FECHAS DE LA GIRA<\/p>\n<p>\ud83c\udfbb Sierra de la Ventana<br \/>\n7 de septiembre \u2013 15:30 hs.<br \/>\nCentro Cultural de Sierra de la Ventana.<\/p>\n<p>\ud83c\udfbb Saldungaray<br \/>\n5 de octubre \u2013 15:30 hs.<br \/>\nBiblioteca Popular de Saldungaray.<\/p>\n<p>\ud83c\udfbb Tornquist<br \/>\n16 de noviembre<br \/>\nLugar y horario a confirmar.<\/p>\n<p>\ud83c\udfbb Villa Ventana<br \/>\n30 de noviembre<br \/>\nBiblioteca Popular de Villa Ventana.<br \/>\nHorario a confirmar.<\/p>\n<p>La gira representa una oportunidad para que la Orquesta Escuela siga creciendo junto a su comunidad, fortaleciendo los v\u00ednculos entre las distintas localidades y celebrando el valor de la m\u00fasica como espacio de aprendizaje, expresi\u00f3n, participaci\u00f3n y encuentro.<\/p>\n<p>Los esperamos para compartir esta experiencia y disfrutar juntos de la m\u00fasica de nuestra Orquesta Escuela. \ud83c\udfb6<\/p>\n<p>&nbsp;<\/p>\n<p><a href=\"https:\/\/www.noticiasradioreflejos.com.ar\/2021\/la-orquesta-escuela-de-tornquist-sale-de-gira-por-la-comarca\/whatsapp-image-2026-09-03-at-11-57-14\/\" rel=\"attachment wp-att-143029\"><img loading=\"lazy\" decoding=\"async\" class=\"aligncenter size-full wp-image-143029\" src=\"https:\/\/www.noticiasradioreflejos.com.ar\/2021\/wp-content\/uploads\/2026\/09\/WhatsApp-Image-2026-09-03-at-11.57.14.jpeg\" alt=\"\" width=\"1024\" height=\"1536\" srcset=\"https:\/\/www.noticiasradioreflejos.com.ar\/2021\/wp-content\/uploads\/2026\/09\/WhatsApp-Image-2026-09-03-at-11.57.14.jpeg 1024w, https:\/\/www.noticiasradioreflejos.com.ar\/2021\/wp-content\/uploads\/2026\/09\/WhatsApp-Image-2026-09-03-at-11.57.14-200x300.jpeg 200w, https:\/\/www.noticiasradioreflejos.com.ar\/2021\/wp-content\/uploads\/2026\/09\/WhatsApp-Image-2026-09-03-at-11.57.14-683x1024.jpeg 683w, https:\/\/www.noticiasradioreflejos.com.ar\/2021\/wp-content\/uploads\/2026\/09\/WhatsApp-Image-2026-09-03-at-11.57.14-768x1152.jpeg 768w, https:\/\/www.noticiasradioreflejos.com.ar\/2021\/wp-content\/uploads\/2026\/09\/WhatsApp-Image-2026-09-03-at-11.57.14-750x1125.jpeg 750w\" sizes=\"auto, (max-width: 1024px) 100vw, 1024px\" \/><\/a><\/p>\n","protected":false},"excerpt":{"rendered":"<p>M\u00fasica, encuentro y comunidad: cuatro presentaciones para compartir el trabajo de la Orquesta Escuela en distintos espacios de la regi\u00f3n.<\/p>\n","protected":false},"author":3,"featured_media":143028,"comment_status":"closed","ping_status":"closed","sticky":false,"template":"","format":"standard","meta":{"footnotes":""},"categories":[35],"tags":[],"class_list":["post-143027","post","type-post","status-publish","format-standard","has-post-thumbnail","hentry","category-cultura"],"yoast_head":"<!-- This site is optimized with the Yoast SEO plugin v25.9 - https:\/\/yoast.com\/wordpress\/plugins\/seo\/ -->\n<title>La Orquesta Escuela de Tornquist sale de gira por la Comarca. - Noticias Radio Reflejos<\/title>\n<meta name=\"robots\" content=\"index, follow, max-snippet:-1, max-image-preview:large, max-video-preview:-1\" \/>\n<link rel=\"canonical\" href=\"https:\/\/www.noticiasradioreflejos.com.ar\/2021\/la-orquesta-escuela-de-tornquist-sale-de-gira-por-la-comarca\/\" \/>\n<meta property=\"og:locale\" content=\"es_ES\" \/>\n<meta property=\"og:type\" content=\"article\" \/>\n<meta property=\"og:title\" content=\"La Orquesta Escuela de Tornquist sale de gira por la Comarca. - Noticias Radio Reflejos\" \/>\n<meta property=\"og:description\" content=\"M\u00fasica, encuentro y comunidad: cuatro presentaciones para compartir el trabajo de la Orquesta Escuela en distintos espacios de la regi\u00f3n.\" \/>\n<meta property=\"og:url\" content=\"https:\/\/www.noticiasradioreflejos.com.ar\/2021\/la-orquesta-escuela-de-tornquist-sale-de-gira-por-la-comarca\/\" \/>\n<meta property=\"og:site_name\" content=\"Noticias Radio Reflejos\" \/>\n<meta property=\"article:published_time\" content=\"2026-09-03T15:01:26+00:00\" \/>\n<meta property=\"article:modified_time\" content=\"2026-09-03T15:04:02+00:00\" \/>\n<meta property=\"og:image\" content=\"https:\/\/www.noticiasradioreflejos.com.ar\/2021\/wp-content\/uploads\/2026\/09\/WhatsApp-Image-2026-09-03-at-11.57.13.jpeg\" \/>\n\t<meta property=\"og:image:width\" content=\"1024\" \/>\n\t<meta property=\"og:image:height\" content=\"1536\" \/>\n\t<meta property=\"og:image:type\" content=\"image\/jpeg\" \/>\n<meta name=\"author\" content=\"Arnaldo Botto\" \/>\n<meta name=\"twitter:card\" content=\"summary_large_image\" \/>\n<script type=\"application\/ld+json\" class=\"yoast-schema-graph\">{\"@context\":\"https:\/\/schema.org\",\"@graph\":[{\"@type\":\"WebPage\",\"@id\":\"https:\/\/www.noticiasradioreflejos.com.ar\/2021\/la-orquesta-escuela-de-tornquist-sale-de-gira-por-la-comarca\/\",\"url\":\"https:\/\/www.noticiasradioreflejos.com.ar\/2021\/la-orquesta-escuela-de-tornquist-sale-de-gira-por-la-comarca\/\",\"name\":\"La Orquesta Escuela de Tornquist sale de gira por la Comarca. - Noticias Radio Reflejos\",\"isPartOf\":{\"@id\":\"https:\/\/www.noticiasradioreflejos.com.ar\/2021\/#website\"},\"primaryImageOfPage\":{\"@id\":\"https:\/\/www.noticiasradioreflejos.com.ar\/2021\/la-orquesta-escuela-de-tornquist-sale-de-gira-por-la-comarca\/#primaryimage\"},\"image\":{\"@id\":\"https:\/\/www.noticiasradioreflejos.com.ar\/2021\/la-orquesta-escuela-de-tornquist-sale-de-gira-por-la-comarca\/#primaryimage\"},\"thumbnailUrl\":\"https:\/\/www.noticiasradioreflejos.com.ar\/2021\/wp-content\/uploads\/2026\/09\/WhatsApp-Image-2026-09-03-at-11.57.13.jpeg\",\"datePublished\":\"2026-09-03T15:01:26+00:00\",\"dateModified\":\"2026-09-03T15:04:02+00:00\",\"author\":{\"@id\":\"https:\/\/www.noticiasradioreflejos.com.ar\/2021\/#\/schema\/person\/ad82545263dcc5ec0996818884fd5fb1\"},\"breadcrumb\":{\"@id\":\"https:\/\/www.noticiasradioreflejos.com.ar\/2021\/la-orquesta-escuela-de-tornquist-sale-de-gira-por-la-comarca\/#breadcrumb\"},\"inLanguage\":\"es\",\"potentialAction\":[{\"@type\":\"ReadAction\",\"target\":[\"https:\/\/www.noticiasradioreflejos.com.ar\/2021\/la-orquesta-escuela-de-tornquist-sale-de-gira-por-la-comarca\/\"]}]},{\"@type\":\"ImageObject\",\"inLanguage\":\"es\",\"@id\":\"https:\/\/www.noticiasradioreflejos.com.ar\/2021\/la-orquesta-escuela-de-tornquist-sale-de-gira-por-la-comarca\/#primaryimage\",\"url\":\"https:\/\/www.noticiasradioreflejos.com.ar\/2021\/wp-content\/uploads\/2026\/09\/WhatsApp-Image-2026-09-03-at-11.57.13.jpeg\",\"contentUrl\":\"https:\/\/www.noticiasradioreflejos.com.ar\/2021\/wp-content\/uploads\/2026\/09\/WhatsApp-Image-2026-09-03-at-11.57.13.jpeg\",\"width\":1024,\"height\":1536},{\"@type\":\"BreadcrumbList\",\"@id\":\"https:\/\/www.noticiasradioreflejos.com.ar\/2021\/la-orquesta-escuela-de-tornquist-sale-de-gira-por-la-comarca\/#breadcrumb\",\"itemListElement\":[{\"@type\":\"ListItem\",\"position\":1,\"name\":\"Portada\",\"item\":\"https:\/\/www.noticiasradioreflejos.com.ar\/2021\/\"},{\"@type\":\"ListItem\",\"position\":2,\"name\":\"La Orquesta Escuela de Tornquist sale de gira por la Comarca.\"}]},{\"@type\":\"WebSite\",\"@id\":\"https:\/\/www.noticiasradioreflejos.com.ar\/2021\/#website\",\"url\":\"https:\/\/www.noticiasradioreflejos.com.ar\/2021\/\",\"name\":\"Noticias Radio Reflejos\",\"description\":\"Las noticias de mi comarca\",\"potentialAction\":[{\"@type\":\"SearchAction\",\"target\":{\"@type\":\"EntryPoint\",\"urlTemplate\":\"https:\/\/www.noticiasradioreflejos.com.ar\/2021\/?s={search_term_string}\"},\"query-input\":{\"@type\":\"PropertyValueSpecification\",\"valueRequired\":true,\"valueName\":\"search_term_string\"}}],\"inLanguage\":\"es\"},{\"@type\":\"Person\",\"@id\":\"https:\/\/www.noticiasradioreflejos.com.ar\/2021\/#\/schema\/person\/ad82545263dcc5ec0996818884fd5fb1\",\"name\":\"Arnaldo Botto\",\"image\":{\"@type\":\"ImageObject\",\"inLanguage\":\"es\",\"@id\":\"https:\/\/www.noticiasradioreflejos.com.ar\/2021\/#\/schema\/person\/image\/\",\"url\":\"https:\/\/secure.gravatar.com\/avatar\/55cb5e37c1efa326397366e6974cb338056df65cb50e7d64d1cf314e87504837?s=96&d=mm&r=g\",\"contentUrl\":\"https:\/\/secure.gravatar.com\/avatar\/55cb5e37c1efa326397366e6974cb338056df65cb50e7d64d1cf314e87504837?s=96&d=mm&r=g\",\"caption\":\"Arnaldo Botto\"},\"url\":\"https:\/\/www.noticiasradioreflejos.com.ar\/2021\/author\/arnaldo\/\"}]}<\/script>\n<!-- \/ Yoast SEO plugin. -->","yoast_head_json":{"title":"La Orquesta Escuela de Tornquist sale de gira por la Comarca. - Noticias Radio Reflejos","robots":{"index":"index","follow":"follow","max-snippet":"max-snippet:-1","max-image-preview":"max-image-preview:large","max-video-preview":"max-video-preview:-1"},"canonical":"https:\/\/www.noticiasradioreflejos.com.ar\/2021\/la-orquesta-escuela-de-tornquist-sale-de-gira-por-la-comarca\/","og_locale":"es_ES","og_type":"article","og_title":"La Orquesta Escuela de Tornquist sale de gira por la Comarca. - Noticias Radio Reflejos","og_description":"M\u00fasica, encuentro y comunidad: cuatro presentaciones para compartir el trabajo de la Orquesta Escuela en distintos espacios de la regi\u00f3n.","og_url":"https:\/\/www.noticiasradioreflejos.com.ar\/2021\/la-orquesta-escuela-de-tornquist-sale-de-gira-por-la-comarca\/","og_site_name":"Noticias Radio Reflejos","article_published_time":"2026-09-03T15:01:26+00:00","article_modified_time":"2026-09-03T15:04:02+00:00","og_image":[{"width":1024,"height":1536,"url":"https:\/\/www.noticiasradioreflejos.com.ar\/2021\/wp-content\/uploads\/2026\/09\/WhatsApp-Image-2026-09-03-at-11.57.13.jpeg","type":"image\/jpeg"}],"author":"Arnaldo Botto","twitter_card":"summary_large_image","schema":{"@context":"https:\/\/schema.org","@graph":[{"@type":"WebPage","@id":"https:\/\/www.noticiasradioreflejos.com.ar\/2021\/la-orquesta-escuela-de-tornquist-sale-de-gira-por-la-comarca\/","url":"https:\/\/www.noticiasradioreflejos.com.ar\/2021\/la-orquesta-escuela-de-tornquist-sale-de-gira-por-la-comarca\/","name":"La Orquesta Escuela de Tornquist sale de gira por la Comarca. - Noticias Radio Reflejos","isPartOf":{"@id":"https:\/\/www.noticiasradioreflejos.com.ar\/2021\/#website"},"primaryImageOfPage":{"@id":"https:\/\/www.noticiasradioreflejos.com.ar\/2021\/la-orquesta-escuela-de-tornquist-sale-de-gira-por-la-comarca\/#primaryimage"},"image":{"@id":"https:\/\/www.noticiasradioreflejos.com.ar\/2021\/la-orquesta-escuela-de-tornquist-sale-de-gira-por-la-comarca\/#primaryimage"},"thumbnailUrl":"https:\/\/www.noticiasradioreflejos.com.ar\/2021\/wp-content\/uploads\/2026\/09\/WhatsApp-Image-2026-09-03-at-11.57.13.jpeg","datePublished":"2026-09-03T15:01:26+00:00","dateModified":"2026-09-03T15:04:02+00:00","author":{"@id":"https:\/\/www.noticiasradioreflejos.com.ar\/2021\/#\/schema\/person\/ad82545263dcc5ec0996818884fd5fb1"},"breadcrumb":{"@id":"https:\/\/www.noticiasradioreflejos.com.ar\/2021\/la-orquesta-escuela-de-tornquist-sale-de-gira-por-la-comarca\/#breadcrumb"},"inLanguage":"es","potentialAction":[{"@type":"ReadAction","target":["https:\/\/www.noticiasradioreflejos.com.ar\/2021\/la-orquesta-escuela-de-tornquist-sale-de-gira-por-la-comarca\/"]}]},{"@type":"ImageObject","inLanguage":"es","@id":"https:\/\/www.noticiasradioreflejos.com.ar\/2021\/la-orquesta-escuela-de-tornquist-sale-de-gira-por-la-comarca\/#primaryimage","url":"https:\/\/www.noticiasradioreflejos.com.ar\/2021\/wp-content\/uploads\/2026\/09\/WhatsApp-Image-2026-09-03-at-11.57.13.jpeg","contentUrl":"https:\/\/www.noticiasradioreflejos.com.ar\/2021\/wp-content\/uploads\/2026\/09\/WhatsApp-Image-2026-09-03-at-11.57.13.jpeg","width":1024,"height":1536},{"@type":"BreadcrumbList","@id":"https:\/\/www.noticiasradioreflejos.com.ar\/2021\/la-orquesta-escuela-de-tornquist-sale-de-gira-por-la-comarca\/#breadcrumb","itemListElement":[{"@type":"ListItem","position":1,"name":"Portada","item":"https:\/\/www.noticiasradioreflejos.com.ar\/2021\/"},{"@type":"ListItem","position":2,"name":"La Orquesta Escuela de Tornquist sale de gira por la Comarca."}]},{"@type":"WebSite","@id":"https:\/\/www.noticiasradioreflejos.com.ar\/2021\/#website","url":"https:\/\/www.noticiasradioreflejos.com.ar\/2021\/","name":"Noticias Radio Reflejos","description":"Las noticias de mi comarca","potentialAction":[{"@type":"SearchAction","target":{"@type":"EntryPoint","urlTemplate":"https:\/\/www.noticiasradioreflejos.com.ar\/2021\/?s={search_term_string}"},"query-input":{"@type":"PropertyValueSpecification","valueRequired":true,"valueName":"search_term_string"}}],"inLanguage":"es"},{"@type":"Person","@id":"https:\/\/www.noticiasradioreflejos.com.ar\/2021\/#\/schema\/person\/ad82545263dcc5ec0996818884fd5fb1","name":"Arnaldo Botto","image":{"@type":"ImageObject","inLanguage":"es","@id":"https:\/\/www.noticiasradioreflejos.com.ar\/2021\/#\/schema\/person\/image\/","url":"https:\/\/secure.gravatar.com\/avatar\/55cb5e37c1efa326397366e6974cb338056df65cb50e7d64d1cf314e87504837?s=96&d=mm&r=g","contentUrl":"https:\/\/secure.gravatar.com\/avatar\/55cb5e37c1efa326397366e6974cb338056df65cb50e7d64d1cf314e87504837?s=96&d=mm&r=g","caption":"Arnaldo Botto"},"url":"https:\/\/www.noticiasradioreflejos.com.ar\/2021\/author\/arnaldo\/"}]}},"_links":{"self":[{"href":"https:\/\/www.noticiasradioreflejos.com.ar\/2021\/wp-json\/wp\/v2\/posts\/143027","targetHints":{"allow":["GET"]}}],"collection":[{"href":"https:\/\/www.noticiasradioreflejos.com.ar\/2021\/wp-json\/wp\/v2\/posts"}],"about":[{"href":"https:\/\/www.noticiasradioreflejos.com.ar\/2021\/wp-json\/wp\/v2\/types\/post"}],"author":[{"embeddable":true,"href":"https:\/\/www.noticiasradioreflejos.com.ar\/2021\/wp-json\/wp\/v2\/users\/3"}],"replies":[{"embeddable":true,"href":"https:\/\/www.noticiasradioreflejos.com.ar\/2021\/wp-json\/wp\/v2\/comments?post=143027"}],"version-history":[{"count":2,"href":"https:\/\/www.noticiasradioreflejos.com.ar\/2021\/wp-json\/wp\/v2\/posts\/143027\/revisions"}],"predecessor-version":[{"id":143031,"href":"https:\/\/www.noticiasradioreflejos.com.ar\/2021\/wp-json\/wp\/v2\/posts\/143027\/revisions\/143031"}],"wp:featuredmedia":[{"embeddable":true,"href":"https:\/\/www.noticiasradioreflejos.com.ar\/2021\/wp-json\/wp\/v2\/media\/143028"}],"wp:attachment":[{"href":"https:\/\/www.noticiasradioreflejos.com.ar\/2021\/wp-json\/wp\/v2\/media?parent=143027"}],"wp:term":[{"taxonomy":"category","embeddable":true,"href":"https:\/\/www.noticiasradioreflejos.com.ar\/2021\/wp-json\/wp\/v2\/categories?post=143027"},{"taxonomy":"post_tag","embeddable":true,"href":"https:\/\/www.noticiasradioreflejos.com.ar\/2021\/wp-json\/wp\/v2\/tags?post=143027"}],"curies":[{"name":"wp","href":"https:\/\/api.w.org\/{rel}","templated":true}]}}