{"id":143021,"date":"2026-09-03T08:53:43","date_gmt":"2026-09-03T11:53:43","guid":{"rendered":"https:\/\/www.noticiasradioreflejos.com.ar\/2021\/?p=143021"},"modified":"2026-09-03T08:53:43","modified_gmt":"2026-09-03T11:53:43","slug":"dia-mundial-de-la-higiene-por-que-se-celebra-el-3-de-septiembre","status":"publish","type":"post","link":"https:\/\/www.noticiasradioreflejos.com.ar\/2021\/dia-mundial-de-la-higiene-por-que-se-celebra-el-3-de-septiembre\/","title":{"rendered":"D\u00eda Mundial de la Higiene: \u00bfpor qu\u00e9 se celebra el 3 de septiembre?"},"content":{"rendered":"<p>Cada 3 de septiembre se conmemora el D\u00eda Mundial de la Higiene, una fecha que busca generar conciencia sobre la importancia de los h\u00e1bitos de limpieza personal, del hogar y de los espacios compartidos. Lavarse correctamente las manos, manipular los alimentos de manera segura y mantener los ambientes limpios son algunas de las pr\u00e1cticas fundamentales para prevenir enfermedades y cuidar la salud.<!--more--><\/p>\n<p>Cada <strong>3 de septiembre<\/strong>\u00a0se celebra el\u00a0<strong>D\u00eda Mundial de la Higiene<\/strong>, una jornada destinada a recordar que muchos de los h\u00e1bitos m\u00e1s sencillos de la vida cotidiana tienen un impacto directo sobre la salud individual y colectiva.<\/p>\n<div class=\"partner-wrapper article-page__body-row\">\n<div class=\"second-col\">\n<p class=\"article-text\">La higiene no se limita al aseo personal. Tambi\u00e9n comprende la limpieza de los hogares y lugares de trabajo, la manipulaci\u00f3n segura de los alimentos, el cuidado de los espacios comunes y la correcta eliminaci\u00f3n de los residuos.<\/p>\n<p class=\"article-text\">La fecha busca reforzar una idea central de la prevenci\u00f3n sanitaria:\u00a0<strong>acciones simples y sostenidas pueden ayudar a reducir la transmisi\u00f3n de numerosas enfermedades<\/strong>. Entre ellas aparecen las infecciones gastrointestinales, algunas enfermedades respiratorias, hepatitis, infecciones de la piel y otras afecciones relacionadas con microorganismos.<\/p>\n<h2 class=\"article-text\">\u00bfPor qu\u00e9 se celebra el D\u00eda Mundial de la Higiene el 3 de septiembre?<\/h2>\n<p class=\"article-text\">El 3 de septiembre se conmemora el D\u00eda Mundial de la Higiene con el objetivo de promover h\u00e1bitos que permitan prevenir enfermedades y mejorar la calidad de vida.<\/p>\n<p class=\"article-text\">A diferencia de otras efem\u00e9rides sanitarias internacionales, esta jornada no debe confundirse con el D\u00eda Mundial de la Higiene de las Manos, establecido por la Organizaci\u00f3n Mundial de la Salud (OMS) para el 5 de mayo, especialmente orientado a la higiene de manos en los establecimientos de salud.<\/p>\n<p class=\"article-text\">El 3 de septiembre tiene un alcance m\u00e1s amplio: pone el foco en la higiene como una pr\u00e1ctica cotidiana que atraviesa diferentes \u00e1mbitos de la vida.<\/p>\n<h2 class=\"article-text\">La higiene no es solamente ba\u00f1arse o lavarse las manos<\/h2>\n<p class=\"article-text\">Cuando se habla de higiene, muchas veces la primera asociaci\u00f3n es con el cuidado del cuerpo.<\/p>\n<p class=\"article-text\">Sin embargo, el concepto es mucho m\u00e1s amplio. Incluye pr\u00e1cticas relacionadas con el ambiente en el que vivimos, los alimentos que consumimos y los objetos y superficies con los que tenemos contacto.<\/p>\n<p class=\"article-text\">La limpieza de los hogares, la ventilaci\u00f3n de los ambientes, el lavado de frutas y verduras, la conservaci\u00f3n adecuada de los alimentos y la eliminaci\u00f3n segura de los residuos forman parte de un conjunto de medidas que ayudan a reducir riesgos sanitarios.<\/p>\n<p class=\"article-text\">Por eso, la higiene puede entenderse tambi\u00e9n como una responsabilidad colectiva.<\/p>\n<h2 class=\"article-text\">El lavado de manos, uno de los h\u00e1bitos m\u00e1s importantes<\/h2>\n<p class=\"article-text\">Entre todas las pr\u00e1cticas de higiene, el lavado de manos con agua y jab\u00f3n ocupa un lugar central.<\/p>\n<p class=\"article-text\">Las manos tienen contacto permanente con superficies y objetos y pueden transportar microorganismos de un lugar a otro. Por eso, limpiarlas adecuadamente ayuda a interrumpir cadenas de transmisi\u00f3n.<\/p>\n<p class=\"article-text\">Las autoridades sanitarias recomiendan lavarse las manos especialmente antes de preparar o consumir alimentos, despu\u00e9s de utilizar el ba\u00f1o, luego de toser o estornudar y al regresar de determinados espacios p\u00fablicos.<\/p>\n<p class=\"article-text\">Para que el lavado sea efectivo es importante utilizar agua y jab\u00f3n y cubrir todas las zonas de las manos, incluyendo palmas, dorsos, dedos, espacios entre los dedos y debajo de las u\u00f1as.<\/p>\n<figure><picture class=\"news-image\"><source srcset=\"https:\/\/static.eldiario.es\/clip\/d5ff81bf-2d6e-4e29-8eeb-14c11d9d421b_16-9-discover-aspect-ratio_50p_0.webp\" type=\"image\/webp\" media=\"(max-width: 576px)\" \/><source srcset=\"https:\/\/static.eldiario.es\/clip\/d5ff81bf-2d6e-4e29-8eeb-14c11d9d421b_16-9-discover-aspect-ratio_50p_0.jpg\" type=\"image\/jpg\" media=\"(max-width: 576px)\" \/><source srcset=\"https:\/\/static.eldiario.es\/clip\/d5ff81bf-2d6e-4e29-8eeb-14c11d9d421b_16-9-discover-aspect-ratio_75p_0.webp\" type=\"image\/webp\" media=\"(max-width: 767px)\" \/><source srcset=\"https:\/\/static.eldiario.es\/clip\/d5ff81bf-2d6e-4e29-8eeb-14c11d9d421b_16-9-discover-aspect-ratio_75p_0.jpg\" type=\"image\/jpg\" media=\"(max-width: 767px)\" \/><source srcset=\"https:\/\/static.eldiario.es\/clip\/d5ff81bf-2d6e-4e29-8eeb-14c11d9d421b_16-9-discover-aspect-ratio_default_0.webp\" type=\"image\/webp\" media=\"(min-width: 768px)\" \/><source srcset=\"https:\/\/static.eldiario.es\/clip\/d5ff81bf-2d6e-4e29-8eeb-14c11d9d421b_16-9-discover-aspect-ratio_default_0.jpg\" type=\"image\/jpg\" media=\"(min-width: 768px)\" \/><source srcset=\"https:\/\/static.eldiario.es\/clip\/d5ff81bf-2d6e-4e29-8eeb-14c11d9d421b_16-9-discover-aspect-ratio_default_0.webp\" type=\"image\/webp\" \/><img decoding=\"async\" class=\"lazy entered loaded\" src=\"https:\/\/static.eldiario.es\/clip\/d5ff81bf-2d6e-4e29-8eeb-14c11d9d421b_16-9-discover-aspect-ratio_default_0.jpg\" alt=\"Lavarse los dientes, parte de la higiene diaria\" data-src=\"https:\/\/static.eldiario.es\/clip\/d5ff81bf-2d6e-4e29-8eeb-14c11d9d421b_16-9-discover-aspect-ratio_default_0.jpg\" data-ll-status=\"loaded\" \/><\/picture><\/figure>\n<\/div>\n<\/div>\n<p><span class=\"title\">Lavarse los dientes, parte de la higiene diaria<\/span><\/p>\n<h2 class=\"article-text\">\u00bfCu\u00e1nto tiempo hay que lavarse las manos?<\/h2>\n<p class=\"article-text\">Una de las recomendaciones m\u00e1s difundidas es dedicar al menos 20 segundos al lavado de manos, procurando limpiar cuidadosamente todas las superficies.<\/p>\n<p class=\"article-text\">No se trata solamente de mojar las manos y aplicar jab\u00f3n. La fricci\u00f3n es fundamental para desprender la suciedad y los microorganismos.<\/p>\n<p class=\"article-text\">Despu\u00e9s del lavado, tambi\u00e9n es importante realizar un buen enjuague y secado.<\/p>\n<p class=\"article-text\">En situaciones en las que no hay agua y jab\u00f3n disponibles, el alcohol en gel puede ser una alternativa para la higiene de las manos, aunque no reemplaza todas las situaciones en las que se requiere un lavado tradicional.<\/p>\n<h2 class=\"article-text\">Higiene y prevenci\u00f3n de enfermedades<\/h2>\n<p class=\"article-text\">La importancia de estas pr\u00e1cticas puede observarse especialmente en la prevenci\u00f3n de enfermedades infecciosas.<\/p>\n<p class=\"article-text\">Una higiene adecuada contribuye a reducir el riesgo de enfermedades gastrointestinales y respiratorias, adem\u00e1s de determinadas infecciones de la piel. Entre las afecciones relacionadas con pr\u00e1cticas deficientes de higiene aparecen enfermedades diarreicas, hepatitis, neumon\u00edas e infecciones cut\u00e1neas.<\/p>\n<p class=\"article-text\">La prevenci\u00f3n resulta particularmente importante en lugares donde muchas personas comparten espacios, como escuelas, hospitales, oficinas, medios de transporte y establecimientos gastron\u00f3micos.<\/p>\n<h2 class=\"article-text\">La higiene de los alimentos tambi\u00e9n es fundamental<\/h2>\n<p class=\"article-text\">El cuidado de la salud no termina con el lavado de manos. La\u00a0<strong>higiene de los alimentos<\/strong>\u00a0es otra de las dimensiones fundamentales de la prevenci\u00f3n.<\/p>\n<p class=\"article-text\">Frutas y verduras deben lavarse cuidadosamente con agua potable antes de ser consumidas, especialmente cuando se comen crudas.<\/p>\n<p class=\"article-text\">Tambi\u00e9n es importante evitar la contaminaci\u00f3n cruzada entre alimentos crudos y cocidos, mantener una adecuada conservaci\u00f3n y respetar las condiciones de temperatura indicadas para cada producto.<\/p>\n<p class=\"article-text\">Una manipulaci\u00f3n incorrecta puede favorecer la proliferaci\u00f3n de microorganismos capaces de provocar enfermedades.<\/p>\n<h2 class=\"article-text\">La limpieza del hogar y los espacios comunes<\/h2>\n<p class=\"article-text\">La higiene tambi\u00e9n se construye en los lugares que habitamos. Mantener limpios los ba\u00f1os, cocinas y superficies de uso frecuente contribuye a reducir la acumulaci\u00f3n de suciedad y microorganismos.<\/p>\n<p class=\"article-text\">La ventilaci\u00f3n de los ambientes tambi\u00e9n cumple un papel importante, especialmente en espacios cerrados donde permanecen varias personas durante per\u00edodos prolongados.<\/p>\n<p class=\"article-text\">A esto se suma el manejo adecuado de los residuos. La acumulaci\u00f3n de basura puede favorecer la presencia de insectos y otros vectores capaces de transmitir enfermedades.<\/p>\n<h2 class=\"article-text\">Higiene y salud p\u00fablica<\/h2>\n<p class=\"article-text\">La higiene individual tiene una dimensi\u00f3n que excede a cada persona. Cuando una persona incorpora h\u00e1bitos adecuados, tambi\u00e9n puede contribuir a disminuir la circulaci\u00f3n de determinados agentes infecciosos dentro de su familia, su lugar de trabajo o su comunidad.<\/p>\n<p class=\"article-text\">Por eso, las campa\u00f1as de higiene forman parte de las estrategias de\u00a0<strong>salud p\u00fablica<\/strong>.<\/p>\n<p class=\"article-text\">La educaci\u00f3n sanitaria resulta especialmente importante durante la infancia, cuando se forman muchos de los h\u00e1bitos que luego acompa\u00f1ar\u00e1n a las personas durante toda su vida.<\/p>\n<h2 class=\"article-text\">La importancia del agua potable<\/h2>\n<p class=\"article-text\">Hablar de higiene tambi\u00e9n implica hablar de\u00a0<strong>acceso al agua segura<\/strong>. No todas las personas cuentan con las mismas condiciones para mantener pr\u00e1cticas adecuadas de higiene. Tener agua potable disponible y un lugar apropiado para lavarse las manos es una condici\u00f3n b\u00e1sica para poder sostener estos h\u00e1bitos.<\/p>\n<p class=\"article-text\">Esto convierte a la higiene en una cuesti\u00f3n que no depende \u00fanicamente de decisiones individuales, sino tambi\u00e9n de las condiciones sociales y de infraestructura.<\/p>\n<p class=\"article-text\">La prevenci\u00f3n, por lo tanto, necesita combinar educaci\u00f3n, h\u00e1bitos saludables y acceso a servicios esenciales.<\/p>\n<h2 class=\"article-text\">Una ense\u00f1anza que dej\u00f3 la pandemia<\/h2>\n<p class=\"article-text\">La pandemia de COVID-19 puso nuevamente en primer plano la importancia de las medidas de higiene.<\/p>\n<p class=\"article-text\">Durante esos a\u00f1os, acciones como el lavado frecuente de manos, la limpieza de superficies y la ventilaci\u00f3n de los ambientes pasaron a ocupar un lugar central en las recomendaciones sanitarias.<\/p>\n<p class=\"article-text\">Aunque muchas de aquellas medidas estuvieron relacionadas con una situaci\u00f3n epidemiol\u00f3gica excepcional, dejaron una ense\u00f1anza que contin\u00faa vigente:\u00a0<strong>la prevenci\u00f3n comienza muchas veces con h\u00e1bitos cotidianos<\/strong>.<\/p>\n<h2 class=\"article-text\">No es lo mismo higiene que desinfecci\u00f3n<\/h2>\n<p class=\"article-text\">Otro punto importante es diferenciar conceptos que suelen utilizarse como sin\u00f3nimos.<\/p>\n<p class=\"article-text\">La\u00a0<strong>limpieza<\/strong>\u00a0permite retirar suciedad, restos y parte de los microorganismos presentes en una superficie.<\/p>\n<p class=\"article-text\">La\u00a0<strong>desinfecci\u00f3n<\/strong>, en cambio, busca reducir o eliminar microorganismos mediante productos espec\u00edficos.<\/p>\n<p class=\"article-text\">No todos los espacios requieren una desinfecci\u00f3n permanente. En muchos casos, una limpieza adecuada resulta suficiente, mientras que determinados ambientes o situaciones sanitarias pueden requerir medidas adicionales.<\/p>\n<p class=\"article-text\">Utilizar productos qu\u00edmicos de manera excesiva no necesariamente implica una mayor protecci\u00f3n y puede incluso generar riesgos si se emplean incorrectamente.<\/p>\n<div id=\"container-after-news-outlook\"><\/div>\n<h2 class=\"article-text\">H\u00e1bitos sencillos que ayudan a cuidar la salud<\/h2>\n<p class=\"article-text\">El D\u00eda Mundial de la Higiene invita a incorporar pr\u00e1cticas que pueden formar parte de la rutina diaria:<\/p>\n<div class=\"list\">\n<ul>\n<li>Lavarse las manos con agua y jab\u00f3n durante al menos 20 segundos.<\/li>\n<li>Lavarse las manos antes de preparar o consumir alimentos.<\/li>\n<li>Higienizar las manos despu\u00e9s de ir al ba\u00f1o.<\/li>\n<li>Cubrirse al toser o estornudar y luego lavarse las manos.<\/li>\n<li>Lavar cuidadosamente frutas y verduras con agua potable.<\/li>\n<li>Mantener limpios los espacios de uso frecuente.<\/li>\n<li>Ventilar regularmente los ambientes.<\/li>\n<li>Manipular y conservar los alimentos de manera segura.<\/li>\n<li>Eliminar correctamente los residuos.<\/li>\n<li>Evitar compartir determinados objetos personales cuando exista riesgo de transmisi\u00f3n de infecciones.<\/li>\n<\/ul>\n<\/div>\n<p class=\"article-text\"><em>NB<\/em><\/p>\n","protected":false},"excerpt":{"rendered":"<p>Cada 3 de septiembre se conmemora el D\u00eda Mundial de la Higiene, una fecha que busca generar conciencia sobre la importancia de los h\u00e1bitos de limpieza personal, del hogar y de los espacios compartidos. Lavarse correctamente las manos, manipular los alimentos de manera segura y mantener los ambientes limpios son algunas de las pr\u00e1cticas fundamentales [&hellip;]<\/p>\n","protected":false},"author":3,"featured_media":124483,"comment_status":"closed","ping_status":"closed","sticky":false,"template":"","format":"standard","meta":{"footnotes":""},"categories":[30,26],"tags":[],"class_list":["post-143021","post","type-post","status-publish","format-standard","has-post-thumbnail","hentry","category-salud","category-sociedad"],"yoast_head":"<!-- This site is optimized with the Yoast SEO plugin v25.9 - https:\/\/yoast.com\/wordpress\/plugins\/seo\/ -->\n<title>D\u00eda Mundial de la Higiene: \u00bfpor qu\u00e9 se celebra el 3 de septiembre? - Noticias Radio Reflejos<\/title>\n<meta name=\"robots\" content=\"index, follow, max-snippet:-1, max-image-preview:large, max-video-preview:-1\" \/>\n<link rel=\"canonical\" href=\"https:\/\/www.noticiasradioreflejos.com.ar\/2021\/dia-mundial-de-la-higiene-por-que-se-celebra-el-3-de-septiembre\/\" \/>\n<meta property=\"og:locale\" content=\"es_ES\" \/>\n<meta property=\"og:type\" content=\"article\" \/>\n<meta property=\"og:title\" content=\"D\u00eda Mundial de la Higiene: \u00bfpor qu\u00e9 se celebra el 3 de septiembre? - Noticias Radio Reflejos\" \/>\n<meta property=\"og:description\" content=\"Cada 3 de septiembre se conmemora el D\u00eda Mundial de la Higiene, una fecha que busca generar conciencia sobre la importancia de los h\u00e1bitos de limpieza personal, del hogar y de los espacios compartidos. Lavarse correctamente las manos, manipular los alimentos de manera segura y mantener los ambientes limpios son algunas de las pr\u00e1cticas fundamentales [&hellip;]\" \/>\n<meta property=\"og:url\" content=\"https:\/\/www.noticiasradioreflejos.com.ar\/2021\/dia-mundial-de-la-higiene-por-que-se-celebra-el-3-de-septiembre\/\" \/>\n<meta property=\"og:site_name\" content=\"Noticias Radio Reflejos\" \/>\n<meta property=\"article:published_time\" content=\"2026-09-03T11:53:43+00:00\" \/>\n<meta property=\"og:image\" content=\"https:\/\/www.noticiasradioreflejos.com.ar\/2021\/wp-content\/uploads\/2025\/09\/higiene.jpg\" \/>\n\t<meta property=\"og:image:width\" content=\"1198\" \/>\n\t<meta property=\"og:image:height\" content=\"671\" \/>\n\t<meta property=\"og:image:type\" content=\"image\/jpeg\" \/>\n<meta name=\"author\" content=\"Arnaldo Botto\" \/>\n<meta name=\"twitter:card\" content=\"summary_large_image\" \/>\n<script type=\"application\/ld+json\" class=\"yoast-schema-graph\">{\"@context\":\"https:\/\/schema.org\",\"@graph\":[{\"@type\":\"WebPage\",\"@id\":\"https:\/\/www.noticiasradioreflejos.com.ar\/2021\/dia-mundial-de-la-higiene-por-que-se-celebra-el-3-de-septiembre\/\",\"url\":\"https:\/\/www.noticiasradioreflejos.com.ar\/2021\/dia-mundial-de-la-higiene-por-que-se-celebra-el-3-de-septiembre\/\",\"name\":\"D\u00eda Mundial de la Higiene: \u00bfpor qu\u00e9 se celebra el 3 de septiembre? - Noticias Radio Reflejos\",\"isPartOf\":{\"@id\":\"https:\/\/www.noticiasradioreflejos.com.ar\/2021\/#website\"},\"primaryImageOfPage\":{\"@id\":\"https:\/\/www.noticiasradioreflejos.com.ar\/2021\/dia-mundial-de-la-higiene-por-que-se-celebra-el-3-de-septiembre\/#primaryimage\"},\"image\":{\"@id\":\"https:\/\/www.noticiasradioreflejos.com.ar\/2021\/dia-mundial-de-la-higiene-por-que-se-celebra-el-3-de-septiembre\/#primaryimage\"},\"thumbnailUrl\":\"https:\/\/www.noticiasradioreflejos.com.ar\/2021\/wp-content\/uploads\/2025\/09\/higiene.jpg\",\"datePublished\":\"2026-09-03T11:53:43+00:00\",\"author\":{\"@id\":\"https:\/\/www.noticiasradioreflejos.com.ar\/2021\/#\/schema\/person\/ad82545263dcc5ec0996818884fd5fb1\"},\"breadcrumb\":{\"@id\":\"https:\/\/www.noticiasradioreflejos.com.ar\/2021\/dia-mundial-de-la-higiene-por-que-se-celebra-el-3-de-septiembre\/#breadcrumb\"},\"inLanguage\":\"es\",\"potentialAction\":[{\"@type\":\"ReadAction\",\"target\":[\"https:\/\/www.noticiasradioreflejos.com.ar\/2021\/dia-mundial-de-la-higiene-por-que-se-celebra-el-3-de-septiembre\/\"]}]},{\"@type\":\"ImageObject\",\"inLanguage\":\"es\",\"@id\":\"https:\/\/www.noticiasradioreflejos.com.ar\/2021\/dia-mundial-de-la-higiene-por-que-se-celebra-el-3-de-septiembre\/#primaryimage\",\"url\":\"https:\/\/www.noticiasradioreflejos.com.ar\/2021\/wp-content\/uploads\/2025\/09\/higiene.jpg\",\"contentUrl\":\"https:\/\/www.noticiasradioreflejos.com.ar\/2021\/wp-content\/uploads\/2025\/09\/higiene.jpg\",\"width\":1198,\"height\":671},{\"@type\":\"BreadcrumbList\",\"@id\":\"https:\/\/www.noticiasradioreflejos.com.ar\/2021\/dia-mundial-de-la-higiene-por-que-se-celebra-el-3-de-septiembre\/#breadcrumb\",\"itemListElement\":[{\"@type\":\"ListItem\",\"position\":1,\"name\":\"Portada\",\"item\":\"https:\/\/www.noticiasradioreflejos.com.ar\/2021\/\"},{\"@type\":\"ListItem\",\"position\":2,\"name\":\"D\u00eda Mundial de la Higiene: \u00bfpor qu\u00e9 se celebra el 3 de septiembre?\"}]},{\"@type\":\"WebSite\",\"@id\":\"https:\/\/www.noticiasradioreflejos.com.ar\/2021\/#website\",\"url\":\"https:\/\/www.noticiasradioreflejos.com.ar\/2021\/\",\"name\":\"Noticias Radio Reflejos\",\"description\":\"Las noticias de mi comarca\",\"potentialAction\":[{\"@type\":\"SearchAction\",\"target\":{\"@type\":\"EntryPoint\",\"urlTemplate\":\"https:\/\/www.noticiasradioreflejos.com.ar\/2021\/?s={search_term_string}\"},\"query-input\":{\"@type\":\"PropertyValueSpecification\",\"valueRequired\":true,\"valueName\":\"search_term_string\"}}],\"inLanguage\":\"es\"},{\"@type\":\"Person\",\"@id\":\"https:\/\/www.noticiasradioreflejos.com.ar\/2021\/#\/schema\/person\/ad82545263dcc5ec0996818884fd5fb1\",\"name\":\"Arnaldo Botto\",\"image\":{\"@type\":\"ImageObject\",\"inLanguage\":\"es\",\"@id\":\"https:\/\/www.noticiasradioreflejos.com.ar\/2021\/#\/schema\/person\/image\/\",\"url\":\"https:\/\/secure.gravatar.com\/avatar\/55cb5e37c1efa326397366e6974cb338056df65cb50e7d64d1cf314e87504837?s=96&d=mm&r=g\",\"contentUrl\":\"https:\/\/secure.gravatar.com\/avatar\/55cb5e37c1efa326397366e6974cb338056df65cb50e7d64d1cf314e87504837?s=96&d=mm&r=g\",\"caption\":\"Arnaldo Botto\"},\"url\":\"https:\/\/www.noticiasradioreflejos.com.ar\/2021\/author\/arnaldo\/\"}]}<\/script>\n<!-- \/ Yoast SEO plugin. -->","yoast_head_json":{"title":"D\u00eda Mundial de la Higiene: \u00bfpor qu\u00e9 se celebra el 3 de septiembre? - Noticias Radio Reflejos","robots":{"index":"index","follow":"follow","max-snippet":"max-snippet:-1","max-image-preview":"max-image-preview:large","max-video-preview":"max-video-preview:-1"},"canonical":"https:\/\/www.noticiasradioreflejos.com.ar\/2021\/dia-mundial-de-la-higiene-por-que-se-celebra-el-3-de-septiembre\/","og_locale":"es_ES","og_type":"article","og_title":"D\u00eda Mundial de la Higiene: \u00bfpor qu\u00e9 se celebra el 3 de septiembre? - Noticias Radio Reflejos","og_description":"Cada 3 de septiembre se conmemora el D\u00eda Mundial de la Higiene, una fecha que busca generar conciencia sobre la importancia de los h\u00e1bitos de limpieza personal, del hogar y de los espacios compartidos. Lavarse correctamente las manos, manipular los alimentos de manera segura y mantener los ambientes limpios son algunas de las pr\u00e1cticas fundamentales [&hellip;]","og_url":"https:\/\/www.noticiasradioreflejos.com.ar\/2021\/dia-mundial-de-la-higiene-por-que-se-celebra-el-3-de-septiembre\/","og_site_name":"Noticias Radio Reflejos","article_published_time":"2026-09-03T11:53:43+00:00","og_image":[{"width":1198,"height":671,"url":"https:\/\/www.noticiasradioreflejos.com.ar\/2021\/wp-content\/uploads\/2025\/09\/higiene.jpg","type":"image\/jpeg"}],"author":"Arnaldo Botto","twitter_card":"summary_large_image","schema":{"@context":"https:\/\/schema.org","@graph":[{"@type":"WebPage","@id":"https:\/\/www.noticiasradioreflejos.com.ar\/2021\/dia-mundial-de-la-higiene-por-que-se-celebra-el-3-de-septiembre\/","url":"https:\/\/www.noticiasradioreflejos.com.ar\/2021\/dia-mundial-de-la-higiene-por-que-se-celebra-el-3-de-septiembre\/","name":"D\u00eda Mundial de la Higiene: \u00bfpor qu\u00e9 se celebra el 3 de septiembre? - Noticias Radio Reflejos","isPartOf":{"@id":"https:\/\/www.noticiasradioreflejos.com.ar\/2021\/#website"},"primaryImageOfPage":{"@id":"https:\/\/www.noticiasradioreflejos.com.ar\/2021\/dia-mundial-de-la-higiene-por-que-se-celebra-el-3-de-septiembre\/#primaryimage"},"image":{"@id":"https:\/\/www.noticiasradioreflejos.com.ar\/2021\/dia-mundial-de-la-higiene-por-que-se-celebra-el-3-de-septiembre\/#primaryimage"},"thumbnailUrl":"https:\/\/www.noticiasradioreflejos.com.ar\/2021\/wp-content\/uploads\/2025\/09\/higiene.jpg","datePublished":"2026-09-03T11:53:43+00:00","author":{"@id":"https:\/\/www.noticiasradioreflejos.com.ar\/2021\/#\/schema\/person\/ad82545263dcc5ec0996818884fd5fb1"},"breadcrumb":{"@id":"https:\/\/www.noticiasradioreflejos.com.ar\/2021\/dia-mundial-de-la-higiene-por-que-se-celebra-el-3-de-septiembre\/#breadcrumb"},"inLanguage":"es","potentialAction":[{"@type":"ReadAction","target":["https:\/\/www.noticiasradioreflejos.com.ar\/2021\/dia-mundial-de-la-higiene-por-que-se-celebra-el-3-de-septiembre\/"]}]},{"@type":"ImageObject","inLanguage":"es","@id":"https:\/\/www.noticiasradioreflejos.com.ar\/2021\/dia-mundial-de-la-higiene-por-que-se-celebra-el-3-de-septiembre\/#primaryimage","url":"https:\/\/www.noticiasradioreflejos.com.ar\/2021\/wp-content\/uploads\/2025\/09\/higiene.jpg","contentUrl":"https:\/\/www.noticiasradioreflejos.com.ar\/2021\/wp-content\/uploads\/2025\/09\/higiene.jpg","width":1198,"height":671},{"@type":"BreadcrumbList","@id":"https:\/\/www.noticiasradioreflejos.com.ar\/2021\/dia-mundial-de-la-higiene-por-que-se-celebra-el-3-de-septiembre\/#breadcrumb","itemListElement":[{"@type":"ListItem","position":1,"name":"Portada","item":"https:\/\/www.noticiasradioreflejos.com.ar\/2021\/"},{"@type":"ListItem","position":2,"name":"D\u00eda Mundial de la Higiene: \u00bfpor qu\u00e9 se celebra el 3 de septiembre?"}]},{"@type":"WebSite","@id":"https:\/\/www.noticiasradioreflejos.com.ar\/2021\/#website","url":"https:\/\/www.noticiasradioreflejos.com.ar\/2021\/","name":"Noticias Radio Reflejos","description":"Las noticias de mi comarca","potentialAction":[{"@type":"SearchAction","target":{"@type":"EntryPoint","urlTemplate":"https:\/\/www.noticiasradioreflejos.com.ar\/2021\/?s={search_term_string}"},"query-input":{"@type":"PropertyValueSpecification","valueRequired":true,"valueName":"search_term_string"}}],"inLanguage":"es"},{"@type":"Person","@id":"https:\/\/www.noticiasradioreflejos.com.ar\/2021\/#\/schema\/person\/ad82545263dcc5ec0996818884fd5fb1","name":"Arnaldo Botto","image":{"@type":"ImageObject","inLanguage":"es","@id":"https:\/\/www.noticiasradioreflejos.com.ar\/2021\/#\/schema\/person\/image\/","url":"https:\/\/secure.gravatar.com\/avatar\/55cb5e37c1efa326397366e6974cb338056df65cb50e7d64d1cf314e87504837?s=96&d=mm&r=g","contentUrl":"https:\/\/secure.gravatar.com\/avatar\/55cb5e37c1efa326397366e6974cb338056df65cb50e7d64d1cf314e87504837?s=96&d=mm&r=g","caption":"Arnaldo Botto"},"url":"https:\/\/www.noticiasradioreflejos.com.ar\/2021\/author\/arnaldo\/"}]}},"_links":{"self":[{"href":"https:\/\/www.noticiasradioreflejos.com.ar\/2021\/wp-json\/wp\/v2\/posts\/143021","targetHints":{"allow":["GET"]}}],"collection":[{"href":"https:\/\/www.noticiasradioreflejos.com.ar\/2021\/wp-json\/wp\/v2\/posts"}],"about":[{"href":"https:\/\/www.noticiasradioreflejos.com.ar\/2021\/wp-json\/wp\/v2\/types\/post"}],"author":[{"embeddable":true,"href":"https:\/\/www.noticiasradioreflejos.com.ar\/2021\/wp-json\/wp\/v2\/users\/3"}],"replies":[{"embeddable":true,"href":"https:\/\/www.noticiasradioreflejos.com.ar\/2021\/wp-json\/wp\/v2\/comments?post=143021"}],"version-history":[{"count":1,"href":"https:\/\/www.noticiasradioreflejos.com.ar\/2021\/wp-json\/wp\/v2\/posts\/143021\/revisions"}],"predecessor-version":[{"id":143022,"href":"https:\/\/www.noticiasradioreflejos.com.ar\/2021\/wp-json\/wp\/v2\/posts\/143021\/revisions\/143022"}],"wp:featuredmedia":[{"embeddable":true,"href":"https:\/\/www.noticiasradioreflejos.com.ar\/2021\/wp-json\/wp\/v2\/media\/124483"}],"wp:attachment":[{"href":"https:\/\/www.noticiasradioreflejos.com.ar\/2021\/wp-json\/wp\/v2\/media?parent=143021"}],"wp:term":[{"taxonomy":"category","embeddable":true,"href":"https:\/\/www.noticiasradioreflejos.com.ar\/2021\/wp-json\/wp\/v2\/categories?post=143021"},{"taxonomy":"post_tag","embeddable":true,"href":"https:\/\/www.noticiasradioreflejos.com.ar\/2021\/wp-json\/wp\/v2\/tags?post=143021"}],"curies":[{"name":"wp","href":"https:\/\/api.w.org\/{rel}","templated":true}]}}