{"id":143019,"date":"2026-09-03T07:31:37","date_gmt":"2026-09-03T10:31:37","guid":{"rendered":"https:\/\/www.noticiasradioreflejos.com.ar\/2021\/?p=143019"},"modified":"2026-09-03T07:31:37","modified_gmt":"2026-09-03T10:31:37","slug":"mejoran-las-condiciones-del-tiempo-en-la-comarca-se-espera-un-jueves-soleado-y-marcado-descenso-termico-para-el-fin-de-semana","status":"publish","type":"post","link":"https:\/\/www.noticiasradioreflejos.com.ar\/2021\/mejoran-las-condiciones-del-tiempo-en-la-comarca-se-espera-un-jueves-soleado-y-marcado-descenso-termico-para-el-fin-de-semana\/","title":{"rendered":"Mejoran las condiciones del tiempo en la comarca. Se espera un jueves soleado y marcado descenso t\u00e9rmico para el fin de semana"},"content":{"rendered":"<p data-path-to-node=\"1\">Tras la marcada inestabilidad clim\u00e1tica que afect\u00f3 a la comarca serrana durante el mi\u00e9rcoles, la regi\u00f3n experimenta este jueves un notable cambio en el ambiente, configurando una jornada sensiblemente m\u00e1s agradable, caracterizada por la presencia del sol y un marcado ascenso del confort t\u00e9rmico durante las horas centrales del d\u00eda.<!--more--><\/p>\n<p data-path-to-node=\"2\">Las primeras horas de hoy registraron un amanecer con cielo totalmente despejado, marcando una temperatura m\u00ednima de 3 \u00b0C y vientos muy suaves provenientes del sector sudoeste. De acuerdo con el pron\u00f3stico para lo que resta de la jornada, se prev\u00e9 un techo t\u00e9rmico de 13 \u00b0C, acompa\u00f1ado por vientos moderados del oeste-sudoeste que podr\u00edan alcanzar r\u00e1fagas de hasta 40 km\/h, junto a un paulatino incremento de la cobertura nubosa hacia la tarde.<\/p>\n<p data-path-to-node=\"4\">El paso de la perturbaci\u00f3n atmosf\u00e9rica a mediados de semana dej\u00f3 registros pluviom\u00e9tricos dispares en la Comarca. Mientras que en la <strong>planta urbana de Sierra de la Ventana<\/strong> los chaparrones intermitentes acumularon un total de<strong> 3 mm de agua ca\u00edda<\/strong>, a escasos kil\u00f3metros la intensidad del fen\u00f3meno fue considerablemente mayor.<\/p>\n<p data-path-to-node=\"5\"><strong>En la zona de la desembocadura del r\u00edo Sauce Grande, sobre el embalse Paso de las Piedras, se report\u00f3 un acumulado de 20 mm de lluvia acompa\u00f1ado por una intensa granizada<\/strong>, fen\u00f3meno que tambi\u00e9n se reprodujo de forma localizada en diversos sectores del sudoeste bonaerense.<\/p>\n<h3 data-path-to-node=\"6\">Ingreso de masa de aire fr\u00edo y heladas<\/h3>\n<p data-path-to-node=\"7\">El panorama meteorol\u00f3gico volver\u00e1 a transformarse radicalmente a partir de la noche de este jueves con el ingreso de un frente de aire fr\u00edo, evento que dar\u00e1 inicio a un per\u00edodo prolongado de marcas t\u00e9rmicas bajo cero y heladas generalizadas en todo el \u00e1mbito serrano.<\/p>\n<p data-path-to-node=\"8\">Para este viernes, en el \u00e1rea del valle del r\u00edo Sauce Grande, se anticipa una m\u00ednima de -1 \u00b0C con presencia de heladas matinales. Aunque la ma\u00f1ana se presentar\u00e1 soleada y con vientos en calma, hacia el mediod\u00eda se espera un incremento en la intensidad del viento \u2014pudiendo registrar marcas de hasta 45 km\/h\u2014, acompa\u00f1ado por nubosidad en aumento y una temperatura m\u00e1xima estimada nuevamente en 13 \u00b0C.<\/p>\n","protected":false},"excerpt":{"rendered":"<p>Tras la marcada inestabilidad clim\u00e1tica que afect\u00f3 a la comarca serrana durante el mi\u00e9rcoles, la regi\u00f3n experimenta este jueves un notable cambio en el ambiente, configurando una jornada sensiblemente m\u00e1s agradable, caracterizada por la presencia del sol y un marcado ascenso del confort t\u00e9rmico durante las horas centrales del d\u00eda.<\/p>\n","protected":false},"author":3,"featured_media":139144,"comment_status":"closed","ping_status":"closed","sticky":false,"template":"","format":"standard","meta":{"footnotes":""},"categories":[46],"tags":[48],"class_list":["post-143019","post","type-post","status-publish","format-standard","has-post-thumbnail","hentry","category-ciencia-y-tecnologia","tag-destacada"],"yoast_head":"<!-- This site is optimized with the Yoast SEO plugin v25.9 - https:\/\/yoast.com\/wordpress\/plugins\/seo\/ -->\n<title>Mejoran las condiciones del tiempo en la comarca. Se espera un jueves soleado y marcado descenso t\u00e9rmico para el fin de semana - Noticias Radio Reflejos<\/title>\n<meta name=\"robots\" content=\"index, follow, max-snippet:-1, max-image-preview:large, max-video-preview:-1\" \/>\n<link rel=\"canonical\" href=\"https:\/\/www.noticiasradioreflejos.com.ar\/2021\/mejoran-las-condiciones-del-tiempo-en-la-comarca-se-espera-un-jueves-soleado-y-marcado-descenso-termico-para-el-fin-de-semana\/\" \/>\n<meta property=\"og:locale\" content=\"es_ES\" \/>\n<meta property=\"og:type\" content=\"article\" \/>\n<meta property=\"og:title\" content=\"Mejoran las condiciones del tiempo en la comarca. Se espera un jueves soleado y marcado descenso t\u00e9rmico para el fin de semana - Noticias Radio Reflejos\" \/>\n<meta property=\"og:description\" content=\"Tras la marcada inestabilidad clim\u00e1tica que afect\u00f3 a la comarca serrana durante el mi\u00e9rcoles, la regi\u00f3n experimenta este jueves un notable cambio en el ambiente, configurando una jornada sensiblemente m\u00e1s agradable, caracterizada por la presencia del sol y un marcado ascenso del confort t\u00e9rmico durante las horas centrales del d\u00eda.\" \/>\n<meta property=\"og:url\" content=\"https:\/\/www.noticiasradioreflejos.com.ar\/2021\/mejoran-las-condiciones-del-tiempo-en-la-comarca-se-espera-un-jueves-soleado-y-marcado-descenso-termico-para-el-fin-de-semana\/\" \/>\n<meta property=\"og:site_name\" content=\"Noticias Radio Reflejos\" \/>\n<meta property=\"article:published_time\" content=\"2026-09-03T10:31:37+00:00\" \/>\n<meta property=\"og:image\" content=\"https:\/\/www.noticiasradioreflejos.com.ar\/2021\/wp-content\/uploads\/2026\/06\/Portal-Sierra-.jpg\" \/>\n\t<meta property=\"og:image:width\" content=\"1600\" \/>\n\t<meta property=\"og:image:height\" content=\"720\" \/>\n\t<meta property=\"og:image:type\" content=\"image\/jpeg\" \/>\n<meta name=\"author\" content=\"Arnaldo Botto\" \/>\n<meta name=\"twitter:card\" content=\"summary_large_image\" \/>\n<script type=\"application\/ld+json\" class=\"yoast-schema-graph\">{\"@context\":\"https:\/\/schema.org\",\"@graph\":[{\"@type\":\"WebPage\",\"@id\":\"https:\/\/www.noticiasradioreflejos.com.ar\/2021\/mejoran-las-condiciones-del-tiempo-en-la-comarca-se-espera-un-jueves-soleado-y-marcado-descenso-termico-para-el-fin-de-semana\/\",\"url\":\"https:\/\/www.noticiasradioreflejos.com.ar\/2021\/mejoran-las-condiciones-del-tiempo-en-la-comarca-se-espera-un-jueves-soleado-y-marcado-descenso-termico-para-el-fin-de-semana\/\",\"name\":\"Mejoran las condiciones del tiempo en la comarca. Se espera un jueves soleado y marcado descenso t\u00e9rmico para el fin de semana - Noticias Radio Reflejos\",\"isPartOf\":{\"@id\":\"https:\/\/www.noticiasradioreflejos.com.ar\/2021\/#website\"},\"primaryImageOfPage\":{\"@id\":\"https:\/\/www.noticiasradioreflejos.com.ar\/2021\/mejoran-las-condiciones-del-tiempo-en-la-comarca-se-espera-un-jueves-soleado-y-marcado-descenso-termico-para-el-fin-de-semana\/#primaryimage\"},\"image\":{\"@id\":\"https:\/\/www.noticiasradioreflejos.com.ar\/2021\/mejoran-las-condiciones-del-tiempo-en-la-comarca-se-espera-un-jueves-soleado-y-marcado-descenso-termico-para-el-fin-de-semana\/#primaryimage\"},\"thumbnailUrl\":\"https:\/\/www.noticiasradioreflejos.com.ar\/2021\/wp-content\/uploads\/2026\/06\/Portal-Sierra-.jpg\",\"datePublished\":\"2026-09-03T10:31:37+00:00\",\"author\":{\"@id\":\"https:\/\/www.noticiasradioreflejos.com.ar\/2021\/#\/schema\/person\/ad82545263dcc5ec0996818884fd5fb1\"},\"breadcrumb\":{\"@id\":\"https:\/\/www.noticiasradioreflejos.com.ar\/2021\/mejoran-las-condiciones-del-tiempo-en-la-comarca-se-espera-un-jueves-soleado-y-marcado-descenso-termico-para-el-fin-de-semana\/#breadcrumb\"},\"inLanguage\":\"es\",\"potentialAction\":[{\"@type\":\"ReadAction\",\"target\":[\"https:\/\/www.noticiasradioreflejos.com.ar\/2021\/mejoran-las-condiciones-del-tiempo-en-la-comarca-se-espera-un-jueves-soleado-y-marcado-descenso-termico-para-el-fin-de-semana\/\"]}]},{\"@type\":\"ImageObject\",\"inLanguage\":\"es\",\"@id\":\"https:\/\/www.noticiasradioreflejos.com.ar\/2021\/mejoran-las-condiciones-del-tiempo-en-la-comarca-se-espera-un-jueves-soleado-y-marcado-descenso-termico-para-el-fin-de-semana\/#primaryimage\",\"url\":\"https:\/\/www.noticiasradioreflejos.com.ar\/2021\/wp-content\/uploads\/2026\/06\/Portal-Sierra-.jpg\",\"contentUrl\":\"https:\/\/www.noticiasradioreflejos.com.ar\/2021\/wp-content\/uploads\/2026\/06\/Portal-Sierra-.jpg\",\"width\":1600,\"height\":720},{\"@type\":\"BreadcrumbList\",\"@id\":\"https:\/\/www.noticiasradioreflejos.com.ar\/2021\/mejoran-las-condiciones-del-tiempo-en-la-comarca-se-espera-un-jueves-soleado-y-marcado-descenso-termico-para-el-fin-de-semana\/#breadcrumb\",\"itemListElement\":[{\"@type\":\"ListItem\",\"position\":1,\"name\":\"Portada\",\"item\":\"https:\/\/www.noticiasradioreflejos.com.ar\/2021\/\"},{\"@type\":\"ListItem\",\"position\":2,\"name\":\"Mejoran las condiciones del tiempo en la comarca. Se espera un jueves soleado y marcado descenso t\u00e9rmico para el fin de semana\"}]},{\"@type\":\"WebSite\",\"@id\":\"https:\/\/www.noticiasradioreflejos.com.ar\/2021\/#website\",\"url\":\"https:\/\/www.noticiasradioreflejos.com.ar\/2021\/\",\"name\":\"Noticias Radio Reflejos\",\"description\":\"Las noticias de mi comarca\",\"potentialAction\":[{\"@type\":\"SearchAction\",\"target\":{\"@type\":\"EntryPoint\",\"urlTemplate\":\"https:\/\/www.noticiasradioreflejos.com.ar\/2021\/?s={search_term_string}\"},\"query-input\":{\"@type\":\"PropertyValueSpecification\",\"valueRequired\":true,\"valueName\":\"search_term_string\"}}],\"inLanguage\":\"es\"},{\"@type\":\"Person\",\"@id\":\"https:\/\/www.noticiasradioreflejos.com.ar\/2021\/#\/schema\/person\/ad82545263dcc5ec0996818884fd5fb1\",\"name\":\"Arnaldo Botto\",\"image\":{\"@type\":\"ImageObject\",\"inLanguage\":\"es\",\"@id\":\"https:\/\/www.noticiasradioreflejos.com.ar\/2021\/#\/schema\/person\/image\/\",\"url\":\"https:\/\/secure.gravatar.com\/avatar\/55cb5e37c1efa326397366e6974cb338056df65cb50e7d64d1cf314e87504837?s=96&d=mm&r=g\",\"contentUrl\":\"https:\/\/secure.gravatar.com\/avatar\/55cb5e37c1efa326397366e6974cb338056df65cb50e7d64d1cf314e87504837?s=96&d=mm&r=g\",\"caption\":\"Arnaldo Botto\"},\"url\":\"https:\/\/www.noticiasradioreflejos.com.ar\/2021\/author\/arnaldo\/\"}]}<\/script>\n<!-- \/ Yoast SEO plugin. -->","yoast_head_json":{"title":"Mejoran las condiciones del tiempo en la comarca. Se espera un jueves soleado y marcado descenso t\u00e9rmico para el fin de semana - Noticias Radio Reflejos","robots":{"index":"index","follow":"follow","max-snippet":"max-snippet:-1","max-image-preview":"max-image-preview:large","max-video-preview":"max-video-preview:-1"},"canonical":"https:\/\/www.noticiasradioreflejos.com.ar\/2021\/mejoran-las-condiciones-del-tiempo-en-la-comarca-se-espera-un-jueves-soleado-y-marcado-descenso-termico-para-el-fin-de-semana\/","og_locale":"es_ES","og_type":"article","og_title":"Mejoran las condiciones del tiempo en la comarca. Se espera un jueves soleado y marcado descenso t\u00e9rmico para el fin de semana - Noticias Radio Reflejos","og_description":"Tras la marcada inestabilidad clim\u00e1tica que afect\u00f3 a la comarca serrana durante el mi\u00e9rcoles, la regi\u00f3n experimenta este jueves un notable cambio en el ambiente, configurando una jornada sensiblemente m\u00e1s agradable, caracterizada por la presencia del sol y un marcado ascenso del confort t\u00e9rmico durante las horas centrales del d\u00eda.","og_url":"https:\/\/www.noticiasradioreflejos.com.ar\/2021\/mejoran-las-condiciones-del-tiempo-en-la-comarca-se-espera-un-jueves-soleado-y-marcado-descenso-termico-para-el-fin-de-semana\/","og_site_name":"Noticias Radio Reflejos","article_published_time":"2026-09-03T10:31:37+00:00","og_image":[{"width":1600,"height":720,"url":"https:\/\/www.noticiasradioreflejos.com.ar\/2021\/wp-content\/uploads\/2026\/06\/Portal-Sierra-.jpg","type":"image\/jpeg"}],"author":"Arnaldo Botto","twitter_card":"summary_large_image","schema":{"@context":"https:\/\/schema.org","@graph":[{"@type":"WebPage","@id":"https:\/\/www.noticiasradioreflejos.com.ar\/2021\/mejoran-las-condiciones-del-tiempo-en-la-comarca-se-espera-un-jueves-soleado-y-marcado-descenso-termico-para-el-fin-de-semana\/","url":"https:\/\/www.noticiasradioreflejos.com.ar\/2021\/mejoran-las-condiciones-del-tiempo-en-la-comarca-se-espera-un-jueves-soleado-y-marcado-descenso-termico-para-el-fin-de-semana\/","name":"Mejoran las condiciones del tiempo en la comarca. Se espera un jueves soleado y marcado descenso t\u00e9rmico para el fin de semana - Noticias Radio Reflejos","isPartOf":{"@id":"https:\/\/www.noticiasradioreflejos.com.ar\/2021\/#website"},"primaryImageOfPage":{"@id":"https:\/\/www.noticiasradioreflejos.com.ar\/2021\/mejoran-las-condiciones-del-tiempo-en-la-comarca-se-espera-un-jueves-soleado-y-marcado-descenso-termico-para-el-fin-de-semana\/#primaryimage"},"image":{"@id":"https:\/\/www.noticiasradioreflejos.com.ar\/2021\/mejoran-las-condiciones-del-tiempo-en-la-comarca-se-espera-un-jueves-soleado-y-marcado-descenso-termico-para-el-fin-de-semana\/#primaryimage"},"thumbnailUrl":"https:\/\/www.noticiasradioreflejos.com.ar\/2021\/wp-content\/uploads\/2026\/06\/Portal-Sierra-.jpg","datePublished":"2026-09-03T10:31:37+00:00","author":{"@id":"https:\/\/www.noticiasradioreflejos.com.ar\/2021\/#\/schema\/person\/ad82545263dcc5ec0996818884fd5fb1"},"breadcrumb":{"@id":"https:\/\/www.noticiasradioreflejos.com.ar\/2021\/mejoran-las-condiciones-del-tiempo-en-la-comarca-se-espera-un-jueves-soleado-y-marcado-descenso-termico-para-el-fin-de-semana\/#breadcrumb"},"inLanguage":"es","potentialAction":[{"@type":"ReadAction","target":["https:\/\/www.noticiasradioreflejos.com.ar\/2021\/mejoran-las-condiciones-del-tiempo-en-la-comarca-se-espera-un-jueves-soleado-y-marcado-descenso-termico-para-el-fin-de-semana\/"]}]},{"@type":"ImageObject","inLanguage":"es","@id":"https:\/\/www.noticiasradioreflejos.com.ar\/2021\/mejoran-las-condiciones-del-tiempo-en-la-comarca-se-espera-un-jueves-soleado-y-marcado-descenso-termico-para-el-fin-de-semana\/#primaryimage","url":"https:\/\/www.noticiasradioreflejos.com.ar\/2021\/wp-content\/uploads\/2026\/06\/Portal-Sierra-.jpg","contentUrl":"https:\/\/www.noticiasradioreflejos.com.ar\/2021\/wp-content\/uploads\/2026\/06\/Portal-Sierra-.jpg","width":1600,"height":720},{"@type":"BreadcrumbList","@id":"https:\/\/www.noticiasradioreflejos.com.ar\/2021\/mejoran-las-condiciones-del-tiempo-en-la-comarca-se-espera-un-jueves-soleado-y-marcado-descenso-termico-para-el-fin-de-semana\/#breadcrumb","itemListElement":[{"@type":"ListItem","position":1,"name":"Portada","item":"https:\/\/www.noticiasradioreflejos.com.ar\/2021\/"},{"@type":"ListItem","position":2,"name":"Mejoran las condiciones del tiempo en la comarca. Se espera un jueves soleado y marcado descenso t\u00e9rmico para el fin de semana"}]},{"@type":"WebSite","@id":"https:\/\/www.noticiasradioreflejos.com.ar\/2021\/#website","url":"https:\/\/www.noticiasradioreflejos.com.ar\/2021\/","name":"Noticias Radio Reflejos","description":"Las noticias de mi comarca","potentialAction":[{"@type":"SearchAction","target":{"@type":"EntryPoint","urlTemplate":"https:\/\/www.noticiasradioreflejos.com.ar\/2021\/?s={search_term_string}"},"query-input":{"@type":"PropertyValueSpecification","valueRequired":true,"valueName":"search_term_string"}}],"inLanguage":"es"},{"@type":"Person","@id":"https:\/\/www.noticiasradioreflejos.com.ar\/2021\/#\/schema\/person\/ad82545263dcc5ec0996818884fd5fb1","name":"Arnaldo Botto","image":{"@type":"ImageObject","inLanguage":"es","@id":"https:\/\/www.noticiasradioreflejos.com.ar\/2021\/#\/schema\/person\/image\/","url":"https:\/\/secure.gravatar.com\/avatar\/55cb5e37c1efa326397366e6974cb338056df65cb50e7d64d1cf314e87504837?s=96&d=mm&r=g","contentUrl":"https:\/\/secure.gravatar.com\/avatar\/55cb5e37c1efa326397366e6974cb338056df65cb50e7d64d1cf314e87504837?s=96&d=mm&r=g","caption":"Arnaldo Botto"},"url":"https:\/\/www.noticiasradioreflejos.com.ar\/2021\/author\/arnaldo\/"}]}},"_links":{"self":[{"href":"https:\/\/www.noticiasradioreflejos.com.ar\/2021\/wp-json\/wp\/v2\/posts\/143019","targetHints":{"allow":["GET"]}}],"collection":[{"href":"https:\/\/www.noticiasradioreflejos.com.ar\/2021\/wp-json\/wp\/v2\/posts"}],"about":[{"href":"https:\/\/www.noticiasradioreflejos.com.ar\/2021\/wp-json\/wp\/v2\/types\/post"}],"author":[{"embeddable":true,"href":"https:\/\/www.noticiasradioreflejos.com.ar\/2021\/wp-json\/wp\/v2\/users\/3"}],"replies":[{"embeddable":true,"href":"https:\/\/www.noticiasradioreflejos.com.ar\/2021\/wp-json\/wp\/v2\/comments?post=143019"}],"version-history":[{"count":1,"href":"https:\/\/www.noticiasradioreflejos.com.ar\/2021\/wp-json\/wp\/v2\/posts\/143019\/revisions"}],"predecessor-version":[{"id":143020,"href":"https:\/\/www.noticiasradioreflejos.com.ar\/2021\/wp-json\/wp\/v2\/posts\/143019\/revisions\/143020"}],"wp:featuredmedia":[{"embeddable":true,"href":"https:\/\/www.noticiasradioreflejos.com.ar\/2021\/wp-json\/wp\/v2\/media\/139144"}],"wp:attachment":[{"href":"https:\/\/www.noticiasradioreflejos.com.ar\/2021\/wp-json\/wp\/v2\/media?parent=143019"}],"wp:term":[{"taxonomy":"category","embeddable":true,"href":"https:\/\/www.noticiasradioreflejos.com.ar\/2021\/wp-json\/wp\/v2\/categories?post=143019"},{"taxonomy":"post_tag","embeddable":true,"href":"https:\/\/www.noticiasradioreflejos.com.ar\/2021\/wp-json\/wp\/v2\/tags?post=143019"}],"curies":[{"name":"wp","href":"https:\/\/api.w.org\/{rel}","templated":true}]}}