{"id":143013,"date":"2026-09-03T07:27:48","date_gmt":"2026-09-03T10:27:48","guid":{"rendered":"https:\/\/www.noticiasradioreflejos.com.ar\/2021\/?p=143013"},"modified":"2026-09-03T07:27:53","modified_gmt":"2026-09-03T10:27:53","slug":"comenzo-una-nueva-edicion-del-festival-internacional-de-cine-de-la-provincia-de-buenos-aires","status":"publish","type":"post","link":"https:\/\/www.noticiasradioreflejos.com.ar\/2021\/comenzo-una-nueva-edicion-del-festival-internacional-de-cine-de-la-provincia-de-buenos-aires\/","title":{"rendered":"Comenz\u00f3 una nueva edici\u00f3n del Festival Internacional de Cine de la Provincia de Buenos Aires"},"content":{"rendered":"<p dir=\"ltr\">Con homenajes a figuras del cine argentino y un reconocimiento especial a Charly Garc\u00eda se dio inicio a la cuarta edici\u00f3n de FICPBA. El Festival se desarrolla del 2 al 9 de septiembre en La Plata, con una subsede en Luj\u00e1n y proyecciones en m\u00e1s de 60 municipios.<!--more--><\/p>\n<p dir=\"ltr\">El Festival Internacional de Cine de la Provincia de Buenos Aires, organizado por el Instituto Cultural, tuvo su apertura este jueves en la Sala Ginastera del Centro Provincial de las Artes Teatro Argentino. La ceremonia cont\u00f3 con homenajes a referentes del sector audiovisual, adem\u00e1s de un emotivo concierto de la Camerata Acad\u00e9mica, con la participaci\u00f3n del Coro de Ni\u00f1os y Ni\u00f1as del Teatro Argentino, que realizaron un repaso de grandes canciones argentinas atravesadas por el cine, como La noche de los l\u00e1pices, La historia oficial, El extra\u00f1o de pelo largo, Juan Moreira y Tango Feroz, entre otros.<\/p>\n<p dir=\"ltr\">El acto fue encabezado por la presidenta del Instituto Cultural, Florencia Saintout, junto a la directora art\u00edstica del Festival, Paula de Luque. Adem\u00e1s, el evento tuvo la participaci\u00f3n de intendentes, ministros, legisladores y funcionarios provinciales.\u00a0 \u201cEste festival es una pol\u00edtica p\u00fablica que permite cobijar el cine en tiempos de tanta desesperanza. Adem\u00e1s, lo hacemos a 50 a\u00f1os del golpe que dio lugar a la dictadura m\u00e1s sangrienta de nuestra historia\u201d, expres\u00f3 Saintout<\/p>\n<p><a href=\"https:\/\/www.noticiasradioreflejos.com.ar\/2021\/comenzo-una-nueva-edicion-del-festival-internacional-de-cine-de-la-provincia-de-buenos-aires\/_mg_6986\/\" rel=\"attachment wp-att-143015\"><img loading=\"lazy\" decoding=\"async\" class=\"aligncenter size-full wp-image-143015\" src=\"https:\/\/www.noticiasradioreflejos.com.ar\/2021\/wp-content\/uploads\/2026\/09\/MG_6986-scaled.jpeg\" alt=\"\" width=\"2560\" height=\"1707\" srcset=\"https:\/\/www.noticiasradioreflejos.com.ar\/2021\/wp-content\/uploads\/2026\/09\/MG_6986-scaled.jpeg 2560w, https:\/\/www.noticiasradioreflejos.com.ar\/2021\/wp-content\/uploads\/2026\/09\/MG_6986-300x200.jpeg 300w, https:\/\/www.noticiasradioreflejos.com.ar\/2021\/wp-content\/uploads\/2026\/09\/MG_6986-1024x683.jpeg 1024w, https:\/\/www.noticiasradioreflejos.com.ar\/2021\/wp-content\/uploads\/2026\/09\/MG_6986-768x512.jpeg 768w, https:\/\/www.noticiasradioreflejos.com.ar\/2021\/wp-content\/uploads\/2026\/09\/MG_6986-1536x1024.jpeg 1536w, https:\/\/www.noticiasradioreflejos.com.ar\/2021\/wp-content\/uploads\/2026\/09\/MG_6986-2048x1365.jpeg 2048w, https:\/\/www.noticiasradioreflejos.com.ar\/2021\/wp-content\/uploads\/2026\/09\/MG_6986-750x500.jpeg 750w, https:\/\/www.noticiasradioreflejos.com.ar\/2021\/wp-content\/uploads\/2026\/09\/MG_6986-1140x760.jpeg 1140w\" sizes=\"auto, (max-width: 2560px) 100vw, 2560px\" \/><\/a><\/p>\n<p dir=\"ltr\">\u201cLa memoria no es una pieza de museo, no es una pieza muerta. La memoria adquiere sentido con las preguntas y las posiciones del presente. Rechazamos la pol\u00edtica econ\u00f3mica del gobierno nacional que tiene como contracara la pol\u00edtica cultural: la destrucci\u00f3n de lo comunitario y de la solidaridad entre cada uno de los que habitamos nuestra naci\u00f3n\u201d, a\u00f1adi\u00f3 la ministra de cultura.<\/p>\n<p dir=\"ltr\">\u201cSe han utilizado fondos destinados al fomento del cine para la especulaci\u00f3n financiera. Ese es el pa\u00eds que quiere el gobierno nacional, el pa\u00eds de la timba, y ese es el pa\u00eds que nosotros caminamos en una direcci\u00f3n opuesta. Caminamos en una direcci\u00f3n opuesta desde la Provincia de Buenos Aires\u201d, subray\u00f3.<\/p>\n<p dir=\"ltr\">Saintout tambi\u00e9n se expres\u00f3 a prop\u00f3sito de que la provincia cuente con una ley destinada al sector audiovisual. \u201cLa provincia ten\u00eda una deuda hist\u00f3rica y ahora cuenta con una ley para la promoci\u00f3n y desarrollo de la industria audiovisual, que se escribi\u00f3 colectivamente. La present\u00f3 nuestro gobernador y se ha votado en ambas c\u00e1maras. Estamos en este mismo momento cerrando la reglamentaci\u00f3n que se hizo foro por foro, pueblo por pueblo, barrio por barrio, con todos los que forman parte de la cultura de nuestros pueblos, no solamente del sector\u201d<\/p>\n<p dir=\"ltr\">El Festival entreg\u00f3 Menciones de Honor a referentes del cine y la escena nacional: el director, guionista y productor Benjam\u00edn Naishtat, la actriz y cantante Virginia Innocenti, la antrop\u00f3loga y documentalista Carmen Guarini, presidenta de Directores Argentinos Cinematogr\u00e1ficos, la actriz, directora y escritora Lorena Vega, el actor y director Fern\u00e1n Mir\u00e1s, la actriz Alejandra Flechner; la actriz y directora Dolores Fonzi.<\/p>\n<p dir=\"ltr\">\u201cQue este festival hoy est\u00e9 como est\u00e1 es algo enormemente para agradecer: que fomente, que acompa\u00f1e a los estudiantes y a las universidades, que sea gratuito, que abra el espacio, que acompa\u00f1e a los j\u00f3venes que empiezan, que genere debate, conversaci\u00f3n e intercambio en la industria audiovisual\u201d, celebr\u00f3 Flechner.<\/p>\n<p dir=\"ltr\">\u201cEstoy muy honrada de recibirlo al lado de colegas, amigas y amigos. Ac\u00e1 hay gente que admiro y que admir\u00e9 siempre. Eso tambi\u00e9n es hermoso, es alentador, da ganas de seguir, es un enorme impulso. Lo quiero compartir con la gente con la que hice cine desde comienzos de los 2000, desde el cine independiente, con todas las compa\u00f1eras y compa\u00f1eros de los que aprend\u00ed y sigo aprendiendo\u201d, expres\u00f3 Vega.<\/p>\n<p dir=\"ltr\">\u201cCitando una frase del homenaje a Raymundo Gleyzer: solo el pueblo salvar\u00e1 al pueblo. Ac\u00e1 estamos resistiendo y ac\u00e1 estamos siendo pueblo. No nos olvidemos de que todos tenemos la responsabilidad de que esto cambie. Nadie no es pueblo: hag\u00e1monos cargo\u201d, agreg\u00f3 Fonzi.<\/p>\n<p dir=\"ltr\">\u201cEs muy extra\u00f1o estar en un momento tan espantoso como el que estamos viviendo en el cine. Son los momentos en los que uno vuelve a recordar qu\u00e9 huevos tiene nuestro cine y qu\u00e9 vocacional es la gente que sigue haciendo cine como sea, donde sea, cuando sea. Eso es muy nuestro. No van a poder: vamos a dar vuelta esto\u201d, coment\u00f3 Mir\u00e1s.<\/p>\n<p dir=\"ltr\">Por su parte, Innocenti dijo: \u201cEs una tremenda emoci\u00f3n poder estar en este espacio tan hermoso, con la sala colmada de gente que ama lo nuestro. Les agradezco profundamente este premio\u201d.<\/p>\n<p dir=\"ltr\">\u201cQuiero agradecer al festival y al Instituto Cultural. Me siento extremadamente honrado de estar rodeado de colegas que admiro hace mucho tiempo. Es un sector extremadamente golpeado: los \u00faltimos a\u00f1os fueron una especie de paliza. Son cosas que reconfortan mucho\u201d, expres\u00f3 Naishtat.<\/p>\n<p dir=\"ltr\">\u201cEstamos atravesando \u00e9pocas dif\u00edciles, sobre todo este \u00faltimo a\u00f1o. Quisiera rendir un homenaje a los grandes maestros del cine que nos han dejado. M\u00e1s all\u00e1 de lamentarnos, una de las cosas que podemos recuperar de ellos es su voluntad de lucha, de pelea por el cine nacional. Pido un fuerte aplauso para todos aquellos que no est\u00e1n\u201d, complet\u00f3 Guarini.<\/p>\n<p dir=\"ltr\">A su vez se realiz\u00f3 un homenaje a Raymundo Gleyzer, documentalista bonaerense detenido desaparecido por la \u00faltima dictadura c\u00edvico-militar. Tras la proyecci\u00f3n de un recorrido por su vida y obra de Gleyzer, recibi\u00f3 un reconocimiento el director Nemesio Juarez, cineasta, director de cine y guionista argentino, dedicado principalmente al cine documental militante, integrante del grupo Realizadores de Mayo\u00a0 y uno de los fundadores del Grupo de Cine Liberaci\u00f3n.<\/p>\n<p dir=\"ltr\">La ceremonia incluy\u00f3 un reconocimiento especial a Charly Garc\u00eda por su aporte a la identidad nacional y por su v\u00ednculo hist\u00f3rico con el cine argentino. Adem\u00e1s del premio oficial, el m\u00fasico recibi\u00f3 una pieza realizada por Mart\u00edn Schachner con la partitura de \u201cAdela en el carrousel\u201d.<\/p>\n<p dir=\"ltr\">Durante el acto se proyect\u00f3 un video sobre el proceso de reglamentaci\u00f3n de la Ley de Promoci\u00f3n y Desarrollo de la Industria Audiovisual Bonaerense, sancionada a fines de 2025, que este a\u00f1o avanz\u00f3 a trav\u00e9s de cinco foros realizados en distintos puntos del territorio bonaerense con la participaci\u00f3n de trabajadores y trabajadoras, realizadores, productores, universidades, sindicatos y organizaciones del sector.<\/p>\n<p dir=\"ltr\">\n<p dir=\"ltr\"><a href=\"https:\/\/www.noticiasradioreflejos.com.ar\/2021\/comenzo-una-nueva-edicion-del-festival-internacional-de-cine-de-la-provincia-de-buenos-aires\/349a3023\/\" rel=\"attachment wp-att-143016\"><img loading=\"lazy\" decoding=\"async\" class=\"aligncenter size-full wp-image-143016\" src=\"https:\/\/www.noticiasradioreflejos.com.ar\/2021\/wp-content\/uploads\/2026\/09\/349A3023-scaled.jpeg\" alt=\"\" width=\"2560\" height=\"1707\" srcset=\"https:\/\/www.noticiasradioreflejos.com.ar\/2021\/wp-content\/uploads\/2026\/09\/349A3023-scaled.jpeg 2560w, https:\/\/www.noticiasradioreflejos.com.ar\/2021\/wp-content\/uploads\/2026\/09\/349A3023-300x200.jpeg 300w, https:\/\/www.noticiasradioreflejos.com.ar\/2021\/wp-content\/uploads\/2026\/09\/349A3023-1024x683.jpeg 1024w, https:\/\/www.noticiasradioreflejos.com.ar\/2021\/wp-content\/uploads\/2026\/09\/349A3023-768x512.jpeg 768w, https:\/\/www.noticiasradioreflejos.com.ar\/2021\/wp-content\/uploads\/2026\/09\/349A3023-1536x1024.jpeg 1536w, https:\/\/www.noticiasradioreflejos.com.ar\/2021\/wp-content\/uploads\/2026\/09\/349A3023-2048x1365.jpeg 2048w, https:\/\/www.noticiasradioreflejos.com.ar\/2021\/wp-content\/uploads\/2026\/09\/349A3023-750x500.jpeg 750w, https:\/\/www.noticiasradioreflejos.com.ar\/2021\/wp-content\/uploads\/2026\/09\/349A3023-1140x760.jpeg 1140w\" sizes=\"auto, (max-width: 2560px) 100vw, 2560px\" \/><\/a><\/p>\n<p dir=\"ltr\">La proyecci\u00f3n inaugural estuvo a cargo de Una energ\u00eda invisible me devora sin descanso, cortometraje dirigido por Ludmila Fontana, seleccionado como semifinalista de los Student Academy Awards. La obra se realiz\u00f3 en el Taller de Tesis de la carrera de Artes Audiovisuales de la Facultad de Artes de la Universidad Nacional de La Plata y est\u00e1 protagonizada por Lautaro Mor\u00e1n y Maite Aguilar.<\/p>\n<p dir=\"ltr\">FICPBA se desarrolla del 2 al 9 de septiembre con sede principal en La Plata y proyecciones libres y gratuitas en distintas salas de la ciudad. La sede central funciona en Cinema Paradiso \u201346 entre 10 y 11\u2013, mientras que las charlas y actividades especiales se concentran en el Centro Provincial de las Artes Teatro Argentino. Tambi\u00e9n habr\u00e1 funciones y encuentros en el Cine Select del Pasaje Dardo Rocha \u201350 entre 6 y 7\u2013, en el Anexo de la C\u00e1mara de Diputados de la Provincia \u201353 entre 8 y 9\u2013 y en el Colegio de Arquitectos de la Provincia de Buenos Aires. La programaci\u00f3n se completa con una subsede en Luj\u00e1n y con la Red de Salas Bonaerenses, que aporta m\u00e1s de 100 pantallas distribuidas en m\u00e1s de 60 municipios del territorio bonaerense.<\/p>\n<p dir=\"ltr\">La edici\u00f3n 2026 cuenta con cinco competencias: Internacional Largometraje de Ficci\u00f3n, Internacional Largometraje Documental, Cortometraje Internacional, Largometraje Bonaerense y Cortometraje Bonaerense. En paralelo se desarrolla la tercera edici\u00f3n del Mercado Internacional de la Industria Audiovisual de la Provincia, orientado a fomentar la coproducci\u00f3n y el intercambio cultural a nivel nacional e internacional, y un encuentro de estudiantes de carreras de cine y afines.<\/p>\n<p dir=\"ltr\">La programaci\u00f3n completa se puede consultar en la <a href=\"https:\/\/institutocultural.gba.gob.ar\/ficpba\" target=\"_blank\" rel=\"noopener\" data-saferedirecturl=\"https:\/\/www.google.com\/url?q=https:\/\/institutocultural.gba.gob.ar\/ficpba&amp;source=gmail&amp;ust=1788513554641000&amp;usg=AOvVaw3RsQq9N8zfbnUiwwt0i4Hn\">p\u00e1gina oficial <\/a>del Festival.<\/p>\n","protected":false},"excerpt":{"rendered":"<p>Con homenajes a figuras del cine argentino y un reconocimiento especial a Charly Garc\u00eda se dio inicio a la cuarta edici\u00f3n de FICPBA. El Festival se desarrolla del 2 al 9 de septiembre en La Plata, con una subsede en Luj\u00e1n y proyecciones en m\u00e1s de 60 municipios.<\/p>\n","protected":false},"author":3,"featured_media":143014,"comment_status":"closed","ping_status":"closed","sticky":false,"template":"","format":"standard","meta":{"footnotes":""},"categories":[35,26],"tags":[],"class_list":["post-143013","post","type-post","status-publish","format-standard","has-post-thumbnail","hentry","category-cultura","category-sociedad"],"yoast_head":"<!-- This site is optimized with the Yoast SEO plugin v25.9 - https:\/\/yoast.com\/wordpress\/plugins\/seo\/ -->\n<title>Comenz\u00f3 una nueva edici\u00f3n del Festival Internacional de Cine de la Provincia de Buenos Aires - Noticias Radio Reflejos<\/title>\n<meta name=\"robots\" content=\"index, follow, max-snippet:-1, max-image-preview:large, max-video-preview:-1\" \/>\n<link rel=\"canonical\" href=\"https:\/\/www.noticiasradioreflejos.com.ar\/2021\/comenzo-una-nueva-edicion-del-festival-internacional-de-cine-de-la-provincia-de-buenos-aires\/\" \/>\n<meta property=\"og:locale\" content=\"es_ES\" \/>\n<meta property=\"og:type\" content=\"article\" \/>\n<meta property=\"og:title\" content=\"Comenz\u00f3 una nueva edici\u00f3n del Festival Internacional de Cine de la Provincia de Buenos Aires - Noticias Radio Reflejos\" \/>\n<meta property=\"og:description\" content=\"Con homenajes a figuras del cine argentino y un reconocimiento especial a Charly Garc\u00eda se dio inicio a la cuarta edici\u00f3n de FICPBA. El Festival se desarrolla del 2 al 9 de septiembre en La Plata, con una subsede en Luj\u00e1n y proyecciones en m\u00e1s de 60 municipios.\" \/>\n<meta property=\"og:url\" content=\"https:\/\/www.noticiasradioreflejos.com.ar\/2021\/comenzo-una-nueva-edicion-del-festival-internacional-de-cine-de-la-provincia-de-buenos-aires\/\" \/>\n<meta property=\"og:site_name\" content=\"Noticias Radio Reflejos\" \/>\n<meta property=\"article:published_time\" content=\"2026-09-03T10:27:48+00:00\" \/>\n<meta property=\"article:modified_time\" content=\"2026-09-03T10:27:53+00:00\" \/>\n<meta property=\"og:image\" content=\"https:\/\/www.noticiasradioreflejos.com.ar\/2021\/wp-content\/uploads\/2026\/09\/MG_6962-scaled.jpeg\" \/>\n\t<meta property=\"og:image:width\" content=\"2560\" \/>\n\t<meta property=\"og:image:height\" content=\"1707\" \/>\n\t<meta property=\"og:image:type\" content=\"image\/jpeg\" \/>\n<meta name=\"author\" content=\"Arnaldo Botto\" \/>\n<meta name=\"twitter:card\" content=\"summary_large_image\" \/>\n<script type=\"application\/ld+json\" class=\"yoast-schema-graph\">{\"@context\":\"https:\/\/schema.org\",\"@graph\":[{\"@type\":\"WebPage\",\"@id\":\"https:\/\/www.noticiasradioreflejos.com.ar\/2021\/comenzo-una-nueva-edicion-del-festival-internacional-de-cine-de-la-provincia-de-buenos-aires\/\",\"url\":\"https:\/\/www.noticiasradioreflejos.com.ar\/2021\/comenzo-una-nueva-edicion-del-festival-internacional-de-cine-de-la-provincia-de-buenos-aires\/\",\"name\":\"Comenz\u00f3 una nueva edici\u00f3n del Festival Internacional de Cine de la Provincia de Buenos Aires - Noticias Radio Reflejos\",\"isPartOf\":{\"@id\":\"https:\/\/www.noticiasradioreflejos.com.ar\/2021\/#website\"},\"primaryImageOfPage\":{\"@id\":\"https:\/\/www.noticiasradioreflejos.com.ar\/2021\/comenzo-una-nueva-edicion-del-festival-internacional-de-cine-de-la-provincia-de-buenos-aires\/#primaryimage\"},\"image\":{\"@id\":\"https:\/\/www.noticiasradioreflejos.com.ar\/2021\/comenzo-una-nueva-edicion-del-festival-internacional-de-cine-de-la-provincia-de-buenos-aires\/#primaryimage\"},\"thumbnailUrl\":\"https:\/\/www.noticiasradioreflejos.com.ar\/2021\/wp-content\/uploads\/2026\/09\/MG_6962-scaled.jpeg\",\"datePublished\":\"2026-09-03T10:27:48+00:00\",\"dateModified\":\"2026-09-03T10:27:53+00:00\",\"author\":{\"@id\":\"https:\/\/www.noticiasradioreflejos.com.ar\/2021\/#\/schema\/person\/ad82545263dcc5ec0996818884fd5fb1\"},\"breadcrumb\":{\"@id\":\"https:\/\/www.noticiasradioreflejos.com.ar\/2021\/comenzo-una-nueva-edicion-del-festival-internacional-de-cine-de-la-provincia-de-buenos-aires\/#breadcrumb\"},\"inLanguage\":\"es\",\"potentialAction\":[{\"@type\":\"ReadAction\",\"target\":[\"https:\/\/www.noticiasradioreflejos.com.ar\/2021\/comenzo-una-nueva-edicion-del-festival-internacional-de-cine-de-la-provincia-de-buenos-aires\/\"]}]},{\"@type\":\"ImageObject\",\"inLanguage\":\"es\",\"@id\":\"https:\/\/www.noticiasradioreflejos.com.ar\/2021\/comenzo-una-nueva-edicion-del-festival-internacional-de-cine-de-la-provincia-de-buenos-aires\/#primaryimage\",\"url\":\"https:\/\/www.noticiasradioreflejos.com.ar\/2021\/wp-content\/uploads\/2026\/09\/MG_6962-scaled.jpeg\",\"contentUrl\":\"https:\/\/www.noticiasradioreflejos.com.ar\/2021\/wp-content\/uploads\/2026\/09\/MG_6962-scaled.jpeg\",\"width\":2560,\"height\":1707},{\"@type\":\"BreadcrumbList\",\"@id\":\"https:\/\/www.noticiasradioreflejos.com.ar\/2021\/comenzo-una-nueva-edicion-del-festival-internacional-de-cine-de-la-provincia-de-buenos-aires\/#breadcrumb\",\"itemListElement\":[{\"@type\":\"ListItem\",\"position\":1,\"name\":\"Portada\",\"item\":\"https:\/\/www.noticiasradioreflejos.com.ar\/2021\/\"},{\"@type\":\"ListItem\",\"position\":2,\"name\":\"Comenz\u00f3 una nueva edici\u00f3n del Festival Internacional de Cine de la Provincia de Buenos Aires\"}]},{\"@type\":\"WebSite\",\"@id\":\"https:\/\/www.noticiasradioreflejos.com.ar\/2021\/#website\",\"url\":\"https:\/\/www.noticiasradioreflejos.com.ar\/2021\/\",\"name\":\"Noticias Radio Reflejos\",\"description\":\"Las noticias de mi comarca\",\"potentialAction\":[{\"@type\":\"SearchAction\",\"target\":{\"@type\":\"EntryPoint\",\"urlTemplate\":\"https:\/\/www.noticiasradioreflejos.com.ar\/2021\/?s={search_term_string}\"},\"query-input\":{\"@type\":\"PropertyValueSpecification\",\"valueRequired\":true,\"valueName\":\"search_term_string\"}}],\"inLanguage\":\"es\"},{\"@type\":\"Person\",\"@id\":\"https:\/\/www.noticiasradioreflejos.com.ar\/2021\/#\/schema\/person\/ad82545263dcc5ec0996818884fd5fb1\",\"name\":\"Arnaldo Botto\",\"image\":{\"@type\":\"ImageObject\",\"inLanguage\":\"es\",\"@id\":\"https:\/\/www.noticiasradioreflejos.com.ar\/2021\/#\/schema\/person\/image\/\",\"url\":\"https:\/\/secure.gravatar.com\/avatar\/55cb5e37c1efa326397366e6974cb338056df65cb50e7d64d1cf314e87504837?s=96&d=mm&r=g\",\"contentUrl\":\"https:\/\/secure.gravatar.com\/avatar\/55cb5e37c1efa326397366e6974cb338056df65cb50e7d64d1cf314e87504837?s=96&d=mm&r=g\",\"caption\":\"Arnaldo Botto\"},\"url\":\"https:\/\/www.noticiasradioreflejos.com.ar\/2021\/author\/arnaldo\/\"}]}<\/script>\n<!-- \/ Yoast SEO plugin. -->","yoast_head_json":{"title":"Comenz\u00f3 una nueva edici\u00f3n del Festival Internacional de Cine de la Provincia de Buenos Aires - Noticias Radio Reflejos","robots":{"index":"index","follow":"follow","max-snippet":"max-snippet:-1","max-image-preview":"max-image-preview:large","max-video-preview":"max-video-preview:-1"},"canonical":"https:\/\/www.noticiasradioreflejos.com.ar\/2021\/comenzo-una-nueva-edicion-del-festival-internacional-de-cine-de-la-provincia-de-buenos-aires\/","og_locale":"es_ES","og_type":"article","og_title":"Comenz\u00f3 una nueva edici\u00f3n del Festival Internacional de Cine de la Provincia de Buenos Aires - Noticias Radio Reflejos","og_description":"Con homenajes a figuras del cine argentino y un reconocimiento especial a Charly Garc\u00eda se dio inicio a la cuarta edici\u00f3n de FICPBA. El Festival se desarrolla del 2 al 9 de septiembre en La Plata, con una subsede en Luj\u00e1n y proyecciones en m\u00e1s de 60 municipios.","og_url":"https:\/\/www.noticiasradioreflejos.com.ar\/2021\/comenzo-una-nueva-edicion-del-festival-internacional-de-cine-de-la-provincia-de-buenos-aires\/","og_site_name":"Noticias Radio Reflejos","article_published_time":"2026-09-03T10:27:48+00:00","article_modified_time":"2026-09-03T10:27:53+00:00","og_image":[{"width":2560,"height":1707,"url":"https:\/\/www.noticiasradioreflejos.com.ar\/2021\/wp-content\/uploads\/2026\/09\/MG_6962-scaled.jpeg","type":"image\/jpeg"}],"author":"Arnaldo Botto","twitter_card":"summary_large_image","schema":{"@context":"https:\/\/schema.org","@graph":[{"@type":"WebPage","@id":"https:\/\/www.noticiasradioreflejos.com.ar\/2021\/comenzo-una-nueva-edicion-del-festival-internacional-de-cine-de-la-provincia-de-buenos-aires\/","url":"https:\/\/www.noticiasradioreflejos.com.ar\/2021\/comenzo-una-nueva-edicion-del-festival-internacional-de-cine-de-la-provincia-de-buenos-aires\/","name":"Comenz\u00f3 una nueva edici\u00f3n del Festival Internacional de Cine de la Provincia de Buenos Aires - Noticias Radio Reflejos","isPartOf":{"@id":"https:\/\/www.noticiasradioreflejos.com.ar\/2021\/#website"},"primaryImageOfPage":{"@id":"https:\/\/www.noticiasradioreflejos.com.ar\/2021\/comenzo-una-nueva-edicion-del-festival-internacional-de-cine-de-la-provincia-de-buenos-aires\/#primaryimage"},"image":{"@id":"https:\/\/www.noticiasradioreflejos.com.ar\/2021\/comenzo-una-nueva-edicion-del-festival-internacional-de-cine-de-la-provincia-de-buenos-aires\/#primaryimage"},"thumbnailUrl":"https:\/\/www.noticiasradioreflejos.com.ar\/2021\/wp-content\/uploads\/2026\/09\/MG_6962-scaled.jpeg","datePublished":"2026-09-03T10:27:48+00:00","dateModified":"2026-09-03T10:27:53+00:00","author":{"@id":"https:\/\/www.noticiasradioreflejos.com.ar\/2021\/#\/schema\/person\/ad82545263dcc5ec0996818884fd5fb1"},"breadcrumb":{"@id":"https:\/\/www.noticiasradioreflejos.com.ar\/2021\/comenzo-una-nueva-edicion-del-festival-internacional-de-cine-de-la-provincia-de-buenos-aires\/#breadcrumb"},"inLanguage":"es","potentialAction":[{"@type":"ReadAction","target":["https:\/\/www.noticiasradioreflejos.com.ar\/2021\/comenzo-una-nueva-edicion-del-festival-internacional-de-cine-de-la-provincia-de-buenos-aires\/"]}]},{"@type":"ImageObject","inLanguage":"es","@id":"https:\/\/www.noticiasradioreflejos.com.ar\/2021\/comenzo-una-nueva-edicion-del-festival-internacional-de-cine-de-la-provincia-de-buenos-aires\/#primaryimage","url":"https:\/\/www.noticiasradioreflejos.com.ar\/2021\/wp-content\/uploads\/2026\/09\/MG_6962-scaled.jpeg","contentUrl":"https:\/\/www.noticiasradioreflejos.com.ar\/2021\/wp-content\/uploads\/2026\/09\/MG_6962-scaled.jpeg","width":2560,"height":1707},{"@type":"BreadcrumbList","@id":"https:\/\/www.noticiasradioreflejos.com.ar\/2021\/comenzo-una-nueva-edicion-del-festival-internacional-de-cine-de-la-provincia-de-buenos-aires\/#breadcrumb","itemListElement":[{"@type":"ListItem","position":1,"name":"Portada","item":"https:\/\/www.noticiasradioreflejos.com.ar\/2021\/"},{"@type":"ListItem","position":2,"name":"Comenz\u00f3 una nueva edici\u00f3n del Festival Internacional de Cine de la Provincia de Buenos Aires"}]},{"@type":"WebSite","@id":"https:\/\/www.noticiasradioreflejos.com.ar\/2021\/#website","url":"https:\/\/www.noticiasradioreflejos.com.ar\/2021\/","name":"Noticias Radio Reflejos","description":"Las noticias de mi comarca","potentialAction":[{"@type":"SearchAction","target":{"@type":"EntryPoint","urlTemplate":"https:\/\/www.noticiasradioreflejos.com.ar\/2021\/?s={search_term_string}"},"query-input":{"@type":"PropertyValueSpecification","valueRequired":true,"valueName":"search_term_string"}}],"inLanguage":"es"},{"@type":"Person","@id":"https:\/\/www.noticiasradioreflejos.com.ar\/2021\/#\/schema\/person\/ad82545263dcc5ec0996818884fd5fb1","name":"Arnaldo Botto","image":{"@type":"ImageObject","inLanguage":"es","@id":"https:\/\/www.noticiasradioreflejos.com.ar\/2021\/#\/schema\/person\/image\/","url":"https:\/\/secure.gravatar.com\/avatar\/55cb5e37c1efa326397366e6974cb338056df65cb50e7d64d1cf314e87504837?s=96&d=mm&r=g","contentUrl":"https:\/\/secure.gravatar.com\/avatar\/55cb5e37c1efa326397366e6974cb338056df65cb50e7d64d1cf314e87504837?s=96&d=mm&r=g","caption":"Arnaldo Botto"},"url":"https:\/\/www.noticiasradioreflejos.com.ar\/2021\/author\/arnaldo\/"}]}},"_links":{"self":[{"href":"https:\/\/www.noticiasradioreflejos.com.ar\/2021\/wp-json\/wp\/v2\/posts\/143013","targetHints":{"allow":["GET"]}}],"collection":[{"href":"https:\/\/www.noticiasradioreflejos.com.ar\/2021\/wp-json\/wp\/v2\/posts"}],"about":[{"href":"https:\/\/www.noticiasradioreflejos.com.ar\/2021\/wp-json\/wp\/v2\/types\/post"}],"author":[{"embeddable":true,"href":"https:\/\/www.noticiasradioreflejos.com.ar\/2021\/wp-json\/wp\/v2\/users\/3"}],"replies":[{"embeddable":true,"href":"https:\/\/www.noticiasradioreflejos.com.ar\/2021\/wp-json\/wp\/v2\/comments?post=143013"}],"version-history":[{"count":2,"href":"https:\/\/www.noticiasradioreflejos.com.ar\/2021\/wp-json\/wp\/v2\/posts\/143013\/revisions"}],"predecessor-version":[{"id":143018,"href":"https:\/\/www.noticiasradioreflejos.com.ar\/2021\/wp-json\/wp\/v2\/posts\/143013\/revisions\/143018"}],"wp:featuredmedia":[{"embeddable":true,"href":"https:\/\/www.noticiasradioreflejos.com.ar\/2021\/wp-json\/wp\/v2\/media\/143014"}],"wp:attachment":[{"href":"https:\/\/www.noticiasradioreflejos.com.ar\/2021\/wp-json\/wp\/v2\/media?parent=143013"}],"wp:term":[{"taxonomy":"category","embeddable":true,"href":"https:\/\/www.noticiasradioreflejos.com.ar\/2021\/wp-json\/wp\/v2\/categories?post=143013"},{"taxonomy":"post_tag","embeddable":true,"href":"https:\/\/www.noticiasradioreflejos.com.ar\/2021\/wp-json\/wp\/v2\/tags?post=143013"}],"curies":[{"name":"wp","href":"https:\/\/api.w.org\/{rel}","templated":true}]}}