{"id":143008,"date":"2026-09-03T07:02:26","date_gmt":"2026-09-03T10:02:26","guid":{"rendered":"https:\/\/www.noticiasradioreflejos.com.ar\/2021\/?p=143008"},"modified":"2026-09-03T07:02:28","modified_gmt":"2026-09-03T10:02:28","slug":"la-biblioteca-popular-gral-san-martin-de-saldungaray-celebra-la-semana-de-las-bibliotecas-populares-con-circo-y-musica-en-vivo","status":"publish","type":"post","link":"https:\/\/www.noticiasradioreflejos.com.ar\/2021\/la-biblioteca-popular-gral-san-martin-de-saldungaray-celebra-la-semana-de-las-bibliotecas-populares-con-circo-y-musica-en-vivo\/","title":{"rendered":"La Biblioteca Popular Gral. San Mart\u00edn de Saldungaray celebra la Semana de las Bibliotecas Populares con circo y m\u00fasica en vivo"},"content":{"rendered":"<p data-path-to-node=\"6\">En el marco de la celebraci\u00f3n de la <b data-path-to-node=\"6\" data-index-in-node=\"36\">Semana de las Bibliotecas Populares<\/b>, la Biblioteca Popular Gral. Jos\u00e9 de San Mart\u00edn de Saldungaray (ubicada en <b data-path-to-node=\"6\" data-index-in-node=\"147\">calle La Plata esquina Pav\u00f3n<\/b>) invita a toda la comunidad a participar de una jornada festiva especial el pr\u00f3ximo <b data-path-to-node=\"6\" data-index-in-node=\"260\">viernes 25 de septiembre<\/b>, con dos propuestas culturales abiertas al p\u00fablico.<!--more--><\/p>\n<h4 data-path-to-node=\"8\">\ud83c\udfad 17:30 HS \u2014 ESPECT\u00c1CULO INFANTIL Y FAMILIAR<\/h4>\n<p data-path-to-node=\"9\"><b data-path-to-node=\"9\" data-index-in-node=\"0\">El Payaso Chapirol presenta: <i data-path-to-node=\"9\" data-index-in-node=\"29\">\u00abDe vientos y aires\u00bb<\/i><\/b><\/p>\n<ul data-path-to-node=\"10\">\n<li>\n<p data-path-to-node=\"10,0,0\"><b data-path-to-node=\"10,0,0\" data-index-in-node=\"0\">Horario:<\/b> 17:30 hs.<\/p>\n<\/li>\n<li>\n<p data-path-to-node=\"10,1,0\"><b data-path-to-node=\"10,1,0\" data-index-in-node=\"0\">Lugar:<\/b> Biblioteca Popular Gral. San Mart\u00edn (La Plata y Pav\u00f3n).<\/p>\n<\/li>\n<li>\n<p data-path-to-node=\"10,2,0\"><b data-path-to-node=\"10,2,0\" data-index-in-node=\"0\">Entrada:<\/b> Contribuci\u00f3n voluntaria.<\/p>\n<\/li>\n<\/ul>\n<p data-path-to-node=\"11\"><b data-path-to-node=\"11\" data-index-in-node=\"0\">Sinopsis:<\/b> El Sr. Feliz (Payaso Chapirol) llega a escena y se encuentra con una valija marcada con una consigna clara: <i data-path-to-node=\"11\" data-index-in-node=\"118\">\u201cno tocar\u201d<\/i>. La curiosidad lo empuja a transgredir la regla y, a partir de ese gesto, se abre un universo de juego, consecuencias y descubrimientos.<\/p>\n<p data-path-to-node=\"12\">Objetos que esconden otros objetos, burbujas que vuelan, cubos que se transforman y un globo suspendido en lo alto acompa\u00f1an el recorrido del payaso, que se relaciona con el p\u00fablico sin palabras, a trav\u00e9s del cuerpo y la mirada. <i data-path-to-node=\"12\" data-index-in-node=\"229\">\u00abDe vientos y aires\u00bb<\/i> es un espect\u00e1culo circense sensible y participativo que invita a atravesar el deseo, el riesgo y la fragilidad, celebrando lo ef\u00edmero del encuentro y la belleza de lo compartido.<\/p>\n<h4 data-path-to-node=\"14\">\ud83c\udfb6 21:00 HS \u2014 NOCHE DE M\u00daSICA Y ENCUENTRO<\/h4>\n<p data-path-to-node=\"15\"><b data-path-to-node=\"15\" data-index-in-node=\"0\">La Pe\u00f1a de la Biblio<\/b><\/p>\n<ul data-path-to-node=\"16\">\n<li>\n<p data-path-to-node=\"16,0,0\"><b data-path-to-node=\"16,0,0\" data-index-in-node=\"0\">Horario:<\/b> 21:00 hs.<\/p>\n<\/li>\n<li>\n<p data-path-to-node=\"16,1,0\"><b data-path-to-node=\"16,1,0\" data-index-in-node=\"0\">Lugar:<\/b> Biblioteca Popular Gral. San Mart\u00edn (La Plata y Pav\u00f3n).<\/p>\n<\/li>\n<li>\n<p data-path-to-node=\"16,2,0\"><b data-path-to-node=\"16,2,0\" data-index-in-node=\"0\">Artistas en vivo:<\/b> <b data-path-to-node=\"16,2,0\" data-index-in-node=\"18\">La Trenza<\/b> y <b data-path-to-node=\"16,2,0\" data-index-in-node=\"30\">Los Abrojos del Pago<\/b>.<\/p>\n<\/li>\n<li>\n<p data-path-to-node=\"16,3,0\"><b data-path-to-node=\"16,3,0\" data-index-in-node=\"0\">Entrada:<\/b> Contribuci\u00f3n sugerida de $10.000.<\/p>\n<\/li>\n<li>\n<p data-path-to-node=\"16,4,0\"><b data-path-to-node=\"16,4,0\" data-index-in-node=\"0\">Servicio:<\/b> Cantina a beneficio de la Biblioteca.<\/p>\n<\/li>\n<\/ul>\n<p data-path-to-node=\"17\"><b data-path-to-node=\"17\" data-index-in-node=\"0\">Descripci\u00f3n:<\/b> Para cerrar el d\u00eda de festejos, la Biblioteca abre sus puertas por la noche para disfrutar de una pe\u00f1a folkl\u00f3rica y popular. El evento contar\u00e1 con la presentaci\u00f3n en vivo de <b data-path-to-node=\"17\" data-index-in-node=\"187\">La Trenza<\/b> y <b data-path-to-node=\"17\" data-index-in-node=\"199\">Los Abrojos del Pago<\/b>, adem\u00e1s de un servicio de cantina a beneficio de la instituci\u00f3n.<\/p>\n<p data-path-to-node=\"19\">\ud83d\udccd <b data-path-to-node=\"19\" data-index-in-node=\"3\">Ubicaci\u00f3n:<\/b> Calle La Plata, esquina Pav\u00f3n, Saldungaray.<\/p>\n<p data-path-to-node=\"20\">\ud83d\udcf1 <b data-path-to-node=\"20\" data-index-in-node=\"3\">Redes Sociales:<\/b> <a class=\"ng-star-inserted\" href=\"https:\/\/www.google.com\/search?q=https:\/\/instagram.com\/bibliotecasaldungaray\" target=\"_blank\" rel=\"noopener\" data-hveid=\"0\" data-ved=\"0CAAQ_4QMahgKEwjZ2bfxidKWAxUAAAAAHQAAAAAQngI\">@bibliotecasaldungaray<\/a><\/p>\n<p data-path-to-node=\"20\">\n<p data-path-to-node=\"20\"><a href=\"https:\/\/www.noticiasradioreflejos.com.ar\/2021\/la-biblioteca-popular-gral-san-martin-de-saldungaray-celebra-la-semana-de-las-bibliotecas-populares-con-circo-y-musica-en-vivo\/whatsapp-image-2026-09-01-at-09-45-37\/\" rel=\"attachment wp-att-143009\"><img loading=\"lazy\" decoding=\"async\" class=\"aligncenter size-full wp-image-143009\" src=\"https:\/\/www.noticiasradioreflejos.com.ar\/2021\/wp-content\/uploads\/2026\/09\/WhatsApp-Image-2026-09-01-at-09.45.37.jpeg\" alt=\"\" width=\"1080\" height=\"1350\" srcset=\"https:\/\/www.noticiasradioreflejos.com.ar\/2021\/wp-content\/uploads\/2026\/09\/WhatsApp-Image-2026-09-01-at-09.45.37.jpeg 1080w, https:\/\/www.noticiasradioreflejos.com.ar\/2021\/wp-content\/uploads\/2026\/09\/WhatsApp-Image-2026-09-01-at-09.45.37-240x300.jpeg 240w, https:\/\/www.noticiasradioreflejos.com.ar\/2021\/wp-content\/uploads\/2026\/09\/WhatsApp-Image-2026-09-01-at-09.45.37-819x1024.jpeg 819w, https:\/\/www.noticiasradioreflejos.com.ar\/2021\/wp-content\/uploads\/2026\/09\/WhatsApp-Image-2026-09-01-at-09.45.37-768x960.jpeg 768w, https:\/\/www.noticiasradioreflejos.com.ar\/2021\/wp-content\/uploads\/2026\/09\/WhatsApp-Image-2026-09-01-at-09.45.37-750x938.jpeg 750w\" sizes=\"auto, (max-width: 1080px) 100vw, 1080px\" \/><\/a><\/p>\n","protected":false},"excerpt":{"rendered":"<p>En el marco de la celebraci\u00f3n de la Semana de las Bibliotecas Populares, la Biblioteca Popular Gral. Jos\u00e9 de San Mart\u00edn de Saldungaray (ubicada en calle La Plata esquina Pav\u00f3n) invita a toda la comunidad a participar de una jornada festiva especial el pr\u00f3ximo viernes 25 de septiembre, con dos propuestas culturales abiertas al p\u00fablico.<\/p>\n","protected":false},"author":3,"featured_media":143010,"comment_status":"closed","ping_status":"closed","sticky":false,"template":"","format":"standard","meta":{"footnotes":""},"categories":[1],"tags":[],"class_list":["post-143008","post","type-post","status-publish","format-standard","has-post-thumbnail","hentry","category-sin-categoria"],"yoast_head":"<!-- This site is optimized with the Yoast SEO plugin v25.9 - https:\/\/yoast.com\/wordpress\/plugins\/seo\/ -->\n<title>La Biblioteca Popular Gral. San Mart\u00edn de Saldungaray celebra la Semana de las Bibliotecas Populares con circo y m\u00fasica en vivo - Noticias Radio Reflejos<\/title>\n<meta name=\"robots\" content=\"index, follow, max-snippet:-1, max-image-preview:large, max-video-preview:-1\" \/>\n<link rel=\"canonical\" href=\"https:\/\/www.noticiasradioreflejos.com.ar\/2021\/la-biblioteca-popular-gral-san-martin-de-saldungaray-celebra-la-semana-de-las-bibliotecas-populares-con-circo-y-musica-en-vivo\/\" \/>\n<meta property=\"og:locale\" content=\"es_ES\" \/>\n<meta property=\"og:type\" content=\"article\" \/>\n<meta property=\"og:title\" content=\"La Biblioteca Popular Gral. San Mart\u00edn de Saldungaray celebra la Semana de las Bibliotecas Populares con circo y m\u00fasica en vivo - Noticias Radio Reflejos\" \/>\n<meta property=\"og:description\" content=\"En el marco de la celebraci\u00f3n de la Semana de las Bibliotecas Populares, la Biblioteca Popular Gral. Jos\u00e9 de San Mart\u00edn de Saldungaray (ubicada en calle La Plata esquina Pav\u00f3n) invita a toda la comunidad a participar de una jornada festiva especial el pr\u00f3ximo viernes 25 de septiembre, con dos propuestas culturales abiertas al p\u00fablico.\" \/>\n<meta property=\"og:url\" content=\"https:\/\/www.noticiasradioreflejos.com.ar\/2021\/la-biblioteca-popular-gral-san-martin-de-saldungaray-celebra-la-semana-de-las-bibliotecas-populares-con-circo-y-musica-en-vivo\/\" \/>\n<meta property=\"og:site_name\" content=\"Noticias Radio Reflejos\" \/>\n<meta property=\"article:published_time\" content=\"2026-09-03T10:02:26+00:00\" \/>\n<meta property=\"article:modified_time\" content=\"2026-09-03T10:02:28+00:00\" \/>\n<meta property=\"og:image\" content=\"https:\/\/www.noticiasradioreflejos.com.ar\/2021\/wp-content\/uploads\/2026\/09\/WhatsApp-Image-2026-09-01-at-09.45.36.jpeg\" \/>\n\t<meta property=\"og:image:width\" content=\"1080\" \/>\n\t<meta property=\"og:image:height\" content=\"1350\" \/>\n\t<meta property=\"og:image:type\" content=\"image\/jpeg\" \/>\n<meta name=\"author\" content=\"Arnaldo Botto\" \/>\n<meta name=\"twitter:card\" content=\"summary_large_image\" \/>\n<script type=\"application\/ld+json\" class=\"yoast-schema-graph\">{\"@context\":\"https:\/\/schema.org\",\"@graph\":[{\"@type\":\"WebPage\",\"@id\":\"https:\/\/www.noticiasradioreflejos.com.ar\/2021\/la-biblioteca-popular-gral-san-martin-de-saldungaray-celebra-la-semana-de-las-bibliotecas-populares-con-circo-y-musica-en-vivo\/\",\"url\":\"https:\/\/www.noticiasradioreflejos.com.ar\/2021\/la-biblioteca-popular-gral-san-martin-de-saldungaray-celebra-la-semana-de-las-bibliotecas-populares-con-circo-y-musica-en-vivo\/\",\"name\":\"La Biblioteca Popular Gral. San Mart\u00edn de Saldungaray celebra la Semana de las Bibliotecas Populares con circo y m\u00fasica en vivo - Noticias Radio Reflejos\",\"isPartOf\":{\"@id\":\"https:\/\/www.noticiasradioreflejos.com.ar\/2021\/#website\"},\"primaryImageOfPage\":{\"@id\":\"https:\/\/www.noticiasradioreflejos.com.ar\/2021\/la-biblioteca-popular-gral-san-martin-de-saldungaray-celebra-la-semana-de-las-bibliotecas-populares-con-circo-y-musica-en-vivo\/#primaryimage\"},\"image\":{\"@id\":\"https:\/\/www.noticiasradioreflejos.com.ar\/2021\/la-biblioteca-popular-gral-san-martin-de-saldungaray-celebra-la-semana-de-las-bibliotecas-populares-con-circo-y-musica-en-vivo\/#primaryimage\"},\"thumbnailUrl\":\"https:\/\/www.noticiasradioreflejos.com.ar\/2021\/wp-content\/uploads\/2026\/09\/WhatsApp-Image-2026-09-01-at-09.45.36.jpeg\",\"datePublished\":\"2026-09-03T10:02:26+00:00\",\"dateModified\":\"2026-09-03T10:02:28+00:00\",\"author\":{\"@id\":\"https:\/\/www.noticiasradioreflejos.com.ar\/2021\/#\/schema\/person\/ad82545263dcc5ec0996818884fd5fb1\"},\"breadcrumb\":{\"@id\":\"https:\/\/www.noticiasradioreflejos.com.ar\/2021\/la-biblioteca-popular-gral-san-martin-de-saldungaray-celebra-la-semana-de-las-bibliotecas-populares-con-circo-y-musica-en-vivo\/#breadcrumb\"},\"inLanguage\":\"es\",\"potentialAction\":[{\"@type\":\"ReadAction\",\"target\":[\"https:\/\/www.noticiasradioreflejos.com.ar\/2021\/la-biblioteca-popular-gral-san-martin-de-saldungaray-celebra-la-semana-de-las-bibliotecas-populares-con-circo-y-musica-en-vivo\/\"]}]},{\"@type\":\"ImageObject\",\"inLanguage\":\"es\",\"@id\":\"https:\/\/www.noticiasradioreflejos.com.ar\/2021\/la-biblioteca-popular-gral-san-martin-de-saldungaray-celebra-la-semana-de-las-bibliotecas-populares-con-circo-y-musica-en-vivo\/#primaryimage\",\"url\":\"https:\/\/www.noticiasradioreflejos.com.ar\/2021\/wp-content\/uploads\/2026\/09\/WhatsApp-Image-2026-09-01-at-09.45.36.jpeg\",\"contentUrl\":\"https:\/\/www.noticiasradioreflejos.com.ar\/2021\/wp-content\/uploads\/2026\/09\/WhatsApp-Image-2026-09-01-at-09.45.36.jpeg\",\"width\":1080,\"height\":1350},{\"@type\":\"BreadcrumbList\",\"@id\":\"https:\/\/www.noticiasradioreflejos.com.ar\/2021\/la-biblioteca-popular-gral-san-martin-de-saldungaray-celebra-la-semana-de-las-bibliotecas-populares-con-circo-y-musica-en-vivo\/#breadcrumb\",\"itemListElement\":[{\"@type\":\"ListItem\",\"position\":1,\"name\":\"Portada\",\"item\":\"https:\/\/www.noticiasradioreflejos.com.ar\/2021\/\"},{\"@type\":\"ListItem\",\"position\":2,\"name\":\"La Biblioteca Popular Gral. San Mart\u00edn de Saldungaray celebra la Semana de las Bibliotecas Populares con circo y m\u00fasica en vivo\"}]},{\"@type\":\"WebSite\",\"@id\":\"https:\/\/www.noticiasradioreflejos.com.ar\/2021\/#website\",\"url\":\"https:\/\/www.noticiasradioreflejos.com.ar\/2021\/\",\"name\":\"Noticias Radio Reflejos\",\"description\":\"Las noticias de mi comarca\",\"potentialAction\":[{\"@type\":\"SearchAction\",\"target\":{\"@type\":\"EntryPoint\",\"urlTemplate\":\"https:\/\/www.noticiasradioreflejos.com.ar\/2021\/?s={search_term_string}\"},\"query-input\":{\"@type\":\"PropertyValueSpecification\",\"valueRequired\":true,\"valueName\":\"search_term_string\"}}],\"inLanguage\":\"es\"},{\"@type\":\"Person\",\"@id\":\"https:\/\/www.noticiasradioreflejos.com.ar\/2021\/#\/schema\/person\/ad82545263dcc5ec0996818884fd5fb1\",\"name\":\"Arnaldo Botto\",\"image\":{\"@type\":\"ImageObject\",\"inLanguage\":\"es\",\"@id\":\"https:\/\/www.noticiasradioreflejos.com.ar\/2021\/#\/schema\/person\/image\/\",\"url\":\"https:\/\/secure.gravatar.com\/avatar\/55cb5e37c1efa326397366e6974cb338056df65cb50e7d64d1cf314e87504837?s=96&d=mm&r=g\",\"contentUrl\":\"https:\/\/secure.gravatar.com\/avatar\/55cb5e37c1efa326397366e6974cb338056df65cb50e7d64d1cf314e87504837?s=96&d=mm&r=g\",\"caption\":\"Arnaldo Botto\"},\"url\":\"https:\/\/www.noticiasradioreflejos.com.ar\/2021\/author\/arnaldo\/\"}]}<\/script>\n<!-- \/ Yoast SEO plugin. -->","yoast_head_json":{"title":"La Biblioteca Popular Gral. San Mart\u00edn de Saldungaray celebra la Semana de las Bibliotecas Populares con circo y m\u00fasica en vivo - Noticias Radio Reflejos","robots":{"index":"index","follow":"follow","max-snippet":"max-snippet:-1","max-image-preview":"max-image-preview:large","max-video-preview":"max-video-preview:-1"},"canonical":"https:\/\/www.noticiasradioreflejos.com.ar\/2021\/la-biblioteca-popular-gral-san-martin-de-saldungaray-celebra-la-semana-de-las-bibliotecas-populares-con-circo-y-musica-en-vivo\/","og_locale":"es_ES","og_type":"article","og_title":"La Biblioteca Popular Gral. San Mart\u00edn de Saldungaray celebra la Semana de las Bibliotecas Populares con circo y m\u00fasica en vivo - Noticias Radio Reflejos","og_description":"En el marco de la celebraci\u00f3n de la Semana de las Bibliotecas Populares, la Biblioteca Popular Gral. Jos\u00e9 de San Mart\u00edn de Saldungaray (ubicada en calle La Plata esquina Pav\u00f3n) invita a toda la comunidad a participar de una jornada festiva especial el pr\u00f3ximo viernes 25 de septiembre, con dos propuestas culturales abiertas al p\u00fablico.","og_url":"https:\/\/www.noticiasradioreflejos.com.ar\/2021\/la-biblioteca-popular-gral-san-martin-de-saldungaray-celebra-la-semana-de-las-bibliotecas-populares-con-circo-y-musica-en-vivo\/","og_site_name":"Noticias Radio Reflejos","article_published_time":"2026-09-03T10:02:26+00:00","article_modified_time":"2026-09-03T10:02:28+00:00","og_image":[{"width":1080,"height":1350,"url":"https:\/\/www.noticiasradioreflejos.com.ar\/2021\/wp-content\/uploads\/2026\/09\/WhatsApp-Image-2026-09-01-at-09.45.36.jpeg","type":"image\/jpeg"}],"author":"Arnaldo Botto","twitter_card":"summary_large_image","schema":{"@context":"https:\/\/schema.org","@graph":[{"@type":"WebPage","@id":"https:\/\/www.noticiasradioreflejos.com.ar\/2021\/la-biblioteca-popular-gral-san-martin-de-saldungaray-celebra-la-semana-de-las-bibliotecas-populares-con-circo-y-musica-en-vivo\/","url":"https:\/\/www.noticiasradioreflejos.com.ar\/2021\/la-biblioteca-popular-gral-san-martin-de-saldungaray-celebra-la-semana-de-las-bibliotecas-populares-con-circo-y-musica-en-vivo\/","name":"La Biblioteca Popular Gral. San Mart\u00edn de Saldungaray celebra la Semana de las Bibliotecas Populares con circo y m\u00fasica en vivo - Noticias Radio Reflejos","isPartOf":{"@id":"https:\/\/www.noticiasradioreflejos.com.ar\/2021\/#website"},"primaryImageOfPage":{"@id":"https:\/\/www.noticiasradioreflejos.com.ar\/2021\/la-biblioteca-popular-gral-san-martin-de-saldungaray-celebra-la-semana-de-las-bibliotecas-populares-con-circo-y-musica-en-vivo\/#primaryimage"},"image":{"@id":"https:\/\/www.noticiasradioreflejos.com.ar\/2021\/la-biblioteca-popular-gral-san-martin-de-saldungaray-celebra-la-semana-de-las-bibliotecas-populares-con-circo-y-musica-en-vivo\/#primaryimage"},"thumbnailUrl":"https:\/\/www.noticiasradioreflejos.com.ar\/2021\/wp-content\/uploads\/2026\/09\/WhatsApp-Image-2026-09-01-at-09.45.36.jpeg","datePublished":"2026-09-03T10:02:26+00:00","dateModified":"2026-09-03T10:02:28+00:00","author":{"@id":"https:\/\/www.noticiasradioreflejos.com.ar\/2021\/#\/schema\/person\/ad82545263dcc5ec0996818884fd5fb1"},"breadcrumb":{"@id":"https:\/\/www.noticiasradioreflejos.com.ar\/2021\/la-biblioteca-popular-gral-san-martin-de-saldungaray-celebra-la-semana-de-las-bibliotecas-populares-con-circo-y-musica-en-vivo\/#breadcrumb"},"inLanguage":"es","potentialAction":[{"@type":"ReadAction","target":["https:\/\/www.noticiasradioreflejos.com.ar\/2021\/la-biblioteca-popular-gral-san-martin-de-saldungaray-celebra-la-semana-de-las-bibliotecas-populares-con-circo-y-musica-en-vivo\/"]}]},{"@type":"ImageObject","inLanguage":"es","@id":"https:\/\/www.noticiasradioreflejos.com.ar\/2021\/la-biblioteca-popular-gral-san-martin-de-saldungaray-celebra-la-semana-de-las-bibliotecas-populares-con-circo-y-musica-en-vivo\/#primaryimage","url":"https:\/\/www.noticiasradioreflejos.com.ar\/2021\/wp-content\/uploads\/2026\/09\/WhatsApp-Image-2026-09-01-at-09.45.36.jpeg","contentUrl":"https:\/\/www.noticiasradioreflejos.com.ar\/2021\/wp-content\/uploads\/2026\/09\/WhatsApp-Image-2026-09-01-at-09.45.36.jpeg","width":1080,"height":1350},{"@type":"BreadcrumbList","@id":"https:\/\/www.noticiasradioreflejos.com.ar\/2021\/la-biblioteca-popular-gral-san-martin-de-saldungaray-celebra-la-semana-de-las-bibliotecas-populares-con-circo-y-musica-en-vivo\/#breadcrumb","itemListElement":[{"@type":"ListItem","position":1,"name":"Portada","item":"https:\/\/www.noticiasradioreflejos.com.ar\/2021\/"},{"@type":"ListItem","position":2,"name":"La Biblioteca Popular Gral. San Mart\u00edn de Saldungaray celebra la Semana de las Bibliotecas Populares con circo y m\u00fasica en vivo"}]},{"@type":"WebSite","@id":"https:\/\/www.noticiasradioreflejos.com.ar\/2021\/#website","url":"https:\/\/www.noticiasradioreflejos.com.ar\/2021\/","name":"Noticias Radio Reflejos","description":"Las noticias de mi comarca","potentialAction":[{"@type":"SearchAction","target":{"@type":"EntryPoint","urlTemplate":"https:\/\/www.noticiasradioreflejos.com.ar\/2021\/?s={search_term_string}"},"query-input":{"@type":"PropertyValueSpecification","valueRequired":true,"valueName":"search_term_string"}}],"inLanguage":"es"},{"@type":"Person","@id":"https:\/\/www.noticiasradioreflejos.com.ar\/2021\/#\/schema\/person\/ad82545263dcc5ec0996818884fd5fb1","name":"Arnaldo Botto","image":{"@type":"ImageObject","inLanguage":"es","@id":"https:\/\/www.noticiasradioreflejos.com.ar\/2021\/#\/schema\/person\/image\/","url":"https:\/\/secure.gravatar.com\/avatar\/55cb5e37c1efa326397366e6974cb338056df65cb50e7d64d1cf314e87504837?s=96&d=mm&r=g","contentUrl":"https:\/\/secure.gravatar.com\/avatar\/55cb5e37c1efa326397366e6974cb338056df65cb50e7d64d1cf314e87504837?s=96&d=mm&r=g","caption":"Arnaldo Botto"},"url":"https:\/\/www.noticiasradioreflejos.com.ar\/2021\/author\/arnaldo\/"}]}},"_links":{"self":[{"href":"https:\/\/www.noticiasradioreflejos.com.ar\/2021\/wp-json\/wp\/v2\/posts\/143008","targetHints":{"allow":["GET"]}}],"collection":[{"href":"https:\/\/www.noticiasradioreflejos.com.ar\/2021\/wp-json\/wp\/v2\/posts"}],"about":[{"href":"https:\/\/www.noticiasradioreflejos.com.ar\/2021\/wp-json\/wp\/v2\/types\/post"}],"author":[{"embeddable":true,"href":"https:\/\/www.noticiasradioreflejos.com.ar\/2021\/wp-json\/wp\/v2\/users\/3"}],"replies":[{"embeddable":true,"href":"https:\/\/www.noticiasradioreflejos.com.ar\/2021\/wp-json\/wp\/v2\/comments?post=143008"}],"version-history":[{"count":2,"href":"https:\/\/www.noticiasradioreflejos.com.ar\/2021\/wp-json\/wp\/v2\/posts\/143008\/revisions"}],"predecessor-version":[{"id":143012,"href":"https:\/\/www.noticiasradioreflejos.com.ar\/2021\/wp-json\/wp\/v2\/posts\/143008\/revisions\/143012"}],"wp:featuredmedia":[{"embeddable":true,"href":"https:\/\/www.noticiasradioreflejos.com.ar\/2021\/wp-json\/wp\/v2\/media\/143010"}],"wp:attachment":[{"href":"https:\/\/www.noticiasradioreflejos.com.ar\/2021\/wp-json\/wp\/v2\/media?parent=143008"}],"wp:term":[{"taxonomy":"category","embeddable":true,"href":"https:\/\/www.noticiasradioreflejos.com.ar\/2021\/wp-json\/wp\/v2\/categories?post=143008"},{"taxonomy":"post_tag","embeddable":true,"href":"https:\/\/www.noticiasradioreflejos.com.ar\/2021\/wp-json\/wp\/v2\/tags?post=143008"}],"curies":[{"name":"wp","href":"https:\/\/api.w.org\/{rel}","templated":true}]}}