{"id":142999,"date":"2026-09-02T20:38:16","date_gmt":"2026-09-02T23:38:16","guid":{"rendered":"https:\/\/www.noticiasradioreflejos.com.ar\/2021\/?p=142999"},"modified":"2026-09-02T20:38:16","modified_gmt":"2026-09-02T23:38:16","slug":"se-celebra-por-primera-vez-en-argentina-el-dia-de-la-mujer-cervecera","status":"publish","type":"post","link":"https:\/\/www.noticiasradioreflejos.com.ar\/2021\/se-celebra-por-primera-vez-en-argentina-el-dia-de-la-mujer-cervecera\/","title":{"rendered":"Se celebra por primera vez en Argentina el D\u00eda de la Mujer Cervecera"},"content":{"rendered":"<p style=\"font-weight: 400;\">La iniciativa plantea que la fecha se conmemora el primer s\u00e1bado de septiembre y que funcione como una herramienta para visibilizar el aporte hist\u00f3rico y actual de las mujeres a la industria cervecera.<!--more--><\/p>\n<p>&nbsp;<\/p>\n<p style=\"font-weight: 400;\">Una propuesta de las asociaciones \u201cColectiva de Cerveceras\u201d y \u201cBirreras de Argentina\u201d, con el apoyo de la C\u00e1mara de Cerveceros Artesanales de Argentina busca institucionalizar el primer s\u00e1bado de septiembre como el D\u00eda de la Mujer Cervecera y reconocerlo como una fecha destinada a visibilizar y documentar el aporte de las mujeres al desarrollo de la cerveza artesanal argentina, adem\u00e1s de mostrar su trabajo profesional dentro de la industria cervecera.<\/p>\n<p style=\"font-weight: 400;\">El proyecto tambi\u00e9n apunta a promover la participaci\u00f3n de nuevas generaciones de mujeres en la actividad y a contribuir a la construcci\u00f3n de un sector cervecero m\u00e1s inclusivo y representativo.<\/p>\n<p style=\"font-weight: 400;\">La elecci\u00f3n del d\u00eda contempla un doble homenaje. Por un lado, a Hildegarda de Bingen (1098-1179), abadesa, cient\u00edfica y naturalista, considerada una de las figuras hist\u00f3ricas m\u00e1s relevantes de la tradici\u00f3n cervecera occidental. Se la reconoce por haber documentado las propiedades y los beneficios del uso del l\u00fapulo en la elaboraci\u00f3n de cerveza. Por otro lado, la jornada homenajear\u00e1 a Mar\u00eda Fern\u00e1ndez Preisegger, oriunda de Daireaux, ciudad ubicada en la provincia de Buenos Aires. Mariana, m\u00e1s conocida como \u201cLa Galle\u201d, fue una colega cervecera argentina, docente, ambientalista y biotecn\u00f3loga, una de las primeras cerveceras en desarrollar un proyecto de cerveza inclusiva sin TACC en su cervecer\u00eda Ninka.<\/p>\n<p style=\"font-weight: 400;\"><em>\u201cCon esta iniciativa queremos reconocer el aporte hist\u00f3rico de las mujeres a la producci\u00f3n cervecera a lo largo de los siglos y a su vez visibilizar el trabajo que actualmente realizan miles de mujeres en la industria. Es una fecha que queremos que sirva como una herramienta de sensibilizaci\u00f3n y difusi\u00f3n, a trav\u00e9s de actividades educativas, culturales y comunitarias orientadas a reconocer a las mujeres como protagonistas del sector\u201d,<\/em>\u00a0cuenta<strong> Rulo Bustillo, vicepresidente de la C\u00e1mara de\u00a0<\/strong><strong>Cerveceros Artesanales de Argentina.<\/strong><\/p>\n<p style=\"font-weight: 400;\">Con respecto a la participaci\u00f3n de mujeres dentro de la industria, no se cuenta a\u00fan con datos oficiales, pero se estima que existe aproximadamente un 30% de mujeres que realizan actividades vinculadas a la industria cervecera, sea en plantas, producci\u00f3n, laboratorio, comunicaci\u00f3n, ense\u00f1anza, participaci\u00f3n en paneles de cata.\u00a0 Estas cifras ser\u00edan similares o m\u00e1s bajas a\u00fan en otros pa\u00edses de Latinoam\u00e9rica.<\/p>\n<p>&nbsp;<\/p>\n<h4><strong>Una cocci\u00f3n colaborativa como punto de partida<\/strong><\/h4>\n<p style=\"font-weight: 400;\">Como inicio y parte de las acciones vinculadas con la propuesta, el pasado 28 de julio se realiz\u00f3 una cocci\u00f3n de cerveza colaborativa en la f\u00e1brica de Madre Tierra, en La Plata, una cervecer\u00eda dirigida por\u00a0Roc\u00edo Lezcano,\u00a0soci\u00f3loga y cervecera, co propietaria de Madre Tierra cerveza y\u00a0quien recientemente ha publicado el libro titulado \u201cMujeres Cerveceras en Argentina\u201d, partiendo de una investigaci\u00f3n sociol\u00f3gica acerca de las mujeres en el rubro y que motiv\u00f3 adem\u00e1s la propuesta de institucionalizaci\u00f3n de esta fecha.\u00a0La jornada fue de participaci\u00f3n abierta y convoc\u00f3 a mujeres referentes del sector.<\/p>\n<p style=\"font-weight: 400;\">Para la elaboraci\u00f3n se eligi\u00f3 el estilo Grisette, una cerveza hist\u00f3rica originaria de la regi\u00f3n minera de Henao, en la frontera entre B\u00e9lgica y Francia. Su nombre proviene de la piedra gris local o de los vestidos grises de las servidoras de las tabernas. Se trataba de una bebida refrescante y de r\u00e1pida reposici\u00f3n para los mineros. La Grisette se caracteriza por tener un contenido alcoh\u00f3lico muy bajo, de entre 3,0% y 5,0%; un color dorado p\u00e1lido y, con frecuencia, un aspecto turbio debido al uso de trigo. Presenta un cuerpo ligero, un final muy seco, alta carbonataci\u00f3n y notas r\u00fasticas, herbales o c\u00edtricas.<\/p>\n<p style=\"font-weight: 400;\">Esta cerveza ser\u00e1 presentada durante el D\u00eda de la Mujer Cervecera y se vender\u00e1 en distintos puntos del pa\u00eds en formato de latas y barriles, con el objetivo de difundir la fecha en bares y espacios cerveceros.<\/p>\n<p><em>\u201cLa presencia de las mujeres en la cerveza artesanal debe naturalizarse en todos los niveles, desde la producci\u00f3n y el laboratorio hasta la direcci\u00f3n, la comercializaci\u00f3n y la toma de decisiones, sin que tengamos que demostrar permanentemente nuestras capacidades\u201d<\/em>, comenta Roc\u00edo Lezcano y agrega, \u201c<em>la capacitaci\u00f3n y las redes de apoyo son fundamentales para que m\u00e1s mujeres puedan profesionalizarse, puedan acceder a nuevos espacios y encontrar referentes dentro de un sector hist\u00f3ricamente masculinizado. La participaci\u00f3n femenina enriquece e innova la industria, porque incorpora nuevas miradas sobre las recetas, los ingredientes locales, los maridajes y la relaci\u00f3n entre cerveza, gastronom\u00eda, territorio y cultura. La equidad requiere cambios concretos en toda la cadena cervecera: mejores oportunidades de capacitaci\u00f3n y financiamiento, acceso a puestos t\u00e9cnicos y de decisi\u00f3n, condiciones laborales adecuadas y reconocimiento de las mujeres como productoras, t\u00e9cnicas, empresarias, investigadoras y l\u00edderes de proyectos\u201d<\/em><em>.<\/em><\/p>\n<p style=\"font-weight: 400;\">\n<h4 style=\"font-weight: 400;\"><strong>Actividades lideradas por m<\/strong><strong>ujeres<\/strong><\/h4>\n<p style=\"font-weight: 400;\">Durante la jornada se desarrollar\u00e1n actividades lideradas por mujeres para visibilizar su trabajo en el sector cervecero actual. La agenda contempla cocciones, degustaciones, catas, presentaciones de cerveza, cursos y visitas a f\u00e1bricas, entre otras propuestas.<\/p>\n<p style=\"font-weight: 400;\">De este modo, el D\u00eda de la Mujer Cervecera se presenta como una iniciativa orientada a poner en valor la trayectoria hist\u00f3rica de las mujeres en la producci\u00f3n de cerveza y, al mismo tiempo, a mostrar su participaci\u00f3n profesional en la actividad contempor\u00e1nea.<\/p>\n<h4 style=\"font-weight: 400;\"><\/h4>\n<h4 style=\"font-weight: 400;\"><strong>Datos del sector<\/strong><\/h4>\n<p style=\"font-weight: 400;\">Recientemente la C\u00e1mara de Cerveceros Artesanales de Argentina (CCAA) realiz\u00f3 un relevamiento sobre un muestreo relevante de\u00a0 cervecer\u00edas de todo el pa\u00eds, que revela una realidad de una industria en expansi\u00f3n: es un sector dominado por peque\u00f1os emprendimientos y concentrado geogr\u00e1ficamente en Buenos Aires.<\/p>\n<p style=\"font-weight: 400;\">El informe muestra que el sector es mayoritariamente pyme chica: 7 de cada 10 cervecer\u00edas tienen una capacidad instalada de menos de 10.000 litros por mes. Solo<\/p>\n<p style=\"font-weight: 400;\">un 3% opera en una escala que empieza a acercarse a semi-industria, es decir, m\u00e1s de 100.000 litros por mes. Esta fragmentaci\u00f3n es tanto una fortaleza como una vulnerabilidad: permite flexibilidad y adaptaci\u00f3n, pero limita econom\u00edas de escala.<\/p>\n<p style=\"font-weight: 400;\">Entre las cervecer\u00edas relevadas, los modelos de negocio var\u00edan significativamente.<\/p>\n<p style=\"font-weight: 400;\">El 42% opera como f\u00e1brica pura, dedicada exclusivamente a la producci\u00f3n. El 27% combina producci\u00f3n con tap room (espacio de degustaci\u00f3n y consumo). El 21% integra bares propios a la operaci\u00f3n. El 10% restante utiliza formatos alternativos, incluyendo operaciones &amp;quot;fas\u00f3n&amp;quot; (producci\u00f3n tercerizada) y eventos espor\u00e1dicos.<\/p>\n<p style=\"font-weight: 400;\">Esta diversificaci\u00f3n de modelos sugiere que los emprendedores buscan capturar valor en diferentes puntos de la cadena. Quienes invierten en tap room o bares propios apuestan a m\u00e1rgenes m\u00e1s altos en venta directa. Quienes operan como f\u00e1brica pura optimizan costos de operaci\u00f3n.<\/p>\n<p style=\"font-weight: 400;\">Pero el dato m\u00e1s revelador est\u00e1 en la distribuci\u00f3n: el 75% de las cervecer\u00edas no trabaja con distribuidores. Venden directamente al consumidor final. Esto significa que 3 de cada 4 cervecer\u00edas han decidido prescindir de intermediarios comerciales, asumiendo ellas mismas la responsabilidad de log\u00edstica y venta.\u00a0 El informe muestra tambi\u00e9n que el 74% de las cervecer\u00edas opera con 7 personas o menos, incluyendo socios. Esta cifra es reveladora del tipo de emprendimiento que caracteriza al sector: operaciones peque\u00f1as, frecuentemente con participaci\u00f3n directa de los due\u00f1os en la producci\u00f3n y venta.<\/p>\n<p style=\"font-weight: 400;\">La antig\u00fcedad de estas operaciones refuerza el perfil de emprendimiento reciente. El 50% central de las cervecer\u00edas abri\u00f3 entre 2013 y 2018. Esto significa que la mayor\u00eda de la industria tiene menos de 13 a\u00f1os de antig\u00fcedad. Es una industria joven, con equipos peque\u00f1os y sin experiencia acumulada de largo plazo. Solo el 19% de las cervecer\u00edas ha diversificado su portafolio hacia otras bebidas. Esta baja diversificaci\u00f3n sugiere que la mayor\u00eda est\u00e1 apostando todo a la cerveza, sin colchones de ingresos alternativos.<\/p>\n<p style=\"font-weight: 400;\">El ranking de estilos m\u00e1s consumidos por los argentinos revela una preferencia clara: la Blonde\/Golden\/Pilsen domina ampliamente con el 90% de las cervecer\u00edas ubic\u00e1ndola entre sus tres estilos m\u00e1s vendidos. El segundo lugar lo ocupa la American IPA con el 64%, consolid\u00e1ndose como el estilo cl\u00e1sico del movimiento craft. La APA\/Session IPA (versi\u00f3n m\u00e1s accesible del IPA) aparece en el 48% de las cervecer\u00edas. La Honey (estilo con dulzor suave) est\u00e1 presente en el 38%, reflejando preferencias locales.<\/p>\n","protected":false},"excerpt":{"rendered":"<p>La iniciativa plantea que la fecha se conmemora el primer s\u00e1bado de septiembre y que funcione como una herramienta para visibilizar el aporte hist\u00f3rico y actual de las mujeres a la industria cervecera.<\/p>\n","protected":false},"author":3,"featured_media":143000,"comment_status":"closed","ping_status":"closed","sticky":false,"template":"","format":"standard","meta":{"footnotes":""},"categories":[36,26],"tags":[48],"class_list":["post-142999","post","type-post","status-publish","format-standard","has-post-thumbnail","hentry","category-economia","category-sociedad","tag-destacada"],"yoast_head":"<!-- This site is optimized with the Yoast SEO plugin v25.9 - https:\/\/yoast.com\/wordpress\/plugins\/seo\/ -->\n<title>Se celebra por primera vez en Argentina el D\u00eda de la Mujer Cervecera - Noticias Radio Reflejos<\/title>\n<meta name=\"robots\" content=\"index, follow, max-snippet:-1, max-image-preview:large, max-video-preview:-1\" \/>\n<link rel=\"canonical\" href=\"https:\/\/www.noticiasradioreflejos.com.ar\/2021\/se-celebra-por-primera-vez-en-argentina-el-dia-de-la-mujer-cervecera\/\" \/>\n<meta property=\"og:locale\" content=\"es_ES\" \/>\n<meta property=\"og:type\" content=\"article\" \/>\n<meta property=\"og:title\" content=\"Se celebra por primera vez en Argentina el D\u00eda de la Mujer Cervecera - Noticias Radio Reflejos\" \/>\n<meta property=\"og:description\" content=\"La iniciativa plantea que la fecha se conmemora el primer s\u00e1bado de septiembre y que funcione como una herramienta para visibilizar el aporte hist\u00f3rico y actual de las mujeres a la industria cervecera.\" \/>\n<meta property=\"og:url\" content=\"https:\/\/www.noticiasradioreflejos.com.ar\/2021\/se-celebra-por-primera-vez-en-argentina-el-dia-de-la-mujer-cervecera\/\" \/>\n<meta property=\"og:site_name\" content=\"Noticias Radio Reflejos\" \/>\n<meta property=\"article:published_time\" content=\"2026-09-02T23:38:16+00:00\" \/>\n<meta property=\"og:image\" content=\"https:\/\/www.noticiasradioreflejos.com.ar\/2021\/wp-content\/uploads\/2026\/09\/Dia-de-la-mujer-cervecera.jpeg\" \/>\n\t<meta property=\"og:image:width\" content=\"1280\" \/>\n\t<meta property=\"og:image:height\" content=\"720\" \/>\n\t<meta property=\"og:image:type\" content=\"image\/jpeg\" \/>\n<meta name=\"author\" content=\"Arnaldo Botto\" \/>\n<meta name=\"twitter:card\" content=\"summary_large_image\" \/>\n<script type=\"application\/ld+json\" class=\"yoast-schema-graph\">{\"@context\":\"https:\/\/schema.org\",\"@graph\":[{\"@type\":\"WebPage\",\"@id\":\"https:\/\/www.noticiasradioreflejos.com.ar\/2021\/se-celebra-por-primera-vez-en-argentina-el-dia-de-la-mujer-cervecera\/\",\"url\":\"https:\/\/www.noticiasradioreflejos.com.ar\/2021\/se-celebra-por-primera-vez-en-argentina-el-dia-de-la-mujer-cervecera\/\",\"name\":\"Se celebra por primera vez en Argentina el D\u00eda de la Mujer Cervecera - Noticias Radio Reflejos\",\"isPartOf\":{\"@id\":\"https:\/\/www.noticiasradioreflejos.com.ar\/2021\/#website\"},\"primaryImageOfPage\":{\"@id\":\"https:\/\/www.noticiasradioreflejos.com.ar\/2021\/se-celebra-por-primera-vez-en-argentina-el-dia-de-la-mujer-cervecera\/#primaryimage\"},\"image\":{\"@id\":\"https:\/\/www.noticiasradioreflejos.com.ar\/2021\/se-celebra-por-primera-vez-en-argentina-el-dia-de-la-mujer-cervecera\/#primaryimage\"},\"thumbnailUrl\":\"https:\/\/www.noticiasradioreflejos.com.ar\/2021\/wp-content\/uploads\/2026\/09\/Dia-de-la-mujer-cervecera.jpeg\",\"datePublished\":\"2026-09-02T23:38:16+00:00\",\"author\":{\"@id\":\"https:\/\/www.noticiasradioreflejos.com.ar\/2021\/#\/schema\/person\/ad82545263dcc5ec0996818884fd5fb1\"},\"breadcrumb\":{\"@id\":\"https:\/\/www.noticiasradioreflejos.com.ar\/2021\/se-celebra-por-primera-vez-en-argentina-el-dia-de-la-mujer-cervecera\/#breadcrumb\"},\"inLanguage\":\"es\",\"potentialAction\":[{\"@type\":\"ReadAction\",\"target\":[\"https:\/\/www.noticiasradioreflejos.com.ar\/2021\/se-celebra-por-primera-vez-en-argentina-el-dia-de-la-mujer-cervecera\/\"]}]},{\"@type\":\"ImageObject\",\"inLanguage\":\"es\",\"@id\":\"https:\/\/www.noticiasradioreflejos.com.ar\/2021\/se-celebra-por-primera-vez-en-argentina-el-dia-de-la-mujer-cervecera\/#primaryimage\",\"url\":\"https:\/\/www.noticiasradioreflejos.com.ar\/2021\/wp-content\/uploads\/2026\/09\/Dia-de-la-mujer-cervecera.jpeg\",\"contentUrl\":\"https:\/\/www.noticiasradioreflejos.com.ar\/2021\/wp-content\/uploads\/2026\/09\/Dia-de-la-mujer-cervecera.jpeg\",\"width\":1280,\"height\":720},{\"@type\":\"BreadcrumbList\",\"@id\":\"https:\/\/www.noticiasradioreflejos.com.ar\/2021\/se-celebra-por-primera-vez-en-argentina-el-dia-de-la-mujer-cervecera\/#breadcrumb\",\"itemListElement\":[{\"@type\":\"ListItem\",\"position\":1,\"name\":\"Portada\",\"item\":\"https:\/\/www.noticiasradioreflejos.com.ar\/2021\/\"},{\"@type\":\"ListItem\",\"position\":2,\"name\":\"Se celebra por primera vez en Argentina el D\u00eda de la Mujer Cervecera\"}]},{\"@type\":\"WebSite\",\"@id\":\"https:\/\/www.noticiasradioreflejos.com.ar\/2021\/#website\",\"url\":\"https:\/\/www.noticiasradioreflejos.com.ar\/2021\/\",\"name\":\"Noticias Radio Reflejos\",\"description\":\"Las noticias de mi comarca\",\"potentialAction\":[{\"@type\":\"SearchAction\",\"target\":{\"@type\":\"EntryPoint\",\"urlTemplate\":\"https:\/\/www.noticiasradioreflejos.com.ar\/2021\/?s={search_term_string}\"},\"query-input\":{\"@type\":\"PropertyValueSpecification\",\"valueRequired\":true,\"valueName\":\"search_term_string\"}}],\"inLanguage\":\"es\"},{\"@type\":\"Person\",\"@id\":\"https:\/\/www.noticiasradioreflejos.com.ar\/2021\/#\/schema\/person\/ad82545263dcc5ec0996818884fd5fb1\",\"name\":\"Arnaldo Botto\",\"image\":{\"@type\":\"ImageObject\",\"inLanguage\":\"es\",\"@id\":\"https:\/\/www.noticiasradioreflejos.com.ar\/2021\/#\/schema\/person\/image\/\",\"url\":\"https:\/\/secure.gravatar.com\/avatar\/55cb5e37c1efa326397366e6974cb338056df65cb50e7d64d1cf314e87504837?s=96&d=mm&r=g\",\"contentUrl\":\"https:\/\/secure.gravatar.com\/avatar\/55cb5e37c1efa326397366e6974cb338056df65cb50e7d64d1cf314e87504837?s=96&d=mm&r=g\",\"caption\":\"Arnaldo Botto\"},\"url\":\"https:\/\/www.noticiasradioreflejos.com.ar\/2021\/author\/arnaldo\/\"}]}<\/script>\n<!-- \/ Yoast SEO plugin. -->","yoast_head_json":{"title":"Se celebra por primera vez en Argentina el D\u00eda de la Mujer Cervecera - Noticias Radio Reflejos","robots":{"index":"index","follow":"follow","max-snippet":"max-snippet:-1","max-image-preview":"max-image-preview:large","max-video-preview":"max-video-preview:-1"},"canonical":"https:\/\/www.noticiasradioreflejos.com.ar\/2021\/se-celebra-por-primera-vez-en-argentina-el-dia-de-la-mujer-cervecera\/","og_locale":"es_ES","og_type":"article","og_title":"Se celebra por primera vez en Argentina el D\u00eda de la Mujer Cervecera - Noticias Radio Reflejos","og_description":"La iniciativa plantea que la fecha se conmemora el primer s\u00e1bado de septiembre y que funcione como una herramienta para visibilizar el aporte hist\u00f3rico y actual de las mujeres a la industria cervecera.","og_url":"https:\/\/www.noticiasradioreflejos.com.ar\/2021\/se-celebra-por-primera-vez-en-argentina-el-dia-de-la-mujer-cervecera\/","og_site_name":"Noticias Radio Reflejos","article_published_time":"2026-09-02T23:38:16+00:00","og_image":[{"width":1280,"height":720,"url":"https:\/\/www.noticiasradioreflejos.com.ar\/2021\/wp-content\/uploads\/2026\/09\/Dia-de-la-mujer-cervecera.jpeg","type":"image\/jpeg"}],"author":"Arnaldo Botto","twitter_card":"summary_large_image","schema":{"@context":"https:\/\/schema.org","@graph":[{"@type":"WebPage","@id":"https:\/\/www.noticiasradioreflejos.com.ar\/2021\/se-celebra-por-primera-vez-en-argentina-el-dia-de-la-mujer-cervecera\/","url":"https:\/\/www.noticiasradioreflejos.com.ar\/2021\/se-celebra-por-primera-vez-en-argentina-el-dia-de-la-mujer-cervecera\/","name":"Se celebra por primera vez en Argentina el D\u00eda de la Mujer Cervecera - Noticias Radio Reflejos","isPartOf":{"@id":"https:\/\/www.noticiasradioreflejos.com.ar\/2021\/#website"},"primaryImageOfPage":{"@id":"https:\/\/www.noticiasradioreflejos.com.ar\/2021\/se-celebra-por-primera-vez-en-argentina-el-dia-de-la-mujer-cervecera\/#primaryimage"},"image":{"@id":"https:\/\/www.noticiasradioreflejos.com.ar\/2021\/se-celebra-por-primera-vez-en-argentina-el-dia-de-la-mujer-cervecera\/#primaryimage"},"thumbnailUrl":"https:\/\/www.noticiasradioreflejos.com.ar\/2021\/wp-content\/uploads\/2026\/09\/Dia-de-la-mujer-cervecera.jpeg","datePublished":"2026-09-02T23:38:16+00:00","author":{"@id":"https:\/\/www.noticiasradioreflejos.com.ar\/2021\/#\/schema\/person\/ad82545263dcc5ec0996818884fd5fb1"},"breadcrumb":{"@id":"https:\/\/www.noticiasradioreflejos.com.ar\/2021\/se-celebra-por-primera-vez-en-argentina-el-dia-de-la-mujer-cervecera\/#breadcrumb"},"inLanguage":"es","potentialAction":[{"@type":"ReadAction","target":["https:\/\/www.noticiasradioreflejos.com.ar\/2021\/se-celebra-por-primera-vez-en-argentina-el-dia-de-la-mujer-cervecera\/"]}]},{"@type":"ImageObject","inLanguage":"es","@id":"https:\/\/www.noticiasradioreflejos.com.ar\/2021\/se-celebra-por-primera-vez-en-argentina-el-dia-de-la-mujer-cervecera\/#primaryimage","url":"https:\/\/www.noticiasradioreflejos.com.ar\/2021\/wp-content\/uploads\/2026\/09\/Dia-de-la-mujer-cervecera.jpeg","contentUrl":"https:\/\/www.noticiasradioreflejos.com.ar\/2021\/wp-content\/uploads\/2026\/09\/Dia-de-la-mujer-cervecera.jpeg","width":1280,"height":720},{"@type":"BreadcrumbList","@id":"https:\/\/www.noticiasradioreflejos.com.ar\/2021\/se-celebra-por-primera-vez-en-argentina-el-dia-de-la-mujer-cervecera\/#breadcrumb","itemListElement":[{"@type":"ListItem","position":1,"name":"Portada","item":"https:\/\/www.noticiasradioreflejos.com.ar\/2021\/"},{"@type":"ListItem","position":2,"name":"Se celebra por primera vez en Argentina el D\u00eda de la Mujer Cervecera"}]},{"@type":"WebSite","@id":"https:\/\/www.noticiasradioreflejos.com.ar\/2021\/#website","url":"https:\/\/www.noticiasradioreflejos.com.ar\/2021\/","name":"Noticias Radio Reflejos","description":"Las noticias de mi comarca","potentialAction":[{"@type":"SearchAction","target":{"@type":"EntryPoint","urlTemplate":"https:\/\/www.noticiasradioreflejos.com.ar\/2021\/?s={search_term_string}"},"query-input":{"@type":"PropertyValueSpecification","valueRequired":true,"valueName":"search_term_string"}}],"inLanguage":"es"},{"@type":"Person","@id":"https:\/\/www.noticiasradioreflejos.com.ar\/2021\/#\/schema\/person\/ad82545263dcc5ec0996818884fd5fb1","name":"Arnaldo Botto","image":{"@type":"ImageObject","inLanguage":"es","@id":"https:\/\/www.noticiasradioreflejos.com.ar\/2021\/#\/schema\/person\/image\/","url":"https:\/\/secure.gravatar.com\/avatar\/55cb5e37c1efa326397366e6974cb338056df65cb50e7d64d1cf314e87504837?s=96&d=mm&r=g","contentUrl":"https:\/\/secure.gravatar.com\/avatar\/55cb5e37c1efa326397366e6974cb338056df65cb50e7d64d1cf314e87504837?s=96&d=mm&r=g","caption":"Arnaldo Botto"},"url":"https:\/\/www.noticiasradioreflejos.com.ar\/2021\/author\/arnaldo\/"}]}},"_links":{"self":[{"href":"https:\/\/www.noticiasradioreflejos.com.ar\/2021\/wp-json\/wp\/v2\/posts\/142999","targetHints":{"allow":["GET"]}}],"collection":[{"href":"https:\/\/www.noticiasradioreflejos.com.ar\/2021\/wp-json\/wp\/v2\/posts"}],"about":[{"href":"https:\/\/www.noticiasradioreflejos.com.ar\/2021\/wp-json\/wp\/v2\/types\/post"}],"author":[{"embeddable":true,"href":"https:\/\/www.noticiasradioreflejos.com.ar\/2021\/wp-json\/wp\/v2\/users\/3"}],"replies":[{"embeddable":true,"href":"https:\/\/www.noticiasradioreflejos.com.ar\/2021\/wp-json\/wp\/v2\/comments?post=142999"}],"version-history":[{"count":1,"href":"https:\/\/www.noticiasradioreflejos.com.ar\/2021\/wp-json\/wp\/v2\/posts\/142999\/revisions"}],"predecessor-version":[{"id":143001,"href":"https:\/\/www.noticiasradioreflejos.com.ar\/2021\/wp-json\/wp\/v2\/posts\/142999\/revisions\/143001"}],"wp:featuredmedia":[{"embeddable":true,"href":"https:\/\/www.noticiasradioreflejos.com.ar\/2021\/wp-json\/wp\/v2\/media\/143000"}],"wp:attachment":[{"href":"https:\/\/www.noticiasradioreflejos.com.ar\/2021\/wp-json\/wp\/v2\/media?parent=142999"}],"wp:term":[{"taxonomy":"category","embeddable":true,"href":"https:\/\/www.noticiasradioreflejos.com.ar\/2021\/wp-json\/wp\/v2\/categories?post=142999"},{"taxonomy":"post_tag","embeddable":true,"href":"https:\/\/www.noticiasradioreflejos.com.ar\/2021\/wp-json\/wp\/v2\/tags?post=142999"}],"curies":[{"name":"wp","href":"https:\/\/api.w.org\/{rel}","templated":true}]}}