{"id":142996,"date":"2026-09-02T20:34:24","date_gmt":"2026-09-02T23:34:24","guid":{"rendered":"https:\/\/www.noticiasradioreflejos.com.ar\/2021\/?p=142996"},"modified":"2026-09-02T20:34:24","modified_gmt":"2026-09-02T23:34:24","slug":"milei-decreto-un-salario-minimo-por-debajo-de-la-linea-de-indigencia","status":"publish","type":"post","link":"https:\/\/www.noticiasradioreflejos.com.ar\/2021\/milei-decreto-un-salario-minimo-por-debajo-de-la-linea-de-indigencia\/","title":{"rendered":"Milei decret\u00f3 un salario m\u00ednimo por debajo de la l\u00ednea de indigencia"},"content":{"rendered":"<p>l piso salarial tendr\u00e1 ocho peque\u00f1as subas escalonadas para llegar a apenas 437 mil pesos en abril de 2027. Equivale a casi una cuarta parte de lo que necesita un trabajador para que su familia no sea pobre. La centrales obreras hab\u00edan pedido 993 mil pesos.<!--more--><\/p>\n<div class=\"article-content\">\n<article class=\"p12-article-body \">\n<p class=\"c-paragraph\">El gobierno de Javier Milei estableci\u00f3 de manera unilateral que el\u00a0<b>Salario M\u00ednimo Vital y M\u00f3vil<\/b>\u00a0(SMVM) que percibir\u00e1 un trabajador argentino ser\u00e1 de\u00a0<b>437 mil pesos en ocho cuotas<\/b>, una cifra que mantiene los ingresos por\u00a0<b>debajo de la l\u00ednea de indigencia<\/b>\u00a0y que es equivalente a poco m\u00e1s de una cuarta parte de lo que necesita un trabajador para que su familia no sea pobre.<\/p>\n<p class=\"c-paragraph\">El monto fue fijado de facto luego de que\u00a0<a title=\"https:\/\/www.pagina12.com.ar\/2026\/08\/28\/fracaso-la-reunion-por-el-salario-minimo-los-empresarios-ofrecieron-6800-de-aumento-y-define-el-gobierno\/\" href=\"https:\/\/www.pagina12.com.ar\/2026\/08\/28\/fracaso-la-reunion-por-el-salario-minimo-los-empresarios-ofrecieron-6800-de-aumento-y-define-el-gobierno\/\" target=\"_self\" rel=\"\">fracasara la \u00faltima reuni\u00f3n del Consejo del Salario<\/a>, en que\u00a0<b>las centrales obreras pidieron un piso de 993 mil pesos para diciembre<\/b>\u00a0y las c\u00e1maras empresarias amparadas por el mile\u00edsmo ofrecieron 437.707 hasta abril del a\u00f1o pr\u00f3ximo.<\/p>\n<p class=\"c-paragraph\">Ante la falta de acuerdo, el n\u00famero final fijado mediante la\u00a0<b>Resoluci\u00f3n 4\/2026<\/b>\u00a0publicada en el Bolet\u00edn Oficial no solo es menor de lo que hab\u00edan ofrecido los empresarios sino que adem\u00e1s se abonar\u00e1 de manera escalonada\u00a0<b>en ocho cuotas<\/b>, con peque\u00f1os incrementos que promedian los 7.500 mes a mes.<\/p>\n<p class=\"c-paragraph\">De esta manera, el SMVM que en la actualidad es de 376.600 pesos\u00a0<b>subir\u00e1 apenas 60.400 pesos en ocho meses<\/b>\u00a0hasta llegar a los 437 mil prometidos.<\/p>\n<p class=\"c-paragraph\">La cifra es tan magra que qued\u00f3 lejos de los\u00a0<b>708.016 pesos de la l\u00ednea de indigencia<\/b>\u00a0y es poco m\u00e1s de una cuarta parte de los\u00a0<b>1.564.716 pesos que se necesita un trabajador para cubrir el costo de la Canasta B\u00e1sica<\/b>, que mide la pobreza.<\/p>\n<p class=\"c-paragraph\"><b>La planificaci\u00f3n de los salarios de indigencia<\/b>\u00a0firmada por la presidente alterna del Consejo Nacional del Empleo, la Productividad y el Salario M\u00ednimo, Vital y M\u00f3vil, Claudia Silvana Testa, fij\u00f3\u00a0<b>el siguiente cronograma<\/b>\u00a0de aumentos y a la vez estableci\u00f3 el valor de la hora laboral:<\/p>\n<p class=\"c-paragraph\"><u><b>En 2026<\/b><\/u><\/p>\n<ul>\n<li>Septiembre: 383.800 pesos el mes y 1.919 la hora.<\/li>\n<li>Octubre: 391.200 pesos el mes y 1.956 por hora.<\/li>\n<li>Noviembre: 398.800 pesos el mes y 1.994 la hora<\/li>\n<li>Diciembre: 406.400 pesos el mes y 2.032 por hora.<\/li>\n<\/ul>\n<p class=\"c-paragraph\"><u><b>En 2027<\/b><\/u><\/p>\n<ul>\n<li>Enero: 414.200 pesos el mes y 2.071 la hora.<\/li>\n<li>Febrero: 422.000 pesos el mes y 2.110 la hora.<\/li>\n<li>Marzo: 429.600 pesos el mes y 2.148 la hora.<\/li>\n<li>Abril: 437.000 pesos el mes y 2.185 la hora.<\/li>\n<\/ul>\n<p class=\"c-paragraph\">El monto del salario m\u00ednimo tambi\u00e9n\u00a0<b>sirve de referencia para distintas prestaciones sociales, como la de desempleo o las becas universitarias<\/b>. A la vez, determina qu\u00e9 porci\u00f3n de un sueldo no se puede embargar y\u00a0<b>fija una referencia para empresas y municipios<\/b>\u00a0de todo el pa\u00eds.<\/p>\n<p class=\"c-paragraph\">En este sentido, la normativa estipul\u00f3 que\u00a0<b>la prestaci\u00f3n por desempleo \u201cser\u00e1 equivalente a un 75 por ciento del importe neto de la mejor remuneraci\u00f3n mensual<\/b>, normal y habitual del trabajador en los seis meses anteriores al cese del contrato de trabajo que dio lugar a la situaci\u00f3n de desempleo\u201d.<\/p>\n<p class=\"c-paragraph\">Adem\u00e1s, determin\u00f3 que \u201cen ning\u00fan caso la prestaci\u00f3n mensual podr\u00e1 ser inferior al 50 por ciento del Salario M\u00ednimo Vital y M\u00f3vil vigente, ni superior al 100 por ciento del Salario M\u00ednimo Vital y M\u00f3vil vigente\u201d.<\/p>\n<p class=\"c-paragraph\"><b>La medida alcanzar\u00e1 a todos los trabajadores comprendidos en el R\u00e9gimen de Contrato de Trabajo<\/b>, en el R\u00e9gimen de Trabajo Agrario, de la Administraci\u00f3n P\u00fablica Nacional y de todas las entidades y organismos del Estado Nacional que act\u00fae como empleador.<\/p>\n<p class=\"c-paragraph\">El salario m\u00ednimo viene perdiendo contra la inflaci\u00f3n en lo que va de la gesti\u00f3n de Javier Milei. Entre noviembre de 2023 y julio pasado, el sueldo m\u00ednimo real acumul\u00f3 una ca\u00edda del 40,5%, seg\u00fan calcula el Instituto Interdisciplinario de Econom\u00eda Pol\u00edtica (UBA-CONICET).<\/p>\n<\/article>\n<\/div>\n","protected":false},"excerpt":{"rendered":"<p>l piso salarial tendr\u00e1 ocho peque\u00f1as subas escalonadas para llegar a apenas 437 mil pesos en abril de 2027. Equivale a casi una cuarta parte de lo que necesita un trabajador para que su familia no sea pobre. La centrales obreras hab\u00edan pedido 993 mil pesos.<\/p>\n","protected":false},"author":3,"featured_media":142632,"comment_status":"closed","ping_status":"closed","sticky":false,"template":"","format":"standard","meta":{"footnotes":""},"categories":[36],"tags":[],"class_list":["post-142996","post","type-post","status-publish","format-standard","has-post-thumbnail","hentry","category-economia"],"yoast_head":"<!-- This site is optimized with the Yoast SEO plugin v25.9 - https:\/\/yoast.com\/wordpress\/plugins\/seo\/ -->\n<title>Milei decret\u00f3 un salario m\u00ednimo por debajo de la l\u00ednea de indigencia - Noticias Radio Reflejos<\/title>\n<meta name=\"robots\" content=\"index, follow, max-snippet:-1, max-image-preview:large, max-video-preview:-1\" \/>\n<link rel=\"canonical\" href=\"https:\/\/www.noticiasradioreflejos.com.ar\/2021\/milei-decreto-un-salario-minimo-por-debajo-de-la-linea-de-indigencia\/\" \/>\n<meta property=\"og:locale\" content=\"es_ES\" \/>\n<meta property=\"og:type\" content=\"article\" \/>\n<meta property=\"og:title\" content=\"Milei decret\u00f3 un salario m\u00ednimo por debajo de la l\u00ednea de indigencia - Noticias Radio Reflejos\" \/>\n<meta property=\"og:description\" content=\"l piso salarial tendr\u00e1 ocho peque\u00f1as subas escalonadas para llegar a apenas 437 mil pesos en abril de 2027. Equivale a casi una cuarta parte de lo que necesita un trabajador para que su familia no sea pobre. La centrales obreras hab\u00edan pedido 993 mil pesos.\" \/>\n<meta property=\"og:url\" content=\"https:\/\/www.noticiasradioreflejos.com.ar\/2021\/milei-decreto-un-salario-minimo-por-debajo-de-la-linea-de-indigencia\/\" \/>\n<meta property=\"og:site_name\" content=\"Noticias Radio Reflejos\" \/>\n<meta property=\"article:published_time\" content=\"2026-09-02T23:34:24+00:00\" \/>\n<meta property=\"og:image\" content=\"https:\/\/www.noticiasradioreflejos.com.ar\/2021\/wp-content\/uploads\/2026\/08\/dinero-billetes.webp\" \/>\n\t<meta property=\"og:image:width\" content=\"1200\" \/>\n\t<meta property=\"og:image:height\" content=\"675\" \/>\n\t<meta property=\"og:image:type\" content=\"image\/webp\" \/>\n<meta name=\"author\" content=\"Arnaldo Botto\" \/>\n<meta name=\"twitter:card\" content=\"summary_large_image\" \/>\n<script type=\"application\/ld+json\" class=\"yoast-schema-graph\">{\"@context\":\"https:\/\/schema.org\",\"@graph\":[{\"@type\":\"WebPage\",\"@id\":\"https:\/\/www.noticiasradioreflejos.com.ar\/2021\/milei-decreto-un-salario-minimo-por-debajo-de-la-linea-de-indigencia\/\",\"url\":\"https:\/\/www.noticiasradioreflejos.com.ar\/2021\/milei-decreto-un-salario-minimo-por-debajo-de-la-linea-de-indigencia\/\",\"name\":\"Milei decret\u00f3 un salario m\u00ednimo por debajo de la l\u00ednea de indigencia - Noticias Radio Reflejos\",\"isPartOf\":{\"@id\":\"https:\/\/www.noticiasradioreflejos.com.ar\/2021\/#website\"},\"primaryImageOfPage\":{\"@id\":\"https:\/\/www.noticiasradioreflejos.com.ar\/2021\/milei-decreto-un-salario-minimo-por-debajo-de-la-linea-de-indigencia\/#primaryimage\"},\"image\":{\"@id\":\"https:\/\/www.noticiasradioreflejos.com.ar\/2021\/milei-decreto-un-salario-minimo-por-debajo-de-la-linea-de-indigencia\/#primaryimage\"},\"thumbnailUrl\":\"https:\/\/www.noticiasradioreflejos.com.ar\/2021\/wp-content\/uploads\/2026\/08\/dinero-billetes.webp\",\"datePublished\":\"2026-09-02T23:34:24+00:00\",\"author\":{\"@id\":\"https:\/\/www.noticiasradioreflejos.com.ar\/2021\/#\/schema\/person\/ad82545263dcc5ec0996818884fd5fb1\"},\"breadcrumb\":{\"@id\":\"https:\/\/www.noticiasradioreflejos.com.ar\/2021\/milei-decreto-un-salario-minimo-por-debajo-de-la-linea-de-indigencia\/#breadcrumb\"},\"inLanguage\":\"es\",\"potentialAction\":[{\"@type\":\"ReadAction\",\"target\":[\"https:\/\/www.noticiasradioreflejos.com.ar\/2021\/milei-decreto-un-salario-minimo-por-debajo-de-la-linea-de-indigencia\/\"]}]},{\"@type\":\"ImageObject\",\"inLanguage\":\"es\",\"@id\":\"https:\/\/www.noticiasradioreflejos.com.ar\/2021\/milei-decreto-un-salario-minimo-por-debajo-de-la-linea-de-indigencia\/#primaryimage\",\"url\":\"https:\/\/www.noticiasradioreflejos.com.ar\/2021\/wp-content\/uploads\/2026\/08\/dinero-billetes.webp\",\"contentUrl\":\"https:\/\/www.noticiasradioreflejos.com.ar\/2021\/wp-content\/uploads\/2026\/08\/dinero-billetes.webp\",\"width\":1200,\"height\":675},{\"@type\":\"BreadcrumbList\",\"@id\":\"https:\/\/www.noticiasradioreflejos.com.ar\/2021\/milei-decreto-un-salario-minimo-por-debajo-de-la-linea-de-indigencia\/#breadcrumb\",\"itemListElement\":[{\"@type\":\"ListItem\",\"position\":1,\"name\":\"Portada\",\"item\":\"https:\/\/www.noticiasradioreflejos.com.ar\/2021\/\"},{\"@type\":\"ListItem\",\"position\":2,\"name\":\"Milei decret\u00f3 un salario m\u00ednimo por debajo de la l\u00ednea de indigencia\"}]},{\"@type\":\"WebSite\",\"@id\":\"https:\/\/www.noticiasradioreflejos.com.ar\/2021\/#website\",\"url\":\"https:\/\/www.noticiasradioreflejos.com.ar\/2021\/\",\"name\":\"Noticias Radio Reflejos\",\"description\":\"Las noticias de mi comarca\",\"potentialAction\":[{\"@type\":\"SearchAction\",\"target\":{\"@type\":\"EntryPoint\",\"urlTemplate\":\"https:\/\/www.noticiasradioreflejos.com.ar\/2021\/?s={search_term_string}\"},\"query-input\":{\"@type\":\"PropertyValueSpecification\",\"valueRequired\":true,\"valueName\":\"search_term_string\"}}],\"inLanguage\":\"es\"},{\"@type\":\"Person\",\"@id\":\"https:\/\/www.noticiasradioreflejos.com.ar\/2021\/#\/schema\/person\/ad82545263dcc5ec0996818884fd5fb1\",\"name\":\"Arnaldo Botto\",\"image\":{\"@type\":\"ImageObject\",\"inLanguage\":\"es\",\"@id\":\"https:\/\/www.noticiasradioreflejos.com.ar\/2021\/#\/schema\/person\/image\/\",\"url\":\"https:\/\/secure.gravatar.com\/avatar\/55cb5e37c1efa326397366e6974cb338056df65cb50e7d64d1cf314e87504837?s=96&d=mm&r=g\",\"contentUrl\":\"https:\/\/secure.gravatar.com\/avatar\/55cb5e37c1efa326397366e6974cb338056df65cb50e7d64d1cf314e87504837?s=96&d=mm&r=g\",\"caption\":\"Arnaldo Botto\"},\"url\":\"https:\/\/www.noticiasradioreflejos.com.ar\/2021\/author\/arnaldo\/\"}]}<\/script>\n<!-- \/ Yoast SEO plugin. -->","yoast_head_json":{"title":"Milei decret\u00f3 un salario m\u00ednimo por debajo de la l\u00ednea de indigencia - Noticias Radio Reflejos","robots":{"index":"index","follow":"follow","max-snippet":"max-snippet:-1","max-image-preview":"max-image-preview:large","max-video-preview":"max-video-preview:-1"},"canonical":"https:\/\/www.noticiasradioreflejos.com.ar\/2021\/milei-decreto-un-salario-minimo-por-debajo-de-la-linea-de-indigencia\/","og_locale":"es_ES","og_type":"article","og_title":"Milei decret\u00f3 un salario m\u00ednimo por debajo de la l\u00ednea de indigencia - Noticias Radio Reflejos","og_description":"l piso salarial tendr\u00e1 ocho peque\u00f1as subas escalonadas para llegar a apenas 437 mil pesos en abril de 2027. Equivale a casi una cuarta parte de lo que necesita un trabajador para que su familia no sea pobre. La centrales obreras hab\u00edan pedido 993 mil pesos.","og_url":"https:\/\/www.noticiasradioreflejos.com.ar\/2021\/milei-decreto-un-salario-minimo-por-debajo-de-la-linea-de-indigencia\/","og_site_name":"Noticias Radio Reflejos","article_published_time":"2026-09-02T23:34:24+00:00","og_image":[{"width":1200,"height":675,"url":"https:\/\/www.noticiasradioreflejos.com.ar\/2021\/wp-content\/uploads\/2026\/08\/dinero-billetes.webp","type":"image\/webp"}],"author":"Arnaldo Botto","twitter_card":"summary_large_image","schema":{"@context":"https:\/\/schema.org","@graph":[{"@type":"WebPage","@id":"https:\/\/www.noticiasradioreflejos.com.ar\/2021\/milei-decreto-un-salario-minimo-por-debajo-de-la-linea-de-indigencia\/","url":"https:\/\/www.noticiasradioreflejos.com.ar\/2021\/milei-decreto-un-salario-minimo-por-debajo-de-la-linea-de-indigencia\/","name":"Milei decret\u00f3 un salario m\u00ednimo por debajo de la l\u00ednea de indigencia - Noticias Radio Reflejos","isPartOf":{"@id":"https:\/\/www.noticiasradioreflejos.com.ar\/2021\/#website"},"primaryImageOfPage":{"@id":"https:\/\/www.noticiasradioreflejos.com.ar\/2021\/milei-decreto-un-salario-minimo-por-debajo-de-la-linea-de-indigencia\/#primaryimage"},"image":{"@id":"https:\/\/www.noticiasradioreflejos.com.ar\/2021\/milei-decreto-un-salario-minimo-por-debajo-de-la-linea-de-indigencia\/#primaryimage"},"thumbnailUrl":"https:\/\/www.noticiasradioreflejos.com.ar\/2021\/wp-content\/uploads\/2026\/08\/dinero-billetes.webp","datePublished":"2026-09-02T23:34:24+00:00","author":{"@id":"https:\/\/www.noticiasradioreflejos.com.ar\/2021\/#\/schema\/person\/ad82545263dcc5ec0996818884fd5fb1"},"breadcrumb":{"@id":"https:\/\/www.noticiasradioreflejos.com.ar\/2021\/milei-decreto-un-salario-minimo-por-debajo-de-la-linea-de-indigencia\/#breadcrumb"},"inLanguage":"es","potentialAction":[{"@type":"ReadAction","target":["https:\/\/www.noticiasradioreflejos.com.ar\/2021\/milei-decreto-un-salario-minimo-por-debajo-de-la-linea-de-indigencia\/"]}]},{"@type":"ImageObject","inLanguage":"es","@id":"https:\/\/www.noticiasradioreflejos.com.ar\/2021\/milei-decreto-un-salario-minimo-por-debajo-de-la-linea-de-indigencia\/#primaryimage","url":"https:\/\/www.noticiasradioreflejos.com.ar\/2021\/wp-content\/uploads\/2026\/08\/dinero-billetes.webp","contentUrl":"https:\/\/www.noticiasradioreflejos.com.ar\/2021\/wp-content\/uploads\/2026\/08\/dinero-billetes.webp","width":1200,"height":675},{"@type":"BreadcrumbList","@id":"https:\/\/www.noticiasradioreflejos.com.ar\/2021\/milei-decreto-un-salario-minimo-por-debajo-de-la-linea-de-indigencia\/#breadcrumb","itemListElement":[{"@type":"ListItem","position":1,"name":"Portada","item":"https:\/\/www.noticiasradioreflejos.com.ar\/2021\/"},{"@type":"ListItem","position":2,"name":"Milei decret\u00f3 un salario m\u00ednimo por debajo de la l\u00ednea de indigencia"}]},{"@type":"WebSite","@id":"https:\/\/www.noticiasradioreflejos.com.ar\/2021\/#website","url":"https:\/\/www.noticiasradioreflejos.com.ar\/2021\/","name":"Noticias Radio Reflejos","description":"Las noticias de mi comarca","potentialAction":[{"@type":"SearchAction","target":{"@type":"EntryPoint","urlTemplate":"https:\/\/www.noticiasradioreflejos.com.ar\/2021\/?s={search_term_string}"},"query-input":{"@type":"PropertyValueSpecification","valueRequired":true,"valueName":"search_term_string"}}],"inLanguage":"es"},{"@type":"Person","@id":"https:\/\/www.noticiasradioreflejos.com.ar\/2021\/#\/schema\/person\/ad82545263dcc5ec0996818884fd5fb1","name":"Arnaldo Botto","image":{"@type":"ImageObject","inLanguage":"es","@id":"https:\/\/www.noticiasradioreflejos.com.ar\/2021\/#\/schema\/person\/image\/","url":"https:\/\/secure.gravatar.com\/avatar\/55cb5e37c1efa326397366e6974cb338056df65cb50e7d64d1cf314e87504837?s=96&d=mm&r=g","contentUrl":"https:\/\/secure.gravatar.com\/avatar\/55cb5e37c1efa326397366e6974cb338056df65cb50e7d64d1cf314e87504837?s=96&d=mm&r=g","caption":"Arnaldo Botto"},"url":"https:\/\/www.noticiasradioreflejos.com.ar\/2021\/author\/arnaldo\/"}]}},"_links":{"self":[{"href":"https:\/\/www.noticiasradioreflejos.com.ar\/2021\/wp-json\/wp\/v2\/posts\/142996","targetHints":{"allow":["GET"]}}],"collection":[{"href":"https:\/\/www.noticiasradioreflejos.com.ar\/2021\/wp-json\/wp\/v2\/posts"}],"about":[{"href":"https:\/\/www.noticiasradioreflejos.com.ar\/2021\/wp-json\/wp\/v2\/types\/post"}],"author":[{"embeddable":true,"href":"https:\/\/www.noticiasradioreflejos.com.ar\/2021\/wp-json\/wp\/v2\/users\/3"}],"replies":[{"embeddable":true,"href":"https:\/\/www.noticiasradioreflejos.com.ar\/2021\/wp-json\/wp\/v2\/comments?post=142996"}],"version-history":[{"count":2,"href":"https:\/\/www.noticiasradioreflejos.com.ar\/2021\/wp-json\/wp\/v2\/posts\/142996\/revisions"}],"predecessor-version":[{"id":142998,"href":"https:\/\/www.noticiasradioreflejos.com.ar\/2021\/wp-json\/wp\/v2\/posts\/142996\/revisions\/142998"}],"wp:featuredmedia":[{"embeddable":true,"href":"https:\/\/www.noticiasradioreflejos.com.ar\/2021\/wp-json\/wp\/v2\/media\/142632"}],"wp:attachment":[{"href":"https:\/\/www.noticiasradioreflejos.com.ar\/2021\/wp-json\/wp\/v2\/media?parent=142996"}],"wp:term":[{"taxonomy":"category","embeddable":true,"href":"https:\/\/www.noticiasradioreflejos.com.ar\/2021\/wp-json\/wp\/v2\/categories?post=142996"},{"taxonomy":"post_tag","embeddable":true,"href":"https:\/\/www.noticiasradioreflejos.com.ar\/2021\/wp-json\/wp\/v2\/tags?post=142996"}],"curies":[{"name":"wp","href":"https:\/\/api.w.org\/{rel}","templated":true}]}}