{"id":142993,"date":"2026-09-02T16:53:56","date_gmt":"2026-09-02T19:53:56","guid":{"rendered":"https:\/\/www.noticiasradioreflejos.com.ar\/2021\/?p=142993"},"modified":"2026-09-02T16:53:56","modified_gmt":"2026-09-02T19:53:56","slug":"trasladan-a-del-valle-desde-la-comisaria-de-pringles-a-la-carcel-de-saavedra","status":"publish","type":"post","link":"https:\/\/www.noticiasradioreflejos.com.ar\/2021\/trasladan-a-del-valle-desde-la-comisaria-de-pringles-a-la-carcel-de-saavedra\/","title":{"rendered":"Trasladan a Del Valle desde la comisar\u00eda de Pringles a la c\u00e1rcel de Saavedra"},"content":{"rendered":"<header id=\"mvp-post-head\" class=\"left relative\">Permanec\u00eda alojado en una dependencia policial desde la semana pasada mientras la Justicia buscaba un cupo en una Unidad Penal.<\/p>\n<\/header>\n<p><!--more--><\/p>\n<div class=\"mvp-post-main-out left relative\">\n<div class=\"mvp-post-main-in\">\n<div id=\"mvp-post-content\" class=\"left relative\">\n<div id=\"mvp-post-feat-img\" class=\"left relative mvp-post-feat-img-wide2\"><\/div>\n<div id=\"mvp-content-wrap\" class=\"left relative\">\n<div class=\"mvp-post-soc-out right relative\">\n<div class=\"mvp-post-soc-in\">\n<div id=\"mvp-content-body\" class=\"left relative\">\n<div id=\"mvp-content-body-top\" class=\"left relative\">\n<div id=\"mvp-content-main\" class=\"left relative\">\n<p class=\"wp-block-paragraph\">Alberto Mart\u00edn Del Valle fue trasladado desde la comisar\u00eda de Coronel Pringles a la Unidad Penal de Saavedra, donde continuar\u00e1 detenido mientras avanza la causa que se le sigue por incumplimiento de los deberes de asistencia familiar.<\/p>\n<p class=\"wp-block-paragraph\">El movimiento pone fin a varios d\u00edas de permanencia en la dependencia policial pringlense, donde hab\u00eda quedado alojado despu\u00e9s de que por razones de seguridad se suspendiera el operativo que originalmente contemplaba llevarlo hasta Bah\u00eda Blanca para completar su identificaci\u00f3n.<\/p>\n<p class=\"wp-block-paragraph\">La decisi\u00f3n tiene una particularidad: pocos d\u00edas despu\u00e9s de su captura, Del Valle hab\u00eda solicitado que, si finalmente era enviado a una c\u00e1rcel,\u00a0fuera alojado cerca de sus actuales v\u00ednculos familiares\u00a0en el Gran Buenos Aires. En ese planteo hab\u00eda manifestado expresamente que no quer\u00eda ser derivado ni a Villa Floresta ni a Saavedra.<\/p>\n<p class=\"wp-block-paragraph\">La Justicia llevaba varios d\u00edas intentando encontrarle un alojamiento definitivo. Como inform\u00f3\u00a0<strong>La Br\u00fajula 24<\/strong>,\u00a0<a href=\"https:\/\/www.labrujula24.com\/notas\/2026\/08\/27\/a-del-valle-no-lo-quieren-en-las-carceles-ya-4-rechazaron-recibirlo-n517603\/\">las Unidades Penales N\u00ba23, 24, 42 y 31 hab\u00edan descartado recibirlo<\/a>\u00a0debido a que no alojaban detenidos que todav\u00eda no contaran con prisi\u00f3n preventiva. Ante esa situaci\u00f3n se hab\u00eda solicitado al Servicio Penitenciario Bonaerense un cupo con car\u00e1cter urgente.<\/p>\n<p class=\"wp-block-paragraph\">La permanencia en la comisar\u00eda de Pringles comenzaba adem\u00e1s a generar dificultades, ya que se trata de una dependencia policial y no de un establecimiento preparado para alojamientos prolongados. El domingo pasado, familiares de la v\u00edctima, abogados y vecinos\u00a0<a href=\"https:\/\/www.labrujula24.com\/notas\/2026\/08\/30\/manifestacion-frente-a-la-comisaria-donde-esta-alojado-el-violador-del-valle-n517984\/\">realizaron una manifestaci\u00f3n frente al edificio<\/a>\u00a0para acompa\u00f1ar el reclamo de la familia.<\/p>\n<p class=\"wp-block-paragraph\">Del Valle, de 56 a\u00f1os, fue detenido el 23 de agosto en Florencio Varela despu\u00e9s de permanecer pr\u00f3fugo durante casi 15 a\u00f1os. Sobre \u00e9l pesaba\u00a0<a href=\"https:\/\/www.labrujula24.com\/notas\/2026\/07\/02\/busca-impunidad-piden-ayuda-para-atrapar-a-un-violador-de-una-nina-de-11-anos-profugo-n508375\/\">un pedido de captura relacionado con una causa iniciada en Puan<\/a>\u00a0por el abuso sexual de su hijastra, que ten\u00eda 11 a\u00f1os, y por una tentativa de aborto.<\/p>\n<p class=\"wp-block-paragraph\">Sin embargo, el juez de Garant\u00edas Guillermo M\u00e9rcuri declar\u00f3 posteriormente extinguida por prescripci\u00f3n la acci\u00f3n penal por abuso sexual agravado y aborto en grado de tentativa y dispuso su sobreseimiento respecto de esos hechos. Esa resoluci\u00f3n no signific\u00f3 su liberaci\u00f3n, ya que contin\u00faa abierta otra investigaci\u00f3n por\u00a0<a href=\"https:\/\/www.labrujula24.com\/notas\/2026\/08\/28\/caso-del-valle-juez-mercuri-declaro-prescripto-el-abuso-pero-seguira-preso-por-deudor-alimentario-n517782\/\">incumplimiento de los deberes de asistencia familiar<\/a>, en la que se le atribuyen cuatro hechos en concurso real.<\/p>\n<p class=\"wp-block-paragraph\">Con su ingreso a la c\u00e1rcel de Saavedra queda resuelta, al menos por el momento, una de las cuestiones que permanec\u00edan pendientes desde su captura: el lugar donde continuar\u00e1 privado de su libertad mientras se define su situaci\u00f3n en la causa que todav\u00eda permanece vigente.<\/p>\n<\/div>\n<\/div>\n<\/div>\n<\/div>\n<\/div>\n<\/div>\n<\/div>\n<\/div>\n<\/div>\n","protected":false},"excerpt":{"rendered":"<p>Permanec\u00eda alojado en una dependencia policial desde la semana pasada mientras la Justicia buscaba un cupo en una Unidad Penal.<\/p>\n","protected":false},"author":3,"featured_media":142994,"comment_status":"closed","ping_status":"closed","sticky":false,"template":"","format":"standard","meta":{"footnotes":""},"categories":[57],"tags":[],"class_list":["post-142993","post","type-post","status-publish","format-standard","has-post-thumbnail","hentry","category-judiciales"],"yoast_head":"<!-- This site is optimized with the Yoast SEO plugin v25.9 - https:\/\/yoast.com\/wordpress\/plugins\/seo\/ -->\n<title>Trasladan a Del Valle desde la comisar\u00eda de Pringles a la c\u00e1rcel de Saavedra - Noticias Radio Reflejos<\/title>\n<meta name=\"robots\" content=\"index, follow, max-snippet:-1, max-image-preview:large, max-video-preview:-1\" \/>\n<link rel=\"canonical\" href=\"https:\/\/www.noticiasradioreflejos.com.ar\/2021\/trasladan-a-del-valle-desde-la-comisaria-de-pringles-a-la-carcel-de-saavedra\/\" \/>\n<meta property=\"og:locale\" content=\"es_ES\" \/>\n<meta property=\"og:type\" content=\"article\" \/>\n<meta property=\"og:title\" content=\"Trasladan a Del Valle desde la comisar\u00eda de Pringles a la c\u00e1rcel de Saavedra - Noticias Radio Reflejos\" \/>\n<meta property=\"og:description\" content=\"Permanec\u00eda alojado en una dependencia policial desde la semana pasada mientras la Justicia buscaba un cupo en una Unidad Penal.\" \/>\n<meta property=\"og:url\" content=\"https:\/\/www.noticiasradioreflejos.com.ar\/2021\/trasladan-a-del-valle-desde-la-comisaria-de-pringles-a-la-carcel-de-saavedra\/\" \/>\n<meta property=\"og:site_name\" content=\"Noticias Radio Reflejos\" \/>\n<meta property=\"article:published_time\" content=\"2026-09-02T19:53:56+00:00\" \/>\n<meta property=\"og:image\" content=\"https:\/\/www.noticiasradioreflejos.com.ar\/2021\/wp-content\/uploads\/2026\/09\/delvallecomisaria.jpg\" \/>\n\t<meta property=\"og:image:width\" content=\"1200\" \/>\n\t<meta property=\"og:image:height\" content=\"675\" \/>\n\t<meta property=\"og:image:type\" content=\"image\/jpeg\" \/>\n<meta name=\"author\" content=\"Arnaldo Botto\" \/>\n<meta name=\"twitter:card\" content=\"summary_large_image\" \/>\n<script type=\"application\/ld+json\" class=\"yoast-schema-graph\">{\"@context\":\"https:\/\/schema.org\",\"@graph\":[{\"@type\":\"WebPage\",\"@id\":\"https:\/\/www.noticiasradioreflejos.com.ar\/2021\/trasladan-a-del-valle-desde-la-comisaria-de-pringles-a-la-carcel-de-saavedra\/\",\"url\":\"https:\/\/www.noticiasradioreflejos.com.ar\/2021\/trasladan-a-del-valle-desde-la-comisaria-de-pringles-a-la-carcel-de-saavedra\/\",\"name\":\"Trasladan a Del Valle desde la comisar\u00eda de Pringles a la c\u00e1rcel de Saavedra - Noticias Radio Reflejos\",\"isPartOf\":{\"@id\":\"https:\/\/www.noticiasradioreflejos.com.ar\/2021\/#website\"},\"primaryImageOfPage\":{\"@id\":\"https:\/\/www.noticiasradioreflejos.com.ar\/2021\/trasladan-a-del-valle-desde-la-comisaria-de-pringles-a-la-carcel-de-saavedra\/#primaryimage\"},\"image\":{\"@id\":\"https:\/\/www.noticiasradioreflejos.com.ar\/2021\/trasladan-a-del-valle-desde-la-comisaria-de-pringles-a-la-carcel-de-saavedra\/#primaryimage\"},\"thumbnailUrl\":\"https:\/\/www.noticiasradioreflejos.com.ar\/2021\/wp-content\/uploads\/2026\/09\/delvallecomisaria.jpg\",\"datePublished\":\"2026-09-02T19:53:56+00:00\",\"author\":{\"@id\":\"https:\/\/www.noticiasradioreflejos.com.ar\/2021\/#\/schema\/person\/ad82545263dcc5ec0996818884fd5fb1\"},\"breadcrumb\":{\"@id\":\"https:\/\/www.noticiasradioreflejos.com.ar\/2021\/trasladan-a-del-valle-desde-la-comisaria-de-pringles-a-la-carcel-de-saavedra\/#breadcrumb\"},\"inLanguage\":\"es\",\"potentialAction\":[{\"@type\":\"ReadAction\",\"target\":[\"https:\/\/www.noticiasradioreflejos.com.ar\/2021\/trasladan-a-del-valle-desde-la-comisaria-de-pringles-a-la-carcel-de-saavedra\/\"]}]},{\"@type\":\"ImageObject\",\"inLanguage\":\"es\",\"@id\":\"https:\/\/www.noticiasradioreflejos.com.ar\/2021\/trasladan-a-del-valle-desde-la-comisaria-de-pringles-a-la-carcel-de-saavedra\/#primaryimage\",\"url\":\"https:\/\/www.noticiasradioreflejos.com.ar\/2021\/wp-content\/uploads\/2026\/09\/delvallecomisaria.jpg\",\"contentUrl\":\"https:\/\/www.noticiasradioreflejos.com.ar\/2021\/wp-content\/uploads\/2026\/09\/delvallecomisaria.jpg\",\"width\":1200,\"height\":675},{\"@type\":\"BreadcrumbList\",\"@id\":\"https:\/\/www.noticiasradioreflejos.com.ar\/2021\/trasladan-a-del-valle-desde-la-comisaria-de-pringles-a-la-carcel-de-saavedra\/#breadcrumb\",\"itemListElement\":[{\"@type\":\"ListItem\",\"position\":1,\"name\":\"Portada\",\"item\":\"https:\/\/www.noticiasradioreflejos.com.ar\/2021\/\"},{\"@type\":\"ListItem\",\"position\":2,\"name\":\"Trasladan a Del Valle desde la comisar\u00eda de Pringles a la c\u00e1rcel de Saavedra\"}]},{\"@type\":\"WebSite\",\"@id\":\"https:\/\/www.noticiasradioreflejos.com.ar\/2021\/#website\",\"url\":\"https:\/\/www.noticiasradioreflejos.com.ar\/2021\/\",\"name\":\"Noticias Radio Reflejos\",\"description\":\"Las noticias de mi comarca\",\"potentialAction\":[{\"@type\":\"SearchAction\",\"target\":{\"@type\":\"EntryPoint\",\"urlTemplate\":\"https:\/\/www.noticiasradioreflejos.com.ar\/2021\/?s={search_term_string}\"},\"query-input\":{\"@type\":\"PropertyValueSpecification\",\"valueRequired\":true,\"valueName\":\"search_term_string\"}}],\"inLanguage\":\"es\"},{\"@type\":\"Person\",\"@id\":\"https:\/\/www.noticiasradioreflejos.com.ar\/2021\/#\/schema\/person\/ad82545263dcc5ec0996818884fd5fb1\",\"name\":\"Arnaldo Botto\",\"image\":{\"@type\":\"ImageObject\",\"inLanguage\":\"es\",\"@id\":\"https:\/\/www.noticiasradioreflejos.com.ar\/2021\/#\/schema\/person\/image\/\",\"url\":\"https:\/\/secure.gravatar.com\/avatar\/55cb5e37c1efa326397366e6974cb338056df65cb50e7d64d1cf314e87504837?s=96&d=mm&r=g\",\"contentUrl\":\"https:\/\/secure.gravatar.com\/avatar\/55cb5e37c1efa326397366e6974cb338056df65cb50e7d64d1cf314e87504837?s=96&d=mm&r=g\",\"caption\":\"Arnaldo Botto\"},\"url\":\"https:\/\/www.noticiasradioreflejos.com.ar\/2021\/author\/arnaldo\/\"}]}<\/script>\n<!-- \/ Yoast SEO plugin. -->","yoast_head_json":{"title":"Trasladan a Del Valle desde la comisar\u00eda de Pringles a la c\u00e1rcel de Saavedra - Noticias Radio Reflejos","robots":{"index":"index","follow":"follow","max-snippet":"max-snippet:-1","max-image-preview":"max-image-preview:large","max-video-preview":"max-video-preview:-1"},"canonical":"https:\/\/www.noticiasradioreflejos.com.ar\/2021\/trasladan-a-del-valle-desde-la-comisaria-de-pringles-a-la-carcel-de-saavedra\/","og_locale":"es_ES","og_type":"article","og_title":"Trasladan a Del Valle desde la comisar\u00eda de Pringles a la c\u00e1rcel de Saavedra - Noticias Radio Reflejos","og_description":"Permanec\u00eda alojado en una dependencia policial desde la semana pasada mientras la Justicia buscaba un cupo en una Unidad Penal.","og_url":"https:\/\/www.noticiasradioreflejos.com.ar\/2021\/trasladan-a-del-valle-desde-la-comisaria-de-pringles-a-la-carcel-de-saavedra\/","og_site_name":"Noticias Radio Reflejos","article_published_time":"2026-09-02T19:53:56+00:00","og_image":[{"width":1200,"height":675,"url":"https:\/\/www.noticiasradioreflejos.com.ar\/2021\/wp-content\/uploads\/2026\/09\/delvallecomisaria.jpg","type":"image\/jpeg"}],"author":"Arnaldo Botto","twitter_card":"summary_large_image","schema":{"@context":"https:\/\/schema.org","@graph":[{"@type":"WebPage","@id":"https:\/\/www.noticiasradioreflejos.com.ar\/2021\/trasladan-a-del-valle-desde-la-comisaria-de-pringles-a-la-carcel-de-saavedra\/","url":"https:\/\/www.noticiasradioreflejos.com.ar\/2021\/trasladan-a-del-valle-desde-la-comisaria-de-pringles-a-la-carcel-de-saavedra\/","name":"Trasladan a Del Valle desde la comisar\u00eda de Pringles a la c\u00e1rcel de Saavedra - Noticias Radio Reflejos","isPartOf":{"@id":"https:\/\/www.noticiasradioreflejos.com.ar\/2021\/#website"},"primaryImageOfPage":{"@id":"https:\/\/www.noticiasradioreflejos.com.ar\/2021\/trasladan-a-del-valle-desde-la-comisaria-de-pringles-a-la-carcel-de-saavedra\/#primaryimage"},"image":{"@id":"https:\/\/www.noticiasradioreflejos.com.ar\/2021\/trasladan-a-del-valle-desde-la-comisaria-de-pringles-a-la-carcel-de-saavedra\/#primaryimage"},"thumbnailUrl":"https:\/\/www.noticiasradioreflejos.com.ar\/2021\/wp-content\/uploads\/2026\/09\/delvallecomisaria.jpg","datePublished":"2026-09-02T19:53:56+00:00","author":{"@id":"https:\/\/www.noticiasradioreflejos.com.ar\/2021\/#\/schema\/person\/ad82545263dcc5ec0996818884fd5fb1"},"breadcrumb":{"@id":"https:\/\/www.noticiasradioreflejos.com.ar\/2021\/trasladan-a-del-valle-desde-la-comisaria-de-pringles-a-la-carcel-de-saavedra\/#breadcrumb"},"inLanguage":"es","potentialAction":[{"@type":"ReadAction","target":["https:\/\/www.noticiasradioreflejos.com.ar\/2021\/trasladan-a-del-valle-desde-la-comisaria-de-pringles-a-la-carcel-de-saavedra\/"]}]},{"@type":"ImageObject","inLanguage":"es","@id":"https:\/\/www.noticiasradioreflejos.com.ar\/2021\/trasladan-a-del-valle-desde-la-comisaria-de-pringles-a-la-carcel-de-saavedra\/#primaryimage","url":"https:\/\/www.noticiasradioreflejos.com.ar\/2021\/wp-content\/uploads\/2026\/09\/delvallecomisaria.jpg","contentUrl":"https:\/\/www.noticiasradioreflejos.com.ar\/2021\/wp-content\/uploads\/2026\/09\/delvallecomisaria.jpg","width":1200,"height":675},{"@type":"BreadcrumbList","@id":"https:\/\/www.noticiasradioreflejos.com.ar\/2021\/trasladan-a-del-valle-desde-la-comisaria-de-pringles-a-la-carcel-de-saavedra\/#breadcrumb","itemListElement":[{"@type":"ListItem","position":1,"name":"Portada","item":"https:\/\/www.noticiasradioreflejos.com.ar\/2021\/"},{"@type":"ListItem","position":2,"name":"Trasladan a Del Valle desde la comisar\u00eda de Pringles a la c\u00e1rcel de Saavedra"}]},{"@type":"WebSite","@id":"https:\/\/www.noticiasradioreflejos.com.ar\/2021\/#website","url":"https:\/\/www.noticiasradioreflejos.com.ar\/2021\/","name":"Noticias Radio Reflejos","description":"Las noticias de mi comarca","potentialAction":[{"@type":"SearchAction","target":{"@type":"EntryPoint","urlTemplate":"https:\/\/www.noticiasradioreflejos.com.ar\/2021\/?s={search_term_string}"},"query-input":{"@type":"PropertyValueSpecification","valueRequired":true,"valueName":"search_term_string"}}],"inLanguage":"es"},{"@type":"Person","@id":"https:\/\/www.noticiasradioreflejos.com.ar\/2021\/#\/schema\/person\/ad82545263dcc5ec0996818884fd5fb1","name":"Arnaldo Botto","image":{"@type":"ImageObject","inLanguage":"es","@id":"https:\/\/www.noticiasradioreflejos.com.ar\/2021\/#\/schema\/person\/image\/","url":"https:\/\/secure.gravatar.com\/avatar\/55cb5e37c1efa326397366e6974cb338056df65cb50e7d64d1cf314e87504837?s=96&d=mm&r=g","contentUrl":"https:\/\/secure.gravatar.com\/avatar\/55cb5e37c1efa326397366e6974cb338056df65cb50e7d64d1cf314e87504837?s=96&d=mm&r=g","caption":"Arnaldo Botto"},"url":"https:\/\/www.noticiasradioreflejos.com.ar\/2021\/author\/arnaldo\/"}]}},"_links":{"self":[{"href":"https:\/\/www.noticiasradioreflejos.com.ar\/2021\/wp-json\/wp\/v2\/posts\/142993","targetHints":{"allow":["GET"]}}],"collection":[{"href":"https:\/\/www.noticiasradioreflejos.com.ar\/2021\/wp-json\/wp\/v2\/posts"}],"about":[{"href":"https:\/\/www.noticiasradioreflejos.com.ar\/2021\/wp-json\/wp\/v2\/types\/post"}],"author":[{"embeddable":true,"href":"https:\/\/www.noticiasradioreflejos.com.ar\/2021\/wp-json\/wp\/v2\/users\/3"}],"replies":[{"embeddable":true,"href":"https:\/\/www.noticiasradioreflejos.com.ar\/2021\/wp-json\/wp\/v2\/comments?post=142993"}],"version-history":[{"count":1,"href":"https:\/\/www.noticiasradioreflejos.com.ar\/2021\/wp-json\/wp\/v2\/posts\/142993\/revisions"}],"predecessor-version":[{"id":142995,"href":"https:\/\/www.noticiasradioreflejos.com.ar\/2021\/wp-json\/wp\/v2\/posts\/142993\/revisions\/142995"}],"wp:featuredmedia":[{"embeddable":true,"href":"https:\/\/www.noticiasradioreflejos.com.ar\/2021\/wp-json\/wp\/v2\/media\/142994"}],"wp:attachment":[{"href":"https:\/\/www.noticiasradioreflejos.com.ar\/2021\/wp-json\/wp\/v2\/media?parent=142993"}],"wp:term":[{"taxonomy":"category","embeddable":true,"href":"https:\/\/www.noticiasradioreflejos.com.ar\/2021\/wp-json\/wp\/v2\/categories?post=142993"},{"taxonomy":"post_tag","embeddable":true,"href":"https:\/\/www.noticiasradioreflejos.com.ar\/2021\/wp-json\/wp\/v2\/tags?post=142993"}],"curies":[{"name":"wp","href":"https:\/\/api.w.org\/{rel}","templated":true}]}}