{"id":142972,"date":"2026-09-02T13:44:28","date_gmt":"2026-09-02T16:44:28","guid":{"rendered":"https:\/\/www.noticiasradioreflejos.com.ar\/2021\/?p=142972"},"modified":"2026-09-02T13:48:04","modified_gmt":"2026-09-02T16:48:04","slug":"obras-hidraulicas-en-tornquist-la-intendenta-bordoni-detallo-los-trabajos-en-sierra-de-la-ventana-villa-ventana-y-saldungaray","status":"publish","type":"post","link":"https:\/\/www.noticiasradioreflejos.com.ar\/2021\/obras-hidraulicas-en-tornquist-la-intendenta-bordoni-detallo-los-trabajos-en-sierra-de-la-ventana-villa-ventana-y-saldungaray\/","title":{"rendered":"Obras hidr\u00e1ulicas en Tornquist: la intendenta Bordoni detall\u00f3 los trabajos en Sierra de la Ventana, Villa Ventana y Saldungaray"},"content":{"rendered":"<p>En una amplia entrevista en <a href=\"https:\/\/streaminglocucionar.com\/radio\/fmreflejos\"><strong>FM Reflejos<\/strong><\/a>, <strong>la intendenta Estefan\u00eda Bordoni<\/strong> detall\u00f3 las labores de canalizaci\u00f3n, limpieza y readecuaci\u00f3n de cauces ante la amenaza del fen\u00f3meno meteorol\u00f3gico<strong> \u00abSuper Ni\u00f1o\u00bb<\/strong><span data-path-to-node=\"2,2\">. Adem\u00e1s, anticip\u00f3 la creaci\u00f3n de nuevos espacios recreativos en<strong> Saldungaray y Sierra de la Ventana<\/strong>, y confirm\u00f3 el pedido al Concejo Deliberante para<strong> licitar el predio \u00abLa Hoya\u00bb<\/strong><\/span><span data-path-to-node=\"2,4\">.<\/span><\/p>\n<p><!--more--><\/p>\n<p>Ante la posibilidad de enfrentar eventos meteorol\u00f3gicos adversos derivados del fen\u00f3meno conocido como <strong>\u00abSuper Ni\u00f1o\u00bb, el Municipio de Tornquist y la Direcci\u00f3n de Hidr\u00e1ulica de la Provincia de Buenos Aires<\/strong> despliegan un plan integral de prevenci\u00f3n y adecuaci\u00f3n de infraestructura hidr\u00e1ulica en distintos puntos de la comarca serrana<span data-path-to-node=\"4,2\">.<\/span><\/p>\n<p>&nbsp;<\/p>\n<p>&nbsp;<\/p>\n<div style=\"width: 848px;\" class=\"wp-video\"><video class=\"wp-video-shortcode\" id=\"video-142972-1\" width=\"848\" height=\"478\" preload=\"metadata\" controls=\"controls\"><source type=\"video\/mp4\" src=\"https:\/\/www.noticiasradioreflejos.com.ar\/2021\/wp-content\/uploads\/2026\/09\/Balneario-El-Dique-1.mp4?_=1\" \/><a href=\"https:\/\/www.noticiasradioreflejos.com.ar\/2021\/wp-content\/uploads\/2026\/09\/Balneario-El-Dique-1.mp4\">https:\/\/www.noticiasradioreflejos.com.ar\/2021\/wp-content\/uploads\/2026\/09\/Balneario-El-Dique-1.mp4<\/a><\/video><\/div>\n<p><em><strong><span style=\"color: #000080;\">\u00abEl Diquesito\u00bb en Sierra de la Ventana junto al Arroyo San Bernardo<\/span><\/strong><\/em><\/p>\n<p>&nbsp;<\/p>\n<p data-path-to-node=\"5\"><span data-path-to-node=\"5,0\">Las tareas, que incluyen ensanche de cauces, retiro de materiales sueltos, limpieza de resaca y fortalecimiento de m\u00e1rgenes<\/span><span data-path-to-node=\"5,2\">, comenzaron en Sierra de la Ventana \u2014sobre el Arroyo San Bernardo\u2014<\/span><span data-path-to-node=\"5,4\"> y se extender\u00e1n de forma progresiva a<strong> Villa Ventana y Saldungaray<\/strong><\/span><span data-path-to-node=\"5,6\">.<\/span><\/p>\n<p data-path-to-node=\"5\"><span data-path-to-node=\"6,0\">Para brindar precisiones sobre la log\u00edstica de las obras, la articulaci\u00f3n gubernamental y las proyectadas intervenciones en los espacios p\u00fablicos y tur\u00edsticos del distrito, la intendenta de Tornquist,<a href=\"https:\/\/streaminglocucionar.com\/radio\/fmreflejos\"> <b data-path-to-node=\"6,0\" data-index-in-node=\"201\">Estefan\u00eda Bordoni<\/b>,<\/a> repas\u00f3 en detalle el estado de situaci\u00f3n y los alcances de la gesti\u00f3n municipal<\/span><span data-path-to-node=\"6,2\">.<\/span><\/p>\n<div class=\"source-label-container gds-body-s ng-star-inserted\" dir=\"auto\"><\/div>\n<div dir=\"auto\">\n<audio class=\"wp-audio-shortcode\" id=\"audio-142972-1\" preload=\"none\" style=\"width: 100%;\" controls=\"controls\"><source type=\"audio\/mpeg\" src=\"https:\/\/www.noticiasradioreflejos.com.ar\/2021\/wp-content\/uploads\/2026\/09\/Estefania-Bordonii-02-09.mp3?_=1\" \/><a href=\"https:\/\/www.noticiasradioreflejos.com.ar\/2021\/wp-content\/uploads\/2026\/09\/Estefania-Bordonii-02-09.mp3\">https:\/\/www.noticiasradioreflejos.com.ar\/2021\/wp-content\/uploads\/2026\/09\/Estefania-Bordonii-02-09.mp3<\/a><\/audio>\n<\/div>\n<div class=\"source-inline-chip-container luminous-sources hide-from-message-actions ng-star-inserted\">\n<div class=\"source-label-container gds-body-s ng-star-inserted\" dir=\"auto\"><a href=\"https:\/\/www.noticiasradioreflejos.com.ar\/2021\/estefania-bordoni-estamos-en-una-situacion-compleja\/estefania-bordoni-1\/\" rel=\"attachment wp-att-104921\"><img loading=\"lazy\" decoding=\"async\" class=\"aligncenter size-full wp-image-104921\" src=\"https:\/\/www.noticiasradioreflejos.com.ar\/2021\/wp-content\/uploads\/2024\/07\/Estefania-Bordoni-1.jpeg\" alt=\"\" width=\"1152\" height=\"768\" srcset=\"https:\/\/www.noticiasradioreflejos.com.ar\/2021\/wp-content\/uploads\/2024\/07\/Estefania-Bordoni-1.jpeg 1152w, https:\/\/www.noticiasradioreflejos.com.ar\/2021\/wp-content\/uploads\/2024\/07\/Estefania-Bordoni-1-300x200.jpeg 300w, https:\/\/www.noticiasradioreflejos.com.ar\/2021\/wp-content\/uploads\/2024\/07\/Estefania-Bordoni-1-1024x683.jpeg 1024w, https:\/\/www.noticiasradioreflejos.com.ar\/2021\/wp-content\/uploads\/2024\/07\/Estefania-Bordoni-1-768x512.jpeg 768w, https:\/\/www.noticiasradioreflejos.com.ar\/2021\/wp-content\/uploads\/2024\/07\/Estefania-Bordoni-1-750x500.jpeg 750w, https:\/\/www.noticiasradioreflejos.com.ar\/2021\/wp-content\/uploads\/2024\/07\/Estefania-Bordoni-1-1140x760.jpeg 1140w\" sizes=\"auto, (max-width: 1152px) 100vw, 1152px\" \/><\/a><\/div>\n<\/div>\n<h3 data-path-to-node=\"8\">Un trabajo coordinado ante la contingencia clim\u00e1tica<\/h3>\n<p data-path-to-node=\"9\"><span data-path-to-node=\"9,0\">Consultada sobre el origen y la extensi\u00f3n de las labores operativas con maquinaria pesada<\/span><span data-path-to-node=\"9,2\">, la jefa comunal remarc\u00f3 la importancia del trabajo articulado entre los distintos niveles del Estado y el sector privado<\/span><span data-path-to-node=\"9,4\">.<\/span><\/p>\n<blockquote data-path-to-node=\"10\">\n<p data-path-to-node=\"10,0\"><span data-path-to-node=\"10,0,0\">\u00abVenimos trabajando, solicitando a la Provincia de Buenos Aires la maquinaria porque nosotros como municipio no podemos hacer el trabajo en la costa de los arroyos; eso depende de Hidr\u00e1ulica<\/span><span data-path-to-node=\"10,0,2\">. Sumado a que este a\u00f1o articulamos con el programa provincial de prevenci\u00f3n ante El Ni\u00f1o, las maquinarias pesadas de Hidr\u00e1ulica vinieron a hacer varios trabajos ac\u00e1 en nuestra zona\u00bb<\/span><span data-path-to-node=\"10,0,4\">.<\/span><\/p>\n<\/blockquote>\n<p data-path-to-node=\"11\"><span data-path-to-node=\"11,0\">Respecto al cronograma, la intendenta precis\u00f3 que el personal t\u00e9cnico permanecer\u00e1 en el territorio el tiempo que sea necesario seg\u00fan el avance de las intervenciones<\/span><span data-path-to-node=\"11,2\">:<\/span><\/p>\n<blockquote data-path-to-node=\"12\">\n<p data-path-to-node=\"12,0\"><span data-path-to-node=\"12,0,0\">\u00abEmpezamos por Sierra<\/span><span data-path-to-node=\"12,0,2\">&#8230; Van a pasar por Villa Ventana y Saldungaray<\/span><span data-path-to-node=\"12,0,4\">. Es un trabajo en conjunto porque, obviamente, a nosotros no nos alcanzar\u00eda<\/span><span data-path-to-node=\"12,0,6\">. Con Hidr\u00e1ulica de la Provincia, m\u00e1s algunos proveedores privados que hemos contratado, venimos hace m\u00e1s de cuatro semanas haci\u00e9ndolo con alg\u00fan privado y con empleados municipales que realmente se est\u00e1n poniendo la camiseta para los abrir y ampliar canales o los tubos que est\u00e1n obstruidos<\/span><span data-path-to-node=\"12,0,8\">. Es un trabajo de prevenci\u00f3n muy grande y muy serio que se est\u00e1 tomando desde el \u00e1rea de Obras P\u00fablicas del municipio\u00bb<\/span><span data-path-to-node=\"12,0,10\">.<\/span><\/p>\n<\/blockquote>\n<p data-path-to-node=\"12,0\"><a href=\"https:\/\/www.noticiasradioreflejos.com.ar\/2021\/obras-hidraulicas-en-tornquist-la-intendenta-bordoni-detallo-los-trabajos-en-sierra-de-la-ventana-villa-ventana-y-saldungaray\/balneario-el-dique-2\/\" rel=\"attachment wp-att-142975\"><img loading=\"lazy\" decoding=\"async\" class=\"aligncenter size-full wp-image-142975\" src=\"https:\/\/www.noticiasradioreflejos.com.ar\/2021\/wp-content\/uploads\/2026\/09\/Balneario-El-Dique-2.jpeg\" alt=\"\" width=\"1600\" height=\"720\" srcset=\"https:\/\/www.noticiasradioreflejos.com.ar\/2021\/wp-content\/uploads\/2026\/09\/Balneario-El-Dique-2.jpeg 1600w, https:\/\/www.noticiasradioreflejos.com.ar\/2021\/wp-content\/uploads\/2026\/09\/Balneario-El-Dique-2-300x135.jpeg 300w, https:\/\/www.noticiasradioreflejos.com.ar\/2021\/wp-content\/uploads\/2026\/09\/Balneario-El-Dique-2-1024x461.jpeg 1024w, https:\/\/www.noticiasradioreflejos.com.ar\/2021\/wp-content\/uploads\/2026\/09\/Balneario-El-Dique-2-768x346.jpeg 768w, https:\/\/www.noticiasradioreflejos.com.ar\/2021\/wp-content\/uploads\/2026\/09\/Balneario-El-Dique-2-1536x691.jpeg 1536w, https:\/\/www.noticiasradioreflejos.com.ar\/2021\/wp-content\/uploads\/2026\/09\/Balneario-El-Dique-2-750x338.jpeg 750w, https:\/\/www.noticiasradioreflejos.com.ar\/2021\/wp-content\/uploads\/2026\/09\/Balneario-El-Dique-2-1140x513.jpeg 1140w\" sizes=\"auto, (max-width: 1600px) 100vw, 1600px\" \/><\/a><\/p>\n<h3 data-path-to-node=\"14\">Inversi\u00f3n e intervenciones en Saldungaray y Villa Ventana<\/h3>\n<p data-path-to-node=\"15\"><span data-path-to-node=\"15,0\">Una de las zonas que requiri\u00f3 atenci\u00f3n prioritaria e intervenci\u00f3n profunda de nivelaci\u00f3n fue Saldungaray, localidad que sufri\u00f3 anegamientos durante las lluvias oto\u00f1ales<\/span><span data-path-to-node=\"15,2\">.<\/span><\/p>\n<div class=\"source-inline-chip-container luminous-sources hide-from-message-actions ng-star-inserted\">\n<div class=\"source-label-container gds-body-s ng-star-inserted\" dir=\"auto\"><\/div>\n<\/div>\n<div class=\"horizontal-scroll-wrapper\">\n<table data-path-to-node=\"16\">\n<thead>\n<tr>\n<th><span data-path-to-node=\"16,0,0,0\">Localidad<\/span><\/th>\n<th><span data-path-to-node=\"16,0,1,0\">Sector \/ \u00c1rea de Intervenci\u00f3n<\/span><\/th>\n<th><span data-path-to-node=\"16,0,2,0\">Tipo de Trabajo y Detalle T\u00e9cnico<\/span><\/th>\n<\/tr>\n<\/thead>\n<tbody>\n<tr>\n<td><span data-path-to-node=\"16,1,0,0\"><b data-path-to-node=\"16,1,0,0\" data-index-in-node=\"0\">Sierra de la Ventana<\/b><\/span><\/td>\n<td>\n<p data-path-to-node=\"16,1,1,0\"><span data-path-to-node=\"16,1,1,0,0\">Arroyo San Bernardo<\/span><\/p>\n<div class=\"source-inline-chip-container luminous-sources hide-from-message-actions ng-star-inserted\">\n<div class=\"source-label-container gds-body-s ng-star-inserted\" dir=\"auto\"><\/div>\n<\/div>\n<\/td>\n<td>\n<p data-path-to-node=\"16,1,2,0\"><span data-path-to-node=\"16,1,2,0,0\">Limpieza de resaca, readecuaci\u00f3n de cauce, remoci\u00f3n de piedras y fortalecimiento de m\u00e1rgenes<\/span><span data-path-to-node=\"16,1,2,0,2\">.<\/span><\/p>\n<\/td>\n<\/tr>\n<tr>\n<td><span data-path-to-node=\"16,2,0,0\"><b data-path-to-node=\"16,2,0,0\" data-index-in-node=\"0\">Saldungaray<\/b><\/span><\/td>\n<td>\n<p data-path-to-node=\"16,2,1,0\"><span data-path-to-node=\"16,2,1,0,0\">Balneario, canales y cruces de calles<\/span><\/p>\n<\/td>\n<td>\n<p data-path-to-node=\"16,2,2,0\"><span data-path-to-node=\"16,2,2,0,0\">Reemplazo de alcantarillas y tubos, medici\u00f3n con teodolito, limpieza de desag\u00fces y estudios de nivelaci\u00f3n con ingenieros<\/span><span data-path-to-node=\"16,2,2,0,2\">.<\/span><\/p>\n<\/td>\n<\/tr>\n<tr>\n<td><span data-path-to-node=\"16,3,0,0\"><b data-path-to-node=\"16,3,0,0\" data-index-in-node=\"0\">Villa Ventana<\/b><\/span><\/td>\n<td>\n<p data-path-to-node=\"16,3,1,0\"><span data-path-to-node=\"16,3,1,0,0\">Desembocadura del Arroyo Belisario<\/span><\/p>\n<\/td>\n<td>\n<p data-path-to-node=\"16,3,2,0\"><span data-path-to-node=\"16,3,2,0,0\">Limpieza y despeje desde la zona posterior a la escuela hasta el puente de la Ruta 76<\/span><span data-path-to-node=\"16,3,2,0,2\">.<\/span><\/p>\n<\/td>\n<\/tr>\n<\/tbody>\n<\/table>\n<\/div>\n<p data-path-to-node=\"17\"><span data-path-to-node=\"17,0\">Sobre los trabajos espec\u00edficos y de ingenier\u00eda que se desarrollan en Saldungaray para acelerar el escurrimiento del agua<\/span><span data-path-to-node=\"17,2\">, Bordoni explic\u00f3:<\/span><\/p>\n<blockquote data-path-to-node=\"18\">\n<p data-path-to-node=\"18,0\"><span data-path-to-node=\"18,0,0\">\u00abHace tres semanas venimos trabajando fuertemente all\u00e1, obviamente con dos ingenieros por el tema de los niveles<\/span><span data-path-to-node=\"18,0,2\">. Hablamos con propietarios del campo, con Jos\u00e9 Leturia, para tambi\u00e9n seguir trabajando ah\u00ed el tema de los niveles<\/span><span data-path-to-node=\"18,0,4\">. Obviamente dependemos de las condiciones clim\u00e1ticas; si caen 200 mil\u00edmetros de una, puede pasar en cualquier lado<\/span><span data-path-to-node=\"18,0,6\">. Lo que nosotros hacemos es prevenir para que el agua escurra y corra m\u00e1s r\u00e1pido, los niveles est\u00e9n bien y no haya obstrucciones en el medio\u00bb<\/span><span data-path-to-node=\"18,0,8\">.<\/span><\/p>\n<\/blockquote>\n<p data-path-to-node=\"19\">Asimismo, subray\u00f3 el esfuerzo presupuestario que conlleva la reestructuraci\u00f3n del sistema de drenaje:<\/p>\n<blockquote data-path-to-node=\"20\">\n<p data-path-to-node=\"20,0\"><span data-path-to-node=\"20,0,0\">\u00abLa limpieza para que el agua siga su curso al arroyo la estamos haciendo desde hace tres semanas<\/span><span data-path-to-node=\"20,0,2\">. Estamos cambiando tubos, tirando niveles, midiendo, viendo que hay tubos m\u00e1s chicos y cambi\u00e1ndolos<\/span><span data-path-to-node=\"20,0,4\">. Es un trabajo y un esfuerzo econ\u00f3mico muy grande que est\u00e1 haciendo el Municipio, en el cual estamos trabajando seriamente\u00bb<\/span><span data-path-to-node=\"20,0,6\">.<\/span><\/p>\n<\/blockquote>\n<p data-path-to-node=\"21\"><span data-path-to-node=\"21,0\">En relaci\u00f3n a la log\u00edstica operativa con la Provincia, Bordoni confirm\u00f3 que la flota provincial de maquinaria pesada cuenta con el soporte t\u00e9cnico y de transporte municipal<\/span><span data-path-to-node=\"21,2\">:<\/span><\/p>\n<blockquote data-path-to-node=\"22\">\n<p data-path-to-node=\"22,0\"><span data-path-to-node=\"22,0,0\">\u00abHay camiones [de la empresa contratada], pero nosotros tambi\u00e9n aportamos carretones o la batea en el caso de que necesiten m\u00e1s<\/span><span data-path-to-node=\"22,0,2\">. Estamos a disposici\u00f3n de Hidr\u00e1ulica y de la gente que est\u00e1 trabajando para facilitar el trabajo y hacer la mejor labor posible\u00bb<\/span><span data-path-to-node=\"22,0,4\">.<\/span><\/p>\n<\/blockquote>\n<p data-path-to-node=\"23\"><span data-path-to-node=\"23,0\">En cuanto a las tareas previstas en <strong>Villa Ventana<\/strong> una vez culminada la etapa actual<\/span><span data-path-to-node=\"23,2\">, la mandataria confirm\u00f3 que se intervendr\u00e1 en el Arroyo Belisario<\/span><span data-path-to-node=\"23,4\">, <i data-path-to-node=\"23,4\" data-index-in-node=\"2\">\u00aben todo lo que es la desembocadura, desde atr\u00e1s de la escuela hasta casi el puente abajo de la Ruta 76\u00bb<\/i><\/span><span data-path-to-node=\"23,6\">.<\/span><\/p>\n<p data-path-to-node=\"23\"><a href=\"https:\/\/www.noticiasradioreflejos.com.ar\/2021\/obras-hidraulicas-en-tornquist-la-intendenta-bordoni-detallo-los-trabajos-en-sierra-de-la-ventana-villa-ventana-y-saldungaray\/balneario-el-dique-3\/\" rel=\"attachment wp-att-142976\"><img loading=\"lazy\" decoding=\"async\" class=\"aligncenter size-full wp-image-142976\" src=\"https:\/\/www.noticiasradioreflejos.com.ar\/2021\/wp-content\/uploads\/2026\/09\/Balneario-El-Dique-3.jpeg\" alt=\"\" width=\"1600\" height=\"720\" srcset=\"https:\/\/www.noticiasradioreflejos.com.ar\/2021\/wp-content\/uploads\/2026\/09\/Balneario-El-Dique-3.jpeg 1600w, https:\/\/www.noticiasradioreflejos.com.ar\/2021\/wp-content\/uploads\/2026\/09\/Balneario-El-Dique-3-300x135.jpeg 300w, https:\/\/www.noticiasradioreflejos.com.ar\/2021\/wp-content\/uploads\/2026\/09\/Balneario-El-Dique-3-1024x461.jpeg 1024w, https:\/\/www.noticiasradioreflejos.com.ar\/2021\/wp-content\/uploads\/2026\/09\/Balneario-El-Dique-3-768x346.jpeg 768w, https:\/\/www.noticiasradioreflejos.com.ar\/2021\/wp-content\/uploads\/2026\/09\/Balneario-El-Dique-3-1536x691.jpeg 1536w, https:\/\/www.noticiasradioreflejos.com.ar\/2021\/wp-content\/uploads\/2026\/09\/Balneario-El-Dique-3-750x338.jpeg 750w, https:\/\/www.noticiasradioreflejos.com.ar\/2021\/wp-content\/uploads\/2026\/09\/Balneario-El-Dique-3-1140x513.jpeg 1140w\" sizes=\"auto, (max-width: 1600px) 100vw, 1600px\" \/><\/a><\/p>\n<h3 data-path-to-node=\"25\">Revalorizaci\u00f3n de balnearios y seguridad en el agua<\/h3>\n<p data-path-to-node=\"26\"><span data-path-to-node=\"26,0\">El plan de prevenci\u00f3n sobre los cauces h\u00eddricos trajo como beneficio secundario el acondicionamiento natural y la recuperaci\u00f3n de sectores clave para el esparcimiento p\u00fablico y el turismo local, como el diquesito del Arroyo San Bernardo y el balneario de Saldungaray<\/span><span data-path-to-node=\"26,2\">.<\/span><\/p>\n<p data-path-to-node=\"27\"><span data-path-to-node=\"27,0\">Bordoni destac\u00f3 que la decisi\u00f3n de acondicionar estos sectores responde a una pol\u00edtica de gesti\u00f3n orientada al aprovechamiento del espacio p\u00fablico<\/span><span data-path-to-node=\"27,2\">, respaldada por la formaci\u00f3n de profesionales locales gracias al Programa Puentes<\/span><span data-path-to-node=\"27,4\">:<\/span><\/p>\n<blockquote data-path-to-node=\"28\">\n<p data-path-to-node=\"28,0\"><span data-path-to-node=\"28,0,0\">\u00abEra una iniciativa muy fuerte que hab\u00edamos tomado desde el inicio de mi gesti\u00f3n: generar lugares tur\u00edsticos<\/span><span data-path-to-node=\"28,0,2\">. Ahora que, adem\u00e1s gracias a la Universidad y el Programa Puentes, contamos con mucha mano de obra de guardavidas, podemos generar espacios en los que contemos con seguridad para que la gente y el turismo lo disfruten\u00bb<\/span><span data-path-to-node=\"28,0,4\">.<\/span><\/p>\n<\/blockquote>\n<p data-path-to-node=\"29\">Sobre la recuperaci\u00f3n del balneario de <strong>Saldungaray y la cobertura de guardavida<\/strong>s en los espejos de agua de la comarca, adelant\u00f3:<\/p>\n<blockquote data-path-to-node=\"30\">\n<p data-path-to-node=\"30,0\"><span data-path-to-node=\"30,0,0\">\u00abVarios vecinos lo ven\u00edan planteando en Saldungaray<\/span><span data-path-to-node=\"30,0,2\">. La idea es generar un espacio m\u00e1s<\/span><span data-path-to-node=\"30,0,4\">. Anteriormente no lo pod\u00edamos hacer porque no cont\u00e1bamos con guardavidas para todo el distrito<\/span><span data-path-to-node=\"30,0,6\">. Poner carteles de que &#8216;no se pod\u00eda ba\u00f1ar&#8217; no nos parec\u00eda una buena idea como gesti\u00f3n<\/span><span data-path-to-node=\"30,0,8\">. Ahora que tenemos mano de obra local, estamos generando esos espacios que le dan al vecino una identidad \u2014porque en Saldungaray era el lugar de encuentro\u2014 y tambi\u00e9n al turismo\u00bb<\/span><span data-path-to-node=\"30,0,10\">.<\/span><\/p>\n<\/blockquote>\n<blockquote data-path-to-node=\"31\">\n<p data-path-to-node=\"31,0\"><span data-path-to-node=\"31,0,0\">\u00abCreemos que hay mano de obra local que quiere trabajar y que podemos contratar para que as\u00ed sea<\/span><span data-path-to-node=\"31,0,2\">. Probablemente cerremos los acuerdos en unas semanas tras las reuniones previas\u00bb<\/span><span data-path-to-node=\"31,0,4\">.<\/span><\/p>\n<\/blockquote>\n<div style=\"width: 1080px;\" class=\"wp-video\"><video class=\"wp-video-shortcode\" id=\"video-142972-2\" width=\"1080\" height=\"1920\" preload=\"metadata\" controls=\"controls\"><source type=\"video\/mp4\" src=\"https:\/\/www.noticiasradioreflejos.com.ar\/2021\/wp-content\/uploads\/2026\/09\/Balneario-Saldungaray.mp4?_=2\" \/><a href=\"https:\/\/www.noticiasradioreflejos.com.ar\/2021\/wp-content\/uploads\/2026\/09\/Balneario-Saldungaray.mp4\">https:\/\/www.noticiasradioreflejos.com.ar\/2021\/wp-content\/uploads\/2026\/09\/Balneario-Saldungaray.mp4<\/a><\/video><\/div>\n<p data-path-to-node=\"33\"><span style=\"color: #000080;\"><em><strong>Trabajos en el Balneario de Saldungaray a orillas del Sauce Grande<\/strong><\/em><\/span><\/p>\n<h3 data-path-to-node=\"33\"><\/h3>\n<h3 data-path-to-node=\"33\">Licitaci\u00f3n p\u00fablica para la puesta en valor de \u00abLa Hoya\u00bb<\/h3>\n<p data-path-to-node=\"34\"><span data-path-to-node=\"34,0\">Durante el di\u00e1logo period\u00edstico, la intendenta confirm\u00f3 el env\u00edo de un proyecto al Honorable Concejo Deliberante para elevar a licitaci\u00f3n p\u00fablica la concesi\u00f3n y explotaci\u00f3n tur\u00edstica del predio \u00abLa Hoya\u00bb, ubicado en Sierra de la Ventana<\/span><span data-path-to-node=\"34,2\">.<\/span><\/p>\n<p data-path-to-node=\"34\"><a href=\"https:\/\/www.noticiasradioreflejos.com.ar\/2021\/obras-hidraulicas-en-tornquist-la-intendenta-bordoni-detallo-los-trabajos-en-sierra-de-la-ventana-villa-ventana-y-saldungaray\/la-hoya\/\" rel=\"attachment wp-att-142973\"><img loading=\"lazy\" decoding=\"async\" class=\"aligncenter size-full wp-image-142973\" src=\"https:\/\/www.noticiasradioreflejos.com.ar\/2021\/wp-content\/uploads\/2026\/09\/La-Hoya.jpeg\" alt=\"\" width=\"1600\" height=\"720\" srcset=\"https:\/\/www.noticiasradioreflejos.com.ar\/2021\/wp-content\/uploads\/2026\/09\/La-Hoya.jpeg 1600w, https:\/\/www.noticiasradioreflejos.com.ar\/2021\/wp-content\/uploads\/2026\/09\/La-Hoya-300x135.jpeg 300w, https:\/\/www.noticiasradioreflejos.com.ar\/2021\/wp-content\/uploads\/2026\/09\/La-Hoya-1024x461.jpeg 1024w, https:\/\/www.noticiasradioreflejos.com.ar\/2021\/wp-content\/uploads\/2026\/09\/La-Hoya-768x346.jpeg 768w, https:\/\/www.noticiasradioreflejos.com.ar\/2021\/wp-content\/uploads\/2026\/09\/La-Hoya-1536x691.jpeg 1536w, https:\/\/www.noticiasradioreflejos.com.ar\/2021\/wp-content\/uploads\/2026\/09\/La-Hoya-750x338.jpeg 750w, https:\/\/www.noticiasradioreflejos.com.ar\/2021\/wp-content\/uploads\/2026\/09\/La-Hoya-1140x513.jpeg 1140w\" sizes=\"auto, (max-width: 1600px) 100vw, 1600px\" \/><\/a><\/p>\n<p data-path-to-node=\"35\"><span data-path-to-node=\"35,0\">Bordoni desminti\u00f3 categ\u00f3ricamente los rumores sobre adjudicaciones previas directas y enfatiz\u00f3 la transparencia del proceso competitivo<\/span><span data-path-to-node=\"35,2\">:<\/span><\/p>\n<blockquote data-path-to-node=\"36\">\n<p data-path-to-node=\"36,0\"><span data-path-to-node=\"36,0,0\">\u00abCreemos que es un lugar potencial como para que se mejore y pueda venir cualquier privado a querer explotarlo<\/span><span data-path-to-node=\"36,0,2\">. Tiene que ser tur\u00edstico y tener un atractivo especial porque es un lugar hermoso que cuenta Sierra de la Ventana y que hab\u00eda estado un poco abandonado<\/span><span data-path-to-node=\"36,0,4\">. Subimos el pedido al Concejo Deliberante para que nos autoricen a armar una licitaci\u00f3n transparente<\/span><span data-path-to-node=\"36,0,6\">, para que cualquier familia, vecino o privado se pueda presentar y proponer su idea\u00bb<\/span><span data-path-to-node=\"36,0,8\">.<\/span><\/p>\n<\/blockquote>\n<blockquote data-path-to-node=\"37\">\n<p data-path-to-node=\"37,0\"><span data-path-to-node=\"37,0,0\">\u00abSe habla de que el Municipio ya tiene a alguien asignado y es mentira<\/span><span data-path-to-node=\"37,0,2\">. Si hubi\u00e9semos tenido un proyecto definido, lo habr\u00edamos subido directamente al Concejo para su aprobaci\u00f3n<\/span><span data-path-to-node=\"37,0,4\">. Me pareci\u00f3 lo m\u00e1s sano y transparente que se compita, que nos traigan el mejor proyecto y que decidamos en conjunto\u00bb<\/span><span data-path-to-node=\"37,0,6\">.<\/span><\/p>\n<\/blockquote>\n<p data-path-to-node=\"38\"><span data-path-to-node=\"38,0\">Finalmente, detall\u00f3 las especificaciones y condiciones t\u00e9cnicas contempladas en los pliegos licitatorios<\/span><span data-path-to-node=\"38,2\">:<\/span><\/p>\n<ul data-path-to-node=\"39\">\n<li>\n<p data-path-to-node=\"39,0,0\"><span data-path-to-node=\"39,0,0,0\"><b data-path-to-node=\"39,0,0,0\" data-index-in-node=\"0\">Uso exclusivo comercial y tur\u00edstico:<\/b> Se proh\u00edbe expl\u00edcitamente el destino del predio para vivienda familiar<\/span><span data-path-to-node=\"39,0,0,2\">.<\/span><\/p>\n<\/li>\n<li>\n<p data-path-to-node=\"39,1,0\"><span data-path-to-node=\"39,1,0,0\"><b data-path-to-node=\"39,1,0,0\" data-index-in-node=\"0\">Infraestructura requerida:<\/b> El proyecto definitivo deber\u00e1 contemplar la construcci\u00f3n de un parador, restaurant y una bater\u00eda de ba\u00f1os<\/span><span data-path-to-node=\"39,1,0,2\">.<\/span><\/p>\n<\/li>\n<li>\n<p data-path-to-node=\"39,2,0\"><span data-path-to-node=\"39,2,0,0\"><b data-path-to-node=\"39,2,0,0\" data-index-in-node=\"0\">Plazos y flexibilidad operacional:<\/b> Contemplar\u00e1 una concesi\u00f3n por un periodo de <b data-path-to-node=\"39,2,0,0\" data-index-in-node=\"79\">4 a\u00f1os<\/b>, prorrogable por <b data-path-to-node=\"39,2,0,0\" data-index-in-node=\"103\">4 a\u00f1os m\u00e1s<\/b><\/span><span data-path-to-node=\"39,2,0,2\">. Debido a la proximidad de la temporada, el concesionario podr\u00e1 instalar de forma provisoria carros gastron\u00f3micos o ba\u00f1os qu\u00edmicos mientras ejecuta las obras definitivas<\/span><span data-path-to-node=\"39,2,0,4\">.<\/span><\/p>\n<\/li>\n<li>\n<p data-path-to-node=\"39,3,0\"><span data-path-to-node=\"39,3,0,0\"><b data-path-to-node=\"39,3,0,0\" data-index-in-node=\"0\">Criterio de adjudicaci\u00f3n:<\/b> Se evaluar\u00e1 la calidad integral de la propuesta y el respaldo financiero con el que cuenten los oferentes<\/span><span data-path-to-node=\"39,3,0,2\">.<\/span><\/p>\n<\/li>\n<\/ul>\n<p>&nbsp;<\/p>\n<p>&nbsp;<\/p>\n","protected":false},"excerpt":{"rendered":"<p>En una amplia entrevista en FM Reflejos, la intendenta Estefan\u00eda Bordoni detall\u00f3 las labores de canalizaci\u00f3n, limpieza y readecuaci\u00f3n de cauces ante la amenaza del fen\u00f3meno meteorol\u00f3gico \u00abSuper Ni\u00f1o\u00bb. Adem\u00e1s, anticip\u00f3 la creaci\u00f3n de nuevos espacios recreativos en Saldungaray y Sierra de la Ventana, y confirm\u00f3 el pedido al Concejo Deliberante para licitar el predio [&hellip;]<\/p>\n","protected":false},"author":3,"featured_media":142980,"comment_status":"closed","ping_status":"closed","sticky":false,"template":"","format":"standard","meta":{"footnotes":""},"categories":[28,24,33],"tags":[48],"class_list":["post-142972","post","type-post","status-publish","format-standard","has-post-thumbnail","hentry","category-municipales","category-politica","category-turismo","tag-destacada"],"yoast_head":"<!-- This site is optimized with the Yoast SEO plugin v25.9 - https:\/\/yoast.com\/wordpress\/plugins\/seo\/ -->\n<title>Obras hidr\u00e1ulicas en Tornquist: la intendenta Bordoni detall\u00f3 los trabajos en Sierra de la Ventana, Villa Ventana y Saldungaray - Noticias Radio Reflejos<\/title>\n<meta name=\"robots\" content=\"index, follow, max-snippet:-1, max-image-preview:large, max-video-preview:-1\" \/>\n<link rel=\"canonical\" href=\"https:\/\/www.noticiasradioreflejos.com.ar\/2021\/obras-hidraulicas-en-tornquist-la-intendenta-bordoni-detallo-los-trabajos-en-sierra-de-la-ventana-villa-ventana-y-saldungaray\/\" \/>\n<meta property=\"og:locale\" content=\"es_ES\" \/>\n<meta property=\"og:type\" content=\"article\" \/>\n<meta property=\"og:title\" content=\"Obras hidr\u00e1ulicas en Tornquist: la intendenta Bordoni detall\u00f3 los trabajos en Sierra de la Ventana, Villa Ventana y Saldungaray - Noticias Radio Reflejos\" \/>\n<meta property=\"og:description\" content=\"En una amplia entrevista en FM Reflejos, la intendenta Estefan\u00eda Bordoni detall\u00f3 las labores de canalizaci\u00f3n, limpieza y readecuaci\u00f3n de cauces ante la amenaza del fen\u00f3meno meteorol\u00f3gico \u00abSuper Ni\u00f1o\u00bb. Adem\u00e1s, anticip\u00f3 la creaci\u00f3n de nuevos espacios recreativos en Saldungaray y Sierra de la Ventana, y confirm\u00f3 el pedido al Concejo Deliberante para licitar el predio [&hellip;]\" \/>\n<meta property=\"og:url\" content=\"https:\/\/www.noticiasradioreflejos.com.ar\/2021\/obras-hidraulicas-en-tornquist-la-intendenta-bordoni-detallo-los-trabajos-en-sierra-de-la-ventana-villa-ventana-y-saldungaray\/\" \/>\n<meta property=\"og:site_name\" content=\"Noticias Radio Reflejos\" \/>\n<meta property=\"article:published_time\" content=\"2026-09-02T16:44:28+00:00\" \/>\n<meta property=\"article:modified_time\" content=\"2026-09-02T16:48:04+00:00\" \/>\n<meta property=\"og:image\" content=\"https:\/\/www.noticiasradioreflejos.com.ar\/2021\/wp-content\/uploads\/2026\/09\/Balneario-El-Dique-1.jpeg\" \/>\n\t<meta property=\"og:image:width\" content=\"1600\" \/>\n\t<meta property=\"og:image:height\" content=\"720\" \/>\n\t<meta property=\"og:image:type\" content=\"image\/jpeg\" \/>\n<meta name=\"author\" content=\"Arnaldo Botto\" \/>\n<meta name=\"twitter:card\" content=\"summary_large_image\" \/>\n<script type=\"application\/ld+json\" class=\"yoast-schema-graph\">{\"@context\":\"https:\/\/schema.org\",\"@graph\":[{\"@type\":\"WebPage\",\"@id\":\"https:\/\/www.noticiasradioreflejos.com.ar\/2021\/obras-hidraulicas-en-tornquist-la-intendenta-bordoni-detallo-los-trabajos-en-sierra-de-la-ventana-villa-ventana-y-saldungaray\/\",\"url\":\"https:\/\/www.noticiasradioreflejos.com.ar\/2021\/obras-hidraulicas-en-tornquist-la-intendenta-bordoni-detallo-los-trabajos-en-sierra-de-la-ventana-villa-ventana-y-saldungaray\/\",\"name\":\"Obras hidr\u00e1ulicas en Tornquist: la intendenta Bordoni detall\u00f3 los trabajos en Sierra de la Ventana, Villa Ventana y Saldungaray - Noticias Radio Reflejos\",\"isPartOf\":{\"@id\":\"https:\/\/www.noticiasradioreflejos.com.ar\/2021\/#website\"},\"primaryImageOfPage\":{\"@id\":\"https:\/\/www.noticiasradioreflejos.com.ar\/2021\/obras-hidraulicas-en-tornquist-la-intendenta-bordoni-detallo-los-trabajos-en-sierra-de-la-ventana-villa-ventana-y-saldungaray\/#primaryimage\"},\"image\":{\"@id\":\"https:\/\/www.noticiasradioreflejos.com.ar\/2021\/obras-hidraulicas-en-tornquist-la-intendenta-bordoni-detallo-los-trabajos-en-sierra-de-la-ventana-villa-ventana-y-saldungaray\/#primaryimage\"},\"thumbnailUrl\":\"https:\/\/www.noticiasradioreflejos.com.ar\/2021\/wp-content\/uploads\/2026\/09\/Balneario-El-Dique-1.jpeg\",\"datePublished\":\"2026-09-02T16:44:28+00:00\",\"dateModified\":\"2026-09-02T16:48:04+00:00\",\"author\":{\"@id\":\"https:\/\/www.noticiasradioreflejos.com.ar\/2021\/#\/schema\/person\/ad82545263dcc5ec0996818884fd5fb1\"},\"breadcrumb\":{\"@id\":\"https:\/\/www.noticiasradioreflejos.com.ar\/2021\/obras-hidraulicas-en-tornquist-la-intendenta-bordoni-detallo-los-trabajos-en-sierra-de-la-ventana-villa-ventana-y-saldungaray\/#breadcrumb\"},\"inLanguage\":\"es\",\"potentialAction\":[{\"@type\":\"ReadAction\",\"target\":[\"https:\/\/www.noticiasradioreflejos.com.ar\/2021\/obras-hidraulicas-en-tornquist-la-intendenta-bordoni-detallo-los-trabajos-en-sierra-de-la-ventana-villa-ventana-y-saldungaray\/\"]}]},{\"@type\":\"ImageObject\",\"inLanguage\":\"es\",\"@id\":\"https:\/\/www.noticiasradioreflejos.com.ar\/2021\/obras-hidraulicas-en-tornquist-la-intendenta-bordoni-detallo-los-trabajos-en-sierra-de-la-ventana-villa-ventana-y-saldungaray\/#primaryimage\",\"url\":\"https:\/\/www.noticiasradioreflejos.com.ar\/2021\/wp-content\/uploads\/2026\/09\/Balneario-El-Dique-1.jpeg\",\"contentUrl\":\"https:\/\/www.noticiasradioreflejos.com.ar\/2021\/wp-content\/uploads\/2026\/09\/Balneario-El-Dique-1.jpeg\",\"width\":1600,\"height\":720},{\"@type\":\"BreadcrumbList\",\"@id\":\"https:\/\/www.noticiasradioreflejos.com.ar\/2021\/obras-hidraulicas-en-tornquist-la-intendenta-bordoni-detallo-los-trabajos-en-sierra-de-la-ventana-villa-ventana-y-saldungaray\/#breadcrumb\",\"itemListElement\":[{\"@type\":\"ListItem\",\"position\":1,\"name\":\"Portada\",\"item\":\"https:\/\/www.noticiasradioreflejos.com.ar\/2021\/\"},{\"@type\":\"ListItem\",\"position\":2,\"name\":\"Obras hidr\u00e1ulicas en Tornquist: la intendenta Bordoni detall\u00f3 los trabajos en Sierra de la Ventana, Villa Ventana y Saldungaray\"}]},{\"@type\":\"WebSite\",\"@id\":\"https:\/\/www.noticiasradioreflejos.com.ar\/2021\/#website\",\"url\":\"https:\/\/www.noticiasradioreflejos.com.ar\/2021\/\",\"name\":\"Noticias Radio Reflejos\",\"description\":\"Las noticias de mi comarca\",\"potentialAction\":[{\"@type\":\"SearchAction\",\"target\":{\"@type\":\"EntryPoint\",\"urlTemplate\":\"https:\/\/www.noticiasradioreflejos.com.ar\/2021\/?s={search_term_string}\"},\"query-input\":{\"@type\":\"PropertyValueSpecification\",\"valueRequired\":true,\"valueName\":\"search_term_string\"}}],\"inLanguage\":\"es\"},{\"@type\":\"Person\",\"@id\":\"https:\/\/www.noticiasradioreflejos.com.ar\/2021\/#\/schema\/person\/ad82545263dcc5ec0996818884fd5fb1\",\"name\":\"Arnaldo Botto\",\"image\":{\"@type\":\"ImageObject\",\"inLanguage\":\"es\",\"@id\":\"https:\/\/www.noticiasradioreflejos.com.ar\/2021\/#\/schema\/person\/image\/\",\"url\":\"https:\/\/secure.gravatar.com\/avatar\/55cb5e37c1efa326397366e6974cb338056df65cb50e7d64d1cf314e87504837?s=96&d=mm&r=g\",\"contentUrl\":\"https:\/\/secure.gravatar.com\/avatar\/55cb5e37c1efa326397366e6974cb338056df65cb50e7d64d1cf314e87504837?s=96&d=mm&r=g\",\"caption\":\"Arnaldo Botto\"},\"url\":\"https:\/\/www.noticiasradioreflejos.com.ar\/2021\/author\/arnaldo\/\"}]}<\/script>\n<!-- \/ Yoast SEO plugin. -->","yoast_head_json":{"title":"Obras hidr\u00e1ulicas en Tornquist: la intendenta Bordoni detall\u00f3 los trabajos en Sierra de la Ventana, Villa Ventana y Saldungaray - Noticias Radio Reflejos","robots":{"index":"index","follow":"follow","max-snippet":"max-snippet:-1","max-image-preview":"max-image-preview:large","max-video-preview":"max-video-preview:-1"},"canonical":"https:\/\/www.noticiasradioreflejos.com.ar\/2021\/obras-hidraulicas-en-tornquist-la-intendenta-bordoni-detallo-los-trabajos-en-sierra-de-la-ventana-villa-ventana-y-saldungaray\/","og_locale":"es_ES","og_type":"article","og_title":"Obras hidr\u00e1ulicas en Tornquist: la intendenta Bordoni detall\u00f3 los trabajos en Sierra de la Ventana, Villa Ventana y Saldungaray - Noticias Radio Reflejos","og_description":"En una amplia entrevista en FM Reflejos, la intendenta Estefan\u00eda Bordoni detall\u00f3 las labores de canalizaci\u00f3n, limpieza y readecuaci\u00f3n de cauces ante la amenaza del fen\u00f3meno meteorol\u00f3gico \u00abSuper Ni\u00f1o\u00bb. Adem\u00e1s, anticip\u00f3 la creaci\u00f3n de nuevos espacios recreativos en Saldungaray y Sierra de la Ventana, y confirm\u00f3 el pedido al Concejo Deliberante para licitar el predio [&hellip;]","og_url":"https:\/\/www.noticiasradioreflejos.com.ar\/2021\/obras-hidraulicas-en-tornquist-la-intendenta-bordoni-detallo-los-trabajos-en-sierra-de-la-ventana-villa-ventana-y-saldungaray\/","og_site_name":"Noticias Radio Reflejos","article_published_time":"2026-09-02T16:44:28+00:00","article_modified_time":"2026-09-02T16:48:04+00:00","og_image":[{"width":1600,"height":720,"url":"https:\/\/www.noticiasradioreflejos.com.ar\/2021\/wp-content\/uploads\/2026\/09\/Balneario-El-Dique-1.jpeg","type":"image\/jpeg"}],"author":"Arnaldo Botto","twitter_card":"summary_large_image","schema":{"@context":"https:\/\/schema.org","@graph":[{"@type":"WebPage","@id":"https:\/\/www.noticiasradioreflejos.com.ar\/2021\/obras-hidraulicas-en-tornquist-la-intendenta-bordoni-detallo-los-trabajos-en-sierra-de-la-ventana-villa-ventana-y-saldungaray\/","url":"https:\/\/www.noticiasradioreflejos.com.ar\/2021\/obras-hidraulicas-en-tornquist-la-intendenta-bordoni-detallo-los-trabajos-en-sierra-de-la-ventana-villa-ventana-y-saldungaray\/","name":"Obras hidr\u00e1ulicas en Tornquist: la intendenta Bordoni detall\u00f3 los trabajos en Sierra de la Ventana, Villa Ventana y Saldungaray - Noticias Radio Reflejos","isPartOf":{"@id":"https:\/\/www.noticiasradioreflejos.com.ar\/2021\/#website"},"primaryImageOfPage":{"@id":"https:\/\/www.noticiasradioreflejos.com.ar\/2021\/obras-hidraulicas-en-tornquist-la-intendenta-bordoni-detallo-los-trabajos-en-sierra-de-la-ventana-villa-ventana-y-saldungaray\/#primaryimage"},"image":{"@id":"https:\/\/www.noticiasradioreflejos.com.ar\/2021\/obras-hidraulicas-en-tornquist-la-intendenta-bordoni-detallo-los-trabajos-en-sierra-de-la-ventana-villa-ventana-y-saldungaray\/#primaryimage"},"thumbnailUrl":"https:\/\/www.noticiasradioreflejos.com.ar\/2021\/wp-content\/uploads\/2026\/09\/Balneario-El-Dique-1.jpeg","datePublished":"2026-09-02T16:44:28+00:00","dateModified":"2026-09-02T16:48:04+00:00","author":{"@id":"https:\/\/www.noticiasradioreflejos.com.ar\/2021\/#\/schema\/person\/ad82545263dcc5ec0996818884fd5fb1"},"breadcrumb":{"@id":"https:\/\/www.noticiasradioreflejos.com.ar\/2021\/obras-hidraulicas-en-tornquist-la-intendenta-bordoni-detallo-los-trabajos-en-sierra-de-la-ventana-villa-ventana-y-saldungaray\/#breadcrumb"},"inLanguage":"es","potentialAction":[{"@type":"ReadAction","target":["https:\/\/www.noticiasradioreflejos.com.ar\/2021\/obras-hidraulicas-en-tornquist-la-intendenta-bordoni-detallo-los-trabajos-en-sierra-de-la-ventana-villa-ventana-y-saldungaray\/"]}]},{"@type":"ImageObject","inLanguage":"es","@id":"https:\/\/www.noticiasradioreflejos.com.ar\/2021\/obras-hidraulicas-en-tornquist-la-intendenta-bordoni-detallo-los-trabajos-en-sierra-de-la-ventana-villa-ventana-y-saldungaray\/#primaryimage","url":"https:\/\/www.noticiasradioreflejos.com.ar\/2021\/wp-content\/uploads\/2026\/09\/Balneario-El-Dique-1.jpeg","contentUrl":"https:\/\/www.noticiasradioreflejos.com.ar\/2021\/wp-content\/uploads\/2026\/09\/Balneario-El-Dique-1.jpeg","width":1600,"height":720},{"@type":"BreadcrumbList","@id":"https:\/\/www.noticiasradioreflejos.com.ar\/2021\/obras-hidraulicas-en-tornquist-la-intendenta-bordoni-detallo-los-trabajos-en-sierra-de-la-ventana-villa-ventana-y-saldungaray\/#breadcrumb","itemListElement":[{"@type":"ListItem","position":1,"name":"Portada","item":"https:\/\/www.noticiasradioreflejos.com.ar\/2021\/"},{"@type":"ListItem","position":2,"name":"Obras hidr\u00e1ulicas en Tornquist: la intendenta Bordoni detall\u00f3 los trabajos en Sierra de la Ventana, Villa Ventana y Saldungaray"}]},{"@type":"WebSite","@id":"https:\/\/www.noticiasradioreflejos.com.ar\/2021\/#website","url":"https:\/\/www.noticiasradioreflejos.com.ar\/2021\/","name":"Noticias Radio Reflejos","description":"Las noticias de mi comarca","potentialAction":[{"@type":"SearchAction","target":{"@type":"EntryPoint","urlTemplate":"https:\/\/www.noticiasradioreflejos.com.ar\/2021\/?s={search_term_string}"},"query-input":{"@type":"PropertyValueSpecification","valueRequired":true,"valueName":"search_term_string"}}],"inLanguage":"es"},{"@type":"Person","@id":"https:\/\/www.noticiasradioreflejos.com.ar\/2021\/#\/schema\/person\/ad82545263dcc5ec0996818884fd5fb1","name":"Arnaldo Botto","image":{"@type":"ImageObject","inLanguage":"es","@id":"https:\/\/www.noticiasradioreflejos.com.ar\/2021\/#\/schema\/person\/image\/","url":"https:\/\/secure.gravatar.com\/avatar\/55cb5e37c1efa326397366e6974cb338056df65cb50e7d64d1cf314e87504837?s=96&d=mm&r=g","contentUrl":"https:\/\/secure.gravatar.com\/avatar\/55cb5e37c1efa326397366e6974cb338056df65cb50e7d64d1cf314e87504837?s=96&d=mm&r=g","caption":"Arnaldo Botto"},"url":"https:\/\/www.noticiasradioreflejos.com.ar\/2021\/author\/arnaldo\/"}]}},"_links":{"self":[{"href":"https:\/\/www.noticiasradioreflejos.com.ar\/2021\/wp-json\/wp\/v2\/posts\/142972","targetHints":{"allow":["GET"]}}],"collection":[{"href":"https:\/\/www.noticiasradioreflejos.com.ar\/2021\/wp-json\/wp\/v2\/posts"}],"about":[{"href":"https:\/\/www.noticiasradioreflejos.com.ar\/2021\/wp-json\/wp\/v2\/types\/post"}],"author":[{"embeddable":true,"href":"https:\/\/www.noticiasradioreflejos.com.ar\/2021\/wp-json\/wp\/v2\/users\/3"}],"replies":[{"embeddable":true,"href":"https:\/\/www.noticiasradioreflejos.com.ar\/2021\/wp-json\/wp\/v2\/comments?post=142972"}],"version-history":[{"count":5,"href":"https:\/\/www.noticiasradioreflejos.com.ar\/2021\/wp-json\/wp\/v2\/posts\/142972\/revisions"}],"predecessor-version":[{"id":142985,"href":"https:\/\/www.noticiasradioreflejos.com.ar\/2021\/wp-json\/wp\/v2\/posts\/142972\/revisions\/142985"}],"wp:featuredmedia":[{"embeddable":true,"href":"https:\/\/www.noticiasradioreflejos.com.ar\/2021\/wp-json\/wp\/v2\/media\/142980"}],"wp:attachment":[{"href":"https:\/\/www.noticiasradioreflejos.com.ar\/2021\/wp-json\/wp\/v2\/media?parent=142972"}],"wp:term":[{"taxonomy":"category","embeddable":true,"href":"https:\/\/www.noticiasradioreflejos.com.ar\/2021\/wp-json\/wp\/v2\/categories?post=142972"},{"taxonomy":"post_tag","embeddable":true,"href":"https:\/\/www.noticiasradioreflejos.com.ar\/2021\/wp-json\/wp\/v2\/tags?post=142972"}],"curies":[{"name":"wp","href":"https:\/\/api.w.org\/{rel}","templated":true}]}}