{"id":142965,"date":"2026-09-02T12:27:53","date_gmt":"2026-09-02T15:27:53","guid":{"rendered":"https:\/\/www.noticiasradioreflejos.com.ar\/2021\/?p=142965"},"modified":"2026-09-02T12:27:53","modified_gmt":"2026-09-02T15:27:53","slug":"tras-nuevos-fallecimientos-por-intoxicaciones-con-monoxido-de-carbono-reclaman-reforzar-las-campanas-de-prevencion","status":"publish","type":"post","link":"https:\/\/www.noticiasradioreflejos.com.ar\/2021\/tras-nuevos-fallecimientos-por-intoxicaciones-con-monoxido-de-carbono-reclaman-reforzar-las-campanas-de-prevencion\/","title":{"rendered":"Tras nuevos fallecimientos por intoxicaciones con mon\u00f3xido de carbono, reclaman reforzar las campa\u00f1as de prevenci\u00f3n"},"content":{"rendered":"<p dir=\"ltr\">Ante la recurrencia de intoxicaciones seguidas de muerte por inhalaci\u00f3n de mon\u00f3xido de carbono, el Consejo Profesional de Qu\u00edmica de la Provincia de Buenos Aires volvi\u00f3 a advertir sobre la peligrosidad de este gas que se produce por la mala combusti\u00f3n de los artefactos hogare\u00f1os. La entidad considera imprescindible que las campa\u00f1as de prevenci\u00f3n sean permanentes y lleguen a toda la poblaci\u00f3n.<!--more--><\/p>\n<p dir=\"ltr\">La muerte de una mujer y su hijo de 9 a\u00f1os en el barrio porte\u00f1o de Palermo volvi\u00f3 a poner en primer plano un riesgo que se repite todos los a\u00f1os durante los meses de bajas temperaturas: las intoxicaciones con mon\u00f3xido de carbono.<\/p>\n<p dir=\"ltr\">Ante este suceso entre otros, desde el Consejo Profesional de Qu\u00edmica de la Provincia de Buenos Aires manifestaron su preocupaci\u00f3n por la reiteraci\u00f3n de estos episodios y reclamaron a las autoridades gubernamentales que \u201crefuercen y sostengan las campa\u00f1as de prevenci\u00f3n, con informaci\u00f3n clara y accesible para toda la poblaci\u00f3n\u201d, sostuvieron en un comunicado.<\/p>\n<p dir=\"ltr\">Vale destacar, el caso ocurrido en Palermo no constituye un hecho aislado. En los \u00faltimos d\u00edas tambi\u00e9n se registr\u00f3 el fallecimiento de una joven de 24 a\u00f1os en Tandil, cuya autopsia confirm\u00f3 una intoxicaci\u00f3n con mon\u00f3xido de carbono, mientras que en La Falda, C\u00f3rdoba, muri\u00f3 un hombre en un episodio en el que este gas aparece como principal hip\u00f3tesis.<\/p>\n<h3 dir=\"ltr\">Un peligro que no se ve ni se huele<\/h3>\n<p dir=\"ltr\">El mon\u00f3xido de carbono (CO) es un gas altamente t\u00f3xico que se genera cuando determinados combustibles no realizan una combusti\u00f3n adecuada. Su peligrosidad radica, entre otros factores, en que no tiene color, olor ni sabor y tampoco resulta irritante, por lo que una persona puede estar expuesta sin advertir que existe un problema.<\/p>\n<p dir=\"ltr\">En ambientes cerrados o con ventilaci\u00f3n insuficiente, el gas puede acumularse r\u00e1pidamente. Una vez inhalado, pasa a la sangre y dificulta el transporte de ox\u00edgeno hacia los distintos \u00f3rganos del cuerpo. Una exposici\u00f3n elevada puede provocar p\u00e9rdida de conocimiento y muerte.<\/p>\n<p dir=\"ltr\">Por eso, una falla en un artefacto de calefacci\u00f3n, un conducto de evacuaci\u00f3n obstruido o una ventilaci\u00f3n inadecuada pueden transformar una situaci\u00f3n cotidiana en una emergencia con consecuencias fatales.<\/p>\n<h3 dir=\"ltr\">La prevenci\u00f3n debe llegar antes que la tragedia<\/h3>\n<p dir=\"ltr\">Para el CPQ-PBA, la sucesi\u00f3n de casos demuestra que la prevenci\u00f3n no puede limitarse a mensajes aislados durante el invierno.<\/p>\n<p dir=\"ltr\">\u201cFrente a un riesgo que puede prevenirse, la informaci\u00f3n debe llegar antes que la tragedia\u201d, sostuvo el presidente del Consejo Profesional de Qu\u00edmica de la Provincia de Buenos Aires, Dr. Carlos Col\u00e1ngelo. En ese sentido, remarc\u00f3 que \u201clas campa\u00f1as de prevenci\u00f3n deben ser permanentes y tener la dimensi\u00f3n que exige la peligrosidad del mon\u00f3xido de carbono\u201d.<\/p>\n<p dir=\"ltr\">En este marco, la entidad consider\u00f3 fundamental que las autoridades sanitarias y gubernamentales \u201cdesarrollen campa\u00f1as sostenidas que expliquen de manera sencilla c\u00f3mo prevenir estos accidentes y cu\u00e1les son las conductas que pueden reducir el riesgo\u201d.<\/p>\n<p dir=\"ltr\">Entre las principales recomendaciones de prevenci\u00f3n, se encuentra la revisi\u00f3n peri\u00f3dica de los artefactos de calefacci\u00f3n por personal habilitado, el control de las instalaciones y conductos de evacuaci\u00f3n de gases y la ventilaci\u00f3n adecuada de los ambientes.<\/p>\n<p dir=\"ltr\">Tambi\u00e9n se debe evitar utilizar hornos o cocinas para calefaccionar, as\u00ed como braseros u otros elementos para funciones distintas de aquellas para las que fueron dise\u00f1ados.<\/p>\n<p dir=\"ltr\">Los episodios ocurridos recientemente \u2014como los de Palermo, Tandil y La Falda\u2014 muestran que el riesgo no es hipot\u00e9tico y que sus consecuencias pueden ser irreversibles. En esta l\u00ednea, para el Consejo de Qu\u00edmica \u201cadvertir sobre el peligro, ense\u00f1ar a reconocerlo y promover conductas seguras constituye una responsabilidad de las pol\u00edticas p\u00fablicas de prevenci\u00f3n.\u201d<\/p>\n<p dir=\"ltr\">Finalmente, el Consejo Profesional de Qu\u00edmica se expres\u00f3 su intenci\u00f3n de \u201ccolaborar con las autoridades en el desarrollo de acciones que contribuyan a reducir las intoxicaciones y evitar nuevas muertes por mon\u00f3xido de carbono\u201d<\/p>\n","protected":false},"excerpt":{"rendered":"<p>Ante la recurrencia de intoxicaciones seguidas de muerte por inhalaci\u00f3n de mon\u00f3xido de carbono, el Consejo Profesional de Qu\u00edmica de la Provincia de Buenos Aires volvi\u00f3 a advertir sobre la peligrosidad de este gas que se produce por la mala combusti\u00f3n de los artefactos hogare\u00f1os. La entidad considera imprescindible que las campa\u00f1as de prevenci\u00f3n sean [&hellip;]<\/p>\n","protected":false},"author":3,"featured_media":142966,"comment_status":"closed","ping_status":"closed","sticky":false,"template":"","format":"standard","meta":{"footnotes":""},"categories":[30],"tags":[48],"class_list":["post-142965","post","type-post","status-publish","format-standard","has-post-thumbnail","hentry","category-salud","tag-destacada"],"yoast_head":"<!-- This site is optimized with the Yoast SEO plugin v25.9 - https:\/\/yoast.com\/wordpress\/plugins\/seo\/ -->\n<title>Tras nuevos fallecimientos por intoxicaciones con mon\u00f3xido de carbono, reclaman reforzar las campa\u00f1as de prevenci\u00f3n - Noticias Radio Reflejos<\/title>\n<meta name=\"robots\" content=\"index, follow, max-snippet:-1, max-image-preview:large, max-video-preview:-1\" \/>\n<link rel=\"canonical\" href=\"https:\/\/www.noticiasradioreflejos.com.ar\/2021\/tras-nuevos-fallecimientos-por-intoxicaciones-con-monoxido-de-carbono-reclaman-reforzar-las-campanas-de-prevencion\/\" \/>\n<meta property=\"og:locale\" content=\"es_ES\" \/>\n<meta property=\"og:type\" content=\"article\" \/>\n<meta property=\"og:title\" content=\"Tras nuevos fallecimientos por intoxicaciones con mon\u00f3xido de carbono, reclaman reforzar las campa\u00f1as de prevenci\u00f3n - Noticias Radio Reflejos\" \/>\n<meta property=\"og:description\" content=\"Ante la recurrencia de intoxicaciones seguidas de muerte por inhalaci\u00f3n de mon\u00f3xido de carbono, el Consejo Profesional de Qu\u00edmica de la Provincia de Buenos Aires volvi\u00f3 a advertir sobre la peligrosidad de este gas que se produce por la mala combusti\u00f3n de los artefactos hogare\u00f1os. La entidad considera imprescindible que las campa\u00f1as de prevenci\u00f3n sean [&hellip;]\" \/>\n<meta property=\"og:url\" content=\"https:\/\/www.noticiasradioreflejos.com.ar\/2021\/tras-nuevos-fallecimientos-por-intoxicaciones-con-monoxido-de-carbono-reclaman-reforzar-las-campanas-de-prevencion\/\" \/>\n<meta property=\"og:site_name\" content=\"Noticias Radio Reflejos\" \/>\n<meta property=\"article:published_time\" content=\"2026-09-02T15:27:53+00:00\" \/>\n<meta property=\"og:image\" content=\"https:\/\/www.noticiasradioreflejos.com.ar\/2021\/wp-content\/uploads\/2026\/09\/Monoxido.jpg\" \/>\n\t<meta property=\"og:image:width\" content=\"620\" \/>\n\t<meta property=\"og:image:height\" content=\"300\" \/>\n\t<meta property=\"og:image:type\" content=\"image\/jpeg\" \/>\n<meta name=\"author\" content=\"Arnaldo Botto\" \/>\n<meta name=\"twitter:card\" content=\"summary_large_image\" \/>\n<script type=\"application\/ld+json\" class=\"yoast-schema-graph\">{\"@context\":\"https:\/\/schema.org\",\"@graph\":[{\"@type\":\"WebPage\",\"@id\":\"https:\/\/www.noticiasradioreflejos.com.ar\/2021\/tras-nuevos-fallecimientos-por-intoxicaciones-con-monoxido-de-carbono-reclaman-reforzar-las-campanas-de-prevencion\/\",\"url\":\"https:\/\/www.noticiasradioreflejos.com.ar\/2021\/tras-nuevos-fallecimientos-por-intoxicaciones-con-monoxido-de-carbono-reclaman-reforzar-las-campanas-de-prevencion\/\",\"name\":\"Tras nuevos fallecimientos por intoxicaciones con mon\u00f3xido de carbono, reclaman reforzar las campa\u00f1as de prevenci\u00f3n - Noticias Radio Reflejos\",\"isPartOf\":{\"@id\":\"https:\/\/www.noticiasradioreflejos.com.ar\/2021\/#website\"},\"primaryImageOfPage\":{\"@id\":\"https:\/\/www.noticiasradioreflejos.com.ar\/2021\/tras-nuevos-fallecimientos-por-intoxicaciones-con-monoxido-de-carbono-reclaman-reforzar-las-campanas-de-prevencion\/#primaryimage\"},\"image\":{\"@id\":\"https:\/\/www.noticiasradioreflejos.com.ar\/2021\/tras-nuevos-fallecimientos-por-intoxicaciones-con-monoxido-de-carbono-reclaman-reforzar-las-campanas-de-prevencion\/#primaryimage\"},\"thumbnailUrl\":\"https:\/\/www.noticiasradioreflejos.com.ar\/2021\/wp-content\/uploads\/2026\/09\/Monoxido.jpg\",\"datePublished\":\"2026-09-02T15:27:53+00:00\",\"author\":{\"@id\":\"https:\/\/www.noticiasradioreflejos.com.ar\/2021\/#\/schema\/person\/ad82545263dcc5ec0996818884fd5fb1\"},\"breadcrumb\":{\"@id\":\"https:\/\/www.noticiasradioreflejos.com.ar\/2021\/tras-nuevos-fallecimientos-por-intoxicaciones-con-monoxido-de-carbono-reclaman-reforzar-las-campanas-de-prevencion\/#breadcrumb\"},\"inLanguage\":\"es\",\"potentialAction\":[{\"@type\":\"ReadAction\",\"target\":[\"https:\/\/www.noticiasradioreflejos.com.ar\/2021\/tras-nuevos-fallecimientos-por-intoxicaciones-con-monoxido-de-carbono-reclaman-reforzar-las-campanas-de-prevencion\/\"]}]},{\"@type\":\"ImageObject\",\"inLanguage\":\"es\",\"@id\":\"https:\/\/www.noticiasradioreflejos.com.ar\/2021\/tras-nuevos-fallecimientos-por-intoxicaciones-con-monoxido-de-carbono-reclaman-reforzar-las-campanas-de-prevencion\/#primaryimage\",\"url\":\"https:\/\/www.noticiasradioreflejos.com.ar\/2021\/wp-content\/uploads\/2026\/09\/Monoxido.jpg\",\"contentUrl\":\"https:\/\/www.noticiasradioreflejos.com.ar\/2021\/wp-content\/uploads\/2026\/09\/Monoxido.jpg\",\"width\":620,\"height\":300},{\"@type\":\"BreadcrumbList\",\"@id\":\"https:\/\/www.noticiasradioreflejos.com.ar\/2021\/tras-nuevos-fallecimientos-por-intoxicaciones-con-monoxido-de-carbono-reclaman-reforzar-las-campanas-de-prevencion\/#breadcrumb\",\"itemListElement\":[{\"@type\":\"ListItem\",\"position\":1,\"name\":\"Portada\",\"item\":\"https:\/\/www.noticiasradioreflejos.com.ar\/2021\/\"},{\"@type\":\"ListItem\",\"position\":2,\"name\":\"Tras nuevos fallecimientos por intoxicaciones con mon\u00f3xido de carbono, reclaman reforzar las campa\u00f1as de prevenci\u00f3n\"}]},{\"@type\":\"WebSite\",\"@id\":\"https:\/\/www.noticiasradioreflejos.com.ar\/2021\/#website\",\"url\":\"https:\/\/www.noticiasradioreflejos.com.ar\/2021\/\",\"name\":\"Noticias Radio Reflejos\",\"description\":\"Las noticias de mi comarca\",\"potentialAction\":[{\"@type\":\"SearchAction\",\"target\":{\"@type\":\"EntryPoint\",\"urlTemplate\":\"https:\/\/www.noticiasradioreflejos.com.ar\/2021\/?s={search_term_string}\"},\"query-input\":{\"@type\":\"PropertyValueSpecification\",\"valueRequired\":true,\"valueName\":\"search_term_string\"}}],\"inLanguage\":\"es\"},{\"@type\":\"Person\",\"@id\":\"https:\/\/www.noticiasradioreflejos.com.ar\/2021\/#\/schema\/person\/ad82545263dcc5ec0996818884fd5fb1\",\"name\":\"Arnaldo Botto\",\"image\":{\"@type\":\"ImageObject\",\"inLanguage\":\"es\",\"@id\":\"https:\/\/www.noticiasradioreflejos.com.ar\/2021\/#\/schema\/person\/image\/\",\"url\":\"https:\/\/secure.gravatar.com\/avatar\/55cb5e37c1efa326397366e6974cb338056df65cb50e7d64d1cf314e87504837?s=96&d=mm&r=g\",\"contentUrl\":\"https:\/\/secure.gravatar.com\/avatar\/55cb5e37c1efa326397366e6974cb338056df65cb50e7d64d1cf314e87504837?s=96&d=mm&r=g\",\"caption\":\"Arnaldo Botto\"},\"url\":\"https:\/\/www.noticiasradioreflejos.com.ar\/2021\/author\/arnaldo\/\"}]}<\/script>\n<!-- \/ Yoast SEO plugin. -->","yoast_head_json":{"title":"Tras nuevos fallecimientos por intoxicaciones con mon\u00f3xido de carbono, reclaman reforzar las campa\u00f1as de prevenci\u00f3n - Noticias Radio Reflejos","robots":{"index":"index","follow":"follow","max-snippet":"max-snippet:-1","max-image-preview":"max-image-preview:large","max-video-preview":"max-video-preview:-1"},"canonical":"https:\/\/www.noticiasradioreflejos.com.ar\/2021\/tras-nuevos-fallecimientos-por-intoxicaciones-con-monoxido-de-carbono-reclaman-reforzar-las-campanas-de-prevencion\/","og_locale":"es_ES","og_type":"article","og_title":"Tras nuevos fallecimientos por intoxicaciones con mon\u00f3xido de carbono, reclaman reforzar las campa\u00f1as de prevenci\u00f3n - Noticias Radio Reflejos","og_description":"Ante la recurrencia de intoxicaciones seguidas de muerte por inhalaci\u00f3n de mon\u00f3xido de carbono, el Consejo Profesional de Qu\u00edmica de la Provincia de Buenos Aires volvi\u00f3 a advertir sobre la peligrosidad de este gas que se produce por la mala combusti\u00f3n de los artefactos hogare\u00f1os. La entidad considera imprescindible que las campa\u00f1as de prevenci\u00f3n sean [&hellip;]","og_url":"https:\/\/www.noticiasradioreflejos.com.ar\/2021\/tras-nuevos-fallecimientos-por-intoxicaciones-con-monoxido-de-carbono-reclaman-reforzar-las-campanas-de-prevencion\/","og_site_name":"Noticias Radio Reflejos","article_published_time":"2026-09-02T15:27:53+00:00","og_image":[{"width":620,"height":300,"url":"https:\/\/www.noticiasradioreflejos.com.ar\/2021\/wp-content\/uploads\/2026\/09\/Monoxido.jpg","type":"image\/jpeg"}],"author":"Arnaldo Botto","twitter_card":"summary_large_image","schema":{"@context":"https:\/\/schema.org","@graph":[{"@type":"WebPage","@id":"https:\/\/www.noticiasradioreflejos.com.ar\/2021\/tras-nuevos-fallecimientos-por-intoxicaciones-con-monoxido-de-carbono-reclaman-reforzar-las-campanas-de-prevencion\/","url":"https:\/\/www.noticiasradioreflejos.com.ar\/2021\/tras-nuevos-fallecimientos-por-intoxicaciones-con-monoxido-de-carbono-reclaman-reforzar-las-campanas-de-prevencion\/","name":"Tras nuevos fallecimientos por intoxicaciones con mon\u00f3xido de carbono, reclaman reforzar las campa\u00f1as de prevenci\u00f3n - Noticias Radio Reflejos","isPartOf":{"@id":"https:\/\/www.noticiasradioreflejos.com.ar\/2021\/#website"},"primaryImageOfPage":{"@id":"https:\/\/www.noticiasradioreflejos.com.ar\/2021\/tras-nuevos-fallecimientos-por-intoxicaciones-con-monoxido-de-carbono-reclaman-reforzar-las-campanas-de-prevencion\/#primaryimage"},"image":{"@id":"https:\/\/www.noticiasradioreflejos.com.ar\/2021\/tras-nuevos-fallecimientos-por-intoxicaciones-con-monoxido-de-carbono-reclaman-reforzar-las-campanas-de-prevencion\/#primaryimage"},"thumbnailUrl":"https:\/\/www.noticiasradioreflejos.com.ar\/2021\/wp-content\/uploads\/2026\/09\/Monoxido.jpg","datePublished":"2026-09-02T15:27:53+00:00","author":{"@id":"https:\/\/www.noticiasradioreflejos.com.ar\/2021\/#\/schema\/person\/ad82545263dcc5ec0996818884fd5fb1"},"breadcrumb":{"@id":"https:\/\/www.noticiasradioreflejos.com.ar\/2021\/tras-nuevos-fallecimientos-por-intoxicaciones-con-monoxido-de-carbono-reclaman-reforzar-las-campanas-de-prevencion\/#breadcrumb"},"inLanguage":"es","potentialAction":[{"@type":"ReadAction","target":["https:\/\/www.noticiasradioreflejos.com.ar\/2021\/tras-nuevos-fallecimientos-por-intoxicaciones-con-monoxido-de-carbono-reclaman-reforzar-las-campanas-de-prevencion\/"]}]},{"@type":"ImageObject","inLanguage":"es","@id":"https:\/\/www.noticiasradioreflejos.com.ar\/2021\/tras-nuevos-fallecimientos-por-intoxicaciones-con-monoxido-de-carbono-reclaman-reforzar-las-campanas-de-prevencion\/#primaryimage","url":"https:\/\/www.noticiasradioreflejos.com.ar\/2021\/wp-content\/uploads\/2026\/09\/Monoxido.jpg","contentUrl":"https:\/\/www.noticiasradioreflejos.com.ar\/2021\/wp-content\/uploads\/2026\/09\/Monoxido.jpg","width":620,"height":300},{"@type":"BreadcrumbList","@id":"https:\/\/www.noticiasradioreflejos.com.ar\/2021\/tras-nuevos-fallecimientos-por-intoxicaciones-con-monoxido-de-carbono-reclaman-reforzar-las-campanas-de-prevencion\/#breadcrumb","itemListElement":[{"@type":"ListItem","position":1,"name":"Portada","item":"https:\/\/www.noticiasradioreflejos.com.ar\/2021\/"},{"@type":"ListItem","position":2,"name":"Tras nuevos fallecimientos por intoxicaciones con mon\u00f3xido de carbono, reclaman reforzar las campa\u00f1as de prevenci\u00f3n"}]},{"@type":"WebSite","@id":"https:\/\/www.noticiasradioreflejos.com.ar\/2021\/#website","url":"https:\/\/www.noticiasradioreflejos.com.ar\/2021\/","name":"Noticias Radio Reflejos","description":"Las noticias de mi comarca","potentialAction":[{"@type":"SearchAction","target":{"@type":"EntryPoint","urlTemplate":"https:\/\/www.noticiasradioreflejos.com.ar\/2021\/?s={search_term_string}"},"query-input":{"@type":"PropertyValueSpecification","valueRequired":true,"valueName":"search_term_string"}}],"inLanguage":"es"},{"@type":"Person","@id":"https:\/\/www.noticiasradioreflejos.com.ar\/2021\/#\/schema\/person\/ad82545263dcc5ec0996818884fd5fb1","name":"Arnaldo Botto","image":{"@type":"ImageObject","inLanguage":"es","@id":"https:\/\/www.noticiasradioreflejos.com.ar\/2021\/#\/schema\/person\/image\/","url":"https:\/\/secure.gravatar.com\/avatar\/55cb5e37c1efa326397366e6974cb338056df65cb50e7d64d1cf314e87504837?s=96&d=mm&r=g","contentUrl":"https:\/\/secure.gravatar.com\/avatar\/55cb5e37c1efa326397366e6974cb338056df65cb50e7d64d1cf314e87504837?s=96&d=mm&r=g","caption":"Arnaldo Botto"},"url":"https:\/\/www.noticiasradioreflejos.com.ar\/2021\/author\/arnaldo\/"}]}},"_links":{"self":[{"href":"https:\/\/www.noticiasradioreflejos.com.ar\/2021\/wp-json\/wp\/v2\/posts\/142965","targetHints":{"allow":["GET"]}}],"collection":[{"href":"https:\/\/www.noticiasradioreflejos.com.ar\/2021\/wp-json\/wp\/v2\/posts"}],"about":[{"href":"https:\/\/www.noticiasradioreflejos.com.ar\/2021\/wp-json\/wp\/v2\/types\/post"}],"author":[{"embeddable":true,"href":"https:\/\/www.noticiasradioreflejos.com.ar\/2021\/wp-json\/wp\/v2\/users\/3"}],"replies":[{"embeddable":true,"href":"https:\/\/www.noticiasradioreflejos.com.ar\/2021\/wp-json\/wp\/v2\/comments?post=142965"}],"version-history":[{"count":1,"href":"https:\/\/www.noticiasradioreflejos.com.ar\/2021\/wp-json\/wp\/v2\/posts\/142965\/revisions"}],"predecessor-version":[{"id":142967,"href":"https:\/\/www.noticiasradioreflejos.com.ar\/2021\/wp-json\/wp\/v2\/posts\/142965\/revisions\/142967"}],"wp:featuredmedia":[{"embeddable":true,"href":"https:\/\/www.noticiasradioreflejos.com.ar\/2021\/wp-json\/wp\/v2\/media\/142966"}],"wp:attachment":[{"href":"https:\/\/www.noticiasradioreflejos.com.ar\/2021\/wp-json\/wp\/v2\/media?parent=142965"}],"wp:term":[{"taxonomy":"category","embeddable":true,"href":"https:\/\/www.noticiasradioreflejos.com.ar\/2021\/wp-json\/wp\/v2\/categories?post=142965"},{"taxonomy":"post_tag","embeddable":true,"href":"https:\/\/www.noticiasradioreflejos.com.ar\/2021\/wp-json\/wp\/v2\/tags?post=142965"}],"curies":[{"name":"wp","href":"https:\/\/api.w.org\/{rel}","templated":true}]}}