{"id":142946,"date":"2026-09-02T08:49:10","date_gmt":"2026-09-02T11:49:10","guid":{"rendered":"https:\/\/www.noticiasradioreflejos.com.ar\/2021\/?p=142946"},"modified":"2026-09-02T09:20:30","modified_gmt":"2026-09-02T12:20:30","slug":"los-bomberos-voluntarios-asistieron-a-un-accidente-en-la-ruta-nacional-33","status":"publish","type":"post","link":"https:\/\/www.noticiasradioreflejos.com.ar\/2021\/los-bomberos-voluntarios-asistieron-a-un-accidente-en-la-ruta-nacional-33\/","title":{"rendered":"Los Bomberos Voluntarios asistieron a un accidente en la Ruta Nacional 33"},"content":{"rendered":"<p data-path-to-node=\"2\">En la ma\u00f1ana de hoy, a las 7:23 horas, el cuerpo activo de Bomberos Voluntarios de Tornquist fue alertado por un siniestro vial ocurrido sobre la Ruta Nacional 33, a la altura del kil\u00f3metro 45.<!--more--><\/p>\n<p data-path-to-node=\"3\">Al llegar al lugar, los efectivos constataron la colisi\u00f3n entre un cami\u00f3n\u00a0 y una camioneta del Ej\u00e9rcito. La visibilidad y las condiciones de transitabilidad en la zona se encontraban severamente afectadas por una intensa presencia de granizo sobre la calzada.<\/p>\n<p data-path-to-node=\"4\">Se informa a los conductores que la ruta <b data-path-to-node=\"4\" data-index-in-node=\"41\">no se encuentra cortada<\/b>, pero personal en el lugar realiza desv\u00edos e interrupciones intermitentes del tr\u00e1nsito para coordinar la circulaci\u00f3n por una sola mano alternadamente.<\/p>\n<p data-path-to-node=\"5\">Se solicita circular con extrema precauci\u00f3n, disminuir la velocidad y respetar las indicaciones del personal de emergencia que trabaja en la zona.<\/p>\n<p data-path-to-node=\"5\"><a href=\"https:\/\/www.noticiasradioreflejos.com.ar\/2021\/los-bomberos-voluntarios-asistieron-a-un-accidente-en-la-ruta-nacional-33\/whatsapp-image-2026-09-02-at-09-04-49\/\" rel=\"attachment wp-att-142953\"><img loading=\"lazy\" decoding=\"async\" class=\"aligncenter size-full wp-image-142953\" src=\"https:\/\/www.noticiasradioreflejos.com.ar\/2021\/wp-content\/uploads\/2026\/09\/WhatsApp-Image-2026-09-02-at-09.04.49.jpeg\" alt=\"\" width=\"900\" height=\"644\" srcset=\"https:\/\/www.noticiasradioreflejos.com.ar\/2021\/wp-content\/uploads\/2026\/09\/WhatsApp-Image-2026-09-02-at-09.04.49.jpeg 900w, https:\/\/www.noticiasradioreflejos.com.ar\/2021\/wp-content\/uploads\/2026\/09\/WhatsApp-Image-2026-09-02-at-09.04.49-300x215.jpeg 300w, https:\/\/www.noticiasradioreflejos.com.ar\/2021\/wp-content\/uploads\/2026\/09\/WhatsApp-Image-2026-09-02-at-09.04.49-768x550.jpeg 768w, https:\/\/www.noticiasradioreflejos.com.ar\/2021\/wp-content\/uploads\/2026\/09\/WhatsApp-Image-2026-09-02-at-09.04.49-120x86.jpeg 120w, https:\/\/www.noticiasradioreflejos.com.ar\/2021\/wp-content\/uploads\/2026\/09\/WhatsApp-Image-2026-09-02-at-09.04.49-350x250.jpeg 350w, https:\/\/www.noticiasradioreflejos.com.ar\/2021\/wp-content\/uploads\/2026\/09\/WhatsApp-Image-2026-09-02-at-09.04.49-750x537.jpeg 750w\" sizes=\"auto, (max-width: 900px) 100vw, 900px\" \/><\/a><\/p>\n<p data-path-to-node=\"5\"><a href=\"https:\/\/www.noticiasradioreflejos.com.ar\/2021\/los-bomberos-voluntarios-asistieron-a-un-accidente-en-la-ruta-nacional-33\/whatsapp-image-2026-09-02-at-09-04-48-1\/\" rel=\"attachment wp-att-142951\"><img loading=\"lazy\" decoding=\"async\" class=\"aligncenter size-full wp-image-142951\" src=\"https:\/\/www.noticiasradioreflejos.com.ar\/2021\/wp-content\/uploads\/2026\/09\/WhatsApp-Image-2026-09-02-at-09.04.48-1.jpeg\" alt=\"\" width=\"1200\" height=\"728\" srcset=\"https:\/\/www.noticiasradioreflejos.com.ar\/2021\/wp-content\/uploads\/2026\/09\/WhatsApp-Image-2026-09-02-at-09.04.48-1.jpeg 1200w, https:\/\/www.noticiasradioreflejos.com.ar\/2021\/wp-content\/uploads\/2026\/09\/WhatsApp-Image-2026-09-02-at-09.04.48-1-300x182.jpeg 300w, https:\/\/www.noticiasradioreflejos.com.ar\/2021\/wp-content\/uploads\/2026\/09\/WhatsApp-Image-2026-09-02-at-09.04.48-1-1024x621.jpeg 1024w, https:\/\/www.noticiasradioreflejos.com.ar\/2021\/wp-content\/uploads\/2026\/09\/WhatsApp-Image-2026-09-02-at-09.04.48-1-768x466.jpeg 768w, https:\/\/www.noticiasradioreflejos.com.ar\/2021\/wp-content\/uploads\/2026\/09\/WhatsApp-Image-2026-09-02-at-09.04.48-1-750x455.jpeg 750w, https:\/\/www.noticiasradioreflejos.com.ar\/2021\/wp-content\/uploads\/2026\/09\/WhatsApp-Image-2026-09-02-at-09.04.48-1-1140x692.jpeg 1140w\" sizes=\"auto, (max-width: 1200px) 100vw, 1200px\" \/><\/a><\/p>\n","protected":false},"excerpt":{"rendered":"<p>En la ma\u00f1ana de hoy, a las 7:23 horas, el cuerpo activo de Bomberos Voluntarios de Tornquist fue alertado por un siniestro vial ocurrido sobre la Ruta Nacional 33, a la altura del kil\u00f3metro 45.<\/p>\n","protected":false},"author":3,"featured_media":142950,"comment_status":"closed","ping_status":"closed","sticky":false,"template":"","format":"standard","meta":{"footnotes":""},"categories":[29],"tags":[48],"class_list":["post-142946","post","type-post","status-publish","format-standard","has-post-thumbnail","hentry","category-policiales","tag-destacada"],"yoast_head":"<!-- This site is optimized with the Yoast SEO plugin v25.9 - https:\/\/yoast.com\/wordpress\/plugins\/seo\/ -->\n<title>Los Bomberos Voluntarios asistieron a un accidente en la Ruta Nacional 33 - Noticias Radio Reflejos<\/title>\n<meta name=\"robots\" content=\"index, follow, max-snippet:-1, max-image-preview:large, max-video-preview:-1\" \/>\n<link rel=\"canonical\" href=\"https:\/\/www.noticiasradioreflejos.com.ar\/2021\/los-bomberos-voluntarios-asistieron-a-un-accidente-en-la-ruta-nacional-33\/\" \/>\n<meta property=\"og:locale\" content=\"es_ES\" \/>\n<meta property=\"og:type\" content=\"article\" \/>\n<meta property=\"og:title\" content=\"Los Bomberos Voluntarios asistieron a un accidente en la Ruta Nacional 33 - Noticias Radio Reflejos\" \/>\n<meta property=\"og:description\" content=\"En la ma\u00f1ana de hoy, a las 7:23 horas, el cuerpo activo de Bomberos Voluntarios de Tornquist fue alertado por un siniestro vial ocurrido sobre la Ruta Nacional 33, a la altura del kil\u00f3metro 45.\" \/>\n<meta property=\"og:url\" content=\"https:\/\/www.noticiasradioreflejos.com.ar\/2021\/los-bomberos-voluntarios-asistieron-a-un-accidente-en-la-ruta-nacional-33\/\" \/>\n<meta property=\"og:site_name\" content=\"Noticias Radio Reflejos\" \/>\n<meta property=\"article:published_time\" content=\"2026-09-02T11:49:10+00:00\" \/>\n<meta property=\"article:modified_time\" content=\"2026-09-02T12:20:30+00:00\" \/>\n<meta property=\"og:image\" content=\"https:\/\/www.noticiasradioreflejos.com.ar\/2021\/wp-content\/uploads\/2026\/09\/WhatsApp-Image-2026-09-02-at-09.04.48.jpeg\" \/>\n\t<meta property=\"og:image:width\" content=\"1200\" \/>\n\t<meta property=\"og:image:height\" content=\"637\" \/>\n\t<meta property=\"og:image:type\" content=\"image\/jpeg\" \/>\n<meta name=\"author\" content=\"Arnaldo Botto\" \/>\n<meta name=\"twitter:card\" content=\"summary_large_image\" \/>\n<script type=\"application\/ld+json\" class=\"yoast-schema-graph\">{\"@context\":\"https:\/\/schema.org\",\"@graph\":[{\"@type\":\"WebPage\",\"@id\":\"https:\/\/www.noticiasradioreflejos.com.ar\/2021\/los-bomberos-voluntarios-asistieron-a-un-accidente-en-la-ruta-nacional-33\/\",\"url\":\"https:\/\/www.noticiasradioreflejos.com.ar\/2021\/los-bomberos-voluntarios-asistieron-a-un-accidente-en-la-ruta-nacional-33\/\",\"name\":\"Los Bomberos Voluntarios asistieron a un accidente en la Ruta Nacional 33 - Noticias Radio Reflejos\",\"isPartOf\":{\"@id\":\"https:\/\/www.noticiasradioreflejos.com.ar\/2021\/#website\"},\"primaryImageOfPage\":{\"@id\":\"https:\/\/www.noticiasradioreflejos.com.ar\/2021\/los-bomberos-voluntarios-asistieron-a-un-accidente-en-la-ruta-nacional-33\/#primaryimage\"},\"image\":{\"@id\":\"https:\/\/www.noticiasradioreflejos.com.ar\/2021\/los-bomberos-voluntarios-asistieron-a-un-accidente-en-la-ruta-nacional-33\/#primaryimage\"},\"thumbnailUrl\":\"https:\/\/www.noticiasradioreflejos.com.ar\/2021\/wp-content\/uploads\/2026\/09\/WhatsApp-Image-2026-09-02-at-09.04.48.jpeg\",\"datePublished\":\"2026-09-02T11:49:10+00:00\",\"dateModified\":\"2026-09-02T12:20:30+00:00\",\"author\":{\"@id\":\"https:\/\/www.noticiasradioreflejos.com.ar\/2021\/#\/schema\/person\/ad82545263dcc5ec0996818884fd5fb1\"},\"breadcrumb\":{\"@id\":\"https:\/\/www.noticiasradioreflejos.com.ar\/2021\/los-bomberos-voluntarios-asistieron-a-un-accidente-en-la-ruta-nacional-33\/#breadcrumb\"},\"inLanguage\":\"es\",\"potentialAction\":[{\"@type\":\"ReadAction\",\"target\":[\"https:\/\/www.noticiasradioreflejos.com.ar\/2021\/los-bomberos-voluntarios-asistieron-a-un-accidente-en-la-ruta-nacional-33\/\"]}]},{\"@type\":\"ImageObject\",\"inLanguage\":\"es\",\"@id\":\"https:\/\/www.noticiasradioreflejos.com.ar\/2021\/los-bomberos-voluntarios-asistieron-a-un-accidente-en-la-ruta-nacional-33\/#primaryimage\",\"url\":\"https:\/\/www.noticiasradioreflejos.com.ar\/2021\/wp-content\/uploads\/2026\/09\/WhatsApp-Image-2026-09-02-at-09.04.48.jpeg\",\"contentUrl\":\"https:\/\/www.noticiasradioreflejos.com.ar\/2021\/wp-content\/uploads\/2026\/09\/WhatsApp-Image-2026-09-02-at-09.04.48.jpeg\",\"width\":1200,\"height\":637},{\"@type\":\"BreadcrumbList\",\"@id\":\"https:\/\/www.noticiasradioreflejos.com.ar\/2021\/los-bomberos-voluntarios-asistieron-a-un-accidente-en-la-ruta-nacional-33\/#breadcrumb\",\"itemListElement\":[{\"@type\":\"ListItem\",\"position\":1,\"name\":\"Portada\",\"item\":\"https:\/\/www.noticiasradioreflejos.com.ar\/2021\/\"},{\"@type\":\"ListItem\",\"position\":2,\"name\":\"Los Bomberos Voluntarios asistieron a un accidente en la Ruta Nacional 33\"}]},{\"@type\":\"WebSite\",\"@id\":\"https:\/\/www.noticiasradioreflejos.com.ar\/2021\/#website\",\"url\":\"https:\/\/www.noticiasradioreflejos.com.ar\/2021\/\",\"name\":\"Noticias Radio Reflejos\",\"description\":\"Las noticias de mi comarca\",\"potentialAction\":[{\"@type\":\"SearchAction\",\"target\":{\"@type\":\"EntryPoint\",\"urlTemplate\":\"https:\/\/www.noticiasradioreflejos.com.ar\/2021\/?s={search_term_string}\"},\"query-input\":{\"@type\":\"PropertyValueSpecification\",\"valueRequired\":true,\"valueName\":\"search_term_string\"}}],\"inLanguage\":\"es\"},{\"@type\":\"Person\",\"@id\":\"https:\/\/www.noticiasradioreflejos.com.ar\/2021\/#\/schema\/person\/ad82545263dcc5ec0996818884fd5fb1\",\"name\":\"Arnaldo Botto\",\"image\":{\"@type\":\"ImageObject\",\"inLanguage\":\"es\",\"@id\":\"https:\/\/www.noticiasradioreflejos.com.ar\/2021\/#\/schema\/person\/image\/\",\"url\":\"https:\/\/secure.gravatar.com\/avatar\/55cb5e37c1efa326397366e6974cb338056df65cb50e7d64d1cf314e87504837?s=96&d=mm&r=g\",\"contentUrl\":\"https:\/\/secure.gravatar.com\/avatar\/55cb5e37c1efa326397366e6974cb338056df65cb50e7d64d1cf314e87504837?s=96&d=mm&r=g\",\"caption\":\"Arnaldo Botto\"},\"url\":\"https:\/\/www.noticiasradioreflejos.com.ar\/2021\/author\/arnaldo\/\"}]}<\/script>\n<!-- \/ Yoast SEO plugin. -->","yoast_head_json":{"title":"Los Bomberos Voluntarios asistieron a un accidente en la Ruta Nacional 33 - Noticias Radio Reflejos","robots":{"index":"index","follow":"follow","max-snippet":"max-snippet:-1","max-image-preview":"max-image-preview:large","max-video-preview":"max-video-preview:-1"},"canonical":"https:\/\/www.noticiasradioreflejos.com.ar\/2021\/los-bomberos-voluntarios-asistieron-a-un-accidente-en-la-ruta-nacional-33\/","og_locale":"es_ES","og_type":"article","og_title":"Los Bomberos Voluntarios asistieron a un accidente en la Ruta Nacional 33 - Noticias Radio Reflejos","og_description":"En la ma\u00f1ana de hoy, a las 7:23 horas, el cuerpo activo de Bomberos Voluntarios de Tornquist fue alertado por un siniestro vial ocurrido sobre la Ruta Nacional 33, a la altura del kil\u00f3metro 45.","og_url":"https:\/\/www.noticiasradioreflejos.com.ar\/2021\/los-bomberos-voluntarios-asistieron-a-un-accidente-en-la-ruta-nacional-33\/","og_site_name":"Noticias Radio Reflejos","article_published_time":"2026-09-02T11:49:10+00:00","article_modified_time":"2026-09-02T12:20:30+00:00","og_image":[{"width":1200,"height":637,"url":"https:\/\/www.noticiasradioreflejos.com.ar\/2021\/wp-content\/uploads\/2026\/09\/WhatsApp-Image-2026-09-02-at-09.04.48.jpeg","type":"image\/jpeg"}],"author":"Arnaldo Botto","twitter_card":"summary_large_image","schema":{"@context":"https:\/\/schema.org","@graph":[{"@type":"WebPage","@id":"https:\/\/www.noticiasradioreflejos.com.ar\/2021\/los-bomberos-voluntarios-asistieron-a-un-accidente-en-la-ruta-nacional-33\/","url":"https:\/\/www.noticiasradioreflejos.com.ar\/2021\/los-bomberos-voluntarios-asistieron-a-un-accidente-en-la-ruta-nacional-33\/","name":"Los Bomberos Voluntarios asistieron a un accidente en la Ruta Nacional 33 - Noticias Radio Reflejos","isPartOf":{"@id":"https:\/\/www.noticiasradioreflejos.com.ar\/2021\/#website"},"primaryImageOfPage":{"@id":"https:\/\/www.noticiasradioreflejos.com.ar\/2021\/los-bomberos-voluntarios-asistieron-a-un-accidente-en-la-ruta-nacional-33\/#primaryimage"},"image":{"@id":"https:\/\/www.noticiasradioreflejos.com.ar\/2021\/los-bomberos-voluntarios-asistieron-a-un-accidente-en-la-ruta-nacional-33\/#primaryimage"},"thumbnailUrl":"https:\/\/www.noticiasradioreflejos.com.ar\/2021\/wp-content\/uploads\/2026\/09\/WhatsApp-Image-2026-09-02-at-09.04.48.jpeg","datePublished":"2026-09-02T11:49:10+00:00","dateModified":"2026-09-02T12:20:30+00:00","author":{"@id":"https:\/\/www.noticiasradioreflejos.com.ar\/2021\/#\/schema\/person\/ad82545263dcc5ec0996818884fd5fb1"},"breadcrumb":{"@id":"https:\/\/www.noticiasradioreflejos.com.ar\/2021\/los-bomberos-voluntarios-asistieron-a-un-accidente-en-la-ruta-nacional-33\/#breadcrumb"},"inLanguage":"es","potentialAction":[{"@type":"ReadAction","target":["https:\/\/www.noticiasradioreflejos.com.ar\/2021\/los-bomberos-voluntarios-asistieron-a-un-accidente-en-la-ruta-nacional-33\/"]}]},{"@type":"ImageObject","inLanguage":"es","@id":"https:\/\/www.noticiasradioreflejos.com.ar\/2021\/los-bomberos-voluntarios-asistieron-a-un-accidente-en-la-ruta-nacional-33\/#primaryimage","url":"https:\/\/www.noticiasradioreflejos.com.ar\/2021\/wp-content\/uploads\/2026\/09\/WhatsApp-Image-2026-09-02-at-09.04.48.jpeg","contentUrl":"https:\/\/www.noticiasradioreflejos.com.ar\/2021\/wp-content\/uploads\/2026\/09\/WhatsApp-Image-2026-09-02-at-09.04.48.jpeg","width":1200,"height":637},{"@type":"BreadcrumbList","@id":"https:\/\/www.noticiasradioreflejos.com.ar\/2021\/los-bomberos-voluntarios-asistieron-a-un-accidente-en-la-ruta-nacional-33\/#breadcrumb","itemListElement":[{"@type":"ListItem","position":1,"name":"Portada","item":"https:\/\/www.noticiasradioreflejos.com.ar\/2021\/"},{"@type":"ListItem","position":2,"name":"Los Bomberos Voluntarios asistieron a un accidente en la Ruta Nacional 33"}]},{"@type":"WebSite","@id":"https:\/\/www.noticiasradioreflejos.com.ar\/2021\/#website","url":"https:\/\/www.noticiasradioreflejos.com.ar\/2021\/","name":"Noticias Radio Reflejos","description":"Las noticias de mi comarca","potentialAction":[{"@type":"SearchAction","target":{"@type":"EntryPoint","urlTemplate":"https:\/\/www.noticiasradioreflejos.com.ar\/2021\/?s={search_term_string}"},"query-input":{"@type":"PropertyValueSpecification","valueRequired":true,"valueName":"search_term_string"}}],"inLanguage":"es"},{"@type":"Person","@id":"https:\/\/www.noticiasradioreflejos.com.ar\/2021\/#\/schema\/person\/ad82545263dcc5ec0996818884fd5fb1","name":"Arnaldo Botto","image":{"@type":"ImageObject","inLanguage":"es","@id":"https:\/\/www.noticiasradioreflejos.com.ar\/2021\/#\/schema\/person\/image\/","url":"https:\/\/secure.gravatar.com\/avatar\/55cb5e37c1efa326397366e6974cb338056df65cb50e7d64d1cf314e87504837?s=96&d=mm&r=g","contentUrl":"https:\/\/secure.gravatar.com\/avatar\/55cb5e37c1efa326397366e6974cb338056df65cb50e7d64d1cf314e87504837?s=96&d=mm&r=g","caption":"Arnaldo Botto"},"url":"https:\/\/www.noticiasradioreflejos.com.ar\/2021\/author\/arnaldo\/"}]}},"_links":{"self":[{"href":"https:\/\/www.noticiasradioreflejos.com.ar\/2021\/wp-json\/wp\/v2\/posts\/142946","targetHints":{"allow":["GET"]}}],"collection":[{"href":"https:\/\/www.noticiasradioreflejos.com.ar\/2021\/wp-json\/wp\/v2\/posts"}],"about":[{"href":"https:\/\/www.noticiasradioreflejos.com.ar\/2021\/wp-json\/wp\/v2\/types\/post"}],"author":[{"embeddable":true,"href":"https:\/\/www.noticiasradioreflejos.com.ar\/2021\/wp-json\/wp\/v2\/users\/3"}],"replies":[{"embeddable":true,"href":"https:\/\/www.noticiasradioreflejos.com.ar\/2021\/wp-json\/wp\/v2\/comments?post=142946"}],"version-history":[{"count":5,"href":"https:\/\/www.noticiasradioreflejos.com.ar\/2021\/wp-json\/wp\/v2\/posts\/142946\/revisions"}],"predecessor-version":[{"id":142956,"href":"https:\/\/www.noticiasradioreflejos.com.ar\/2021\/wp-json\/wp\/v2\/posts\/142946\/revisions\/142956"}],"wp:featuredmedia":[{"embeddable":true,"href":"https:\/\/www.noticiasradioreflejos.com.ar\/2021\/wp-json\/wp\/v2\/media\/142950"}],"wp:attachment":[{"href":"https:\/\/www.noticiasradioreflejos.com.ar\/2021\/wp-json\/wp\/v2\/media?parent=142946"}],"wp:term":[{"taxonomy":"category","embeddable":true,"href":"https:\/\/www.noticiasradioreflejos.com.ar\/2021\/wp-json\/wp\/v2\/categories?post=142946"},{"taxonomy":"post_tag","embeddable":true,"href":"https:\/\/www.noticiasradioreflejos.com.ar\/2021\/wp-json\/wp\/v2\/tags?post=142946"}],"curies":[{"name":"wp","href":"https:\/\/api.w.org\/{rel}","templated":true}]}}