{"id":142942,"date":"2026-09-02T07:51:14","date_gmt":"2026-09-02T10:51:14","guid":{"rendered":"https:\/\/www.noticiasradioreflejos.com.ar\/2021\/?p=142942"},"modified":"2026-09-02T07:51:54","modified_gmt":"2026-09-02T10:51:54","slug":"homenaje-a-la-astronomia-argentina-nombran-san-sebastian-a-un-asteroide-en-honor-a-una-cientifica-bahiense-egresada-de-la-unlp","status":"publish","type":"post","link":"https:\/\/www.noticiasradioreflejos.com.ar\/2021\/homenaje-a-la-astronomia-argentina-nombran-san-sebastian-a-un-asteroide-en-honor-a-una-cientifica-bahiense-egresada-de-la-unlp\/","title":{"rendered":"Homenaje a la astronom\u00eda argentina: nombran San Sebasti\u00e1n a un asteroide en honor a una cient\u00edfica Bahiense egresada de la UNLP"},"content":{"rendered":"<p data-path-to-node=\"1\">La ciencia argentina vuelve a marcar un hito en el plano internacional. La Uni\u00f3n Astron\u00f3mica Internacional (IAU) bautiz\u00f3 oficialmente al asteroide 2000 RG62 como <b data-path-to-node=\"1\" data-index-in-node=\"173\">\u201cSan Sebasti\u00e1n\u201d<\/b>, en reconocimiento a la destacada trayectoria de la astr\u00f3noma bonaerense<strong> Irina San Sebasti\u00e1n<\/strong>. La investigadora, formada en la Universidad Nacional de La Plata (UNLP), recibi\u00f3 la noticia con profunda emoci\u00f3n tras haber sido postulada por el reconocido astr\u00f3nomo uruguayo Gonzalo Tancredi.<!--more--><\/p>\n<p data-path-to-node=\"2\">Nacida en Bah\u00eda Blanca, San Sebasti\u00e1n comenz\u00f3 su formaci\u00f3n acad\u00e9mica en la capital bonaerense en 2007. Tras obtener la Licenciatura en Astronom\u00eda en 2015 y el Doctorado en 2020, desarroll\u00f3 parte de su carrera como becaria del Consejo Nacional de Investigaciones Cient\u00edficas y T\u00e9cnicas (CONICET) y en el Instituto de Astrof\u00edsica de La Plata. Actualmente reside en Italia, donde se desempe\u00f1a en el laboratorio DART del Politecnico di Milano dentro del grupo TRACES.<\/p>\n<p data-path-to-node=\"2\"><img decoding=\"async\" src=\"https:\/\/www.pagina12.com.ar\/resizer\/v2\/ZCO7CPBKBJG7BBFXEAMLNQNAPU.jpg?quality=75&amp;auth=1a6ec08ea5c90f145c348cd6ececea1dae678ad9270048674c5cbff800c97e35&amp;width=2106\" alt=\"Irina San Sebasti\u00e1n\" \/><\/p>\n<p data-path-to-node=\"3\">Su campo de trabajo est\u00e1 enfocado en las Ciencias Planetarias y la <b data-path-to-node=\"3\" data-index-in-node=\"67\">defensa planetaria<\/b>, una disciplina clave para evaluar estrategias de prevenci\u00f3n y mitigaci\u00f3n frente a posibles impactos contra la Tierra. En sus investigaciones, San Sebasti\u00e1n estudia asteroides de tipo <i data-path-to-node=\"3\" data-index-in-node=\"270\">rubble-pile<\/i> \u2014cuerpos formados por aglomerados de roca unidos por su propia gravedad\u2014 mediante experimentos en microgravedad que permiten predecir c\u00f3mo responder\u00edan ante t\u00e9cnicas de desviaci\u00f3n espacial.<\/p>\n<p data-path-to-node=\"4\">El reconocimiento ubica a San Sebasti\u00e1n en una n\u00f3mina de cient\u00edficos vinculados a la UNLP que han dejado su marca en el Sistema Solar, entre los que figuran Jos\u00e9 Luis S\u00e9rsic y Virpi Sinikka Niemel\u00e4. Sin embargo, para la investigadora, el nombramiento guarda un lazo simb\u00f3lico especial con el asteroide \u00abAnadiego\u00bb, nombrado en 2011 en memoria de Ana Teresa Diego, estudiante de astronom\u00eda bahiense desaparecida durante la \u00faltima dictadura militar.<\/p>\n<p data-path-to-node=\"5\">Al reflexionar sobre la distinci\u00f3n, la astr\u00f3noma destac\u00f3 el rol fundamental de la educaci\u00f3n p\u00fablica argentina en su formaci\u00f3n t\u00e9cnica, pol\u00edtica y humana. Frente al contexto de recortes presupuestarios que motivaron su migraci\u00f3n al exterior, San Sebasti\u00e1n reafirm\u00f3 la excelencia de la investigaci\u00f3n nacional y expres\u00f3 su deseo de regresar al pa\u00eds para continuar ejerciendo la actividad cient\u00edfica en el futuro.<\/p>\n<p data-path-to-node=\"5\"><img decoding=\"async\" src=\"https:\/\/www.pagina12.com.ar\/resizer\/v2\/QBUKK2AC5VCCFIVZWE5ESRTOJA.jpg?quality=75&amp;auth=bb20e9366c72d2f4f18a89f1d5a1892107f1f5b88adfbf63cae8149bdab84d48&amp;width=1920\" alt=\"Irina San Sebasti\u00e1n\" \/><\/p>\n<p data-path-to-node=\"5\">\n<p data-path-to-node=\"5\"><em><strong>Fuente P\u00e1gina 12<\/strong><\/em><\/p>\n","protected":false},"excerpt":{"rendered":"<p>La ciencia argentina vuelve a marcar un hito en el plano internacional. La Uni\u00f3n Astron\u00f3mica Internacional (IAU) bautiz\u00f3 oficialmente al asteroide 2000 RG62 como \u201cSan Sebasti\u00e1n\u201d, en reconocimiento a la destacada trayectoria de la astr\u00f3noma bonaerense Irina San Sebasti\u00e1n. La investigadora, formada en la Universidad Nacional de La Plata (UNLP), recibi\u00f3 la noticia con profunda [&hellip;]<\/p>\n","protected":false},"author":3,"featured_media":142943,"comment_status":"closed","ping_status":"closed","sticky":false,"template":"","format":"standard","meta":{"footnotes":""},"categories":[46],"tags":[],"class_list":["post-142942","post","type-post","status-publish","format-standard","has-post-thumbnail","hentry","category-ciencia-y-tecnologia"],"yoast_head":"<!-- This site is optimized with the Yoast SEO plugin v25.9 - https:\/\/yoast.com\/wordpress\/plugins\/seo\/ -->\n<title>Homenaje a la astronom\u00eda argentina: nombran San Sebasti\u00e1n a un asteroide en honor a una cient\u00edfica Bahiense egresada de la UNLP - Noticias Radio Reflejos<\/title>\n<meta name=\"robots\" content=\"index, follow, max-snippet:-1, max-image-preview:large, max-video-preview:-1\" \/>\n<link rel=\"canonical\" href=\"https:\/\/www.noticiasradioreflejos.com.ar\/2021\/homenaje-a-la-astronomia-argentina-nombran-san-sebastian-a-un-asteroide-en-honor-a-una-cientifica-bahiense-egresada-de-la-unlp\/\" \/>\n<meta property=\"og:locale\" content=\"es_ES\" \/>\n<meta property=\"og:type\" content=\"article\" \/>\n<meta property=\"og:title\" content=\"Homenaje a la astronom\u00eda argentina: nombran San Sebasti\u00e1n a un asteroide en honor a una cient\u00edfica Bahiense egresada de la UNLP - Noticias Radio Reflejos\" \/>\n<meta property=\"og:description\" content=\"La ciencia argentina vuelve a marcar un hito en el plano internacional. La Uni\u00f3n Astron\u00f3mica Internacional (IAU) bautiz\u00f3 oficialmente al asteroide 2000 RG62 como \u201cSan Sebasti\u00e1n\u201d, en reconocimiento a la destacada trayectoria de la astr\u00f3noma bonaerense Irina San Sebasti\u00e1n. La investigadora, formada en la Universidad Nacional de La Plata (UNLP), recibi\u00f3 la noticia con profunda [&hellip;]\" \/>\n<meta property=\"og:url\" content=\"https:\/\/www.noticiasradioreflejos.com.ar\/2021\/homenaje-a-la-astronomia-argentina-nombran-san-sebastian-a-un-asteroide-en-honor-a-una-cientifica-bahiense-egresada-de-la-unlp\/\" \/>\n<meta property=\"og:site_name\" content=\"Noticias Radio Reflejos\" \/>\n<meta property=\"article:published_time\" content=\"2026-09-02T10:51:14+00:00\" \/>\n<meta property=\"article:modified_time\" content=\"2026-09-02T10:51:54+00:00\" \/>\n<meta property=\"og:image\" content=\"https:\/\/www.noticiasradioreflejos.com.ar\/2021\/wp-content\/uploads\/2026\/09\/asteroide.jpg\" \/>\n\t<meta property=\"og:image:width\" content=\"979\" \/>\n\t<meta property=\"og:image:height\" content=\"639\" \/>\n\t<meta property=\"og:image:type\" content=\"image\/jpeg\" \/>\n<meta name=\"author\" content=\"Arnaldo Botto\" \/>\n<meta name=\"twitter:card\" content=\"summary_large_image\" \/>\n<script type=\"application\/ld+json\" class=\"yoast-schema-graph\">{\"@context\":\"https:\/\/schema.org\",\"@graph\":[{\"@type\":\"WebPage\",\"@id\":\"https:\/\/www.noticiasradioreflejos.com.ar\/2021\/homenaje-a-la-astronomia-argentina-nombran-san-sebastian-a-un-asteroide-en-honor-a-una-cientifica-bahiense-egresada-de-la-unlp\/\",\"url\":\"https:\/\/www.noticiasradioreflejos.com.ar\/2021\/homenaje-a-la-astronomia-argentina-nombran-san-sebastian-a-un-asteroide-en-honor-a-una-cientifica-bahiense-egresada-de-la-unlp\/\",\"name\":\"Homenaje a la astronom\u00eda argentina: nombran San Sebasti\u00e1n a un asteroide en honor a una cient\u00edfica Bahiense egresada de la UNLP - Noticias Radio Reflejos\",\"isPartOf\":{\"@id\":\"https:\/\/www.noticiasradioreflejos.com.ar\/2021\/#website\"},\"primaryImageOfPage\":{\"@id\":\"https:\/\/www.noticiasradioreflejos.com.ar\/2021\/homenaje-a-la-astronomia-argentina-nombran-san-sebastian-a-un-asteroide-en-honor-a-una-cientifica-bahiense-egresada-de-la-unlp\/#primaryimage\"},\"image\":{\"@id\":\"https:\/\/www.noticiasradioreflejos.com.ar\/2021\/homenaje-a-la-astronomia-argentina-nombran-san-sebastian-a-un-asteroide-en-honor-a-una-cientifica-bahiense-egresada-de-la-unlp\/#primaryimage\"},\"thumbnailUrl\":\"https:\/\/www.noticiasradioreflejos.com.ar\/2021\/wp-content\/uploads\/2026\/09\/asteroide.jpg\",\"datePublished\":\"2026-09-02T10:51:14+00:00\",\"dateModified\":\"2026-09-02T10:51:54+00:00\",\"author\":{\"@id\":\"https:\/\/www.noticiasradioreflejos.com.ar\/2021\/#\/schema\/person\/ad82545263dcc5ec0996818884fd5fb1\"},\"breadcrumb\":{\"@id\":\"https:\/\/www.noticiasradioreflejos.com.ar\/2021\/homenaje-a-la-astronomia-argentina-nombran-san-sebastian-a-un-asteroide-en-honor-a-una-cientifica-bahiense-egresada-de-la-unlp\/#breadcrumb\"},\"inLanguage\":\"es\",\"potentialAction\":[{\"@type\":\"ReadAction\",\"target\":[\"https:\/\/www.noticiasradioreflejos.com.ar\/2021\/homenaje-a-la-astronomia-argentina-nombran-san-sebastian-a-un-asteroide-en-honor-a-una-cientifica-bahiense-egresada-de-la-unlp\/\"]}]},{\"@type\":\"ImageObject\",\"inLanguage\":\"es\",\"@id\":\"https:\/\/www.noticiasradioreflejos.com.ar\/2021\/homenaje-a-la-astronomia-argentina-nombran-san-sebastian-a-un-asteroide-en-honor-a-una-cientifica-bahiense-egresada-de-la-unlp\/#primaryimage\",\"url\":\"https:\/\/www.noticiasradioreflejos.com.ar\/2021\/wp-content\/uploads\/2026\/09\/asteroide.jpg\",\"contentUrl\":\"https:\/\/www.noticiasradioreflejos.com.ar\/2021\/wp-content\/uploads\/2026\/09\/asteroide.jpg\",\"width\":979,\"height\":639},{\"@type\":\"BreadcrumbList\",\"@id\":\"https:\/\/www.noticiasradioreflejos.com.ar\/2021\/homenaje-a-la-astronomia-argentina-nombran-san-sebastian-a-un-asteroide-en-honor-a-una-cientifica-bahiense-egresada-de-la-unlp\/#breadcrumb\",\"itemListElement\":[{\"@type\":\"ListItem\",\"position\":1,\"name\":\"Portada\",\"item\":\"https:\/\/www.noticiasradioreflejos.com.ar\/2021\/\"},{\"@type\":\"ListItem\",\"position\":2,\"name\":\"Homenaje a la astronom\u00eda argentina: nombran San Sebasti\u00e1n a un asteroide en honor a una cient\u00edfica Bahiense egresada de la UNLP\"}]},{\"@type\":\"WebSite\",\"@id\":\"https:\/\/www.noticiasradioreflejos.com.ar\/2021\/#website\",\"url\":\"https:\/\/www.noticiasradioreflejos.com.ar\/2021\/\",\"name\":\"Noticias Radio Reflejos\",\"description\":\"Las noticias de mi comarca\",\"potentialAction\":[{\"@type\":\"SearchAction\",\"target\":{\"@type\":\"EntryPoint\",\"urlTemplate\":\"https:\/\/www.noticiasradioreflejos.com.ar\/2021\/?s={search_term_string}\"},\"query-input\":{\"@type\":\"PropertyValueSpecification\",\"valueRequired\":true,\"valueName\":\"search_term_string\"}}],\"inLanguage\":\"es\"},{\"@type\":\"Person\",\"@id\":\"https:\/\/www.noticiasradioreflejos.com.ar\/2021\/#\/schema\/person\/ad82545263dcc5ec0996818884fd5fb1\",\"name\":\"Arnaldo Botto\",\"image\":{\"@type\":\"ImageObject\",\"inLanguage\":\"es\",\"@id\":\"https:\/\/www.noticiasradioreflejos.com.ar\/2021\/#\/schema\/person\/image\/\",\"url\":\"https:\/\/secure.gravatar.com\/avatar\/55cb5e37c1efa326397366e6974cb338056df65cb50e7d64d1cf314e87504837?s=96&d=mm&r=g\",\"contentUrl\":\"https:\/\/secure.gravatar.com\/avatar\/55cb5e37c1efa326397366e6974cb338056df65cb50e7d64d1cf314e87504837?s=96&d=mm&r=g\",\"caption\":\"Arnaldo Botto\"},\"url\":\"https:\/\/www.noticiasradioreflejos.com.ar\/2021\/author\/arnaldo\/\"}]}<\/script>\n<!-- \/ Yoast SEO plugin. -->","yoast_head_json":{"title":"Homenaje a la astronom\u00eda argentina: nombran San Sebasti\u00e1n a un asteroide en honor a una cient\u00edfica Bahiense egresada de la UNLP - Noticias Radio Reflejos","robots":{"index":"index","follow":"follow","max-snippet":"max-snippet:-1","max-image-preview":"max-image-preview:large","max-video-preview":"max-video-preview:-1"},"canonical":"https:\/\/www.noticiasradioreflejos.com.ar\/2021\/homenaje-a-la-astronomia-argentina-nombran-san-sebastian-a-un-asteroide-en-honor-a-una-cientifica-bahiense-egresada-de-la-unlp\/","og_locale":"es_ES","og_type":"article","og_title":"Homenaje a la astronom\u00eda argentina: nombran San Sebasti\u00e1n a un asteroide en honor a una cient\u00edfica Bahiense egresada de la UNLP - Noticias Radio Reflejos","og_description":"La ciencia argentina vuelve a marcar un hito en el plano internacional. La Uni\u00f3n Astron\u00f3mica Internacional (IAU) bautiz\u00f3 oficialmente al asteroide 2000 RG62 como \u201cSan Sebasti\u00e1n\u201d, en reconocimiento a la destacada trayectoria de la astr\u00f3noma bonaerense Irina San Sebasti\u00e1n. La investigadora, formada en la Universidad Nacional de La Plata (UNLP), recibi\u00f3 la noticia con profunda [&hellip;]","og_url":"https:\/\/www.noticiasradioreflejos.com.ar\/2021\/homenaje-a-la-astronomia-argentina-nombran-san-sebastian-a-un-asteroide-en-honor-a-una-cientifica-bahiense-egresada-de-la-unlp\/","og_site_name":"Noticias Radio Reflejos","article_published_time":"2026-09-02T10:51:14+00:00","article_modified_time":"2026-09-02T10:51:54+00:00","og_image":[{"width":979,"height":639,"url":"https:\/\/www.noticiasradioreflejos.com.ar\/2021\/wp-content\/uploads\/2026\/09\/asteroide.jpg","type":"image\/jpeg"}],"author":"Arnaldo Botto","twitter_card":"summary_large_image","schema":{"@context":"https:\/\/schema.org","@graph":[{"@type":"WebPage","@id":"https:\/\/www.noticiasradioreflejos.com.ar\/2021\/homenaje-a-la-astronomia-argentina-nombran-san-sebastian-a-un-asteroide-en-honor-a-una-cientifica-bahiense-egresada-de-la-unlp\/","url":"https:\/\/www.noticiasradioreflejos.com.ar\/2021\/homenaje-a-la-astronomia-argentina-nombran-san-sebastian-a-un-asteroide-en-honor-a-una-cientifica-bahiense-egresada-de-la-unlp\/","name":"Homenaje a la astronom\u00eda argentina: nombran San Sebasti\u00e1n a un asteroide en honor a una cient\u00edfica Bahiense egresada de la UNLP - Noticias Radio Reflejos","isPartOf":{"@id":"https:\/\/www.noticiasradioreflejos.com.ar\/2021\/#website"},"primaryImageOfPage":{"@id":"https:\/\/www.noticiasradioreflejos.com.ar\/2021\/homenaje-a-la-astronomia-argentina-nombran-san-sebastian-a-un-asteroide-en-honor-a-una-cientifica-bahiense-egresada-de-la-unlp\/#primaryimage"},"image":{"@id":"https:\/\/www.noticiasradioreflejos.com.ar\/2021\/homenaje-a-la-astronomia-argentina-nombran-san-sebastian-a-un-asteroide-en-honor-a-una-cientifica-bahiense-egresada-de-la-unlp\/#primaryimage"},"thumbnailUrl":"https:\/\/www.noticiasradioreflejos.com.ar\/2021\/wp-content\/uploads\/2026\/09\/asteroide.jpg","datePublished":"2026-09-02T10:51:14+00:00","dateModified":"2026-09-02T10:51:54+00:00","author":{"@id":"https:\/\/www.noticiasradioreflejos.com.ar\/2021\/#\/schema\/person\/ad82545263dcc5ec0996818884fd5fb1"},"breadcrumb":{"@id":"https:\/\/www.noticiasradioreflejos.com.ar\/2021\/homenaje-a-la-astronomia-argentina-nombran-san-sebastian-a-un-asteroide-en-honor-a-una-cientifica-bahiense-egresada-de-la-unlp\/#breadcrumb"},"inLanguage":"es","potentialAction":[{"@type":"ReadAction","target":["https:\/\/www.noticiasradioreflejos.com.ar\/2021\/homenaje-a-la-astronomia-argentina-nombran-san-sebastian-a-un-asteroide-en-honor-a-una-cientifica-bahiense-egresada-de-la-unlp\/"]}]},{"@type":"ImageObject","inLanguage":"es","@id":"https:\/\/www.noticiasradioreflejos.com.ar\/2021\/homenaje-a-la-astronomia-argentina-nombran-san-sebastian-a-un-asteroide-en-honor-a-una-cientifica-bahiense-egresada-de-la-unlp\/#primaryimage","url":"https:\/\/www.noticiasradioreflejos.com.ar\/2021\/wp-content\/uploads\/2026\/09\/asteroide.jpg","contentUrl":"https:\/\/www.noticiasradioreflejos.com.ar\/2021\/wp-content\/uploads\/2026\/09\/asteroide.jpg","width":979,"height":639},{"@type":"BreadcrumbList","@id":"https:\/\/www.noticiasradioreflejos.com.ar\/2021\/homenaje-a-la-astronomia-argentina-nombran-san-sebastian-a-un-asteroide-en-honor-a-una-cientifica-bahiense-egresada-de-la-unlp\/#breadcrumb","itemListElement":[{"@type":"ListItem","position":1,"name":"Portada","item":"https:\/\/www.noticiasradioreflejos.com.ar\/2021\/"},{"@type":"ListItem","position":2,"name":"Homenaje a la astronom\u00eda argentina: nombran San Sebasti\u00e1n a un asteroide en honor a una cient\u00edfica Bahiense egresada de la UNLP"}]},{"@type":"WebSite","@id":"https:\/\/www.noticiasradioreflejos.com.ar\/2021\/#website","url":"https:\/\/www.noticiasradioreflejos.com.ar\/2021\/","name":"Noticias Radio Reflejos","description":"Las noticias de mi comarca","potentialAction":[{"@type":"SearchAction","target":{"@type":"EntryPoint","urlTemplate":"https:\/\/www.noticiasradioreflejos.com.ar\/2021\/?s={search_term_string}"},"query-input":{"@type":"PropertyValueSpecification","valueRequired":true,"valueName":"search_term_string"}}],"inLanguage":"es"},{"@type":"Person","@id":"https:\/\/www.noticiasradioreflejos.com.ar\/2021\/#\/schema\/person\/ad82545263dcc5ec0996818884fd5fb1","name":"Arnaldo Botto","image":{"@type":"ImageObject","inLanguage":"es","@id":"https:\/\/www.noticiasradioreflejos.com.ar\/2021\/#\/schema\/person\/image\/","url":"https:\/\/secure.gravatar.com\/avatar\/55cb5e37c1efa326397366e6974cb338056df65cb50e7d64d1cf314e87504837?s=96&d=mm&r=g","contentUrl":"https:\/\/secure.gravatar.com\/avatar\/55cb5e37c1efa326397366e6974cb338056df65cb50e7d64d1cf314e87504837?s=96&d=mm&r=g","caption":"Arnaldo Botto"},"url":"https:\/\/www.noticiasradioreflejos.com.ar\/2021\/author\/arnaldo\/"}]}},"_links":{"self":[{"href":"https:\/\/www.noticiasradioreflejos.com.ar\/2021\/wp-json\/wp\/v2\/posts\/142942","targetHints":{"allow":["GET"]}}],"collection":[{"href":"https:\/\/www.noticiasradioreflejos.com.ar\/2021\/wp-json\/wp\/v2\/posts"}],"about":[{"href":"https:\/\/www.noticiasradioreflejos.com.ar\/2021\/wp-json\/wp\/v2\/types\/post"}],"author":[{"embeddable":true,"href":"https:\/\/www.noticiasradioreflejos.com.ar\/2021\/wp-json\/wp\/v2\/users\/3"}],"replies":[{"embeddable":true,"href":"https:\/\/www.noticiasradioreflejos.com.ar\/2021\/wp-json\/wp\/v2\/comments?post=142942"}],"version-history":[{"count":2,"href":"https:\/\/www.noticiasradioreflejos.com.ar\/2021\/wp-json\/wp\/v2\/posts\/142942\/revisions"}],"predecessor-version":[{"id":142945,"href":"https:\/\/www.noticiasradioreflejos.com.ar\/2021\/wp-json\/wp\/v2\/posts\/142942\/revisions\/142945"}],"wp:featuredmedia":[{"embeddable":true,"href":"https:\/\/www.noticiasradioreflejos.com.ar\/2021\/wp-json\/wp\/v2\/media\/142943"}],"wp:attachment":[{"href":"https:\/\/www.noticiasradioreflejos.com.ar\/2021\/wp-json\/wp\/v2\/media?parent=142942"}],"wp:term":[{"taxonomy":"category","embeddable":true,"href":"https:\/\/www.noticiasradioreflejos.com.ar\/2021\/wp-json\/wp\/v2\/categories?post=142942"},{"taxonomy":"post_tag","embeddable":true,"href":"https:\/\/www.noticiasradioreflejos.com.ar\/2021\/wp-json\/wp\/v2\/tags?post=142942"}],"curies":[{"name":"wp","href":"https:\/\/api.w.org\/{rel}","templated":true}]}}