{"id":142940,"date":"2026-09-02T07:40:09","date_gmt":"2026-09-02T10:40:09","guid":{"rendered":"https:\/\/www.noticiasradioreflejos.com.ar\/2021\/?p=142940"},"modified":"2026-09-02T07:40:09","modified_gmt":"2026-09-02T10:40:09","slug":"paro-de-ate-afectara-a-aeropuertos-de-todo-el-pais-este-jueves-y-viernes","status":"publish","type":"post","link":"https:\/\/www.noticiasradioreflejos.com.ar\/2021\/paro-de-ate-afectara-a-aeropuertos-de-todo-el-pais-este-jueves-y-viernes\/","title":{"rendered":"Paro de ATE afectar\u00e1 a aeropuertos de todo el pa\u00eds este jueves y viernes"},"content":{"rendered":"<p>La medida incluye a casi 30 terminales a\u00e9reas y se llevar\u00e1 a cabo en dos tandas: de 9 a 12 y de 18 a 21.<!--more--><\/p>\n<div class=\"column-main\">\n<figure class=\"multimedia\" data-tadevel-template=\"web\/multimedia\" data-type=\"photo\">\n<div class=\"content\">\n<div class=\"sizer\" data-sizer=\"aspect-ratio\" data-tadevel-template=\"web\/aspect-ratio\"><\/div>\n<\/div>\n<\/figure>\n<div class=\"article-body\" data-tadevel-template=\"web\/article-body\">\n<div class=\"article-body-content\">\n<p>Casi\u00a0<strong>una treintena de aeropuertos de todo el pa\u00eds se ver\u00e1n afectados por una medida de fuerza impulsada por la Asociaci\u00f3n de Trabajadores del Estado (ATE),\u00a0<\/strong>que incluye a empleados de la Administraci\u00f3n Nacional de Aviaci\u00f3n Civil (ANAC), y que est\u00e1 programada para este<strong>\u00a0jueves y viernes.<\/strong><\/p>\n<p><strong>La medida se llevar\u00e1 a cabo de 9 a 12 y de 18 a 21, y en esas franjas solamente estar\u00e1n garantizados los vuelos sanitarios, humanitarios, traslados de \u00f3rganos y oficiales.<\/strong><\/p>\n<p>Entre las estaciones a\u00e9reas involucradas aparecen el aeropuerto Internacional de\u00a0<strong>Ezeiza,\u00a0<\/strong>como as\u00ed tambi\u00e9n<strong>\u00a0Aeroparque<\/strong>, por lo que se van a registrar demoras o cancelaciones en los vuelos programados durante esas 48 horas, seg\u00fan supo la agencia\u00a0<strong>Noticias Argentinas.<\/strong><\/p>\n<p>Por su parte, y en su cuenta de la red social X,\u00a0<strong>Rodolfo Aguiar<\/strong>\u00a0-titular de ATE- advirti\u00f3 que\u00a0<strong>\u00absi se producen demoras no es por culpa de los trabajadores.\u00a0<\/strong>Comunicamos la medida de fuerza con suficiente antelaci\u00f3n para que el Gobierno pudiera responder a cada una de nuestras demandas\u00bb.<\/p>\n<p>\u00abLos salarios se encuentran\u00a0<strong>absolutamente deteriorados,<\/strong>\u00a0y no se corresponden con las altas responsabilidades que se ejercen en el sector. Si no se abre una instancia de di\u00e1logo responsable y real, necesariamente<strong>\u00a0el conflicto se va a profundizar\u00bb<\/strong>, a\u00f1adi\u00f3.<\/p>\n<p>La disputa se origin\u00f3 por un incumplimiento del gobierno, seg\u00fan afirmaron desde ATE, ya que\u00a0<strong>no se abonaron los adicionales previstos en las paritarias<\/strong>\u00a0y adem\u00e1s las negociaciones siguen estancadas; adem\u00e1s, el sindicato denunci\u00f3 el\u00a0<strong>deterioro de las condiciones laborales\u00a0<\/strong>y el desfinanciamiento en distintas \u00e1reas.<\/p>\n<p>En ese sentido, el sindicato remarc\u00f3 que los trabajadores de ATE perdieron cerca del 40 por ciento del poder adquisitivo desde que Javier Milei asumi\u00f3 el gobierno, mientras que la situaci\u00f3n de los empleados de ANAC es similar.<\/p>\n<p><strong>AgenciaNA<\/strong><\/p>\n<\/div>\n<\/div>\n<\/div>\n","protected":false},"excerpt":{"rendered":"<p>La medida incluye a casi 30 terminales a\u00e9reas y se llevar\u00e1 a cabo en dos tandas: de 9 a 12 y de 18 a 21.<\/p>\n","protected":false},"author":3,"featured_media":105340,"comment_status":"closed","ping_status":"closed","sticky":false,"template":"","format":"standard","meta":{"footnotes":""},"categories":[24],"tags":[],"class_list":["post-142940","post","type-post","status-publish","format-standard","has-post-thumbnail","hentry","category-politica"],"yoast_head":"<!-- This site is optimized with the Yoast SEO plugin v25.9 - https:\/\/yoast.com\/wordpress\/plugins\/seo\/ -->\n<title>Paro de ATE afectar\u00e1 a aeropuertos de todo el pa\u00eds este jueves y viernes - Noticias Radio Reflejos<\/title>\n<meta name=\"robots\" content=\"index, follow, max-snippet:-1, max-image-preview:large, max-video-preview:-1\" \/>\n<link rel=\"canonical\" href=\"https:\/\/www.noticiasradioreflejos.com.ar\/2021\/paro-de-ate-afectara-a-aeropuertos-de-todo-el-pais-este-jueves-y-viernes\/\" \/>\n<meta property=\"og:locale\" content=\"es_ES\" \/>\n<meta property=\"og:type\" content=\"article\" \/>\n<meta property=\"og:title\" content=\"Paro de ATE afectar\u00e1 a aeropuertos de todo el pa\u00eds este jueves y viernes - Noticias Radio Reflejos\" \/>\n<meta property=\"og:description\" content=\"La medida incluye a casi 30 terminales a\u00e9reas y se llevar\u00e1 a cabo en dos tandas: de 9 a 12 y de 18 a 21.\" \/>\n<meta property=\"og:url\" content=\"https:\/\/www.noticiasradioreflejos.com.ar\/2021\/paro-de-ate-afectara-a-aeropuertos-de-todo-el-pais-este-jueves-y-viernes\/\" \/>\n<meta property=\"og:site_name\" content=\"Noticias Radio Reflejos\" \/>\n<meta property=\"article:published_time\" content=\"2026-09-02T10:40:09+00:00\" \/>\n<meta property=\"og:image\" content=\"https:\/\/www.noticiasradioreflejos.com.ar\/2021\/wp-content\/uploads\/2024\/07\/aeropuerto-vuelos.jpg\" \/>\n\t<meta property=\"og:image:width\" content=\"900\" \/>\n\t<meta property=\"og:image:height\" content=\"506\" \/>\n\t<meta property=\"og:image:type\" content=\"image\/jpeg\" \/>\n<meta name=\"author\" content=\"Arnaldo Botto\" \/>\n<meta name=\"twitter:card\" content=\"summary_large_image\" \/>\n<script type=\"application\/ld+json\" class=\"yoast-schema-graph\">{\"@context\":\"https:\/\/schema.org\",\"@graph\":[{\"@type\":\"WebPage\",\"@id\":\"https:\/\/www.noticiasradioreflejos.com.ar\/2021\/paro-de-ate-afectara-a-aeropuertos-de-todo-el-pais-este-jueves-y-viernes\/\",\"url\":\"https:\/\/www.noticiasradioreflejos.com.ar\/2021\/paro-de-ate-afectara-a-aeropuertos-de-todo-el-pais-este-jueves-y-viernes\/\",\"name\":\"Paro de ATE afectar\u00e1 a aeropuertos de todo el pa\u00eds este jueves y viernes - Noticias Radio Reflejos\",\"isPartOf\":{\"@id\":\"https:\/\/www.noticiasradioreflejos.com.ar\/2021\/#website\"},\"primaryImageOfPage\":{\"@id\":\"https:\/\/www.noticiasradioreflejos.com.ar\/2021\/paro-de-ate-afectara-a-aeropuertos-de-todo-el-pais-este-jueves-y-viernes\/#primaryimage\"},\"image\":{\"@id\":\"https:\/\/www.noticiasradioreflejos.com.ar\/2021\/paro-de-ate-afectara-a-aeropuertos-de-todo-el-pais-este-jueves-y-viernes\/#primaryimage\"},\"thumbnailUrl\":\"https:\/\/www.noticiasradioreflejos.com.ar\/2021\/wp-content\/uploads\/2024\/07\/aeropuerto-vuelos.jpg\",\"datePublished\":\"2026-09-02T10:40:09+00:00\",\"author\":{\"@id\":\"https:\/\/www.noticiasradioreflejos.com.ar\/2021\/#\/schema\/person\/ad82545263dcc5ec0996818884fd5fb1\"},\"breadcrumb\":{\"@id\":\"https:\/\/www.noticiasradioreflejos.com.ar\/2021\/paro-de-ate-afectara-a-aeropuertos-de-todo-el-pais-este-jueves-y-viernes\/#breadcrumb\"},\"inLanguage\":\"es\",\"potentialAction\":[{\"@type\":\"ReadAction\",\"target\":[\"https:\/\/www.noticiasradioreflejos.com.ar\/2021\/paro-de-ate-afectara-a-aeropuertos-de-todo-el-pais-este-jueves-y-viernes\/\"]}]},{\"@type\":\"ImageObject\",\"inLanguage\":\"es\",\"@id\":\"https:\/\/www.noticiasradioreflejos.com.ar\/2021\/paro-de-ate-afectara-a-aeropuertos-de-todo-el-pais-este-jueves-y-viernes\/#primaryimage\",\"url\":\"https:\/\/www.noticiasradioreflejos.com.ar\/2021\/wp-content\/uploads\/2024\/07\/aeropuerto-vuelos.jpg\",\"contentUrl\":\"https:\/\/www.noticiasradioreflejos.com.ar\/2021\/wp-content\/uploads\/2024\/07\/aeropuerto-vuelos.jpg\",\"width\":900,\"height\":506},{\"@type\":\"BreadcrumbList\",\"@id\":\"https:\/\/www.noticiasradioreflejos.com.ar\/2021\/paro-de-ate-afectara-a-aeropuertos-de-todo-el-pais-este-jueves-y-viernes\/#breadcrumb\",\"itemListElement\":[{\"@type\":\"ListItem\",\"position\":1,\"name\":\"Portada\",\"item\":\"https:\/\/www.noticiasradioreflejos.com.ar\/2021\/\"},{\"@type\":\"ListItem\",\"position\":2,\"name\":\"Paro de ATE afectar\u00e1 a aeropuertos de todo el pa\u00eds este jueves y viernes\"}]},{\"@type\":\"WebSite\",\"@id\":\"https:\/\/www.noticiasradioreflejos.com.ar\/2021\/#website\",\"url\":\"https:\/\/www.noticiasradioreflejos.com.ar\/2021\/\",\"name\":\"Noticias Radio Reflejos\",\"description\":\"Las noticias de mi comarca\",\"potentialAction\":[{\"@type\":\"SearchAction\",\"target\":{\"@type\":\"EntryPoint\",\"urlTemplate\":\"https:\/\/www.noticiasradioreflejos.com.ar\/2021\/?s={search_term_string}\"},\"query-input\":{\"@type\":\"PropertyValueSpecification\",\"valueRequired\":true,\"valueName\":\"search_term_string\"}}],\"inLanguage\":\"es\"},{\"@type\":\"Person\",\"@id\":\"https:\/\/www.noticiasradioreflejos.com.ar\/2021\/#\/schema\/person\/ad82545263dcc5ec0996818884fd5fb1\",\"name\":\"Arnaldo Botto\",\"image\":{\"@type\":\"ImageObject\",\"inLanguage\":\"es\",\"@id\":\"https:\/\/www.noticiasradioreflejos.com.ar\/2021\/#\/schema\/person\/image\/\",\"url\":\"https:\/\/secure.gravatar.com\/avatar\/55cb5e37c1efa326397366e6974cb338056df65cb50e7d64d1cf314e87504837?s=96&d=mm&r=g\",\"contentUrl\":\"https:\/\/secure.gravatar.com\/avatar\/55cb5e37c1efa326397366e6974cb338056df65cb50e7d64d1cf314e87504837?s=96&d=mm&r=g\",\"caption\":\"Arnaldo Botto\"},\"url\":\"https:\/\/www.noticiasradioreflejos.com.ar\/2021\/author\/arnaldo\/\"}]}<\/script>\n<!-- \/ Yoast SEO plugin. -->","yoast_head_json":{"title":"Paro de ATE afectar\u00e1 a aeropuertos de todo el pa\u00eds este jueves y viernes - Noticias Radio Reflejos","robots":{"index":"index","follow":"follow","max-snippet":"max-snippet:-1","max-image-preview":"max-image-preview:large","max-video-preview":"max-video-preview:-1"},"canonical":"https:\/\/www.noticiasradioreflejos.com.ar\/2021\/paro-de-ate-afectara-a-aeropuertos-de-todo-el-pais-este-jueves-y-viernes\/","og_locale":"es_ES","og_type":"article","og_title":"Paro de ATE afectar\u00e1 a aeropuertos de todo el pa\u00eds este jueves y viernes - Noticias Radio Reflejos","og_description":"La medida incluye a casi 30 terminales a\u00e9reas y se llevar\u00e1 a cabo en dos tandas: de 9 a 12 y de 18 a 21.","og_url":"https:\/\/www.noticiasradioreflejos.com.ar\/2021\/paro-de-ate-afectara-a-aeropuertos-de-todo-el-pais-este-jueves-y-viernes\/","og_site_name":"Noticias Radio Reflejos","article_published_time":"2026-09-02T10:40:09+00:00","og_image":[{"width":900,"height":506,"url":"https:\/\/www.noticiasradioreflejos.com.ar\/2021\/wp-content\/uploads\/2024\/07\/aeropuerto-vuelos.jpg","type":"image\/jpeg"}],"author":"Arnaldo Botto","twitter_card":"summary_large_image","schema":{"@context":"https:\/\/schema.org","@graph":[{"@type":"WebPage","@id":"https:\/\/www.noticiasradioreflejos.com.ar\/2021\/paro-de-ate-afectara-a-aeropuertos-de-todo-el-pais-este-jueves-y-viernes\/","url":"https:\/\/www.noticiasradioreflejos.com.ar\/2021\/paro-de-ate-afectara-a-aeropuertos-de-todo-el-pais-este-jueves-y-viernes\/","name":"Paro de ATE afectar\u00e1 a aeropuertos de todo el pa\u00eds este jueves y viernes - Noticias Radio Reflejos","isPartOf":{"@id":"https:\/\/www.noticiasradioreflejos.com.ar\/2021\/#website"},"primaryImageOfPage":{"@id":"https:\/\/www.noticiasradioreflejos.com.ar\/2021\/paro-de-ate-afectara-a-aeropuertos-de-todo-el-pais-este-jueves-y-viernes\/#primaryimage"},"image":{"@id":"https:\/\/www.noticiasradioreflejos.com.ar\/2021\/paro-de-ate-afectara-a-aeropuertos-de-todo-el-pais-este-jueves-y-viernes\/#primaryimage"},"thumbnailUrl":"https:\/\/www.noticiasradioreflejos.com.ar\/2021\/wp-content\/uploads\/2024\/07\/aeropuerto-vuelos.jpg","datePublished":"2026-09-02T10:40:09+00:00","author":{"@id":"https:\/\/www.noticiasradioreflejos.com.ar\/2021\/#\/schema\/person\/ad82545263dcc5ec0996818884fd5fb1"},"breadcrumb":{"@id":"https:\/\/www.noticiasradioreflejos.com.ar\/2021\/paro-de-ate-afectara-a-aeropuertos-de-todo-el-pais-este-jueves-y-viernes\/#breadcrumb"},"inLanguage":"es","potentialAction":[{"@type":"ReadAction","target":["https:\/\/www.noticiasradioreflejos.com.ar\/2021\/paro-de-ate-afectara-a-aeropuertos-de-todo-el-pais-este-jueves-y-viernes\/"]}]},{"@type":"ImageObject","inLanguage":"es","@id":"https:\/\/www.noticiasradioreflejos.com.ar\/2021\/paro-de-ate-afectara-a-aeropuertos-de-todo-el-pais-este-jueves-y-viernes\/#primaryimage","url":"https:\/\/www.noticiasradioreflejos.com.ar\/2021\/wp-content\/uploads\/2024\/07\/aeropuerto-vuelos.jpg","contentUrl":"https:\/\/www.noticiasradioreflejos.com.ar\/2021\/wp-content\/uploads\/2024\/07\/aeropuerto-vuelos.jpg","width":900,"height":506},{"@type":"BreadcrumbList","@id":"https:\/\/www.noticiasradioreflejos.com.ar\/2021\/paro-de-ate-afectara-a-aeropuertos-de-todo-el-pais-este-jueves-y-viernes\/#breadcrumb","itemListElement":[{"@type":"ListItem","position":1,"name":"Portada","item":"https:\/\/www.noticiasradioreflejos.com.ar\/2021\/"},{"@type":"ListItem","position":2,"name":"Paro de ATE afectar\u00e1 a aeropuertos de todo el pa\u00eds este jueves y viernes"}]},{"@type":"WebSite","@id":"https:\/\/www.noticiasradioreflejos.com.ar\/2021\/#website","url":"https:\/\/www.noticiasradioreflejos.com.ar\/2021\/","name":"Noticias Radio Reflejos","description":"Las noticias de mi comarca","potentialAction":[{"@type":"SearchAction","target":{"@type":"EntryPoint","urlTemplate":"https:\/\/www.noticiasradioreflejos.com.ar\/2021\/?s={search_term_string}"},"query-input":{"@type":"PropertyValueSpecification","valueRequired":true,"valueName":"search_term_string"}}],"inLanguage":"es"},{"@type":"Person","@id":"https:\/\/www.noticiasradioreflejos.com.ar\/2021\/#\/schema\/person\/ad82545263dcc5ec0996818884fd5fb1","name":"Arnaldo Botto","image":{"@type":"ImageObject","inLanguage":"es","@id":"https:\/\/www.noticiasradioreflejos.com.ar\/2021\/#\/schema\/person\/image\/","url":"https:\/\/secure.gravatar.com\/avatar\/55cb5e37c1efa326397366e6974cb338056df65cb50e7d64d1cf314e87504837?s=96&d=mm&r=g","contentUrl":"https:\/\/secure.gravatar.com\/avatar\/55cb5e37c1efa326397366e6974cb338056df65cb50e7d64d1cf314e87504837?s=96&d=mm&r=g","caption":"Arnaldo Botto"},"url":"https:\/\/www.noticiasradioreflejos.com.ar\/2021\/author\/arnaldo\/"}]}},"_links":{"self":[{"href":"https:\/\/www.noticiasradioreflejos.com.ar\/2021\/wp-json\/wp\/v2\/posts\/142940","targetHints":{"allow":["GET"]}}],"collection":[{"href":"https:\/\/www.noticiasradioreflejos.com.ar\/2021\/wp-json\/wp\/v2\/posts"}],"about":[{"href":"https:\/\/www.noticiasradioreflejos.com.ar\/2021\/wp-json\/wp\/v2\/types\/post"}],"author":[{"embeddable":true,"href":"https:\/\/www.noticiasradioreflejos.com.ar\/2021\/wp-json\/wp\/v2\/users\/3"}],"replies":[{"embeddable":true,"href":"https:\/\/www.noticiasradioreflejos.com.ar\/2021\/wp-json\/wp\/v2\/comments?post=142940"}],"version-history":[{"count":1,"href":"https:\/\/www.noticiasradioreflejos.com.ar\/2021\/wp-json\/wp\/v2\/posts\/142940\/revisions"}],"predecessor-version":[{"id":142941,"href":"https:\/\/www.noticiasradioreflejos.com.ar\/2021\/wp-json\/wp\/v2\/posts\/142940\/revisions\/142941"}],"wp:featuredmedia":[{"embeddable":true,"href":"https:\/\/www.noticiasradioreflejos.com.ar\/2021\/wp-json\/wp\/v2\/media\/105340"}],"wp:attachment":[{"href":"https:\/\/www.noticiasradioreflejos.com.ar\/2021\/wp-json\/wp\/v2\/media?parent=142940"}],"wp:term":[{"taxonomy":"category","embeddable":true,"href":"https:\/\/www.noticiasradioreflejos.com.ar\/2021\/wp-json\/wp\/v2\/categories?post=142940"},{"taxonomy":"post_tag","embeddable":true,"href":"https:\/\/www.noticiasradioreflejos.com.ar\/2021\/wp-json\/wp\/v2\/tags?post=142940"}],"curies":[{"name":"wp","href":"https:\/\/api.w.org\/{rel}","templated":true}]}}