{"id":142937,"date":"2026-09-02T07:33:22","date_gmt":"2026-09-02T10:33:22","guid":{"rendered":"https:\/\/www.noticiasradioreflejos.com.ar\/2021\/?p=142937"},"modified":"2026-09-02T07:33:22","modified_gmt":"2026-09-02T10:33:22","slug":"milei-se-aferra-a-malvinas-para-tapar-la-crisis-economica","status":"publish","type":"post","link":"https:\/\/www.noticiasradioreflejos.com.ar\/2021\/milei-se-aferra-a-malvinas-para-tapar-la-crisis-economica\/","title":{"rendered":"Milei se aferra a Malvinas para tapar la crisis econ\u00f3mica"},"content":{"rendered":"<p>Trump advirti\u00f3 al Reino Unido que cambiar\u00eda su posici\u00f3n de neutralidad sobre la soberan\u00eda de las islas si no aumenta su participaci\u00f3n en la OTAN. Una maniobra que para la Rosada representa un verdadero milagro que busca transformarlo en un logro pol\u00edtico local y desplazar de los medios la malaria econ\u00f3mica.<!--more--><\/p>\n<p>En la Casa Rosada se ha despertado, sobre todo en Javier Milei, un repentino fervor por la soberan\u00eda argentina sobre las Islas Malvinas. Coincidi\u00f3, curiosamente, con la advertencia que Donald Trump le hizo al Reino Unido de cambiar su postura de neutralidad sobre la cuesti\u00f3n Malvinas. No import\u00f3 que esta maniobra del estadounidense busque que el gobierno brit\u00e1nico incremente su participaci\u00f3n en la OTAN. Enterado de ello, Milei decidi\u00f3 darle una importancia superior a este hecho que, de paso, lo ayuda a dejar en un segundo plano a la crisis econ\u00f3mica local. \u201cHa pasado algo muy fuerte\u201d, le dijo el Presidente a sus ministros durante la reuni\u00f3n de gabinete. Luego, orden\u00f3 silencio total y solo autoriz\u00f3 que trascendiera que est\u00e1 preparando un discurso para una cadena nacional junto a la Canciller\u00eda y, para sorpresa de muchos, la SIDE. Sin embargo, ante las primeras cr\u00edticas, Milei estall\u00f3: \u201cLas MIERDAS HUMANAS (95%) de siempre salen a llorar por el uso de la cadena nacional\u201d, bram\u00f3 a trav\u00e9s de la red X.<\/p>\n<div class=\"article-content\">\n<article class=\"p12-article-body \">\n<p class=\"c-paragraph\">A pesar de que en un pasado bastante cercano Milei expresara su admiraci\u00f3n por Margaret Thatcher, ahora parece haber descubierto la cuesti\u00f3n Malvinas. Pero no acepta las cr\u00edticas. En un tuit indic\u00f3 que lo cuestionan por el uso de la cadena nacional a pesar de que se trata de \u201cun tema sagrado para los argentinos\u201d y agrega que se trata de \u201cun reclamo hist\u00f3rico del pueblo argentino que al d\u00eda de hoy sigue viendo violentada su soberan\u00eda nacional\u201d. Luego lanz\u00f3 sus acostumbrados insultos.<\/p>\n<p class=\"c-paragraph\">Si bien no hay detalles de qu\u00e9 anunciar\u00e1 el jueves, el vocero Adri\u00e1n Ravier se mostr\u00f3 obediente a la orden presidencial y solo confirm\u00f3 que trabajan en la elaboraci\u00f3n del mensaje el Presidente, la Canciller\u00eda y tambi\u00e9n la Secretar\u00eda de Inteligencia del Estado (SIDE). Una participaci\u00f3n m\u00e1s que extra\u00f1a porque est\u00e1 lejos de los objetivos de dicha agencia. Seg\u00fan dicen desde Casa Rosada, el presidente grabar\u00e1 ese mismo d\u00eda el mensaje, una vez que regrese de Chile, donde viajar\u00e1 el jueves por la ma\u00f1ana.<\/p>\n<p class=\"c-paragraph\">En el a\u00f1o 1982, la dictadura militar -con Leopoldo Fortunato Galtieri a la cabeza-, condujo a la Argentina a la Guerra de las Malvinas como un \u00faltimo intento por desviar la atenci\u00f3n de la crisis econ\u00f3mica y pol\u00edtica de la \u00faltima dictadura militar. En ese tiempo, Galtieri crey\u00f3 que el entonces presidente Ronald Reagan mantendr\u00eda una posici\u00f3n neutral y que no ayudar\u00eda a Gran Breta\u00f1a, algo que finalmente no ocurri\u00f3. Es decir, subestim\u00f3 el v\u00ednculo hist\u00f3rico entre esas dos naciones.<\/p>\n<p class=\"c-paragraph\">Hay quienes dentro del cuerpo diplom\u00e1tico entienden que hoy, la b\u00fasqueda de Milei en EEUU como si fuese un aliado estrat\u00e9gico en la causa Malvinas -en detrimento del Reino Unido-, va en la misma l\u00ednea que lo que pas\u00f3 en 1982 y que significar\u00eda, una vez m\u00e1s, no comprender el v\u00ednculo hist\u00f3rico, pol\u00edtico, social y econ\u00f3mico que existe entre esas dos naciones.<\/p>\n<p class=\"c-paragraph\">El asesor Santiago Caputo no escapa a la l\u00f3gica de Milei. Al menos eso deja trascender lo que escribi\u00f3 en sus redes: \u201cInglaterra es el pasado. Argentina es el futuro. Es saludable que los Estados Unidos revisen su postura sobre Malvinas. Ser\u00eda extra\u00f1o que no lo hicieran. No se puede esperar menos de un aliado estrat\u00e9gico. Malvinas es una causa sagrada para los argentinos\u201d.<\/p>\n<p class=\"c-paragraph\">Despu\u00e9s de semanas de reclusi\u00f3n en la Quinta de Olivos,<b>\u00a0Milei decidi\u00f3 retomar sus actividades en la Casa Rosada<\/b>\u00a0y mostrarse hiperactivo. Fue por eso que este martes, por segunda semana consecutiva, encabez\u00f3 una reuni\u00f3n de gabinete. Fue all\u00ed que<b>\u00a0anunci\u00f3 la cadena nacional.\u00a0<\/b>Adem\u00e1s, pidi\u00f3 de manera expresa a sus ministros y al vocero que no den detalles sobre el tema, como si se tratara de una cuesti\u00f3n de m\u00e1xima seguridad o un secreto de Estado.<\/p>\n<p class=\"c-paragraph\"><b>Tambi\u00e9n dijo que lo decidi\u00f3 despu\u00e9s de escuchar las declaraciones del presidente de Estados Unidos en las que puntualiz\u00f3 que estaba dispuesto a\u00a0<\/b>\u201crevisar la postura\u201d hist\u00f3rica que tiene Estados Unidos sobre el conflicto por la soberan\u00eda de las islas. Un detalle, Trump no pronunci\u00f3 la palabra Malvinas y se refiri\u00f3 a ellas como lo hacen los ingleses: Falklands.<\/p>\n<p class=\"c-paragraph\">En su exposici\u00f3n del jueves, dijeron, Milei \u201cbrindar\u00e1 mayores detalles a la poblaci\u00f3n sobre este tema\u201d. Adem\u00e1s, explicaron que durante la reuni\u00f3n el canciller\u00a0<b>Pablo Quirno, \u201chizo un an\u00e1lisis sobre los avances diplom\u00e1ticos que lleva adelante la Canciller\u00eda en defensa de la soberan\u00eda de las islas Malvinas<\/b>\u201d. El encuentro, que dur\u00f3 dos horas, se realiz\u00f3 en el sal\u00f3n Eva Per\u00f3n<\/p>\n<p class=\"c-paragraph\">En\u00a0<a title=\"https:\/\/www.pagina12.com.ar\/2026\/09\/01\/milei-dijo-que-la-insinuacion-de-trump-sobre-malvinas-fue-algo-muy-fuerte\/\" href=\"https:\/\/www.pagina12.com.ar\/2026\/09\/01\/milei-dijo-que-la-insinuacion-de-trump-sobre-malvinas-fue-algo-muy-fuerte\/\" target=\"_self\" rel=\"\">una entrevista\u00a0<\/a>radial que dio antes de ingresar a Balcarce 50, Milei ya hab\u00eda confirmado que iba a hablar con sus ministros de las Islas y calific\u00f3 las declaraciones de Trump como \u201cmuy importantes\u201d, y \u201cmuy fuertes\u201d.<\/p>\n<p class=\"c-paragraph\">Seg\u00fan el diario brit\u00e1nico The Telegraph, el\u00a0<b>gobierno de Estados Unidos utilizar\u00eda la cuesti\u00f3n de la soberan\u00eda de las Malvinas como una herramienta de presi\u00f3n para exigir al Reino Unido que aumente su gasto militar en la OTAN<\/b>. A fines de abril de este a\u00f1o, en tanto, Trump recibi\u00f3 al rey Carlos III en la Casa Blanca y dijo que los brit\u00e1nicos son los \u201camigos m\u00e1s cercanos\u201d que tienen los estadounidenses.<\/p>\n<h2 class=\"p12-article-body__h2\">Las idas y vueltas del Gobierno con Malvinas<\/h2>\n<p class=\"c-paragraph\"><b>Milei nunca tuvo una postura sobre la soberan\u00eda de las islas<\/b>. En campa\u00f1a lleg\u00f3 a decir que idolatraba a la exprimera ministra del Reino Unido, Margaret Thatcher, y, ya siendo Presidente, expres\u00f3 que su gobierno buscaba que los isle\u00f1os sean \u201clos que elijan de forma voluntaria ser argentinos\u201d.<\/p>\n<p class=\"c-paragraph\">Desde el Reino Unido, en tanto, despu\u00e9s de las declaraciones de Trump, el vocero del primer ministro Andy Burnham sostuvo que La poblaci\u00f3n implantada \u201cha expresado su deseo de seguir siendo un Territorio Brit\u00e1nico de Ultramar\u201d, y a\u00f1adi\u00f3: \u201cnuestro compromiso con ellos es inquebrantable\u201d. En esa l\u00ednea, desde el Reino Unido tambi\u00e9n se expres\u00f3 el secretario de Hacienda John Healey que a\u00f1adi\u00f3: \u201cson brit\u00e1nicas y seguir\u00e1n siendo brit\u00e1nicas\u201d.<\/p>\n<p class=\"c-paragraph\">Milei, en tanto, despu\u00e9s del episodio y las rispideces que se generaron durante el \u00faltimo Mundial por el partido con Inglaterra -y que tuvieron a las Islas Malvinas como protagonistas-, qued\u00f3 en una mala posici\u00f3n con respecto al tema y en contra de la sociedad que, como siempre, se puso del lado de la defensa del territorio nacional.<\/p>\n<p class=\"c-paragraph\">El gobierno, de hecho, tuvo que retroceder con la Ley de extranjerizaci\u00f3n de tierras y, adem\u00e1s, muchos dentro de la Casa Rosada despotricaron contra la ministra de Seguridad, Alejandra Monteoliva. Ella aval\u00f3 y promocion\u00f3 la medida tomada por la FIFA de prohibir el ingreso de banderas y remeras con la imagen de las Islas al partido contra Inglaterra y hasta se refiri\u00f3 a las islas como \u201cel mapita de Malvinas\u201d.<\/p>\n<p class=\"c-paragraph\">Despu\u00e9s del papel\u00f3n con su ministra, Milei sali\u00f3 a decir que el gobierno hab\u00eda logrado \u201cresultados concretos\u201d y supuestos \u201cavances enormes\u201d con respecto a la causa Malvinas. Se refiri\u00f3 en particular \u201cal respaldo internacional alcanzado en la Organizaci\u00f3n de los Estados Americanos (OEA) y en la Organizaci\u00f3n de las Naciones Unidas (ONU)\u201d. Un respaldo que la ONU realiz\u00f3 por primera vez en 1965 cuando se aprob\u00f3 la resoluci\u00f3n 2065, que reconoce la existencia de una disputa de soberan\u00eda, donde Estados Unidos se abstuvo de votar.<\/p>\n<p class=\"c-paragraph\">Sin embargo, el Comit\u00e9 de Descolonizaci\u00f3n de las Naciones Unidas adopta todos los a\u00f1os una resoluci\u00f3n por consenso instando a la Argentina y al Reino Unido a reanudar las negociaciones bilaterales por la soberan\u00eda de las mismas. Durante el Mundial, adem\u00e1s, el vocero presidencial tampoco pudo negar que el Presidente de la Argentina tenga un cuadro de Thatcher en su despacho.<\/p>\n<p class=\"c-paragraph\">Por otra parte, durante el verano pasado, desde el entorno del Presidente hab\u00edan confirmado que el\u00a0<b>mandatario ten\u00eda planificado realizar un viaje a Inglaterra durante el segundo semestre del 2026<\/b>. Este martes el vocero no pudo asegurar que ese viaje haya sido cancelado.<\/p>\n<p class=\"c-paragraph\">Ravier, por \u00faltimo, no pudo decir nada sobre el pedido en la Justicia que hicieron la Asociaci\u00f3n Argentina de Abogados Ambientalistas y el CECIM La Plata, con el objetivo de frenar el proyecto petrolero offshore Sea Lionun, ubicado en la Cuenca Malvinas Norte. El mismo est\u00e1 a cargo de las empresas Rockhopper, de origen brit\u00e1nico, y Navitas Petroleum, de capitales israel\u00edes.<\/p>\n<\/article>\n<\/div>\n<p>&nbsp;<\/p>\n<p><em><strong>Fuente P\u00e1gina 12<\/strong><\/em><\/p>\n","protected":false},"excerpt":{"rendered":"<p>Trump advirti\u00f3 al Reino Unido que cambiar\u00eda su posici\u00f3n de neutralidad sobre la soberan\u00eda de las islas si no aumenta su participaci\u00f3n en la OTAN. Una maniobra que para la Rosada representa un verdadero milagro que busca transformarlo en un logro pol\u00edtico local y desplazar de los medios la malaria econ\u00f3mica.<\/p>\n","protected":false},"author":3,"featured_media":142938,"comment_status":"closed","ping_status":"closed","sticky":false,"template":"","format":"standard","meta":{"footnotes":""},"categories":[24],"tags":[],"class_list":["post-142937","post","type-post","status-publish","format-standard","has-post-thumbnail","hentry","category-politica"],"yoast_head":"<!-- This site is optimized with the Yoast SEO plugin v25.9 - https:\/\/yoast.com\/wordpress\/plugins\/seo\/ -->\n<title>Milei se aferra a Malvinas para tapar la crisis econ\u00f3mica - Noticias Radio Reflejos<\/title>\n<meta name=\"robots\" content=\"index, follow, max-snippet:-1, max-image-preview:large, max-video-preview:-1\" \/>\n<link rel=\"canonical\" href=\"https:\/\/www.noticiasradioreflejos.com.ar\/2021\/milei-se-aferra-a-malvinas-para-tapar-la-crisis-economica\/\" \/>\n<meta property=\"og:locale\" content=\"es_ES\" \/>\n<meta property=\"og:type\" content=\"article\" \/>\n<meta property=\"og:title\" content=\"Milei se aferra a Malvinas para tapar la crisis econ\u00f3mica - Noticias Radio Reflejos\" \/>\n<meta property=\"og:description\" content=\"Trump advirti\u00f3 al Reino Unido que cambiar\u00eda su posici\u00f3n de neutralidad sobre la soberan\u00eda de las islas si no aumenta su participaci\u00f3n en la OTAN. Una maniobra que para la Rosada representa un verdadero milagro que busca transformarlo en un logro pol\u00edtico local y desplazar de los medios la malaria econ\u00f3mica.\" \/>\n<meta property=\"og:url\" content=\"https:\/\/www.noticiasradioreflejos.com.ar\/2021\/milei-se-aferra-a-malvinas-para-tapar-la-crisis-economica\/\" \/>\n<meta property=\"og:site_name\" content=\"Noticias Radio Reflejos\" \/>\n<meta property=\"article:published_time\" content=\"2026-09-02T10:33:22+00:00\" \/>\n<meta property=\"og:image\" content=\"https:\/\/www.noticiasradioreflejos.com.ar\/2021\/wp-content\/uploads\/2026\/09\/Milei-EEUU.jpg\" \/>\n\t<meta property=\"og:image:width\" content=\"978\" \/>\n\t<meta property=\"og:image:height\" content=\"653\" \/>\n\t<meta property=\"og:image:type\" content=\"image\/jpeg\" \/>\n<meta name=\"author\" content=\"Arnaldo Botto\" \/>\n<meta name=\"twitter:card\" content=\"summary_large_image\" \/>\n<script type=\"application\/ld+json\" class=\"yoast-schema-graph\">{\"@context\":\"https:\/\/schema.org\",\"@graph\":[{\"@type\":\"WebPage\",\"@id\":\"https:\/\/www.noticiasradioreflejos.com.ar\/2021\/milei-se-aferra-a-malvinas-para-tapar-la-crisis-economica\/\",\"url\":\"https:\/\/www.noticiasradioreflejos.com.ar\/2021\/milei-se-aferra-a-malvinas-para-tapar-la-crisis-economica\/\",\"name\":\"Milei se aferra a Malvinas para tapar la crisis econ\u00f3mica - Noticias Radio Reflejos\",\"isPartOf\":{\"@id\":\"https:\/\/www.noticiasradioreflejos.com.ar\/2021\/#website\"},\"primaryImageOfPage\":{\"@id\":\"https:\/\/www.noticiasradioreflejos.com.ar\/2021\/milei-se-aferra-a-malvinas-para-tapar-la-crisis-economica\/#primaryimage\"},\"image\":{\"@id\":\"https:\/\/www.noticiasradioreflejos.com.ar\/2021\/milei-se-aferra-a-malvinas-para-tapar-la-crisis-economica\/#primaryimage\"},\"thumbnailUrl\":\"https:\/\/www.noticiasradioreflejos.com.ar\/2021\/wp-content\/uploads\/2026\/09\/Milei-EEUU.jpg\",\"datePublished\":\"2026-09-02T10:33:22+00:00\",\"author\":{\"@id\":\"https:\/\/www.noticiasradioreflejos.com.ar\/2021\/#\/schema\/person\/ad82545263dcc5ec0996818884fd5fb1\"},\"breadcrumb\":{\"@id\":\"https:\/\/www.noticiasradioreflejos.com.ar\/2021\/milei-se-aferra-a-malvinas-para-tapar-la-crisis-economica\/#breadcrumb\"},\"inLanguage\":\"es\",\"potentialAction\":[{\"@type\":\"ReadAction\",\"target\":[\"https:\/\/www.noticiasradioreflejos.com.ar\/2021\/milei-se-aferra-a-malvinas-para-tapar-la-crisis-economica\/\"]}]},{\"@type\":\"ImageObject\",\"inLanguage\":\"es\",\"@id\":\"https:\/\/www.noticiasradioreflejos.com.ar\/2021\/milei-se-aferra-a-malvinas-para-tapar-la-crisis-economica\/#primaryimage\",\"url\":\"https:\/\/www.noticiasradioreflejos.com.ar\/2021\/wp-content\/uploads\/2026\/09\/Milei-EEUU.jpg\",\"contentUrl\":\"https:\/\/www.noticiasradioreflejos.com.ar\/2021\/wp-content\/uploads\/2026\/09\/Milei-EEUU.jpg\",\"width\":978,\"height\":653},{\"@type\":\"BreadcrumbList\",\"@id\":\"https:\/\/www.noticiasradioreflejos.com.ar\/2021\/milei-se-aferra-a-malvinas-para-tapar-la-crisis-economica\/#breadcrumb\",\"itemListElement\":[{\"@type\":\"ListItem\",\"position\":1,\"name\":\"Portada\",\"item\":\"https:\/\/www.noticiasradioreflejos.com.ar\/2021\/\"},{\"@type\":\"ListItem\",\"position\":2,\"name\":\"Milei se aferra a Malvinas para tapar la crisis econ\u00f3mica\"}]},{\"@type\":\"WebSite\",\"@id\":\"https:\/\/www.noticiasradioreflejos.com.ar\/2021\/#website\",\"url\":\"https:\/\/www.noticiasradioreflejos.com.ar\/2021\/\",\"name\":\"Noticias Radio Reflejos\",\"description\":\"Las noticias de mi comarca\",\"potentialAction\":[{\"@type\":\"SearchAction\",\"target\":{\"@type\":\"EntryPoint\",\"urlTemplate\":\"https:\/\/www.noticiasradioreflejos.com.ar\/2021\/?s={search_term_string}\"},\"query-input\":{\"@type\":\"PropertyValueSpecification\",\"valueRequired\":true,\"valueName\":\"search_term_string\"}}],\"inLanguage\":\"es\"},{\"@type\":\"Person\",\"@id\":\"https:\/\/www.noticiasradioreflejos.com.ar\/2021\/#\/schema\/person\/ad82545263dcc5ec0996818884fd5fb1\",\"name\":\"Arnaldo Botto\",\"image\":{\"@type\":\"ImageObject\",\"inLanguage\":\"es\",\"@id\":\"https:\/\/www.noticiasradioreflejos.com.ar\/2021\/#\/schema\/person\/image\/\",\"url\":\"https:\/\/secure.gravatar.com\/avatar\/55cb5e37c1efa326397366e6974cb338056df65cb50e7d64d1cf314e87504837?s=96&d=mm&r=g\",\"contentUrl\":\"https:\/\/secure.gravatar.com\/avatar\/55cb5e37c1efa326397366e6974cb338056df65cb50e7d64d1cf314e87504837?s=96&d=mm&r=g\",\"caption\":\"Arnaldo Botto\"},\"url\":\"https:\/\/www.noticiasradioreflejos.com.ar\/2021\/author\/arnaldo\/\"}]}<\/script>\n<!-- \/ Yoast SEO plugin. -->","yoast_head_json":{"title":"Milei se aferra a Malvinas para tapar la crisis econ\u00f3mica - Noticias Radio Reflejos","robots":{"index":"index","follow":"follow","max-snippet":"max-snippet:-1","max-image-preview":"max-image-preview:large","max-video-preview":"max-video-preview:-1"},"canonical":"https:\/\/www.noticiasradioreflejos.com.ar\/2021\/milei-se-aferra-a-malvinas-para-tapar-la-crisis-economica\/","og_locale":"es_ES","og_type":"article","og_title":"Milei se aferra a Malvinas para tapar la crisis econ\u00f3mica - Noticias Radio Reflejos","og_description":"Trump advirti\u00f3 al Reino Unido que cambiar\u00eda su posici\u00f3n de neutralidad sobre la soberan\u00eda de las islas si no aumenta su participaci\u00f3n en la OTAN. Una maniobra que para la Rosada representa un verdadero milagro que busca transformarlo en un logro pol\u00edtico local y desplazar de los medios la malaria econ\u00f3mica.","og_url":"https:\/\/www.noticiasradioreflejos.com.ar\/2021\/milei-se-aferra-a-malvinas-para-tapar-la-crisis-economica\/","og_site_name":"Noticias Radio Reflejos","article_published_time":"2026-09-02T10:33:22+00:00","og_image":[{"width":978,"height":653,"url":"https:\/\/www.noticiasradioreflejos.com.ar\/2021\/wp-content\/uploads\/2026\/09\/Milei-EEUU.jpg","type":"image\/jpeg"}],"author":"Arnaldo Botto","twitter_card":"summary_large_image","schema":{"@context":"https:\/\/schema.org","@graph":[{"@type":"WebPage","@id":"https:\/\/www.noticiasradioreflejos.com.ar\/2021\/milei-se-aferra-a-malvinas-para-tapar-la-crisis-economica\/","url":"https:\/\/www.noticiasradioreflejos.com.ar\/2021\/milei-se-aferra-a-malvinas-para-tapar-la-crisis-economica\/","name":"Milei se aferra a Malvinas para tapar la crisis econ\u00f3mica - Noticias Radio Reflejos","isPartOf":{"@id":"https:\/\/www.noticiasradioreflejos.com.ar\/2021\/#website"},"primaryImageOfPage":{"@id":"https:\/\/www.noticiasradioreflejos.com.ar\/2021\/milei-se-aferra-a-malvinas-para-tapar-la-crisis-economica\/#primaryimage"},"image":{"@id":"https:\/\/www.noticiasradioreflejos.com.ar\/2021\/milei-se-aferra-a-malvinas-para-tapar-la-crisis-economica\/#primaryimage"},"thumbnailUrl":"https:\/\/www.noticiasradioreflejos.com.ar\/2021\/wp-content\/uploads\/2026\/09\/Milei-EEUU.jpg","datePublished":"2026-09-02T10:33:22+00:00","author":{"@id":"https:\/\/www.noticiasradioreflejos.com.ar\/2021\/#\/schema\/person\/ad82545263dcc5ec0996818884fd5fb1"},"breadcrumb":{"@id":"https:\/\/www.noticiasradioreflejos.com.ar\/2021\/milei-se-aferra-a-malvinas-para-tapar-la-crisis-economica\/#breadcrumb"},"inLanguage":"es","potentialAction":[{"@type":"ReadAction","target":["https:\/\/www.noticiasradioreflejos.com.ar\/2021\/milei-se-aferra-a-malvinas-para-tapar-la-crisis-economica\/"]}]},{"@type":"ImageObject","inLanguage":"es","@id":"https:\/\/www.noticiasradioreflejos.com.ar\/2021\/milei-se-aferra-a-malvinas-para-tapar-la-crisis-economica\/#primaryimage","url":"https:\/\/www.noticiasradioreflejos.com.ar\/2021\/wp-content\/uploads\/2026\/09\/Milei-EEUU.jpg","contentUrl":"https:\/\/www.noticiasradioreflejos.com.ar\/2021\/wp-content\/uploads\/2026\/09\/Milei-EEUU.jpg","width":978,"height":653},{"@type":"BreadcrumbList","@id":"https:\/\/www.noticiasradioreflejos.com.ar\/2021\/milei-se-aferra-a-malvinas-para-tapar-la-crisis-economica\/#breadcrumb","itemListElement":[{"@type":"ListItem","position":1,"name":"Portada","item":"https:\/\/www.noticiasradioreflejos.com.ar\/2021\/"},{"@type":"ListItem","position":2,"name":"Milei se aferra a Malvinas para tapar la crisis econ\u00f3mica"}]},{"@type":"WebSite","@id":"https:\/\/www.noticiasradioreflejos.com.ar\/2021\/#website","url":"https:\/\/www.noticiasradioreflejos.com.ar\/2021\/","name":"Noticias Radio Reflejos","description":"Las noticias de mi comarca","potentialAction":[{"@type":"SearchAction","target":{"@type":"EntryPoint","urlTemplate":"https:\/\/www.noticiasradioreflejos.com.ar\/2021\/?s={search_term_string}"},"query-input":{"@type":"PropertyValueSpecification","valueRequired":true,"valueName":"search_term_string"}}],"inLanguage":"es"},{"@type":"Person","@id":"https:\/\/www.noticiasradioreflejos.com.ar\/2021\/#\/schema\/person\/ad82545263dcc5ec0996818884fd5fb1","name":"Arnaldo Botto","image":{"@type":"ImageObject","inLanguage":"es","@id":"https:\/\/www.noticiasradioreflejos.com.ar\/2021\/#\/schema\/person\/image\/","url":"https:\/\/secure.gravatar.com\/avatar\/55cb5e37c1efa326397366e6974cb338056df65cb50e7d64d1cf314e87504837?s=96&d=mm&r=g","contentUrl":"https:\/\/secure.gravatar.com\/avatar\/55cb5e37c1efa326397366e6974cb338056df65cb50e7d64d1cf314e87504837?s=96&d=mm&r=g","caption":"Arnaldo Botto"},"url":"https:\/\/www.noticiasradioreflejos.com.ar\/2021\/author\/arnaldo\/"}]}},"_links":{"self":[{"href":"https:\/\/www.noticiasradioreflejos.com.ar\/2021\/wp-json\/wp\/v2\/posts\/142937","targetHints":{"allow":["GET"]}}],"collection":[{"href":"https:\/\/www.noticiasradioreflejos.com.ar\/2021\/wp-json\/wp\/v2\/posts"}],"about":[{"href":"https:\/\/www.noticiasradioreflejos.com.ar\/2021\/wp-json\/wp\/v2\/types\/post"}],"author":[{"embeddable":true,"href":"https:\/\/www.noticiasradioreflejos.com.ar\/2021\/wp-json\/wp\/v2\/users\/3"}],"replies":[{"embeddable":true,"href":"https:\/\/www.noticiasradioreflejos.com.ar\/2021\/wp-json\/wp\/v2\/comments?post=142937"}],"version-history":[{"count":1,"href":"https:\/\/www.noticiasradioreflejos.com.ar\/2021\/wp-json\/wp\/v2\/posts\/142937\/revisions"}],"predecessor-version":[{"id":142939,"href":"https:\/\/www.noticiasradioreflejos.com.ar\/2021\/wp-json\/wp\/v2\/posts\/142937\/revisions\/142939"}],"wp:featuredmedia":[{"embeddable":true,"href":"https:\/\/www.noticiasradioreflejos.com.ar\/2021\/wp-json\/wp\/v2\/media\/142938"}],"wp:attachment":[{"href":"https:\/\/www.noticiasradioreflejos.com.ar\/2021\/wp-json\/wp\/v2\/media?parent=142937"}],"wp:term":[{"taxonomy":"category","embeddable":true,"href":"https:\/\/www.noticiasradioreflejos.com.ar\/2021\/wp-json\/wp\/v2\/categories?post=142937"},{"taxonomy":"post_tag","embeddable":true,"href":"https:\/\/www.noticiasradioreflejos.com.ar\/2021\/wp-json\/wp\/v2\/tags?post=142937"}],"curies":[{"name":"wp","href":"https:\/\/api.w.org\/{rel}","templated":true}]}}