{"id":142934,"date":"2026-09-02T07:28:19","date_gmt":"2026-09-02T10:28:19","guid":{"rendered":"https:\/\/www.noticiasradioreflejos.com.ar\/2021\/?p=142934"},"modified":"2026-09-02T07:28:19","modified_gmt":"2026-09-02T10:28:19","slug":"ya-son-mas-de-12-millones-los-argentinos-que-perdieron-su-cobertura-medica-privada-durante-la-gestion-milei","status":"publish","type":"post","link":"https:\/\/www.noticiasradioreflejos.com.ar\/2021\/ya-son-mas-de-12-millones-los-argentinos-que-perdieron-su-cobertura-medica-privada-durante-la-gestion-milei\/","title":{"rendered":"Ya son m\u00e1s de 1,2 millones los argentinos que perdieron su cobertura m\u00e9dica privada durante la gesti\u00f3n Milei"},"content":{"rendered":"<p>Entre el cuarto trimestre de 2023 y el primer trimestre de 2026, un total de 1.246.285 personas dejaron de tener cobertura m\u00e9dica privada, ya sea prepaga, obra social o mutual, y pasaron a depender exclusivamente del sistema de salud p\u00fablica. Este traspaso masivo de pacientes est\u00e1 ejerciendo una presi\u00f3n in\u00e9dita sobre los hospitales y centros de atenci\u00f3n estatales, cuyo peso poblacional aument\u00f3 sin excepci\u00f3n en todas las regiones del pa\u00eds.<!--more--><\/p>\n<p>M\u00e1s de<strong>\u00a01,2 millones de personas se quedaron sin cobertura m\u00e9dica\u00a0<\/strong>en la Argentina en lo que va de gesti\u00f3n de Javier Milei a la par de aumentos por encima de la inflaci\u00f3n en las prepagas y la suba del desempleo.<\/p>\n<div class=\"partner-wrapper article-page__body-row\">\n<div class=\"second-col\">\n<p class=\"article-text\">Los datos aportados por un informe del Instituto Argentina Grande (IAG), en base al Instituto Nacional de Estad\u00edstica y Censos (INDEC) expuso la ca\u00edda en la cobertura m\u00e9dica en el pa\u00eds en un contexto de ca\u00edda del empleo y fuertes subas de las prepagas.<\/p>\n<p class=\"article-text\">Entre el cuarto trimestre de 2023 y el primer trimestre de 2026,\u00a0<strong>un total de 1.246.285 personas dejaron de tener cobertura m\u00e9dica privada<\/strong>, ya sea prepaga, obra social o mutual, y pasaron a depender exclusivamente del sistema de salud p\u00fablica.<\/p>\n<p class=\"article-text\">Desde el IAG puntualizan que este traspaso masivo de pacientes est\u00e1 ejerciendo una presi\u00f3n in\u00e9dita sobre los hospitales y centros de atenci\u00f3n estatales, cuyo peso poblacional aument\u00f3 sin excepci\u00f3n en todas las regiones del pa\u00eds.<\/p>\n<p class=\"article-text\">El reporte detall\u00f3 que el fen\u00f3meno se explica por una combinaci\u00f3n de desregulaci\u00f3n de precios y ca\u00edda del empleo formal. En relaci\u00f3n a los aumentos, precis\u00f3 que desde noviembre de 2023 hasta julio de 2026, las cuotas de las empresas de medicina prepaga\u00a0<strong>se dispararon un 475%<\/strong>, superando a la inflaci\u00f3n acumulada en el mismo per\u00edodo, que se ubic\u00f3 en un 329%.<\/p>\n<p class=\"article-text\">En cuanto al empleo, indic\u00f3 que desde la asunci\u00f3n del gobierno de Milei\u00a0<strong>se perdieron 241.746 puestos de trabajo.<\/strong>\u00a0La p\u00e9rdida de un empleo formal es inescindible de la crisis sanitaria, ya que interrumpe de forma inmediata la afiliaci\u00f3n a las obras sociales, desamparando tanto al trabajador como a todo su grupo familiar.<\/p>\n<p class=\"article-text\">La desvinculaci\u00f3n de las coberturas privadas tuvo en el Gran Buenos Aires (GBA) el principal epicentro en volumen de personas afectadas, mientras que el norte argentino se consolid\u00f3 como la zona con menor cobertura privada general.<\/p>\n<p class=\"article-text\">El impacto de las medidas se sinti\u00f3 con extrema fuerza en el conurbano, donde la poblaci\u00f3n sin cobertura de salud privada\u00a0<strong>creci\u00f3 un 21,4% en los partidos del GBA.\u00a0<\/strong>A nivel regional, el \u00c1rea Metropolitana pas\u00f3 de tener un 30,8% de su poblaci\u00f3n dependiente de la salud p\u00fablica a un 35,9%, sumando de forma neta a 904.131 personas al sistema p\u00fablico.<\/p>\n<p class=\"article-text\">El Noreste se posiciona como la regi\u00f3n con mayor vulnerabilidad sanitaria. All\u00ed, el 46,3% de los habitantes depende \u00fanicamente del hospital p\u00fablico (frente al 44,3% que registraba a fines de 2023). En t\u00e9rminos netos, se sumaron 40.716 personas a la dependencia estatal.<\/p>\n<p class=\"article-text\">En Cuyo, la poblaci\u00f3n dependiente del sector p\u00fablico salt\u00f3 del 34,3% al 38,0% (incorporando a 82.708 personas). Por su parte, la Patagonia escal\u00f3 del 21,5% al 23,4% (sumando 29.022 personas).<\/p>\n<p class=\"article-text\">La regi\u00f3n Pampeana registr\u00f3 una adici\u00f3n de 146.481 personas al sistema p\u00fablico (pasando de 30,2% a 32,0% de su poblaci\u00f3n), mientras que el Noroeste incorpor\u00f3 a 43.227 personas (alcanzando una tasa de dependencia p\u00fablica del 39,6%).<\/p>\n<p class=\"article-text\">Las ciudades m\u00e1s afectadas son Ushuaia &#8211; R\u00edo Grande, que encabeza el ranking nacional de crecimiento de poblaci\u00f3n sin cobertura m\u00e9dica privada con<strong>\u00a0un aumento del 47,1%.<\/strong>\u00a0Le siguen Viedma &#8211; Carmen de Patagones con un incremento del 40,1% y el Gran Catamarca con un alza del 21,8%.<\/p>\n<p class=\"article-text\">La p\u00e9rdida de la obra social, prepaga o mutual se dio de manera pr\u00e1cticamente sim\u00e9trica entre g\u00e9neros. En las mujeres,\u00a0<strong>un total de 624.948 perdieron su cobertura m\u00e9dica privada<\/strong>. De esta forma, la poblaci\u00f3n femenina que depende exclusivamente del hospital p\u00fablico aument\u00f3 un 13,35%, pasando de 4.682.237 a 5.307.185 entre fines de 2023 y principios de 2026.<\/p>\n<div id=\"container-after-news-outlook\"><\/div>\n<p class=\"article-text\">En paralelo,\u00a0<strong>621.337 hombres quedaron sin cobertura de salud privada.<\/strong>\u00a0Esto signific\u00f3 un incremento del 13,09%, elevando el n\u00famero de varones dependientes de la salud p\u00fablica de 4.745.894 a 5.367.231 en el mismo lapso.<\/p>\n<p class=\"article-text\">Con informaci\u00f3n de NA.<\/p>\n<\/div>\n<\/div>\n","protected":false},"excerpt":{"rendered":"<p>Entre el cuarto trimestre de 2023 y el primer trimestre de 2026, un total de 1.246.285 personas dejaron de tener cobertura m\u00e9dica privada, ya sea prepaga, obra social o mutual, y pasaron a depender exclusivamente del sistema de salud p\u00fablica. Este traspaso masivo de pacientes est\u00e1 ejerciendo una presi\u00f3n in\u00e9dita sobre los hospitales y centros [&hellip;]<\/p>\n","protected":false},"author":3,"featured_media":142935,"comment_status":"closed","ping_status":"closed","sticky":false,"template":"","format":"standard","meta":{"footnotes":""},"categories":[24,30],"tags":[],"class_list":["post-142934","post","type-post","status-publish","format-standard","has-post-thumbnail","hentry","category-politica","category-salud"],"yoast_head":"<!-- This site is optimized with the Yoast SEO plugin v25.9 - https:\/\/yoast.com\/wordpress\/plugins\/seo\/ -->\n<title>Ya son m\u00e1s de 1,2 millones los argentinos que perdieron su cobertura m\u00e9dica privada durante la gesti\u00f3n Milei - Noticias Radio Reflejos<\/title>\n<meta name=\"robots\" content=\"index, follow, max-snippet:-1, max-image-preview:large, max-video-preview:-1\" \/>\n<link rel=\"canonical\" href=\"https:\/\/www.noticiasradioreflejos.com.ar\/2021\/ya-son-mas-de-12-millones-los-argentinos-que-perdieron-su-cobertura-medica-privada-durante-la-gestion-milei\/\" \/>\n<meta property=\"og:locale\" content=\"es_ES\" \/>\n<meta property=\"og:type\" content=\"article\" \/>\n<meta property=\"og:title\" content=\"Ya son m\u00e1s de 1,2 millones los argentinos que perdieron su cobertura m\u00e9dica privada durante la gesti\u00f3n Milei - Noticias Radio Reflejos\" \/>\n<meta property=\"og:description\" content=\"Entre el cuarto trimestre de 2023 y el primer trimestre de 2026, un total de 1.246.285 personas dejaron de tener cobertura m\u00e9dica privada, ya sea prepaga, obra social o mutual, y pasaron a depender exclusivamente del sistema de salud p\u00fablica. Este traspaso masivo de pacientes est\u00e1 ejerciendo una presi\u00f3n in\u00e9dita sobre los hospitales y centros [&hellip;]\" \/>\n<meta property=\"og:url\" content=\"https:\/\/www.noticiasradioreflejos.com.ar\/2021\/ya-son-mas-de-12-millones-los-argentinos-que-perdieron-su-cobertura-medica-privada-durante-la-gestion-milei\/\" \/>\n<meta property=\"og:site_name\" content=\"Noticias Radio Reflejos\" \/>\n<meta property=\"article:published_time\" content=\"2026-09-02T10:28:19+00:00\" \/>\n<meta property=\"og:image\" content=\"https:\/\/www.noticiasradioreflejos.com.ar\/2021\/wp-content\/uploads\/2026\/09\/oftalmologo.webp\" \/>\n\t<meta property=\"og:image:width\" content=\"1200\" \/>\n\t<meta property=\"og:image:height\" content=\"675\" \/>\n\t<meta property=\"og:image:type\" content=\"image\/webp\" \/>\n<meta name=\"author\" content=\"Arnaldo Botto\" \/>\n<meta name=\"twitter:card\" content=\"summary_large_image\" \/>\n<script type=\"application\/ld+json\" class=\"yoast-schema-graph\">{\"@context\":\"https:\/\/schema.org\",\"@graph\":[{\"@type\":\"WebPage\",\"@id\":\"https:\/\/www.noticiasradioreflejos.com.ar\/2021\/ya-son-mas-de-12-millones-los-argentinos-que-perdieron-su-cobertura-medica-privada-durante-la-gestion-milei\/\",\"url\":\"https:\/\/www.noticiasradioreflejos.com.ar\/2021\/ya-son-mas-de-12-millones-los-argentinos-que-perdieron-su-cobertura-medica-privada-durante-la-gestion-milei\/\",\"name\":\"Ya son m\u00e1s de 1,2 millones los argentinos que perdieron su cobertura m\u00e9dica privada durante la gesti\u00f3n Milei - Noticias Radio Reflejos\",\"isPartOf\":{\"@id\":\"https:\/\/www.noticiasradioreflejos.com.ar\/2021\/#website\"},\"primaryImageOfPage\":{\"@id\":\"https:\/\/www.noticiasradioreflejos.com.ar\/2021\/ya-son-mas-de-12-millones-los-argentinos-que-perdieron-su-cobertura-medica-privada-durante-la-gestion-milei\/#primaryimage\"},\"image\":{\"@id\":\"https:\/\/www.noticiasradioreflejos.com.ar\/2021\/ya-son-mas-de-12-millones-los-argentinos-que-perdieron-su-cobertura-medica-privada-durante-la-gestion-milei\/#primaryimage\"},\"thumbnailUrl\":\"https:\/\/www.noticiasradioreflejos.com.ar\/2021\/wp-content\/uploads\/2026\/09\/oftalmologo.webp\",\"datePublished\":\"2026-09-02T10:28:19+00:00\",\"author\":{\"@id\":\"https:\/\/www.noticiasradioreflejos.com.ar\/2021\/#\/schema\/person\/ad82545263dcc5ec0996818884fd5fb1\"},\"breadcrumb\":{\"@id\":\"https:\/\/www.noticiasradioreflejos.com.ar\/2021\/ya-son-mas-de-12-millones-los-argentinos-que-perdieron-su-cobertura-medica-privada-durante-la-gestion-milei\/#breadcrumb\"},\"inLanguage\":\"es\",\"potentialAction\":[{\"@type\":\"ReadAction\",\"target\":[\"https:\/\/www.noticiasradioreflejos.com.ar\/2021\/ya-son-mas-de-12-millones-los-argentinos-que-perdieron-su-cobertura-medica-privada-durante-la-gestion-milei\/\"]}]},{\"@type\":\"ImageObject\",\"inLanguage\":\"es\",\"@id\":\"https:\/\/www.noticiasradioreflejos.com.ar\/2021\/ya-son-mas-de-12-millones-los-argentinos-que-perdieron-su-cobertura-medica-privada-durante-la-gestion-milei\/#primaryimage\",\"url\":\"https:\/\/www.noticiasradioreflejos.com.ar\/2021\/wp-content\/uploads\/2026\/09\/oftalmologo.webp\",\"contentUrl\":\"https:\/\/www.noticiasradioreflejos.com.ar\/2021\/wp-content\/uploads\/2026\/09\/oftalmologo.webp\",\"width\":1200,\"height\":675},{\"@type\":\"BreadcrumbList\",\"@id\":\"https:\/\/www.noticiasradioreflejos.com.ar\/2021\/ya-son-mas-de-12-millones-los-argentinos-que-perdieron-su-cobertura-medica-privada-durante-la-gestion-milei\/#breadcrumb\",\"itemListElement\":[{\"@type\":\"ListItem\",\"position\":1,\"name\":\"Portada\",\"item\":\"https:\/\/www.noticiasradioreflejos.com.ar\/2021\/\"},{\"@type\":\"ListItem\",\"position\":2,\"name\":\"Ya son m\u00e1s de 1,2 millones los argentinos que perdieron su cobertura m\u00e9dica privada durante la gesti\u00f3n Milei\"}]},{\"@type\":\"WebSite\",\"@id\":\"https:\/\/www.noticiasradioreflejos.com.ar\/2021\/#website\",\"url\":\"https:\/\/www.noticiasradioreflejos.com.ar\/2021\/\",\"name\":\"Noticias Radio Reflejos\",\"description\":\"Las noticias de mi comarca\",\"potentialAction\":[{\"@type\":\"SearchAction\",\"target\":{\"@type\":\"EntryPoint\",\"urlTemplate\":\"https:\/\/www.noticiasradioreflejos.com.ar\/2021\/?s={search_term_string}\"},\"query-input\":{\"@type\":\"PropertyValueSpecification\",\"valueRequired\":true,\"valueName\":\"search_term_string\"}}],\"inLanguage\":\"es\"},{\"@type\":\"Person\",\"@id\":\"https:\/\/www.noticiasradioreflejos.com.ar\/2021\/#\/schema\/person\/ad82545263dcc5ec0996818884fd5fb1\",\"name\":\"Arnaldo Botto\",\"image\":{\"@type\":\"ImageObject\",\"inLanguage\":\"es\",\"@id\":\"https:\/\/www.noticiasradioreflejos.com.ar\/2021\/#\/schema\/person\/image\/\",\"url\":\"https:\/\/secure.gravatar.com\/avatar\/55cb5e37c1efa326397366e6974cb338056df65cb50e7d64d1cf314e87504837?s=96&d=mm&r=g\",\"contentUrl\":\"https:\/\/secure.gravatar.com\/avatar\/55cb5e37c1efa326397366e6974cb338056df65cb50e7d64d1cf314e87504837?s=96&d=mm&r=g\",\"caption\":\"Arnaldo Botto\"},\"url\":\"https:\/\/www.noticiasradioreflejos.com.ar\/2021\/author\/arnaldo\/\"}]}<\/script>\n<!-- \/ Yoast SEO plugin. -->","yoast_head_json":{"title":"Ya son m\u00e1s de 1,2 millones los argentinos que perdieron su cobertura m\u00e9dica privada durante la gesti\u00f3n Milei - Noticias Radio Reflejos","robots":{"index":"index","follow":"follow","max-snippet":"max-snippet:-1","max-image-preview":"max-image-preview:large","max-video-preview":"max-video-preview:-1"},"canonical":"https:\/\/www.noticiasradioreflejos.com.ar\/2021\/ya-son-mas-de-12-millones-los-argentinos-que-perdieron-su-cobertura-medica-privada-durante-la-gestion-milei\/","og_locale":"es_ES","og_type":"article","og_title":"Ya son m\u00e1s de 1,2 millones los argentinos que perdieron su cobertura m\u00e9dica privada durante la gesti\u00f3n Milei - Noticias Radio Reflejos","og_description":"Entre el cuarto trimestre de 2023 y el primer trimestre de 2026, un total de 1.246.285 personas dejaron de tener cobertura m\u00e9dica privada, ya sea prepaga, obra social o mutual, y pasaron a depender exclusivamente del sistema de salud p\u00fablica. Este traspaso masivo de pacientes est\u00e1 ejerciendo una presi\u00f3n in\u00e9dita sobre los hospitales y centros [&hellip;]","og_url":"https:\/\/www.noticiasradioreflejos.com.ar\/2021\/ya-son-mas-de-12-millones-los-argentinos-que-perdieron-su-cobertura-medica-privada-durante-la-gestion-milei\/","og_site_name":"Noticias Radio Reflejos","article_published_time":"2026-09-02T10:28:19+00:00","og_image":[{"width":1200,"height":675,"url":"https:\/\/www.noticiasradioreflejos.com.ar\/2021\/wp-content\/uploads\/2026\/09\/oftalmologo.webp","type":"image\/webp"}],"author":"Arnaldo Botto","twitter_card":"summary_large_image","schema":{"@context":"https:\/\/schema.org","@graph":[{"@type":"WebPage","@id":"https:\/\/www.noticiasradioreflejos.com.ar\/2021\/ya-son-mas-de-12-millones-los-argentinos-que-perdieron-su-cobertura-medica-privada-durante-la-gestion-milei\/","url":"https:\/\/www.noticiasradioreflejos.com.ar\/2021\/ya-son-mas-de-12-millones-los-argentinos-que-perdieron-su-cobertura-medica-privada-durante-la-gestion-milei\/","name":"Ya son m\u00e1s de 1,2 millones los argentinos que perdieron su cobertura m\u00e9dica privada durante la gesti\u00f3n Milei - Noticias Radio Reflejos","isPartOf":{"@id":"https:\/\/www.noticiasradioreflejos.com.ar\/2021\/#website"},"primaryImageOfPage":{"@id":"https:\/\/www.noticiasradioreflejos.com.ar\/2021\/ya-son-mas-de-12-millones-los-argentinos-que-perdieron-su-cobertura-medica-privada-durante-la-gestion-milei\/#primaryimage"},"image":{"@id":"https:\/\/www.noticiasradioreflejos.com.ar\/2021\/ya-son-mas-de-12-millones-los-argentinos-que-perdieron-su-cobertura-medica-privada-durante-la-gestion-milei\/#primaryimage"},"thumbnailUrl":"https:\/\/www.noticiasradioreflejos.com.ar\/2021\/wp-content\/uploads\/2026\/09\/oftalmologo.webp","datePublished":"2026-09-02T10:28:19+00:00","author":{"@id":"https:\/\/www.noticiasradioreflejos.com.ar\/2021\/#\/schema\/person\/ad82545263dcc5ec0996818884fd5fb1"},"breadcrumb":{"@id":"https:\/\/www.noticiasradioreflejos.com.ar\/2021\/ya-son-mas-de-12-millones-los-argentinos-que-perdieron-su-cobertura-medica-privada-durante-la-gestion-milei\/#breadcrumb"},"inLanguage":"es","potentialAction":[{"@type":"ReadAction","target":["https:\/\/www.noticiasradioreflejos.com.ar\/2021\/ya-son-mas-de-12-millones-los-argentinos-que-perdieron-su-cobertura-medica-privada-durante-la-gestion-milei\/"]}]},{"@type":"ImageObject","inLanguage":"es","@id":"https:\/\/www.noticiasradioreflejos.com.ar\/2021\/ya-son-mas-de-12-millones-los-argentinos-que-perdieron-su-cobertura-medica-privada-durante-la-gestion-milei\/#primaryimage","url":"https:\/\/www.noticiasradioreflejos.com.ar\/2021\/wp-content\/uploads\/2026\/09\/oftalmologo.webp","contentUrl":"https:\/\/www.noticiasradioreflejos.com.ar\/2021\/wp-content\/uploads\/2026\/09\/oftalmologo.webp","width":1200,"height":675},{"@type":"BreadcrumbList","@id":"https:\/\/www.noticiasradioreflejos.com.ar\/2021\/ya-son-mas-de-12-millones-los-argentinos-que-perdieron-su-cobertura-medica-privada-durante-la-gestion-milei\/#breadcrumb","itemListElement":[{"@type":"ListItem","position":1,"name":"Portada","item":"https:\/\/www.noticiasradioreflejos.com.ar\/2021\/"},{"@type":"ListItem","position":2,"name":"Ya son m\u00e1s de 1,2 millones los argentinos que perdieron su cobertura m\u00e9dica privada durante la gesti\u00f3n Milei"}]},{"@type":"WebSite","@id":"https:\/\/www.noticiasradioreflejos.com.ar\/2021\/#website","url":"https:\/\/www.noticiasradioreflejos.com.ar\/2021\/","name":"Noticias Radio Reflejos","description":"Las noticias de mi comarca","potentialAction":[{"@type":"SearchAction","target":{"@type":"EntryPoint","urlTemplate":"https:\/\/www.noticiasradioreflejos.com.ar\/2021\/?s={search_term_string}"},"query-input":{"@type":"PropertyValueSpecification","valueRequired":true,"valueName":"search_term_string"}}],"inLanguage":"es"},{"@type":"Person","@id":"https:\/\/www.noticiasradioreflejos.com.ar\/2021\/#\/schema\/person\/ad82545263dcc5ec0996818884fd5fb1","name":"Arnaldo Botto","image":{"@type":"ImageObject","inLanguage":"es","@id":"https:\/\/www.noticiasradioreflejos.com.ar\/2021\/#\/schema\/person\/image\/","url":"https:\/\/secure.gravatar.com\/avatar\/55cb5e37c1efa326397366e6974cb338056df65cb50e7d64d1cf314e87504837?s=96&d=mm&r=g","contentUrl":"https:\/\/secure.gravatar.com\/avatar\/55cb5e37c1efa326397366e6974cb338056df65cb50e7d64d1cf314e87504837?s=96&d=mm&r=g","caption":"Arnaldo Botto"},"url":"https:\/\/www.noticiasradioreflejos.com.ar\/2021\/author\/arnaldo\/"}]}},"_links":{"self":[{"href":"https:\/\/www.noticiasradioreflejos.com.ar\/2021\/wp-json\/wp\/v2\/posts\/142934","targetHints":{"allow":["GET"]}}],"collection":[{"href":"https:\/\/www.noticiasradioreflejos.com.ar\/2021\/wp-json\/wp\/v2\/posts"}],"about":[{"href":"https:\/\/www.noticiasradioreflejos.com.ar\/2021\/wp-json\/wp\/v2\/types\/post"}],"author":[{"embeddable":true,"href":"https:\/\/www.noticiasradioreflejos.com.ar\/2021\/wp-json\/wp\/v2\/users\/3"}],"replies":[{"embeddable":true,"href":"https:\/\/www.noticiasradioreflejos.com.ar\/2021\/wp-json\/wp\/v2\/comments?post=142934"}],"version-history":[{"count":1,"href":"https:\/\/www.noticiasradioreflejos.com.ar\/2021\/wp-json\/wp\/v2\/posts\/142934\/revisions"}],"predecessor-version":[{"id":142936,"href":"https:\/\/www.noticiasradioreflejos.com.ar\/2021\/wp-json\/wp\/v2\/posts\/142934\/revisions\/142936"}],"wp:featuredmedia":[{"embeddable":true,"href":"https:\/\/www.noticiasradioreflejos.com.ar\/2021\/wp-json\/wp\/v2\/media\/142935"}],"wp:attachment":[{"href":"https:\/\/www.noticiasradioreflejos.com.ar\/2021\/wp-json\/wp\/v2\/media?parent=142934"}],"wp:term":[{"taxonomy":"category","embeddable":true,"href":"https:\/\/www.noticiasradioreflejos.com.ar\/2021\/wp-json\/wp\/v2\/categories?post=142934"},{"taxonomy":"post_tag","embeddable":true,"href":"https:\/\/www.noticiasradioreflejos.com.ar\/2021\/wp-json\/wp\/v2\/tags?post=142934"}],"curies":[{"name":"wp","href":"https:\/\/api.w.org\/{rel}","templated":true}]}}