{"id":142931,"date":"2026-09-02T07:24:54","date_gmt":"2026-09-02T10:24:54","guid":{"rendered":"https:\/\/www.noticiasradioreflejos.com.ar\/2021\/?p=142931"},"modified":"2026-09-02T07:24:54","modified_gmt":"2026-09-02T10:24:54","slug":"dia-de-la-industria-en-argentina-por-que-se-celebra-el-2-de-septiembre","status":"publish","type":"post","link":"https:\/\/www.noticiasradioreflejos.com.ar\/2021\/dia-de-la-industria-en-argentina-por-que-se-celebra-el-2-de-septiembre\/","title":{"rendered":"D\u00eda de la Industria en Argentina: \u00bfpor qu\u00e9 se celebra el 2 de septiembre?"},"content":{"rendered":"<p>Se celebra en Argentina el D\u00eda de la Industria, una fecha que recuerda la primera exportaci\u00f3n registrada oficialmente en el pa\u00eds y que permite repasar la evoluci\u00f3n de un sector clave para la econom\u00eda nacional. Desde las primeras actividades manufactureras hasta la industria tecnol\u00f3gica, el sector atraves\u00f3 profundas transformaciones y contin\u00faa siendo uno de los motores de la producci\u00f3n y el empleo.<!--more--><\/p>\n<p>Cada\u00a0<strong>2 de septiembre<\/strong>, Argentina conmemora el\u00a0<strong>D\u00eda de la Industria<\/strong>, una fecha que tiene su origen en un episodio ocurrido durante el per\u00edodo colonial y que, con el paso del tiempo, se convirti\u00f3 en una jornada para reconocer el aporte de la actividad industrial al desarrollo econ\u00f3mico del pa\u00eds.<\/p>\n<p class=\"article-text\">La elecci\u00f3n del d\u00eda est\u00e1 relacionada con un hecho ocurrido el\u00a0<strong>2 de septiembre de 1587<\/strong>, cuando desde el puerto de Buenos Aires parti\u00f3 hacia Brasil una embarcaci\u00f3n considerada protagonista de la primera exportaci\u00f3n registrada oficialmente en la historia argentina.<\/p>\n<p class=\"article-text\">El episodio suele ser se\u00f1alado como un antecedente temprano del comercio exterior y de una actividad productiva que, siglos despu\u00e9s, adquirir\u00eda una enorme importancia para la econom\u00eda nacional.<\/p>\n<h2 class=\"article-text\">\u00bfPor qu\u00e9 se celebra el D\u00eda de la Industria el 2 de septiembre?<\/h2>\n<p class=\"article-text\">La fecha recuerda la partida del buque\u00a0<strong>San Antonio<\/strong>, que transport\u00f3 productos elaborados en el territorio del entonces Virreinato del Per\u00fa hacia Brasil.<\/p>\n<p class=\"article-text\">La carga estaba compuesta principalmente por tejidos y productos textiles, elaborados en Santiago del Estero, una de las regiones que en aquella \u00e9poca desarrollaban actividades productivas vinculadas con la fabricaci\u00f3n de bienes.<\/p>\n<p class=\"article-text\">El env\u00edo tuvo como destino Brasil y es considerado tradicionalmente la primera exportaci\u00f3n registrada desde el territorio argentino.<\/p>\n<p class=\"article-text\">Por ese motivo, el 2 de septiembre qued\u00f3 asociado al comienzo de una historia productiva que posteriormente atravesar\u00eda diferentes etapas, desde las actividades artesanales y manufactureras hasta el desarrollo de grandes industrias.<\/p>\n<h2 class=\"article-text\">Una exportaci\u00f3n que marc\u00f3 un antecedente<\/h2>\n<p class=\"article-text\">En el siglo XVI, la econom\u00eda del territorio estaba organizada alrededor de las necesidades del sistema colonial espa\u00f1ol.<\/p>\n<p class=\"article-text\">La producci\u00f3n de bienes no ten\u00eda todav\u00eda las caracter\u00edsticas de la industria moderna. Exist\u00edan talleres, manufacturas y actividades artesanales que abastec\u00edan los mercados locales y regionales.<\/p>\n<p class=\"article-text\">Los tejidos elaborados en Santiago del Estero formaban parte de esa producci\u00f3n.<\/p>\n<p class=\"article-text\">La posibilidad de enviar esos productos hacia otros territorios represent\u00f3 un antecedente de la actividad exportadora y permite observar que, incluso en los primeros siglos de la historia argentina, exist\u00edan capacidades productivas orientadas m\u00e1s all\u00e1 del consumo local.<\/p>\n<h2 class=\"article-text\">Del trabajo artesanal a la industria moderna<\/h2>\n<p class=\"article-text\">El concepto de industria fue cambiando radicalmente a lo largo de los siglos.<\/p>\n<p class=\"article-text\">Durante buena parte del per\u00edodo colonial, la producci\u00f3n depend\u00eda principalmente del trabajo artesanal y de peque\u00f1as unidades productivas.<\/p>\n<p class=\"article-text\">Con la llegada de la Revoluci\u00f3n Industrial, iniciada en Gran Breta\u00f1a durante el siglo XVIII, el mundo comenz\u00f3 a experimentar una transformaci\u00f3n profunda: las m\u00e1quinas, las f\u00e1bricas y la producci\u00f3n en grandes cantidades modificaron las formas tradicionales de fabricar bienes.<\/p>\n<p class=\"article-text\">Argentina atraves\u00f3 ese proceso de manera particular. Durante el siglo XIX, la econom\u00eda nacional estuvo fuertemente vinculada con la producci\u00f3n agropecuaria y la exportaci\u00f3n de materias primas, aunque progresivamente comenzaron a desarrollarse actividades manufactureras destinadas a abastecer un mercado interno en crecimiento.<\/p>\n<h2 class=\"article-text\">La llegada de nuevas industrias<\/h2>\n<p class=\"article-text\">A medida que crecieron las ciudades y aument\u00f3 la poblaci\u00f3n, tambi\u00e9n se expandi\u00f3 la demanda de productos elaborados.<\/p>\n<p class=\"article-text\">Alimentos, bebidas, textiles, calzado, productos metal\u00fargicos y otras actividades comenzaron a desarrollar estructuras industriales m\u00e1s importantes.<\/p>\n<p class=\"article-text\">La inmigraci\u00f3n europea tambi\u00e9n tuvo influencia en este proceso, ya que muchos inmigrantes llegaron al pa\u00eds con conocimientos t\u00e9cnicos y experiencias laborales que contribuyeron al desarrollo de talleres, comercios y emprendimientos productivos.<\/p>\n<p class=\"article-text\">Buenos Aires y otras ciudades se convirtieron progresivamente en importantes centros de actividad manufacturera.<\/p>\n<h2 class=\"article-text\">La industria y el crecimiento del mercado interno<\/h2>\n<p class=\"article-text\">Durante el siglo XX, la industria argentina adquiri\u00f3 un peso cada vez mayor.<\/p>\n<p class=\"article-text\">El crecimiento del mercado interno favoreci\u00f3 la expansi\u00f3n de sectores vinculados con la alimentaci\u00f3n, los textiles, la metalurgia, la qu\u00edmica y la producci\u00f3n de bienes de consumo.<\/p>\n<p class=\"article-text\">La industria tambi\u00e9n comenz\u00f3 a generar una importante cantidad de puestos de trabajo y a transformar la estructura social de las ciudades.<\/p>\n<p class=\"article-text\">El desarrollo industrial estuvo acompa\u00f1ado por la aparici\u00f3n de nuevas f\u00e1bricas, barrios obreros y organizaciones sindicales.<\/p>\n<p class=\"article-text\">De esta manera, la industria pas\u00f3 a ocupar un lugar central no solamente en la econom\u00eda, sino tambi\u00e9n en la vida social y laboral del pa\u00eds.<\/p>\n<h2 class=\"article-text\">La industrializaci\u00f3n por sustituci\u00f3n de importaciones<\/h2>\n<p class=\"article-text\">Uno de los per\u00edodos m\u00e1s importantes de la historia industrial argentina estuvo relacionado con el modelo conocido como industrializaci\u00f3n por sustituci\u00f3n de importaciones.<\/p>\n<p class=\"article-text\">La estrategia buscaba producir dentro del pa\u00eds bienes que anteriormente eran adquiridos en el exterior.<\/p>\n<p class=\"article-text\">Las dificultades para importar productos durante diferentes per\u00edodos internacionales favorecieron la expansi\u00f3n de industrias nacionales.<\/p>\n<p class=\"article-text\">Sectores como el automotor, la metalurgia, la industria qu\u00edmica, los electrodom\u00e9sticos y otros bienes de consumo adquirieron mayor relevancia.<\/p>\n<p class=\"article-text\">El modelo permiti\u00f3 ampliar la capacidad productiva y generar empleo industrial, aunque tambi\u00e9n estuvo acompa\u00f1ado por dificultades relacionadas con la disponibilidad de tecnolog\u00eda, divisas y bienes de capital.<\/p>\n<figure><picture class=\"news-image\"><source srcset=\"https:\/\/static.eldiario.es\/clip\/36cdf4fe-4d12-41a6-a46a-d51d78ec4ad1_16-9-discover-aspect-ratio_50p_0.webp\" type=\"image\/webp\" media=\"(max-width: 576px)\" \/><source srcset=\"https:\/\/static.eldiario.es\/clip\/36cdf4fe-4d12-41a6-a46a-d51d78ec4ad1_16-9-discover-aspect-ratio_50p_0.jpg\" type=\"image\/jpg\" media=\"(max-width: 576px)\" \/><source srcset=\"https:\/\/static.eldiario.es\/clip\/36cdf4fe-4d12-41a6-a46a-d51d78ec4ad1_16-9-discover-aspect-ratio_75p_0.webp\" type=\"image\/webp\" media=\"(max-width: 767px)\" \/><source srcset=\"https:\/\/static.eldiario.es\/clip\/36cdf4fe-4d12-41a6-a46a-d51d78ec4ad1_16-9-discover-aspect-ratio_75p_0.jpg\" type=\"image\/jpg\" media=\"(max-width: 767px)\" \/><source srcset=\"https:\/\/static.eldiario.es\/clip\/36cdf4fe-4d12-41a6-a46a-d51d78ec4ad1_16-9-discover-aspect-ratio_default_0.webp\" type=\"image\/webp\" media=\"(min-width: 768px)\" \/><source srcset=\"https:\/\/static.eldiario.es\/clip\/36cdf4fe-4d12-41a6-a46a-d51d78ec4ad1_16-9-discover-aspect-ratio_default_0.jpg\" type=\"image\/jpg\" media=\"(min-width: 768px)\" \/><source srcset=\"https:\/\/static.eldiario.es\/clip\/36cdf4fe-4d12-41a6-a46a-d51d78ec4ad1_16-9-discover-aspect-ratio_default_0.webp\" type=\"image\/webp\" \/><img decoding=\"async\" class=\"lazy entered loaded\" src=\"https:\/\/static.eldiario.es\/clip\/36cdf4fe-4d12-41a6-a46a-d51d78ec4ad1_16-9-discover-aspect-ratio_default_0.jpg\" alt=\"\" data-src=\"https:\/\/static.eldiario.es\/clip\/36cdf4fe-4d12-41a6-a46a-d51d78ec4ad1_16-9-discover-aspect-ratio_default_0.jpg\" data-ll-status=\"loaded\" \/><\/picture><\/figure>\n<h2 class=\"article-text\">La industria automotriz y su importancia<\/h2>\n<p class=\"article-text\">La industria automotriz se convirti\u00f3 en uno de los sectores emblem\u00e1ticos de la producci\u00f3n argentina.<\/p>\n<p class=\"article-text\">La instalaci\u00f3n de f\u00e1bricas y el desarrollo de proveedores locales generaron una extensa cadena productiva que incluye autopartes, transporte, servicios y log\u00edstica.<\/p>\n<p class=\"article-text\">La producci\u00f3n de veh\u00edculos tambi\u00e9n impuls\u00f3 la formaci\u00f3n de trabajadores especializados y contribuy\u00f3 al desarrollo de diferentes regiones del pa\u00eds.<\/p>\n<p class=\"article-text\">Con el paso de las d\u00e9cadas, el sector atraves\u00f3 per\u00edodos de expansi\u00f3n y crisis, pero contin\u00faa siendo una actividad relevante dentro de la estructura industrial argentina.<\/p>\n<h2 class=\"article-text\">Los desaf\u00edos de la industria argentina<\/h2>\n<p class=\"article-text\">La historia industrial del pa\u00eds tambi\u00e9n estuvo marcada por diferentes dificultades.<\/p>\n<p class=\"article-text\">Inflaci\u00f3n, crisis econ\u00f3micas, cambios en las pol\u00edticas comerciales, restricciones externas, dificultades para acceder a financiamiento y modificaciones en los costos de producci\u00f3n fueron algunos de los factores que afectaron al sector en diferentes momentos.<\/p>\n<p class=\"article-text\">A esto se sum\u00f3 la transformaci\u00f3n tecnol\u00f3gica mundial.<\/p>\n<p class=\"article-text\">Las industrias tuvieron que incorporar nuevas m\u00e1quinas, automatizaci\u00f3n y sistemas digitales para mantener su competitividad.<\/p>\n<p class=\"article-text\">La adaptaci\u00f3n tecnol\u00f3gica se convirti\u00f3 as\u00ed en una condici\u00f3n cada vez m\u00e1s importante para las empresas.<\/p>\n<h2 class=\"article-text\">La industria en la era tecnol\u00f3gica<\/h2>\n<p class=\"article-text\">La industria actual es muy diferente de aquella que funcionaba hace un siglo.<\/p>\n<p class=\"article-text\">La incorporaci\u00f3n de rob\u00f3tica, inteligencia artificial, automatizaci\u00f3n, sensores y an\u00e1lisis de datos est\u00e1 modificando los procesos productivos.<\/p>\n<p class=\"article-text\">Las f\u00e1bricas modernas pueden monitorear m\u00e1quinas en tiempo real, detectar fallas antes de que ocurran y optimizar el uso de materias primas y energ\u00eda.<\/p>\n<p class=\"article-text\">La llamada Industria 4.0 representa justamente esta nueva etapa, caracterizada por la integraci\u00f3n entre tecnolog\u00eda digital y producci\u00f3n industrial.<\/p>\n<p class=\"article-text\">Argentina tambi\u00e9n participa de este proceso, aunque enfrenta el desaf\u00edo de ampliar las inversiones y la capacitaci\u00f3n necesarias para que las empresas puedan incorporar estas herramientas.<\/p>\n<h2 class=\"article-text\">El papel de las peque\u00f1as y medianas empresas<\/h2>\n<p class=\"article-text\">Las PyMEs industriales tienen un papel fundamental dentro de la econom\u00eda argentina.<\/p>\n<p class=\"article-text\">Muchas empresas familiares y emprendimientos peque\u00f1os y medianos participan de cadenas productivas que abastecen a compa\u00f1\u00edas m\u00e1s grandes o directamente producen para el mercado interno y externo.<\/p>\n<p class=\"article-text\">Su importancia no se limita al volumen de producci\u00f3n. Tambi\u00e9n son una fuente significativa de empleo y actividad econ\u00f3mica en distintas regiones.<\/p>\n<p class=\"article-text\">Por eso, el futuro de la industria argentina no depende solamente de las grandes f\u00e1bricas, sino tambi\u00e9n de la capacidad de las peque\u00f1as y medianas empresas para invertir, innovar y sostenerse en el tiempo.<\/p>\n<h2 class=\"article-text\">Industria, empleo y desarrollo<\/h2>\n<p class=\"article-text\">La industria tiene una caracter\u00edstica que la diferencia de otras actividades econ\u00f3micas: genera cadenas productivas.<\/p>\n<p class=\"article-text\">Una f\u00e1brica no solamente necesita trabajadores para producir. Tambi\u00e9n requiere proveedores de materias primas, transporte, servicios, mantenimiento, log\u00edstica, tecnolog\u00eda y diferentes actividades complementarias.<\/p>\n<p class=\"article-text\">Por eso, el crecimiento de una industria puede tener efectos sobre numerosos sectores de la econom\u00eda.<\/p>\n<p class=\"article-text\">El desarrollo industrial tambi\u00e9n puede contribuir a diversificar la matriz productiva de un pa\u00eds y reducir la dependencia exclusiva de la exportaci\u00f3n de materias primas.<\/p>\n<h2 class=\"article-text\">Una fecha para mirar hacia el futuro<\/h2>\n<p class=\"article-text\">El\u00a0<strong>D\u00eda de la Industria en Argentina<\/strong>, que se celebra cada\u00a0<strong>2 de septiembre<\/strong>, permite recuperar una historia que comenz\u00f3 mucho antes de la existencia de las f\u00e1bricas modernas.<\/p>\n<p class=\"article-text\">Aquel env\u00edo de tejidos desde el territorio hacia Brasil en 1587 constituye un antecedente de una actividad productiva y comercial que atraves\u00f3 siglos de transformaciones.<\/p>\n<p class=\"article-text\">Desde los talleres artesanales hasta las plantas automatizadas, la industria argentina cambi\u00f3 sus tecnolog\u00edas, sus formas de producci\u00f3n y los bienes que fabrica.<\/p>\n<p class=\"article-text\">Sin embargo, mantiene un papel central en la econom\u00eda:\u00a0<strong>transformar materias primas, generar empleo, incorporar tecnolog\u00eda y agregar valor a la producci\u00f3n<\/strong>.<\/p>\n<p class=\"article-text\">En un escenario global marcado por la innovaci\u00f3n tecnol\u00f3gica, la transici\u00f3n energ\u00e9tica y nuevas formas de comercio internacional, el desaf\u00edo para la industria argentina es seguir adapt\u00e1ndose sin perder capacidad productiva.<\/p>\n<div id=\"container-after-news-outlook\"><\/div>\n<p class=\"article-text\">Cada\u00a0<strong>2 de septiembre<\/strong>, entonces, no se conmemora solamente un episodio ocurrido hace m\u00e1s de cuatro siglos. Tambi\u00e9n se reconoce una actividad que contin\u00faa siendo fundamental para pensar el desarrollo econ\u00f3mico del pa\u00eds y su capacidad para producir, innovar y competir en el mundo.<\/p>\n<p class=\"article-text\"><em>NB<\/em><\/p>\n","protected":false},"excerpt":{"rendered":"<p>Se celebra en Argentina el D\u00eda de la Industria, una fecha que recuerda la primera exportaci\u00f3n registrada oficialmente en el pa\u00eds y que permite repasar la evoluci\u00f3n de un sector clave para la econom\u00eda nacional. Desde las primeras actividades manufactureras hasta la industria tecnol\u00f3gica, el sector atraves\u00f3 profundas transformaciones y contin\u00faa siendo uno de los [&hellip;]<\/p>\n","protected":false},"author":3,"featured_media":142932,"comment_status":"closed","ping_status":"closed","sticky":false,"template":"","format":"standard","meta":{"footnotes":""},"categories":[26],"tags":[],"class_list":["post-142931","post","type-post","status-publish","format-standard","has-post-thumbnail","hentry","category-sociedad"],"yoast_head":"<!-- This site is optimized with the Yoast SEO plugin v25.9 - https:\/\/yoast.com\/wordpress\/plugins\/seo\/ -->\n<title>D\u00eda de la Industria en Argentina: \u00bfpor qu\u00e9 se celebra el 2 de septiembre? - Noticias Radio Reflejos<\/title>\n<meta name=\"robots\" content=\"index, follow, max-snippet:-1, max-image-preview:large, max-video-preview:-1\" \/>\n<link rel=\"canonical\" href=\"https:\/\/www.noticiasradioreflejos.com.ar\/2021\/dia-de-la-industria-en-argentina-por-que-se-celebra-el-2-de-septiembre\/\" \/>\n<meta property=\"og:locale\" content=\"es_ES\" \/>\n<meta property=\"og:type\" content=\"article\" \/>\n<meta property=\"og:title\" content=\"D\u00eda de la Industria en Argentina: \u00bfpor qu\u00e9 se celebra el 2 de septiembre? - Noticias Radio Reflejos\" \/>\n<meta property=\"og:description\" content=\"Se celebra en Argentina el D\u00eda de la Industria, una fecha que recuerda la primera exportaci\u00f3n registrada oficialmente en el pa\u00eds y que permite repasar la evoluci\u00f3n de un sector clave para la econom\u00eda nacional. Desde las primeras actividades manufactureras hasta la industria tecnol\u00f3gica, el sector atraves\u00f3 profundas transformaciones y contin\u00faa siendo uno de los [&hellip;]\" \/>\n<meta property=\"og:url\" content=\"https:\/\/www.noticiasradioreflejos.com.ar\/2021\/dia-de-la-industria-en-argentina-por-que-se-celebra-el-2-de-septiembre\/\" \/>\n<meta property=\"og:site_name\" content=\"Noticias Radio Reflejos\" \/>\n<meta property=\"article:published_time\" content=\"2026-09-02T10:24:54+00:00\" \/>\n<meta property=\"og:image\" content=\"https:\/\/www.noticiasradioreflejos.com.ar\/2021\/wp-content\/uploads\/2026\/09\/industria.webp\" \/>\n\t<meta property=\"og:image:width\" content=\"1200\" \/>\n\t<meta property=\"og:image:height\" content=\"675\" \/>\n\t<meta property=\"og:image:type\" content=\"image\/webp\" \/>\n<meta name=\"author\" content=\"Arnaldo Botto\" \/>\n<meta name=\"twitter:card\" content=\"summary_large_image\" \/>\n<script type=\"application\/ld+json\" class=\"yoast-schema-graph\">{\"@context\":\"https:\/\/schema.org\",\"@graph\":[{\"@type\":\"WebPage\",\"@id\":\"https:\/\/www.noticiasradioreflejos.com.ar\/2021\/dia-de-la-industria-en-argentina-por-que-se-celebra-el-2-de-septiembre\/\",\"url\":\"https:\/\/www.noticiasradioreflejos.com.ar\/2021\/dia-de-la-industria-en-argentina-por-que-se-celebra-el-2-de-septiembre\/\",\"name\":\"D\u00eda de la Industria en Argentina: \u00bfpor qu\u00e9 se celebra el 2 de septiembre? - Noticias Radio Reflejos\",\"isPartOf\":{\"@id\":\"https:\/\/www.noticiasradioreflejos.com.ar\/2021\/#website\"},\"primaryImageOfPage\":{\"@id\":\"https:\/\/www.noticiasradioreflejos.com.ar\/2021\/dia-de-la-industria-en-argentina-por-que-se-celebra-el-2-de-septiembre\/#primaryimage\"},\"image\":{\"@id\":\"https:\/\/www.noticiasradioreflejos.com.ar\/2021\/dia-de-la-industria-en-argentina-por-que-se-celebra-el-2-de-septiembre\/#primaryimage\"},\"thumbnailUrl\":\"https:\/\/www.noticiasradioreflejos.com.ar\/2021\/wp-content\/uploads\/2026\/09\/industria.webp\",\"datePublished\":\"2026-09-02T10:24:54+00:00\",\"author\":{\"@id\":\"https:\/\/www.noticiasradioreflejos.com.ar\/2021\/#\/schema\/person\/ad82545263dcc5ec0996818884fd5fb1\"},\"breadcrumb\":{\"@id\":\"https:\/\/www.noticiasradioreflejos.com.ar\/2021\/dia-de-la-industria-en-argentina-por-que-se-celebra-el-2-de-septiembre\/#breadcrumb\"},\"inLanguage\":\"es\",\"potentialAction\":[{\"@type\":\"ReadAction\",\"target\":[\"https:\/\/www.noticiasradioreflejos.com.ar\/2021\/dia-de-la-industria-en-argentina-por-que-se-celebra-el-2-de-septiembre\/\"]}]},{\"@type\":\"ImageObject\",\"inLanguage\":\"es\",\"@id\":\"https:\/\/www.noticiasradioreflejos.com.ar\/2021\/dia-de-la-industria-en-argentina-por-que-se-celebra-el-2-de-septiembre\/#primaryimage\",\"url\":\"https:\/\/www.noticiasradioreflejos.com.ar\/2021\/wp-content\/uploads\/2026\/09\/industria.webp\",\"contentUrl\":\"https:\/\/www.noticiasradioreflejos.com.ar\/2021\/wp-content\/uploads\/2026\/09\/industria.webp\",\"width\":1200,\"height\":675},{\"@type\":\"BreadcrumbList\",\"@id\":\"https:\/\/www.noticiasradioreflejos.com.ar\/2021\/dia-de-la-industria-en-argentina-por-que-se-celebra-el-2-de-septiembre\/#breadcrumb\",\"itemListElement\":[{\"@type\":\"ListItem\",\"position\":1,\"name\":\"Portada\",\"item\":\"https:\/\/www.noticiasradioreflejos.com.ar\/2021\/\"},{\"@type\":\"ListItem\",\"position\":2,\"name\":\"D\u00eda de la Industria en Argentina: \u00bfpor qu\u00e9 se celebra el 2 de septiembre?\"}]},{\"@type\":\"WebSite\",\"@id\":\"https:\/\/www.noticiasradioreflejos.com.ar\/2021\/#website\",\"url\":\"https:\/\/www.noticiasradioreflejos.com.ar\/2021\/\",\"name\":\"Noticias Radio Reflejos\",\"description\":\"Las noticias de mi comarca\",\"potentialAction\":[{\"@type\":\"SearchAction\",\"target\":{\"@type\":\"EntryPoint\",\"urlTemplate\":\"https:\/\/www.noticiasradioreflejos.com.ar\/2021\/?s={search_term_string}\"},\"query-input\":{\"@type\":\"PropertyValueSpecification\",\"valueRequired\":true,\"valueName\":\"search_term_string\"}}],\"inLanguage\":\"es\"},{\"@type\":\"Person\",\"@id\":\"https:\/\/www.noticiasradioreflejos.com.ar\/2021\/#\/schema\/person\/ad82545263dcc5ec0996818884fd5fb1\",\"name\":\"Arnaldo Botto\",\"image\":{\"@type\":\"ImageObject\",\"inLanguage\":\"es\",\"@id\":\"https:\/\/www.noticiasradioreflejos.com.ar\/2021\/#\/schema\/person\/image\/\",\"url\":\"https:\/\/secure.gravatar.com\/avatar\/55cb5e37c1efa326397366e6974cb338056df65cb50e7d64d1cf314e87504837?s=96&d=mm&r=g\",\"contentUrl\":\"https:\/\/secure.gravatar.com\/avatar\/55cb5e37c1efa326397366e6974cb338056df65cb50e7d64d1cf314e87504837?s=96&d=mm&r=g\",\"caption\":\"Arnaldo Botto\"},\"url\":\"https:\/\/www.noticiasradioreflejos.com.ar\/2021\/author\/arnaldo\/\"}]}<\/script>\n<!-- \/ Yoast SEO plugin. -->","yoast_head_json":{"title":"D\u00eda de la Industria en Argentina: \u00bfpor qu\u00e9 se celebra el 2 de septiembre? - Noticias Radio Reflejos","robots":{"index":"index","follow":"follow","max-snippet":"max-snippet:-1","max-image-preview":"max-image-preview:large","max-video-preview":"max-video-preview:-1"},"canonical":"https:\/\/www.noticiasradioreflejos.com.ar\/2021\/dia-de-la-industria-en-argentina-por-que-se-celebra-el-2-de-septiembre\/","og_locale":"es_ES","og_type":"article","og_title":"D\u00eda de la Industria en Argentina: \u00bfpor qu\u00e9 se celebra el 2 de septiembre? - Noticias Radio Reflejos","og_description":"Se celebra en Argentina el D\u00eda de la Industria, una fecha que recuerda la primera exportaci\u00f3n registrada oficialmente en el pa\u00eds y que permite repasar la evoluci\u00f3n de un sector clave para la econom\u00eda nacional. Desde las primeras actividades manufactureras hasta la industria tecnol\u00f3gica, el sector atraves\u00f3 profundas transformaciones y contin\u00faa siendo uno de los [&hellip;]","og_url":"https:\/\/www.noticiasradioreflejos.com.ar\/2021\/dia-de-la-industria-en-argentina-por-que-se-celebra-el-2-de-septiembre\/","og_site_name":"Noticias Radio Reflejos","article_published_time":"2026-09-02T10:24:54+00:00","og_image":[{"width":1200,"height":675,"url":"https:\/\/www.noticiasradioreflejos.com.ar\/2021\/wp-content\/uploads\/2026\/09\/industria.webp","type":"image\/webp"}],"author":"Arnaldo Botto","twitter_card":"summary_large_image","schema":{"@context":"https:\/\/schema.org","@graph":[{"@type":"WebPage","@id":"https:\/\/www.noticiasradioreflejos.com.ar\/2021\/dia-de-la-industria-en-argentina-por-que-se-celebra-el-2-de-septiembre\/","url":"https:\/\/www.noticiasradioreflejos.com.ar\/2021\/dia-de-la-industria-en-argentina-por-que-se-celebra-el-2-de-septiembre\/","name":"D\u00eda de la Industria en Argentina: \u00bfpor qu\u00e9 se celebra el 2 de septiembre? - Noticias Radio Reflejos","isPartOf":{"@id":"https:\/\/www.noticiasradioreflejos.com.ar\/2021\/#website"},"primaryImageOfPage":{"@id":"https:\/\/www.noticiasradioreflejos.com.ar\/2021\/dia-de-la-industria-en-argentina-por-que-se-celebra-el-2-de-septiembre\/#primaryimage"},"image":{"@id":"https:\/\/www.noticiasradioreflejos.com.ar\/2021\/dia-de-la-industria-en-argentina-por-que-se-celebra-el-2-de-septiembre\/#primaryimage"},"thumbnailUrl":"https:\/\/www.noticiasradioreflejos.com.ar\/2021\/wp-content\/uploads\/2026\/09\/industria.webp","datePublished":"2026-09-02T10:24:54+00:00","author":{"@id":"https:\/\/www.noticiasradioreflejos.com.ar\/2021\/#\/schema\/person\/ad82545263dcc5ec0996818884fd5fb1"},"breadcrumb":{"@id":"https:\/\/www.noticiasradioreflejos.com.ar\/2021\/dia-de-la-industria-en-argentina-por-que-se-celebra-el-2-de-septiembre\/#breadcrumb"},"inLanguage":"es","potentialAction":[{"@type":"ReadAction","target":["https:\/\/www.noticiasradioreflejos.com.ar\/2021\/dia-de-la-industria-en-argentina-por-que-se-celebra-el-2-de-septiembre\/"]}]},{"@type":"ImageObject","inLanguage":"es","@id":"https:\/\/www.noticiasradioreflejos.com.ar\/2021\/dia-de-la-industria-en-argentina-por-que-se-celebra-el-2-de-septiembre\/#primaryimage","url":"https:\/\/www.noticiasradioreflejos.com.ar\/2021\/wp-content\/uploads\/2026\/09\/industria.webp","contentUrl":"https:\/\/www.noticiasradioreflejos.com.ar\/2021\/wp-content\/uploads\/2026\/09\/industria.webp","width":1200,"height":675},{"@type":"BreadcrumbList","@id":"https:\/\/www.noticiasradioreflejos.com.ar\/2021\/dia-de-la-industria-en-argentina-por-que-se-celebra-el-2-de-septiembre\/#breadcrumb","itemListElement":[{"@type":"ListItem","position":1,"name":"Portada","item":"https:\/\/www.noticiasradioreflejos.com.ar\/2021\/"},{"@type":"ListItem","position":2,"name":"D\u00eda de la Industria en Argentina: \u00bfpor qu\u00e9 se celebra el 2 de septiembre?"}]},{"@type":"WebSite","@id":"https:\/\/www.noticiasradioreflejos.com.ar\/2021\/#website","url":"https:\/\/www.noticiasradioreflejos.com.ar\/2021\/","name":"Noticias Radio Reflejos","description":"Las noticias de mi comarca","potentialAction":[{"@type":"SearchAction","target":{"@type":"EntryPoint","urlTemplate":"https:\/\/www.noticiasradioreflejos.com.ar\/2021\/?s={search_term_string}"},"query-input":{"@type":"PropertyValueSpecification","valueRequired":true,"valueName":"search_term_string"}}],"inLanguage":"es"},{"@type":"Person","@id":"https:\/\/www.noticiasradioreflejos.com.ar\/2021\/#\/schema\/person\/ad82545263dcc5ec0996818884fd5fb1","name":"Arnaldo Botto","image":{"@type":"ImageObject","inLanguage":"es","@id":"https:\/\/www.noticiasradioreflejos.com.ar\/2021\/#\/schema\/person\/image\/","url":"https:\/\/secure.gravatar.com\/avatar\/55cb5e37c1efa326397366e6974cb338056df65cb50e7d64d1cf314e87504837?s=96&d=mm&r=g","contentUrl":"https:\/\/secure.gravatar.com\/avatar\/55cb5e37c1efa326397366e6974cb338056df65cb50e7d64d1cf314e87504837?s=96&d=mm&r=g","caption":"Arnaldo Botto"},"url":"https:\/\/www.noticiasradioreflejos.com.ar\/2021\/author\/arnaldo\/"}]}},"_links":{"self":[{"href":"https:\/\/www.noticiasradioreflejos.com.ar\/2021\/wp-json\/wp\/v2\/posts\/142931","targetHints":{"allow":["GET"]}}],"collection":[{"href":"https:\/\/www.noticiasradioreflejos.com.ar\/2021\/wp-json\/wp\/v2\/posts"}],"about":[{"href":"https:\/\/www.noticiasradioreflejos.com.ar\/2021\/wp-json\/wp\/v2\/types\/post"}],"author":[{"embeddable":true,"href":"https:\/\/www.noticiasradioreflejos.com.ar\/2021\/wp-json\/wp\/v2\/users\/3"}],"replies":[{"embeddable":true,"href":"https:\/\/www.noticiasradioreflejos.com.ar\/2021\/wp-json\/wp\/v2\/comments?post=142931"}],"version-history":[{"count":1,"href":"https:\/\/www.noticiasradioreflejos.com.ar\/2021\/wp-json\/wp\/v2\/posts\/142931\/revisions"}],"predecessor-version":[{"id":142933,"href":"https:\/\/www.noticiasradioreflejos.com.ar\/2021\/wp-json\/wp\/v2\/posts\/142931\/revisions\/142933"}],"wp:featuredmedia":[{"embeddable":true,"href":"https:\/\/www.noticiasradioreflejos.com.ar\/2021\/wp-json\/wp\/v2\/media\/142932"}],"wp:attachment":[{"href":"https:\/\/www.noticiasradioreflejos.com.ar\/2021\/wp-json\/wp\/v2\/media?parent=142931"}],"wp:term":[{"taxonomy":"category","embeddable":true,"href":"https:\/\/www.noticiasradioreflejos.com.ar\/2021\/wp-json\/wp\/v2\/categories?post=142931"},{"taxonomy":"post_tag","embeddable":true,"href":"https:\/\/www.noticiasradioreflejos.com.ar\/2021\/wp-json\/wp\/v2\/tags?post=142931"}],"curies":[{"name":"wp","href":"https:\/\/api.w.org\/{rel}","templated":true}]}}