{"id":142929,"date":"2026-09-02T07:19:31","date_gmt":"2026-09-02T10:19:31","guid":{"rendered":"https:\/\/www.noticiasradioreflejos.com.ar\/2021\/?p=142929"},"modified":"2026-09-02T07:19:31","modified_gmt":"2026-09-02T10:19:31","slug":"miercoles-inestable-la-lluvia-llego-con-menor-intensidad-a-sierra-de-la-ventana-pero-el-mal-tiempo-persistira-durante-la-jornada","status":"publish","type":"post","link":"https:\/\/www.noticiasradioreflejos.com.ar\/2021\/miercoles-inestable-la-lluvia-llego-con-menor-intensidad-a-sierra-de-la-ventana-pero-el-mal-tiempo-persistira-durante-la-jornada\/","title":{"rendered":"Mi\u00e9rcoles inestable: la lluvia lleg\u00f3 con menor intensidad a Sierra de la Ventana, pero el mal tiempo persistir\u00e1 durante la jornada"},"content":{"rendered":"<p>Pese a los alertas por tormentas fuertes emitidos por el Servicio Meteorol\u00f3gico Nacional para la madrugada, la regi\u00f3n registr\u00f3 precipitaciones leves. Se esperan chaparrones m\u00e1s intensos hacia el mediod\u00eda y una rotaci\u00f3n del viento antes del marcado descenso t\u00e9rmico anunciado para el jueves.<br \/>\n<!--more--><\/p>\n<p data-path-to-node=\"3\">\n<p data-path-to-node=\"3\">\u00a0La jornada del mi\u00e9rcoles amaneci\u00f3 bajo un manto de nubes y lluvias en <strong>Sierra de la Ventana y en gran parte de la comarca serrana<\/strong>. Aunque los pron\u00f3sticos oficiales del <strong>Servicio Meteorol\u00f3gico Nacional (SMN)<\/strong> anticipaban tormentas de variada intensidad para las primeras horas del d\u00eda, la madrugada transcurri\u00f3 con chaparrones de escasa magnitud que dejaron un acumulado modesto de apenas<strong> 2 mil\u00edmetros hasta las 7:00 de la ma\u00f1ana.<\/strong><\/p>\n<p data-path-to-node=\"4\">El amanecer se present\u00f3 fresco, con una marca m\u00ednima que se posicion\u00f3 en los 9 \u00b0C y vientos suaves del sector norte desplaz\u00e1ndose a 15 km\/h. Sin embargo, las condiciones de inestabilidad dominar\u00e1n el resto del d\u00eda. De acuerdo con las proyecciones meteorol\u00f3gicas, el cielo se mantendr\u00e1 completamente nublado a cubierto, con probabilidad de chaparrones discontinuos durante la ma\u00f1ana que podr\u00edan ganar fuerza e intensidad conforme se acerque el mediod\u00eda.<\/p>\n<p data-path-to-node=\"5\">A lo largo de la tarde, se prev\u00e9 una reactivaci\u00f3n de la intensidad del viento, alcanzando valores moderados de hasta 35 km\/h desde el sector norte, para luego rotar gradualmente hacia el oeste hacia la tarde-noche.<\/p>\n<h4 data-path-to-node=\"6\"><b data-path-to-node=\"6\" data-index-in-node=\"0\">Mejor\u00eda a la vista para el jueves<\/b><\/h4>\n<p data-path-to-node=\"7\">El escenario cambiar\u00e1 a partir de las primeras horas de ma\u00f1ana jueves. Se anticipa un marcado descenso en los registros t\u00e9rmicos, con una temperatura m\u00ednima que caer\u00e1 hasta los 2 \u00b0C y una m\u00e1xima que dif\u00edcilmente supere los 13 \u00b0C.<\/p>\n<p data-path-to-node=\"8\">A pesar del ambiente fr\u00edo, el tiempo comenzar\u00e1 a estabilizarse con la llegada de cielos mayormente soleados y vientos suaves del sector oeste, que rotar\u00e1n al sudoeste hacia las \u00faltimas horas de la tarde, marcando el fin de este pasaje de inestabilidad en la regi\u00f3n.<\/p>\n","protected":false},"excerpt":{"rendered":"<p>Pese a los alertas por tormentas fuertes emitidos por el Servicio Meteorol\u00f3gico Nacional para la madrugada, la regi\u00f3n registr\u00f3 precipitaciones leves. Se esperan chaparrones m\u00e1s intensos hacia el mediod\u00eda y una rotaci\u00f3n del viento antes del marcado descenso t\u00e9rmico anunciado para el jueves.<\/p>\n","protected":false},"author":3,"featured_media":67902,"comment_status":"closed","ping_status":"closed","sticky":false,"template":"","format":"standard","meta":{"footnotes":""},"categories":[46],"tags":[48],"class_list":["post-142929","post","type-post","status-publish","format-standard","has-post-thumbnail","hentry","category-ciencia-y-tecnologia","tag-destacada"],"yoast_head":"<!-- This site is optimized with the Yoast SEO plugin v25.9 - https:\/\/yoast.com\/wordpress\/plugins\/seo\/ -->\n<title>Mi\u00e9rcoles inestable: la lluvia lleg\u00f3 con menor intensidad a Sierra de la Ventana, pero el mal tiempo persistir\u00e1 durante la jornada - Noticias Radio Reflejos<\/title>\n<meta name=\"robots\" content=\"index, follow, max-snippet:-1, max-image-preview:large, max-video-preview:-1\" \/>\n<link rel=\"canonical\" href=\"https:\/\/www.noticiasradioreflejos.com.ar\/2021\/miercoles-inestable-la-lluvia-llego-con-menor-intensidad-a-sierra-de-la-ventana-pero-el-mal-tiempo-persistira-durante-la-jornada\/\" \/>\n<meta property=\"og:locale\" content=\"es_ES\" \/>\n<meta property=\"og:type\" content=\"article\" \/>\n<meta property=\"og:title\" content=\"Mi\u00e9rcoles inestable: la lluvia lleg\u00f3 con menor intensidad a Sierra de la Ventana, pero el mal tiempo persistir\u00e1 durante la jornada - Noticias Radio Reflejos\" \/>\n<meta property=\"og:description\" content=\"Pese a los alertas por tormentas fuertes emitidos por el Servicio Meteorol\u00f3gico Nacional para la madrugada, la regi\u00f3n registr\u00f3 precipitaciones leves. Se esperan chaparrones m\u00e1s intensos hacia el mediod\u00eda y una rotaci\u00f3n del viento antes del marcado descenso t\u00e9rmico anunciado para el jueves.\" \/>\n<meta property=\"og:url\" content=\"https:\/\/www.noticiasradioreflejos.com.ar\/2021\/miercoles-inestable-la-lluvia-llego-con-menor-intensidad-a-sierra-de-la-ventana-pero-el-mal-tiempo-persistira-durante-la-jornada\/\" \/>\n<meta property=\"og:site_name\" content=\"Noticias Radio Reflejos\" \/>\n<meta property=\"article:published_time\" content=\"2026-09-02T10:19:31+00:00\" \/>\n<meta property=\"og:image\" content=\"https:\/\/www.noticiasradioreflejos.com.ar\/2021\/wp-content\/uploads\/2022\/02\/lluvia-en-sierra.jpg\" \/>\n\t<meta property=\"og:image:width\" content=\"2048\" \/>\n\t<meta property=\"og:image:height\" content=\"1365\" \/>\n\t<meta property=\"og:image:type\" content=\"image\/jpeg\" \/>\n<meta name=\"author\" content=\"Arnaldo Botto\" \/>\n<meta name=\"twitter:card\" content=\"summary_large_image\" \/>\n<script type=\"application\/ld+json\" class=\"yoast-schema-graph\">{\"@context\":\"https:\/\/schema.org\",\"@graph\":[{\"@type\":\"WebPage\",\"@id\":\"https:\/\/www.noticiasradioreflejos.com.ar\/2021\/miercoles-inestable-la-lluvia-llego-con-menor-intensidad-a-sierra-de-la-ventana-pero-el-mal-tiempo-persistira-durante-la-jornada\/\",\"url\":\"https:\/\/www.noticiasradioreflejos.com.ar\/2021\/miercoles-inestable-la-lluvia-llego-con-menor-intensidad-a-sierra-de-la-ventana-pero-el-mal-tiempo-persistira-durante-la-jornada\/\",\"name\":\"Mi\u00e9rcoles inestable: la lluvia lleg\u00f3 con menor intensidad a Sierra de la Ventana, pero el mal tiempo persistir\u00e1 durante la jornada - Noticias Radio Reflejos\",\"isPartOf\":{\"@id\":\"https:\/\/www.noticiasradioreflejos.com.ar\/2021\/#website\"},\"primaryImageOfPage\":{\"@id\":\"https:\/\/www.noticiasradioreflejos.com.ar\/2021\/miercoles-inestable-la-lluvia-llego-con-menor-intensidad-a-sierra-de-la-ventana-pero-el-mal-tiempo-persistira-durante-la-jornada\/#primaryimage\"},\"image\":{\"@id\":\"https:\/\/www.noticiasradioreflejos.com.ar\/2021\/miercoles-inestable-la-lluvia-llego-con-menor-intensidad-a-sierra-de-la-ventana-pero-el-mal-tiempo-persistira-durante-la-jornada\/#primaryimage\"},\"thumbnailUrl\":\"https:\/\/www.noticiasradioreflejos.com.ar\/2021\/wp-content\/uploads\/2022\/02\/lluvia-en-sierra.jpg\",\"datePublished\":\"2026-09-02T10:19:31+00:00\",\"author\":{\"@id\":\"https:\/\/www.noticiasradioreflejos.com.ar\/2021\/#\/schema\/person\/ad82545263dcc5ec0996818884fd5fb1\"},\"breadcrumb\":{\"@id\":\"https:\/\/www.noticiasradioreflejos.com.ar\/2021\/miercoles-inestable-la-lluvia-llego-con-menor-intensidad-a-sierra-de-la-ventana-pero-el-mal-tiempo-persistira-durante-la-jornada\/#breadcrumb\"},\"inLanguage\":\"es\",\"potentialAction\":[{\"@type\":\"ReadAction\",\"target\":[\"https:\/\/www.noticiasradioreflejos.com.ar\/2021\/miercoles-inestable-la-lluvia-llego-con-menor-intensidad-a-sierra-de-la-ventana-pero-el-mal-tiempo-persistira-durante-la-jornada\/\"]}]},{\"@type\":\"ImageObject\",\"inLanguage\":\"es\",\"@id\":\"https:\/\/www.noticiasradioreflejos.com.ar\/2021\/miercoles-inestable-la-lluvia-llego-con-menor-intensidad-a-sierra-de-la-ventana-pero-el-mal-tiempo-persistira-durante-la-jornada\/#primaryimage\",\"url\":\"https:\/\/www.noticiasradioreflejos.com.ar\/2021\/wp-content\/uploads\/2022\/02\/lluvia-en-sierra.jpg\",\"contentUrl\":\"https:\/\/www.noticiasradioreflejos.com.ar\/2021\/wp-content\/uploads\/2022\/02\/lluvia-en-sierra.jpg\",\"width\":2048,\"height\":1365},{\"@type\":\"BreadcrumbList\",\"@id\":\"https:\/\/www.noticiasradioreflejos.com.ar\/2021\/miercoles-inestable-la-lluvia-llego-con-menor-intensidad-a-sierra-de-la-ventana-pero-el-mal-tiempo-persistira-durante-la-jornada\/#breadcrumb\",\"itemListElement\":[{\"@type\":\"ListItem\",\"position\":1,\"name\":\"Portada\",\"item\":\"https:\/\/www.noticiasradioreflejos.com.ar\/2021\/\"},{\"@type\":\"ListItem\",\"position\":2,\"name\":\"Mi\u00e9rcoles inestable: la lluvia lleg\u00f3 con menor intensidad a Sierra de la Ventana, pero el mal tiempo persistir\u00e1 durante la jornada\"}]},{\"@type\":\"WebSite\",\"@id\":\"https:\/\/www.noticiasradioreflejos.com.ar\/2021\/#website\",\"url\":\"https:\/\/www.noticiasradioreflejos.com.ar\/2021\/\",\"name\":\"Noticias Radio Reflejos\",\"description\":\"Las noticias de mi comarca\",\"potentialAction\":[{\"@type\":\"SearchAction\",\"target\":{\"@type\":\"EntryPoint\",\"urlTemplate\":\"https:\/\/www.noticiasradioreflejos.com.ar\/2021\/?s={search_term_string}\"},\"query-input\":{\"@type\":\"PropertyValueSpecification\",\"valueRequired\":true,\"valueName\":\"search_term_string\"}}],\"inLanguage\":\"es\"},{\"@type\":\"Person\",\"@id\":\"https:\/\/www.noticiasradioreflejos.com.ar\/2021\/#\/schema\/person\/ad82545263dcc5ec0996818884fd5fb1\",\"name\":\"Arnaldo Botto\",\"image\":{\"@type\":\"ImageObject\",\"inLanguage\":\"es\",\"@id\":\"https:\/\/www.noticiasradioreflejos.com.ar\/2021\/#\/schema\/person\/image\/\",\"url\":\"https:\/\/secure.gravatar.com\/avatar\/55cb5e37c1efa326397366e6974cb338056df65cb50e7d64d1cf314e87504837?s=96&d=mm&r=g\",\"contentUrl\":\"https:\/\/secure.gravatar.com\/avatar\/55cb5e37c1efa326397366e6974cb338056df65cb50e7d64d1cf314e87504837?s=96&d=mm&r=g\",\"caption\":\"Arnaldo Botto\"},\"url\":\"https:\/\/www.noticiasradioreflejos.com.ar\/2021\/author\/arnaldo\/\"}]}<\/script>\n<!-- \/ Yoast SEO plugin. -->","yoast_head_json":{"title":"Mi\u00e9rcoles inestable: la lluvia lleg\u00f3 con menor intensidad a Sierra de la Ventana, pero el mal tiempo persistir\u00e1 durante la jornada - Noticias Radio Reflejos","robots":{"index":"index","follow":"follow","max-snippet":"max-snippet:-1","max-image-preview":"max-image-preview:large","max-video-preview":"max-video-preview:-1"},"canonical":"https:\/\/www.noticiasradioreflejos.com.ar\/2021\/miercoles-inestable-la-lluvia-llego-con-menor-intensidad-a-sierra-de-la-ventana-pero-el-mal-tiempo-persistira-durante-la-jornada\/","og_locale":"es_ES","og_type":"article","og_title":"Mi\u00e9rcoles inestable: la lluvia lleg\u00f3 con menor intensidad a Sierra de la Ventana, pero el mal tiempo persistir\u00e1 durante la jornada - Noticias Radio Reflejos","og_description":"Pese a los alertas por tormentas fuertes emitidos por el Servicio Meteorol\u00f3gico Nacional para la madrugada, la regi\u00f3n registr\u00f3 precipitaciones leves. Se esperan chaparrones m\u00e1s intensos hacia el mediod\u00eda y una rotaci\u00f3n del viento antes del marcado descenso t\u00e9rmico anunciado para el jueves.","og_url":"https:\/\/www.noticiasradioreflejos.com.ar\/2021\/miercoles-inestable-la-lluvia-llego-con-menor-intensidad-a-sierra-de-la-ventana-pero-el-mal-tiempo-persistira-durante-la-jornada\/","og_site_name":"Noticias Radio Reflejos","article_published_time":"2026-09-02T10:19:31+00:00","og_image":[{"width":2048,"height":1365,"url":"https:\/\/www.noticiasradioreflejos.com.ar\/2021\/wp-content\/uploads\/2022\/02\/lluvia-en-sierra.jpg","type":"image\/jpeg"}],"author":"Arnaldo Botto","twitter_card":"summary_large_image","schema":{"@context":"https:\/\/schema.org","@graph":[{"@type":"WebPage","@id":"https:\/\/www.noticiasradioreflejos.com.ar\/2021\/miercoles-inestable-la-lluvia-llego-con-menor-intensidad-a-sierra-de-la-ventana-pero-el-mal-tiempo-persistira-durante-la-jornada\/","url":"https:\/\/www.noticiasradioreflejos.com.ar\/2021\/miercoles-inestable-la-lluvia-llego-con-menor-intensidad-a-sierra-de-la-ventana-pero-el-mal-tiempo-persistira-durante-la-jornada\/","name":"Mi\u00e9rcoles inestable: la lluvia lleg\u00f3 con menor intensidad a Sierra de la Ventana, pero el mal tiempo persistir\u00e1 durante la jornada - Noticias Radio Reflejos","isPartOf":{"@id":"https:\/\/www.noticiasradioreflejos.com.ar\/2021\/#website"},"primaryImageOfPage":{"@id":"https:\/\/www.noticiasradioreflejos.com.ar\/2021\/miercoles-inestable-la-lluvia-llego-con-menor-intensidad-a-sierra-de-la-ventana-pero-el-mal-tiempo-persistira-durante-la-jornada\/#primaryimage"},"image":{"@id":"https:\/\/www.noticiasradioreflejos.com.ar\/2021\/miercoles-inestable-la-lluvia-llego-con-menor-intensidad-a-sierra-de-la-ventana-pero-el-mal-tiempo-persistira-durante-la-jornada\/#primaryimage"},"thumbnailUrl":"https:\/\/www.noticiasradioreflejos.com.ar\/2021\/wp-content\/uploads\/2022\/02\/lluvia-en-sierra.jpg","datePublished":"2026-09-02T10:19:31+00:00","author":{"@id":"https:\/\/www.noticiasradioreflejos.com.ar\/2021\/#\/schema\/person\/ad82545263dcc5ec0996818884fd5fb1"},"breadcrumb":{"@id":"https:\/\/www.noticiasradioreflejos.com.ar\/2021\/miercoles-inestable-la-lluvia-llego-con-menor-intensidad-a-sierra-de-la-ventana-pero-el-mal-tiempo-persistira-durante-la-jornada\/#breadcrumb"},"inLanguage":"es","potentialAction":[{"@type":"ReadAction","target":["https:\/\/www.noticiasradioreflejos.com.ar\/2021\/miercoles-inestable-la-lluvia-llego-con-menor-intensidad-a-sierra-de-la-ventana-pero-el-mal-tiempo-persistira-durante-la-jornada\/"]}]},{"@type":"ImageObject","inLanguage":"es","@id":"https:\/\/www.noticiasradioreflejos.com.ar\/2021\/miercoles-inestable-la-lluvia-llego-con-menor-intensidad-a-sierra-de-la-ventana-pero-el-mal-tiempo-persistira-durante-la-jornada\/#primaryimage","url":"https:\/\/www.noticiasradioreflejos.com.ar\/2021\/wp-content\/uploads\/2022\/02\/lluvia-en-sierra.jpg","contentUrl":"https:\/\/www.noticiasradioreflejos.com.ar\/2021\/wp-content\/uploads\/2022\/02\/lluvia-en-sierra.jpg","width":2048,"height":1365},{"@type":"BreadcrumbList","@id":"https:\/\/www.noticiasradioreflejos.com.ar\/2021\/miercoles-inestable-la-lluvia-llego-con-menor-intensidad-a-sierra-de-la-ventana-pero-el-mal-tiempo-persistira-durante-la-jornada\/#breadcrumb","itemListElement":[{"@type":"ListItem","position":1,"name":"Portada","item":"https:\/\/www.noticiasradioreflejos.com.ar\/2021\/"},{"@type":"ListItem","position":2,"name":"Mi\u00e9rcoles inestable: la lluvia lleg\u00f3 con menor intensidad a Sierra de la Ventana, pero el mal tiempo persistir\u00e1 durante la jornada"}]},{"@type":"WebSite","@id":"https:\/\/www.noticiasradioreflejos.com.ar\/2021\/#website","url":"https:\/\/www.noticiasradioreflejos.com.ar\/2021\/","name":"Noticias Radio Reflejos","description":"Las noticias de mi comarca","potentialAction":[{"@type":"SearchAction","target":{"@type":"EntryPoint","urlTemplate":"https:\/\/www.noticiasradioreflejos.com.ar\/2021\/?s={search_term_string}"},"query-input":{"@type":"PropertyValueSpecification","valueRequired":true,"valueName":"search_term_string"}}],"inLanguage":"es"},{"@type":"Person","@id":"https:\/\/www.noticiasradioreflejos.com.ar\/2021\/#\/schema\/person\/ad82545263dcc5ec0996818884fd5fb1","name":"Arnaldo Botto","image":{"@type":"ImageObject","inLanguage":"es","@id":"https:\/\/www.noticiasradioreflejos.com.ar\/2021\/#\/schema\/person\/image\/","url":"https:\/\/secure.gravatar.com\/avatar\/55cb5e37c1efa326397366e6974cb338056df65cb50e7d64d1cf314e87504837?s=96&d=mm&r=g","contentUrl":"https:\/\/secure.gravatar.com\/avatar\/55cb5e37c1efa326397366e6974cb338056df65cb50e7d64d1cf314e87504837?s=96&d=mm&r=g","caption":"Arnaldo Botto"},"url":"https:\/\/www.noticiasradioreflejos.com.ar\/2021\/author\/arnaldo\/"}]}},"_links":{"self":[{"href":"https:\/\/www.noticiasradioreflejos.com.ar\/2021\/wp-json\/wp\/v2\/posts\/142929","targetHints":{"allow":["GET"]}}],"collection":[{"href":"https:\/\/www.noticiasradioreflejos.com.ar\/2021\/wp-json\/wp\/v2\/posts"}],"about":[{"href":"https:\/\/www.noticiasradioreflejos.com.ar\/2021\/wp-json\/wp\/v2\/types\/post"}],"author":[{"embeddable":true,"href":"https:\/\/www.noticiasradioreflejos.com.ar\/2021\/wp-json\/wp\/v2\/users\/3"}],"replies":[{"embeddable":true,"href":"https:\/\/www.noticiasradioreflejos.com.ar\/2021\/wp-json\/wp\/v2\/comments?post=142929"}],"version-history":[{"count":1,"href":"https:\/\/www.noticiasradioreflejos.com.ar\/2021\/wp-json\/wp\/v2\/posts\/142929\/revisions"}],"predecessor-version":[{"id":142930,"href":"https:\/\/www.noticiasradioreflejos.com.ar\/2021\/wp-json\/wp\/v2\/posts\/142929\/revisions\/142930"}],"wp:featuredmedia":[{"embeddable":true,"href":"https:\/\/www.noticiasradioreflejos.com.ar\/2021\/wp-json\/wp\/v2\/media\/67902"}],"wp:attachment":[{"href":"https:\/\/www.noticiasradioreflejos.com.ar\/2021\/wp-json\/wp\/v2\/media?parent=142929"}],"wp:term":[{"taxonomy":"category","embeddable":true,"href":"https:\/\/www.noticiasradioreflejos.com.ar\/2021\/wp-json\/wp\/v2\/categories?post=142929"},{"taxonomy":"post_tag","embeddable":true,"href":"https:\/\/www.noticiasradioreflejos.com.ar\/2021\/wp-json\/wp\/v2\/tags?post=142929"}],"curies":[{"name":"wp","href":"https:\/\/api.w.org\/{rel}","templated":true}]}}