{"id":142921,"date":"2026-09-01T20:51:08","date_gmt":"2026-09-01T23:51:08","guid":{"rendered":"https:\/\/www.noticiasradioreflejos.com.ar\/2021\/?p=142921"},"modified":"2026-09-01T20:51:08","modified_gmt":"2026-09-01T23:51:08","slug":"el-mercado-de-industria-audiovisual-reunira-a-referentes-de-todo-el-sector-con-charlas-conversatorios-y-masterclasses","status":"publish","type":"post","link":"https:\/\/www.noticiasradioreflejos.com.ar\/2021\/el-mercado-de-industria-audiovisual-reunira-a-referentes-de-todo-el-sector-con-charlas-conversatorios-y-masterclasses\/","title":{"rendered":"El Mercado de Industria Audiovisual reunir\u00e1 a referentes de todo el sector con charlas, conversatorios y masterclasses"},"content":{"rendered":"<p dir=\"ltr\">Del financiamiento a la distribuci\u00f3n, de la inteligencia artificial a las series verticales, el MIA propone tres jornadas de intercambio entre productores, realizadores, estudiantes y profesionales.<\/p>\n<p><!--more--><\/p>\n<p dir=\"ltr\">El Mercado de Industria Audiovisual (MIA) se desarrollar\u00e1 del jueves 3 al s\u00e1bado 5 de septiembre en el marco de la cuarta edici\u00f3n del Festival Internacional de Cine de la Provincia de Buenos Aires (FICPBA), con diecinueve actividades distribuidas entre la Plaza Seca y la Sala Pettoruti del Centro Provincial de las Artes Teatro Argentino de La Plata. La programaci\u00f3n recorrer\u00e1 los principales desaf\u00edos y oportunidades que atraviesa hoy la industria audiovisual.<\/p>\n<p>&nbsp;<\/p>\n<p dir=\"ltr\">La programaci\u00f3n comenzar\u00e1 el jueves 3 a las 15:00 con \u201cAnimaci\u00f3n: un punto de encuentro\u201d, una mesa integrada por Paola Becco, fundadora y directora del Stop Motion Our Fest y del Laboratorio Latinoamericano de Animaci\u00f3n; Clarisa Lea Place, directora y guionista con trayectoria en residencias y programas internacionales; y Ayel\u00e9n Bustos Su\u00e1rez, artista visual, directora y productora, fundadora de Enzo Ruso Films y T\u00e9 de Productoras.<\/p>\n<p>&nbsp;<\/p>\n<p dir=\"ltr\">A las 16:00 ser\u00e1 el turno de \u201cSeries Verticales: Shorta\u201d, dedicada al crecimiento de los contenidos audiovisuales en formato vertical. Participar\u00e1n Ariana Saiegh, creadora de contenidos, guionista y productora; Ariel Arrieta, fundador de la startup de entretenimiento Shorta junto a Armando Bo y Tom\u00e1s Escobar; Nico Diodovich, guionista, director y escritor; y Fernando Molnar, director, productor y guionista de Magoya Films, responsable de producci\u00f3n de Shorta.<\/p>\n<p>&nbsp;<\/p>\n<p dir=\"ltr\">La tercera actividad del d\u00eda, a las 17:00, ser\u00e1 \u201cC\u00f3mo bajar a tierra el financiamiento audiovisual\u201d, con la participaci\u00f3n de Florencia Arias, productora y consultora especializada en financiamiento audiovisual; Mariana Volpi, abogada especializada en propiedad intelectual.<\/p>\n<p>&nbsp;<\/p>\n<p dir=\"ltr\">La jornada continuar\u00e1 a las 18:00 con \u201cAPIMA: la producci\u00f3n independiente, realidad y desaf\u00edos\u201d, donde expondr\u00e1n Mariana Luconi, productora y cofundadora de Prot\u00f3n Cine; Fernando D\u00edaz, vicepresidente de APIMA y fundador de Machaco Films; Alberto Masliah, director, productor, actor y fundador de Sombracine; y Federico Eibuszyk, productor y fundador de Pucar\u00e1 Cine.<\/p>\n<p>&nbsp;<\/p>\n<p dir=\"ltr\">Como cierre del primer d\u00eda, a las 19:00, la Sala Pettoruti recibir\u00e1 la masterclass \u201cDel pitch al videoclip\u201d, a cargo de Eugenio \u00abToto\u00bb Chiavassa, director, fot\u00f3grafo, editor y colorista, referente de la C\u00e1mara Argentina del Videoclip, que trabaj\u00f3 junto a artistas como Lali Esp\u00f3sito, Dillom, Tiago PZK, Mar\u00eda Becerra, Abel Pintos y Emmanuel Horvilleur.<\/p>\n<p>&nbsp;<\/p>\n<p dir=\"ltr\">El viernes 4 a las 14:30 abrir\u00e1 la charla \u201cIA en la industria audiovisual\u201d, encabezada por Sergio Rentero, fundador de Gotika, empresa especializada en restauraci\u00f3n audiovisual y aplicaci\u00f3n de inteligencia artificial.<\/p>\n<p>&nbsp;<\/p>\n<p dir=\"ltr\">A continuaci\u00f3n, a las 15:30, se desarrollar\u00e1 \u201cC\u00f3mo monetizar en YouTube. La IA reemplaza procesos y transforma la cultura\u201d, con Javier Fainzaig, presidente y CEO de FaroLatino; Nicol\u00e1s Vanecek, director de Contenidos de la compa\u00f1\u00eda; y la moderaci\u00f3n de la cineasta In\u00e9s De Oliveira C\u00e9zar, integrante de Directores Argentinos Cinematogr\u00e1ficos (DAC).<\/p>\n<p>&nbsp;<\/p>\n<p dir=\"ltr\">La programaci\u00f3n continuar\u00e1 a las 16:30 con \u201cDel territorio al mundo\u201d, un encuentro integrado por la actriz, dramaturga y directora Moro Anghileri; Paloma Ochoa, especialista en comercio internacional e investigadora; y el productor y director Daniel Pensa, cofundador de PENSA &amp; ROCCA CINE.<\/p>\n<p>&nbsp;<\/p>\n<p dir=\"ltr\">M\u00e1s tarde, a las 17:30, tendr\u00e1 lugar \u201cAutores de cine. El cine como creaci\u00f3n colectiva\u201d, con Alejo Santos, cineasta, montajista y fil\u00f3sofo; Karina Carbonatto, presidenta de la Asociaci\u00f3n Argentina de Directores de Arte Audiovisuales; y Hugo Colace, uno de los directores de fotograf\u00eda m\u00e1s reconocidos del cine argentino, responsable de la fotograf\u00eda de La Ci\u00e9naga e Historias m\u00ednimas.<\/p>\n<p>&nbsp;<\/p>\n<p dir=\"ltr\">El viernes concluir\u00e1 a las 19:30 con \u201cDiferencia entre hacer un largo o una serie\u201d, una exposici\u00f3n del cineasta, productor, guionista y fot\u00f3grafo Eduardo Pinto, fundador de Corral\u00f3n Films.<\/p>\n<p>&nbsp;<\/p>\n<p dir=\"ltr\">La programaci\u00f3n del s\u00e1bado 5 comenzar\u00e1 en la Plaza Seca a las 14:30 con \u201cComunicaci\u00f3n y marketing\u201d, donde compartir\u00e1n su experiencia Cris Zurutuza, agente de prensa especializada en arte y cultura, y Victoria Vi\u00f1als, responsable de marketing y promoci\u00f3n audiovisual en As en la Manga.<\/p>\n<p>&nbsp;<\/p>\n<p dir=\"ltr\">Seguidamente, a las 15:30, se realizar\u00e1 \u201cC\u00f3mo planificar la distribuci\u00f3n\u201d, con Paula Zyngierman, fundadora de Maravillacine; Sebasti\u00e1n Nadilo, fundador de Asian Film Festivals y referente en distribuci\u00f3n de cine asi\u00e1tico en Am\u00e9rica Latina; y Fernando Brenner, integrante de la Asociaci\u00f3n de Cronistas Cinematogr\u00e1ficos de la Argentina.<\/p>\n<p>&nbsp;<\/p>\n<p dir=\"ltr\">A las 16:30, en \u201cLa construcci\u00f3n de la imagen en el audiovisual\u201d participar\u00e1n Sandra Iurcovich, escen\u00f3grafa y directora de arte, y Claudio Beiza, director de fotograf\u00eda distinguido con los premios C\u00f3ndor de Plata y Sur.<\/p>\n<p>&nbsp;<\/p>\n<p dir=\"ltr\">El cierre de las actividades en la Plaza Seca ser\u00e1 la charla \u201cCrowdfunding para producciones audiovisuales\u201d, a las 17:30, a cargo de Walter Gammarota, director de Orsai Tech y referente de la producci\u00f3n colectiva y la autogesti\u00f3n cultural.<\/p>\n<p>&nbsp;<\/p>\n<p dir=\"ltr\">En la Sala Pettoruti, en tanto, el s\u00e1bado a las 16:30 la Academia de las Artes y Ciencias Cinematogr\u00e1ficas de la Argentina presentar\u00e1 una charla sobre Laboratorio Impulsar y Premios Sur, con Sabrina Farji, vicepresidenta de la Academia; Mart\u00edn Desalvo, integrante de la direcci\u00f3n del Laboratorio Impulsar; y Pablo Ingercher, productor y secretario de la Comisi\u00f3n Directiva de la instituci\u00f3n.<\/p>\n<p>&nbsp;<\/p>\n<p dir=\"ltr\">A las 17:30 se realizar\u00e1 la segunda masterclass del Mercado, a cargo de Vanessa Ragone, productora y directora, fundadora de Haddock Films, ganadora del Premio Oscar por El secreto de sus ojos y showrunner de Carmel: \u00bfQui\u00e9n mat\u00f3 a Mar\u00eda Marta?.<\/p>\n<p>&nbsp;<\/p>\n<p dir=\"ltr\">A las 18:30 ser\u00e1 el turno de \u201cEGEDA, Premios Platino y Platino Industria\u201d, con la participaci\u00f3n de Gabriel Salcedo, director de Asuntos Legales para Latinoam\u00e9rica de EGEDA.<\/p>\n<p>&nbsp;<\/p>\n<p dir=\"ltr\">El Mercado concluir\u00e1, tambi\u00e9n a las 18:30, con \u201cCine autogestionado y sus posibilidades de exhibici\u00f3n\u201d, donde dialogar\u00e1n Gabriela de Sa Souza, gestora cultural de Hacedores Culturales especializada en el desarrollo de artistas audiovisuales, y Fabio Vallarelli, director, guionista y fundador de la agencia de cine Noche Americana.<\/p>\n<p>&nbsp;<\/p>\n<p dir=\"ltr\">Con un programa que re\u00fane a referentes de asociaciones profesionales, plataformas, productoras, instituciones, empresas tecnol\u00f3gicas y organismos del sector, el Mercado de Industria Audiovisual se consolida como uno de los principales espacios de capacitaci\u00f3n, reflexi\u00f3n e intercambio del FICPBA.<\/p>\n<p>&nbsp;<\/p>\n<p dir=\"ltr\">Todas las actividades son de entrada libre y gratuita, por orden de llegada y hasta colmar la capacidad de sala. Toda la programaci\u00f3n en <a href=\"http:\/\/institutocultural.gba.gob.ar\/\" target=\"_blank\" rel=\"noopener\" data-saferedirecturl=\"https:\/\/www.google.com\/url?q=http:\/\/institutocultural.gba.gob.ar&amp;source=gmail&amp;ust=1788392733659000&amp;usg=AOvVaw2Hr75OLUR8lqlrl-4HzBV7\">institutocultural.gba.gob.ar<\/a><\/p>\n<p>&nbsp;<\/p>\n<p dir=\"ltr\"><a href=\"https:\/\/docs.google.com\/document\/d\/152IYjt6_rAp9MHeKyc7UbGnuvNtynWdp\/edit\" target=\"_blank\" rel=\"noopener\" data-saferedirecturl=\"https:\/\/www.google.com\/url?q=https:\/\/docs.google.com\/document\/d\/152IYjt6_rAp9MHeKyc7UbGnuvNtynWdp\/edit&amp;source=gmail&amp;ust=1788392733659000&amp;usg=AOvVaw1hVp-miQs2Y68ANudiixiT\">T\u00cdTULOS EN COMPETENCIA<\/a><\/p>\n","protected":false},"excerpt":{"rendered":"<p>Del financiamiento a la distribuci\u00f3n, de la inteligencia artificial a las series verticales, el MIA propone tres jornadas de intercambio entre productores, realizadores, estudiantes y profesionales.<\/p>\n","protected":false},"author":3,"featured_media":142922,"comment_status":"closed","ping_status":"closed","sticky":false,"template":"","format":"standard","meta":{"footnotes":""},"categories":[35],"tags":[],"class_list":["post-142921","post","type-post","status-publish","format-standard","has-post-thumbnail","hentry","category-cultura"],"yoast_head":"<!-- This site is optimized with the Yoast SEO plugin v25.9 - https:\/\/yoast.com\/wordpress\/plugins\/seo\/ -->\n<title>El Mercado de Industria Audiovisual reunir\u00e1 a referentes de todo el sector con charlas, conversatorios y masterclasses - Noticias Radio Reflejos<\/title>\n<meta name=\"robots\" content=\"index, follow, max-snippet:-1, max-image-preview:large, max-video-preview:-1\" \/>\n<link rel=\"canonical\" href=\"https:\/\/www.noticiasradioreflejos.com.ar\/2021\/el-mercado-de-industria-audiovisual-reunira-a-referentes-de-todo-el-sector-con-charlas-conversatorios-y-masterclasses\/\" \/>\n<meta property=\"og:locale\" content=\"es_ES\" \/>\n<meta property=\"og:type\" content=\"article\" \/>\n<meta property=\"og:title\" content=\"El Mercado de Industria Audiovisual reunir\u00e1 a referentes de todo el sector con charlas, conversatorios y masterclasses - Noticias Radio Reflejos\" \/>\n<meta property=\"og:description\" content=\"Del financiamiento a la distribuci\u00f3n, de la inteligencia artificial a las series verticales, el MIA propone tres jornadas de intercambio entre productores, realizadores, estudiantes y profesionales.\" \/>\n<meta property=\"og:url\" content=\"https:\/\/www.noticiasradioreflejos.com.ar\/2021\/el-mercado-de-industria-audiovisual-reunira-a-referentes-de-todo-el-sector-con-charlas-conversatorios-y-masterclasses\/\" \/>\n<meta property=\"og:site_name\" content=\"Noticias Radio Reflejos\" \/>\n<meta property=\"article:published_time\" content=\"2026-09-01T23:51:08+00:00\" \/>\n<meta property=\"og:image\" content=\"https:\/\/www.noticiasradioreflejos.com.ar\/2021\/wp-content\/uploads\/2026\/09\/Teatro-Argentino-la-Plata.jpg\" \/>\n\t<meta property=\"og:image:width\" content=\"547\" \/>\n\t<meta property=\"og:image:height\" content=\"365\" \/>\n\t<meta property=\"og:image:type\" content=\"image\/jpeg\" \/>\n<meta name=\"author\" content=\"Arnaldo Botto\" \/>\n<meta name=\"twitter:card\" content=\"summary_large_image\" \/>\n<script type=\"application\/ld+json\" class=\"yoast-schema-graph\">{\"@context\":\"https:\/\/schema.org\",\"@graph\":[{\"@type\":\"WebPage\",\"@id\":\"https:\/\/www.noticiasradioreflejos.com.ar\/2021\/el-mercado-de-industria-audiovisual-reunira-a-referentes-de-todo-el-sector-con-charlas-conversatorios-y-masterclasses\/\",\"url\":\"https:\/\/www.noticiasradioreflejos.com.ar\/2021\/el-mercado-de-industria-audiovisual-reunira-a-referentes-de-todo-el-sector-con-charlas-conversatorios-y-masterclasses\/\",\"name\":\"El Mercado de Industria Audiovisual reunir\u00e1 a referentes de todo el sector con charlas, conversatorios y masterclasses - Noticias Radio Reflejos\",\"isPartOf\":{\"@id\":\"https:\/\/www.noticiasradioreflejos.com.ar\/2021\/#website\"},\"primaryImageOfPage\":{\"@id\":\"https:\/\/www.noticiasradioreflejos.com.ar\/2021\/el-mercado-de-industria-audiovisual-reunira-a-referentes-de-todo-el-sector-con-charlas-conversatorios-y-masterclasses\/#primaryimage\"},\"image\":{\"@id\":\"https:\/\/www.noticiasradioreflejos.com.ar\/2021\/el-mercado-de-industria-audiovisual-reunira-a-referentes-de-todo-el-sector-con-charlas-conversatorios-y-masterclasses\/#primaryimage\"},\"thumbnailUrl\":\"https:\/\/www.noticiasradioreflejos.com.ar\/2021\/wp-content\/uploads\/2026\/09\/Teatro-Argentino-la-Plata.jpg\",\"datePublished\":\"2026-09-01T23:51:08+00:00\",\"author\":{\"@id\":\"https:\/\/www.noticiasradioreflejos.com.ar\/2021\/#\/schema\/person\/ad82545263dcc5ec0996818884fd5fb1\"},\"breadcrumb\":{\"@id\":\"https:\/\/www.noticiasradioreflejos.com.ar\/2021\/el-mercado-de-industria-audiovisual-reunira-a-referentes-de-todo-el-sector-con-charlas-conversatorios-y-masterclasses\/#breadcrumb\"},\"inLanguage\":\"es\",\"potentialAction\":[{\"@type\":\"ReadAction\",\"target\":[\"https:\/\/www.noticiasradioreflejos.com.ar\/2021\/el-mercado-de-industria-audiovisual-reunira-a-referentes-de-todo-el-sector-con-charlas-conversatorios-y-masterclasses\/\"]}]},{\"@type\":\"ImageObject\",\"inLanguage\":\"es\",\"@id\":\"https:\/\/www.noticiasradioreflejos.com.ar\/2021\/el-mercado-de-industria-audiovisual-reunira-a-referentes-de-todo-el-sector-con-charlas-conversatorios-y-masterclasses\/#primaryimage\",\"url\":\"https:\/\/www.noticiasradioreflejos.com.ar\/2021\/wp-content\/uploads\/2026\/09\/Teatro-Argentino-la-Plata.jpg\",\"contentUrl\":\"https:\/\/www.noticiasradioreflejos.com.ar\/2021\/wp-content\/uploads\/2026\/09\/Teatro-Argentino-la-Plata.jpg\",\"width\":547,\"height\":365},{\"@type\":\"BreadcrumbList\",\"@id\":\"https:\/\/www.noticiasradioreflejos.com.ar\/2021\/el-mercado-de-industria-audiovisual-reunira-a-referentes-de-todo-el-sector-con-charlas-conversatorios-y-masterclasses\/#breadcrumb\",\"itemListElement\":[{\"@type\":\"ListItem\",\"position\":1,\"name\":\"Portada\",\"item\":\"https:\/\/www.noticiasradioreflejos.com.ar\/2021\/\"},{\"@type\":\"ListItem\",\"position\":2,\"name\":\"El Mercado de Industria Audiovisual reunir\u00e1 a referentes de todo el sector con charlas, conversatorios y masterclasses\"}]},{\"@type\":\"WebSite\",\"@id\":\"https:\/\/www.noticiasradioreflejos.com.ar\/2021\/#website\",\"url\":\"https:\/\/www.noticiasradioreflejos.com.ar\/2021\/\",\"name\":\"Noticias Radio Reflejos\",\"description\":\"Las noticias de mi comarca\",\"potentialAction\":[{\"@type\":\"SearchAction\",\"target\":{\"@type\":\"EntryPoint\",\"urlTemplate\":\"https:\/\/www.noticiasradioreflejos.com.ar\/2021\/?s={search_term_string}\"},\"query-input\":{\"@type\":\"PropertyValueSpecification\",\"valueRequired\":true,\"valueName\":\"search_term_string\"}}],\"inLanguage\":\"es\"},{\"@type\":\"Person\",\"@id\":\"https:\/\/www.noticiasradioreflejos.com.ar\/2021\/#\/schema\/person\/ad82545263dcc5ec0996818884fd5fb1\",\"name\":\"Arnaldo Botto\",\"image\":{\"@type\":\"ImageObject\",\"inLanguage\":\"es\",\"@id\":\"https:\/\/www.noticiasradioreflejos.com.ar\/2021\/#\/schema\/person\/image\/\",\"url\":\"https:\/\/secure.gravatar.com\/avatar\/55cb5e37c1efa326397366e6974cb338056df65cb50e7d64d1cf314e87504837?s=96&d=mm&r=g\",\"contentUrl\":\"https:\/\/secure.gravatar.com\/avatar\/55cb5e37c1efa326397366e6974cb338056df65cb50e7d64d1cf314e87504837?s=96&d=mm&r=g\",\"caption\":\"Arnaldo Botto\"},\"url\":\"https:\/\/www.noticiasradioreflejos.com.ar\/2021\/author\/arnaldo\/\"}]}<\/script>\n<!-- \/ Yoast SEO plugin. -->","yoast_head_json":{"title":"El Mercado de Industria Audiovisual reunir\u00e1 a referentes de todo el sector con charlas, conversatorios y masterclasses - Noticias Radio Reflejos","robots":{"index":"index","follow":"follow","max-snippet":"max-snippet:-1","max-image-preview":"max-image-preview:large","max-video-preview":"max-video-preview:-1"},"canonical":"https:\/\/www.noticiasradioreflejos.com.ar\/2021\/el-mercado-de-industria-audiovisual-reunira-a-referentes-de-todo-el-sector-con-charlas-conversatorios-y-masterclasses\/","og_locale":"es_ES","og_type":"article","og_title":"El Mercado de Industria Audiovisual reunir\u00e1 a referentes de todo el sector con charlas, conversatorios y masterclasses - Noticias Radio Reflejos","og_description":"Del financiamiento a la distribuci\u00f3n, de la inteligencia artificial a las series verticales, el MIA propone tres jornadas de intercambio entre productores, realizadores, estudiantes y profesionales.","og_url":"https:\/\/www.noticiasradioreflejos.com.ar\/2021\/el-mercado-de-industria-audiovisual-reunira-a-referentes-de-todo-el-sector-con-charlas-conversatorios-y-masterclasses\/","og_site_name":"Noticias Radio Reflejos","article_published_time":"2026-09-01T23:51:08+00:00","og_image":[{"width":547,"height":365,"url":"https:\/\/www.noticiasradioreflejos.com.ar\/2021\/wp-content\/uploads\/2026\/09\/Teatro-Argentino-la-Plata.jpg","type":"image\/jpeg"}],"author":"Arnaldo Botto","twitter_card":"summary_large_image","schema":{"@context":"https:\/\/schema.org","@graph":[{"@type":"WebPage","@id":"https:\/\/www.noticiasradioreflejos.com.ar\/2021\/el-mercado-de-industria-audiovisual-reunira-a-referentes-de-todo-el-sector-con-charlas-conversatorios-y-masterclasses\/","url":"https:\/\/www.noticiasradioreflejos.com.ar\/2021\/el-mercado-de-industria-audiovisual-reunira-a-referentes-de-todo-el-sector-con-charlas-conversatorios-y-masterclasses\/","name":"El Mercado de Industria Audiovisual reunir\u00e1 a referentes de todo el sector con charlas, conversatorios y masterclasses - Noticias Radio Reflejos","isPartOf":{"@id":"https:\/\/www.noticiasradioreflejos.com.ar\/2021\/#website"},"primaryImageOfPage":{"@id":"https:\/\/www.noticiasradioreflejos.com.ar\/2021\/el-mercado-de-industria-audiovisual-reunira-a-referentes-de-todo-el-sector-con-charlas-conversatorios-y-masterclasses\/#primaryimage"},"image":{"@id":"https:\/\/www.noticiasradioreflejos.com.ar\/2021\/el-mercado-de-industria-audiovisual-reunira-a-referentes-de-todo-el-sector-con-charlas-conversatorios-y-masterclasses\/#primaryimage"},"thumbnailUrl":"https:\/\/www.noticiasradioreflejos.com.ar\/2021\/wp-content\/uploads\/2026\/09\/Teatro-Argentino-la-Plata.jpg","datePublished":"2026-09-01T23:51:08+00:00","author":{"@id":"https:\/\/www.noticiasradioreflejos.com.ar\/2021\/#\/schema\/person\/ad82545263dcc5ec0996818884fd5fb1"},"breadcrumb":{"@id":"https:\/\/www.noticiasradioreflejos.com.ar\/2021\/el-mercado-de-industria-audiovisual-reunira-a-referentes-de-todo-el-sector-con-charlas-conversatorios-y-masterclasses\/#breadcrumb"},"inLanguage":"es","potentialAction":[{"@type":"ReadAction","target":["https:\/\/www.noticiasradioreflejos.com.ar\/2021\/el-mercado-de-industria-audiovisual-reunira-a-referentes-de-todo-el-sector-con-charlas-conversatorios-y-masterclasses\/"]}]},{"@type":"ImageObject","inLanguage":"es","@id":"https:\/\/www.noticiasradioreflejos.com.ar\/2021\/el-mercado-de-industria-audiovisual-reunira-a-referentes-de-todo-el-sector-con-charlas-conversatorios-y-masterclasses\/#primaryimage","url":"https:\/\/www.noticiasradioreflejos.com.ar\/2021\/wp-content\/uploads\/2026\/09\/Teatro-Argentino-la-Plata.jpg","contentUrl":"https:\/\/www.noticiasradioreflejos.com.ar\/2021\/wp-content\/uploads\/2026\/09\/Teatro-Argentino-la-Plata.jpg","width":547,"height":365},{"@type":"BreadcrumbList","@id":"https:\/\/www.noticiasradioreflejos.com.ar\/2021\/el-mercado-de-industria-audiovisual-reunira-a-referentes-de-todo-el-sector-con-charlas-conversatorios-y-masterclasses\/#breadcrumb","itemListElement":[{"@type":"ListItem","position":1,"name":"Portada","item":"https:\/\/www.noticiasradioreflejos.com.ar\/2021\/"},{"@type":"ListItem","position":2,"name":"El Mercado de Industria Audiovisual reunir\u00e1 a referentes de todo el sector con charlas, conversatorios y masterclasses"}]},{"@type":"WebSite","@id":"https:\/\/www.noticiasradioreflejos.com.ar\/2021\/#website","url":"https:\/\/www.noticiasradioreflejos.com.ar\/2021\/","name":"Noticias Radio Reflejos","description":"Las noticias de mi comarca","potentialAction":[{"@type":"SearchAction","target":{"@type":"EntryPoint","urlTemplate":"https:\/\/www.noticiasradioreflejos.com.ar\/2021\/?s={search_term_string}"},"query-input":{"@type":"PropertyValueSpecification","valueRequired":true,"valueName":"search_term_string"}}],"inLanguage":"es"},{"@type":"Person","@id":"https:\/\/www.noticiasradioreflejos.com.ar\/2021\/#\/schema\/person\/ad82545263dcc5ec0996818884fd5fb1","name":"Arnaldo Botto","image":{"@type":"ImageObject","inLanguage":"es","@id":"https:\/\/www.noticiasradioreflejos.com.ar\/2021\/#\/schema\/person\/image\/","url":"https:\/\/secure.gravatar.com\/avatar\/55cb5e37c1efa326397366e6974cb338056df65cb50e7d64d1cf314e87504837?s=96&d=mm&r=g","contentUrl":"https:\/\/secure.gravatar.com\/avatar\/55cb5e37c1efa326397366e6974cb338056df65cb50e7d64d1cf314e87504837?s=96&d=mm&r=g","caption":"Arnaldo Botto"},"url":"https:\/\/www.noticiasradioreflejos.com.ar\/2021\/author\/arnaldo\/"}]}},"_links":{"self":[{"href":"https:\/\/www.noticiasradioreflejos.com.ar\/2021\/wp-json\/wp\/v2\/posts\/142921","targetHints":{"allow":["GET"]}}],"collection":[{"href":"https:\/\/www.noticiasradioreflejos.com.ar\/2021\/wp-json\/wp\/v2\/posts"}],"about":[{"href":"https:\/\/www.noticiasradioreflejos.com.ar\/2021\/wp-json\/wp\/v2\/types\/post"}],"author":[{"embeddable":true,"href":"https:\/\/www.noticiasradioreflejos.com.ar\/2021\/wp-json\/wp\/v2\/users\/3"}],"replies":[{"embeddable":true,"href":"https:\/\/www.noticiasradioreflejos.com.ar\/2021\/wp-json\/wp\/v2\/comments?post=142921"}],"version-history":[{"count":1,"href":"https:\/\/www.noticiasradioreflejos.com.ar\/2021\/wp-json\/wp\/v2\/posts\/142921\/revisions"}],"predecessor-version":[{"id":142923,"href":"https:\/\/www.noticiasradioreflejos.com.ar\/2021\/wp-json\/wp\/v2\/posts\/142921\/revisions\/142923"}],"wp:featuredmedia":[{"embeddable":true,"href":"https:\/\/www.noticiasradioreflejos.com.ar\/2021\/wp-json\/wp\/v2\/media\/142922"}],"wp:attachment":[{"href":"https:\/\/www.noticiasradioreflejos.com.ar\/2021\/wp-json\/wp\/v2\/media?parent=142921"}],"wp:term":[{"taxonomy":"category","embeddable":true,"href":"https:\/\/www.noticiasradioreflejos.com.ar\/2021\/wp-json\/wp\/v2\/categories?post=142921"},{"taxonomy":"post_tag","embeddable":true,"href":"https:\/\/www.noticiasradioreflejos.com.ar\/2021\/wp-json\/wp\/v2\/tags?post=142921"}],"curies":[{"name":"wp","href":"https:\/\/api.w.org\/{rel}","templated":true}]}}