{"id":142913,"date":"2026-09-01T13:59:36","date_gmt":"2026-09-01T16:59:36","guid":{"rendered":"https:\/\/www.noticiasradioreflejos.com.ar\/2021\/?p=142913"},"modified":"2026-09-01T13:59:42","modified_gmt":"2026-09-01T16:59:42","slug":"el-honorable-concejo-deliberante-de-tornquist-convoca-a-una-nueva-sesion-ordinaria-2","status":"publish","type":"post","link":"https:\/\/www.noticiasradioreflejos.com.ar\/2021\/el-honorable-concejo-deliberante-de-tornquist-convoca-a-una-nueva-sesion-ordinaria-2\/","title":{"rendered":"El Honorable Concejo Deliberante de Tornquist convoca a una nueva Sesi\u00f3n Ordinaria"},"content":{"rendered":"<p id=\"p-rc_c6467ea08ef82b90-47\" data-path-to-node=\"2\"><span data-path-to-node=\"2,0\"><b data-path-to-node=\"2,0\" data-index-in-node=\"0\">El HCD de Tornquist se reunir\u00e1 este mi\u00e9rcoles 2 de septiembre a las 19:00 hs.<\/b> En el Orden del D\u00eda se destacan importantes temas para el distrito, entre ellos el llamado a licitaci\u00f3n p\u00fablica para la concesi\u00f3n del Parador La Hoya en Sierra de la Ventana<\/span><span data-path-to-node=\"2,2\">, un proyecto de instalaci\u00f3n de caniles en Villa Ventana<\/span><span data-path-to-node=\"2,4\">, la creaci\u00f3n de una Zona Residencial Extraurbana en Tornquist<\/span><span data-path-to-node=\"2,6\">, y proyectos para la colocaci\u00f3n de GPS en el parque automotor municipal<\/span><span data-path-to-node=\"2,8\"> y la creaci\u00f3n de la Bandera Distrital<\/span><span data-path-to-node=\"2,10\">.<\/span><!--more--><\/p>\n<p data-path-to-node=\"2\"><a href=\"https:\/\/www.noticiasradioreflejos.com.ar\/2021\/el-honorable-concejo-deliberante-de-tornquist-convoca-a-una-nueva-sesion-ordinaria-2\/o-02-09-26\/\" rel=\"attachment wp-att-142914\">O-02-09-26<\/a><\/p>\n","protected":false},"excerpt":{"rendered":"<p>El HCD de Tornquist se reunir\u00e1 este mi\u00e9rcoles 2 de septiembre a las 19:00 hs. En el Orden del D\u00eda se destacan importantes temas para el distrito, entre ellos el llamado a licitaci\u00f3n p\u00fablica para la concesi\u00f3n del Parador La Hoya en Sierra de la Ventana, un proyecto de instalaci\u00f3n de caniles en Villa Ventana, [&hellip;]<\/p>\n","protected":false},"author":3,"featured_media":101288,"comment_status":"closed","ping_status":"closed","sticky":false,"template":"","format":"standard","meta":{"footnotes":""},"categories":[59],"tags":[48],"class_list":["post-142913","post","type-post","status-publish","format-standard","has-post-thumbnail","hentry","category-concejo-deliberante","tag-destacada"],"yoast_head":"<!-- This site is optimized with the Yoast SEO plugin v25.9 - https:\/\/yoast.com\/wordpress\/plugins\/seo\/ -->\n<title>El Honorable Concejo Deliberante de Tornquist convoca a una nueva Sesi\u00f3n Ordinaria - Noticias Radio Reflejos<\/title>\n<meta name=\"robots\" content=\"index, follow, max-snippet:-1, max-image-preview:large, max-video-preview:-1\" \/>\n<link rel=\"canonical\" href=\"https:\/\/www.noticiasradioreflejos.com.ar\/2021\/el-honorable-concejo-deliberante-de-tornquist-convoca-a-una-nueva-sesion-ordinaria-2\/\" \/>\n<meta property=\"og:locale\" content=\"es_ES\" \/>\n<meta property=\"og:type\" content=\"article\" \/>\n<meta property=\"og:title\" content=\"El Honorable Concejo Deliberante de Tornquist convoca a una nueva Sesi\u00f3n Ordinaria - Noticias Radio Reflejos\" \/>\n<meta property=\"og:description\" content=\"El HCD de Tornquist se reunir\u00e1 este mi\u00e9rcoles 2 de septiembre a las 19:00 hs. En el Orden del D\u00eda se destacan importantes temas para el distrito, entre ellos el llamado a licitaci\u00f3n p\u00fablica para la concesi\u00f3n del Parador La Hoya en Sierra de la Ventana, un proyecto de instalaci\u00f3n de caniles en Villa Ventana, [&hellip;]\" \/>\n<meta property=\"og:url\" content=\"https:\/\/www.noticiasradioreflejos.com.ar\/2021\/el-honorable-concejo-deliberante-de-tornquist-convoca-a-una-nueva-sesion-ordinaria-2\/\" \/>\n<meta property=\"og:site_name\" content=\"Noticias Radio Reflejos\" \/>\n<meta property=\"article:published_time\" content=\"2026-09-01T16:59:36+00:00\" \/>\n<meta property=\"article:modified_time\" content=\"2026-09-01T16:59:42+00:00\" \/>\n<meta property=\"og:image\" content=\"https:\/\/www.noticiasradioreflejos.com.ar\/2021\/wp-content\/uploads\/2024\/04\/hcdconcejodeliberantetqt.png\" \/>\n\t<meta property=\"og:image:width\" content=\"1640\" \/>\n\t<meta property=\"og:image:height\" content=\"924\" \/>\n\t<meta property=\"og:image:type\" content=\"image\/png\" \/>\n<meta name=\"author\" content=\"Arnaldo Botto\" \/>\n<meta name=\"twitter:card\" content=\"summary_large_image\" \/>\n<script type=\"application\/ld+json\" class=\"yoast-schema-graph\">{\"@context\":\"https:\/\/schema.org\",\"@graph\":[{\"@type\":\"WebPage\",\"@id\":\"https:\/\/www.noticiasradioreflejos.com.ar\/2021\/el-honorable-concejo-deliberante-de-tornquist-convoca-a-una-nueva-sesion-ordinaria-2\/\",\"url\":\"https:\/\/www.noticiasradioreflejos.com.ar\/2021\/el-honorable-concejo-deliberante-de-tornquist-convoca-a-una-nueva-sesion-ordinaria-2\/\",\"name\":\"El Honorable Concejo Deliberante de Tornquist convoca a una nueva Sesi\u00f3n Ordinaria - Noticias Radio Reflejos\",\"isPartOf\":{\"@id\":\"https:\/\/www.noticiasradioreflejos.com.ar\/2021\/#website\"},\"primaryImageOfPage\":{\"@id\":\"https:\/\/www.noticiasradioreflejos.com.ar\/2021\/el-honorable-concejo-deliberante-de-tornquist-convoca-a-una-nueva-sesion-ordinaria-2\/#primaryimage\"},\"image\":{\"@id\":\"https:\/\/www.noticiasradioreflejos.com.ar\/2021\/el-honorable-concejo-deliberante-de-tornquist-convoca-a-una-nueva-sesion-ordinaria-2\/#primaryimage\"},\"thumbnailUrl\":\"https:\/\/www.noticiasradioreflejos.com.ar\/2021\/wp-content\/uploads\/2024\/04\/hcdconcejodeliberantetqt.png\",\"datePublished\":\"2026-09-01T16:59:36+00:00\",\"dateModified\":\"2026-09-01T16:59:42+00:00\",\"author\":{\"@id\":\"https:\/\/www.noticiasradioreflejos.com.ar\/2021\/#\/schema\/person\/ad82545263dcc5ec0996818884fd5fb1\"},\"breadcrumb\":{\"@id\":\"https:\/\/www.noticiasradioreflejos.com.ar\/2021\/el-honorable-concejo-deliberante-de-tornquist-convoca-a-una-nueva-sesion-ordinaria-2\/#breadcrumb\"},\"inLanguage\":\"es\",\"potentialAction\":[{\"@type\":\"ReadAction\",\"target\":[\"https:\/\/www.noticiasradioreflejos.com.ar\/2021\/el-honorable-concejo-deliberante-de-tornquist-convoca-a-una-nueva-sesion-ordinaria-2\/\"]}]},{\"@type\":\"ImageObject\",\"inLanguage\":\"es\",\"@id\":\"https:\/\/www.noticiasradioreflejos.com.ar\/2021\/el-honorable-concejo-deliberante-de-tornquist-convoca-a-una-nueva-sesion-ordinaria-2\/#primaryimage\",\"url\":\"https:\/\/www.noticiasradioreflejos.com.ar\/2021\/wp-content\/uploads\/2024\/04\/hcdconcejodeliberantetqt.png\",\"contentUrl\":\"https:\/\/www.noticiasradioreflejos.com.ar\/2021\/wp-content\/uploads\/2024\/04\/hcdconcejodeliberantetqt.png\",\"width\":1640,\"height\":924},{\"@type\":\"BreadcrumbList\",\"@id\":\"https:\/\/www.noticiasradioreflejos.com.ar\/2021\/el-honorable-concejo-deliberante-de-tornquist-convoca-a-una-nueva-sesion-ordinaria-2\/#breadcrumb\",\"itemListElement\":[{\"@type\":\"ListItem\",\"position\":1,\"name\":\"Portada\",\"item\":\"https:\/\/www.noticiasradioreflejos.com.ar\/2021\/\"},{\"@type\":\"ListItem\",\"position\":2,\"name\":\"El Honorable Concejo Deliberante de Tornquist convoca a una nueva Sesi\u00f3n Ordinaria\"}]},{\"@type\":\"WebSite\",\"@id\":\"https:\/\/www.noticiasradioreflejos.com.ar\/2021\/#website\",\"url\":\"https:\/\/www.noticiasradioreflejos.com.ar\/2021\/\",\"name\":\"Noticias Radio Reflejos\",\"description\":\"Las noticias de mi comarca\",\"potentialAction\":[{\"@type\":\"SearchAction\",\"target\":{\"@type\":\"EntryPoint\",\"urlTemplate\":\"https:\/\/www.noticiasradioreflejos.com.ar\/2021\/?s={search_term_string}\"},\"query-input\":{\"@type\":\"PropertyValueSpecification\",\"valueRequired\":true,\"valueName\":\"search_term_string\"}}],\"inLanguage\":\"es\"},{\"@type\":\"Person\",\"@id\":\"https:\/\/www.noticiasradioreflejos.com.ar\/2021\/#\/schema\/person\/ad82545263dcc5ec0996818884fd5fb1\",\"name\":\"Arnaldo Botto\",\"image\":{\"@type\":\"ImageObject\",\"inLanguage\":\"es\",\"@id\":\"https:\/\/www.noticiasradioreflejos.com.ar\/2021\/#\/schema\/person\/image\/\",\"url\":\"https:\/\/secure.gravatar.com\/avatar\/55cb5e37c1efa326397366e6974cb338056df65cb50e7d64d1cf314e87504837?s=96&d=mm&r=g\",\"contentUrl\":\"https:\/\/secure.gravatar.com\/avatar\/55cb5e37c1efa326397366e6974cb338056df65cb50e7d64d1cf314e87504837?s=96&d=mm&r=g\",\"caption\":\"Arnaldo Botto\"},\"url\":\"https:\/\/www.noticiasradioreflejos.com.ar\/2021\/author\/arnaldo\/\"}]}<\/script>\n<!-- \/ Yoast SEO plugin. -->","yoast_head_json":{"title":"El Honorable Concejo Deliberante de Tornquist convoca a una nueva Sesi\u00f3n Ordinaria - Noticias Radio Reflejos","robots":{"index":"index","follow":"follow","max-snippet":"max-snippet:-1","max-image-preview":"max-image-preview:large","max-video-preview":"max-video-preview:-1"},"canonical":"https:\/\/www.noticiasradioreflejos.com.ar\/2021\/el-honorable-concejo-deliberante-de-tornquist-convoca-a-una-nueva-sesion-ordinaria-2\/","og_locale":"es_ES","og_type":"article","og_title":"El Honorable Concejo Deliberante de Tornquist convoca a una nueva Sesi\u00f3n Ordinaria - Noticias Radio Reflejos","og_description":"El HCD de Tornquist se reunir\u00e1 este mi\u00e9rcoles 2 de septiembre a las 19:00 hs. En el Orden del D\u00eda se destacan importantes temas para el distrito, entre ellos el llamado a licitaci\u00f3n p\u00fablica para la concesi\u00f3n del Parador La Hoya en Sierra de la Ventana, un proyecto de instalaci\u00f3n de caniles en Villa Ventana, [&hellip;]","og_url":"https:\/\/www.noticiasradioreflejos.com.ar\/2021\/el-honorable-concejo-deliberante-de-tornquist-convoca-a-una-nueva-sesion-ordinaria-2\/","og_site_name":"Noticias Radio Reflejos","article_published_time":"2026-09-01T16:59:36+00:00","article_modified_time":"2026-09-01T16:59:42+00:00","og_image":[{"width":1640,"height":924,"url":"https:\/\/www.noticiasradioreflejos.com.ar\/2021\/wp-content\/uploads\/2024\/04\/hcdconcejodeliberantetqt.png","type":"image\/png"}],"author":"Arnaldo Botto","twitter_card":"summary_large_image","schema":{"@context":"https:\/\/schema.org","@graph":[{"@type":"WebPage","@id":"https:\/\/www.noticiasradioreflejos.com.ar\/2021\/el-honorable-concejo-deliberante-de-tornquist-convoca-a-una-nueva-sesion-ordinaria-2\/","url":"https:\/\/www.noticiasradioreflejos.com.ar\/2021\/el-honorable-concejo-deliberante-de-tornquist-convoca-a-una-nueva-sesion-ordinaria-2\/","name":"El Honorable Concejo Deliberante de Tornquist convoca a una nueva Sesi\u00f3n Ordinaria - Noticias Radio Reflejos","isPartOf":{"@id":"https:\/\/www.noticiasradioreflejos.com.ar\/2021\/#website"},"primaryImageOfPage":{"@id":"https:\/\/www.noticiasradioreflejos.com.ar\/2021\/el-honorable-concejo-deliberante-de-tornquist-convoca-a-una-nueva-sesion-ordinaria-2\/#primaryimage"},"image":{"@id":"https:\/\/www.noticiasradioreflejos.com.ar\/2021\/el-honorable-concejo-deliberante-de-tornquist-convoca-a-una-nueva-sesion-ordinaria-2\/#primaryimage"},"thumbnailUrl":"https:\/\/www.noticiasradioreflejos.com.ar\/2021\/wp-content\/uploads\/2024\/04\/hcdconcejodeliberantetqt.png","datePublished":"2026-09-01T16:59:36+00:00","dateModified":"2026-09-01T16:59:42+00:00","author":{"@id":"https:\/\/www.noticiasradioreflejos.com.ar\/2021\/#\/schema\/person\/ad82545263dcc5ec0996818884fd5fb1"},"breadcrumb":{"@id":"https:\/\/www.noticiasradioreflejos.com.ar\/2021\/el-honorable-concejo-deliberante-de-tornquist-convoca-a-una-nueva-sesion-ordinaria-2\/#breadcrumb"},"inLanguage":"es","potentialAction":[{"@type":"ReadAction","target":["https:\/\/www.noticiasradioreflejos.com.ar\/2021\/el-honorable-concejo-deliberante-de-tornquist-convoca-a-una-nueva-sesion-ordinaria-2\/"]}]},{"@type":"ImageObject","inLanguage":"es","@id":"https:\/\/www.noticiasradioreflejos.com.ar\/2021\/el-honorable-concejo-deliberante-de-tornquist-convoca-a-una-nueva-sesion-ordinaria-2\/#primaryimage","url":"https:\/\/www.noticiasradioreflejos.com.ar\/2021\/wp-content\/uploads\/2024\/04\/hcdconcejodeliberantetqt.png","contentUrl":"https:\/\/www.noticiasradioreflejos.com.ar\/2021\/wp-content\/uploads\/2024\/04\/hcdconcejodeliberantetqt.png","width":1640,"height":924},{"@type":"BreadcrumbList","@id":"https:\/\/www.noticiasradioreflejos.com.ar\/2021\/el-honorable-concejo-deliberante-de-tornquist-convoca-a-una-nueva-sesion-ordinaria-2\/#breadcrumb","itemListElement":[{"@type":"ListItem","position":1,"name":"Portada","item":"https:\/\/www.noticiasradioreflejos.com.ar\/2021\/"},{"@type":"ListItem","position":2,"name":"El Honorable Concejo Deliberante de Tornquist convoca a una nueva Sesi\u00f3n Ordinaria"}]},{"@type":"WebSite","@id":"https:\/\/www.noticiasradioreflejos.com.ar\/2021\/#website","url":"https:\/\/www.noticiasradioreflejos.com.ar\/2021\/","name":"Noticias Radio Reflejos","description":"Las noticias de mi comarca","potentialAction":[{"@type":"SearchAction","target":{"@type":"EntryPoint","urlTemplate":"https:\/\/www.noticiasradioreflejos.com.ar\/2021\/?s={search_term_string}"},"query-input":{"@type":"PropertyValueSpecification","valueRequired":true,"valueName":"search_term_string"}}],"inLanguage":"es"},{"@type":"Person","@id":"https:\/\/www.noticiasradioreflejos.com.ar\/2021\/#\/schema\/person\/ad82545263dcc5ec0996818884fd5fb1","name":"Arnaldo Botto","image":{"@type":"ImageObject","inLanguage":"es","@id":"https:\/\/www.noticiasradioreflejos.com.ar\/2021\/#\/schema\/person\/image\/","url":"https:\/\/secure.gravatar.com\/avatar\/55cb5e37c1efa326397366e6974cb338056df65cb50e7d64d1cf314e87504837?s=96&d=mm&r=g","contentUrl":"https:\/\/secure.gravatar.com\/avatar\/55cb5e37c1efa326397366e6974cb338056df65cb50e7d64d1cf314e87504837?s=96&d=mm&r=g","caption":"Arnaldo Botto"},"url":"https:\/\/www.noticiasradioreflejos.com.ar\/2021\/author\/arnaldo\/"}]}},"_links":{"self":[{"href":"https:\/\/www.noticiasradioreflejos.com.ar\/2021\/wp-json\/wp\/v2\/posts\/142913","targetHints":{"allow":["GET"]}}],"collection":[{"href":"https:\/\/www.noticiasradioreflejos.com.ar\/2021\/wp-json\/wp\/v2\/posts"}],"about":[{"href":"https:\/\/www.noticiasradioreflejos.com.ar\/2021\/wp-json\/wp\/v2\/types\/post"}],"author":[{"embeddable":true,"href":"https:\/\/www.noticiasradioreflejos.com.ar\/2021\/wp-json\/wp\/v2\/users\/3"}],"replies":[{"embeddable":true,"href":"https:\/\/www.noticiasradioreflejos.com.ar\/2021\/wp-json\/wp\/v2\/comments?post=142913"}],"version-history":[{"count":2,"href":"https:\/\/www.noticiasradioreflejos.com.ar\/2021\/wp-json\/wp\/v2\/posts\/142913\/revisions"}],"predecessor-version":[{"id":142916,"href":"https:\/\/www.noticiasradioreflejos.com.ar\/2021\/wp-json\/wp\/v2\/posts\/142913\/revisions\/142916"}],"wp:featuredmedia":[{"embeddable":true,"href":"https:\/\/www.noticiasradioreflejos.com.ar\/2021\/wp-json\/wp\/v2\/media\/101288"}],"wp:attachment":[{"href":"https:\/\/www.noticiasradioreflejos.com.ar\/2021\/wp-json\/wp\/v2\/media?parent=142913"}],"wp:term":[{"taxonomy":"category","embeddable":true,"href":"https:\/\/www.noticiasradioreflejos.com.ar\/2021\/wp-json\/wp\/v2\/categories?post=142913"},{"taxonomy":"post_tag","embeddable":true,"href":"https:\/\/www.noticiasradioreflejos.com.ar\/2021\/wp-json\/wp\/v2\/tags?post=142913"}],"curies":[{"name":"wp","href":"https:\/\/api.w.org\/{rel}","templated":true}]}}