{"id":142910,"date":"2026-09-01T13:37:24","date_gmt":"2026-09-01T16:37:24","guid":{"rendered":"https:\/\/www.noticiasradioreflejos.com.ar\/2021\/?p=142910"},"modified":"2026-09-01T13:37:24","modified_gmt":"2026-09-01T16:37:24","slug":"las-panaderias-bonaerenses-se-quedan-sin-harina","status":"publish","type":"post","link":"https:\/\/www.noticiasradioreflejos.com.ar\/2021\/las-panaderias-bonaerenses-se-quedan-sin-harina\/","title":{"rendered":"Las panader\u00edas bonaerenses se quedan sin harina"},"content":{"rendered":"<p>Desde el Centro de Industriales Panaderos de Merlo se\u00f1alan que la semana arranc\u00f3 a pura incertidumbre sobre precios y abastecimiento. La excusa, dicen los proveedores, es la suba del trigo en el plano internacional.<!--more--><\/p>\n<p>Las panader\u00edas de barrio en la provincia de Buenos Aires comenzaron la semana sin harina. Seg\u00fan explicaron desde el <b>Centro de Industriales Panaderos de Merlo<\/b>, los molinos proveedores avisaron que no har\u00e1n nuevas entregas a ra\u00edz del incremento en el precio internacional del trigo, aunque tuvieron una cosecha r\u00e9cord.\u00a0<b>\u201cVenimos recibiendo cachetazos todos los d\u00edas\u201d<\/b>, afirman.<br \/>\nEn paralelo, ocupa la secretar\u00eda de la\u00a0<b>C\u00e1mara de Industriales Panaderos (CIPAN)<\/b>\u00a0a nivel nacional, desde donde relevaron una ca\u00edda de 3 mil comercios del sector tras el arribo de\u00a0<b>Javier Milei\u00a0<\/b>y una p\u00e9rdida de 17 mil puestos de trabajo.<\/p>\n<p class=\"c-paragraph\">Pinto sostiene que las panader\u00edas son \u201crehenes\u201d de un escenario que las excede y d\u00f3nde hoy nadie las protege.\u00a0<b>\u201cEsto alguna vez pas\u00f3, pero ten\u00edamos di\u00e1logo con la Secretar\u00eda de Comercio para que no haya desabastecimiento\u201d<\/b>, explica a\u00a0<b>Buenos Aires\/12<\/b>.<\/p>\n<p class=\"c-paragraph\">Esta dependencia fue desmantelada por el gobierno de\u00a0<b>La Libertad Avanza<\/b>\u00a0y dej\u00f3 a los panaderos a merced de la volatilidad del mercado. Producto de esta incertidumbre, Pinto advierte que no saben cu\u00e1ndo y a qu\u00e9 precio que conseguir\u00e1n la bolsa de harina.\u00a0<b>\u201cLo \u00fanico que falta es que nos cobren la materia prima a precio internacional\u201d<\/b>, alerta.<\/p>\n<p class=\"c-paragraph\">Resulta que, seg\u00fan los \u00faltimos datos de la\u00a0<b>Bolsa de Comercio de Rosario<\/b>, la tonelada de trigo pas\u00f3 de 335.250 pesos el 21 de agosto a 356.200 el 27 de agosto, un incremento superior al 6 por ciento en apenas cuatro ruedas y cercano al\u00a0<b>17 por ciento<\/b>\u00a0comparado con los valores de fines de julio.\u00a0<b>\u201cEl pan es uno de los alimentos b\u00e1sicos de la mesa de los argentinos. No podemos quedar rehenes cada vez que se mueve el precio de una materia prima\u201d<\/b>, se\u00f1ala el dirigente gremial.<\/p>\n<p class=\"c-paragraph\">Ahora bien, tal como subraya Pinto, la cosecha de trigo durante la temporada 2025-2026 fue r\u00e9cord. Los molinos recibieron entre\u00a0<b>25,5\u00a0<\/b>y\u00a0<b>27,8 millones de toneladas<\/b>, m\u00e1s de 8 millones en relaci\u00f3n a la campa\u00f1a anterior.<\/p>\n<p class=\"c-paragraph\">Hoy, sostiene, el panorama es de \u201ctotal incertidumbre\u201d que cuenta con el agravante de la imposibilidad de trasladar el feroz incremento en los costos de producci\u00f3n al precio del kilo de pan. Para tomar dimensi\u00f3n, en octubre de 2023 la bolsa de harina de 25 kilos costaba 2.300 pesos y hoy en d\u00eda est\u00e1 entre\u00a0<b>17 mil y 22 mil pesos<\/b>. Ese mil por ciento de aumento, tal como hubo en el gas, la luz o el agua, no se traslad\u00f3 a los productos de panader\u00eda que en casi tres a\u00f1os crecieron poco m\u00e1s del 200 por ciento.<\/p>\n<p class=\"c-paragraph\">M\u00e1s all\u00e1 de que el objetivo fue sostener el consumo, los datos son poco alentadores. Los relevamientos de CIPAN estiman una ca\u00edda cercana al<b>\u00a060 por ciento\u00a0<\/b>en las ventas de pan tradicional en los \u00faltimos a\u00f1os y retrocesos de entre el\u00a0<b>80 y el 85 por ciento<\/b>\u00a0en productos como facturas y pasteler\u00eda.<\/p>\n<p class=\"c-paragraph\">Esta retracci\u00f3n se estandariz\u00f3 en todas las aristas de la comida de los argentinos. El \u00faltimo informe de ventas minoristas de la\u00a0<b>C\u00e1mara Argentina de la Mediana Empresa<\/b>, el consumo registr\u00f3 en julio una ca\u00edda interanual del 5,4 por ciento en el rubro Alimentos y Bebidas y advirti\u00f3 sobre el impacto de la p\u00e9rdida de capacidad adquisitiva y de las tarifas de servicios sobre el presupuesto de los hogares.<\/p>\n<p class=\"c-paragraph\"><b>\u201cYa no sabemos qu\u00e9 hacer, porque todo est\u00e1 mal, donde mires, todo est\u00e1 mal, el consumo, la producci\u00f3n, la salud porque no hay m\u00e9dicos, todo\u201d<\/b>, alerta Pinto. S\u00f3lo en 2025, cerraron m\u00e1s 620 panader\u00edas de barrio en la provincia de Buenos Aires y los n\u00fameros de este a\u00f1o son muy poco alentadores.<\/p>\n<div data-chromatic=\"ignore\">\n<div>\n<div class=\"twitter-tweet twitter-tweet-rendered\"><iframe id=\"twitter-widget-0\" class=\"\" title=\"X Post\" src=\"https:\/\/platform.twitter.com\/embed\/Tweet.html?dnt=false&amp;embedId=twitter-widget-0&amp;features=eyJ0ZndfdGltZWxpbmVfbGlzdCI6eyJidWNrZXQiOltdLCJ2ZXJzaW9uIjpudWxsfSwidGZ3X2ZvbGxvd2VyX2NvdW50X3N1bnNldCI6eyJidWNrZXQiOnRydWUsInZlcnNpb24iOm51bGx9LCJ0ZndfdHdlZXRfZWRpdF9iYWNrZW5kIjp7ImJ1Y2tldCI6Im9uIiwidmVyc2lvbiI6bnVsbH0sInRmd19yZWZzcmNfc2Vzc2lvbiI6eyJidWNrZXQiOiJvbiIsInZlcnNpb24iOm51bGx9LCJ0ZndfZm9zbnJfc29mdF9pbnRlcnZlbnRpb25zX2VuYWJsZWQiOnsiYnVja2V0Ijoib24iLCJ2ZXJzaW9uIjpudWxsfSwidGZ3X21peGVkX21lZGlhXzE1ODk3Ijp7ImJ1Y2tldCI6InRyZWF0bWVudCIsInZlcnNpb24iOm51bGx9LCJ0ZndfZXhwZXJpbWVudHNfY29va2llX2V4cGlyYXRpb24iOnsiYnVja2V0IjoxMjA5NjAwLCJ2ZXJzaW9uIjpudWxsfSwidGZ3X3Nob3dfYmlyZHdhdGNoX3Bpdm90c19lbmFibGVkIjp7ImJ1Y2tldCI6Im9uIiwidmVyc2lvbiI6bnVsbH0sInRmd19kdXBsaWNhdGVfc2NyaWJlc190b19zZXR0aW5ncyI6eyJidWNrZXQiOiJvbiIsInZlcnNpb24iOm51bGx9LCJ0ZndfdXNlX3Byb2ZpbGVfaW1hZ2Vfc2hhcGVfZW5hYmxlZCI6eyJidWNrZXQiOiJvbiIsInZlcnNpb24iOm51bGx9LCJ0ZndfdmlkZW9faGxzX2R5bmFtaWNfbWFuaWZlc3RzXzE1MDgyIjp7ImJ1Y2tldCI6InRydWVfYml0cmF0ZSIsInZlcnNpb24iOm51bGx9LCJ0ZndfbGVnYWN5X3RpbWVsaW5lX3N1bnNldCI6eyJidWNrZXQiOnRydWUsInZlcnNpb24iOm51bGx9LCJ0ZndfdHdlZXRfZWRpdF9mcm9udGVuZCI6eyJidWNrZXQiOiJvbiIsInZlcnNpb24iOm51bGx9fQ%3D%3D&amp;frame=false&amp;hideCard=false&amp;hideThread=false&amp;id=2094083882333188549&amp;lang=es&amp;origin=https%3A%2F%2Fwww.pagina12.com.ar%2F2026%2F09%2F01%2Flas-panaderias-bonaerenses-se-quedan-sin-harina%2F&amp;sessionId=2282d8639c5d894e476cefbd0e1bd56c10d1b51b&amp;siteScreenName=pagina12&amp;theme=light&amp;widgetsVersion=6a3ad42b224df%3A1778106238597&amp;width=550px\" frameborder=\"0\" scrolling=\"no\" allowfullscreen=\"allowfullscreen\" data-tweet-id=\"2094083882333188549\" data-mce-fragment=\"1\"><\/iframe><\/div>\n<\/div>\n<\/div>\n<p class=\"c-paragraph\">La \u00faltima publicaci\u00f3n del ministro de Econom\u00eda bonaerense,\u00a0<b>Pablo L\u00f3pez<\/b>, en su cuenta de X pinta un paisaje desolador. Si se compara el 2026 con el 2025, la ca\u00edda de la venta en los supermercados cay\u00f3 m\u00e1s de 3 puntos, y casi 10 en relaci\u00f3n a diciembre de 2023. Por el lado de las ventas en centros de compras, este a\u00f1o registr\u00f3 casi un 5 por ciento menos que el a\u00f1o pasado, y un 6,7 por detr\u00e1s de 2023.<\/p>\n<p>&nbsp;<\/p>\n<p><span class=\"prefix\">Por\u00a0<\/span><span class=\"name\">Andres Miquel\u00a0 &#8211; P\u00e1gina 12<\/span><\/p>\n","protected":false},"excerpt":{"rendered":"<p>Desde el Centro de Industriales Panaderos de Merlo se\u00f1alan que la semana arranc\u00f3 a pura incertidumbre sobre precios y abastecimiento. La excusa, dicen los proveedores, es la suba del trigo en el plano internacional.<\/p>\n","protected":false},"author":3,"featured_media":122788,"comment_status":"closed","ping_status":"closed","sticky":false,"template":"","format":"standard","meta":{"footnotes":""},"categories":[36],"tags":[],"class_list":["post-142910","post","type-post","status-publish","format-standard","has-post-thumbnail","hentry","category-economia"],"yoast_head":"<!-- This site is optimized with the Yoast SEO plugin v25.9 - https:\/\/yoast.com\/wordpress\/plugins\/seo\/ -->\n<title>Las panader\u00edas bonaerenses se quedan sin harina - Noticias Radio Reflejos<\/title>\n<meta name=\"robots\" content=\"index, follow, max-snippet:-1, max-image-preview:large, max-video-preview:-1\" \/>\n<link rel=\"canonical\" href=\"https:\/\/www.noticiasradioreflejos.com.ar\/2021\/las-panaderias-bonaerenses-se-quedan-sin-harina\/\" \/>\n<meta property=\"og:locale\" content=\"es_ES\" \/>\n<meta property=\"og:type\" content=\"article\" \/>\n<meta property=\"og:title\" content=\"Las panader\u00edas bonaerenses se quedan sin harina - Noticias Radio Reflejos\" \/>\n<meta property=\"og:description\" content=\"Desde el Centro de Industriales Panaderos de Merlo se\u00f1alan que la semana arranc\u00f3 a pura incertidumbre sobre precios y abastecimiento. La excusa, dicen los proveedores, es la suba del trigo en el plano internacional.\" \/>\n<meta property=\"og:url\" content=\"https:\/\/www.noticiasradioreflejos.com.ar\/2021\/las-panaderias-bonaerenses-se-quedan-sin-harina\/\" \/>\n<meta property=\"og:site_name\" content=\"Noticias Radio Reflejos\" \/>\n<meta property=\"article:published_time\" content=\"2026-09-01T16:37:24+00:00\" \/>\n<meta property=\"og:image\" content=\"https:\/\/www.noticiasradioreflejos.com.ar\/2021\/wp-content\/uploads\/2025\/08\/panaderos.jpg\" \/>\n\t<meta property=\"og:image:width\" content=\"1200\" \/>\n\t<meta property=\"og:image:height\" content=\"675\" \/>\n\t<meta property=\"og:image:type\" content=\"image\/jpeg\" \/>\n<meta name=\"author\" content=\"Arnaldo Botto\" \/>\n<meta name=\"twitter:card\" content=\"summary_large_image\" \/>\n<script type=\"application\/ld+json\" class=\"yoast-schema-graph\">{\"@context\":\"https:\/\/schema.org\",\"@graph\":[{\"@type\":\"WebPage\",\"@id\":\"https:\/\/www.noticiasradioreflejos.com.ar\/2021\/las-panaderias-bonaerenses-se-quedan-sin-harina\/\",\"url\":\"https:\/\/www.noticiasradioreflejos.com.ar\/2021\/las-panaderias-bonaerenses-se-quedan-sin-harina\/\",\"name\":\"Las panader\u00edas bonaerenses se quedan sin harina - Noticias Radio Reflejos\",\"isPartOf\":{\"@id\":\"https:\/\/www.noticiasradioreflejos.com.ar\/2021\/#website\"},\"primaryImageOfPage\":{\"@id\":\"https:\/\/www.noticiasradioreflejos.com.ar\/2021\/las-panaderias-bonaerenses-se-quedan-sin-harina\/#primaryimage\"},\"image\":{\"@id\":\"https:\/\/www.noticiasradioreflejos.com.ar\/2021\/las-panaderias-bonaerenses-se-quedan-sin-harina\/#primaryimage\"},\"thumbnailUrl\":\"https:\/\/www.noticiasradioreflejos.com.ar\/2021\/wp-content\/uploads\/2025\/08\/panaderos.jpg\",\"datePublished\":\"2026-09-01T16:37:24+00:00\",\"author\":{\"@id\":\"https:\/\/www.noticiasradioreflejos.com.ar\/2021\/#\/schema\/person\/ad82545263dcc5ec0996818884fd5fb1\"},\"breadcrumb\":{\"@id\":\"https:\/\/www.noticiasradioreflejos.com.ar\/2021\/las-panaderias-bonaerenses-se-quedan-sin-harina\/#breadcrumb\"},\"inLanguage\":\"es\",\"potentialAction\":[{\"@type\":\"ReadAction\",\"target\":[\"https:\/\/www.noticiasradioreflejos.com.ar\/2021\/las-panaderias-bonaerenses-se-quedan-sin-harina\/\"]}]},{\"@type\":\"ImageObject\",\"inLanguage\":\"es\",\"@id\":\"https:\/\/www.noticiasradioreflejos.com.ar\/2021\/las-panaderias-bonaerenses-se-quedan-sin-harina\/#primaryimage\",\"url\":\"https:\/\/www.noticiasradioreflejos.com.ar\/2021\/wp-content\/uploads\/2025\/08\/panaderos.jpg\",\"contentUrl\":\"https:\/\/www.noticiasradioreflejos.com.ar\/2021\/wp-content\/uploads\/2025\/08\/panaderos.jpg\",\"width\":1200,\"height\":675},{\"@type\":\"BreadcrumbList\",\"@id\":\"https:\/\/www.noticiasradioreflejos.com.ar\/2021\/las-panaderias-bonaerenses-se-quedan-sin-harina\/#breadcrumb\",\"itemListElement\":[{\"@type\":\"ListItem\",\"position\":1,\"name\":\"Portada\",\"item\":\"https:\/\/www.noticiasradioreflejos.com.ar\/2021\/\"},{\"@type\":\"ListItem\",\"position\":2,\"name\":\"Las panader\u00edas bonaerenses se quedan sin harina\"}]},{\"@type\":\"WebSite\",\"@id\":\"https:\/\/www.noticiasradioreflejos.com.ar\/2021\/#website\",\"url\":\"https:\/\/www.noticiasradioreflejos.com.ar\/2021\/\",\"name\":\"Noticias Radio Reflejos\",\"description\":\"Las noticias de mi comarca\",\"potentialAction\":[{\"@type\":\"SearchAction\",\"target\":{\"@type\":\"EntryPoint\",\"urlTemplate\":\"https:\/\/www.noticiasradioreflejos.com.ar\/2021\/?s={search_term_string}\"},\"query-input\":{\"@type\":\"PropertyValueSpecification\",\"valueRequired\":true,\"valueName\":\"search_term_string\"}}],\"inLanguage\":\"es\"},{\"@type\":\"Person\",\"@id\":\"https:\/\/www.noticiasradioreflejos.com.ar\/2021\/#\/schema\/person\/ad82545263dcc5ec0996818884fd5fb1\",\"name\":\"Arnaldo Botto\",\"image\":{\"@type\":\"ImageObject\",\"inLanguage\":\"es\",\"@id\":\"https:\/\/www.noticiasradioreflejos.com.ar\/2021\/#\/schema\/person\/image\/\",\"url\":\"https:\/\/secure.gravatar.com\/avatar\/55cb5e37c1efa326397366e6974cb338056df65cb50e7d64d1cf314e87504837?s=96&d=mm&r=g\",\"contentUrl\":\"https:\/\/secure.gravatar.com\/avatar\/55cb5e37c1efa326397366e6974cb338056df65cb50e7d64d1cf314e87504837?s=96&d=mm&r=g\",\"caption\":\"Arnaldo Botto\"},\"url\":\"https:\/\/www.noticiasradioreflejos.com.ar\/2021\/author\/arnaldo\/\"}]}<\/script>\n<!-- \/ Yoast SEO plugin. -->","yoast_head_json":{"title":"Las panader\u00edas bonaerenses se quedan sin harina - Noticias Radio Reflejos","robots":{"index":"index","follow":"follow","max-snippet":"max-snippet:-1","max-image-preview":"max-image-preview:large","max-video-preview":"max-video-preview:-1"},"canonical":"https:\/\/www.noticiasradioreflejos.com.ar\/2021\/las-panaderias-bonaerenses-se-quedan-sin-harina\/","og_locale":"es_ES","og_type":"article","og_title":"Las panader\u00edas bonaerenses se quedan sin harina - Noticias Radio Reflejos","og_description":"Desde el Centro de Industriales Panaderos de Merlo se\u00f1alan que la semana arranc\u00f3 a pura incertidumbre sobre precios y abastecimiento. La excusa, dicen los proveedores, es la suba del trigo en el plano internacional.","og_url":"https:\/\/www.noticiasradioreflejos.com.ar\/2021\/las-panaderias-bonaerenses-se-quedan-sin-harina\/","og_site_name":"Noticias Radio Reflejos","article_published_time":"2026-09-01T16:37:24+00:00","og_image":[{"width":1200,"height":675,"url":"https:\/\/www.noticiasradioreflejos.com.ar\/2021\/wp-content\/uploads\/2025\/08\/panaderos.jpg","type":"image\/jpeg"}],"author":"Arnaldo Botto","twitter_card":"summary_large_image","schema":{"@context":"https:\/\/schema.org","@graph":[{"@type":"WebPage","@id":"https:\/\/www.noticiasradioreflejos.com.ar\/2021\/las-panaderias-bonaerenses-se-quedan-sin-harina\/","url":"https:\/\/www.noticiasradioreflejos.com.ar\/2021\/las-panaderias-bonaerenses-se-quedan-sin-harina\/","name":"Las panader\u00edas bonaerenses se quedan sin harina - Noticias Radio Reflejos","isPartOf":{"@id":"https:\/\/www.noticiasradioreflejos.com.ar\/2021\/#website"},"primaryImageOfPage":{"@id":"https:\/\/www.noticiasradioreflejos.com.ar\/2021\/las-panaderias-bonaerenses-se-quedan-sin-harina\/#primaryimage"},"image":{"@id":"https:\/\/www.noticiasradioreflejos.com.ar\/2021\/las-panaderias-bonaerenses-se-quedan-sin-harina\/#primaryimage"},"thumbnailUrl":"https:\/\/www.noticiasradioreflejos.com.ar\/2021\/wp-content\/uploads\/2025\/08\/panaderos.jpg","datePublished":"2026-09-01T16:37:24+00:00","author":{"@id":"https:\/\/www.noticiasradioreflejos.com.ar\/2021\/#\/schema\/person\/ad82545263dcc5ec0996818884fd5fb1"},"breadcrumb":{"@id":"https:\/\/www.noticiasradioreflejos.com.ar\/2021\/las-panaderias-bonaerenses-se-quedan-sin-harina\/#breadcrumb"},"inLanguage":"es","potentialAction":[{"@type":"ReadAction","target":["https:\/\/www.noticiasradioreflejos.com.ar\/2021\/las-panaderias-bonaerenses-se-quedan-sin-harina\/"]}]},{"@type":"ImageObject","inLanguage":"es","@id":"https:\/\/www.noticiasradioreflejos.com.ar\/2021\/las-panaderias-bonaerenses-se-quedan-sin-harina\/#primaryimage","url":"https:\/\/www.noticiasradioreflejos.com.ar\/2021\/wp-content\/uploads\/2025\/08\/panaderos.jpg","contentUrl":"https:\/\/www.noticiasradioreflejos.com.ar\/2021\/wp-content\/uploads\/2025\/08\/panaderos.jpg","width":1200,"height":675},{"@type":"BreadcrumbList","@id":"https:\/\/www.noticiasradioreflejos.com.ar\/2021\/las-panaderias-bonaerenses-se-quedan-sin-harina\/#breadcrumb","itemListElement":[{"@type":"ListItem","position":1,"name":"Portada","item":"https:\/\/www.noticiasradioreflejos.com.ar\/2021\/"},{"@type":"ListItem","position":2,"name":"Las panader\u00edas bonaerenses se quedan sin harina"}]},{"@type":"WebSite","@id":"https:\/\/www.noticiasradioreflejos.com.ar\/2021\/#website","url":"https:\/\/www.noticiasradioreflejos.com.ar\/2021\/","name":"Noticias Radio Reflejos","description":"Las noticias de mi comarca","potentialAction":[{"@type":"SearchAction","target":{"@type":"EntryPoint","urlTemplate":"https:\/\/www.noticiasradioreflejos.com.ar\/2021\/?s={search_term_string}"},"query-input":{"@type":"PropertyValueSpecification","valueRequired":true,"valueName":"search_term_string"}}],"inLanguage":"es"},{"@type":"Person","@id":"https:\/\/www.noticiasradioreflejos.com.ar\/2021\/#\/schema\/person\/ad82545263dcc5ec0996818884fd5fb1","name":"Arnaldo Botto","image":{"@type":"ImageObject","inLanguage":"es","@id":"https:\/\/www.noticiasradioreflejos.com.ar\/2021\/#\/schema\/person\/image\/","url":"https:\/\/secure.gravatar.com\/avatar\/55cb5e37c1efa326397366e6974cb338056df65cb50e7d64d1cf314e87504837?s=96&d=mm&r=g","contentUrl":"https:\/\/secure.gravatar.com\/avatar\/55cb5e37c1efa326397366e6974cb338056df65cb50e7d64d1cf314e87504837?s=96&d=mm&r=g","caption":"Arnaldo Botto"},"url":"https:\/\/www.noticiasradioreflejos.com.ar\/2021\/author\/arnaldo\/"}]}},"_links":{"self":[{"href":"https:\/\/www.noticiasradioreflejos.com.ar\/2021\/wp-json\/wp\/v2\/posts\/142910","targetHints":{"allow":["GET"]}}],"collection":[{"href":"https:\/\/www.noticiasradioreflejos.com.ar\/2021\/wp-json\/wp\/v2\/posts"}],"about":[{"href":"https:\/\/www.noticiasradioreflejos.com.ar\/2021\/wp-json\/wp\/v2\/types\/post"}],"author":[{"embeddable":true,"href":"https:\/\/www.noticiasradioreflejos.com.ar\/2021\/wp-json\/wp\/v2\/users\/3"}],"replies":[{"embeddable":true,"href":"https:\/\/www.noticiasradioreflejos.com.ar\/2021\/wp-json\/wp\/v2\/comments?post=142910"}],"version-history":[{"count":1,"href":"https:\/\/www.noticiasradioreflejos.com.ar\/2021\/wp-json\/wp\/v2\/posts\/142910\/revisions"}],"predecessor-version":[{"id":142911,"href":"https:\/\/www.noticiasradioreflejos.com.ar\/2021\/wp-json\/wp\/v2\/posts\/142910\/revisions\/142911"}],"wp:featuredmedia":[{"embeddable":true,"href":"https:\/\/www.noticiasradioreflejos.com.ar\/2021\/wp-json\/wp\/v2\/media\/122788"}],"wp:attachment":[{"href":"https:\/\/www.noticiasradioreflejos.com.ar\/2021\/wp-json\/wp\/v2\/media?parent=142910"}],"wp:term":[{"taxonomy":"category","embeddable":true,"href":"https:\/\/www.noticiasradioreflejos.com.ar\/2021\/wp-json\/wp\/v2\/categories?post=142910"},{"taxonomy":"post_tag","embeddable":true,"href":"https:\/\/www.noticiasradioreflejos.com.ar\/2021\/wp-json\/wp\/v2\/tags?post=142910"}],"curies":[{"name":"wp","href":"https:\/\/api.w.org\/{rel}","templated":true}]}}