{"id":142907,"date":"2026-09-01T13:31:12","date_gmt":"2026-09-01T16:31:12","guid":{"rendered":"https:\/\/www.noticiasradioreflejos.com.ar\/2021\/?p=142907"},"modified":"2026-09-01T13:31:12","modified_gmt":"2026-09-01T16:31:12","slug":"el-mensaje-de-axel-kicillof-a-cuatro-anos-del-atentado-a-cristina-kirchner-seguimos-exigiendo-que-se-haga-justicia","status":"publish","type":"post","link":"https:\/\/www.noticiasradioreflejos.com.ar\/2021\/el-mensaje-de-axel-kicillof-a-cuatro-anos-del-atentado-a-cristina-kirchner-seguimos-exigiendo-que-se-haga-justicia\/","title":{"rendered":"El mensaje de Axel Kicillof a cuatro a\u00f1os del atentado a Cristina Kirchner: \u201cSeguimos exigiendo que se haga justicia\u201d"},"content":{"rendered":"<p>El gobernador bonaerense cuestion\u00f3 la falta de avances en la investigaci\u00f3n sobre los autores intelectuales del ataque a la ex mandataria.<!--more--><\/p>\n<div class=\"columns\" data-tadevel-template=\"web\/article-columns\">\n<div class=\"column-main\">\n<figure class=\"multimedia\" data-tadevel-template=\"web\/multimedia\" data-type=\"photo\">\n<div class=\"content\">\n<div class=\"sizer\" data-sizer=\"aspect-ratio\" data-tadevel-template=\"web\/aspect-ratio\"><\/div>\n<\/div><figcaption class=\"caption\"><\/figcaption><\/figure>\n<div class=\"article-body\" data-tadevel-template=\"web\/article-body\">\n<div class=\"article-body-content\">\n<p>El gobernador de la provincia de Buenos Aires,\u00a0<strong>Axel Kicillof, repudi\u00f3 este martes la falta de avances judiciales al cumplirse el cuarto a\u00f1o del intento de magnicidio contra la ex presidenta Cristina Fern\u00e1ndez de Kirchner<\/strong>\u00a0y\u00a0<strong>remarc\u00f3 la necesidad de dar con los responsables ideol\u00f3gicos del hecho<\/strong>.<\/p>\n<figure class=\"multimedia\" data-tadevel-template=\"web\/multimedia\" data-type=\"photo\">\n<div class=\"content\">\n<div class=\"sizer\" data-sizer=\"aspect-ratio\" data-tadevel-template=\"web\/aspect-ratio\">\n<p>&nbsp;<\/p>\n<\/div>\n<\/div>\n<\/figure>\n<p>A trav\u00e9s de una publicaci\u00f3n en sus redes sociales a la que tuvo acceso la Agencia Noticias Argentinas,\u00a0<strong>el mandatario bonaerense calific\u00f3 de \u201crealmente grave\u201d que, tras cuatro a\u00f1os del ataque, la causa penal \u201cno haya arrojado ning\u00fan resultado sobre los autores intelectuales\u201d<\/strong>.<\/p>\n<p>En ese sentido, Kicillof traz\u00f3 una analog\u00eda entre la situaci\u00f3n judicial de la referente peronista y la falta de condenas de fondo sobre la planificaci\u00f3n del atentado: \u201c<strong>Hoy Cristina contin\u00faa injustamente detenida y el intento de asesinato que sufri\u00f3 sigue impune. Son dos caras de una misma moneda: un plan para disciplinar al campo popular y amedrentar a todos los que quieran representar a nuestro pueblo\u201d<\/strong>.<\/p>\n<p>Por \u00faltimo,\u00a0<strong>el gobernador de la provincia de Buenos Aires ratific\u00f3 el reclamo del espacio pol\u00edtico que integra al se\u00f1alar: \u201cSeguimos exigiendo que se haga justicia\u201d.<\/strong><\/p>\n<p>Asimismo, su publicaci\u00f3n se suma al pronunciamiento difundido por distintas figuras y sectores del Partido Justicialista al conmemorarse cuatro a\u00f1os del hecho ocurrido frente al departamento de Recoleta en 2022.<\/p>\n<p>Agencia NA<\/p>\n<\/div>\n<\/div>\n<\/div>\n<\/div>\n","protected":false},"excerpt":{"rendered":"<p>El gobernador bonaerense cuestion\u00f3 la falta de avances en la investigaci\u00f3n sobre los autores intelectuales del ataque a la ex mandataria.<\/p>\n","protected":false},"author":3,"featured_media":142908,"comment_status":"closed","ping_status":"closed","sticky":false,"template":"","format":"standard","meta":{"footnotes":""},"categories":[57,24],"tags":[],"class_list":["post-142907","post","type-post","status-publish","format-standard","has-post-thumbnail","hentry","category-judiciales","category-politica"],"yoast_head":"<!-- This site is optimized with the Yoast SEO plugin v25.9 - https:\/\/yoast.com\/wordpress\/plugins\/seo\/ -->\n<title>El mensaje de Axel Kicillof a cuatro a\u00f1os del atentado a Cristina Kirchner: \u201cSeguimos exigiendo que se haga justicia\u201d - Noticias Radio Reflejos<\/title>\n<meta name=\"robots\" content=\"index, follow, max-snippet:-1, max-image-preview:large, max-video-preview:-1\" \/>\n<link rel=\"canonical\" href=\"https:\/\/www.noticiasradioreflejos.com.ar\/2021\/el-mensaje-de-axel-kicillof-a-cuatro-anos-del-atentado-a-cristina-kirchner-seguimos-exigiendo-que-se-haga-justicia\/\" \/>\n<meta property=\"og:locale\" content=\"es_ES\" \/>\n<meta property=\"og:type\" content=\"article\" \/>\n<meta property=\"og:title\" content=\"El mensaje de Axel Kicillof a cuatro a\u00f1os del atentado a Cristina Kirchner: \u201cSeguimos exigiendo que se haga justicia\u201d - Noticias Radio Reflejos\" \/>\n<meta property=\"og:description\" content=\"El gobernador bonaerense cuestion\u00f3 la falta de avances en la investigaci\u00f3n sobre los autores intelectuales del ataque a la ex mandataria.\" \/>\n<meta property=\"og:url\" content=\"https:\/\/www.noticiasradioreflejos.com.ar\/2021\/el-mensaje-de-axel-kicillof-a-cuatro-anos-del-atentado-a-cristina-kirchner-seguimos-exigiendo-que-se-haga-justicia\/\" \/>\n<meta property=\"og:site_name\" content=\"Noticias Radio Reflejos\" \/>\n<meta property=\"article:published_time\" content=\"2026-09-01T16:31:12+00:00\" \/>\n<meta property=\"og:image\" content=\"https:\/\/www.noticiasradioreflejos.com.ar\/2021\/wp-content\/uploads\/2026\/09\/axel-y-Cristina.webp\" \/>\n\t<meta property=\"og:image:width\" content=\"1096\" \/>\n\t<meta property=\"og:image:height\" content=\"720\" \/>\n\t<meta property=\"og:image:type\" content=\"image\/webp\" \/>\n<meta name=\"author\" content=\"Arnaldo Botto\" \/>\n<meta name=\"twitter:card\" content=\"summary_large_image\" \/>\n<script type=\"application\/ld+json\" class=\"yoast-schema-graph\">{\"@context\":\"https:\/\/schema.org\",\"@graph\":[{\"@type\":\"WebPage\",\"@id\":\"https:\/\/www.noticiasradioreflejos.com.ar\/2021\/el-mensaje-de-axel-kicillof-a-cuatro-anos-del-atentado-a-cristina-kirchner-seguimos-exigiendo-que-se-haga-justicia\/\",\"url\":\"https:\/\/www.noticiasradioreflejos.com.ar\/2021\/el-mensaje-de-axel-kicillof-a-cuatro-anos-del-atentado-a-cristina-kirchner-seguimos-exigiendo-que-se-haga-justicia\/\",\"name\":\"El mensaje de Axel Kicillof a cuatro a\u00f1os del atentado a Cristina Kirchner: \u201cSeguimos exigiendo que se haga justicia\u201d - Noticias Radio Reflejos\",\"isPartOf\":{\"@id\":\"https:\/\/www.noticiasradioreflejos.com.ar\/2021\/#website\"},\"primaryImageOfPage\":{\"@id\":\"https:\/\/www.noticiasradioreflejos.com.ar\/2021\/el-mensaje-de-axel-kicillof-a-cuatro-anos-del-atentado-a-cristina-kirchner-seguimos-exigiendo-que-se-haga-justicia\/#primaryimage\"},\"image\":{\"@id\":\"https:\/\/www.noticiasradioreflejos.com.ar\/2021\/el-mensaje-de-axel-kicillof-a-cuatro-anos-del-atentado-a-cristina-kirchner-seguimos-exigiendo-que-se-haga-justicia\/#primaryimage\"},\"thumbnailUrl\":\"https:\/\/www.noticiasradioreflejos.com.ar\/2021\/wp-content\/uploads\/2026\/09\/axel-y-Cristina.webp\",\"datePublished\":\"2026-09-01T16:31:12+00:00\",\"author\":{\"@id\":\"https:\/\/www.noticiasradioreflejos.com.ar\/2021\/#\/schema\/person\/ad82545263dcc5ec0996818884fd5fb1\"},\"breadcrumb\":{\"@id\":\"https:\/\/www.noticiasradioreflejos.com.ar\/2021\/el-mensaje-de-axel-kicillof-a-cuatro-anos-del-atentado-a-cristina-kirchner-seguimos-exigiendo-que-se-haga-justicia\/#breadcrumb\"},\"inLanguage\":\"es\",\"potentialAction\":[{\"@type\":\"ReadAction\",\"target\":[\"https:\/\/www.noticiasradioreflejos.com.ar\/2021\/el-mensaje-de-axel-kicillof-a-cuatro-anos-del-atentado-a-cristina-kirchner-seguimos-exigiendo-que-se-haga-justicia\/\"]}]},{\"@type\":\"ImageObject\",\"inLanguage\":\"es\",\"@id\":\"https:\/\/www.noticiasradioreflejos.com.ar\/2021\/el-mensaje-de-axel-kicillof-a-cuatro-anos-del-atentado-a-cristina-kirchner-seguimos-exigiendo-que-se-haga-justicia\/#primaryimage\",\"url\":\"https:\/\/www.noticiasradioreflejos.com.ar\/2021\/wp-content\/uploads\/2026\/09\/axel-y-Cristina.webp\",\"contentUrl\":\"https:\/\/www.noticiasradioreflejos.com.ar\/2021\/wp-content\/uploads\/2026\/09\/axel-y-Cristina.webp\",\"width\":1096,\"height\":720},{\"@type\":\"BreadcrumbList\",\"@id\":\"https:\/\/www.noticiasradioreflejos.com.ar\/2021\/el-mensaje-de-axel-kicillof-a-cuatro-anos-del-atentado-a-cristina-kirchner-seguimos-exigiendo-que-se-haga-justicia\/#breadcrumb\",\"itemListElement\":[{\"@type\":\"ListItem\",\"position\":1,\"name\":\"Portada\",\"item\":\"https:\/\/www.noticiasradioreflejos.com.ar\/2021\/\"},{\"@type\":\"ListItem\",\"position\":2,\"name\":\"El mensaje de Axel Kicillof a cuatro a\u00f1os del atentado a Cristina Kirchner: \u201cSeguimos exigiendo que se haga justicia\u201d\"}]},{\"@type\":\"WebSite\",\"@id\":\"https:\/\/www.noticiasradioreflejos.com.ar\/2021\/#website\",\"url\":\"https:\/\/www.noticiasradioreflejos.com.ar\/2021\/\",\"name\":\"Noticias Radio Reflejos\",\"description\":\"Las noticias de mi comarca\",\"potentialAction\":[{\"@type\":\"SearchAction\",\"target\":{\"@type\":\"EntryPoint\",\"urlTemplate\":\"https:\/\/www.noticiasradioreflejos.com.ar\/2021\/?s={search_term_string}\"},\"query-input\":{\"@type\":\"PropertyValueSpecification\",\"valueRequired\":true,\"valueName\":\"search_term_string\"}}],\"inLanguage\":\"es\"},{\"@type\":\"Person\",\"@id\":\"https:\/\/www.noticiasradioreflejos.com.ar\/2021\/#\/schema\/person\/ad82545263dcc5ec0996818884fd5fb1\",\"name\":\"Arnaldo Botto\",\"image\":{\"@type\":\"ImageObject\",\"inLanguage\":\"es\",\"@id\":\"https:\/\/www.noticiasradioreflejos.com.ar\/2021\/#\/schema\/person\/image\/\",\"url\":\"https:\/\/secure.gravatar.com\/avatar\/55cb5e37c1efa326397366e6974cb338056df65cb50e7d64d1cf314e87504837?s=96&d=mm&r=g\",\"contentUrl\":\"https:\/\/secure.gravatar.com\/avatar\/55cb5e37c1efa326397366e6974cb338056df65cb50e7d64d1cf314e87504837?s=96&d=mm&r=g\",\"caption\":\"Arnaldo Botto\"},\"url\":\"https:\/\/www.noticiasradioreflejos.com.ar\/2021\/author\/arnaldo\/\"}]}<\/script>\n<!-- \/ Yoast SEO plugin. -->","yoast_head_json":{"title":"El mensaje de Axel Kicillof a cuatro a\u00f1os del atentado a Cristina Kirchner: \u201cSeguimos exigiendo que se haga justicia\u201d - Noticias Radio Reflejos","robots":{"index":"index","follow":"follow","max-snippet":"max-snippet:-1","max-image-preview":"max-image-preview:large","max-video-preview":"max-video-preview:-1"},"canonical":"https:\/\/www.noticiasradioreflejos.com.ar\/2021\/el-mensaje-de-axel-kicillof-a-cuatro-anos-del-atentado-a-cristina-kirchner-seguimos-exigiendo-que-se-haga-justicia\/","og_locale":"es_ES","og_type":"article","og_title":"El mensaje de Axel Kicillof a cuatro a\u00f1os del atentado a Cristina Kirchner: \u201cSeguimos exigiendo que se haga justicia\u201d - Noticias Radio Reflejos","og_description":"El gobernador bonaerense cuestion\u00f3 la falta de avances en la investigaci\u00f3n sobre los autores intelectuales del ataque a la ex mandataria.","og_url":"https:\/\/www.noticiasradioreflejos.com.ar\/2021\/el-mensaje-de-axel-kicillof-a-cuatro-anos-del-atentado-a-cristina-kirchner-seguimos-exigiendo-que-se-haga-justicia\/","og_site_name":"Noticias Radio Reflejos","article_published_time":"2026-09-01T16:31:12+00:00","og_image":[{"width":1096,"height":720,"url":"https:\/\/www.noticiasradioreflejos.com.ar\/2021\/wp-content\/uploads\/2026\/09\/axel-y-Cristina.webp","type":"image\/webp"}],"author":"Arnaldo Botto","twitter_card":"summary_large_image","schema":{"@context":"https:\/\/schema.org","@graph":[{"@type":"WebPage","@id":"https:\/\/www.noticiasradioreflejos.com.ar\/2021\/el-mensaje-de-axel-kicillof-a-cuatro-anos-del-atentado-a-cristina-kirchner-seguimos-exigiendo-que-se-haga-justicia\/","url":"https:\/\/www.noticiasradioreflejos.com.ar\/2021\/el-mensaje-de-axel-kicillof-a-cuatro-anos-del-atentado-a-cristina-kirchner-seguimos-exigiendo-que-se-haga-justicia\/","name":"El mensaje de Axel Kicillof a cuatro a\u00f1os del atentado a Cristina Kirchner: \u201cSeguimos exigiendo que se haga justicia\u201d - Noticias Radio Reflejos","isPartOf":{"@id":"https:\/\/www.noticiasradioreflejos.com.ar\/2021\/#website"},"primaryImageOfPage":{"@id":"https:\/\/www.noticiasradioreflejos.com.ar\/2021\/el-mensaje-de-axel-kicillof-a-cuatro-anos-del-atentado-a-cristina-kirchner-seguimos-exigiendo-que-se-haga-justicia\/#primaryimage"},"image":{"@id":"https:\/\/www.noticiasradioreflejos.com.ar\/2021\/el-mensaje-de-axel-kicillof-a-cuatro-anos-del-atentado-a-cristina-kirchner-seguimos-exigiendo-que-se-haga-justicia\/#primaryimage"},"thumbnailUrl":"https:\/\/www.noticiasradioreflejos.com.ar\/2021\/wp-content\/uploads\/2026\/09\/axel-y-Cristina.webp","datePublished":"2026-09-01T16:31:12+00:00","author":{"@id":"https:\/\/www.noticiasradioreflejos.com.ar\/2021\/#\/schema\/person\/ad82545263dcc5ec0996818884fd5fb1"},"breadcrumb":{"@id":"https:\/\/www.noticiasradioreflejos.com.ar\/2021\/el-mensaje-de-axel-kicillof-a-cuatro-anos-del-atentado-a-cristina-kirchner-seguimos-exigiendo-que-se-haga-justicia\/#breadcrumb"},"inLanguage":"es","potentialAction":[{"@type":"ReadAction","target":["https:\/\/www.noticiasradioreflejos.com.ar\/2021\/el-mensaje-de-axel-kicillof-a-cuatro-anos-del-atentado-a-cristina-kirchner-seguimos-exigiendo-que-se-haga-justicia\/"]}]},{"@type":"ImageObject","inLanguage":"es","@id":"https:\/\/www.noticiasradioreflejos.com.ar\/2021\/el-mensaje-de-axel-kicillof-a-cuatro-anos-del-atentado-a-cristina-kirchner-seguimos-exigiendo-que-se-haga-justicia\/#primaryimage","url":"https:\/\/www.noticiasradioreflejos.com.ar\/2021\/wp-content\/uploads\/2026\/09\/axel-y-Cristina.webp","contentUrl":"https:\/\/www.noticiasradioreflejos.com.ar\/2021\/wp-content\/uploads\/2026\/09\/axel-y-Cristina.webp","width":1096,"height":720},{"@type":"BreadcrumbList","@id":"https:\/\/www.noticiasradioreflejos.com.ar\/2021\/el-mensaje-de-axel-kicillof-a-cuatro-anos-del-atentado-a-cristina-kirchner-seguimos-exigiendo-que-se-haga-justicia\/#breadcrumb","itemListElement":[{"@type":"ListItem","position":1,"name":"Portada","item":"https:\/\/www.noticiasradioreflejos.com.ar\/2021\/"},{"@type":"ListItem","position":2,"name":"El mensaje de Axel Kicillof a cuatro a\u00f1os del atentado a Cristina Kirchner: \u201cSeguimos exigiendo que se haga justicia\u201d"}]},{"@type":"WebSite","@id":"https:\/\/www.noticiasradioreflejos.com.ar\/2021\/#website","url":"https:\/\/www.noticiasradioreflejos.com.ar\/2021\/","name":"Noticias Radio Reflejos","description":"Las noticias de mi comarca","potentialAction":[{"@type":"SearchAction","target":{"@type":"EntryPoint","urlTemplate":"https:\/\/www.noticiasradioreflejos.com.ar\/2021\/?s={search_term_string}"},"query-input":{"@type":"PropertyValueSpecification","valueRequired":true,"valueName":"search_term_string"}}],"inLanguage":"es"},{"@type":"Person","@id":"https:\/\/www.noticiasradioreflejos.com.ar\/2021\/#\/schema\/person\/ad82545263dcc5ec0996818884fd5fb1","name":"Arnaldo Botto","image":{"@type":"ImageObject","inLanguage":"es","@id":"https:\/\/www.noticiasradioreflejos.com.ar\/2021\/#\/schema\/person\/image\/","url":"https:\/\/secure.gravatar.com\/avatar\/55cb5e37c1efa326397366e6974cb338056df65cb50e7d64d1cf314e87504837?s=96&d=mm&r=g","contentUrl":"https:\/\/secure.gravatar.com\/avatar\/55cb5e37c1efa326397366e6974cb338056df65cb50e7d64d1cf314e87504837?s=96&d=mm&r=g","caption":"Arnaldo Botto"},"url":"https:\/\/www.noticiasradioreflejos.com.ar\/2021\/author\/arnaldo\/"}]}},"_links":{"self":[{"href":"https:\/\/www.noticiasradioreflejos.com.ar\/2021\/wp-json\/wp\/v2\/posts\/142907","targetHints":{"allow":["GET"]}}],"collection":[{"href":"https:\/\/www.noticiasradioreflejos.com.ar\/2021\/wp-json\/wp\/v2\/posts"}],"about":[{"href":"https:\/\/www.noticiasradioreflejos.com.ar\/2021\/wp-json\/wp\/v2\/types\/post"}],"author":[{"embeddable":true,"href":"https:\/\/www.noticiasradioreflejos.com.ar\/2021\/wp-json\/wp\/v2\/users\/3"}],"replies":[{"embeddable":true,"href":"https:\/\/www.noticiasradioreflejos.com.ar\/2021\/wp-json\/wp\/v2\/comments?post=142907"}],"version-history":[{"count":1,"href":"https:\/\/www.noticiasradioreflejos.com.ar\/2021\/wp-json\/wp\/v2\/posts\/142907\/revisions"}],"predecessor-version":[{"id":142909,"href":"https:\/\/www.noticiasradioreflejos.com.ar\/2021\/wp-json\/wp\/v2\/posts\/142907\/revisions\/142909"}],"wp:featuredmedia":[{"embeddable":true,"href":"https:\/\/www.noticiasradioreflejos.com.ar\/2021\/wp-json\/wp\/v2\/media\/142908"}],"wp:attachment":[{"href":"https:\/\/www.noticiasradioreflejos.com.ar\/2021\/wp-json\/wp\/v2\/media?parent=142907"}],"wp:term":[{"taxonomy":"category","embeddable":true,"href":"https:\/\/www.noticiasradioreflejos.com.ar\/2021\/wp-json\/wp\/v2\/categories?post=142907"},{"taxonomy":"post_tag","embeddable":true,"href":"https:\/\/www.noticiasradioreflejos.com.ar\/2021\/wp-json\/wp\/v2\/tags?post=142907"}],"curies":[{"name":"wp","href":"https:\/\/api.w.org\/{rel}","templated":true}]}}