{"id":142896,"date":"2026-09-01T13:26:54","date_gmt":"2026-09-01T16:26:54","guid":{"rendered":"https:\/\/www.noticiasradioreflejos.com.ar\/2021\/?p=142896"},"modified":"2026-09-01T13:27:48","modified_gmt":"2026-09-01T16:27:48","slug":"sierra-de-la-ventana-albergara-la-4-fecha-del-campeonato-del-sur-de-duatlon-con-record-de-inscriptos-y-proyeccion-regional","status":"publish","type":"post","link":"https:\/\/www.noticiasradioreflejos.com.ar\/2021\/sierra-de-la-ventana-albergara-la-4-fecha-del-campeonato-del-sur-de-duatlon-con-record-de-inscriptos-y-proyeccion-regional\/","title":{"rendered":"Sierra de la Ventana albergar\u00e1 la 4\u00b0 fecha del Campeonato del Sur de Duatl\u00f3n con r\u00e9cord de inscriptos y proyecci\u00f3n regional"},"content":{"rendered":"<p data-path-to-node=\"11\">Organizado por el CEF N\u00b0 195 junto al Municipio de Tornquist, el \u00abDuatl\u00f3n de las Sierras\u00bb se disputar\u00e1 este domingo 6 de septiembre. Reunir\u00e1 a cerca de 100 atletas e busca consolidarse como fecha fija en el calendario deportivo bonaerense.<!--more--><\/p>\n<p id=\"p-rc_ea0a28fa7a3a9f27-38\" data-path-to-node=\"13\"><span data-path-to-node=\"13,0\">Con una convocatoria que ronda los 100 competidores confirmados y altas expectativas de ocupaci\u00f3n e impacto tur\u00edstico local, este domingo 6 de septiembre se llevar\u00e1 a cabo en Sierra de la Ventana el esperado <b data-path-to-node=\"13,0\" data-index-in-node=\"230\">\u00abDuatl\u00f3n de las Sierras\u00bb<\/b><\/span><span data-path-to-node=\"13,2\">. La competencia corresponde a la 4\u00b0 fecha del prestigioso Campeonato de Duatl\u00f3n del Sur de la Provincia de Buenos Aires y es organizada por el Centro de Educaci\u00f3n F\u00edsica (CEF) N\u00b0 195, su Asociaci\u00f3n Cooperadora y la Municipalidad de Tornquist<\/span><span data-path-to-node=\"13,4\">.<\/span><\/p>\n<p data-path-to-node=\"14\">El anuncio oficial y los pormenores de la log\u00edstica fueron brindados esta ma\u00f1ana por el profesor <b data-path-to-node=\"14\" data-index-in-node=\"97\">Pablo Mayer<\/b>, director del CEF N\u00b0 195 de Sierra de la Ventana, durante una entrevista radial concedida a <i data-path-to-node=\"14\" data-index-in-node=\"201\">FM Reflejos<\/i>. Mayer resalt\u00f3 el entusiasmo que genera la cita atl\u00e9tica y el fuerte respaldo institucional y del sector privado que hizo posible asumir la fecha en tiempo r\u00e9cord.<\/p>\n<blockquote data-path-to-node=\"15\">\n<p data-path-to-node=\"15,0\"><i data-path-to-node=\"15,0\" data-index-in-node=\"0\">\u00abEstamos rondando los 90 a 100 inscriptos y sumamente contentos. Esta cuarta fecha del certamen provincial le correspond\u00eda originalmente a Cabildo, pero hace menos de un mes surgi\u00f3 la posibilidad de asimilarla nosotros. La voluntad e predisposici\u00f3n del Municipio de Tornquist fue inmediata e fundamental, al igual que el enorme apoyo del sector privado local para cubrir la log\u00edstica\u00bb<\/i>, remarc\u00f3 el titular del CEF N\u00b0 195.<\/p>\n<\/blockquote>\n<p data-path-to-node=\"15,0\">\n<audio class=\"wp-audio-shortcode\" id=\"audio-142896-1\" preload=\"none\" style=\"width: 100%;\" controls=\"controls\"><source type=\"audio\/mpeg\" src=\"https:\/\/www.noticiasradioreflejos.com.ar\/2021\/wp-content\/uploads\/2026\/09\/pablo-mayer-01-09.mp3?_=1\" \/><a href=\"https:\/\/www.noticiasradioreflejos.com.ar\/2021\/wp-content\/uploads\/2026\/09\/pablo-mayer-01-09.mp3\">https:\/\/www.noticiasradioreflejos.com.ar\/2021\/wp-content\/uploads\/2026\/09\/pablo-mayer-01-09.mp3<\/a><\/audio>\n<p><a href=\"https:\/\/www.noticiasradioreflejos.com.ar\/2021\/sierra-de-la-ventana-albergara-la-4-fecha-del-campeonato-del-sur-de-duatlon-con-record-de-inscriptos-y-proyeccion-regional\/pablo-mayer\/\" rel=\"attachment wp-att-142900\"><img loading=\"lazy\" decoding=\"async\" class=\"aligncenter size-full wp-image-142900\" src=\"https:\/\/www.noticiasradioreflejos.com.ar\/2021\/wp-content\/uploads\/2026\/09\/Pablo-MAYER.jpg\" alt=\"\" width=\"819\" height=\"564\" srcset=\"https:\/\/www.noticiasradioreflejos.com.ar\/2021\/wp-content\/uploads\/2026\/09\/Pablo-MAYER.jpg 819w, https:\/\/www.noticiasradioreflejos.com.ar\/2021\/wp-content\/uploads\/2026\/09\/Pablo-MAYER-300x207.jpg 300w, https:\/\/www.noticiasradioreflejos.com.ar\/2021\/wp-content\/uploads\/2026\/09\/Pablo-MAYER-768x529.jpg 768w, https:\/\/www.noticiasradioreflejos.com.ar\/2021\/wp-content\/uploads\/2026\/09\/Pablo-MAYER-750x516.jpg 750w\" sizes=\"auto, (max-width: 819px) 100vw, 819px\" \/><\/a><\/p>\n<p>&nbsp;<\/p>\n<p>&nbsp;<\/p>\n<p>&nbsp;<\/p>\n<h4 data-path-to-node=\"17\"><b data-path-to-node=\"17\" data-index-in-node=\"0\">Una oportunidad para dejar a la Comarca en el calendario anual<\/b><\/h4>\n<p data-path-to-node=\"18\">El certamen de la Regi\u00f3n Sur provincial consta de cinco fechas anuales distribuidas en distritos estrat\u00e9gicos como Bah\u00eda Blanca, Pehuen Co (Coronel Rosales) y Monte Hermoso (donde tendr\u00e1 lugar la fecha de cierre). El desembarco en Sierra de la Ventana abre una valiosa ventana deportiva para la Comarca Serrana.<\/p>\n<p data-path-to-node=\"19\">Al respecto, Mayer enfatiz\u00f3 que el objetivo de m\u00e1xima de la instituci\u00f3n y del municipio es fijar este evento de forma permanente en la agenda anual bonaerense:<\/p>\n<blockquote data-path-to-node=\"20\">\n<p data-path-to-node=\"20,0\"><i data-path-to-node=\"20,0\" data-index-in-node=\"0\">\u00abLo que intentamos e impulsamos es que este evento quede instalado a\u00f1o a a\u00f1o en Sierra de la Ventana, que crezca y sea cada vez m\u00e1s importante. Tenemos una geograf\u00eda privilegiada para ofrecer. No digo que vayamos a ser inmediatamente el &#8216;Hombre de Piedra&#8217; de Tandil, pero \u00bfqui\u00e9n dice que en un futuro no tengamos una prueba de semejante envergadura en nuestras sierras? Esto beneficia a toda la comunidad\u00bb<\/i>.<\/p>\n<\/blockquote>\n<p data-path-to-node=\"20,0\">\n<h4 data-path-to-node=\"22\"><b data-path-to-node=\"22\" data-index-in-node=\"0\">Detalles del Circuito y Modalidad de Carrera<\/b><\/h4>\n<p id=\"p-rc_ea0a28fa7a3a9f27-39\" data-path-to-node=\"23\"><span data-path-to-node=\"23,0\">La prueba combinar\u00e1 las disciplinas de pedestrismo y ciclismo bajo el formato sprint <b data-path-to-node=\"23,0\" data-index-in-node=\"85\">(3,5 km a pie, 22 km en bicicleta y 3,5 km finales a pie)<\/b><\/span><span data-path-to-node=\"23,2\">. El punto neur\u00e1lgico, Parque Cerrado y centro de c\u00f3mputos estar\u00e1 concentrado en la <b data-path-to-node=\"23,2\" data-index-in-node=\"84\">Colonia Agust\u00edn de Arrieta<\/b>.<\/span><\/p>\n<p data-path-to-node=\"24\">Seg\u00fan detall\u00f3 el director del CEF N\u00b0 195, el tramo pedestre inicial saldr\u00e1 de la Colonia hacia la zona c\u00e9ntrica por la calle Hern\u00e1ndez hasta Mallea, regresando hacia el Parque Cerrado por la bicisenda delimitada. A continuaci\u00f3n, en el \u00e1rea de transici\u00f3n, los participantes tomar\u00e1n sus bicicletas para cumplir el tramo de ciclismo sobre la <b data-path-to-node=\"24\" data-index-in-node=\"339\">Ruta Provincial 72<\/b> en direcci\u00f3n al cruce con la <b data-path-to-node=\"24\" data-index-in-node=\"387\">Ruta Provincial 76<\/b> (11 kil\u00f3metros de ida y 11 de vuelta). Finalmente, se concretar\u00e1 la \u00faltima etapa a pie repitiendo el trazado inicial.<\/p>\n<p data-path-to-node=\"25\">La prueba admite tanto la participaci\u00f3n <b data-path-to-node=\"25\" data-index-in-node=\"40\">Individual<\/b> como en <b data-path-to-node=\"25\" data-index-in-node=\"59\">Postas (duplas)<\/b>, donde un atleta completa los tramos a pie y su compa\u00f1ero la manga de ciclismo. <i data-path-to-node=\"25\" data-index-in-node=\"155\">\u00abSe arma una comuni\u00f3n e integraci\u00f3n hermosa entre atletas de rendimiento y vecinos que se animan a iniciarse en la disciplina\u00bb<\/i>, agreg\u00f3 el docente.<\/p>\n<h4 data-path-to-node=\"27\"><b data-path-to-node=\"27\" data-index-in-node=\"0\">Cronograma e Operativo de Seguridad Vial<\/b><\/h4>\n<p data-path-to-node=\"28\">La jornada dominical comenzar\u00e1 a primera hora de la ma\u00f1ana con un despliegue coordinado entre las \u00e1reas municipales de Seguridad, Tr\u00e1nsito, Salud y la Polic\u00eda de la Provincia de Buenos Aires.<\/p>\n<ul data-path-to-node=\"29\">\n<li>\n<p id=\"p-rc_ea0a28fa7a3a9f27-40\" data-path-to-node=\"29,0,0\"><span data-path-to-node=\"29,0,0,0\"><b data-path-to-node=\"29,0,0,0\" data-index-in-node=\"0\">08:00 a 09:00 hs:<\/b> Acreditaci\u00f3n y retiro de kits (frente a la Colonia Agust\u00edn de Arrieta)<\/span><span data-path-to-node=\"29,0,0,2\">.<\/span><\/p>\n<\/li>\n<li>\n<p id=\"p-rc_ea0a28fa7a3a9f27-41\" data-path-to-node=\"29,1,0\"><span data-path-to-node=\"29,1,0,0\"><b data-path-to-node=\"29,1,0,0\" data-index-in-node=\"0\">09:00 a 10:00 hs:<\/b> Apertura e ingreso a Parque Cerrado<\/span><span data-path-to-node=\"29,1,0,2\">.<\/span><\/p>\n<\/li>\n<li>\n<p id=\"p-rc_ea0a28fa7a3a9f27-42\" data-path-to-node=\"29,2,0\"><span data-path-to-node=\"29,2,0,0\"><b data-path-to-node=\"29,2,0,0\" data-index-in-node=\"0\">10:15 hs:<\/b> Charla t\u00e9cnica obligatoria<\/span><span data-path-to-node=\"29,2,0,2\">.<\/span><\/p>\n<\/li>\n<li>\n<p id=\"p-rc_ea0a28fa7a3a9f27-43\" data-path-to-node=\"29,3,0\"><span data-path-to-node=\"29,3,0,0\"><b data-path-to-node=\"29,3,0,0\" data-index-in-node=\"0\">10:30 hs:<\/b> Largada oficial de la prueba<\/span><span data-path-to-node=\"29,3,0,2\">.<\/span><\/p>\n<\/li>\n<\/ul>\n<p data-path-to-node=\"30\">En materia de seguridad, se confirm\u00f3 la presencia del servicio de ambulancia del Municipio e operativos viales preventivos de la Polic\u00eda Bonaerense en las intersecciones clave de las Rutas 72 y 76. Se estima que el primer corredor completar\u00e1 la prueba en un tiempo aproximado de 55 minutos, extendi\u00e9ndose la competencia por un lapso no mayor a las dos horas para la totalidad de los competidores.<\/p>\n","protected":false},"excerpt":{"rendered":"<p>Organizado por el CEF N\u00b0 195 junto al Municipio de Tornquist, el \u00abDuatl\u00f3n de las Sierras\u00bb se disputar\u00e1 este domingo 6 de septiembre. Reunir\u00e1 a cerca de 100 atletas e busca consolidarse como fecha fija en el calendario deportivo bonaerense.<\/p>\n","protected":false},"author":3,"featured_media":142901,"comment_status":"closed","ping_status":"closed","sticky":false,"template":"","format":"standard","meta":{"footnotes":""},"categories":[27],"tags":[48],"class_list":["post-142896","post","type-post","status-publish","format-standard","has-post-thumbnail","hentry","category-deportes","tag-destacada"],"yoast_head":"<!-- This site is optimized with the Yoast SEO plugin v25.9 - https:\/\/yoast.com\/wordpress\/plugins\/seo\/ -->\n<title>Sierra de la Ventana albergar\u00e1 la 4\u00b0 fecha del Campeonato del Sur de Duatl\u00f3n con r\u00e9cord de inscriptos y proyecci\u00f3n regional - Noticias Radio Reflejos<\/title>\n<meta name=\"robots\" content=\"index, follow, max-snippet:-1, max-image-preview:large, max-video-preview:-1\" \/>\n<link rel=\"canonical\" href=\"https:\/\/www.noticiasradioreflejos.com.ar\/2021\/sierra-de-la-ventana-albergara-la-4-fecha-del-campeonato-del-sur-de-duatlon-con-record-de-inscriptos-y-proyeccion-regional\/\" \/>\n<meta property=\"og:locale\" content=\"es_ES\" \/>\n<meta property=\"og:type\" content=\"article\" \/>\n<meta property=\"og:title\" content=\"Sierra de la Ventana albergar\u00e1 la 4\u00b0 fecha del Campeonato del Sur de Duatl\u00f3n con r\u00e9cord de inscriptos y proyecci\u00f3n regional - Noticias Radio Reflejos\" \/>\n<meta property=\"og:description\" content=\"Organizado por el CEF N\u00b0 195 junto al Municipio de Tornquist, el \u00abDuatl\u00f3n de las Sierras\u00bb se disputar\u00e1 este domingo 6 de septiembre. Reunir\u00e1 a cerca de 100 atletas e busca consolidarse como fecha fija en el calendario deportivo bonaerense.\" \/>\n<meta property=\"og:url\" content=\"https:\/\/www.noticiasradioreflejos.com.ar\/2021\/sierra-de-la-ventana-albergara-la-4-fecha-del-campeonato-del-sur-de-duatlon-con-record-de-inscriptos-y-proyeccion-regional\/\" \/>\n<meta property=\"og:site_name\" content=\"Noticias Radio Reflejos\" \/>\n<meta property=\"article:published_time\" content=\"2026-09-01T16:26:54+00:00\" \/>\n<meta property=\"article:modified_time\" content=\"2026-09-01T16:27:48+00:00\" \/>\n<meta property=\"og:image\" content=\"https:\/\/www.noticiasradioreflejos.com.ar\/2021\/wp-content\/uploads\/2026\/09\/duatlom.jpg\" \/>\n\t<meta property=\"og:image:width\" content=\"1125\" \/>\n\t<meta property=\"og:image:height\" content=\"694\" \/>\n\t<meta property=\"og:image:type\" content=\"image\/jpeg\" \/>\n<meta name=\"author\" content=\"Arnaldo Botto\" \/>\n<meta name=\"twitter:card\" content=\"summary_large_image\" \/>\n<script type=\"application\/ld+json\" class=\"yoast-schema-graph\">{\"@context\":\"https:\/\/schema.org\",\"@graph\":[{\"@type\":\"WebPage\",\"@id\":\"https:\/\/www.noticiasradioreflejos.com.ar\/2021\/sierra-de-la-ventana-albergara-la-4-fecha-del-campeonato-del-sur-de-duatlon-con-record-de-inscriptos-y-proyeccion-regional\/\",\"url\":\"https:\/\/www.noticiasradioreflejos.com.ar\/2021\/sierra-de-la-ventana-albergara-la-4-fecha-del-campeonato-del-sur-de-duatlon-con-record-de-inscriptos-y-proyeccion-regional\/\",\"name\":\"Sierra de la Ventana albergar\u00e1 la 4\u00b0 fecha del Campeonato del Sur de Duatl\u00f3n con r\u00e9cord de inscriptos y proyecci\u00f3n regional - Noticias Radio Reflejos\",\"isPartOf\":{\"@id\":\"https:\/\/www.noticiasradioreflejos.com.ar\/2021\/#website\"},\"primaryImageOfPage\":{\"@id\":\"https:\/\/www.noticiasradioreflejos.com.ar\/2021\/sierra-de-la-ventana-albergara-la-4-fecha-del-campeonato-del-sur-de-duatlon-con-record-de-inscriptos-y-proyeccion-regional\/#primaryimage\"},\"image\":{\"@id\":\"https:\/\/www.noticiasradioreflejos.com.ar\/2021\/sierra-de-la-ventana-albergara-la-4-fecha-del-campeonato-del-sur-de-duatlon-con-record-de-inscriptos-y-proyeccion-regional\/#primaryimage\"},\"thumbnailUrl\":\"https:\/\/www.noticiasradioreflejos.com.ar\/2021\/wp-content\/uploads\/2026\/09\/duatlom.jpg\",\"datePublished\":\"2026-09-01T16:26:54+00:00\",\"dateModified\":\"2026-09-01T16:27:48+00:00\",\"author\":{\"@id\":\"https:\/\/www.noticiasradioreflejos.com.ar\/2021\/#\/schema\/person\/ad82545263dcc5ec0996818884fd5fb1\"},\"breadcrumb\":{\"@id\":\"https:\/\/www.noticiasradioreflejos.com.ar\/2021\/sierra-de-la-ventana-albergara-la-4-fecha-del-campeonato-del-sur-de-duatlon-con-record-de-inscriptos-y-proyeccion-regional\/#breadcrumb\"},\"inLanguage\":\"es\",\"potentialAction\":[{\"@type\":\"ReadAction\",\"target\":[\"https:\/\/www.noticiasradioreflejos.com.ar\/2021\/sierra-de-la-ventana-albergara-la-4-fecha-del-campeonato-del-sur-de-duatlon-con-record-de-inscriptos-y-proyeccion-regional\/\"]}]},{\"@type\":\"ImageObject\",\"inLanguage\":\"es\",\"@id\":\"https:\/\/www.noticiasradioreflejos.com.ar\/2021\/sierra-de-la-ventana-albergara-la-4-fecha-del-campeonato-del-sur-de-duatlon-con-record-de-inscriptos-y-proyeccion-regional\/#primaryimage\",\"url\":\"https:\/\/www.noticiasradioreflejos.com.ar\/2021\/wp-content\/uploads\/2026\/09\/duatlom.jpg\",\"contentUrl\":\"https:\/\/www.noticiasradioreflejos.com.ar\/2021\/wp-content\/uploads\/2026\/09\/duatlom.jpg\",\"width\":1125,\"height\":694},{\"@type\":\"BreadcrumbList\",\"@id\":\"https:\/\/www.noticiasradioreflejos.com.ar\/2021\/sierra-de-la-ventana-albergara-la-4-fecha-del-campeonato-del-sur-de-duatlon-con-record-de-inscriptos-y-proyeccion-regional\/#breadcrumb\",\"itemListElement\":[{\"@type\":\"ListItem\",\"position\":1,\"name\":\"Portada\",\"item\":\"https:\/\/www.noticiasradioreflejos.com.ar\/2021\/\"},{\"@type\":\"ListItem\",\"position\":2,\"name\":\"Sierra de la Ventana albergar\u00e1 la 4\u00b0 fecha del Campeonato del Sur de Duatl\u00f3n con r\u00e9cord de inscriptos y proyecci\u00f3n regional\"}]},{\"@type\":\"WebSite\",\"@id\":\"https:\/\/www.noticiasradioreflejos.com.ar\/2021\/#website\",\"url\":\"https:\/\/www.noticiasradioreflejos.com.ar\/2021\/\",\"name\":\"Noticias Radio Reflejos\",\"description\":\"Las noticias de mi comarca\",\"potentialAction\":[{\"@type\":\"SearchAction\",\"target\":{\"@type\":\"EntryPoint\",\"urlTemplate\":\"https:\/\/www.noticiasradioreflejos.com.ar\/2021\/?s={search_term_string}\"},\"query-input\":{\"@type\":\"PropertyValueSpecification\",\"valueRequired\":true,\"valueName\":\"search_term_string\"}}],\"inLanguage\":\"es\"},{\"@type\":\"Person\",\"@id\":\"https:\/\/www.noticiasradioreflejos.com.ar\/2021\/#\/schema\/person\/ad82545263dcc5ec0996818884fd5fb1\",\"name\":\"Arnaldo Botto\",\"image\":{\"@type\":\"ImageObject\",\"inLanguage\":\"es\",\"@id\":\"https:\/\/www.noticiasradioreflejos.com.ar\/2021\/#\/schema\/person\/image\/\",\"url\":\"https:\/\/secure.gravatar.com\/avatar\/55cb5e37c1efa326397366e6974cb338056df65cb50e7d64d1cf314e87504837?s=96&d=mm&r=g\",\"contentUrl\":\"https:\/\/secure.gravatar.com\/avatar\/55cb5e37c1efa326397366e6974cb338056df65cb50e7d64d1cf314e87504837?s=96&d=mm&r=g\",\"caption\":\"Arnaldo Botto\"},\"url\":\"https:\/\/www.noticiasradioreflejos.com.ar\/2021\/author\/arnaldo\/\"}]}<\/script>\n<!-- \/ Yoast SEO plugin. -->","yoast_head_json":{"title":"Sierra de la Ventana albergar\u00e1 la 4\u00b0 fecha del Campeonato del Sur de Duatl\u00f3n con r\u00e9cord de inscriptos y proyecci\u00f3n regional - Noticias Radio Reflejos","robots":{"index":"index","follow":"follow","max-snippet":"max-snippet:-1","max-image-preview":"max-image-preview:large","max-video-preview":"max-video-preview:-1"},"canonical":"https:\/\/www.noticiasradioreflejos.com.ar\/2021\/sierra-de-la-ventana-albergara-la-4-fecha-del-campeonato-del-sur-de-duatlon-con-record-de-inscriptos-y-proyeccion-regional\/","og_locale":"es_ES","og_type":"article","og_title":"Sierra de la Ventana albergar\u00e1 la 4\u00b0 fecha del Campeonato del Sur de Duatl\u00f3n con r\u00e9cord de inscriptos y proyecci\u00f3n regional - Noticias Radio Reflejos","og_description":"Organizado por el CEF N\u00b0 195 junto al Municipio de Tornquist, el \u00abDuatl\u00f3n de las Sierras\u00bb se disputar\u00e1 este domingo 6 de septiembre. Reunir\u00e1 a cerca de 100 atletas e busca consolidarse como fecha fija en el calendario deportivo bonaerense.","og_url":"https:\/\/www.noticiasradioreflejos.com.ar\/2021\/sierra-de-la-ventana-albergara-la-4-fecha-del-campeonato-del-sur-de-duatlon-con-record-de-inscriptos-y-proyeccion-regional\/","og_site_name":"Noticias Radio Reflejos","article_published_time":"2026-09-01T16:26:54+00:00","article_modified_time":"2026-09-01T16:27:48+00:00","og_image":[{"width":1125,"height":694,"url":"https:\/\/www.noticiasradioreflejos.com.ar\/2021\/wp-content\/uploads\/2026\/09\/duatlom.jpg","type":"image\/jpeg"}],"author":"Arnaldo Botto","twitter_card":"summary_large_image","schema":{"@context":"https:\/\/schema.org","@graph":[{"@type":"WebPage","@id":"https:\/\/www.noticiasradioreflejos.com.ar\/2021\/sierra-de-la-ventana-albergara-la-4-fecha-del-campeonato-del-sur-de-duatlon-con-record-de-inscriptos-y-proyeccion-regional\/","url":"https:\/\/www.noticiasradioreflejos.com.ar\/2021\/sierra-de-la-ventana-albergara-la-4-fecha-del-campeonato-del-sur-de-duatlon-con-record-de-inscriptos-y-proyeccion-regional\/","name":"Sierra de la Ventana albergar\u00e1 la 4\u00b0 fecha del Campeonato del Sur de Duatl\u00f3n con r\u00e9cord de inscriptos y proyecci\u00f3n regional - Noticias Radio Reflejos","isPartOf":{"@id":"https:\/\/www.noticiasradioreflejos.com.ar\/2021\/#website"},"primaryImageOfPage":{"@id":"https:\/\/www.noticiasradioreflejos.com.ar\/2021\/sierra-de-la-ventana-albergara-la-4-fecha-del-campeonato-del-sur-de-duatlon-con-record-de-inscriptos-y-proyeccion-regional\/#primaryimage"},"image":{"@id":"https:\/\/www.noticiasradioreflejos.com.ar\/2021\/sierra-de-la-ventana-albergara-la-4-fecha-del-campeonato-del-sur-de-duatlon-con-record-de-inscriptos-y-proyeccion-regional\/#primaryimage"},"thumbnailUrl":"https:\/\/www.noticiasradioreflejos.com.ar\/2021\/wp-content\/uploads\/2026\/09\/duatlom.jpg","datePublished":"2026-09-01T16:26:54+00:00","dateModified":"2026-09-01T16:27:48+00:00","author":{"@id":"https:\/\/www.noticiasradioreflejos.com.ar\/2021\/#\/schema\/person\/ad82545263dcc5ec0996818884fd5fb1"},"breadcrumb":{"@id":"https:\/\/www.noticiasradioreflejos.com.ar\/2021\/sierra-de-la-ventana-albergara-la-4-fecha-del-campeonato-del-sur-de-duatlon-con-record-de-inscriptos-y-proyeccion-regional\/#breadcrumb"},"inLanguage":"es","potentialAction":[{"@type":"ReadAction","target":["https:\/\/www.noticiasradioreflejos.com.ar\/2021\/sierra-de-la-ventana-albergara-la-4-fecha-del-campeonato-del-sur-de-duatlon-con-record-de-inscriptos-y-proyeccion-regional\/"]}]},{"@type":"ImageObject","inLanguage":"es","@id":"https:\/\/www.noticiasradioreflejos.com.ar\/2021\/sierra-de-la-ventana-albergara-la-4-fecha-del-campeonato-del-sur-de-duatlon-con-record-de-inscriptos-y-proyeccion-regional\/#primaryimage","url":"https:\/\/www.noticiasradioreflejos.com.ar\/2021\/wp-content\/uploads\/2026\/09\/duatlom.jpg","contentUrl":"https:\/\/www.noticiasradioreflejos.com.ar\/2021\/wp-content\/uploads\/2026\/09\/duatlom.jpg","width":1125,"height":694},{"@type":"BreadcrumbList","@id":"https:\/\/www.noticiasradioreflejos.com.ar\/2021\/sierra-de-la-ventana-albergara-la-4-fecha-del-campeonato-del-sur-de-duatlon-con-record-de-inscriptos-y-proyeccion-regional\/#breadcrumb","itemListElement":[{"@type":"ListItem","position":1,"name":"Portada","item":"https:\/\/www.noticiasradioreflejos.com.ar\/2021\/"},{"@type":"ListItem","position":2,"name":"Sierra de la Ventana albergar\u00e1 la 4\u00b0 fecha del Campeonato del Sur de Duatl\u00f3n con r\u00e9cord de inscriptos y proyecci\u00f3n regional"}]},{"@type":"WebSite","@id":"https:\/\/www.noticiasradioreflejos.com.ar\/2021\/#website","url":"https:\/\/www.noticiasradioreflejos.com.ar\/2021\/","name":"Noticias Radio Reflejos","description":"Las noticias de mi comarca","potentialAction":[{"@type":"SearchAction","target":{"@type":"EntryPoint","urlTemplate":"https:\/\/www.noticiasradioreflejos.com.ar\/2021\/?s={search_term_string}"},"query-input":{"@type":"PropertyValueSpecification","valueRequired":true,"valueName":"search_term_string"}}],"inLanguage":"es"},{"@type":"Person","@id":"https:\/\/www.noticiasradioreflejos.com.ar\/2021\/#\/schema\/person\/ad82545263dcc5ec0996818884fd5fb1","name":"Arnaldo Botto","image":{"@type":"ImageObject","inLanguage":"es","@id":"https:\/\/www.noticiasradioreflejos.com.ar\/2021\/#\/schema\/person\/image\/","url":"https:\/\/secure.gravatar.com\/avatar\/55cb5e37c1efa326397366e6974cb338056df65cb50e7d64d1cf314e87504837?s=96&d=mm&r=g","contentUrl":"https:\/\/secure.gravatar.com\/avatar\/55cb5e37c1efa326397366e6974cb338056df65cb50e7d64d1cf314e87504837?s=96&d=mm&r=g","caption":"Arnaldo Botto"},"url":"https:\/\/www.noticiasradioreflejos.com.ar\/2021\/author\/arnaldo\/"}]}},"_links":{"self":[{"href":"https:\/\/www.noticiasradioreflejos.com.ar\/2021\/wp-json\/wp\/v2\/posts\/142896","targetHints":{"allow":["GET"]}}],"collection":[{"href":"https:\/\/www.noticiasradioreflejos.com.ar\/2021\/wp-json\/wp\/v2\/posts"}],"about":[{"href":"https:\/\/www.noticiasradioreflejos.com.ar\/2021\/wp-json\/wp\/v2\/types\/post"}],"author":[{"embeddable":true,"href":"https:\/\/www.noticiasradioreflejos.com.ar\/2021\/wp-json\/wp\/v2\/users\/3"}],"replies":[{"embeddable":true,"href":"https:\/\/www.noticiasradioreflejos.com.ar\/2021\/wp-json\/wp\/v2\/comments?post=142896"}],"version-history":[{"count":5,"href":"https:\/\/www.noticiasradioreflejos.com.ar\/2021\/wp-json\/wp\/v2\/posts\/142896\/revisions"}],"predecessor-version":[{"id":142906,"href":"https:\/\/www.noticiasradioreflejos.com.ar\/2021\/wp-json\/wp\/v2\/posts\/142896\/revisions\/142906"}],"wp:featuredmedia":[{"embeddable":true,"href":"https:\/\/www.noticiasradioreflejos.com.ar\/2021\/wp-json\/wp\/v2\/media\/142901"}],"wp:attachment":[{"href":"https:\/\/www.noticiasradioreflejos.com.ar\/2021\/wp-json\/wp\/v2\/media?parent=142896"}],"wp:term":[{"taxonomy":"category","embeddable":true,"href":"https:\/\/www.noticiasradioreflejos.com.ar\/2021\/wp-json\/wp\/v2\/categories?post=142896"},{"taxonomy":"post_tag","embeddable":true,"href":"https:\/\/www.noticiasradioreflejos.com.ar\/2021\/wp-json\/wp\/v2\/tags?post=142896"}],"curies":[{"name":"wp","href":"https:\/\/api.w.org\/{rel}","templated":true}]}}