{"id":142888,"date":"2026-09-01T10:09:57","date_gmt":"2026-09-01T13:09:57","guid":{"rendered":"https:\/\/www.noticiasradioreflejos.com.ar\/2021\/?p=142888"},"modified":"2026-09-01T10:21:39","modified_gmt":"2026-09-01T13:21:39","slug":"fuerte-contraste-termico-en-la-region-crecen-las-posibilidades-de-nieve-en-la-comarca-de-sierra-de-la-ventana-este-fin-de-semana","status":"publish","type":"post","link":"https:\/\/www.noticiasradioreflejos.com.ar\/2021\/fuerte-contraste-termico-en-la-region-crecen-las-posibilidades-de-nieve-en-la-comarca-de-sierra-de-la-ventana-este-fin-de-semana\/","title":{"rendered":"Fuerte contraste t\u00e9rmico en la regi\u00f3n: crecen las posibilidades de nieve en la comarca de Sierra de la Ventana este fin de semana"},"content":{"rendered":"<p data-path-to-node=\"3\">El comportamiento del tiempo en la Comarca de Sierra de la Ventana y el Valle del Sauce Grande estar\u00e1 marcado esta semana por un quiebre meteorol\u00f3gico contundente. De acuerdo a los \u00faltimos modelos de pron\u00f3stico, la regi\u00f3n atravesar\u00e1 un marcado contraste t\u00e9rmico entre la primera mitad de la semana \u2014con valores acordes a la \u00e9poca\u2014 y el tramo final, cuando la llegada sostenida de aire fr\u00edo abra la puerta a probables precipitaciones en forma de nieve y aguanieve tanto en las altas cumbres como en \u00e1reas bajas del sudoeste bonaerense.<!--more--><\/p>\n<p data-path-to-node=\"6\">Para este <b data-path-to-node=\"6\" data-index-in-node=\"10\">martes<\/b>, la jornada se presenta con viento de direcci\u00f3n variable, presi\u00f3n atmosf\u00e9rica elevada, cielo mayormente nublado y una humedad entre moderada a baja, manteniendo registros t\u00e9rmicos similares a los de los d\u00edas previos.<\/p>\n<p data-path-to-node=\"7\">El <b data-path-to-node=\"7\" data-index-in-node=\"3\">mi\u00e9rcoles<\/b> registrar\u00e1 un leve cambio de condiciones. Se esperan lluvias durante la madrugada y las primeras horas de la ma\u00f1ana, acompa\u00f1adas por cielo cubierto. La presi\u00f3n ascender\u00e1 temprano para luego descender hacia la tarde, mientras los vientos leves con r\u00e1fagas moderadas del nor-noreste rotar\u00e1n progresivamente al oeste-sudoeste y finalmente al oeste. La humedad oscilar\u00e1 de alta a moderada, sin sobresaltos en las marcas t\u00e9rmicas.<\/p>\n<h3 data-path-to-node=\"9\">La transici\u00f3n: llegada del primer frente fr\u00edo<\/h3>\n<p data-path-to-node=\"10\">El cambio de escenario comenzar\u00e1 a vislumbrarse el <b data-path-to-node=\"10\" data-index-in-node=\"51\">jueves<\/b> por la tarde con el ingreso de la primera masa de aire fr\u00edo, la antesala de un doble sistema frontal previsto en 48 horas.<\/p>\n<ul data-path-to-node=\"11\">\n<li>\n<p data-path-to-node=\"11,0,0\"><b data-path-to-node=\"11,0,0\" data-index-in-node=\"0\">Cielo:<\/b> Nublado al comienzo de la ma\u00f1ana, despej\u00e1ndose hacia la tarde.<\/p>\n<\/li>\n<li>\n<p data-path-to-node=\"11,1,0\"><b data-path-to-node=\"11,1,0\" data-index-in-node=\"0\">Presi\u00f3n:<\/b> Baja durante la jornada, normaliz\u00e1ndose al cierre del d\u00eda.<\/p>\n<\/li>\n<li>\n<p data-path-to-node=\"11,2,0\"><b data-path-to-node=\"11,2,0\" data-index-in-node=\"0\">Vientos:<\/b> Moderados del oeste-sudoeste, con algunas r\u00e1fagas.<\/p>\n<\/li>\n<li>\n<p data-path-to-node=\"11,3,0\"><b data-path-to-node=\"11,3,0\" data-index-in-node=\"0\">Temperaturas:<\/b> Se iniciar\u00e1 un descenso moderado de los term\u00f3metros.<\/p>\n<\/li>\n<\/ul>\n<h3 data-path-to-node=\"13\">Viernes: irrupci\u00f3n polar y nieblas matinales<\/h3>\n<p data-path-to-node=\"14\">Durante el <b data-path-to-node=\"14\" data-index-in-node=\"11\">viernes<\/b>, la humedad alcanzar\u00e1 niveles muy altos hacia la madrugada, favoreciendo la formaci\u00f3n de bancos de niebla y neblina. La jornada comenzar\u00e1 con cielo despejado y marcas t\u00e9rmicas relativamente agradables durante la tarde, aunque la nubosidad ir\u00e1 en aumento hacia la noche.<\/p>\n<p data-path-to-node=\"15\">Al final del d\u00eda har\u00e1 su ingreso un segundo frente fr\u00edo, de claro origen polar. Los vientos, inicialmente muy leves del este-sudeste, rotar\u00e1n al oeste-noroeste y finalmente al sur con intensidad regular a fuerte, impactando de lleno sobre el sector costero comprendido entre Pehu\u00e9n C\u00f3 y el partido de Coronel Dorrego.<\/p>\n<h3 data-path-to-node=\"17\">Fin de semana: isoterma baja y probabilidad de nieve<\/h3>\n<p data-path-to-node=\"18\">Hacia el <b data-path-to-node=\"18\" data-index-in-node=\"9\">s\u00e1bado<\/b> y la madrugada del <b data-path-to-node=\"18\" data-index-in-node=\"35\">domingo<\/b>, la masa de aire polar consolidar\u00e1 un marcado desplome t\u00e9rmico en todo el sudoeste de la provincia. La posici\u00f3n extremadamente baja de la isoterma ubica a la Comarca de Sierra de la Ventana y al Valle del Sauce Grande en el centro de atenci\u00f3n meteorol\u00f3gica.<\/p>\n<table data-path-to-node=\"19\">\n<thead>\n<tr>\n<td><strong>Zona de cobertura<\/strong><\/td>\n<td><strong>Fen\u00f3meno esperado<\/strong><\/td>\n<\/tr>\n<\/thead>\n<tbody>\n<tr>\n<td><span data-path-to-node=\"19,1,0,0\"><b data-path-to-node=\"19,1,0,0\" data-index-in-node=\"0\">Sector Serrano, Sierra de la Ventana y Saldungaray<\/b><\/span><\/td>\n<td><span data-path-to-node=\"19,1,1,0\">Alta probabilidad de nevadas continuas y acumulaci\u00f3n.<\/span><\/td>\n<\/tr>\n<tr>\n<td><span data-path-to-node=\"19,2,0,0\"><b data-path-to-node=\"19,2,0,0\" data-index-in-node=\"0\">Monte Hermoso, Pehu\u00e9n C\u00f3 y C. Dorrego<\/b><\/span><\/td>\n<td><span data-path-to-node=\"19,2,1,0\">Ocurrencia de chaparrones fr\u00edos con ca\u00edda de copos aislados.<\/span><\/td>\n<\/tr>\n<tr>\n<td><span data-path-to-node=\"19,3,0,0\"><b data-path-to-node=\"19,3,0,0\" data-index-in-node=\"0\">Bah\u00eda Blanca, Coronel Rosales y M\u00e9danos<\/b><\/span><\/td>\n<td><span data-path-to-node=\"19,3,1,0\">Precipitaci\u00f3n en forma de aguanieve y copos dispersos.<\/span><\/td>\n<\/tr>\n<\/tbody>\n<\/table>\n<p data-path-to-node=\"20\">El evento dejar\u00e1 paso a un inicio de semana extremadamente fr\u00edo, previ\u00e9ndose heladas matinales de variada intensidad para las primeras horas del domingo y el lunes en todo el trazado regional.<\/p>\n","protected":false},"excerpt":{"rendered":"<p>El comportamiento del tiempo en la Comarca de Sierra de la Ventana y el Valle del Sauce Grande estar\u00e1 marcado esta semana por un quiebre meteorol\u00f3gico contundente. De acuerdo a los \u00faltimos modelos de pron\u00f3stico, la regi\u00f3n atravesar\u00e1 un marcado contraste t\u00e9rmico entre la primera mitad de la semana \u2014con valores acordes a la \u00e9poca\u2014 [&hellip;]<\/p>\n","protected":false},"author":3,"featured_media":121160,"comment_status":"closed","ping_status":"closed","sticky":false,"template":"","format":"standard","meta":{"footnotes":""},"categories":[46],"tags":[48],"class_list":["post-142888","post","type-post","status-publish","format-standard","has-post-thumbnail","hentry","category-ciencia-y-tecnologia","tag-destacada"],"yoast_head":"<!-- This site is optimized with the Yoast SEO plugin v25.9 - https:\/\/yoast.com\/wordpress\/plugins\/seo\/ -->\n<title>Fuerte contraste t\u00e9rmico en la regi\u00f3n: crecen las posibilidades de nieve en la comarca de Sierra de la Ventana este fin de semana - Noticias Radio Reflejos<\/title>\n<meta name=\"robots\" content=\"index, follow, max-snippet:-1, max-image-preview:large, max-video-preview:-1\" \/>\n<link rel=\"canonical\" href=\"https:\/\/www.noticiasradioreflejos.com.ar\/2021\/fuerte-contraste-termico-en-la-region-crecen-las-posibilidades-de-nieve-en-la-comarca-de-sierra-de-la-ventana-este-fin-de-semana\/\" \/>\n<meta property=\"og:locale\" content=\"es_ES\" \/>\n<meta property=\"og:type\" content=\"article\" \/>\n<meta property=\"og:title\" content=\"Fuerte contraste t\u00e9rmico en la regi\u00f3n: crecen las posibilidades de nieve en la comarca de Sierra de la Ventana este fin de semana - Noticias Radio Reflejos\" \/>\n<meta property=\"og:description\" content=\"El comportamiento del tiempo en la Comarca de Sierra de la Ventana y el Valle del Sauce Grande estar\u00e1 marcado esta semana por un quiebre meteorol\u00f3gico contundente. De acuerdo a los \u00faltimos modelos de pron\u00f3stico, la regi\u00f3n atravesar\u00e1 un marcado contraste t\u00e9rmico entre la primera mitad de la semana \u2014con valores acordes a la \u00e9poca\u2014 [&hellip;]\" \/>\n<meta property=\"og:url\" content=\"https:\/\/www.noticiasradioreflejos.com.ar\/2021\/fuerte-contraste-termico-en-la-region-crecen-las-posibilidades-de-nieve-en-la-comarca-de-sierra-de-la-ventana-este-fin-de-semana\/\" \/>\n<meta property=\"og:site_name\" content=\"Noticias Radio Reflejos\" \/>\n<meta property=\"article:published_time\" content=\"2026-09-01T13:09:57+00:00\" \/>\n<meta property=\"article:modified_time\" content=\"2026-09-01T13:21:39+00:00\" \/>\n<meta property=\"og:image\" content=\"https:\/\/www.noticiasradioreflejos.com.ar\/2021\/wp-content\/uploads\/2025\/07\/abra-nieve.jpg\" \/>\n\t<meta property=\"og:image:width\" content=\"2048\" \/>\n\t<meta property=\"og:image:height\" content=\"1528\" \/>\n\t<meta property=\"og:image:type\" content=\"image\/jpeg\" \/>\n<meta name=\"author\" content=\"Arnaldo Botto\" \/>\n<meta name=\"twitter:card\" content=\"summary_large_image\" \/>\n<script type=\"application\/ld+json\" class=\"yoast-schema-graph\">{\"@context\":\"https:\/\/schema.org\",\"@graph\":[{\"@type\":\"WebPage\",\"@id\":\"https:\/\/www.noticiasradioreflejos.com.ar\/2021\/fuerte-contraste-termico-en-la-region-crecen-las-posibilidades-de-nieve-en-la-comarca-de-sierra-de-la-ventana-este-fin-de-semana\/\",\"url\":\"https:\/\/www.noticiasradioreflejos.com.ar\/2021\/fuerte-contraste-termico-en-la-region-crecen-las-posibilidades-de-nieve-en-la-comarca-de-sierra-de-la-ventana-este-fin-de-semana\/\",\"name\":\"Fuerte contraste t\u00e9rmico en la regi\u00f3n: crecen las posibilidades de nieve en la comarca de Sierra de la Ventana este fin de semana - Noticias Radio Reflejos\",\"isPartOf\":{\"@id\":\"https:\/\/www.noticiasradioreflejos.com.ar\/2021\/#website\"},\"primaryImageOfPage\":{\"@id\":\"https:\/\/www.noticiasradioreflejos.com.ar\/2021\/fuerte-contraste-termico-en-la-region-crecen-las-posibilidades-de-nieve-en-la-comarca-de-sierra-de-la-ventana-este-fin-de-semana\/#primaryimage\"},\"image\":{\"@id\":\"https:\/\/www.noticiasradioreflejos.com.ar\/2021\/fuerte-contraste-termico-en-la-region-crecen-las-posibilidades-de-nieve-en-la-comarca-de-sierra-de-la-ventana-este-fin-de-semana\/#primaryimage\"},\"thumbnailUrl\":\"https:\/\/www.noticiasradioreflejos.com.ar\/2021\/wp-content\/uploads\/2025\/07\/abra-nieve.jpg\",\"datePublished\":\"2026-09-01T13:09:57+00:00\",\"dateModified\":\"2026-09-01T13:21:39+00:00\",\"author\":{\"@id\":\"https:\/\/www.noticiasradioreflejos.com.ar\/2021\/#\/schema\/person\/ad82545263dcc5ec0996818884fd5fb1\"},\"breadcrumb\":{\"@id\":\"https:\/\/www.noticiasradioreflejos.com.ar\/2021\/fuerte-contraste-termico-en-la-region-crecen-las-posibilidades-de-nieve-en-la-comarca-de-sierra-de-la-ventana-este-fin-de-semana\/#breadcrumb\"},\"inLanguage\":\"es\",\"potentialAction\":[{\"@type\":\"ReadAction\",\"target\":[\"https:\/\/www.noticiasradioreflejos.com.ar\/2021\/fuerte-contraste-termico-en-la-region-crecen-las-posibilidades-de-nieve-en-la-comarca-de-sierra-de-la-ventana-este-fin-de-semana\/\"]}]},{\"@type\":\"ImageObject\",\"inLanguage\":\"es\",\"@id\":\"https:\/\/www.noticiasradioreflejos.com.ar\/2021\/fuerte-contraste-termico-en-la-region-crecen-las-posibilidades-de-nieve-en-la-comarca-de-sierra-de-la-ventana-este-fin-de-semana\/#primaryimage\",\"url\":\"https:\/\/www.noticiasradioreflejos.com.ar\/2021\/wp-content\/uploads\/2025\/07\/abra-nieve.jpg\",\"contentUrl\":\"https:\/\/www.noticiasradioreflejos.com.ar\/2021\/wp-content\/uploads\/2025\/07\/abra-nieve.jpg\",\"width\":2048,\"height\":1528},{\"@type\":\"BreadcrumbList\",\"@id\":\"https:\/\/www.noticiasradioreflejos.com.ar\/2021\/fuerte-contraste-termico-en-la-region-crecen-las-posibilidades-de-nieve-en-la-comarca-de-sierra-de-la-ventana-este-fin-de-semana\/#breadcrumb\",\"itemListElement\":[{\"@type\":\"ListItem\",\"position\":1,\"name\":\"Portada\",\"item\":\"https:\/\/www.noticiasradioreflejos.com.ar\/2021\/\"},{\"@type\":\"ListItem\",\"position\":2,\"name\":\"Fuerte contraste t\u00e9rmico en la regi\u00f3n: crecen las posibilidades de nieve en la comarca de Sierra de la Ventana este fin de semana\"}]},{\"@type\":\"WebSite\",\"@id\":\"https:\/\/www.noticiasradioreflejos.com.ar\/2021\/#website\",\"url\":\"https:\/\/www.noticiasradioreflejos.com.ar\/2021\/\",\"name\":\"Noticias Radio Reflejos\",\"description\":\"Las noticias de mi comarca\",\"potentialAction\":[{\"@type\":\"SearchAction\",\"target\":{\"@type\":\"EntryPoint\",\"urlTemplate\":\"https:\/\/www.noticiasradioreflejos.com.ar\/2021\/?s={search_term_string}\"},\"query-input\":{\"@type\":\"PropertyValueSpecification\",\"valueRequired\":true,\"valueName\":\"search_term_string\"}}],\"inLanguage\":\"es\"},{\"@type\":\"Person\",\"@id\":\"https:\/\/www.noticiasradioreflejos.com.ar\/2021\/#\/schema\/person\/ad82545263dcc5ec0996818884fd5fb1\",\"name\":\"Arnaldo Botto\",\"image\":{\"@type\":\"ImageObject\",\"inLanguage\":\"es\",\"@id\":\"https:\/\/www.noticiasradioreflejos.com.ar\/2021\/#\/schema\/person\/image\/\",\"url\":\"https:\/\/secure.gravatar.com\/avatar\/55cb5e37c1efa326397366e6974cb338056df65cb50e7d64d1cf314e87504837?s=96&d=mm&r=g\",\"contentUrl\":\"https:\/\/secure.gravatar.com\/avatar\/55cb5e37c1efa326397366e6974cb338056df65cb50e7d64d1cf314e87504837?s=96&d=mm&r=g\",\"caption\":\"Arnaldo Botto\"},\"url\":\"https:\/\/www.noticiasradioreflejos.com.ar\/2021\/author\/arnaldo\/\"}]}<\/script>\n<!-- \/ Yoast SEO plugin. -->","yoast_head_json":{"title":"Fuerte contraste t\u00e9rmico en la regi\u00f3n: crecen las posibilidades de nieve en la comarca de Sierra de la Ventana este fin de semana - Noticias Radio Reflejos","robots":{"index":"index","follow":"follow","max-snippet":"max-snippet:-1","max-image-preview":"max-image-preview:large","max-video-preview":"max-video-preview:-1"},"canonical":"https:\/\/www.noticiasradioreflejos.com.ar\/2021\/fuerte-contraste-termico-en-la-region-crecen-las-posibilidades-de-nieve-en-la-comarca-de-sierra-de-la-ventana-este-fin-de-semana\/","og_locale":"es_ES","og_type":"article","og_title":"Fuerte contraste t\u00e9rmico en la regi\u00f3n: crecen las posibilidades de nieve en la comarca de Sierra de la Ventana este fin de semana - Noticias Radio Reflejos","og_description":"El comportamiento del tiempo en la Comarca de Sierra de la Ventana y el Valle del Sauce Grande estar\u00e1 marcado esta semana por un quiebre meteorol\u00f3gico contundente. De acuerdo a los \u00faltimos modelos de pron\u00f3stico, la regi\u00f3n atravesar\u00e1 un marcado contraste t\u00e9rmico entre la primera mitad de la semana \u2014con valores acordes a la \u00e9poca\u2014 [&hellip;]","og_url":"https:\/\/www.noticiasradioreflejos.com.ar\/2021\/fuerte-contraste-termico-en-la-region-crecen-las-posibilidades-de-nieve-en-la-comarca-de-sierra-de-la-ventana-este-fin-de-semana\/","og_site_name":"Noticias Radio Reflejos","article_published_time":"2026-09-01T13:09:57+00:00","article_modified_time":"2026-09-01T13:21:39+00:00","og_image":[{"width":2048,"height":1528,"url":"https:\/\/www.noticiasradioreflejos.com.ar\/2021\/wp-content\/uploads\/2025\/07\/abra-nieve.jpg","type":"image\/jpeg"}],"author":"Arnaldo Botto","twitter_card":"summary_large_image","schema":{"@context":"https:\/\/schema.org","@graph":[{"@type":"WebPage","@id":"https:\/\/www.noticiasradioreflejos.com.ar\/2021\/fuerte-contraste-termico-en-la-region-crecen-las-posibilidades-de-nieve-en-la-comarca-de-sierra-de-la-ventana-este-fin-de-semana\/","url":"https:\/\/www.noticiasradioreflejos.com.ar\/2021\/fuerte-contraste-termico-en-la-region-crecen-las-posibilidades-de-nieve-en-la-comarca-de-sierra-de-la-ventana-este-fin-de-semana\/","name":"Fuerte contraste t\u00e9rmico en la regi\u00f3n: crecen las posibilidades de nieve en la comarca de Sierra de la Ventana este fin de semana - Noticias Radio Reflejos","isPartOf":{"@id":"https:\/\/www.noticiasradioreflejos.com.ar\/2021\/#website"},"primaryImageOfPage":{"@id":"https:\/\/www.noticiasradioreflejos.com.ar\/2021\/fuerte-contraste-termico-en-la-region-crecen-las-posibilidades-de-nieve-en-la-comarca-de-sierra-de-la-ventana-este-fin-de-semana\/#primaryimage"},"image":{"@id":"https:\/\/www.noticiasradioreflejos.com.ar\/2021\/fuerte-contraste-termico-en-la-region-crecen-las-posibilidades-de-nieve-en-la-comarca-de-sierra-de-la-ventana-este-fin-de-semana\/#primaryimage"},"thumbnailUrl":"https:\/\/www.noticiasradioreflejos.com.ar\/2021\/wp-content\/uploads\/2025\/07\/abra-nieve.jpg","datePublished":"2026-09-01T13:09:57+00:00","dateModified":"2026-09-01T13:21:39+00:00","author":{"@id":"https:\/\/www.noticiasradioreflejos.com.ar\/2021\/#\/schema\/person\/ad82545263dcc5ec0996818884fd5fb1"},"breadcrumb":{"@id":"https:\/\/www.noticiasradioreflejos.com.ar\/2021\/fuerte-contraste-termico-en-la-region-crecen-las-posibilidades-de-nieve-en-la-comarca-de-sierra-de-la-ventana-este-fin-de-semana\/#breadcrumb"},"inLanguage":"es","potentialAction":[{"@type":"ReadAction","target":["https:\/\/www.noticiasradioreflejos.com.ar\/2021\/fuerte-contraste-termico-en-la-region-crecen-las-posibilidades-de-nieve-en-la-comarca-de-sierra-de-la-ventana-este-fin-de-semana\/"]}]},{"@type":"ImageObject","inLanguage":"es","@id":"https:\/\/www.noticiasradioreflejos.com.ar\/2021\/fuerte-contraste-termico-en-la-region-crecen-las-posibilidades-de-nieve-en-la-comarca-de-sierra-de-la-ventana-este-fin-de-semana\/#primaryimage","url":"https:\/\/www.noticiasradioreflejos.com.ar\/2021\/wp-content\/uploads\/2025\/07\/abra-nieve.jpg","contentUrl":"https:\/\/www.noticiasradioreflejos.com.ar\/2021\/wp-content\/uploads\/2025\/07\/abra-nieve.jpg","width":2048,"height":1528},{"@type":"BreadcrumbList","@id":"https:\/\/www.noticiasradioreflejos.com.ar\/2021\/fuerte-contraste-termico-en-la-region-crecen-las-posibilidades-de-nieve-en-la-comarca-de-sierra-de-la-ventana-este-fin-de-semana\/#breadcrumb","itemListElement":[{"@type":"ListItem","position":1,"name":"Portada","item":"https:\/\/www.noticiasradioreflejos.com.ar\/2021\/"},{"@type":"ListItem","position":2,"name":"Fuerte contraste t\u00e9rmico en la regi\u00f3n: crecen las posibilidades de nieve en la comarca de Sierra de la Ventana este fin de semana"}]},{"@type":"WebSite","@id":"https:\/\/www.noticiasradioreflejos.com.ar\/2021\/#website","url":"https:\/\/www.noticiasradioreflejos.com.ar\/2021\/","name":"Noticias Radio Reflejos","description":"Las noticias de mi comarca","potentialAction":[{"@type":"SearchAction","target":{"@type":"EntryPoint","urlTemplate":"https:\/\/www.noticiasradioreflejos.com.ar\/2021\/?s={search_term_string}"},"query-input":{"@type":"PropertyValueSpecification","valueRequired":true,"valueName":"search_term_string"}}],"inLanguage":"es"},{"@type":"Person","@id":"https:\/\/www.noticiasradioreflejos.com.ar\/2021\/#\/schema\/person\/ad82545263dcc5ec0996818884fd5fb1","name":"Arnaldo Botto","image":{"@type":"ImageObject","inLanguage":"es","@id":"https:\/\/www.noticiasradioreflejos.com.ar\/2021\/#\/schema\/person\/image\/","url":"https:\/\/secure.gravatar.com\/avatar\/55cb5e37c1efa326397366e6974cb338056df65cb50e7d64d1cf314e87504837?s=96&d=mm&r=g","contentUrl":"https:\/\/secure.gravatar.com\/avatar\/55cb5e37c1efa326397366e6974cb338056df65cb50e7d64d1cf314e87504837?s=96&d=mm&r=g","caption":"Arnaldo Botto"},"url":"https:\/\/www.noticiasradioreflejos.com.ar\/2021\/author\/arnaldo\/"}]}},"_links":{"self":[{"href":"https:\/\/www.noticiasradioreflejos.com.ar\/2021\/wp-json\/wp\/v2\/posts\/142888","targetHints":{"allow":["GET"]}}],"collection":[{"href":"https:\/\/www.noticiasradioreflejos.com.ar\/2021\/wp-json\/wp\/v2\/posts"}],"about":[{"href":"https:\/\/www.noticiasradioreflejos.com.ar\/2021\/wp-json\/wp\/v2\/types\/post"}],"author":[{"embeddable":true,"href":"https:\/\/www.noticiasradioreflejos.com.ar\/2021\/wp-json\/wp\/v2\/users\/3"}],"replies":[{"embeddable":true,"href":"https:\/\/www.noticiasradioreflejos.com.ar\/2021\/wp-json\/wp\/v2\/comments?post=142888"}],"version-history":[{"count":1,"href":"https:\/\/www.noticiasradioreflejos.com.ar\/2021\/wp-json\/wp\/v2\/posts\/142888\/revisions"}],"predecessor-version":[{"id":142889,"href":"https:\/\/www.noticiasradioreflejos.com.ar\/2021\/wp-json\/wp\/v2\/posts\/142888\/revisions\/142889"}],"wp:featuredmedia":[{"embeddable":true,"href":"https:\/\/www.noticiasradioreflejos.com.ar\/2021\/wp-json\/wp\/v2\/media\/121160"}],"wp:attachment":[{"href":"https:\/\/www.noticiasradioreflejos.com.ar\/2021\/wp-json\/wp\/v2\/media?parent=142888"}],"wp:term":[{"taxonomy":"category","embeddable":true,"href":"https:\/\/www.noticiasradioreflejos.com.ar\/2021\/wp-json\/wp\/v2\/categories?post=142888"},{"taxonomy":"post_tag","embeddable":true,"href":"https:\/\/www.noticiasradioreflejos.com.ar\/2021\/wp-json\/wp\/v2\/tags?post=142888"}],"curies":[{"name":"wp","href":"https:\/\/api.w.org\/{rel}","templated":true}]}}