{"id":142883,"date":"2026-09-01T10:03:42","date_gmt":"2026-09-01T13:03:42","guid":{"rendered":"https:\/\/www.noticiasradioreflejos.com.ar\/2021\/?p=142883"},"modified":"2026-09-01T10:04:37","modified_gmt":"2026-09-01T13:04:37","slug":"micaela-costas-brillo-en-el-torneo-de-atletismo-master-de-bahia-blanca","status":"publish","type":"post","link":"https:\/\/www.noticiasradioreflejos.com.ar\/2021\/micaela-costas-brillo-en-el-torneo-de-atletismo-master-de-bahia-blanca\/","title":{"rendered":"Micaela Costas brill\u00f3 en el Torneo de Atletismo Master de Bah\u00eda Blanca"},"content":{"rendered":"<p id=\"p-rc_cbf7893d73970f88-22\" data-path-to-node=\"3\"><span data-path-to-node=\"3,0\"><b data-path-to-node=\"3,0\" data-index-in-node=\"0\"><\/b> La atleta del grupo Huella Serrana compiti\u00f3 en el complejo Las Tres Villas, organizando por el C\u00edrculo Bahiense de Atletas Veteranos<\/span><span data-path-to-node=\"3,2\">. Se qued\u00f3 con el 1.\u00ba puesto en la categor\u00eda 50-54 a\u00f1os en las pruebas de 800 y 1500 metros<\/span><span data-path-to-node=\"3,4\">, iniciando con paso firme su preparaci\u00f3n para el XLVI Campeonato Nacional Master<\/span><span data-path-to-node=\"3,6\">.<\/span><!--more--><\/p>\n<p>El domingo 30 de agosto el Circulo Bahiense de atletas veteranos organiz\u00f3 un torneo en la Ciudad de Bah\u00eda Blanca, en la pista del complejo Las Tres Villas.<\/p>\n<p>Se realizaron varias disciplinas como lanzamiento de martillo, disco, bala y jabalina, \u00a0100 y 200 m, salto en largo y triple , 800m , 1500m y 3000m. En 800m y 1500m hizo su participaci\u00f3n Micaela Costas, integrante del grupo Huella Serrana.<\/p>\n<p>Micaela Costas qued\u00f3 en el 1er puesto entre las damas cat 50-54,\u00a0 en 800m y 1500m , con un tiempo de 3:01:00 min y\u00a0 5: 56:00 min respectivamente.<\/p>\n<p>A seguir entrenando para mejorar marcas de cara al XLVI Campeonato Nacional Master a realizarse del 10 al 13 de septiembre en CABA.<\/p>\n<p><a href=\"https:\/\/www.noticiasradioreflejos.com.ar\/2021\/micaela-costas-brillo-en-el-torneo-de-atletismo-master-de-bahia-blanca\/mica-costas-2\/\" rel=\"attachment wp-att-142885\"><img loading=\"lazy\" decoding=\"async\" class=\"aligncenter size-full wp-image-142885\" src=\"https:\/\/www.noticiasradioreflejos.com.ar\/2021\/wp-content\/uploads\/2026\/09\/mica-costas.jpg\" alt=\"\" width=\"900\" height=\"1241\" srcset=\"https:\/\/www.noticiasradioreflejos.com.ar\/2021\/wp-content\/uploads\/2026\/09\/mica-costas.jpg 900w, https:\/\/www.noticiasradioreflejos.com.ar\/2021\/wp-content\/uploads\/2026\/09\/mica-costas-218x300.jpg 218w, https:\/\/www.noticiasradioreflejos.com.ar\/2021\/wp-content\/uploads\/2026\/09\/mica-costas-743x1024.jpg 743w, https:\/\/www.noticiasradioreflejos.com.ar\/2021\/wp-content\/uploads\/2026\/09\/mica-costas-768x1059.jpg 768w, https:\/\/www.noticiasradioreflejos.com.ar\/2021\/wp-content\/uploads\/2026\/09\/mica-costas-750x1034.jpg 750w\" sizes=\"auto, (max-width: 900px) 100vw, 900px\" \/><\/a><\/p>\n<p>Prof. de Educaci\u00f3n F\u00edsica y Lic. en Nutrici\u00f3n Marcela Rey<\/p>\n","protected":false},"excerpt":{"rendered":"<p>La atleta del grupo Huella Serrana compiti\u00f3 en el complejo Las Tres Villas, organizando por el C\u00edrculo Bahiense de Atletas Veteranos. Se qued\u00f3 con el 1.\u00ba puesto en la categor\u00eda 50-54 a\u00f1os en las pruebas de 800 y 1500 metros, iniciando con paso firme su preparaci\u00f3n para el XLVI Campeonato Nacional Master.<\/p>\n","protected":false},"author":3,"featured_media":142884,"comment_status":"closed","ping_status":"closed","sticky":false,"template":"","format":"standard","meta":{"footnotes":""},"categories":[27],"tags":[],"class_list":["post-142883","post","type-post","status-publish","format-standard","has-post-thumbnail","hentry","category-deportes"],"yoast_head":"<!-- This site is optimized with the Yoast SEO plugin v25.9 - https:\/\/yoast.com\/wordpress\/plugins\/seo\/ -->\n<title>Micaela Costas brill\u00f3 en el Torneo de Atletismo Master de Bah\u00eda Blanca - Noticias Radio Reflejos<\/title>\n<meta name=\"robots\" content=\"index, follow, max-snippet:-1, max-image-preview:large, max-video-preview:-1\" \/>\n<link rel=\"canonical\" href=\"https:\/\/www.noticiasradioreflejos.com.ar\/2021\/micaela-costas-brillo-en-el-torneo-de-atletismo-master-de-bahia-blanca\/\" \/>\n<meta property=\"og:locale\" content=\"es_ES\" \/>\n<meta property=\"og:type\" content=\"article\" \/>\n<meta property=\"og:title\" content=\"Micaela Costas brill\u00f3 en el Torneo de Atletismo Master de Bah\u00eda Blanca - Noticias Radio Reflejos\" \/>\n<meta property=\"og:description\" content=\"La atleta del grupo Huella Serrana compiti\u00f3 en el complejo Las Tres Villas, organizando por el C\u00edrculo Bahiense de Atletas Veteranos. Se qued\u00f3 con el 1.\u00ba puesto en la categor\u00eda 50-54 a\u00f1os en las pruebas de 800 y 1500 metros, iniciando con paso firme su preparaci\u00f3n para el XLVI Campeonato Nacional Master.\" \/>\n<meta property=\"og:url\" content=\"https:\/\/www.noticiasradioreflejos.com.ar\/2021\/micaela-costas-brillo-en-el-torneo-de-atletismo-master-de-bahia-blanca\/\" \/>\n<meta property=\"og:site_name\" content=\"Noticias Radio Reflejos\" \/>\n<meta property=\"article:published_time\" content=\"2026-09-01T13:03:42+00:00\" \/>\n<meta property=\"article:modified_time\" content=\"2026-09-01T13:04:37+00:00\" \/>\n<meta property=\"og:image\" content=\"https:\/\/www.noticiasradioreflejos.com.ar\/2021\/wp-content\/uploads\/2026\/09\/mica-costas-1.jpg\" \/>\n\t<meta property=\"og:image:width\" content=\"702\" \/>\n\t<meta property=\"og:image:height\" content=\"628\" \/>\n\t<meta property=\"og:image:type\" content=\"image\/jpeg\" \/>\n<meta name=\"author\" content=\"Arnaldo Botto\" \/>\n<meta name=\"twitter:card\" content=\"summary_large_image\" \/>\n<script type=\"application\/ld+json\" class=\"yoast-schema-graph\">{\"@context\":\"https:\/\/schema.org\",\"@graph\":[{\"@type\":\"WebPage\",\"@id\":\"https:\/\/www.noticiasradioreflejos.com.ar\/2021\/micaela-costas-brillo-en-el-torneo-de-atletismo-master-de-bahia-blanca\/\",\"url\":\"https:\/\/www.noticiasradioreflejos.com.ar\/2021\/micaela-costas-brillo-en-el-torneo-de-atletismo-master-de-bahia-blanca\/\",\"name\":\"Micaela Costas brill\u00f3 en el Torneo de Atletismo Master de Bah\u00eda Blanca - Noticias Radio Reflejos\",\"isPartOf\":{\"@id\":\"https:\/\/www.noticiasradioreflejos.com.ar\/2021\/#website\"},\"primaryImageOfPage\":{\"@id\":\"https:\/\/www.noticiasradioreflejos.com.ar\/2021\/micaela-costas-brillo-en-el-torneo-de-atletismo-master-de-bahia-blanca\/#primaryimage\"},\"image\":{\"@id\":\"https:\/\/www.noticiasradioreflejos.com.ar\/2021\/micaela-costas-brillo-en-el-torneo-de-atletismo-master-de-bahia-blanca\/#primaryimage\"},\"thumbnailUrl\":\"https:\/\/www.noticiasradioreflejos.com.ar\/2021\/wp-content\/uploads\/2026\/09\/mica-costas-1.jpg\",\"datePublished\":\"2026-09-01T13:03:42+00:00\",\"dateModified\":\"2026-09-01T13:04:37+00:00\",\"author\":{\"@id\":\"https:\/\/www.noticiasradioreflejos.com.ar\/2021\/#\/schema\/person\/ad82545263dcc5ec0996818884fd5fb1\"},\"breadcrumb\":{\"@id\":\"https:\/\/www.noticiasradioreflejos.com.ar\/2021\/micaela-costas-brillo-en-el-torneo-de-atletismo-master-de-bahia-blanca\/#breadcrumb\"},\"inLanguage\":\"es\",\"potentialAction\":[{\"@type\":\"ReadAction\",\"target\":[\"https:\/\/www.noticiasradioreflejos.com.ar\/2021\/micaela-costas-brillo-en-el-torneo-de-atletismo-master-de-bahia-blanca\/\"]}]},{\"@type\":\"ImageObject\",\"inLanguage\":\"es\",\"@id\":\"https:\/\/www.noticiasradioreflejos.com.ar\/2021\/micaela-costas-brillo-en-el-torneo-de-atletismo-master-de-bahia-blanca\/#primaryimage\",\"url\":\"https:\/\/www.noticiasradioreflejos.com.ar\/2021\/wp-content\/uploads\/2026\/09\/mica-costas-1.jpg\",\"contentUrl\":\"https:\/\/www.noticiasradioreflejos.com.ar\/2021\/wp-content\/uploads\/2026\/09\/mica-costas-1.jpg\",\"width\":702,\"height\":628},{\"@type\":\"BreadcrumbList\",\"@id\":\"https:\/\/www.noticiasradioreflejos.com.ar\/2021\/micaela-costas-brillo-en-el-torneo-de-atletismo-master-de-bahia-blanca\/#breadcrumb\",\"itemListElement\":[{\"@type\":\"ListItem\",\"position\":1,\"name\":\"Portada\",\"item\":\"https:\/\/www.noticiasradioreflejos.com.ar\/2021\/\"},{\"@type\":\"ListItem\",\"position\":2,\"name\":\"Micaela Costas brill\u00f3 en el Torneo de Atletismo Master de Bah\u00eda Blanca\"}]},{\"@type\":\"WebSite\",\"@id\":\"https:\/\/www.noticiasradioreflejos.com.ar\/2021\/#website\",\"url\":\"https:\/\/www.noticiasradioreflejos.com.ar\/2021\/\",\"name\":\"Noticias Radio Reflejos\",\"description\":\"Las noticias de mi comarca\",\"potentialAction\":[{\"@type\":\"SearchAction\",\"target\":{\"@type\":\"EntryPoint\",\"urlTemplate\":\"https:\/\/www.noticiasradioreflejos.com.ar\/2021\/?s={search_term_string}\"},\"query-input\":{\"@type\":\"PropertyValueSpecification\",\"valueRequired\":true,\"valueName\":\"search_term_string\"}}],\"inLanguage\":\"es\"},{\"@type\":\"Person\",\"@id\":\"https:\/\/www.noticiasradioreflejos.com.ar\/2021\/#\/schema\/person\/ad82545263dcc5ec0996818884fd5fb1\",\"name\":\"Arnaldo Botto\",\"image\":{\"@type\":\"ImageObject\",\"inLanguage\":\"es\",\"@id\":\"https:\/\/www.noticiasradioreflejos.com.ar\/2021\/#\/schema\/person\/image\/\",\"url\":\"https:\/\/secure.gravatar.com\/avatar\/55cb5e37c1efa326397366e6974cb338056df65cb50e7d64d1cf314e87504837?s=96&d=mm&r=g\",\"contentUrl\":\"https:\/\/secure.gravatar.com\/avatar\/55cb5e37c1efa326397366e6974cb338056df65cb50e7d64d1cf314e87504837?s=96&d=mm&r=g\",\"caption\":\"Arnaldo Botto\"},\"url\":\"https:\/\/www.noticiasradioreflejos.com.ar\/2021\/author\/arnaldo\/\"}]}<\/script>\n<!-- \/ Yoast SEO plugin. -->","yoast_head_json":{"title":"Micaela Costas brill\u00f3 en el Torneo de Atletismo Master de Bah\u00eda Blanca - Noticias Radio Reflejos","robots":{"index":"index","follow":"follow","max-snippet":"max-snippet:-1","max-image-preview":"max-image-preview:large","max-video-preview":"max-video-preview:-1"},"canonical":"https:\/\/www.noticiasradioreflejos.com.ar\/2021\/micaela-costas-brillo-en-el-torneo-de-atletismo-master-de-bahia-blanca\/","og_locale":"es_ES","og_type":"article","og_title":"Micaela Costas brill\u00f3 en el Torneo de Atletismo Master de Bah\u00eda Blanca - Noticias Radio Reflejos","og_description":"La atleta del grupo Huella Serrana compiti\u00f3 en el complejo Las Tres Villas, organizando por el C\u00edrculo Bahiense de Atletas Veteranos. Se qued\u00f3 con el 1.\u00ba puesto en la categor\u00eda 50-54 a\u00f1os en las pruebas de 800 y 1500 metros, iniciando con paso firme su preparaci\u00f3n para el XLVI Campeonato Nacional Master.","og_url":"https:\/\/www.noticiasradioreflejos.com.ar\/2021\/micaela-costas-brillo-en-el-torneo-de-atletismo-master-de-bahia-blanca\/","og_site_name":"Noticias Radio Reflejos","article_published_time":"2026-09-01T13:03:42+00:00","article_modified_time":"2026-09-01T13:04:37+00:00","og_image":[{"width":702,"height":628,"url":"https:\/\/www.noticiasradioreflejos.com.ar\/2021\/wp-content\/uploads\/2026\/09\/mica-costas-1.jpg","type":"image\/jpeg"}],"author":"Arnaldo Botto","twitter_card":"summary_large_image","schema":{"@context":"https:\/\/schema.org","@graph":[{"@type":"WebPage","@id":"https:\/\/www.noticiasradioreflejos.com.ar\/2021\/micaela-costas-brillo-en-el-torneo-de-atletismo-master-de-bahia-blanca\/","url":"https:\/\/www.noticiasradioreflejos.com.ar\/2021\/micaela-costas-brillo-en-el-torneo-de-atletismo-master-de-bahia-blanca\/","name":"Micaela Costas brill\u00f3 en el Torneo de Atletismo Master de Bah\u00eda Blanca - Noticias Radio Reflejos","isPartOf":{"@id":"https:\/\/www.noticiasradioreflejos.com.ar\/2021\/#website"},"primaryImageOfPage":{"@id":"https:\/\/www.noticiasradioreflejos.com.ar\/2021\/micaela-costas-brillo-en-el-torneo-de-atletismo-master-de-bahia-blanca\/#primaryimage"},"image":{"@id":"https:\/\/www.noticiasradioreflejos.com.ar\/2021\/micaela-costas-brillo-en-el-torneo-de-atletismo-master-de-bahia-blanca\/#primaryimage"},"thumbnailUrl":"https:\/\/www.noticiasradioreflejos.com.ar\/2021\/wp-content\/uploads\/2026\/09\/mica-costas-1.jpg","datePublished":"2026-09-01T13:03:42+00:00","dateModified":"2026-09-01T13:04:37+00:00","author":{"@id":"https:\/\/www.noticiasradioreflejos.com.ar\/2021\/#\/schema\/person\/ad82545263dcc5ec0996818884fd5fb1"},"breadcrumb":{"@id":"https:\/\/www.noticiasradioreflejos.com.ar\/2021\/micaela-costas-brillo-en-el-torneo-de-atletismo-master-de-bahia-blanca\/#breadcrumb"},"inLanguage":"es","potentialAction":[{"@type":"ReadAction","target":["https:\/\/www.noticiasradioreflejos.com.ar\/2021\/micaela-costas-brillo-en-el-torneo-de-atletismo-master-de-bahia-blanca\/"]}]},{"@type":"ImageObject","inLanguage":"es","@id":"https:\/\/www.noticiasradioreflejos.com.ar\/2021\/micaela-costas-brillo-en-el-torneo-de-atletismo-master-de-bahia-blanca\/#primaryimage","url":"https:\/\/www.noticiasradioreflejos.com.ar\/2021\/wp-content\/uploads\/2026\/09\/mica-costas-1.jpg","contentUrl":"https:\/\/www.noticiasradioreflejos.com.ar\/2021\/wp-content\/uploads\/2026\/09\/mica-costas-1.jpg","width":702,"height":628},{"@type":"BreadcrumbList","@id":"https:\/\/www.noticiasradioreflejos.com.ar\/2021\/micaela-costas-brillo-en-el-torneo-de-atletismo-master-de-bahia-blanca\/#breadcrumb","itemListElement":[{"@type":"ListItem","position":1,"name":"Portada","item":"https:\/\/www.noticiasradioreflejos.com.ar\/2021\/"},{"@type":"ListItem","position":2,"name":"Micaela Costas brill\u00f3 en el Torneo de Atletismo Master de Bah\u00eda Blanca"}]},{"@type":"WebSite","@id":"https:\/\/www.noticiasradioreflejos.com.ar\/2021\/#website","url":"https:\/\/www.noticiasradioreflejos.com.ar\/2021\/","name":"Noticias Radio Reflejos","description":"Las noticias de mi comarca","potentialAction":[{"@type":"SearchAction","target":{"@type":"EntryPoint","urlTemplate":"https:\/\/www.noticiasradioreflejos.com.ar\/2021\/?s={search_term_string}"},"query-input":{"@type":"PropertyValueSpecification","valueRequired":true,"valueName":"search_term_string"}}],"inLanguage":"es"},{"@type":"Person","@id":"https:\/\/www.noticiasradioreflejos.com.ar\/2021\/#\/schema\/person\/ad82545263dcc5ec0996818884fd5fb1","name":"Arnaldo Botto","image":{"@type":"ImageObject","inLanguage":"es","@id":"https:\/\/www.noticiasradioreflejos.com.ar\/2021\/#\/schema\/person\/image\/","url":"https:\/\/secure.gravatar.com\/avatar\/55cb5e37c1efa326397366e6974cb338056df65cb50e7d64d1cf314e87504837?s=96&d=mm&r=g","contentUrl":"https:\/\/secure.gravatar.com\/avatar\/55cb5e37c1efa326397366e6974cb338056df65cb50e7d64d1cf314e87504837?s=96&d=mm&r=g","caption":"Arnaldo Botto"},"url":"https:\/\/www.noticiasradioreflejos.com.ar\/2021\/author\/arnaldo\/"}]}},"_links":{"self":[{"href":"https:\/\/www.noticiasradioreflejos.com.ar\/2021\/wp-json\/wp\/v2\/posts\/142883","targetHints":{"allow":["GET"]}}],"collection":[{"href":"https:\/\/www.noticiasradioreflejos.com.ar\/2021\/wp-json\/wp\/v2\/posts"}],"about":[{"href":"https:\/\/www.noticiasradioreflejos.com.ar\/2021\/wp-json\/wp\/v2\/types\/post"}],"author":[{"embeddable":true,"href":"https:\/\/www.noticiasradioreflejos.com.ar\/2021\/wp-json\/wp\/v2\/users\/3"}],"replies":[{"embeddable":true,"href":"https:\/\/www.noticiasradioreflejos.com.ar\/2021\/wp-json\/wp\/v2\/comments?post=142883"}],"version-history":[{"count":2,"href":"https:\/\/www.noticiasradioreflejos.com.ar\/2021\/wp-json\/wp\/v2\/posts\/142883\/revisions"}],"predecessor-version":[{"id":142887,"href":"https:\/\/www.noticiasradioreflejos.com.ar\/2021\/wp-json\/wp\/v2\/posts\/142883\/revisions\/142887"}],"wp:featuredmedia":[{"embeddable":true,"href":"https:\/\/www.noticiasradioreflejos.com.ar\/2021\/wp-json\/wp\/v2\/media\/142884"}],"wp:attachment":[{"href":"https:\/\/www.noticiasradioreflejos.com.ar\/2021\/wp-json\/wp\/v2\/media?parent=142883"}],"wp:term":[{"taxonomy":"category","embeddable":true,"href":"https:\/\/www.noticiasradioreflejos.com.ar\/2021\/wp-json\/wp\/v2\/categories?post=142883"},{"taxonomy":"post_tag","embeddable":true,"href":"https:\/\/www.noticiasradioreflejos.com.ar\/2021\/wp-json\/wp\/v2\/tags?post=142883"}],"curies":[{"name":"wp","href":"https:\/\/api.w.org\/{rel}","templated":true}]}}