{"id":142881,"date":"2026-09-01T07:32:51","date_gmt":"2026-09-01T10:32:51","guid":{"rendered":"https:\/\/www.noticiasradioreflejos.com.ar\/2021\/?p=142881"},"modified":"2026-09-01T07:32:51","modified_gmt":"2026-09-01T10:32:51","slug":"1-de-septiembre-reconocimiento-y-homenaje-en-el-dia-de-la-cocinera-y-el-cocinero","status":"publish","type":"post","link":"https:\/\/www.noticiasradioreflejos.com.ar\/2021\/1-de-septiembre-reconocimiento-y-homenaje-en-el-dia-de-la-cocinera-y-el-cocinero\/","title":{"rendered":"1\u00b0 de septiembre: Reconocimiento y homenaje en el D\u00eda de la Cocinera y el Cocinero"},"content":{"rendered":"<p data-path-to-node=\"5\">Cada 1\u00b0 de septiembre se conmemora en la Argentina el <b data-path-to-node=\"5\" data-index-in-node=\"54\">D\u00eda de la Cocinera y el Cocinero<\/b>, una jornada destinada a poner en valor el trabajo, la dedicaci\u00f3n y el compromiso diario de quienes entretejen la cultura gastron\u00f3mica e institucional del pa\u00eds.<!--more--><\/p>\n<p data-path-to-node=\"6\">Establecida formalmente mediante el Decreto N\u00b0 5251 en el a\u00f1o 2008, esta fecha destaca tanto a los profesionales de la gastronom\u00eda como a los trabajadores que prestan servicio en comedores escolares, instituciones comunitarias, espacios sociocomunitarios y centros de salud. Su labor trasciende la preparaci\u00f3n de alimentos: constituye una pieza fundamental para garantizar el derecho a la nutrici\u00f3n, el bienestar social y el encuentro comunitario.<\/p>\n<p data-path-to-node=\"7\">Desde la preparaci\u00f3n de cada plato hasta el sostenimiento del servicio diario en escuelas y entidades de la comunidad, el trabajo en las cocinas combina esfuerzo, afecto y responsabilidad profesional.<\/p>\n<p data-path-to-node=\"8\">En este d\u00eda, se extiende un sincero saludo y agradecimiento a todas las cocineras y cocineros que con su esfuerzo diario alimentan el presente y futuro de nuestras comunidades.<\/p>\n","protected":false},"excerpt":{"rendered":"<p>Cada 1\u00b0 de septiembre se conmemora en la Argentina el D\u00eda de la Cocinera y el Cocinero, una jornada destinada a poner en valor el trabajo, la dedicaci\u00f3n y el compromiso diario de quienes entretejen la cultura gastron\u00f3mica e institucional del pa\u00eds.<\/p>\n","protected":false},"author":3,"featured_media":60712,"comment_status":"closed","ping_status":"closed","sticky":false,"template":"","format":"standard","meta":{"footnotes":""},"categories":[26],"tags":[],"class_list":["post-142881","post","type-post","status-publish","format-standard","has-post-thumbnail","hentry","category-sociedad"],"yoast_head":"<!-- This site is optimized with the Yoast SEO plugin v25.9 - https:\/\/yoast.com\/wordpress\/plugins\/seo\/ -->\n<title>1\u00b0 de septiembre: Reconocimiento y homenaje en el D\u00eda de la Cocinera y el Cocinero - Noticias Radio Reflejos<\/title>\n<meta name=\"robots\" content=\"index, follow, max-snippet:-1, max-image-preview:large, max-video-preview:-1\" \/>\n<link rel=\"canonical\" href=\"https:\/\/www.noticiasradioreflejos.com.ar\/2021\/1-de-septiembre-reconocimiento-y-homenaje-en-el-dia-de-la-cocinera-y-el-cocinero\/\" \/>\n<meta property=\"og:locale\" content=\"es_ES\" \/>\n<meta property=\"og:type\" content=\"article\" \/>\n<meta property=\"og:title\" content=\"1\u00b0 de septiembre: Reconocimiento y homenaje en el D\u00eda de la Cocinera y el Cocinero - Noticias Radio Reflejos\" \/>\n<meta property=\"og:description\" content=\"Cada 1\u00b0 de septiembre se conmemora en la Argentina el D\u00eda de la Cocinera y el Cocinero, una jornada destinada a poner en valor el trabajo, la dedicaci\u00f3n y el compromiso diario de quienes entretejen la cultura gastron\u00f3mica e institucional del pa\u00eds.\" \/>\n<meta property=\"og:url\" content=\"https:\/\/www.noticiasradioreflejos.com.ar\/2021\/1-de-septiembre-reconocimiento-y-homenaje-en-el-dia-de-la-cocinera-y-el-cocinero\/\" \/>\n<meta property=\"og:site_name\" content=\"Noticias Radio Reflejos\" \/>\n<meta property=\"article:published_time\" content=\"2026-09-01T10:32:51+00:00\" \/>\n<meta property=\"og:image\" content=\"https:\/\/www.noticiasradioreflejos.com.ar\/2021\/wp-content\/uploads\/2021\/07\/Personal-de-cocina.jpg\" \/>\n\t<meta property=\"og:image:width\" content=\"625\" \/>\n\t<meta property=\"og:image:height\" content=\"350\" \/>\n\t<meta property=\"og:image:type\" content=\"image\/jpeg\" \/>\n<meta name=\"author\" content=\"Arnaldo Botto\" \/>\n<meta name=\"twitter:card\" content=\"summary_large_image\" \/>\n<script type=\"application\/ld+json\" class=\"yoast-schema-graph\">{\"@context\":\"https:\/\/schema.org\",\"@graph\":[{\"@type\":\"WebPage\",\"@id\":\"https:\/\/www.noticiasradioreflejos.com.ar\/2021\/1-de-septiembre-reconocimiento-y-homenaje-en-el-dia-de-la-cocinera-y-el-cocinero\/\",\"url\":\"https:\/\/www.noticiasradioreflejos.com.ar\/2021\/1-de-septiembre-reconocimiento-y-homenaje-en-el-dia-de-la-cocinera-y-el-cocinero\/\",\"name\":\"1\u00b0 de septiembre: Reconocimiento y homenaje en el D\u00eda de la Cocinera y el Cocinero - Noticias Radio Reflejos\",\"isPartOf\":{\"@id\":\"https:\/\/www.noticiasradioreflejos.com.ar\/2021\/#website\"},\"primaryImageOfPage\":{\"@id\":\"https:\/\/www.noticiasradioreflejos.com.ar\/2021\/1-de-septiembre-reconocimiento-y-homenaje-en-el-dia-de-la-cocinera-y-el-cocinero\/#primaryimage\"},\"image\":{\"@id\":\"https:\/\/www.noticiasradioreflejos.com.ar\/2021\/1-de-septiembre-reconocimiento-y-homenaje-en-el-dia-de-la-cocinera-y-el-cocinero\/#primaryimage\"},\"thumbnailUrl\":\"https:\/\/www.noticiasradioreflejos.com.ar\/2021\/wp-content\/uploads\/2021\/07\/Personal-de-cocina.jpg\",\"datePublished\":\"2026-09-01T10:32:51+00:00\",\"author\":{\"@id\":\"https:\/\/www.noticiasradioreflejos.com.ar\/2021\/#\/schema\/person\/ad82545263dcc5ec0996818884fd5fb1\"},\"breadcrumb\":{\"@id\":\"https:\/\/www.noticiasradioreflejos.com.ar\/2021\/1-de-septiembre-reconocimiento-y-homenaje-en-el-dia-de-la-cocinera-y-el-cocinero\/#breadcrumb\"},\"inLanguage\":\"es\",\"potentialAction\":[{\"@type\":\"ReadAction\",\"target\":[\"https:\/\/www.noticiasradioreflejos.com.ar\/2021\/1-de-septiembre-reconocimiento-y-homenaje-en-el-dia-de-la-cocinera-y-el-cocinero\/\"]}]},{\"@type\":\"ImageObject\",\"inLanguage\":\"es\",\"@id\":\"https:\/\/www.noticiasradioreflejos.com.ar\/2021\/1-de-septiembre-reconocimiento-y-homenaje-en-el-dia-de-la-cocinera-y-el-cocinero\/#primaryimage\",\"url\":\"https:\/\/www.noticiasradioreflejos.com.ar\/2021\/wp-content\/uploads\/2021\/07\/Personal-de-cocina.jpg\",\"contentUrl\":\"https:\/\/www.noticiasradioreflejos.com.ar\/2021\/wp-content\/uploads\/2021\/07\/Personal-de-cocina.jpg\",\"width\":625,\"height\":350},{\"@type\":\"BreadcrumbList\",\"@id\":\"https:\/\/www.noticiasradioreflejos.com.ar\/2021\/1-de-septiembre-reconocimiento-y-homenaje-en-el-dia-de-la-cocinera-y-el-cocinero\/#breadcrumb\",\"itemListElement\":[{\"@type\":\"ListItem\",\"position\":1,\"name\":\"Portada\",\"item\":\"https:\/\/www.noticiasradioreflejos.com.ar\/2021\/\"},{\"@type\":\"ListItem\",\"position\":2,\"name\":\"1\u00b0 de septiembre: Reconocimiento y homenaje en el D\u00eda de la Cocinera y el Cocinero\"}]},{\"@type\":\"WebSite\",\"@id\":\"https:\/\/www.noticiasradioreflejos.com.ar\/2021\/#website\",\"url\":\"https:\/\/www.noticiasradioreflejos.com.ar\/2021\/\",\"name\":\"Noticias Radio Reflejos\",\"description\":\"Las noticias de mi comarca\",\"potentialAction\":[{\"@type\":\"SearchAction\",\"target\":{\"@type\":\"EntryPoint\",\"urlTemplate\":\"https:\/\/www.noticiasradioreflejos.com.ar\/2021\/?s={search_term_string}\"},\"query-input\":{\"@type\":\"PropertyValueSpecification\",\"valueRequired\":true,\"valueName\":\"search_term_string\"}}],\"inLanguage\":\"es\"},{\"@type\":\"Person\",\"@id\":\"https:\/\/www.noticiasradioreflejos.com.ar\/2021\/#\/schema\/person\/ad82545263dcc5ec0996818884fd5fb1\",\"name\":\"Arnaldo Botto\",\"image\":{\"@type\":\"ImageObject\",\"inLanguage\":\"es\",\"@id\":\"https:\/\/www.noticiasradioreflejos.com.ar\/2021\/#\/schema\/person\/image\/\",\"url\":\"https:\/\/secure.gravatar.com\/avatar\/55cb5e37c1efa326397366e6974cb338056df65cb50e7d64d1cf314e87504837?s=96&d=mm&r=g\",\"contentUrl\":\"https:\/\/secure.gravatar.com\/avatar\/55cb5e37c1efa326397366e6974cb338056df65cb50e7d64d1cf314e87504837?s=96&d=mm&r=g\",\"caption\":\"Arnaldo Botto\"},\"url\":\"https:\/\/www.noticiasradioreflejos.com.ar\/2021\/author\/arnaldo\/\"}]}<\/script>\n<!-- \/ Yoast SEO plugin. -->","yoast_head_json":{"title":"1\u00b0 de septiembre: Reconocimiento y homenaje en el D\u00eda de la Cocinera y el Cocinero - Noticias Radio Reflejos","robots":{"index":"index","follow":"follow","max-snippet":"max-snippet:-1","max-image-preview":"max-image-preview:large","max-video-preview":"max-video-preview:-1"},"canonical":"https:\/\/www.noticiasradioreflejos.com.ar\/2021\/1-de-septiembre-reconocimiento-y-homenaje-en-el-dia-de-la-cocinera-y-el-cocinero\/","og_locale":"es_ES","og_type":"article","og_title":"1\u00b0 de septiembre: Reconocimiento y homenaje en el D\u00eda de la Cocinera y el Cocinero - Noticias Radio Reflejos","og_description":"Cada 1\u00b0 de septiembre se conmemora en la Argentina el D\u00eda de la Cocinera y el Cocinero, una jornada destinada a poner en valor el trabajo, la dedicaci\u00f3n y el compromiso diario de quienes entretejen la cultura gastron\u00f3mica e institucional del pa\u00eds.","og_url":"https:\/\/www.noticiasradioreflejos.com.ar\/2021\/1-de-septiembre-reconocimiento-y-homenaje-en-el-dia-de-la-cocinera-y-el-cocinero\/","og_site_name":"Noticias Radio Reflejos","article_published_time":"2026-09-01T10:32:51+00:00","og_image":[{"width":625,"height":350,"url":"https:\/\/www.noticiasradioreflejos.com.ar\/2021\/wp-content\/uploads\/2021\/07\/Personal-de-cocina.jpg","type":"image\/jpeg"}],"author":"Arnaldo Botto","twitter_card":"summary_large_image","schema":{"@context":"https:\/\/schema.org","@graph":[{"@type":"WebPage","@id":"https:\/\/www.noticiasradioreflejos.com.ar\/2021\/1-de-septiembre-reconocimiento-y-homenaje-en-el-dia-de-la-cocinera-y-el-cocinero\/","url":"https:\/\/www.noticiasradioreflejos.com.ar\/2021\/1-de-septiembre-reconocimiento-y-homenaje-en-el-dia-de-la-cocinera-y-el-cocinero\/","name":"1\u00b0 de septiembre: Reconocimiento y homenaje en el D\u00eda de la Cocinera y el Cocinero - Noticias Radio Reflejos","isPartOf":{"@id":"https:\/\/www.noticiasradioreflejos.com.ar\/2021\/#website"},"primaryImageOfPage":{"@id":"https:\/\/www.noticiasradioreflejos.com.ar\/2021\/1-de-septiembre-reconocimiento-y-homenaje-en-el-dia-de-la-cocinera-y-el-cocinero\/#primaryimage"},"image":{"@id":"https:\/\/www.noticiasradioreflejos.com.ar\/2021\/1-de-septiembre-reconocimiento-y-homenaje-en-el-dia-de-la-cocinera-y-el-cocinero\/#primaryimage"},"thumbnailUrl":"https:\/\/www.noticiasradioreflejos.com.ar\/2021\/wp-content\/uploads\/2021\/07\/Personal-de-cocina.jpg","datePublished":"2026-09-01T10:32:51+00:00","author":{"@id":"https:\/\/www.noticiasradioreflejos.com.ar\/2021\/#\/schema\/person\/ad82545263dcc5ec0996818884fd5fb1"},"breadcrumb":{"@id":"https:\/\/www.noticiasradioreflejos.com.ar\/2021\/1-de-septiembre-reconocimiento-y-homenaje-en-el-dia-de-la-cocinera-y-el-cocinero\/#breadcrumb"},"inLanguage":"es","potentialAction":[{"@type":"ReadAction","target":["https:\/\/www.noticiasradioreflejos.com.ar\/2021\/1-de-septiembre-reconocimiento-y-homenaje-en-el-dia-de-la-cocinera-y-el-cocinero\/"]}]},{"@type":"ImageObject","inLanguage":"es","@id":"https:\/\/www.noticiasradioreflejos.com.ar\/2021\/1-de-septiembre-reconocimiento-y-homenaje-en-el-dia-de-la-cocinera-y-el-cocinero\/#primaryimage","url":"https:\/\/www.noticiasradioreflejos.com.ar\/2021\/wp-content\/uploads\/2021\/07\/Personal-de-cocina.jpg","contentUrl":"https:\/\/www.noticiasradioreflejos.com.ar\/2021\/wp-content\/uploads\/2021\/07\/Personal-de-cocina.jpg","width":625,"height":350},{"@type":"BreadcrumbList","@id":"https:\/\/www.noticiasradioreflejos.com.ar\/2021\/1-de-septiembre-reconocimiento-y-homenaje-en-el-dia-de-la-cocinera-y-el-cocinero\/#breadcrumb","itemListElement":[{"@type":"ListItem","position":1,"name":"Portada","item":"https:\/\/www.noticiasradioreflejos.com.ar\/2021\/"},{"@type":"ListItem","position":2,"name":"1\u00b0 de septiembre: Reconocimiento y homenaje en el D\u00eda de la Cocinera y el Cocinero"}]},{"@type":"WebSite","@id":"https:\/\/www.noticiasradioreflejos.com.ar\/2021\/#website","url":"https:\/\/www.noticiasradioreflejos.com.ar\/2021\/","name":"Noticias Radio Reflejos","description":"Las noticias de mi comarca","potentialAction":[{"@type":"SearchAction","target":{"@type":"EntryPoint","urlTemplate":"https:\/\/www.noticiasradioreflejos.com.ar\/2021\/?s={search_term_string}"},"query-input":{"@type":"PropertyValueSpecification","valueRequired":true,"valueName":"search_term_string"}}],"inLanguage":"es"},{"@type":"Person","@id":"https:\/\/www.noticiasradioreflejos.com.ar\/2021\/#\/schema\/person\/ad82545263dcc5ec0996818884fd5fb1","name":"Arnaldo Botto","image":{"@type":"ImageObject","inLanguage":"es","@id":"https:\/\/www.noticiasradioreflejos.com.ar\/2021\/#\/schema\/person\/image\/","url":"https:\/\/secure.gravatar.com\/avatar\/55cb5e37c1efa326397366e6974cb338056df65cb50e7d64d1cf314e87504837?s=96&d=mm&r=g","contentUrl":"https:\/\/secure.gravatar.com\/avatar\/55cb5e37c1efa326397366e6974cb338056df65cb50e7d64d1cf314e87504837?s=96&d=mm&r=g","caption":"Arnaldo Botto"},"url":"https:\/\/www.noticiasradioreflejos.com.ar\/2021\/author\/arnaldo\/"}]}},"_links":{"self":[{"href":"https:\/\/www.noticiasradioreflejos.com.ar\/2021\/wp-json\/wp\/v2\/posts\/142881","targetHints":{"allow":["GET"]}}],"collection":[{"href":"https:\/\/www.noticiasradioreflejos.com.ar\/2021\/wp-json\/wp\/v2\/posts"}],"about":[{"href":"https:\/\/www.noticiasradioreflejos.com.ar\/2021\/wp-json\/wp\/v2\/types\/post"}],"author":[{"embeddable":true,"href":"https:\/\/www.noticiasradioreflejos.com.ar\/2021\/wp-json\/wp\/v2\/users\/3"}],"replies":[{"embeddable":true,"href":"https:\/\/www.noticiasradioreflejos.com.ar\/2021\/wp-json\/wp\/v2\/comments?post=142881"}],"version-history":[{"count":1,"href":"https:\/\/www.noticiasradioreflejos.com.ar\/2021\/wp-json\/wp\/v2\/posts\/142881\/revisions"}],"predecessor-version":[{"id":142882,"href":"https:\/\/www.noticiasradioreflejos.com.ar\/2021\/wp-json\/wp\/v2\/posts\/142881\/revisions\/142882"}],"wp:featuredmedia":[{"embeddable":true,"href":"https:\/\/www.noticiasradioreflejos.com.ar\/2021\/wp-json\/wp\/v2\/media\/60712"}],"wp:attachment":[{"href":"https:\/\/www.noticiasradioreflejos.com.ar\/2021\/wp-json\/wp\/v2\/media?parent=142881"}],"wp:term":[{"taxonomy":"category","embeddable":true,"href":"https:\/\/www.noticiasradioreflejos.com.ar\/2021\/wp-json\/wp\/v2\/categories?post=142881"},{"taxonomy":"post_tag","embeddable":true,"href":"https:\/\/www.noticiasradioreflejos.com.ar\/2021\/wp-json\/wp\/v2\/tags?post=142881"}],"curies":[{"name":"wp","href":"https:\/\/api.w.org\/{rel}","templated":true}]}}