{"id":142867,"date":"2026-09-01T07:17:48","date_gmt":"2026-09-01T10:17:48","guid":{"rendered":"https:\/\/www.noticiasradioreflejos.com.ar\/2021\/?p=142867"},"modified":"2026-09-01T07:18:15","modified_gmt":"2026-09-01T10:18:15","slug":"se-encamina-al-archivo-la-causa-por-las-valijas-que-llegaron-sin-controles-en-el-avion-de-scatturice","status":"publish","type":"post","link":"https:\/\/www.noticiasradioreflejos.com.ar\/2021\/se-encamina-al-archivo-la-causa-por-las-valijas-que-llegaron-sin-controles-en-el-avion-de-scatturice\/","title":{"rendered":"Se encamina al archivo la causa por las valijas que llegaron sin controles en el avi\u00f3n de Scatturice"},"content":{"rendered":"<p>La investigaci\u00f3n no logr\u00f3 establecer qu\u00e9 transportaba Laura Bel\u00e9n Arrieta ni qui\u00e9n permiti\u00f3 que su equipaje evitara los esc\u00e1neres de Aeroparque en febrero de 2025. El expediente est\u00e1 a cargo del juez Pablo Yadarola, cuyo ascenso a la C\u00e1mara Federal fue aprobado d\u00edas atr\u00e1s con el apoyo del peronismo.<!--more--><\/p>\n<p>Las valijas de\u00a0<strong>Laura Bel\u00e9n Arrieta<\/strong>\u00a0entraron a la Argentina sin que nadie las revisara. Un a\u00f1o y medio despu\u00e9s, esa anomal\u00eda encontr\u00f3 un desenlace dif\u00edcil de imaginar cuando comenz\u00f3 la investigaci\u00f3n:\u00a0<strong>como nadie las revis\u00f3 entonces, la Justicia sostiene que ya no puede saber qu\u00e9 llevaban adentro<\/strong>. El juez en lo Penal Econ\u00f3mico\u00a0<strong>Pablo Yadarola<\/strong>\u00a0est\u00e1 a punto de archivar la causa que investigaba el ingreso del equipaje, que hab\u00eda llegado a Aeroparque en un avi\u00f3n privado de\u00a0<strong>Leonardo Scatturice<\/strong>, el empresario para el que trabajaba Arrieta y que desde entonces se convirti\u00f3 en una figura cada vez m\u00e1s gravitante dentro del ecosistema de poder libertario.<\/p>\n<aside class=\"know-more know-more--with-image\"><\/aside>\n<p class=\"article-text\">El nombre de Yadarola no resulta desconocido en la pol\u00edtica ni en Comodoro Py. Hasta ahora titular del\u00a0<strong>Juzgado Nacional en lo Penal Econ\u00f3mico N.\u00ba 2<\/strong>, el magistrado<a class=\"link\" href=\"https:\/\/www.eldiarioar.com\/politica\/senado-aprobo-pliegos-bertuzzi-yadarola-camara-federal-portena_1_13471491.html\" data-mrf-recirculation=\"links-noticia\" data-mrf-link=\"https:\/\/www.eldiarioar.com\/politica\/senado-aprobo-pliegos-bertuzzi-yadarola-camara-federal-portena_1_13471491.html\">\u00a0acaba de conseguir el acuerdo del Senado<\/a>\u00a0para ascender a la\u00a0<strong>Sala I de la C\u00e1mara Federal porte\u00f1a<\/strong>, uno de los tribunales m\u00e1s poderosos y codiciados de los tribunales federales. Su pliego hab\u00eda sido enviado por el gobierno de\u00a0<strong>Javier Milei<\/strong>, pero el oficialismo necesit\u00f3 para aprobarlo de una colaboraci\u00f3n que algunos a\u00f1os atr\u00e1s habr\u00eda resultado bastante m\u00e1s dif\u00edcil de imaginar:\u00a0<strong>buena parte del peronismo levant\u00f3 la mano por \u00e9l<\/strong>.<\/p>\n<figure><picture class=\"news-image\"><source srcset=\"https:\/\/static.eldiario.es\/clip\/a82df095-bd21-4df0-9c03-e84f9640198f_16-9-discover-aspect-ratio_50p_0_x645y325.webp\" type=\"image\/webp\" media=\"(max-width: 576px)\" \/><source srcset=\"https:\/\/static.eldiario.es\/clip\/a82df095-bd21-4df0-9c03-e84f9640198f_16-9-discover-aspect-ratio_50p_0_x645y325.jpg\" type=\"image\/jpg\" media=\"(max-width: 576px)\" \/><source srcset=\"https:\/\/static.eldiario.es\/clip\/a82df095-bd21-4df0-9c03-e84f9640198f_16-9-discover-aspect-ratio_75p_0_x645y325.webp\" type=\"image\/webp\" media=\"(max-width: 767px)\" \/><source srcset=\"https:\/\/static.eldiario.es\/clip\/a82df095-bd21-4df0-9c03-e84f9640198f_16-9-discover-aspect-ratio_75p_0_x645y325.jpg\" type=\"image\/jpg\" media=\"(max-width: 767px)\" \/><source srcset=\"https:\/\/static.eldiario.es\/clip\/a82df095-bd21-4df0-9c03-e84f9640198f_16-9-discover-aspect-ratio_default_0_x645y325.webp\" type=\"image\/webp\" media=\"(min-width: 768px)\" \/><source srcset=\"https:\/\/static.eldiario.es\/clip\/a82df095-bd21-4df0-9c03-e84f9640198f_16-9-discover-aspect-ratio_default_0_x645y325.jpg\" type=\"image\/jpg\" media=\"(min-width: 768px)\" \/><source srcset=\"https:\/\/static.eldiario.es\/clip\/a82df095-bd21-4df0-9c03-e84f9640198f_16-9-discover-aspect-ratio_default_0_x645y325.webp\" type=\"image\/webp\" \/><img decoding=\"async\" class=\"lazy entered loaded\" src=\"https:\/\/static.eldiario.es\/clip\/a82df095-bd21-4df0-9c03-e84f9640198f_16-9-discover-aspect-ratio_default_0_x645y325.jpg\" alt=\"Pablo Yadarola (a la derecha) junto a Pablo Bertuzzi durante la defensa de sus pliegos ante la Comisi\u00f3n de Acuerdos del Senado.\" data-src=\"https:\/\/static.eldiario.es\/clip\/a82df095-bd21-4df0-9c03-e84f9640198f_16-9-discover-aspect-ratio_default_0_x645y325.jpg\" data-ll-status=\"loaded\" \/><\/picture><figcaption class=\"image-footer\"><em><span class=\"title\">Pablo Yadarola (a la derecha) junto a Pablo Bertuzzi durante la defensa de sus pliegos ante la Comisi\u00f3n de Acuerdos del Senado.\u00a0<span class=\"author\">Prensa<\/span><\/span><\/em><\/figcaption><\/figure>\n<p>&nbsp;<\/p>\n<p class=\"article-text\">La contradicci\u00f3n tiene un antecedente especialmente inc\u00f3modo. En\u00a0<strong>2022<\/strong>, Yadarola hab\u00eda integrado la comitiva que viaj\u00f3 a\u00a0<strong>Lago Escondido<\/strong>\u00a0junto con otros jueces, exfuncionarios porte\u00f1os, antiguos integrantes de los servicios de inteligencia y empresarios de medios.\u00a0<strong>El kirchnerismo convirti\u00f3 aquella excursi\u00f3n en uno de sus grandes emblemas<\/strong>\u00a0para denunciar los v\u00ednculos entre sectores de la Justicia, el macrismo, los esp\u00edas y el poder econ\u00f3mico. Yadarola incluso lleg\u00f3 a discutir, despu\u00e9s de que trascendieran conversaciones de un grupo de WhatsApp de los viajeros, la posibilidad de impulsar una causa en la que los participantes aparecieran como\u00a0<strong>v\u00edctimas de una supuesta maniobra de espionaje ilegal<\/strong>.<\/p>\n<p class=\"article-text\">Aquellos antecedentes no impidieron que el candidato impulsado por Milei consiguiera un respaldo amplio en el Senado. La incomodidad qued\u00f3 condensada en\u00a0<strong>Mart\u00edn Soria<\/strong>, exministro de Justicia y uno de los dirigentes que hab\u00eda denunciado con mayor insistencia el viaje a Lago Escondido: cuando lleg\u00f3 el momento de votar, opt\u00f3 por retirarse del recinto. De esa manera evit\u00f3 acompa\u00f1ar el ascenso de Yadarola, pero tambi\u00e9n quedar registrado entre quienes lo rechazaron.\u00a0<strong>El resto de la bancada peronista aport\u00f3 los votos que necesitaba el Gobierno para convertirlo en camarista<\/strong>.<\/p>\n<figure><picture class=\"news-image\"><source srcset=\"https:\/\/static.eldiario.es\/clip\/0c78b8fe-cac0-4bc5-a90b-10e1b47b4210_16-9-discover-aspect-ratio_50p_0.webp\" type=\"image\/webp\" media=\"(max-width: 576px)\" \/><source srcset=\"https:\/\/static.eldiario.es\/clip\/0c78b8fe-cac0-4bc5-a90b-10e1b47b4210_16-9-discover-aspect-ratio_50p_0.jpg\" type=\"image\/jpg\" media=\"(max-width: 576px)\" \/><source srcset=\"https:\/\/static.eldiario.es\/clip\/0c78b8fe-cac0-4bc5-a90b-10e1b47b4210_16-9-discover-aspect-ratio_75p_0.webp\" type=\"image\/webp\" media=\"(max-width: 767px)\" \/><source srcset=\"https:\/\/static.eldiario.es\/clip\/0c78b8fe-cac0-4bc5-a90b-10e1b47b4210_16-9-discover-aspect-ratio_75p_0.jpg\" type=\"image\/jpg\" media=\"(max-width: 767px)\" \/><source srcset=\"https:\/\/static.eldiario.es\/clip\/0c78b8fe-cac0-4bc5-a90b-10e1b47b4210_16-9-discover-aspect-ratio_default_0.webp\" type=\"image\/webp\" media=\"(min-width: 768px)\" \/><source srcset=\"https:\/\/static.eldiario.es\/clip\/0c78b8fe-cac0-4bc5-a90b-10e1b47b4210_16-9-discover-aspect-ratio_default_0.jpg\" type=\"image\/jpg\" media=\"(min-width: 768px)\" \/><source srcset=\"https:\/\/static.eldiario.es\/clip\/0c78b8fe-cac0-4bc5-a90b-10e1b47b4210_16-9-discover-aspect-ratio_default_0.webp\" type=\"image\/webp\" \/><img decoding=\"async\" class=\"lazy entered loaded\" src=\"https:\/\/static.eldiario.es\/clip\/0c78b8fe-cac0-4bc5-a90b-10e1b47b4210_16-9-discover-aspect-ratio_default_0.jpg\" alt=\"Las diez valijas que no habr\u00edan sido controladas, en una de las imagenes que revel\u00f3 el canal TN.\" data-src=\"https:\/\/static.eldiario.es\/clip\/0c78b8fe-cac0-4bc5-a90b-10e1b47b4210_16-9-discover-aspect-ratio_default_0.jpg\" data-ll-status=\"loaded\" \/><\/picture><figcaption class=\"image-footer\"><em><span class=\"title\">Las diez valijas que no habr\u00edan sido controladas, en una de las imagenes que revel\u00f3 el canal TN.\u00a0<span class=\"author\">Captura video<\/span><\/span><\/em><\/figcaption><\/figure>\n<h2><\/h2>\n<h2 class=\"article-text\">El misterio del avi\u00f3n negro<\/h2>\n<p class=\"article-text\">La historia que est\u00e1 a punto de llegar a su fin judicial hab\u00eda comenzado el\u00a0<strong>25 de febrero de 2025<\/strong>, cuando un\u00a0<strong>Bombardier Global 5000 negro, matr\u00edcula N18RU<\/strong>, aterriz\u00f3 en el Aeroparque Jorge Newbery procedente de Miami. En el vuelo viajaba\u00a0<strong>Laura Bel\u00e9n Arrieta<\/strong>, ejecutiva de una de las compa\u00f1\u00edas de Scatturice y una de las caras visibles de la organizaci\u00f3n de la\u00a0<strong>Conferencia de Acci\u00f3n Pol\u00edtica Conservadora (CPAC)<\/strong>\u00a0en la Argentina.<\/p>\n<p class=\"article-text\">La llegada llam\u00f3 la atenci\u00f3n por lo que ocurri\u00f3 con su equipaje.\u00a0<strong>Arrieta hab\u00eda declarado cinco valijas, pero dentro de la aeronave se contabilizaron diez piezas<\/strong>, y los bolsos no atravesaron el procedimiento habitual de escaneo aduanero. El episodio abri\u00f3 una pregunta que terminar\u00eda acompa\u00f1ando a la causa durante toda su existencia: c\u00f3mo hab\u00eda conseguido la pasajera semejante excepci\u00f3n y, sobre todo,\u00a0<strong>si alguien hab\u00eda intervenido para permitirla<\/strong>.<\/p>\n<figure><picture class=\"news-image\"><source srcset=\"https:\/\/static.eldiario.es\/clip\/cd3895b6-bf00-49d4-90dc-3d58ef17fb7e_source-aspect-ratio_50p_0.webp\" type=\"image\/webp\" media=\"(max-width: 576px)\" \/><source srcset=\"https:\/\/static.eldiario.es\/clip\/cd3895b6-bf00-49d4-90dc-3d58ef17fb7e_source-aspect-ratio_50p_0.jpg\" type=\"image\/jpg\" media=\"(max-width: 576px)\" \/><source srcset=\"https:\/\/static.eldiario.es\/clip\/cd3895b6-bf00-49d4-90dc-3d58ef17fb7e_source-aspect-ratio_75p_0.webp\" type=\"image\/webp\" media=\"(max-width: 767px)\" \/><source srcset=\"https:\/\/static.eldiario.es\/clip\/cd3895b6-bf00-49d4-90dc-3d58ef17fb7e_source-aspect-ratio_75p_0.jpg\" type=\"image\/jpg\" media=\"(max-width: 767px)\" \/><source srcset=\"https:\/\/static.eldiario.es\/clip\/cd3895b6-bf00-49d4-90dc-3d58ef17fb7e_source-aspect-ratio_default_0.webp\" type=\"image\/webp\" media=\"(min-width: 768px)\" \/><source srcset=\"https:\/\/static.eldiario.es\/clip\/cd3895b6-bf00-49d4-90dc-3d58ef17fb7e_source-aspect-ratio_default_0.jpg\" type=\"image\/jpg\" media=\"(min-width: 768px)\" \/><source srcset=\"https:\/\/static.eldiario.es\/clip\/cd3895b6-bf00-49d4-90dc-3d58ef17fb7e_source-aspect-ratio_default_0.webp\" type=\"image\/webp\" \/><img decoding=\"async\" class=\"lazy entered loaded\" src=\"https:\/\/static.eldiario.es\/clip\/cd3895b6-bf00-49d4-90dc-3d58ef17fb7e_source-aspect-ratio_default_0.jpg\" alt=\"Laura Bel\u00e9n Arrieta, la pasajera del avi\u00f3n negro de Leonardo Scatturice.\" data-src=\"https:\/\/static.eldiario.es\/clip\/cd3895b6-bf00-49d4-90dc-3d58ef17fb7e_source-aspect-ratio_default_0.jpg\" data-ll-status=\"loaded\" \/><\/picture><figcaption class=\"image-footer\"><em><span class=\"title\">Laura Bel\u00e9n Arrieta, la pasajera del avi\u00f3n negro de Leonardo Scatturice.<\/span><\/em><\/figcaption><\/figure>\n<p>&nbsp;<\/p>\n<p class=\"article-text\">Una de las pistas llev\u00f3 a una comunicaci\u00f3n realizada desde el propio aeropuerto.\u00a0<strong>La investigaci\u00f3n intent\u00f3 establecer si existi\u00f3 un llamado que permiti\u00f3 destrabar el ingreso del equipaje<\/strong>\u00a0y qui\u00e9n estaba del otro lado de la l\u00ednea. Los peritajes realizados sobre el tel\u00e9fono detectaron tr\u00e1fico de datos, pero no permitieron establecer si correspond\u00eda a una llamada a trav\u00e9s de WhatsApp, Telegram, Signal u otra aplicaci\u00f3n.\u00a0<strong>La pesquisa tampoco consigui\u00f3 identificar a un eventual interlocutor<\/strong>\u00a0ni reconstruir de manera concluyente de d\u00f3nde hab\u00eda partido la instrucci\u00f3n para evitar el control.<\/p>\n<p class=\"article-text\">El Gobierno sali\u00f3 entonces a rechazar que hubiera existido<strong>\u00a0un trato privilegiado<\/strong>. El entonces vocero presidencial\u00a0<strong>Manuel Adorni<\/strong>\u00a0sostuvo p\u00fablicamente que Arrieta hab\u00eda cumplido con los controles y asegur\u00f3 que hab\u00eda descendido del avi\u00f3n solamente con\u00a0<strong>un\u00a0<\/strong><em><strong>carry-on<\/strong><\/em><strong>\u00a0y una valija<\/strong>, mientras que el resto del equipaje hab\u00eda permanecido dentro de la aeronave. La explicaci\u00f3n oficial, amplificada por\u00a0<em>La Derecha Diario<\/em>, en ese entonces todav\u00eda propiedad de\u00a0<strong>Fernando Cerimedo<\/strong>, no alcanz\u00f3 para disipar las sospechas y el caso termin\u00f3 judicializado.<\/p>\n<figure class=\"embed-container embed-container--type-youtube ratio\"><script src=\"https:\/\/www.youtube.com\/iframe_api\"><\/script><script type=\"module\">window.marfeel.cmd.push(['multimedia', function(multimedia) { multimedia.initializeItem('yt-NIrwMYARV6o-2436', 'youtube', 'NIrwMYARV6o', document.getElementById('yt-NIrwMYARV6o-2436')); }]);<\/script><iframe id=\"yt-NIrwMYARV6o-2436\" title=\"\ud83c\udde6\ud83c\uddf7 | El vocero Manuel Adorni desminti\u00f3 en vivo la opereta de Carlos Pagni sobre la aduana\" src=\"https:\/\/www.youtube.com\/embed\/NIrwMYARV6o?enablejsapi=1\" frameborder=\"0\" data-gtm-yt-inspected-34399851_303=\"true\" data-gtm-yt-inspected-34399851_396=\"true\" data-gtm-yt-inspected-41=\"true\" data-mce-fragment=\"1\"><\/iframe><\/figure>\n<p class=\"article-text\">El avi\u00f3n permaneci\u00f3 despu\u00e9s durante varios d\u00edas en un hangar de Aeroparque antes de retomar viaje hacia Europa. Para entonces,\u00a0<strong>la aeronave ya hab\u00eda adquirido un protagonismo inesperado<\/strong>: detr\u00e1s del procedimiento aduanero aparec\u00eda\u00a0<strong>Scatturice<\/strong>, un empresario hasta entonces poco conocido fuera de determinados c\u00edrculos de poder, pero con relaciones cada vez m\u00e1s visibles dentro del nuevo oficialismo.<\/p>\n<p class=\"article-text\">La investigaci\u00f3n qued\u00f3 radicada el\u00a0<strong>17 de marzo de 2025<\/strong>\u00a0en el juzgado de Yadarola. Durante los meses siguientes se analizaron c\u00e1maras, documentaci\u00f3n, informes y testimonios para reconstruir el recorrido de Arrieta y de su equipaje por Aeroparque. Las im\u00e1genes incorporadas al expediente permitieron observar parte de lo ocurrido en el sector aduanero y pusieron especialmente bajo la lupa la actuaci\u00f3n de los funcionarios que intervinieron aquella noche.<\/p>\n<p class=\"article-text\">Entre esas im\u00e1genes aparec\u00eda la vicejefa de Aduana\u00a0<strong>Silvana Abalsamo de Silva<\/strong>, quien condujo a la comitiva hacia una fila especial y realiz\u00f3 un gesto para que continuara su recorrido. Otro de los testimonios ubic\u00f3 a la agente\u00a0<strong>Cintia Cali<\/strong>\u00a0recibiendo el tel\u00e9fono de Arrieta durante el procedimiento. Ninguna de las dos declar\u00f3 ante Yadarola: seg\u00fan fuentes vinculadas al expediente, exist\u00eda la posibilidad de que quedaran alcanzadas por una eventual imputaci\u00f3n por\u00a0<strong>incumplimiento de los deberes de funcionario p\u00fablico<\/strong>. En el sumario administrativo realizado dentro de Aduana, en cambio, defendieron el procedimiento como parte de las facultades de selectividad con las que cuenta el organismo.<\/p>\n<figure><picture class=\"news-image\"><source srcset=\"https:\/\/static.eldiario.es\/clip\/be22bfff-fe1a-4256-bb92-54889581df3a_16-9-discover-aspect-ratio_50p_0.webp\" type=\"image\/webp\" media=\"(max-width: 576px)\" \/><source srcset=\"https:\/\/static.eldiario.es\/clip\/be22bfff-fe1a-4256-bb92-54889581df3a_16-9-discover-aspect-ratio_50p_0.jpg\" type=\"image\/jpg\" media=\"(max-width: 576px)\" \/><source srcset=\"https:\/\/static.eldiario.es\/clip\/be22bfff-fe1a-4256-bb92-54889581df3a_16-9-discover-aspect-ratio_75p_0.webp\" type=\"image\/webp\" media=\"(max-width: 767px)\" \/><source srcset=\"https:\/\/static.eldiario.es\/clip\/be22bfff-fe1a-4256-bb92-54889581df3a_16-9-discover-aspect-ratio_75p_0.jpg\" type=\"image\/jpg\" media=\"(max-width: 767px)\" \/><source srcset=\"https:\/\/static.eldiario.es\/clip\/be22bfff-fe1a-4256-bb92-54889581df3a_16-9-discover-aspect-ratio_default_0.webp\" type=\"image\/webp\" media=\"(min-width: 768px)\" \/><source srcset=\"https:\/\/static.eldiario.es\/clip\/be22bfff-fe1a-4256-bb92-54889581df3a_16-9-discover-aspect-ratio_default_0.jpg\" type=\"image\/jpg\" media=\"(min-width: 768px)\" \/><source srcset=\"https:\/\/static.eldiario.es\/clip\/be22bfff-fe1a-4256-bb92-54889581df3a_16-9-discover-aspect-ratio_default_0.webp\" type=\"image\/webp\" \/><img decoding=\"async\" class=\"lazy entered loaded\" src=\"https:\/\/static.eldiario.es\/clip\/be22bfff-fe1a-4256-bb92-54889581df3a_16-9-discover-aspect-ratio_default_0.jpg\" alt=\"La argentina Arrieta tuvo tratamiento VIP en Aduana de Aeroparque.\" data-src=\"https:\/\/static.eldiario.es\/clip\/be22bfff-fe1a-4256-bb92-54889581df3a_16-9-discover-aspect-ratio_default_0.jpg\" data-ll-status=\"loaded\" \/><\/picture><figcaption class=\"image-footer\"><em><span class=\"title\">La argentina Arrieta tuvo tratamiento VIP en Aduana de Aeroparque.\u00a0<span class=\"author\">elDiarioAR<\/span><\/span><\/em><\/figcaption><\/figure>\n<p>&nbsp;<\/p>\n<p class=\"article-text\">Los fiscales pusieron en duda esa explicaci\u00f3n. Para la acusaci\u00f3n,\u00a0<strong>hab\u00eda quedado acreditado que el equipaje de Arrieta no hab\u00eda sido revisado<\/strong>, mientras que los dem\u00e1s pasajeros que ingresaron por el mismo sector s\u00ed fueron sometidos a controles. Tambi\u00e9n cuestionaron que se hubiera aplicado\u00a0<strong>una suerte de discrecionalidad sin trazabilidad suficiente ni fundamentos objetivos<\/strong>\u00a0que permitieran reconstruir por qu\u00e9 aquella pasajera hab\u00eda recibido un tratamiento diferente.<\/p>\n<p class=\"article-text\">Ese punto podr\u00eda sobrevivir al eventual archivo que ahora dispondr\u00e1 Yadarola.\u00a0<strong>Trascendi\u00f3 que podr\u00edan iniciarse actuaciones contra los funcionarios de Aduana que permitieron que el equipaje evitara los esc\u00e1neres<\/strong>, de modo que el cierre de la investigaci\u00f3n sobre el contenido de las valijas no necesariamente significar\u00eda el final judicial de todo el episodio. El foco podr\u00eda desplazarse hacia quienes ten\u00edan la responsabilidad de controlarlas y las razones por las cuales decidieron no hacerlo.<\/p>\n<figure><picture class=\"news-image\"><source srcset=\"https:\/\/static.eldiario.es\/clip\/13a217b2-b129-4d57-b81b-dcabbf9b930a_16-9-discover-aspect-ratio_50p_0.webp\" type=\"image\/webp\" media=\"(max-width: 576px)\" \/><source srcset=\"https:\/\/static.eldiario.es\/clip\/13a217b2-b129-4d57-b81b-dcabbf9b930a_16-9-discover-aspect-ratio_50p_0.jpg\" type=\"image\/jpg\" media=\"(max-width: 576px)\" \/><source srcset=\"https:\/\/static.eldiario.es\/clip\/13a217b2-b129-4d57-b81b-dcabbf9b930a_16-9-discover-aspect-ratio_75p_0.webp\" type=\"image\/webp\" media=\"(max-width: 767px)\" \/><source srcset=\"https:\/\/static.eldiario.es\/clip\/13a217b2-b129-4d57-b81b-dcabbf9b930a_16-9-discover-aspect-ratio_75p_0.jpg\" type=\"image\/jpg\" media=\"(max-width: 767px)\" \/><source srcset=\"https:\/\/static.eldiario.es\/clip\/13a217b2-b129-4d57-b81b-dcabbf9b930a_16-9-discover-aspect-ratio_default_0.webp\" type=\"image\/webp\" media=\"(min-width: 768px)\" \/><source srcset=\"https:\/\/static.eldiario.es\/clip\/13a217b2-b129-4d57-b81b-dcabbf9b930a_16-9-discover-aspect-ratio_default_0.jpg\" type=\"image\/jpg\" media=\"(min-width: 768px)\" \/><source srcset=\"https:\/\/static.eldiario.es\/clip\/13a217b2-b129-4d57-b81b-dcabbf9b930a_16-9-discover-aspect-ratio_default_0.webp\" type=\"image\/webp\" \/><img decoding=\"async\" class=\"lazy entered loaded\" src=\"https:\/\/static.eldiario.es\/clip\/13a217b2-b129-4d57-b81b-dcabbf9b930a_16-9-discover-aspect-ratio_default_0.jpg\" alt=\"Javier Milei, Laura Bel\u00e9n Arrieta y Soledad Cedro posan para al c\u00e1mara junto a Eduardo Bolsonaro y el espa\u00f1ol Santiago Abascal, durante la edici\u00f3n argentina de la CPAC, en diciembre de 2024.\" data-src=\"https:\/\/static.eldiario.es\/clip\/13a217b2-b129-4d57-b81b-dcabbf9b930a_16-9-discover-aspect-ratio_default_0.jpg\" data-ll-status=\"loaded\" \/><\/picture><figcaption class=\"image-footer\"><em><span class=\"title\">Javier Milei, Laura Bel\u00e9n Arrieta y Soledad Cedro posan para al c\u00e1mara junto a Eduardo Bolsonaro y el espa\u00f1ol Santiago Abascal, durante la edici\u00f3n argentina de la CPAC, en diciembre de 2024.<\/span><\/em><\/figcaption><\/figure>\n<h2><\/h2>\n<h2 class=\"article-text\">\u00bfEl Yabr\u00e1n libertario?<\/h2>\n<p class=\"article-text\">Desde aquel febrero de 2025, cuando el Bombardier negro aterriz\u00f3 en Aeroparque,\u00a0<strong>la gravitaci\u00f3n de Scatturice alrededor del poder no hizo m\u00e1s que crecer<\/strong>. El empresario que durante a\u00f1os hab\u00eda construido relaciones y negocios desde Miami, lejos de las c\u00e1maras argentinas, pas\u00f3 a ocupar un lugar cada vez m\u00e1s visible en una trama que conecta negocios, pol\u00edtica, inteligencia y relaciones internacionales. Su v\u00ednculo con el universo de\u00a0<strong>Santiago Caputo<\/strong>,\u00a0<a class=\"link\" href=\"https:\/\/www.eldiarioar.com\/politica\/soledad-cedro-operadora-milei-nombro-cpac-paraguay-une-gobierno-conservador-ee-uu_1_12607802.html\" data-mrf-recirculation=\"links-noticia\" data-mrf-link=\"https:\/\/www.eldiarioar.com\/politica\/soledad-cedro-operadora-milei-nombro-cpac-paraguay-une-gobierno-conservador-ee-uu_1_12607802.html\">los puentes tendidos con sectores republicanos de los Estados Unidos<\/a>\u00a0y su papel en el desembarco de la\u00a0<strong>CPAC en la Argentina<\/strong>\u00a0terminaron de convertirlo en uno de los nombres que mejor expresan la reconfiguraci\u00f3n de los negocios alrededor del gobierno de Milei.<\/p>\n<p class=\"article-text\">En los \u00faltimos a\u00f1os, firmas vinculadas a Scatturice consiguieron\u00a0<strong>m\u00e1s de 17 contratos con el Estado por un monto superior a los 90 millones de d\u00f3lares<\/strong>, mientras el empresario extendi\u00f3 sus intereses hacia dos compa\u00f1\u00edas de enorme peso en el transporte y la log\u00edstica:\u00a0<strong>OCA\u00a0<\/strong>y\u00a0<strong>Flybondi<\/strong>. Scatturice es hoy due\u00f1o del hist\u00f3rico correo privado y la compra de la\u00a0<em>low cost<\/em>, en junio de 2025, lo coloc\u00f3 al frente de\u00a0<a class=\"link\" href=\"https:\/\/www.eldiarioar.com\/economia\/flybondi-lleva-parada-semanas-sigue-vendiendo-pasajes-gobierno-no-reacciona_1_13377489.html\" data-mrf-recirculation=\"links-noticia\" data-mrf-link=\"https:\/\/www.eldiarioar.com\/economia\/flybondi-lleva-parada-semanas-sigue-vendiendo-pasajes-gobierno-no-reacciona_1_13377489.html\">una compa\u00f1\u00eda que profundiz\u00f3 una crisis<\/a>\u00a0que muchos consideran terminal.<\/p>\n<figure><picture class=\"news-image\"><source srcset=\"https:\/\/static.eldiario.es\/clip\/1f9c0f2d-0a6b-4dae-aa08-32148060bc8e_16-9-discover-aspect-ratio_50p_0.webp\" type=\"image\/webp\" media=\"(max-width: 576px)\" \/><source srcset=\"https:\/\/static.eldiario.es\/clip\/1f9c0f2d-0a6b-4dae-aa08-32148060bc8e_16-9-discover-aspect-ratio_50p_0.jpg\" type=\"image\/jpg\" media=\"(max-width: 576px)\" \/><source srcset=\"https:\/\/static.eldiario.es\/clip\/1f9c0f2d-0a6b-4dae-aa08-32148060bc8e_16-9-discover-aspect-ratio_75p_0.webp\" type=\"image\/webp\" media=\"(max-width: 767px)\" \/><source srcset=\"https:\/\/static.eldiario.es\/clip\/1f9c0f2d-0a6b-4dae-aa08-32148060bc8e_16-9-discover-aspect-ratio_75p_0.jpg\" type=\"image\/jpg\" media=\"(max-width: 767px)\" \/><source srcset=\"https:\/\/static.eldiario.es\/clip\/1f9c0f2d-0a6b-4dae-aa08-32148060bc8e_16-9-discover-aspect-ratio_default_0.webp\" type=\"image\/webp\" media=\"(min-width: 768px)\" \/><source srcset=\"https:\/\/static.eldiario.es\/clip\/1f9c0f2d-0a6b-4dae-aa08-32148060bc8e_16-9-discover-aspect-ratio_default_0.jpg\" type=\"image\/jpg\" media=\"(min-width: 768px)\" \/><source srcset=\"https:\/\/static.eldiario.es\/clip\/1f9c0f2d-0a6b-4dae-aa08-32148060bc8e_16-9-discover-aspect-ratio_default_0.webp\" type=\"image\/webp\" \/><img decoding=\"async\" class=\"lazy entered loaded\" src=\"https:\/\/static.eldiario.es\/clip\/1f9c0f2d-0a6b-4dae-aa08-32148060bc8e_16-9-discover-aspect-ratio_default_0.jpg\" alt=\"Leonardo Scatturice junto a Donald Trump y uno de sus principales estrategas, Barry Bennett\" data-src=\"https:\/\/static.eldiario.es\/clip\/1f9c0f2d-0a6b-4dae-aa08-32148060bc8e_16-9-discover-aspect-ratio_default_0.jpg\" data-ll-status=\"loaded\" \/><\/picture><figcaption class=\"image-footer\"><em><span class=\"title\">Leonardo Scatturice junto a Donald Trump y uno de sus principales estrategas, Barry Bennett<\/span><\/em><\/figcaption><\/figure>\n<p>&nbsp;<\/p>\n<p class=\"article-text\">Durante 2026, algo se modific\u00f3 tambi\u00e9n en la manera en que el propio Scatturice administra su exposici\u00f3n.\u00a0<strong>El empresario que durante a\u00f1os hizo del bajo perfil casi un m\u00e9todo empez\u00f3 \u00faltimamente a dejarse ver en escenarios bastante m\u00e1s mundanos y alejados de los despachos.<\/strong>\u00a0Antes del Mundial, por ejemplo,\u00a0<a class=\"link\" href=\"https:\/\/www.eldiarioar.com\/politica\/miami-lima-sorpresiva-aparicion-scatturice-circulo-intimo-paul-tini_1_13280026.html\" data-mrf-recirculation=\"links-noticia\" data-mrf-link=\"https:\/\/www.eldiarioar.com\/politica\/miami-lima-sorpresiva-aparicion-scatturice-circulo-intimo-paul-tini_1_13280026.html\">apareci\u00f3 en Per\u00fa junto a Rodrigo De Paul durante un recital de Tini Stoessel<\/a>. El cambio acompa\u00f1a su nueva dimensi\u00f3n: a medida que creci\u00f3 su influencia en la Argentina, tambi\u00e9n comenz\u00f3 a desdibujarse aquella obsesi\u00f3n por permanecer fuera de cuadro.<\/p>\n<div id=\"container-after-news-outlook\"><\/div>\n<p class=\"article-text\">Pero hay una \u00faltima escena que, a la luz de lo sucedido con el expediente sobre el equipaje de Arrieta, adquiere un color particular. En abril,\u00a0<strong>Scatturice pudo ser visto en una mesa de Rold\u00e1n<\/strong>, el restaurante de Palermo frecuentado por dirigentes pol\u00edticos, empresarios y hombres de la Justicia. A su lado, entre los comensales, se encontraba ni m\u00e1s ni menos que Pablo Yadarola. Dicho al modo de los tribunales:\u00a0<strong>no m\u00e1s preguntas, se\u00f1or juez<\/strong>.<\/p>\n<p class=\"article-text\"><em>PL\/CRM &#8211; <a class=\"featured-name\" href=\"https:\/\/www.eldiarioar.com\/autores\/pedro-lacour\/\">Pedro Lacour<\/a><\/em><\/p>\n","protected":false},"excerpt":{"rendered":"<p>La investigaci\u00f3n no logr\u00f3 establecer qu\u00e9 transportaba Laura Bel\u00e9n Arrieta ni qui\u00e9n permiti\u00f3 que su equipaje evitara los esc\u00e1neres de Aeroparque en febrero de 2025. El expediente est\u00e1 a cargo del juez Pablo Yadarola, cuyo ascenso a la C\u00e1mara Federal fue aprobado d\u00edas atr\u00e1s con el apoyo del peronismo.<\/p>\n","protected":false},"author":3,"featured_media":142868,"comment_status":"closed","ping_status":"closed","sticky":false,"template":"","format":"standard","meta":{"footnotes":""},"categories":[57,24],"tags":[],"class_list":["post-142867","post","type-post","status-publish","format-standard","has-post-thumbnail","hentry","category-judiciales","category-politica"],"yoast_head":"<!-- This site is optimized with the Yoast SEO plugin v25.9 - https:\/\/yoast.com\/wordpress\/plugins\/seo\/ -->\n<title>Se encamina al archivo la causa por las valijas que llegaron sin controles en el avi\u00f3n de Scatturice - Noticias Radio Reflejos<\/title>\n<meta name=\"robots\" content=\"index, follow, max-snippet:-1, max-image-preview:large, max-video-preview:-1\" \/>\n<link rel=\"canonical\" href=\"https:\/\/www.noticiasradioreflejos.com.ar\/2021\/se-encamina-al-archivo-la-causa-por-las-valijas-que-llegaron-sin-controles-en-el-avion-de-scatturice\/\" \/>\n<meta property=\"og:locale\" content=\"es_ES\" \/>\n<meta property=\"og:type\" content=\"article\" \/>\n<meta property=\"og:title\" content=\"Se encamina al archivo la causa por las valijas que llegaron sin controles en el avi\u00f3n de Scatturice - Noticias Radio Reflejos\" \/>\n<meta property=\"og:description\" content=\"La investigaci\u00f3n no logr\u00f3 establecer qu\u00e9 transportaba Laura Bel\u00e9n Arrieta ni qui\u00e9n permiti\u00f3 que su equipaje evitara los esc\u00e1neres de Aeroparque en febrero de 2025. El expediente est\u00e1 a cargo del juez Pablo Yadarola, cuyo ascenso a la C\u00e1mara Federal fue aprobado d\u00edas atr\u00e1s con el apoyo del peronismo.\" \/>\n<meta property=\"og:url\" content=\"https:\/\/www.noticiasradioreflejos.com.ar\/2021\/se-encamina-al-archivo-la-causa-por-las-valijas-que-llegaron-sin-controles-en-el-avion-de-scatturice\/\" \/>\n<meta property=\"og:site_name\" content=\"Noticias Radio Reflejos\" \/>\n<meta property=\"article:published_time\" content=\"2026-09-01T10:17:48+00:00\" \/>\n<meta property=\"article:modified_time\" content=\"2026-09-01T10:18:15+00:00\" \/>\n<meta property=\"og:image\" content=\"https:\/\/www.noticiasradioreflejos.com.ar\/2021\/wp-content\/uploads\/2026\/09\/valijas.webp\" \/>\n\t<meta property=\"og:image:width\" content=\"1200\" \/>\n\t<meta property=\"og:image:height\" content=\"675\" \/>\n\t<meta property=\"og:image:type\" content=\"image\/webp\" \/>\n<meta name=\"author\" content=\"Arnaldo Botto\" \/>\n<meta name=\"twitter:card\" content=\"summary_large_image\" \/>\n<script type=\"application\/ld+json\" class=\"yoast-schema-graph\">{\"@context\":\"https:\/\/schema.org\",\"@graph\":[{\"@type\":\"WebPage\",\"@id\":\"https:\/\/www.noticiasradioreflejos.com.ar\/2021\/se-encamina-al-archivo-la-causa-por-las-valijas-que-llegaron-sin-controles-en-el-avion-de-scatturice\/\",\"url\":\"https:\/\/www.noticiasradioreflejos.com.ar\/2021\/se-encamina-al-archivo-la-causa-por-las-valijas-que-llegaron-sin-controles-en-el-avion-de-scatturice\/\",\"name\":\"Se encamina al archivo la causa por las valijas que llegaron sin controles en el avi\u00f3n de Scatturice - Noticias Radio Reflejos\",\"isPartOf\":{\"@id\":\"https:\/\/www.noticiasradioreflejos.com.ar\/2021\/#website\"},\"primaryImageOfPage\":{\"@id\":\"https:\/\/www.noticiasradioreflejos.com.ar\/2021\/se-encamina-al-archivo-la-causa-por-las-valijas-que-llegaron-sin-controles-en-el-avion-de-scatturice\/#primaryimage\"},\"image\":{\"@id\":\"https:\/\/www.noticiasradioreflejos.com.ar\/2021\/se-encamina-al-archivo-la-causa-por-las-valijas-que-llegaron-sin-controles-en-el-avion-de-scatturice\/#primaryimage\"},\"thumbnailUrl\":\"https:\/\/www.noticiasradioreflejos.com.ar\/2021\/wp-content\/uploads\/2026\/09\/valijas.webp\",\"datePublished\":\"2026-09-01T10:17:48+00:00\",\"dateModified\":\"2026-09-01T10:18:15+00:00\",\"author\":{\"@id\":\"https:\/\/www.noticiasradioreflejos.com.ar\/2021\/#\/schema\/person\/ad82545263dcc5ec0996818884fd5fb1\"},\"breadcrumb\":{\"@id\":\"https:\/\/www.noticiasradioreflejos.com.ar\/2021\/se-encamina-al-archivo-la-causa-por-las-valijas-que-llegaron-sin-controles-en-el-avion-de-scatturice\/#breadcrumb\"},\"inLanguage\":\"es\",\"potentialAction\":[{\"@type\":\"ReadAction\",\"target\":[\"https:\/\/www.noticiasradioreflejos.com.ar\/2021\/se-encamina-al-archivo-la-causa-por-las-valijas-que-llegaron-sin-controles-en-el-avion-de-scatturice\/\"]}]},{\"@type\":\"ImageObject\",\"inLanguage\":\"es\",\"@id\":\"https:\/\/www.noticiasradioreflejos.com.ar\/2021\/se-encamina-al-archivo-la-causa-por-las-valijas-que-llegaron-sin-controles-en-el-avion-de-scatturice\/#primaryimage\",\"url\":\"https:\/\/www.noticiasradioreflejos.com.ar\/2021\/wp-content\/uploads\/2026\/09\/valijas.webp\",\"contentUrl\":\"https:\/\/www.noticiasradioreflejos.com.ar\/2021\/wp-content\/uploads\/2026\/09\/valijas.webp\",\"width\":1200,\"height\":675},{\"@type\":\"BreadcrumbList\",\"@id\":\"https:\/\/www.noticiasradioreflejos.com.ar\/2021\/se-encamina-al-archivo-la-causa-por-las-valijas-que-llegaron-sin-controles-en-el-avion-de-scatturice\/#breadcrumb\",\"itemListElement\":[{\"@type\":\"ListItem\",\"position\":1,\"name\":\"Portada\",\"item\":\"https:\/\/www.noticiasradioreflejos.com.ar\/2021\/\"},{\"@type\":\"ListItem\",\"position\":2,\"name\":\"Se encamina al archivo la causa por las valijas que llegaron sin controles en el avi\u00f3n de Scatturice\"}]},{\"@type\":\"WebSite\",\"@id\":\"https:\/\/www.noticiasradioreflejos.com.ar\/2021\/#website\",\"url\":\"https:\/\/www.noticiasradioreflejos.com.ar\/2021\/\",\"name\":\"Noticias Radio Reflejos\",\"description\":\"Las noticias de mi comarca\",\"potentialAction\":[{\"@type\":\"SearchAction\",\"target\":{\"@type\":\"EntryPoint\",\"urlTemplate\":\"https:\/\/www.noticiasradioreflejos.com.ar\/2021\/?s={search_term_string}\"},\"query-input\":{\"@type\":\"PropertyValueSpecification\",\"valueRequired\":true,\"valueName\":\"search_term_string\"}}],\"inLanguage\":\"es\"},{\"@type\":\"Person\",\"@id\":\"https:\/\/www.noticiasradioreflejos.com.ar\/2021\/#\/schema\/person\/ad82545263dcc5ec0996818884fd5fb1\",\"name\":\"Arnaldo Botto\",\"image\":{\"@type\":\"ImageObject\",\"inLanguage\":\"es\",\"@id\":\"https:\/\/www.noticiasradioreflejos.com.ar\/2021\/#\/schema\/person\/image\/\",\"url\":\"https:\/\/secure.gravatar.com\/avatar\/55cb5e37c1efa326397366e6974cb338056df65cb50e7d64d1cf314e87504837?s=96&d=mm&r=g\",\"contentUrl\":\"https:\/\/secure.gravatar.com\/avatar\/55cb5e37c1efa326397366e6974cb338056df65cb50e7d64d1cf314e87504837?s=96&d=mm&r=g\",\"caption\":\"Arnaldo Botto\"},\"url\":\"https:\/\/www.noticiasradioreflejos.com.ar\/2021\/author\/arnaldo\/\"}]}<\/script>\n<!-- \/ Yoast SEO plugin. -->","yoast_head_json":{"title":"Se encamina al archivo la causa por las valijas que llegaron sin controles en el avi\u00f3n de Scatturice - Noticias Radio Reflejos","robots":{"index":"index","follow":"follow","max-snippet":"max-snippet:-1","max-image-preview":"max-image-preview:large","max-video-preview":"max-video-preview:-1"},"canonical":"https:\/\/www.noticiasradioreflejos.com.ar\/2021\/se-encamina-al-archivo-la-causa-por-las-valijas-que-llegaron-sin-controles-en-el-avion-de-scatturice\/","og_locale":"es_ES","og_type":"article","og_title":"Se encamina al archivo la causa por las valijas que llegaron sin controles en el avi\u00f3n de Scatturice - Noticias Radio Reflejos","og_description":"La investigaci\u00f3n no logr\u00f3 establecer qu\u00e9 transportaba Laura Bel\u00e9n Arrieta ni qui\u00e9n permiti\u00f3 que su equipaje evitara los esc\u00e1neres de Aeroparque en febrero de 2025. El expediente est\u00e1 a cargo del juez Pablo Yadarola, cuyo ascenso a la C\u00e1mara Federal fue aprobado d\u00edas atr\u00e1s con el apoyo del peronismo.","og_url":"https:\/\/www.noticiasradioreflejos.com.ar\/2021\/se-encamina-al-archivo-la-causa-por-las-valijas-que-llegaron-sin-controles-en-el-avion-de-scatturice\/","og_site_name":"Noticias Radio Reflejos","article_published_time":"2026-09-01T10:17:48+00:00","article_modified_time":"2026-09-01T10:18:15+00:00","og_image":[{"width":1200,"height":675,"url":"https:\/\/www.noticiasradioreflejos.com.ar\/2021\/wp-content\/uploads\/2026\/09\/valijas.webp","type":"image\/webp"}],"author":"Arnaldo Botto","twitter_card":"summary_large_image","schema":{"@context":"https:\/\/schema.org","@graph":[{"@type":"WebPage","@id":"https:\/\/www.noticiasradioreflejos.com.ar\/2021\/se-encamina-al-archivo-la-causa-por-las-valijas-que-llegaron-sin-controles-en-el-avion-de-scatturice\/","url":"https:\/\/www.noticiasradioreflejos.com.ar\/2021\/se-encamina-al-archivo-la-causa-por-las-valijas-que-llegaron-sin-controles-en-el-avion-de-scatturice\/","name":"Se encamina al archivo la causa por las valijas que llegaron sin controles en el avi\u00f3n de Scatturice - Noticias Radio Reflejos","isPartOf":{"@id":"https:\/\/www.noticiasradioreflejos.com.ar\/2021\/#website"},"primaryImageOfPage":{"@id":"https:\/\/www.noticiasradioreflejos.com.ar\/2021\/se-encamina-al-archivo-la-causa-por-las-valijas-que-llegaron-sin-controles-en-el-avion-de-scatturice\/#primaryimage"},"image":{"@id":"https:\/\/www.noticiasradioreflejos.com.ar\/2021\/se-encamina-al-archivo-la-causa-por-las-valijas-que-llegaron-sin-controles-en-el-avion-de-scatturice\/#primaryimage"},"thumbnailUrl":"https:\/\/www.noticiasradioreflejos.com.ar\/2021\/wp-content\/uploads\/2026\/09\/valijas.webp","datePublished":"2026-09-01T10:17:48+00:00","dateModified":"2026-09-01T10:18:15+00:00","author":{"@id":"https:\/\/www.noticiasradioreflejos.com.ar\/2021\/#\/schema\/person\/ad82545263dcc5ec0996818884fd5fb1"},"breadcrumb":{"@id":"https:\/\/www.noticiasradioreflejos.com.ar\/2021\/se-encamina-al-archivo-la-causa-por-las-valijas-que-llegaron-sin-controles-en-el-avion-de-scatturice\/#breadcrumb"},"inLanguage":"es","potentialAction":[{"@type":"ReadAction","target":["https:\/\/www.noticiasradioreflejos.com.ar\/2021\/se-encamina-al-archivo-la-causa-por-las-valijas-que-llegaron-sin-controles-en-el-avion-de-scatturice\/"]}]},{"@type":"ImageObject","inLanguage":"es","@id":"https:\/\/www.noticiasradioreflejos.com.ar\/2021\/se-encamina-al-archivo-la-causa-por-las-valijas-que-llegaron-sin-controles-en-el-avion-de-scatturice\/#primaryimage","url":"https:\/\/www.noticiasradioreflejos.com.ar\/2021\/wp-content\/uploads\/2026\/09\/valijas.webp","contentUrl":"https:\/\/www.noticiasradioreflejos.com.ar\/2021\/wp-content\/uploads\/2026\/09\/valijas.webp","width":1200,"height":675},{"@type":"BreadcrumbList","@id":"https:\/\/www.noticiasradioreflejos.com.ar\/2021\/se-encamina-al-archivo-la-causa-por-las-valijas-que-llegaron-sin-controles-en-el-avion-de-scatturice\/#breadcrumb","itemListElement":[{"@type":"ListItem","position":1,"name":"Portada","item":"https:\/\/www.noticiasradioreflejos.com.ar\/2021\/"},{"@type":"ListItem","position":2,"name":"Se encamina al archivo la causa por las valijas que llegaron sin controles en el avi\u00f3n de Scatturice"}]},{"@type":"WebSite","@id":"https:\/\/www.noticiasradioreflejos.com.ar\/2021\/#website","url":"https:\/\/www.noticiasradioreflejos.com.ar\/2021\/","name":"Noticias Radio Reflejos","description":"Las noticias de mi comarca","potentialAction":[{"@type":"SearchAction","target":{"@type":"EntryPoint","urlTemplate":"https:\/\/www.noticiasradioreflejos.com.ar\/2021\/?s={search_term_string}"},"query-input":{"@type":"PropertyValueSpecification","valueRequired":true,"valueName":"search_term_string"}}],"inLanguage":"es"},{"@type":"Person","@id":"https:\/\/www.noticiasradioreflejos.com.ar\/2021\/#\/schema\/person\/ad82545263dcc5ec0996818884fd5fb1","name":"Arnaldo Botto","image":{"@type":"ImageObject","inLanguage":"es","@id":"https:\/\/www.noticiasradioreflejos.com.ar\/2021\/#\/schema\/person\/image\/","url":"https:\/\/secure.gravatar.com\/avatar\/55cb5e37c1efa326397366e6974cb338056df65cb50e7d64d1cf314e87504837?s=96&d=mm&r=g","contentUrl":"https:\/\/secure.gravatar.com\/avatar\/55cb5e37c1efa326397366e6974cb338056df65cb50e7d64d1cf314e87504837?s=96&d=mm&r=g","caption":"Arnaldo Botto"},"url":"https:\/\/www.noticiasradioreflejos.com.ar\/2021\/author\/arnaldo\/"}]}},"_links":{"self":[{"href":"https:\/\/www.noticiasradioreflejos.com.ar\/2021\/wp-json\/wp\/v2\/posts\/142867","targetHints":{"allow":["GET"]}}],"collection":[{"href":"https:\/\/www.noticiasradioreflejos.com.ar\/2021\/wp-json\/wp\/v2\/posts"}],"about":[{"href":"https:\/\/www.noticiasradioreflejos.com.ar\/2021\/wp-json\/wp\/v2\/types\/post"}],"author":[{"embeddable":true,"href":"https:\/\/www.noticiasradioreflejos.com.ar\/2021\/wp-json\/wp\/v2\/users\/3"}],"replies":[{"embeddable":true,"href":"https:\/\/www.noticiasradioreflejos.com.ar\/2021\/wp-json\/wp\/v2\/comments?post=142867"}],"version-history":[{"count":1,"href":"https:\/\/www.noticiasradioreflejos.com.ar\/2021\/wp-json\/wp\/v2\/posts\/142867\/revisions"}],"predecessor-version":[{"id":142869,"href":"https:\/\/www.noticiasradioreflejos.com.ar\/2021\/wp-json\/wp\/v2\/posts\/142867\/revisions\/142869"}],"wp:featuredmedia":[{"embeddable":true,"href":"https:\/\/www.noticiasradioreflejos.com.ar\/2021\/wp-json\/wp\/v2\/media\/142868"}],"wp:attachment":[{"href":"https:\/\/www.noticiasradioreflejos.com.ar\/2021\/wp-json\/wp\/v2\/media?parent=142867"}],"wp:term":[{"taxonomy":"category","embeddable":true,"href":"https:\/\/www.noticiasradioreflejos.com.ar\/2021\/wp-json\/wp\/v2\/categories?post=142867"},{"taxonomy":"post_tag","embeddable":true,"href":"https:\/\/www.noticiasradioreflejos.com.ar\/2021\/wp-json\/wp\/v2\/tags?post=142867"}],"curies":[{"name":"wp","href":"https:\/\/api.w.org\/{rel}","templated":true}]}}