{"id":142862,"date":"2026-08-31T23:22:20","date_gmt":"2026-09-01T02:22:20","guid":{"rendered":"https:\/\/www.noticiasradioreflejos.com.ar\/2021\/?p=142862"},"modified":"2026-08-31T23:23:02","modified_gmt":"2026-09-01T02:23:02","slug":"allanamiento-y-secuestro-de-motocicleta-en-saldungaray","status":"publish","type":"post","link":"https:\/\/www.noticiasradioreflejos.com.ar\/2021\/allanamiento-y-secuestro-de-motocicleta-en-saldungaray\/","title":{"rendered":"Allanamiento y secuestro de motocicleta en Saldungaray"},"content":{"rendered":"<p>La Secretar\u00eda de Seguridad, informa que en la tarde de este lunes 31 de agosto se llev\u00f3 adelante un allanamiento y secuestro en la localidad de Saldungaray, en el marco de una investigaci\u00f3n iniciada a partir de una denuncia penal por el delito de \u201cPrueba ilegal de velocidad con un veh\u00edculo\u201d.<!--more--><\/p>\n<p>El procedimiento fue realizado por personal de la Subestaci\u00f3n de Polic\u00eda de Seguridad Comunal Saldungaray, conjuntamente con efectivos de la S.E.P.S.C. Sierra de la Ventana, en cumplimiento de una orden judicial dispuesta por la UFI N.\u00ba 12, en el marco de la IPP N.\u00ba 18770-26\/00.<\/p>\n<p>La diligencia tuvo lugar en un domicilio ubicado en calle Donado al 800 de Saldungaray, donde reside Hoffman Vicentico (18 a\u00f1os), sindicado en la causa como presunto autor del hecho investigado.<\/p>\n<p>La investigaci\u00f3n se inici\u00f3 a partir de una denuncia penal radicada el pasado 25 de agosto, en la que se se\u00f1alaba que el joven presuntamente estar\u00eda realizando picadas y maniobras intempestivas a bordo de una motocicleta en distintos sectores de la localidad, poniendo en riesgo la seguridad de terceros.<\/p>\n<p>El procedimiento arroj\u00f3 resultado positivo, procedi\u00e9ndose al secuestro de una motocicleta marca Keller, modelo Stratus, de 150 cc, conforme a los elementos requeridos en la orden judicial.<\/p>\n<p>Las actuaciones contin\u00faan bajo intervenci\u00f3n de la autoridad judicial correspondiente.<\/p>\n<p>&nbsp;<\/p>\n<p><a href=\"https:\/\/www.noticiasradioreflejos.com.ar\/2021\/allanamiento-y-secuestro-de-motocicleta-en-saldungaray\/parte-31-8-1\/\" rel=\"attachment wp-att-142864\"><img loading=\"lazy\" decoding=\"async\" class=\"aligncenter size-full wp-image-142864\" src=\"https:\/\/www.noticiasradioreflejos.com.ar\/2021\/wp-content\/uploads\/2026\/08\/Parte-31-8-1.jpeg\" alt=\"\" width=\"1280\" height=\"960\" srcset=\"https:\/\/www.noticiasradioreflejos.com.ar\/2021\/wp-content\/uploads\/2026\/08\/Parte-31-8-1.jpeg 1280w, https:\/\/www.noticiasradioreflejos.com.ar\/2021\/wp-content\/uploads\/2026\/08\/Parte-31-8-1-300x225.jpeg 300w, https:\/\/www.noticiasradioreflejos.com.ar\/2021\/wp-content\/uploads\/2026\/08\/Parte-31-8-1-1024x768.jpeg 1024w, https:\/\/www.noticiasradioreflejos.com.ar\/2021\/wp-content\/uploads\/2026\/08\/Parte-31-8-1-768x576.jpeg 768w, https:\/\/www.noticiasradioreflejos.com.ar\/2021\/wp-content\/uploads\/2026\/08\/Parte-31-8-1-750x563.jpeg 750w, https:\/\/www.noticiasradioreflejos.com.ar\/2021\/wp-content\/uploads\/2026\/08\/Parte-31-8-1-1140x855.jpeg 1140w\" sizes=\"auto, (max-width: 1280px) 100vw, 1280px\" \/><\/a><\/p>\n","protected":false},"excerpt":{"rendered":"<p>La Secretar\u00eda de Seguridad, informa que en la tarde de este lunes 31 de agosto se llev\u00f3 adelante un allanamiento y secuestro en la localidad de Saldungaray, en el marco de una investigaci\u00f3n iniciada a partir de una denuncia penal por el delito de \u201cPrueba ilegal de velocidad con un veh\u00edculo\u201d.<\/p>\n","protected":false},"author":3,"featured_media":142863,"comment_status":"closed","ping_status":"closed","sticky":false,"template":"","format":"standard","meta":{"footnotes":""},"categories":[28,29],"tags":[48],"class_list":["post-142862","post","type-post","status-publish","format-standard","has-post-thumbnail","hentry","category-municipales","category-policiales","tag-destacada"],"yoast_head":"<!-- This site is optimized with the Yoast SEO plugin v25.9 - https:\/\/yoast.com\/wordpress\/plugins\/seo\/ -->\n<title>Allanamiento y secuestro de motocicleta en Saldungaray - Noticias Radio Reflejos<\/title>\n<meta name=\"robots\" content=\"index, follow, max-snippet:-1, max-image-preview:large, max-video-preview:-1\" \/>\n<link rel=\"canonical\" href=\"https:\/\/www.noticiasradioreflejos.com.ar\/2021\/allanamiento-y-secuestro-de-motocicleta-en-saldungaray\/\" \/>\n<meta property=\"og:locale\" content=\"es_ES\" \/>\n<meta property=\"og:type\" content=\"article\" \/>\n<meta property=\"og:title\" content=\"Allanamiento y secuestro de motocicleta en Saldungaray - Noticias Radio Reflejos\" \/>\n<meta property=\"og:description\" content=\"La Secretar\u00eda de Seguridad, informa que en la tarde de este lunes 31 de agosto se llev\u00f3 adelante un allanamiento y secuestro en la localidad de Saldungaray, en el marco de una investigaci\u00f3n iniciada a partir de una denuncia penal por el delito de \u201cPrueba ilegal de velocidad con un veh\u00edculo\u201d.\" \/>\n<meta property=\"og:url\" content=\"https:\/\/www.noticiasradioreflejos.com.ar\/2021\/allanamiento-y-secuestro-de-motocicleta-en-saldungaray\/\" \/>\n<meta property=\"og:site_name\" content=\"Noticias Radio Reflejos\" \/>\n<meta property=\"article:published_time\" content=\"2026-09-01T02:22:20+00:00\" \/>\n<meta property=\"article:modified_time\" content=\"2026-09-01T02:23:02+00:00\" \/>\n<meta property=\"og:image\" content=\"https:\/\/www.noticiasradioreflejos.com.ar\/2021\/wp-content\/uploads\/2026\/08\/Parte-31-8.jpeg\" \/>\n\t<meta property=\"og:image:width\" content=\"1280\" \/>\n\t<meta property=\"og:image:height\" content=\"960\" \/>\n\t<meta property=\"og:image:type\" content=\"image\/jpeg\" \/>\n<meta name=\"author\" content=\"Arnaldo Botto\" \/>\n<meta name=\"twitter:card\" content=\"summary_large_image\" \/>\n<script type=\"application\/ld+json\" class=\"yoast-schema-graph\">{\"@context\":\"https:\/\/schema.org\",\"@graph\":[{\"@type\":\"WebPage\",\"@id\":\"https:\/\/www.noticiasradioreflejos.com.ar\/2021\/allanamiento-y-secuestro-de-motocicleta-en-saldungaray\/\",\"url\":\"https:\/\/www.noticiasradioreflejos.com.ar\/2021\/allanamiento-y-secuestro-de-motocicleta-en-saldungaray\/\",\"name\":\"Allanamiento y secuestro de motocicleta en Saldungaray - Noticias Radio Reflejos\",\"isPartOf\":{\"@id\":\"https:\/\/www.noticiasradioreflejos.com.ar\/2021\/#website\"},\"primaryImageOfPage\":{\"@id\":\"https:\/\/www.noticiasradioreflejos.com.ar\/2021\/allanamiento-y-secuestro-de-motocicleta-en-saldungaray\/#primaryimage\"},\"image\":{\"@id\":\"https:\/\/www.noticiasradioreflejos.com.ar\/2021\/allanamiento-y-secuestro-de-motocicleta-en-saldungaray\/#primaryimage\"},\"thumbnailUrl\":\"https:\/\/www.noticiasradioreflejos.com.ar\/2021\/wp-content\/uploads\/2026\/08\/Parte-31-8.jpeg\",\"datePublished\":\"2026-09-01T02:22:20+00:00\",\"dateModified\":\"2026-09-01T02:23:02+00:00\",\"author\":{\"@id\":\"https:\/\/www.noticiasradioreflejos.com.ar\/2021\/#\/schema\/person\/ad82545263dcc5ec0996818884fd5fb1\"},\"breadcrumb\":{\"@id\":\"https:\/\/www.noticiasradioreflejos.com.ar\/2021\/allanamiento-y-secuestro-de-motocicleta-en-saldungaray\/#breadcrumb\"},\"inLanguage\":\"es\",\"potentialAction\":[{\"@type\":\"ReadAction\",\"target\":[\"https:\/\/www.noticiasradioreflejos.com.ar\/2021\/allanamiento-y-secuestro-de-motocicleta-en-saldungaray\/\"]}]},{\"@type\":\"ImageObject\",\"inLanguage\":\"es\",\"@id\":\"https:\/\/www.noticiasradioreflejos.com.ar\/2021\/allanamiento-y-secuestro-de-motocicleta-en-saldungaray\/#primaryimage\",\"url\":\"https:\/\/www.noticiasradioreflejos.com.ar\/2021\/wp-content\/uploads\/2026\/08\/Parte-31-8.jpeg\",\"contentUrl\":\"https:\/\/www.noticiasradioreflejos.com.ar\/2021\/wp-content\/uploads\/2026\/08\/Parte-31-8.jpeg\",\"width\":1280,\"height\":960},{\"@type\":\"BreadcrumbList\",\"@id\":\"https:\/\/www.noticiasradioreflejos.com.ar\/2021\/allanamiento-y-secuestro-de-motocicleta-en-saldungaray\/#breadcrumb\",\"itemListElement\":[{\"@type\":\"ListItem\",\"position\":1,\"name\":\"Portada\",\"item\":\"https:\/\/www.noticiasradioreflejos.com.ar\/2021\/\"},{\"@type\":\"ListItem\",\"position\":2,\"name\":\"Allanamiento y secuestro de motocicleta en Saldungaray\"}]},{\"@type\":\"WebSite\",\"@id\":\"https:\/\/www.noticiasradioreflejos.com.ar\/2021\/#website\",\"url\":\"https:\/\/www.noticiasradioreflejos.com.ar\/2021\/\",\"name\":\"Noticias Radio Reflejos\",\"description\":\"Las noticias de mi comarca\",\"potentialAction\":[{\"@type\":\"SearchAction\",\"target\":{\"@type\":\"EntryPoint\",\"urlTemplate\":\"https:\/\/www.noticiasradioreflejos.com.ar\/2021\/?s={search_term_string}\"},\"query-input\":{\"@type\":\"PropertyValueSpecification\",\"valueRequired\":true,\"valueName\":\"search_term_string\"}}],\"inLanguage\":\"es\"},{\"@type\":\"Person\",\"@id\":\"https:\/\/www.noticiasradioreflejos.com.ar\/2021\/#\/schema\/person\/ad82545263dcc5ec0996818884fd5fb1\",\"name\":\"Arnaldo Botto\",\"image\":{\"@type\":\"ImageObject\",\"inLanguage\":\"es\",\"@id\":\"https:\/\/www.noticiasradioreflejos.com.ar\/2021\/#\/schema\/person\/image\/\",\"url\":\"https:\/\/secure.gravatar.com\/avatar\/55cb5e37c1efa326397366e6974cb338056df65cb50e7d64d1cf314e87504837?s=96&d=mm&r=g\",\"contentUrl\":\"https:\/\/secure.gravatar.com\/avatar\/55cb5e37c1efa326397366e6974cb338056df65cb50e7d64d1cf314e87504837?s=96&d=mm&r=g\",\"caption\":\"Arnaldo Botto\"},\"url\":\"https:\/\/www.noticiasradioreflejos.com.ar\/2021\/author\/arnaldo\/\"}]}<\/script>\n<!-- \/ Yoast SEO plugin. -->","yoast_head_json":{"title":"Allanamiento y secuestro de motocicleta en Saldungaray - Noticias Radio Reflejos","robots":{"index":"index","follow":"follow","max-snippet":"max-snippet:-1","max-image-preview":"max-image-preview:large","max-video-preview":"max-video-preview:-1"},"canonical":"https:\/\/www.noticiasradioreflejos.com.ar\/2021\/allanamiento-y-secuestro-de-motocicleta-en-saldungaray\/","og_locale":"es_ES","og_type":"article","og_title":"Allanamiento y secuestro de motocicleta en Saldungaray - Noticias Radio Reflejos","og_description":"La Secretar\u00eda de Seguridad, informa que en la tarde de este lunes 31 de agosto se llev\u00f3 adelante un allanamiento y secuestro en la localidad de Saldungaray, en el marco de una investigaci\u00f3n iniciada a partir de una denuncia penal por el delito de \u201cPrueba ilegal de velocidad con un veh\u00edculo\u201d.","og_url":"https:\/\/www.noticiasradioreflejos.com.ar\/2021\/allanamiento-y-secuestro-de-motocicleta-en-saldungaray\/","og_site_name":"Noticias Radio Reflejos","article_published_time":"2026-09-01T02:22:20+00:00","article_modified_time":"2026-09-01T02:23:02+00:00","og_image":[{"width":1280,"height":960,"url":"https:\/\/www.noticiasradioreflejos.com.ar\/2021\/wp-content\/uploads\/2026\/08\/Parte-31-8.jpeg","type":"image\/jpeg"}],"author":"Arnaldo Botto","twitter_card":"summary_large_image","schema":{"@context":"https:\/\/schema.org","@graph":[{"@type":"WebPage","@id":"https:\/\/www.noticiasradioreflejos.com.ar\/2021\/allanamiento-y-secuestro-de-motocicleta-en-saldungaray\/","url":"https:\/\/www.noticiasradioreflejos.com.ar\/2021\/allanamiento-y-secuestro-de-motocicleta-en-saldungaray\/","name":"Allanamiento y secuestro de motocicleta en Saldungaray - Noticias Radio Reflejos","isPartOf":{"@id":"https:\/\/www.noticiasradioreflejos.com.ar\/2021\/#website"},"primaryImageOfPage":{"@id":"https:\/\/www.noticiasradioreflejos.com.ar\/2021\/allanamiento-y-secuestro-de-motocicleta-en-saldungaray\/#primaryimage"},"image":{"@id":"https:\/\/www.noticiasradioreflejos.com.ar\/2021\/allanamiento-y-secuestro-de-motocicleta-en-saldungaray\/#primaryimage"},"thumbnailUrl":"https:\/\/www.noticiasradioreflejos.com.ar\/2021\/wp-content\/uploads\/2026\/08\/Parte-31-8.jpeg","datePublished":"2026-09-01T02:22:20+00:00","dateModified":"2026-09-01T02:23:02+00:00","author":{"@id":"https:\/\/www.noticiasradioreflejos.com.ar\/2021\/#\/schema\/person\/ad82545263dcc5ec0996818884fd5fb1"},"breadcrumb":{"@id":"https:\/\/www.noticiasradioreflejos.com.ar\/2021\/allanamiento-y-secuestro-de-motocicleta-en-saldungaray\/#breadcrumb"},"inLanguage":"es","potentialAction":[{"@type":"ReadAction","target":["https:\/\/www.noticiasradioreflejos.com.ar\/2021\/allanamiento-y-secuestro-de-motocicleta-en-saldungaray\/"]}]},{"@type":"ImageObject","inLanguage":"es","@id":"https:\/\/www.noticiasradioreflejos.com.ar\/2021\/allanamiento-y-secuestro-de-motocicleta-en-saldungaray\/#primaryimage","url":"https:\/\/www.noticiasradioreflejos.com.ar\/2021\/wp-content\/uploads\/2026\/08\/Parte-31-8.jpeg","contentUrl":"https:\/\/www.noticiasradioreflejos.com.ar\/2021\/wp-content\/uploads\/2026\/08\/Parte-31-8.jpeg","width":1280,"height":960},{"@type":"BreadcrumbList","@id":"https:\/\/www.noticiasradioreflejos.com.ar\/2021\/allanamiento-y-secuestro-de-motocicleta-en-saldungaray\/#breadcrumb","itemListElement":[{"@type":"ListItem","position":1,"name":"Portada","item":"https:\/\/www.noticiasradioreflejos.com.ar\/2021\/"},{"@type":"ListItem","position":2,"name":"Allanamiento y secuestro de motocicleta en Saldungaray"}]},{"@type":"WebSite","@id":"https:\/\/www.noticiasradioreflejos.com.ar\/2021\/#website","url":"https:\/\/www.noticiasradioreflejos.com.ar\/2021\/","name":"Noticias Radio Reflejos","description":"Las noticias de mi comarca","potentialAction":[{"@type":"SearchAction","target":{"@type":"EntryPoint","urlTemplate":"https:\/\/www.noticiasradioreflejos.com.ar\/2021\/?s={search_term_string}"},"query-input":{"@type":"PropertyValueSpecification","valueRequired":true,"valueName":"search_term_string"}}],"inLanguage":"es"},{"@type":"Person","@id":"https:\/\/www.noticiasradioreflejos.com.ar\/2021\/#\/schema\/person\/ad82545263dcc5ec0996818884fd5fb1","name":"Arnaldo Botto","image":{"@type":"ImageObject","inLanguage":"es","@id":"https:\/\/www.noticiasradioreflejos.com.ar\/2021\/#\/schema\/person\/image\/","url":"https:\/\/secure.gravatar.com\/avatar\/55cb5e37c1efa326397366e6974cb338056df65cb50e7d64d1cf314e87504837?s=96&d=mm&r=g","contentUrl":"https:\/\/secure.gravatar.com\/avatar\/55cb5e37c1efa326397366e6974cb338056df65cb50e7d64d1cf314e87504837?s=96&d=mm&r=g","caption":"Arnaldo Botto"},"url":"https:\/\/www.noticiasradioreflejos.com.ar\/2021\/author\/arnaldo\/"}]}},"_links":{"self":[{"href":"https:\/\/www.noticiasradioreflejos.com.ar\/2021\/wp-json\/wp\/v2\/posts\/142862","targetHints":{"allow":["GET"]}}],"collection":[{"href":"https:\/\/www.noticiasradioreflejos.com.ar\/2021\/wp-json\/wp\/v2\/posts"}],"about":[{"href":"https:\/\/www.noticiasradioreflejos.com.ar\/2021\/wp-json\/wp\/v2\/types\/post"}],"author":[{"embeddable":true,"href":"https:\/\/www.noticiasradioreflejos.com.ar\/2021\/wp-json\/wp\/v2\/users\/3"}],"replies":[{"embeddable":true,"href":"https:\/\/www.noticiasradioreflejos.com.ar\/2021\/wp-json\/wp\/v2\/comments?post=142862"}],"version-history":[{"count":2,"href":"https:\/\/www.noticiasradioreflejos.com.ar\/2021\/wp-json\/wp\/v2\/posts\/142862\/revisions"}],"predecessor-version":[{"id":142866,"href":"https:\/\/www.noticiasradioreflejos.com.ar\/2021\/wp-json\/wp\/v2\/posts\/142862\/revisions\/142866"}],"wp:featuredmedia":[{"embeddable":true,"href":"https:\/\/www.noticiasradioreflejos.com.ar\/2021\/wp-json\/wp\/v2\/media\/142863"}],"wp:attachment":[{"href":"https:\/\/www.noticiasradioreflejos.com.ar\/2021\/wp-json\/wp\/v2\/media?parent=142862"}],"wp:term":[{"taxonomy":"category","embeddable":true,"href":"https:\/\/www.noticiasradioreflejos.com.ar\/2021\/wp-json\/wp\/v2\/categories?post=142862"},{"taxonomy":"post_tag","embeddable":true,"href":"https:\/\/www.noticiasradioreflejos.com.ar\/2021\/wp-json\/wp\/v2\/tags?post=142862"}],"curies":[{"name":"wp","href":"https:\/\/api.w.org\/{rel}","templated":true}]}}