{"id":142854,"date":"2026-08-31T16:06:17","date_gmt":"2026-08-31T19:06:17","guid":{"rendered":"https:\/\/www.noticiasradioreflejos.com.ar\/2021\/?p=142854"},"modified":"2026-08-31T16:06:17","modified_gmt":"2026-08-31T19:06:17","slug":"la-crisis-demografica-bonaerense-menos-nacimientos-mas-injusticias-y-desigualdades","status":"publish","type":"post","link":"https:\/\/www.noticiasradioreflejos.com.ar\/2021\/la-crisis-demografica-bonaerense-menos-nacimientos-mas-injusticias-y-desigualdades\/","title":{"rendered":"LA CRISIS DEMOGR\u00c1FICA BONAERENSE: menos nacimientos, mas injusticias y desigualdades"},"content":{"rendered":"<p>Am\u00e9rica Hispana envejece y la natalidad cae. Detr\u00e1s de las grandes cifras poblacionales aparece una transformaci\u00f3n silenciosa que puede modificar profundamente a nuestros pueblos durante las pr\u00f3ximas d\u00e9cadas.<!--more--><\/p>\n<p>Argentina es uno de los casos m\u00e1s extremos: los nacimientos pasaron de m\u00e1s de 777.000 en 2014 a poco m\u00e1s de 413.000 en 2024, mientras la fecundidad cay\u00f3 a 1,23 hijos por mujer, muy por debajo del 2,1 necesario para el reemplazo generacional (en 1950 era de 5,8).<\/p>\n<p>Pero el epicentro de esta transformaci\u00f3n est\u00e1 en la provincia de Buenos Ayres.<\/p>\n<p>En 2025 los nacimientos bonaerenses se redujeron alrededor de un 9% interanual y acumularon una ca\u00edda superior al 55% respecto de 2020. Por primera vez en d\u00e9cadas, las defunciones superaron a los nacimientos, en 2025 se registraron aproximadamente 133.900 muertes superando a los 120.138 nacimientos,. La Provincia, coraz\u00f3n productivo de la Argentina, comienza as\u00ed a enfrentar un fen\u00f3meno que no es solamente demogr\u00e1fico: es econ\u00f3mico, social y pol\u00edtico.<\/p>\n<p>Sin embargo, hay una cuesti\u00f3n que suele quedar fuera del an\u00e1lisis. La crisis demogr\u00e1fica no impactar\u00e1 de la misma manera en todos los bonaerenses.<\/p>\n<p>En los sectores medios y altos, la reducci\u00f3n de la natalidad est\u00e1 vinculada a proyectos de vida, costos de crianza, acceso a educaci\u00f3n, vivienda y planificaci\u00f3n familiar. All\u00ed veremos hogares m\u00e1s peque\u00f1os y una poblaci\u00f3n progresivamente envejecida.<\/p>\n<p>En los sectores de villas miserias del AMBA -existen unas 1.585 villas y asentamientos precarios donde viven m\u00e1s de 420 mil familias-, en cambio, el problema puede adquirir otra dimensi\u00f3n: no necesariamente habr\u00e1 menos j\u00f3venes, sino m\u00e1s vulnerabilidad concentrada en \u00e1reas donde faltan infraestructura, educaci\u00f3n y oportunidades. Aunque la fecundidad tambi\u00e9n descienda, la estructura poblacional continuar\u00e1 siendo relativamente m\u00e1s joven durante un per\u00edodo prolongado.<\/p>\n<p>Esta diferencia puede producir una peligrosa fractura demogr\u00e1fica. Mientras una parte de la Provincia envejece, otra concentrar\u00e1 ni\u00f1os y j\u00f3venes que deber\u00e1n ingresar a un mercado laboral radicalmente diferente al actual, marcado por la automatizaci\u00f3n y la inteligencia artificial.<\/p>\n<p>Aqu\u00ed aparece el verdadero desaf\u00edo. No alcanza con preguntarnos cu\u00e1ntos hijos tendr\u00e1 Buenos Ayres. Debemos preguntarnos qu\u00e9 oportunidades tendr\u00e1n los hijos que nazcan.<\/p>\n<p>Si un ni\u00f1o llega al mundo en un contexto de pobreza, mala nutrici\u00f3n, hacinamiento, abandono escolar y ausencia de formaci\u00f3n t\u00e9cnica, la crisis demogr\u00e1fica puede transformarse en una crisis de capital humano. Y una comunidad con menos trabajadores, pero adem\u00e1s con una parte significativa de sus j\u00f3venes excluidos del empleo formal, enfrentar\u00e1 una presi\u00f3n doble sobre sus sistemas productivo, sanitario y previsional.<\/p>\n<p>En las pr\u00f3ximas d\u00e9cadas habr\u00e1 menos trabajadores sosteniendo a m\u00e1s adultos mayores. Pero tambi\u00e9n ser\u00e1 necesario formar trabajadores mucho m\u00e1s calificados para una econom\u00eda que demandar\u00e1 conocimiento y productividad&#8230;y no los tendremos.<\/p>\n<p>Por eso, la pol\u00edtica demogr\u00e1fica bonaerense no puede reducirse solo a estimular la natalidad. Debe incorporar vivienda, primera infancia, nutrici\u00f3n, educaci\u00f3n, formaci\u00f3n profesional, empleo, salud.<\/p>\n<p>El desaf\u00edo es construir una Provincia donde nacer no sea una condena y donde envejecer no signifique una carga.<\/p>\n<p>Porque el problema no ser\u00e1 solamente una Buenos Aires con menos habitantes. Ser\u00e1 una Buenos Aires m\u00e1s vieja, m\u00e1s desigual y con una generaci\u00f3n de j\u00f3venes sin futuro, con m\u00e1s violencia y m\u00e1s degradaci\u00f3n del tejido comunitario si hoy no somos capaces de anticiparnos.<\/p>\n<p>&nbsp;<\/p>\n<p><em><strong>Luis Gotte<\/strong><\/em><br \/>\n<em><strong>la trinchera bonaerense<\/strong><\/em><\/p>\n","protected":false},"excerpt":{"rendered":"<p>Am\u00e9rica Hispana envejece y la natalidad cae. Detr\u00e1s de las grandes cifras poblacionales aparece una transformaci\u00f3n silenciosa que puede modificar profundamente a nuestros pueblos durante las pr\u00f3ximas d\u00e9cadas.<\/p>\n","protected":false},"author":3,"featured_media":142855,"comment_status":"closed","ping_status":"closed","sticky":false,"template":"","format":"standard","meta":{"footnotes":""},"categories":[24,26],"tags":[],"class_list":["post-142854","post","type-post","status-publish","format-standard","has-post-thumbnail","hentry","category-politica","category-sociedad"],"yoast_head":"<!-- This site is optimized with the Yoast SEO plugin v25.9 - https:\/\/yoast.com\/wordpress\/plugins\/seo\/ -->\n<title>LA CRISIS DEMOGR\u00c1FICA BONAERENSE: menos nacimientos, mas injusticias y desigualdades - Noticias Radio Reflejos<\/title>\n<meta name=\"robots\" content=\"index, follow, max-snippet:-1, max-image-preview:large, max-video-preview:-1\" \/>\n<link rel=\"canonical\" href=\"https:\/\/www.noticiasradioreflejos.com.ar\/2021\/la-crisis-demografica-bonaerense-menos-nacimientos-mas-injusticias-y-desigualdades\/\" \/>\n<meta property=\"og:locale\" content=\"es_ES\" \/>\n<meta property=\"og:type\" content=\"article\" \/>\n<meta property=\"og:title\" content=\"LA CRISIS DEMOGR\u00c1FICA BONAERENSE: menos nacimientos, mas injusticias y desigualdades - Noticias Radio Reflejos\" \/>\n<meta property=\"og:description\" content=\"Am\u00e9rica Hispana envejece y la natalidad cae. Detr\u00e1s de las grandes cifras poblacionales aparece una transformaci\u00f3n silenciosa que puede modificar profundamente a nuestros pueblos durante las pr\u00f3ximas d\u00e9cadas.\" \/>\n<meta property=\"og:url\" content=\"https:\/\/www.noticiasradioreflejos.com.ar\/2021\/la-crisis-demografica-bonaerense-menos-nacimientos-mas-injusticias-y-desigualdades\/\" \/>\n<meta property=\"og:site_name\" content=\"Noticias Radio Reflejos\" \/>\n<meta property=\"article:published_time\" content=\"2026-08-31T19:06:17+00:00\" \/>\n<meta property=\"og:image\" content=\"https:\/\/www.noticiasradioreflejos.com.ar\/2021\/wp-content\/uploads\/2026\/08\/WhatsApp-Image-2026-08-31-at-16.03.23.jpeg\" \/>\n\t<meta property=\"og:image:width\" content=\"1024\" \/>\n\t<meta property=\"og:image:height\" content=\"1536\" \/>\n\t<meta property=\"og:image:type\" content=\"image\/jpeg\" \/>\n<meta name=\"author\" content=\"Arnaldo Botto\" \/>\n<meta name=\"twitter:card\" content=\"summary_large_image\" \/>\n<script type=\"application\/ld+json\" class=\"yoast-schema-graph\">{\"@context\":\"https:\/\/schema.org\",\"@graph\":[{\"@type\":\"WebPage\",\"@id\":\"https:\/\/www.noticiasradioreflejos.com.ar\/2021\/la-crisis-demografica-bonaerense-menos-nacimientos-mas-injusticias-y-desigualdades\/\",\"url\":\"https:\/\/www.noticiasradioreflejos.com.ar\/2021\/la-crisis-demografica-bonaerense-menos-nacimientos-mas-injusticias-y-desigualdades\/\",\"name\":\"LA CRISIS DEMOGR\u00c1FICA BONAERENSE: menos nacimientos, mas injusticias y desigualdades - Noticias Radio Reflejos\",\"isPartOf\":{\"@id\":\"https:\/\/www.noticiasradioreflejos.com.ar\/2021\/#website\"},\"primaryImageOfPage\":{\"@id\":\"https:\/\/www.noticiasradioreflejos.com.ar\/2021\/la-crisis-demografica-bonaerense-menos-nacimientos-mas-injusticias-y-desigualdades\/#primaryimage\"},\"image\":{\"@id\":\"https:\/\/www.noticiasradioreflejos.com.ar\/2021\/la-crisis-demografica-bonaerense-menos-nacimientos-mas-injusticias-y-desigualdades\/#primaryimage\"},\"thumbnailUrl\":\"https:\/\/www.noticiasradioreflejos.com.ar\/2021\/wp-content\/uploads\/2026\/08\/WhatsApp-Image-2026-08-31-at-16.03.23.jpeg\",\"datePublished\":\"2026-08-31T19:06:17+00:00\",\"author\":{\"@id\":\"https:\/\/www.noticiasradioreflejos.com.ar\/2021\/#\/schema\/person\/ad82545263dcc5ec0996818884fd5fb1\"},\"breadcrumb\":{\"@id\":\"https:\/\/www.noticiasradioreflejos.com.ar\/2021\/la-crisis-demografica-bonaerense-menos-nacimientos-mas-injusticias-y-desigualdades\/#breadcrumb\"},\"inLanguage\":\"es\",\"potentialAction\":[{\"@type\":\"ReadAction\",\"target\":[\"https:\/\/www.noticiasradioreflejos.com.ar\/2021\/la-crisis-demografica-bonaerense-menos-nacimientos-mas-injusticias-y-desigualdades\/\"]}]},{\"@type\":\"ImageObject\",\"inLanguage\":\"es\",\"@id\":\"https:\/\/www.noticiasradioreflejos.com.ar\/2021\/la-crisis-demografica-bonaerense-menos-nacimientos-mas-injusticias-y-desigualdades\/#primaryimage\",\"url\":\"https:\/\/www.noticiasradioreflejos.com.ar\/2021\/wp-content\/uploads\/2026\/08\/WhatsApp-Image-2026-08-31-at-16.03.23.jpeg\",\"contentUrl\":\"https:\/\/www.noticiasradioreflejos.com.ar\/2021\/wp-content\/uploads\/2026\/08\/WhatsApp-Image-2026-08-31-at-16.03.23.jpeg\",\"width\":1024,\"height\":1536},{\"@type\":\"BreadcrumbList\",\"@id\":\"https:\/\/www.noticiasradioreflejos.com.ar\/2021\/la-crisis-demografica-bonaerense-menos-nacimientos-mas-injusticias-y-desigualdades\/#breadcrumb\",\"itemListElement\":[{\"@type\":\"ListItem\",\"position\":1,\"name\":\"Portada\",\"item\":\"https:\/\/www.noticiasradioreflejos.com.ar\/2021\/\"},{\"@type\":\"ListItem\",\"position\":2,\"name\":\"LA CRISIS DEMOGR\u00c1FICA BONAERENSE: menos nacimientos, mas injusticias y desigualdades\"}]},{\"@type\":\"WebSite\",\"@id\":\"https:\/\/www.noticiasradioreflejos.com.ar\/2021\/#website\",\"url\":\"https:\/\/www.noticiasradioreflejos.com.ar\/2021\/\",\"name\":\"Noticias Radio Reflejos\",\"description\":\"Las noticias de mi comarca\",\"potentialAction\":[{\"@type\":\"SearchAction\",\"target\":{\"@type\":\"EntryPoint\",\"urlTemplate\":\"https:\/\/www.noticiasradioreflejos.com.ar\/2021\/?s={search_term_string}\"},\"query-input\":{\"@type\":\"PropertyValueSpecification\",\"valueRequired\":true,\"valueName\":\"search_term_string\"}}],\"inLanguage\":\"es\"},{\"@type\":\"Person\",\"@id\":\"https:\/\/www.noticiasradioreflejos.com.ar\/2021\/#\/schema\/person\/ad82545263dcc5ec0996818884fd5fb1\",\"name\":\"Arnaldo Botto\",\"image\":{\"@type\":\"ImageObject\",\"inLanguage\":\"es\",\"@id\":\"https:\/\/www.noticiasradioreflejos.com.ar\/2021\/#\/schema\/person\/image\/\",\"url\":\"https:\/\/secure.gravatar.com\/avatar\/55cb5e37c1efa326397366e6974cb338056df65cb50e7d64d1cf314e87504837?s=96&d=mm&r=g\",\"contentUrl\":\"https:\/\/secure.gravatar.com\/avatar\/55cb5e37c1efa326397366e6974cb338056df65cb50e7d64d1cf314e87504837?s=96&d=mm&r=g\",\"caption\":\"Arnaldo Botto\"},\"url\":\"https:\/\/www.noticiasradioreflejos.com.ar\/2021\/author\/arnaldo\/\"}]}<\/script>\n<!-- \/ Yoast SEO plugin. -->","yoast_head_json":{"title":"LA CRISIS DEMOGR\u00c1FICA BONAERENSE: menos nacimientos, mas injusticias y desigualdades - Noticias Radio Reflejos","robots":{"index":"index","follow":"follow","max-snippet":"max-snippet:-1","max-image-preview":"max-image-preview:large","max-video-preview":"max-video-preview:-1"},"canonical":"https:\/\/www.noticiasradioreflejos.com.ar\/2021\/la-crisis-demografica-bonaerense-menos-nacimientos-mas-injusticias-y-desigualdades\/","og_locale":"es_ES","og_type":"article","og_title":"LA CRISIS DEMOGR\u00c1FICA BONAERENSE: menos nacimientos, mas injusticias y desigualdades - Noticias Radio Reflejos","og_description":"Am\u00e9rica Hispana envejece y la natalidad cae. Detr\u00e1s de las grandes cifras poblacionales aparece una transformaci\u00f3n silenciosa que puede modificar profundamente a nuestros pueblos durante las pr\u00f3ximas d\u00e9cadas.","og_url":"https:\/\/www.noticiasradioreflejos.com.ar\/2021\/la-crisis-demografica-bonaerense-menos-nacimientos-mas-injusticias-y-desigualdades\/","og_site_name":"Noticias Radio Reflejos","article_published_time":"2026-08-31T19:06:17+00:00","og_image":[{"width":1024,"height":1536,"url":"https:\/\/www.noticiasradioreflejos.com.ar\/2021\/wp-content\/uploads\/2026\/08\/WhatsApp-Image-2026-08-31-at-16.03.23.jpeg","type":"image\/jpeg"}],"author":"Arnaldo Botto","twitter_card":"summary_large_image","schema":{"@context":"https:\/\/schema.org","@graph":[{"@type":"WebPage","@id":"https:\/\/www.noticiasradioreflejos.com.ar\/2021\/la-crisis-demografica-bonaerense-menos-nacimientos-mas-injusticias-y-desigualdades\/","url":"https:\/\/www.noticiasradioreflejos.com.ar\/2021\/la-crisis-demografica-bonaerense-menos-nacimientos-mas-injusticias-y-desigualdades\/","name":"LA CRISIS DEMOGR\u00c1FICA BONAERENSE: menos nacimientos, mas injusticias y desigualdades - Noticias Radio Reflejos","isPartOf":{"@id":"https:\/\/www.noticiasradioreflejos.com.ar\/2021\/#website"},"primaryImageOfPage":{"@id":"https:\/\/www.noticiasradioreflejos.com.ar\/2021\/la-crisis-demografica-bonaerense-menos-nacimientos-mas-injusticias-y-desigualdades\/#primaryimage"},"image":{"@id":"https:\/\/www.noticiasradioreflejos.com.ar\/2021\/la-crisis-demografica-bonaerense-menos-nacimientos-mas-injusticias-y-desigualdades\/#primaryimage"},"thumbnailUrl":"https:\/\/www.noticiasradioreflejos.com.ar\/2021\/wp-content\/uploads\/2026\/08\/WhatsApp-Image-2026-08-31-at-16.03.23.jpeg","datePublished":"2026-08-31T19:06:17+00:00","author":{"@id":"https:\/\/www.noticiasradioreflejos.com.ar\/2021\/#\/schema\/person\/ad82545263dcc5ec0996818884fd5fb1"},"breadcrumb":{"@id":"https:\/\/www.noticiasradioreflejos.com.ar\/2021\/la-crisis-demografica-bonaerense-menos-nacimientos-mas-injusticias-y-desigualdades\/#breadcrumb"},"inLanguage":"es","potentialAction":[{"@type":"ReadAction","target":["https:\/\/www.noticiasradioreflejos.com.ar\/2021\/la-crisis-demografica-bonaerense-menos-nacimientos-mas-injusticias-y-desigualdades\/"]}]},{"@type":"ImageObject","inLanguage":"es","@id":"https:\/\/www.noticiasradioreflejos.com.ar\/2021\/la-crisis-demografica-bonaerense-menos-nacimientos-mas-injusticias-y-desigualdades\/#primaryimage","url":"https:\/\/www.noticiasradioreflejos.com.ar\/2021\/wp-content\/uploads\/2026\/08\/WhatsApp-Image-2026-08-31-at-16.03.23.jpeg","contentUrl":"https:\/\/www.noticiasradioreflejos.com.ar\/2021\/wp-content\/uploads\/2026\/08\/WhatsApp-Image-2026-08-31-at-16.03.23.jpeg","width":1024,"height":1536},{"@type":"BreadcrumbList","@id":"https:\/\/www.noticiasradioreflejos.com.ar\/2021\/la-crisis-demografica-bonaerense-menos-nacimientos-mas-injusticias-y-desigualdades\/#breadcrumb","itemListElement":[{"@type":"ListItem","position":1,"name":"Portada","item":"https:\/\/www.noticiasradioreflejos.com.ar\/2021\/"},{"@type":"ListItem","position":2,"name":"LA CRISIS DEMOGR\u00c1FICA BONAERENSE: menos nacimientos, mas injusticias y desigualdades"}]},{"@type":"WebSite","@id":"https:\/\/www.noticiasradioreflejos.com.ar\/2021\/#website","url":"https:\/\/www.noticiasradioreflejos.com.ar\/2021\/","name":"Noticias Radio Reflejos","description":"Las noticias de mi comarca","potentialAction":[{"@type":"SearchAction","target":{"@type":"EntryPoint","urlTemplate":"https:\/\/www.noticiasradioreflejos.com.ar\/2021\/?s={search_term_string}"},"query-input":{"@type":"PropertyValueSpecification","valueRequired":true,"valueName":"search_term_string"}}],"inLanguage":"es"},{"@type":"Person","@id":"https:\/\/www.noticiasradioreflejos.com.ar\/2021\/#\/schema\/person\/ad82545263dcc5ec0996818884fd5fb1","name":"Arnaldo Botto","image":{"@type":"ImageObject","inLanguage":"es","@id":"https:\/\/www.noticiasradioreflejos.com.ar\/2021\/#\/schema\/person\/image\/","url":"https:\/\/secure.gravatar.com\/avatar\/55cb5e37c1efa326397366e6974cb338056df65cb50e7d64d1cf314e87504837?s=96&d=mm&r=g","contentUrl":"https:\/\/secure.gravatar.com\/avatar\/55cb5e37c1efa326397366e6974cb338056df65cb50e7d64d1cf314e87504837?s=96&d=mm&r=g","caption":"Arnaldo Botto"},"url":"https:\/\/www.noticiasradioreflejos.com.ar\/2021\/author\/arnaldo\/"}]}},"_links":{"self":[{"href":"https:\/\/www.noticiasradioreflejos.com.ar\/2021\/wp-json\/wp\/v2\/posts\/142854","targetHints":{"allow":["GET"]}}],"collection":[{"href":"https:\/\/www.noticiasradioreflejos.com.ar\/2021\/wp-json\/wp\/v2\/posts"}],"about":[{"href":"https:\/\/www.noticiasradioreflejos.com.ar\/2021\/wp-json\/wp\/v2\/types\/post"}],"author":[{"embeddable":true,"href":"https:\/\/www.noticiasradioreflejos.com.ar\/2021\/wp-json\/wp\/v2\/users\/3"}],"replies":[{"embeddable":true,"href":"https:\/\/www.noticiasradioreflejos.com.ar\/2021\/wp-json\/wp\/v2\/comments?post=142854"}],"version-history":[{"count":1,"href":"https:\/\/www.noticiasradioreflejos.com.ar\/2021\/wp-json\/wp\/v2\/posts\/142854\/revisions"}],"predecessor-version":[{"id":142856,"href":"https:\/\/www.noticiasradioreflejos.com.ar\/2021\/wp-json\/wp\/v2\/posts\/142854\/revisions\/142856"}],"wp:featuredmedia":[{"embeddable":true,"href":"https:\/\/www.noticiasradioreflejos.com.ar\/2021\/wp-json\/wp\/v2\/media\/142855"}],"wp:attachment":[{"href":"https:\/\/www.noticiasradioreflejos.com.ar\/2021\/wp-json\/wp\/v2\/media?parent=142854"}],"wp:term":[{"taxonomy":"category","embeddable":true,"href":"https:\/\/www.noticiasradioreflejos.com.ar\/2021\/wp-json\/wp\/v2\/categories?post=142854"},{"taxonomy":"post_tag","embeddable":true,"href":"https:\/\/www.noticiasradioreflejos.com.ar\/2021\/wp-json\/wp\/v2\/tags?post=142854"}],"curies":[{"name":"wp","href":"https:\/\/api.w.org\/{rel}","templated":true}]}}