{"id":142851,"date":"2026-08-31T16:03:14","date_gmt":"2026-08-31T19:03:14","guid":{"rendered":"https:\/\/www.noticiasradioreflejos.com.ar\/2021\/?p=142851"},"modified":"2026-08-31T16:03:14","modified_gmt":"2026-08-31T19:03:14","slug":"el-emotivo-video-con-el-que-messi-anuncio-su-despedida-de-la-seleccion-argentina","status":"publish","type":"post","link":"https:\/\/www.noticiasradioreflejos.com.ar\/2021\/el-emotivo-video-con-el-que-messi-anuncio-su-despedida-de-la-seleccion-argentina\/","title":{"rendered":"El emotivo video con el que Messi anunci\u00f3 su despedida de la Selecci\u00f3n argentina"},"content":{"rendered":"<p>El capit\u00e1n de la Albiceleste comparti\u00f3 en sus redes un repaso de sus 20 a\u00f1os con la camiseta argentina y confirm\u00f3 su retiro del seleccionado.<!--more--><\/p>\n<p>Lionel Messi\u00a0anunci\u00f3 su\u00a0<a class=\"link\" href=\"https:\/\/www.eldiarioar.com\/deportes\/lionel-messi-retiro-seleccion_1_13477584.html\" data-mrf-recirculation=\"links-noticia\" data-mrf-link=\"https:\/\/www.eldiarioar.com\/deportes\/lionel-messi-retiro-seleccion_1_13477584.html\">retiro de la Selecci\u00f3n argentin<\/a>a, a casi un mes y medio de la final del Mundial 2026, y acompa\u00f1\u00f3 la noticia con un emotivo video en el que repas\u00f3 buena parte de su historia con la camiseta albiceleste.<\/p>\n<figure class=\"embed-container embed-container--type-embed \"><iframe id=\"instagram-embed-0\" class=\"instagram-media instagram-media-rendered\" src=\"https:\/\/www.instagram.com\/reel\/DctYV2qt6S5\/embed\/captioned\/?cr=1&amp;v=14&amp;wp=485&amp;rd=https%3A%2F%2Fwww.eldiarioar.com&amp;rp=%2Fdeportes%2Ffutbol%2Femotivo-video-messi-anuncio-despedida-seleccion-argentina_1_13477861.html#%7B%22ci%22%3A0%2C%22os%22%3A2246.39999999851%2C%22ls%22%3A1373.2999999970198%2C%22le%22%3A1782.7999999970198%7D\" height=\"968\" frameborder=\"0\" scrolling=\"no\" allowfullscreen=\"allowfullscreen\" data-instgrm-payload-id=\"instagram-media-payload-0\" data-gtm-yt-inspected-34399851_303=\"true\" data-gtm-yt-inspected-34399851_396=\"true\" data-gtm-yt-inspected-42=\"true\" data-mce-fragment=\"1\"><\/iframe><\/figure>\n<p class=\"article-text\">El material comienza con una frase que el propio Messi pronunci\u00f3 durante sus primeros a\u00f1os:\u00a0<strong>\u201cMi sue\u00f1o es jugar en la Selecci\u00f3n argentina\u201d<\/strong>. A partir de all\u00ed, el video recorre distintos momentos de su trayectoria con el seleccionado, tanto los m\u00e1s felices como aquellos marcados por las derrotas y la frustraci\u00f3n.<\/p>\n<p class=\"article-text\">La pieza est\u00e1 musicalizada con\u00a0<strong>\u201cBrindis\u201d<\/strong>, de Soledad Pastorutti, y funciona como una suerte de despedida audiovisual del futbolista, quien fue capit\u00e1n de la Selecci\u00f3n durante m\u00e1s de 15 a\u00f1os.<\/p>\n<p class=\"article-text\">La decisi\u00f3n de ponerle punto final a su etapa con la Albiceleste fue comunicada por Messi a trav\u00e9s de una carta que, seg\u00fan explic\u00f3, hab\u00eda escrito el 21 de julio, dos d\u00edas despu\u00e9s de la final del Mundial. Sin embargo, el futbolista se\u00f1al\u00f3 que los acontecimientos posteriores a la muerte de su padre reforzaron su decisi\u00f3n.<\/p>\n<h2 class=\"article-text\">\u201cDuele en el alma, pero es el momento\u201d<\/h2>\n<p class=\"article-text\">\u201cDespu\u00e9s de este tiempo que pas\u00f3 desde la final, pens\u00e1ndolo mucho, quiero comunicarles a todos que me retiro de la Selecci\u00f3n\u201d, expres\u00f3 Messi al comienzo de su mensaje. El astro argentino reconoci\u00f3 que se trata de una decisi\u00f3n dolorosa, pero asegur\u00f3 que siente que lleg\u00f3 el momento de cerrar esa etapa.<\/p>\n<p class=\"article-text\">\u201cFue una decisi\u00f3n que doli\u00f3 y duele en el alma pero entiendo que es el momento. Les juro que siempre dej\u00e9 todo, no solo los \u00faltimos a\u00f1os que se gan\u00f3 todo antes tambi\u00e9n y siempre pele\u00e9 y me dej\u00e9 todo por esta camiseta, por darles alegr\u00edas y hacer que se sientan orgullosos de ser argentinos a trav\u00e9s del f\u00fatbol\u201d, escribi\u00f3.<\/p>\n<p class=\"article-text\">Messi tambi\u00e9n hizo referencia al paso del tiempo y a la renovaci\u00f3n generacional que atraviesa el seleccionado. \u201cQueda poco y se van cerrando etapas y esta es una que me duele mucho. Amo, am\u00e9 y amar\u00e9 siempre estar en la Selecci\u00f3n. Me vaci\u00e9, ya no tengo m\u00e1s para dar y aparte vienen chicos muy grandes atr\u00e1s que merecen estar\u201d, sostuvo.<\/p>\n<h2 class=\"article-text\">\u201cAhora voy a ser uno m\u00e1s de ustedes\u201d<\/h2>\n<p class=\"article-text\">En su despedida, el capit\u00e1n tambi\u00e9n agradeci\u00f3 el acompa\u00f1amiento recibido durante sus dos d\u00e9cadas con la camiseta argentina y anticip\u00f3 que continuar\u00e1 alentando al seleccionado desde otro lugar. \u201cGracias por todo el cari\u00f1o de estos 20 a\u00f1os. Voy a extra\u00f1ar mucho escucharlos desde adentro. Ahora voy a ser uno m\u00e1s de ustedes, alentando y bancando siempre desde afuera (en las buenas y en las malas, mucho m\u00e1s)\u201d, afirm\u00f3.<\/p>\n<p class=\"article-text\">El futbolista dedic\u00f3 adem\u00e1s unas palabras especiales a su familia, a la que reconoci\u00f3 por haberlo acompa\u00f1ado durante un recorrido que defini\u00f3 como \u201chermoso pero dif\u00edcil\u201d. \u201cGracias a mi familia por estar siempre, por acompa\u00f1arme en este viaje tan hermoso pero dif\u00edcil\u201d, se\u00f1al\u00f3. Tambi\u00e9n record\u00f3 a los entrenadores, compa\u00f1eros y dirigentes con los que comparti\u00f3 su extensa carrera internacional: \u201cGracias a cada uno de entrenadores, compa\u00f1eros y dirigentes que me toc\u00f3 compartir. Me llevo recuerdos y momentos inolvidables vividos\u201d.<\/p>\n<h2 class=\"article-text\">El orgullo de haber vestido la camiseta argentina<\/h2>\n<p class=\"article-text\">En el tramo final de la carta, Messi destac\u00f3 el orgullo que siente por los momentos que pudo vivir junto a sus compa\u00f1eros y con el apoyo de los hinchas. \u201cMe voy con la tranquilidad y el orgullo de haberles regalado, juntos con mis compa\u00f1eros, momentos so\u00f1ados. Fue una locura haberlo vivido con ustedes. \u00a1Los quiero!\u201d, escribi\u00f3.<\/p>\n<p class=\"article-text\">Y cerr\u00f3 con una frase que sintetiza el v\u00ednculo que construy\u00f3 con el pa\u00eds a lo largo de su carrera:\u00a0<strong>\u201cGracias Dios por hacerme argentino. \u00a1Vamos Argentina!\u201d<\/strong><\/p>\n<p class=\"article-text\">Al pie del mensaje, Messi aclar\u00f3 que esas palabras hab\u00edan sido escritas el\u00a0<strong>21 de julio, dos d\u00edas despu\u00e9s de la final del Mundial<\/strong>, y explic\u00f3 por qu\u00e9 decidi\u00f3 volver a publicarlas ahora: \u201cHoy despu\u00e9s de lo de mi pap\u00e1, estoy m\u00e1s convencido que antes\u201d.<\/p>\n<p class=\"article-text\">Con el anuncio, Messi pone fin a una etapa de m\u00e1s de 20 a\u00f1os vinculada a la Selecci\u00f3n argentina, desde aquel sue\u00f1o que aparece al comienzo del video hasta los grandes t\u00edtulos conquistados con la camiseta albiceleste.<\/p>\n<p class=\"article-text\"><em>Con informaci\u00f3n de la agencia NA<\/em><\/p>\n","protected":false},"excerpt":{"rendered":"<p>El capit\u00e1n de la Albiceleste comparti\u00f3 en sus redes un repaso de sus 20 a\u00f1os con la camiseta argentina y confirm\u00f3 su retiro del seleccionado.<\/p>\n","protected":false},"author":3,"featured_media":142852,"comment_status":"closed","ping_status":"closed","sticky":false,"template":"","format":"standard","meta":{"footnotes":""},"categories":[27],"tags":[],"class_list":["post-142851","post","type-post","status-publish","format-standard","has-post-thumbnail","hentry","category-deportes"],"yoast_head":"<!-- This site is optimized with the Yoast SEO plugin v25.9 - https:\/\/yoast.com\/wordpress\/plugins\/seo\/ -->\n<title>El emotivo video con el que Messi anunci\u00f3 su despedida de la Selecci\u00f3n argentina - Noticias Radio Reflejos<\/title>\n<meta name=\"robots\" content=\"index, follow, max-snippet:-1, max-image-preview:large, max-video-preview:-1\" \/>\n<link rel=\"canonical\" href=\"https:\/\/www.noticiasradioreflejos.com.ar\/2021\/el-emotivo-video-con-el-que-messi-anuncio-su-despedida-de-la-seleccion-argentina\/\" \/>\n<meta property=\"og:locale\" content=\"es_ES\" \/>\n<meta property=\"og:type\" content=\"article\" \/>\n<meta property=\"og:title\" content=\"El emotivo video con el que Messi anunci\u00f3 su despedida de la Selecci\u00f3n argentina - Noticias Radio Reflejos\" \/>\n<meta property=\"og:description\" content=\"El capit\u00e1n de la Albiceleste comparti\u00f3 en sus redes un repaso de sus 20 a\u00f1os con la camiseta argentina y confirm\u00f3 su retiro del seleccionado.\" \/>\n<meta property=\"og:url\" content=\"https:\/\/www.noticiasradioreflejos.com.ar\/2021\/el-emotivo-video-con-el-que-messi-anuncio-su-despedida-de-la-seleccion-argentina\/\" \/>\n<meta property=\"og:site_name\" content=\"Noticias Radio Reflejos\" \/>\n<meta property=\"article:published_time\" content=\"2026-08-31T19:03:14+00:00\" \/>\n<meta property=\"og:image\" content=\"https:\/\/www.noticiasradioreflejos.com.ar\/2021\/wp-content\/uploads\/2026\/08\/messi.webp\" \/>\n\t<meta property=\"og:image:width\" content=\"1200\" \/>\n\t<meta property=\"og:image:height\" content=\"675\" \/>\n\t<meta property=\"og:image:type\" content=\"image\/webp\" \/>\n<meta name=\"author\" content=\"Arnaldo Botto\" \/>\n<meta name=\"twitter:card\" content=\"summary_large_image\" \/>\n<script type=\"application\/ld+json\" class=\"yoast-schema-graph\">{\"@context\":\"https:\/\/schema.org\",\"@graph\":[{\"@type\":\"WebPage\",\"@id\":\"https:\/\/www.noticiasradioreflejos.com.ar\/2021\/el-emotivo-video-con-el-que-messi-anuncio-su-despedida-de-la-seleccion-argentina\/\",\"url\":\"https:\/\/www.noticiasradioreflejos.com.ar\/2021\/el-emotivo-video-con-el-que-messi-anuncio-su-despedida-de-la-seleccion-argentina\/\",\"name\":\"El emotivo video con el que Messi anunci\u00f3 su despedida de la Selecci\u00f3n argentina - Noticias Radio Reflejos\",\"isPartOf\":{\"@id\":\"https:\/\/www.noticiasradioreflejos.com.ar\/2021\/#website\"},\"primaryImageOfPage\":{\"@id\":\"https:\/\/www.noticiasradioreflejos.com.ar\/2021\/el-emotivo-video-con-el-que-messi-anuncio-su-despedida-de-la-seleccion-argentina\/#primaryimage\"},\"image\":{\"@id\":\"https:\/\/www.noticiasradioreflejos.com.ar\/2021\/el-emotivo-video-con-el-que-messi-anuncio-su-despedida-de-la-seleccion-argentina\/#primaryimage\"},\"thumbnailUrl\":\"https:\/\/www.noticiasradioreflejos.com.ar\/2021\/wp-content\/uploads\/2026\/08\/messi.webp\",\"datePublished\":\"2026-08-31T19:03:14+00:00\",\"author\":{\"@id\":\"https:\/\/www.noticiasradioreflejos.com.ar\/2021\/#\/schema\/person\/ad82545263dcc5ec0996818884fd5fb1\"},\"breadcrumb\":{\"@id\":\"https:\/\/www.noticiasradioreflejos.com.ar\/2021\/el-emotivo-video-con-el-que-messi-anuncio-su-despedida-de-la-seleccion-argentina\/#breadcrumb\"},\"inLanguage\":\"es\",\"potentialAction\":[{\"@type\":\"ReadAction\",\"target\":[\"https:\/\/www.noticiasradioreflejos.com.ar\/2021\/el-emotivo-video-con-el-que-messi-anuncio-su-despedida-de-la-seleccion-argentina\/\"]}]},{\"@type\":\"ImageObject\",\"inLanguage\":\"es\",\"@id\":\"https:\/\/www.noticiasradioreflejos.com.ar\/2021\/el-emotivo-video-con-el-que-messi-anuncio-su-despedida-de-la-seleccion-argentina\/#primaryimage\",\"url\":\"https:\/\/www.noticiasradioreflejos.com.ar\/2021\/wp-content\/uploads\/2026\/08\/messi.webp\",\"contentUrl\":\"https:\/\/www.noticiasradioreflejos.com.ar\/2021\/wp-content\/uploads\/2026\/08\/messi.webp\",\"width\":1200,\"height\":675},{\"@type\":\"BreadcrumbList\",\"@id\":\"https:\/\/www.noticiasradioreflejos.com.ar\/2021\/el-emotivo-video-con-el-que-messi-anuncio-su-despedida-de-la-seleccion-argentina\/#breadcrumb\",\"itemListElement\":[{\"@type\":\"ListItem\",\"position\":1,\"name\":\"Portada\",\"item\":\"https:\/\/www.noticiasradioreflejos.com.ar\/2021\/\"},{\"@type\":\"ListItem\",\"position\":2,\"name\":\"El emotivo video con el que Messi anunci\u00f3 su despedida de la Selecci\u00f3n argentina\"}]},{\"@type\":\"WebSite\",\"@id\":\"https:\/\/www.noticiasradioreflejos.com.ar\/2021\/#website\",\"url\":\"https:\/\/www.noticiasradioreflejos.com.ar\/2021\/\",\"name\":\"Noticias Radio Reflejos\",\"description\":\"Las noticias de mi comarca\",\"potentialAction\":[{\"@type\":\"SearchAction\",\"target\":{\"@type\":\"EntryPoint\",\"urlTemplate\":\"https:\/\/www.noticiasradioreflejos.com.ar\/2021\/?s={search_term_string}\"},\"query-input\":{\"@type\":\"PropertyValueSpecification\",\"valueRequired\":true,\"valueName\":\"search_term_string\"}}],\"inLanguage\":\"es\"},{\"@type\":\"Person\",\"@id\":\"https:\/\/www.noticiasradioreflejos.com.ar\/2021\/#\/schema\/person\/ad82545263dcc5ec0996818884fd5fb1\",\"name\":\"Arnaldo Botto\",\"image\":{\"@type\":\"ImageObject\",\"inLanguage\":\"es\",\"@id\":\"https:\/\/www.noticiasradioreflejos.com.ar\/2021\/#\/schema\/person\/image\/\",\"url\":\"https:\/\/secure.gravatar.com\/avatar\/55cb5e37c1efa326397366e6974cb338056df65cb50e7d64d1cf314e87504837?s=96&d=mm&r=g\",\"contentUrl\":\"https:\/\/secure.gravatar.com\/avatar\/55cb5e37c1efa326397366e6974cb338056df65cb50e7d64d1cf314e87504837?s=96&d=mm&r=g\",\"caption\":\"Arnaldo Botto\"},\"url\":\"https:\/\/www.noticiasradioreflejos.com.ar\/2021\/author\/arnaldo\/\"}]}<\/script>\n<!-- \/ Yoast SEO plugin. -->","yoast_head_json":{"title":"El emotivo video con el que Messi anunci\u00f3 su despedida de la Selecci\u00f3n argentina - Noticias Radio Reflejos","robots":{"index":"index","follow":"follow","max-snippet":"max-snippet:-1","max-image-preview":"max-image-preview:large","max-video-preview":"max-video-preview:-1"},"canonical":"https:\/\/www.noticiasradioreflejos.com.ar\/2021\/el-emotivo-video-con-el-que-messi-anuncio-su-despedida-de-la-seleccion-argentina\/","og_locale":"es_ES","og_type":"article","og_title":"El emotivo video con el que Messi anunci\u00f3 su despedida de la Selecci\u00f3n argentina - Noticias Radio Reflejos","og_description":"El capit\u00e1n de la Albiceleste comparti\u00f3 en sus redes un repaso de sus 20 a\u00f1os con la camiseta argentina y confirm\u00f3 su retiro del seleccionado.","og_url":"https:\/\/www.noticiasradioreflejos.com.ar\/2021\/el-emotivo-video-con-el-que-messi-anuncio-su-despedida-de-la-seleccion-argentina\/","og_site_name":"Noticias Radio Reflejos","article_published_time":"2026-08-31T19:03:14+00:00","og_image":[{"width":1200,"height":675,"url":"https:\/\/www.noticiasradioreflejos.com.ar\/2021\/wp-content\/uploads\/2026\/08\/messi.webp","type":"image\/webp"}],"author":"Arnaldo Botto","twitter_card":"summary_large_image","schema":{"@context":"https:\/\/schema.org","@graph":[{"@type":"WebPage","@id":"https:\/\/www.noticiasradioreflejos.com.ar\/2021\/el-emotivo-video-con-el-que-messi-anuncio-su-despedida-de-la-seleccion-argentina\/","url":"https:\/\/www.noticiasradioreflejos.com.ar\/2021\/el-emotivo-video-con-el-que-messi-anuncio-su-despedida-de-la-seleccion-argentina\/","name":"El emotivo video con el que Messi anunci\u00f3 su despedida de la Selecci\u00f3n argentina - Noticias Radio Reflejos","isPartOf":{"@id":"https:\/\/www.noticiasradioreflejos.com.ar\/2021\/#website"},"primaryImageOfPage":{"@id":"https:\/\/www.noticiasradioreflejos.com.ar\/2021\/el-emotivo-video-con-el-que-messi-anuncio-su-despedida-de-la-seleccion-argentina\/#primaryimage"},"image":{"@id":"https:\/\/www.noticiasradioreflejos.com.ar\/2021\/el-emotivo-video-con-el-que-messi-anuncio-su-despedida-de-la-seleccion-argentina\/#primaryimage"},"thumbnailUrl":"https:\/\/www.noticiasradioreflejos.com.ar\/2021\/wp-content\/uploads\/2026\/08\/messi.webp","datePublished":"2026-08-31T19:03:14+00:00","author":{"@id":"https:\/\/www.noticiasradioreflejos.com.ar\/2021\/#\/schema\/person\/ad82545263dcc5ec0996818884fd5fb1"},"breadcrumb":{"@id":"https:\/\/www.noticiasradioreflejos.com.ar\/2021\/el-emotivo-video-con-el-que-messi-anuncio-su-despedida-de-la-seleccion-argentina\/#breadcrumb"},"inLanguage":"es","potentialAction":[{"@type":"ReadAction","target":["https:\/\/www.noticiasradioreflejos.com.ar\/2021\/el-emotivo-video-con-el-que-messi-anuncio-su-despedida-de-la-seleccion-argentina\/"]}]},{"@type":"ImageObject","inLanguage":"es","@id":"https:\/\/www.noticiasradioreflejos.com.ar\/2021\/el-emotivo-video-con-el-que-messi-anuncio-su-despedida-de-la-seleccion-argentina\/#primaryimage","url":"https:\/\/www.noticiasradioreflejos.com.ar\/2021\/wp-content\/uploads\/2026\/08\/messi.webp","contentUrl":"https:\/\/www.noticiasradioreflejos.com.ar\/2021\/wp-content\/uploads\/2026\/08\/messi.webp","width":1200,"height":675},{"@type":"BreadcrumbList","@id":"https:\/\/www.noticiasradioreflejos.com.ar\/2021\/el-emotivo-video-con-el-que-messi-anuncio-su-despedida-de-la-seleccion-argentina\/#breadcrumb","itemListElement":[{"@type":"ListItem","position":1,"name":"Portada","item":"https:\/\/www.noticiasradioreflejos.com.ar\/2021\/"},{"@type":"ListItem","position":2,"name":"El emotivo video con el que Messi anunci\u00f3 su despedida de la Selecci\u00f3n argentina"}]},{"@type":"WebSite","@id":"https:\/\/www.noticiasradioreflejos.com.ar\/2021\/#website","url":"https:\/\/www.noticiasradioreflejos.com.ar\/2021\/","name":"Noticias Radio Reflejos","description":"Las noticias de mi comarca","potentialAction":[{"@type":"SearchAction","target":{"@type":"EntryPoint","urlTemplate":"https:\/\/www.noticiasradioreflejos.com.ar\/2021\/?s={search_term_string}"},"query-input":{"@type":"PropertyValueSpecification","valueRequired":true,"valueName":"search_term_string"}}],"inLanguage":"es"},{"@type":"Person","@id":"https:\/\/www.noticiasradioreflejos.com.ar\/2021\/#\/schema\/person\/ad82545263dcc5ec0996818884fd5fb1","name":"Arnaldo Botto","image":{"@type":"ImageObject","inLanguage":"es","@id":"https:\/\/www.noticiasradioreflejos.com.ar\/2021\/#\/schema\/person\/image\/","url":"https:\/\/secure.gravatar.com\/avatar\/55cb5e37c1efa326397366e6974cb338056df65cb50e7d64d1cf314e87504837?s=96&d=mm&r=g","contentUrl":"https:\/\/secure.gravatar.com\/avatar\/55cb5e37c1efa326397366e6974cb338056df65cb50e7d64d1cf314e87504837?s=96&d=mm&r=g","caption":"Arnaldo Botto"},"url":"https:\/\/www.noticiasradioreflejos.com.ar\/2021\/author\/arnaldo\/"}]}},"_links":{"self":[{"href":"https:\/\/www.noticiasradioreflejos.com.ar\/2021\/wp-json\/wp\/v2\/posts\/142851","targetHints":{"allow":["GET"]}}],"collection":[{"href":"https:\/\/www.noticiasradioreflejos.com.ar\/2021\/wp-json\/wp\/v2\/posts"}],"about":[{"href":"https:\/\/www.noticiasradioreflejos.com.ar\/2021\/wp-json\/wp\/v2\/types\/post"}],"author":[{"embeddable":true,"href":"https:\/\/www.noticiasradioreflejos.com.ar\/2021\/wp-json\/wp\/v2\/users\/3"}],"replies":[{"embeddable":true,"href":"https:\/\/www.noticiasradioreflejos.com.ar\/2021\/wp-json\/wp\/v2\/comments?post=142851"}],"version-history":[{"count":1,"href":"https:\/\/www.noticiasradioreflejos.com.ar\/2021\/wp-json\/wp\/v2\/posts\/142851\/revisions"}],"predecessor-version":[{"id":142853,"href":"https:\/\/www.noticiasradioreflejos.com.ar\/2021\/wp-json\/wp\/v2\/posts\/142851\/revisions\/142853"}],"wp:featuredmedia":[{"embeddable":true,"href":"https:\/\/www.noticiasradioreflejos.com.ar\/2021\/wp-json\/wp\/v2\/media\/142852"}],"wp:attachment":[{"href":"https:\/\/www.noticiasradioreflejos.com.ar\/2021\/wp-json\/wp\/v2\/media?parent=142851"}],"wp:term":[{"taxonomy":"category","embeddable":true,"href":"https:\/\/www.noticiasradioreflejos.com.ar\/2021\/wp-json\/wp\/v2\/categories?post=142851"},{"taxonomy":"post_tag","embeddable":true,"href":"https:\/\/www.noticiasradioreflejos.com.ar\/2021\/wp-json\/wp\/v2\/tags?post=142851"}],"curies":[{"name":"wp","href":"https:\/\/api.w.org\/{rel}","templated":true}]}}