{"id":142847,"date":"2026-08-31T12:26:57","date_gmt":"2026-08-31T15:26:57","guid":{"rendered":"https:\/\/www.noticiasradioreflejos.com.ar\/2021\/?p=142847"},"modified":"2026-08-31T12:26:57","modified_gmt":"2026-08-31T15:26:57","slug":"lionel-messi-anuncio-su-retiro-de-la-seleccion-argentina-duele-en-el-alma-pero-es-el-momento","status":"publish","type":"post","link":"https:\/\/www.noticiasradioreflejos.com.ar\/2021\/lionel-messi-anuncio-su-retiro-de-la-seleccion-argentina-duele-en-el-alma-pero-es-el-momento\/","title":{"rendered":"Lionel Messi anunci\u00f3 su retiro de la Selecci\u00f3n argentina: \u201cDuele en el alma, pero es el momento\u00bb"},"content":{"rendered":"<header class=\"article-header\" data-tadevel-template=\"web\/article-header\">\n<div class=\"style-scope share-button-set\">\n<div class=\"wrapper style-scope share-button\" title=\"Compartir en X (Twitter)\">El astro <a href=\"https:\/\/noticiasargentinas.com\/deportes\/messi-y-la-final-de-su-vida--en-el-estadio-donde-renuncio-a-la-seleccion-argentina-hace-10-anos_a6a592966222a027f5fdf6c2c\"><strong>Lionel Messi<\/strong><\/a>\u00a0conmocion\u00f3 al f\u00fatbol mundial al anunciar su retiro de la\u00a0<strong>Selecci\u00f3n argentina<\/strong>, a casi un mes y medio de la final del\u00a0<strong>Mundial 2026<\/strong>.<\/div>\n<\/div>\n<\/header>\n<p><!--more--><\/p>\n<div class=\"columns\" data-tadevel-template=\"web\/article-columns\">\n<div class=\"column-main\">\n<div class=\"article-body\" data-tadevel-template=\"web\/article-body\">\n<div class=\"article-body-content\">\n<p>Messi realiz\u00f3 el anuncio a trav\u00e9s de una sentida carta en sus redes sociales, en la que reconoci\u00f3 que \u00ab<strong>fue una decisi\u00f3n que doli\u00f3 y duele en el alma<\/strong>\u00ab.\u00a0<strong>\u00abDespu\u00e9s de este tiempo que pas\u00f3 desde la final, pens\u00e1ndolo mucho, quiero comunicarles a todos que me retiro de la Selecci\u00f3n<\/strong>\u00ab, comenz\u00f3 el comunicado con el que dej\u00f3 en shock a todos los fan\u00e1ticos del f\u00fatbol.<\/p>\n<p>En el mismo, confes\u00f3: \u00abFue una decisi\u00f3n que doli\u00f3 y duele en el alma, pero entiendo que es el momento. Les juro que siempre dej\u00e9 todo, no solo los \u00faltimos a\u00f1os que se gan\u00f3 todo antes y tambi\u00e9n y siempre pele\u00e9 y me dej\u00e9 todo por esta camiseta, por darles alegr\u00edas y hacer que se sientan orgullosos de ser argentinos a trav\u00e9s del f\u00fatbol\u00bb.<\/p>\n<p>Por otra parte, expres\u00f3: \u00abQueda poco y se van cerrando etapas y esta es una que me duele mucho. Amo, am\u00e9 y amar\u00e9 siempre estar en la Selecci\u00f3n. Me vaci\u00e9, ya no tengo m\u00e1s para dar y aparte vienen chicos muy grandes atr\u00e1s que merecen estar\u00bb.<\/p>\n<p>A su vez, agradeci\u00f3: \u00abPor todo el cari\u00f1o de estos 20 a\u00f1os. Voy a extra\u00f1ar mucho escucharlos desde adentro. Ahora voy a ser uno m\u00e1s de ustedes, alentando y bancando siempre desde afuera (en las buenas y en las malas, mucho m\u00e1s)\u00bb.<\/p>\n<\/div>\n<\/div>\n<\/div>\n<\/div>\n","protected":false},"excerpt":{"rendered":"<p>El astro Lionel Messi\u00a0conmocion\u00f3 al f\u00fatbol mundial al anunciar su retiro de la\u00a0Selecci\u00f3n argentina, a casi un mes y medio de la final del\u00a0Mundial 2026.<\/p>\n","protected":false},"author":3,"featured_media":140390,"comment_status":"closed","ping_status":"closed","sticky":false,"template":"","format":"standard","meta":{"footnotes":""},"categories":[27],"tags":[48],"class_list":["post-142847","post","type-post","status-publish","format-standard","has-post-thumbnail","hentry","category-deportes","tag-destacada"],"yoast_head":"<!-- This site is optimized with the Yoast SEO plugin v25.9 - https:\/\/yoast.com\/wordpress\/plugins\/seo\/ -->\n<title>Lionel Messi anunci\u00f3 su retiro de la Selecci\u00f3n argentina: \u201cDuele en el alma, pero es el momento&quot; - Noticias Radio Reflejos<\/title>\n<meta name=\"robots\" content=\"index, follow, max-snippet:-1, max-image-preview:large, max-video-preview:-1\" \/>\n<link rel=\"canonical\" href=\"https:\/\/www.noticiasradioreflejos.com.ar\/2021\/lionel-messi-anuncio-su-retiro-de-la-seleccion-argentina-duele-en-el-alma-pero-es-el-momento\/\" \/>\n<meta property=\"og:locale\" content=\"es_ES\" \/>\n<meta property=\"og:type\" content=\"article\" \/>\n<meta property=\"og:title\" content=\"Lionel Messi anunci\u00f3 su retiro de la Selecci\u00f3n argentina: \u201cDuele en el alma, pero es el momento&quot; - Noticias Radio Reflejos\" \/>\n<meta property=\"og:description\" content=\"El astro Lionel Messi\u00a0conmocion\u00f3 al f\u00fatbol mundial al anunciar su retiro de la\u00a0Selecci\u00f3n argentina, a casi un mes y medio de la final del\u00a0Mundial 2026.\" \/>\n<meta property=\"og:url\" content=\"https:\/\/www.noticiasradioreflejos.com.ar\/2021\/lionel-messi-anuncio-su-retiro-de-la-seleccion-argentina-duele-en-el-alma-pero-es-el-momento\/\" \/>\n<meta property=\"og:site_name\" content=\"Noticias Radio Reflejos\" \/>\n<meta property=\"article:published_time\" content=\"2026-08-31T15:26:57+00:00\" \/>\n<meta property=\"og:image\" content=\"https:\/\/www.noticiasradioreflejos.com.ar\/2021\/wp-content\/uploads\/2026\/07\/messi-y-su-pandilla.webp\" \/>\n\t<meta property=\"og:image:width\" content=\"1200\" \/>\n\t<meta property=\"og:image:height\" content=\"675\" \/>\n\t<meta property=\"og:image:type\" content=\"image\/webp\" \/>\n<meta name=\"author\" content=\"Arnaldo Botto\" \/>\n<meta name=\"twitter:card\" content=\"summary_large_image\" \/>\n<script type=\"application\/ld+json\" class=\"yoast-schema-graph\">{\"@context\":\"https:\/\/schema.org\",\"@graph\":[{\"@type\":\"WebPage\",\"@id\":\"https:\/\/www.noticiasradioreflejos.com.ar\/2021\/lionel-messi-anuncio-su-retiro-de-la-seleccion-argentina-duele-en-el-alma-pero-es-el-momento\/\",\"url\":\"https:\/\/www.noticiasradioreflejos.com.ar\/2021\/lionel-messi-anuncio-su-retiro-de-la-seleccion-argentina-duele-en-el-alma-pero-es-el-momento\/\",\"name\":\"Lionel Messi anunci\u00f3 su retiro de la Selecci\u00f3n argentina: \u201cDuele en el alma, pero es el momento\\\" - Noticias Radio Reflejos\",\"isPartOf\":{\"@id\":\"https:\/\/www.noticiasradioreflejos.com.ar\/2021\/#website\"},\"primaryImageOfPage\":{\"@id\":\"https:\/\/www.noticiasradioreflejos.com.ar\/2021\/lionel-messi-anuncio-su-retiro-de-la-seleccion-argentina-duele-en-el-alma-pero-es-el-momento\/#primaryimage\"},\"image\":{\"@id\":\"https:\/\/www.noticiasradioreflejos.com.ar\/2021\/lionel-messi-anuncio-su-retiro-de-la-seleccion-argentina-duele-en-el-alma-pero-es-el-momento\/#primaryimage\"},\"thumbnailUrl\":\"https:\/\/www.noticiasradioreflejos.com.ar\/2021\/wp-content\/uploads\/2026\/07\/messi-y-su-pandilla.webp\",\"datePublished\":\"2026-08-31T15:26:57+00:00\",\"author\":{\"@id\":\"https:\/\/www.noticiasradioreflejos.com.ar\/2021\/#\/schema\/person\/ad82545263dcc5ec0996818884fd5fb1\"},\"breadcrumb\":{\"@id\":\"https:\/\/www.noticiasradioreflejos.com.ar\/2021\/lionel-messi-anuncio-su-retiro-de-la-seleccion-argentina-duele-en-el-alma-pero-es-el-momento\/#breadcrumb\"},\"inLanguage\":\"es\",\"potentialAction\":[{\"@type\":\"ReadAction\",\"target\":[\"https:\/\/www.noticiasradioreflejos.com.ar\/2021\/lionel-messi-anuncio-su-retiro-de-la-seleccion-argentina-duele-en-el-alma-pero-es-el-momento\/\"]}]},{\"@type\":\"ImageObject\",\"inLanguage\":\"es\",\"@id\":\"https:\/\/www.noticiasradioreflejos.com.ar\/2021\/lionel-messi-anuncio-su-retiro-de-la-seleccion-argentina-duele-en-el-alma-pero-es-el-momento\/#primaryimage\",\"url\":\"https:\/\/www.noticiasradioreflejos.com.ar\/2021\/wp-content\/uploads\/2026\/07\/messi-y-su-pandilla.webp\",\"contentUrl\":\"https:\/\/www.noticiasradioreflejos.com.ar\/2021\/wp-content\/uploads\/2026\/07\/messi-y-su-pandilla.webp\",\"width\":1200,\"height\":675},{\"@type\":\"BreadcrumbList\",\"@id\":\"https:\/\/www.noticiasradioreflejos.com.ar\/2021\/lionel-messi-anuncio-su-retiro-de-la-seleccion-argentina-duele-en-el-alma-pero-es-el-momento\/#breadcrumb\",\"itemListElement\":[{\"@type\":\"ListItem\",\"position\":1,\"name\":\"Portada\",\"item\":\"https:\/\/www.noticiasradioreflejos.com.ar\/2021\/\"},{\"@type\":\"ListItem\",\"position\":2,\"name\":\"Lionel Messi anunci\u00f3 su retiro de la Selecci\u00f3n argentina: \u201cDuele en el alma, pero es el momento\u00bb\"}]},{\"@type\":\"WebSite\",\"@id\":\"https:\/\/www.noticiasradioreflejos.com.ar\/2021\/#website\",\"url\":\"https:\/\/www.noticiasradioreflejos.com.ar\/2021\/\",\"name\":\"Noticias Radio Reflejos\",\"description\":\"Las noticias de mi comarca\",\"potentialAction\":[{\"@type\":\"SearchAction\",\"target\":{\"@type\":\"EntryPoint\",\"urlTemplate\":\"https:\/\/www.noticiasradioreflejos.com.ar\/2021\/?s={search_term_string}\"},\"query-input\":{\"@type\":\"PropertyValueSpecification\",\"valueRequired\":true,\"valueName\":\"search_term_string\"}}],\"inLanguage\":\"es\"},{\"@type\":\"Person\",\"@id\":\"https:\/\/www.noticiasradioreflejos.com.ar\/2021\/#\/schema\/person\/ad82545263dcc5ec0996818884fd5fb1\",\"name\":\"Arnaldo Botto\",\"image\":{\"@type\":\"ImageObject\",\"inLanguage\":\"es\",\"@id\":\"https:\/\/www.noticiasradioreflejos.com.ar\/2021\/#\/schema\/person\/image\/\",\"url\":\"https:\/\/secure.gravatar.com\/avatar\/55cb5e37c1efa326397366e6974cb338056df65cb50e7d64d1cf314e87504837?s=96&d=mm&r=g\",\"contentUrl\":\"https:\/\/secure.gravatar.com\/avatar\/55cb5e37c1efa326397366e6974cb338056df65cb50e7d64d1cf314e87504837?s=96&d=mm&r=g\",\"caption\":\"Arnaldo Botto\"},\"url\":\"https:\/\/www.noticiasradioreflejos.com.ar\/2021\/author\/arnaldo\/\"}]}<\/script>\n<!-- \/ Yoast SEO plugin. -->","yoast_head_json":{"title":"Lionel Messi anunci\u00f3 su retiro de la Selecci\u00f3n argentina: \u201cDuele en el alma, pero es el momento\" - Noticias Radio Reflejos","robots":{"index":"index","follow":"follow","max-snippet":"max-snippet:-1","max-image-preview":"max-image-preview:large","max-video-preview":"max-video-preview:-1"},"canonical":"https:\/\/www.noticiasradioreflejos.com.ar\/2021\/lionel-messi-anuncio-su-retiro-de-la-seleccion-argentina-duele-en-el-alma-pero-es-el-momento\/","og_locale":"es_ES","og_type":"article","og_title":"Lionel Messi anunci\u00f3 su retiro de la Selecci\u00f3n argentina: \u201cDuele en el alma, pero es el momento\" - Noticias Radio Reflejos","og_description":"El astro Lionel Messi\u00a0conmocion\u00f3 al f\u00fatbol mundial al anunciar su retiro de la\u00a0Selecci\u00f3n argentina, a casi un mes y medio de la final del\u00a0Mundial 2026.","og_url":"https:\/\/www.noticiasradioreflejos.com.ar\/2021\/lionel-messi-anuncio-su-retiro-de-la-seleccion-argentina-duele-en-el-alma-pero-es-el-momento\/","og_site_name":"Noticias Radio Reflejos","article_published_time":"2026-08-31T15:26:57+00:00","og_image":[{"width":1200,"height":675,"url":"https:\/\/www.noticiasradioreflejos.com.ar\/2021\/wp-content\/uploads\/2026\/07\/messi-y-su-pandilla.webp","type":"image\/webp"}],"author":"Arnaldo Botto","twitter_card":"summary_large_image","schema":{"@context":"https:\/\/schema.org","@graph":[{"@type":"WebPage","@id":"https:\/\/www.noticiasradioreflejos.com.ar\/2021\/lionel-messi-anuncio-su-retiro-de-la-seleccion-argentina-duele-en-el-alma-pero-es-el-momento\/","url":"https:\/\/www.noticiasradioreflejos.com.ar\/2021\/lionel-messi-anuncio-su-retiro-de-la-seleccion-argentina-duele-en-el-alma-pero-es-el-momento\/","name":"Lionel Messi anunci\u00f3 su retiro de la Selecci\u00f3n argentina: \u201cDuele en el alma, pero es el momento\" - Noticias Radio Reflejos","isPartOf":{"@id":"https:\/\/www.noticiasradioreflejos.com.ar\/2021\/#website"},"primaryImageOfPage":{"@id":"https:\/\/www.noticiasradioreflejos.com.ar\/2021\/lionel-messi-anuncio-su-retiro-de-la-seleccion-argentina-duele-en-el-alma-pero-es-el-momento\/#primaryimage"},"image":{"@id":"https:\/\/www.noticiasradioreflejos.com.ar\/2021\/lionel-messi-anuncio-su-retiro-de-la-seleccion-argentina-duele-en-el-alma-pero-es-el-momento\/#primaryimage"},"thumbnailUrl":"https:\/\/www.noticiasradioreflejos.com.ar\/2021\/wp-content\/uploads\/2026\/07\/messi-y-su-pandilla.webp","datePublished":"2026-08-31T15:26:57+00:00","author":{"@id":"https:\/\/www.noticiasradioreflejos.com.ar\/2021\/#\/schema\/person\/ad82545263dcc5ec0996818884fd5fb1"},"breadcrumb":{"@id":"https:\/\/www.noticiasradioreflejos.com.ar\/2021\/lionel-messi-anuncio-su-retiro-de-la-seleccion-argentina-duele-en-el-alma-pero-es-el-momento\/#breadcrumb"},"inLanguage":"es","potentialAction":[{"@type":"ReadAction","target":["https:\/\/www.noticiasradioreflejos.com.ar\/2021\/lionel-messi-anuncio-su-retiro-de-la-seleccion-argentina-duele-en-el-alma-pero-es-el-momento\/"]}]},{"@type":"ImageObject","inLanguage":"es","@id":"https:\/\/www.noticiasradioreflejos.com.ar\/2021\/lionel-messi-anuncio-su-retiro-de-la-seleccion-argentina-duele-en-el-alma-pero-es-el-momento\/#primaryimage","url":"https:\/\/www.noticiasradioreflejos.com.ar\/2021\/wp-content\/uploads\/2026\/07\/messi-y-su-pandilla.webp","contentUrl":"https:\/\/www.noticiasradioreflejos.com.ar\/2021\/wp-content\/uploads\/2026\/07\/messi-y-su-pandilla.webp","width":1200,"height":675},{"@type":"BreadcrumbList","@id":"https:\/\/www.noticiasradioreflejos.com.ar\/2021\/lionel-messi-anuncio-su-retiro-de-la-seleccion-argentina-duele-en-el-alma-pero-es-el-momento\/#breadcrumb","itemListElement":[{"@type":"ListItem","position":1,"name":"Portada","item":"https:\/\/www.noticiasradioreflejos.com.ar\/2021\/"},{"@type":"ListItem","position":2,"name":"Lionel Messi anunci\u00f3 su retiro de la Selecci\u00f3n argentina: \u201cDuele en el alma, pero es el momento\u00bb"}]},{"@type":"WebSite","@id":"https:\/\/www.noticiasradioreflejos.com.ar\/2021\/#website","url":"https:\/\/www.noticiasradioreflejos.com.ar\/2021\/","name":"Noticias Radio Reflejos","description":"Las noticias de mi comarca","potentialAction":[{"@type":"SearchAction","target":{"@type":"EntryPoint","urlTemplate":"https:\/\/www.noticiasradioreflejos.com.ar\/2021\/?s={search_term_string}"},"query-input":{"@type":"PropertyValueSpecification","valueRequired":true,"valueName":"search_term_string"}}],"inLanguage":"es"},{"@type":"Person","@id":"https:\/\/www.noticiasradioreflejos.com.ar\/2021\/#\/schema\/person\/ad82545263dcc5ec0996818884fd5fb1","name":"Arnaldo Botto","image":{"@type":"ImageObject","inLanguage":"es","@id":"https:\/\/www.noticiasradioreflejos.com.ar\/2021\/#\/schema\/person\/image\/","url":"https:\/\/secure.gravatar.com\/avatar\/55cb5e37c1efa326397366e6974cb338056df65cb50e7d64d1cf314e87504837?s=96&d=mm&r=g","contentUrl":"https:\/\/secure.gravatar.com\/avatar\/55cb5e37c1efa326397366e6974cb338056df65cb50e7d64d1cf314e87504837?s=96&d=mm&r=g","caption":"Arnaldo Botto"},"url":"https:\/\/www.noticiasradioreflejos.com.ar\/2021\/author\/arnaldo\/"}]}},"_links":{"self":[{"href":"https:\/\/www.noticiasradioreflejos.com.ar\/2021\/wp-json\/wp\/v2\/posts\/142847","targetHints":{"allow":["GET"]}}],"collection":[{"href":"https:\/\/www.noticiasradioreflejos.com.ar\/2021\/wp-json\/wp\/v2\/posts"}],"about":[{"href":"https:\/\/www.noticiasradioreflejos.com.ar\/2021\/wp-json\/wp\/v2\/types\/post"}],"author":[{"embeddable":true,"href":"https:\/\/www.noticiasradioreflejos.com.ar\/2021\/wp-json\/wp\/v2\/users\/3"}],"replies":[{"embeddable":true,"href":"https:\/\/www.noticiasradioreflejos.com.ar\/2021\/wp-json\/wp\/v2\/comments?post=142847"}],"version-history":[{"count":1,"href":"https:\/\/www.noticiasradioreflejos.com.ar\/2021\/wp-json\/wp\/v2\/posts\/142847\/revisions"}],"predecessor-version":[{"id":142848,"href":"https:\/\/www.noticiasradioreflejos.com.ar\/2021\/wp-json\/wp\/v2\/posts\/142847\/revisions\/142848"}],"wp:featuredmedia":[{"embeddable":true,"href":"https:\/\/www.noticiasradioreflejos.com.ar\/2021\/wp-json\/wp\/v2\/media\/140390"}],"wp:attachment":[{"href":"https:\/\/www.noticiasradioreflejos.com.ar\/2021\/wp-json\/wp\/v2\/media?parent=142847"}],"wp:term":[{"taxonomy":"category","embeddable":true,"href":"https:\/\/www.noticiasradioreflejos.com.ar\/2021\/wp-json\/wp\/v2\/categories?post=142847"},{"taxonomy":"post_tag","embeddable":true,"href":"https:\/\/www.noticiasradioreflejos.com.ar\/2021\/wp-json\/wp\/v2\/tags?post=142847"}],"curies":[{"name":"wp","href":"https:\/\/api.w.org\/{rel}","templated":true}]}}