{"id":142844,"date":"2026-08-31T11:43:34","date_gmt":"2026-08-31T14:43:34","guid":{"rendered":"https:\/\/www.noticiasradioreflejos.com.ar\/2021\/?p=142844"},"modified":"2026-08-31T11:43:34","modified_gmt":"2026-08-31T14:43:34","slug":"el-ministro-caputo-aumento-su-patrimonio-a-us134-millones-y-tiene-el-97-depositado-en-cuentas-fuera-del-pais","status":"publish","type":"post","link":"https:\/\/www.noticiasradioreflejos.com.ar\/2021\/el-ministro-caputo-aumento-su-patrimonio-a-us134-millones-y-tiene-el-97-depositado-en-cuentas-fuera-del-pais\/","title":{"rendered":"El ministro Caputo aument\u00f3 su patrimonio a US$13,4 millones y tiene el 97% depositado en cuentas fuera del pa\u00eds"},"content":{"rendered":"<p>El titular de Econom\u00eda tiene la mayor parte de sus ahorros l\u00edquidos en el exterior, a contramano de sus propias recomendaciones para que los argentinos conf\u00eden en el sistema financiero local.<!--more--><\/p>\n<div class=\"edi-social-buttons\"><\/div>\n<div class=\"news-info\" data-mrf-recirculation=\"firma\">\n<div class=\"twitter-wrapper\"><strong>Luis Caputo<\/strong>\u00a0present\u00f3 ante la Oficina Anticorrupci\u00f3n su declaraci\u00f3n jurada patrimonial correspondiente a 2025, y los datos muestran que mantiene la mayor parte de sus ahorros fuera del pa\u00eds. Caputo declar\u00f3 una fortuna personal de US$13,4 millones al final del a\u00f1o pasado, un incremento del 37% en d\u00f3lares frente a los US$9,7 millones que hab\u00eda declarado al inicio de 2025.<\/div>\n<\/div>\n<div class=\"partner-wrapper article-page__body-row\">\n<div class=\"second-col\">\n<p class=\"article-text\">El ministro declar\u00f3 dep\u00f3sitos por unos US$8,65 millones distribuidos en nueve cuentas distintas en el extranjero, adem\u00e1s de acciones y bonos, lo que representa dos tercios de su patrimonio colocados fuera de la Argentina. Es una definici\u00f3n que contrasta con las recomendaciones que el propio Caputo hace p\u00fablicamente para que canalicen sus ahorros a trav\u00e9s del sistema financiero local. Del total de dinero l\u00edquido declarado \u201412.730 millones de pesos\u2014, unos 12.422 millones, el 97%, est\u00e1n depositados en el exterior.<\/p>\n<p class=\"article-text\">El salto m\u00e1s llamativo, de acuerdo con un desglose realizado por el periodista Alejandro Bercovich, se dio en una cuenta en particular, radicada en Estados Unidos, que\u00a0<strong>pas\u00f3 de $4.018.483.336 a $11.738.447.944 durante el a\u00f1o<\/strong>. Caputo no detalla en su declaraci\u00f3n jurada en qu\u00e9 entidad ni bajo qu\u00e9 figura est\u00e1n depositados esos fondos.<\/p>\n<p class=\"article-text\">El incremento patrimonial se dio, adem\u00e1s, pese a un nivel de gasto declarado que multiplica varias veces el sueldo que Caputo percibe como funcionario. De dividir los gastos anuales no deducibles ($49.340.548,44) y personales ($237.535.253,19) que declar\u00f3 por los doce meses del a\u00f1o, el resultado es\u00a0<strong>un gasto mensual de unos 24 millones de pesos, seis veces lo que gana como ministro de Econom<\/strong>\u00eda.<\/p>\n<p class=\"article-text\">Los inmuebles que declar\u00f3 son los mismos que un a\u00f1o atr\u00e1s: su vivienda, un departamento heredado en Recoleta, tres cocheras, un lote en Benav\u00eddez, otro en un country de Villa La Angostura y un campo de m\u00e1s de 800 hect\u00e1reas en Alberti, al que el sitio El Destape sum\u00f3 un terreno de 100 metros cuadrados en Pilar. El valor total registrado de esas propiedades subi\u00f3 unos US$453.000 durante 2025. Tampoco cambi\u00f3 el parque de veh\u00edculos declarado:\u00a0<strong>un yate, un gom\u00f3n, una camioneta Volvo XC90, dos Kia Carnival y un cuatriciclo.<\/strong><\/p>\n<p class=\"article-text\">Entre otras inversiones, Caputo declar\u00f3 participaci\u00f3n en Anker Latinoamericana, la consultora que compart\u00eda con el actual presidente del Banco Central, Santiago Bausili, valuada en 61 millones de pesos; en Ancora Investments LP, que baj\u00f3 de 1.870 a 888 millones de pesos durante el a\u00f1o; en Palmeral Chico, por m\u00e1s de 1.500 millones de pesos; y en Sacha Rupaska, una firma que fue denunciada por desmontes ilegales, por 348 millones de pesos.<\/p>\n<div id=\"container-after-news-outlook\"><\/div>\n<p class=\"article-text\">El Destape se\u00f1al\u00f3, adem\u00e1s, que la declaraci\u00f3n jurada de Caputo no incluye su participaci\u00f3n en dos sociedades radicadas en jurisdicciones offshore \u2014Noctua, con sede en Miami, Delaware e Islas Caim\u00e1n, y Princess International Group, en Islas Caim\u00e1n\u2014 que hab\u00edan sido reveladas en una investigaci\u00f3n period\u00edstica previa.<\/p>\n<p class=\"article-text\">El patrimonio total del ministro, incluyendo inmuebles y el resto de sus bienes, ascendi\u00f3 a $19.209 millones, un 62% m\u00e1s que un a\u00f1o antes en moneda local, equivalente a un alza del 15% medido en d\u00f3lares. La mayor parte del dinero del ministro de Econom\u00eda sigue, un a\u00f1o m\u00e1s, fuera de la Argentina.<\/p>\n<p>&nbsp;<\/p>\n<\/div>\n<p><em><strong>Fuente elDiariAR<\/strong><\/em><\/p>\n<\/div>\n","protected":false},"excerpt":{"rendered":"<p>El titular de Econom\u00eda tiene la mayor parte de sus ahorros l\u00edquidos en el exterior, a contramano de sus propias recomendaciones para que los argentinos conf\u00eden en el sistema financiero local.<\/p>\n","protected":false},"author":3,"featured_media":98607,"comment_status":"closed","ping_status":"closed","sticky":false,"template":"","format":"standard","meta":{"footnotes":""},"categories":[36],"tags":[],"class_list":["post-142844","post","type-post","status-publish","format-standard","has-post-thumbnail","hentry","category-economia"],"yoast_head":"<!-- This site is optimized with the Yoast SEO plugin v25.9 - https:\/\/yoast.com\/wordpress\/plugins\/seo\/ -->\n<title>El ministro Caputo aument\u00f3 su patrimonio a US$13,4 millones y tiene el 97% depositado en cuentas fuera del pa\u00eds - Noticias Radio Reflejos<\/title>\n<meta name=\"robots\" content=\"index, follow, max-snippet:-1, max-image-preview:large, max-video-preview:-1\" \/>\n<link rel=\"canonical\" href=\"https:\/\/www.noticiasradioreflejos.com.ar\/2021\/el-ministro-caputo-aumento-su-patrimonio-a-us134-millones-y-tiene-el-97-depositado-en-cuentas-fuera-del-pais\/\" \/>\n<meta property=\"og:locale\" content=\"es_ES\" \/>\n<meta property=\"og:type\" content=\"article\" \/>\n<meta property=\"og:title\" content=\"El ministro Caputo aument\u00f3 su patrimonio a US$13,4 millones y tiene el 97% depositado en cuentas fuera del pa\u00eds - Noticias Radio Reflejos\" \/>\n<meta property=\"og:description\" content=\"El titular de Econom\u00eda tiene la mayor parte de sus ahorros l\u00edquidos en el exterior, a contramano de sus propias recomendaciones para que los argentinos conf\u00eden en el sistema financiero local.\" \/>\n<meta property=\"og:url\" content=\"https:\/\/www.noticiasradioreflejos.com.ar\/2021\/el-ministro-caputo-aumento-su-patrimonio-a-us134-millones-y-tiene-el-97-depositado-en-cuentas-fuera-del-pais\/\" \/>\n<meta property=\"og:site_name\" content=\"Noticias Radio Reflejos\" \/>\n<meta property=\"article:published_time\" content=\"2026-08-31T14:43:34+00:00\" \/>\n<meta property=\"og:image\" content=\"https:\/\/www.noticiasradioreflejos.com.ar\/2021\/wp-content\/uploads\/2024\/02\/caputo.jpg\" \/>\n\t<meta property=\"og:image:width\" content=\"1200\" \/>\n\t<meta property=\"og:image:height\" content=\"675\" \/>\n\t<meta property=\"og:image:type\" content=\"image\/jpeg\" \/>\n<meta name=\"author\" content=\"Arnaldo Botto\" \/>\n<meta name=\"twitter:card\" content=\"summary_large_image\" \/>\n<script type=\"application\/ld+json\" class=\"yoast-schema-graph\">{\"@context\":\"https:\/\/schema.org\",\"@graph\":[{\"@type\":\"WebPage\",\"@id\":\"https:\/\/www.noticiasradioreflejos.com.ar\/2021\/el-ministro-caputo-aumento-su-patrimonio-a-us134-millones-y-tiene-el-97-depositado-en-cuentas-fuera-del-pais\/\",\"url\":\"https:\/\/www.noticiasradioreflejos.com.ar\/2021\/el-ministro-caputo-aumento-su-patrimonio-a-us134-millones-y-tiene-el-97-depositado-en-cuentas-fuera-del-pais\/\",\"name\":\"El ministro Caputo aument\u00f3 su patrimonio a US$13,4 millones y tiene el 97% depositado en cuentas fuera del pa\u00eds - Noticias Radio Reflejos\",\"isPartOf\":{\"@id\":\"https:\/\/www.noticiasradioreflejos.com.ar\/2021\/#website\"},\"primaryImageOfPage\":{\"@id\":\"https:\/\/www.noticiasradioreflejos.com.ar\/2021\/el-ministro-caputo-aumento-su-patrimonio-a-us134-millones-y-tiene-el-97-depositado-en-cuentas-fuera-del-pais\/#primaryimage\"},\"image\":{\"@id\":\"https:\/\/www.noticiasradioreflejos.com.ar\/2021\/el-ministro-caputo-aumento-su-patrimonio-a-us134-millones-y-tiene-el-97-depositado-en-cuentas-fuera-del-pais\/#primaryimage\"},\"thumbnailUrl\":\"https:\/\/www.noticiasradioreflejos.com.ar\/2021\/wp-content\/uploads\/2024\/02\/caputo.jpg\",\"datePublished\":\"2026-08-31T14:43:34+00:00\",\"author\":{\"@id\":\"https:\/\/www.noticiasradioreflejos.com.ar\/2021\/#\/schema\/person\/ad82545263dcc5ec0996818884fd5fb1\"},\"breadcrumb\":{\"@id\":\"https:\/\/www.noticiasradioreflejos.com.ar\/2021\/el-ministro-caputo-aumento-su-patrimonio-a-us134-millones-y-tiene-el-97-depositado-en-cuentas-fuera-del-pais\/#breadcrumb\"},\"inLanguage\":\"es\",\"potentialAction\":[{\"@type\":\"ReadAction\",\"target\":[\"https:\/\/www.noticiasradioreflejos.com.ar\/2021\/el-ministro-caputo-aumento-su-patrimonio-a-us134-millones-y-tiene-el-97-depositado-en-cuentas-fuera-del-pais\/\"]}]},{\"@type\":\"ImageObject\",\"inLanguage\":\"es\",\"@id\":\"https:\/\/www.noticiasradioreflejos.com.ar\/2021\/el-ministro-caputo-aumento-su-patrimonio-a-us134-millones-y-tiene-el-97-depositado-en-cuentas-fuera-del-pais\/#primaryimage\",\"url\":\"https:\/\/www.noticiasradioreflejos.com.ar\/2021\/wp-content\/uploads\/2024\/02\/caputo.jpg\",\"contentUrl\":\"https:\/\/www.noticiasradioreflejos.com.ar\/2021\/wp-content\/uploads\/2024\/02\/caputo.jpg\",\"width\":1200,\"height\":675},{\"@type\":\"BreadcrumbList\",\"@id\":\"https:\/\/www.noticiasradioreflejos.com.ar\/2021\/el-ministro-caputo-aumento-su-patrimonio-a-us134-millones-y-tiene-el-97-depositado-en-cuentas-fuera-del-pais\/#breadcrumb\",\"itemListElement\":[{\"@type\":\"ListItem\",\"position\":1,\"name\":\"Portada\",\"item\":\"https:\/\/www.noticiasradioreflejos.com.ar\/2021\/\"},{\"@type\":\"ListItem\",\"position\":2,\"name\":\"El ministro Caputo aument\u00f3 su patrimonio a US$13,4 millones y tiene el 97% depositado en cuentas fuera del pa\u00eds\"}]},{\"@type\":\"WebSite\",\"@id\":\"https:\/\/www.noticiasradioreflejos.com.ar\/2021\/#website\",\"url\":\"https:\/\/www.noticiasradioreflejos.com.ar\/2021\/\",\"name\":\"Noticias Radio Reflejos\",\"description\":\"Las noticias de mi comarca\",\"potentialAction\":[{\"@type\":\"SearchAction\",\"target\":{\"@type\":\"EntryPoint\",\"urlTemplate\":\"https:\/\/www.noticiasradioreflejos.com.ar\/2021\/?s={search_term_string}\"},\"query-input\":{\"@type\":\"PropertyValueSpecification\",\"valueRequired\":true,\"valueName\":\"search_term_string\"}}],\"inLanguage\":\"es\"},{\"@type\":\"Person\",\"@id\":\"https:\/\/www.noticiasradioreflejos.com.ar\/2021\/#\/schema\/person\/ad82545263dcc5ec0996818884fd5fb1\",\"name\":\"Arnaldo Botto\",\"image\":{\"@type\":\"ImageObject\",\"inLanguage\":\"es\",\"@id\":\"https:\/\/www.noticiasradioreflejos.com.ar\/2021\/#\/schema\/person\/image\/\",\"url\":\"https:\/\/secure.gravatar.com\/avatar\/55cb5e37c1efa326397366e6974cb338056df65cb50e7d64d1cf314e87504837?s=96&d=mm&r=g\",\"contentUrl\":\"https:\/\/secure.gravatar.com\/avatar\/55cb5e37c1efa326397366e6974cb338056df65cb50e7d64d1cf314e87504837?s=96&d=mm&r=g\",\"caption\":\"Arnaldo Botto\"},\"url\":\"https:\/\/www.noticiasradioreflejos.com.ar\/2021\/author\/arnaldo\/\"}]}<\/script>\n<!-- \/ Yoast SEO plugin. -->","yoast_head_json":{"title":"El ministro Caputo aument\u00f3 su patrimonio a US$13,4 millones y tiene el 97% depositado en cuentas fuera del pa\u00eds - Noticias Radio Reflejos","robots":{"index":"index","follow":"follow","max-snippet":"max-snippet:-1","max-image-preview":"max-image-preview:large","max-video-preview":"max-video-preview:-1"},"canonical":"https:\/\/www.noticiasradioreflejos.com.ar\/2021\/el-ministro-caputo-aumento-su-patrimonio-a-us134-millones-y-tiene-el-97-depositado-en-cuentas-fuera-del-pais\/","og_locale":"es_ES","og_type":"article","og_title":"El ministro Caputo aument\u00f3 su patrimonio a US$13,4 millones y tiene el 97% depositado en cuentas fuera del pa\u00eds - Noticias Radio Reflejos","og_description":"El titular de Econom\u00eda tiene la mayor parte de sus ahorros l\u00edquidos en el exterior, a contramano de sus propias recomendaciones para que los argentinos conf\u00eden en el sistema financiero local.","og_url":"https:\/\/www.noticiasradioreflejos.com.ar\/2021\/el-ministro-caputo-aumento-su-patrimonio-a-us134-millones-y-tiene-el-97-depositado-en-cuentas-fuera-del-pais\/","og_site_name":"Noticias Radio Reflejos","article_published_time":"2026-08-31T14:43:34+00:00","og_image":[{"width":1200,"height":675,"url":"https:\/\/www.noticiasradioreflejos.com.ar\/2021\/wp-content\/uploads\/2024\/02\/caputo.jpg","type":"image\/jpeg"}],"author":"Arnaldo Botto","twitter_card":"summary_large_image","schema":{"@context":"https:\/\/schema.org","@graph":[{"@type":"WebPage","@id":"https:\/\/www.noticiasradioreflejos.com.ar\/2021\/el-ministro-caputo-aumento-su-patrimonio-a-us134-millones-y-tiene-el-97-depositado-en-cuentas-fuera-del-pais\/","url":"https:\/\/www.noticiasradioreflejos.com.ar\/2021\/el-ministro-caputo-aumento-su-patrimonio-a-us134-millones-y-tiene-el-97-depositado-en-cuentas-fuera-del-pais\/","name":"El ministro Caputo aument\u00f3 su patrimonio a US$13,4 millones y tiene el 97% depositado en cuentas fuera del pa\u00eds - Noticias Radio Reflejos","isPartOf":{"@id":"https:\/\/www.noticiasradioreflejos.com.ar\/2021\/#website"},"primaryImageOfPage":{"@id":"https:\/\/www.noticiasradioreflejos.com.ar\/2021\/el-ministro-caputo-aumento-su-patrimonio-a-us134-millones-y-tiene-el-97-depositado-en-cuentas-fuera-del-pais\/#primaryimage"},"image":{"@id":"https:\/\/www.noticiasradioreflejos.com.ar\/2021\/el-ministro-caputo-aumento-su-patrimonio-a-us134-millones-y-tiene-el-97-depositado-en-cuentas-fuera-del-pais\/#primaryimage"},"thumbnailUrl":"https:\/\/www.noticiasradioreflejos.com.ar\/2021\/wp-content\/uploads\/2024\/02\/caputo.jpg","datePublished":"2026-08-31T14:43:34+00:00","author":{"@id":"https:\/\/www.noticiasradioreflejos.com.ar\/2021\/#\/schema\/person\/ad82545263dcc5ec0996818884fd5fb1"},"breadcrumb":{"@id":"https:\/\/www.noticiasradioreflejos.com.ar\/2021\/el-ministro-caputo-aumento-su-patrimonio-a-us134-millones-y-tiene-el-97-depositado-en-cuentas-fuera-del-pais\/#breadcrumb"},"inLanguage":"es","potentialAction":[{"@type":"ReadAction","target":["https:\/\/www.noticiasradioreflejos.com.ar\/2021\/el-ministro-caputo-aumento-su-patrimonio-a-us134-millones-y-tiene-el-97-depositado-en-cuentas-fuera-del-pais\/"]}]},{"@type":"ImageObject","inLanguage":"es","@id":"https:\/\/www.noticiasradioreflejos.com.ar\/2021\/el-ministro-caputo-aumento-su-patrimonio-a-us134-millones-y-tiene-el-97-depositado-en-cuentas-fuera-del-pais\/#primaryimage","url":"https:\/\/www.noticiasradioreflejos.com.ar\/2021\/wp-content\/uploads\/2024\/02\/caputo.jpg","contentUrl":"https:\/\/www.noticiasradioreflejos.com.ar\/2021\/wp-content\/uploads\/2024\/02\/caputo.jpg","width":1200,"height":675},{"@type":"BreadcrumbList","@id":"https:\/\/www.noticiasradioreflejos.com.ar\/2021\/el-ministro-caputo-aumento-su-patrimonio-a-us134-millones-y-tiene-el-97-depositado-en-cuentas-fuera-del-pais\/#breadcrumb","itemListElement":[{"@type":"ListItem","position":1,"name":"Portada","item":"https:\/\/www.noticiasradioreflejos.com.ar\/2021\/"},{"@type":"ListItem","position":2,"name":"El ministro Caputo aument\u00f3 su patrimonio a US$13,4 millones y tiene el 97% depositado en cuentas fuera del pa\u00eds"}]},{"@type":"WebSite","@id":"https:\/\/www.noticiasradioreflejos.com.ar\/2021\/#website","url":"https:\/\/www.noticiasradioreflejos.com.ar\/2021\/","name":"Noticias Radio Reflejos","description":"Las noticias de mi comarca","potentialAction":[{"@type":"SearchAction","target":{"@type":"EntryPoint","urlTemplate":"https:\/\/www.noticiasradioreflejos.com.ar\/2021\/?s={search_term_string}"},"query-input":{"@type":"PropertyValueSpecification","valueRequired":true,"valueName":"search_term_string"}}],"inLanguage":"es"},{"@type":"Person","@id":"https:\/\/www.noticiasradioreflejos.com.ar\/2021\/#\/schema\/person\/ad82545263dcc5ec0996818884fd5fb1","name":"Arnaldo Botto","image":{"@type":"ImageObject","inLanguage":"es","@id":"https:\/\/www.noticiasradioreflejos.com.ar\/2021\/#\/schema\/person\/image\/","url":"https:\/\/secure.gravatar.com\/avatar\/55cb5e37c1efa326397366e6974cb338056df65cb50e7d64d1cf314e87504837?s=96&d=mm&r=g","contentUrl":"https:\/\/secure.gravatar.com\/avatar\/55cb5e37c1efa326397366e6974cb338056df65cb50e7d64d1cf314e87504837?s=96&d=mm&r=g","caption":"Arnaldo Botto"},"url":"https:\/\/www.noticiasradioreflejos.com.ar\/2021\/author\/arnaldo\/"}]}},"_links":{"self":[{"href":"https:\/\/www.noticiasradioreflejos.com.ar\/2021\/wp-json\/wp\/v2\/posts\/142844","targetHints":{"allow":["GET"]}}],"collection":[{"href":"https:\/\/www.noticiasradioreflejos.com.ar\/2021\/wp-json\/wp\/v2\/posts"}],"about":[{"href":"https:\/\/www.noticiasradioreflejos.com.ar\/2021\/wp-json\/wp\/v2\/types\/post"}],"author":[{"embeddable":true,"href":"https:\/\/www.noticiasradioreflejos.com.ar\/2021\/wp-json\/wp\/v2\/users\/3"}],"replies":[{"embeddable":true,"href":"https:\/\/www.noticiasradioreflejos.com.ar\/2021\/wp-json\/wp\/v2\/comments?post=142844"}],"version-history":[{"count":1,"href":"https:\/\/www.noticiasradioreflejos.com.ar\/2021\/wp-json\/wp\/v2\/posts\/142844\/revisions"}],"predecessor-version":[{"id":142845,"href":"https:\/\/www.noticiasradioreflejos.com.ar\/2021\/wp-json\/wp\/v2\/posts\/142844\/revisions\/142845"}],"wp:featuredmedia":[{"embeddable":true,"href":"https:\/\/www.noticiasradioreflejos.com.ar\/2021\/wp-json\/wp\/v2\/media\/98607"}],"wp:attachment":[{"href":"https:\/\/www.noticiasradioreflejos.com.ar\/2021\/wp-json\/wp\/v2\/media?parent=142844"}],"wp:term":[{"taxonomy":"category","embeddable":true,"href":"https:\/\/www.noticiasradioreflejos.com.ar\/2021\/wp-json\/wp\/v2\/categories?post=142844"},{"taxonomy":"post_tag","embeddable":true,"href":"https:\/\/www.noticiasradioreflejos.com.ar\/2021\/wp-json\/wp\/v2\/tags?post=142844"}],"curies":[{"name":"wp","href":"https:\/\/api.w.org\/{rel}","templated":true}]}}