{"id":142840,"date":"2026-08-31T11:11:54","date_gmt":"2026-08-31T14:11:54","guid":{"rendered":"https:\/\/www.noticiasradioreflejos.com.ar\/2021\/?p=142840"},"modified":"2026-08-31T11:11:54","modified_gmt":"2026-08-31T14:11:54","slug":"los-granos-alcanzan-maximos-y-el-trigo-podria-dispararse-si-se-prolonga-el-bloqueo-del-mar-negro","status":"publish","type":"post","link":"https:\/\/www.noticiasradioreflejos.com.ar\/2021\/los-granos-alcanzan-maximos-y-el-trigo-podria-dispararse-si-se-prolonga-el-bloqueo-del-mar-negro\/","title":{"rendered":"Los granos alcanzan m\u00e1ximos y el trigo podr\u00eda dispararse si se prolonga el bloqueo del mar Negro"},"content":{"rendered":"<p>El trigo, la soja y el ma\u00edz alcanzaron en Chicago niveles de precios que no se ve\u00edan desde hace tiempo, impulsados por problemas productivos, una demanda firme y restricciones log\u00edsticas.\u00a0<strong>Dante Romano, profesor e investigador del Centro de Agronegocios y Alimentos de la Universidad Austral<\/strong>, analiza el escenario internacional y advierte sobre las oportunidades que se abren para el productor argentino.<!--more--><strong><em>Rosario, Santa Fe; 31 de agosto de 2026\u00a0\u2013<\/em><\/strong> Los mercados agr\u00edcolas atraviesan un momento de\u00a0<strong>fuerte recuperaci\u00f3n de los precios internacionales<\/strong>, con el trigo, la soja y el ma\u00edz alcanzando en Chicago niveles que no se ve\u00edan desde hace tiempo. Entre los principales factores aparecen las dudas sobre la producci\u00f3n estadounidense de ma\u00edz, la firmeza de la demanda de soja y la\u00a0<strong>paralizaci\u00f3n log\u00edstica del mar Negro<\/strong>, que comienza a obligar a los compradores de trigo a buscar nuevos proveedores.<\/p>\n<p>\u201c<strong>Los granos alcanzan m\u00e1ximos por diferentes factores, pero los fundamentos m\u00e1s claros los tiene el ma\u00edz<\/strong>\u201d, se\u00f1ala\u00a0<strong>Dante Romano, profesor e investigador del Centro de Agronegocios y Alimentos de la Universidad Austral<\/strong>. En el caso del cereal, explica que el clima seco registrado en julio, durante el per\u00edodo clave para definir los rindes en Estados Unidos, genera expectativas de una\u00a0<strong>fuerte ca\u00edda de la producci\u00f3n<\/strong>, mientras que la demanda contin\u00faa firme, con exportaciones estadounidenses elevadas y un consumo que sigue sorprendiendo en los reportes trimestrales de stocks.<\/p>\n<p>A este escenario se suma Europa, donde\u00a0<strong>la ola de calor redujo la cosecha de ma\u00edz<\/strong>. Si bien el continente es un actor secundario en este mercado, la menor producci\u00f3n agrega presi\u00f3n sobre el balance global.<\/p>\n<h4><strong>Ma\u00edz: menor oferta esperada y precios que incentivan ventas<\/strong><\/h4>\n<p>En Estados Unidos, el USDA redujo la condici\u00f3n buena a excelente del ma\u00edz al\u00a0<strong>57%<\/strong>, por debajo del 59% esperado. La cifra reforz\u00f3 las expectativas de una ca\u00edda en la producci\u00f3n, que ya hab\u00edan comenzado a instalarse a partir del Crop Tour de Pro Farmer, que proyect\u00f3 una cosecha\u00a0<strong>casi 17 millones de toneladas por debajo de la estimaci\u00f3n del USDA de agosto<\/strong>.<\/p>\n<p>El mercado tambi\u00e9n registra una fuerte participaci\u00f3n de los fondos especulativos: realizaron compras adicionales por\u00a0<strong>15 millones de toneladas<\/strong>\u00a0y llevaron su posici\u00f3n neta comprada a\u00a0<strong>24,9 millones de toneladas<\/strong>, un nivel muy elevado que indica que parte de las expectativas alcistas podr\u00edan ya estar incorporadas en los precios.<\/p>\n<p>En Europa, el escenario tampoco es favorable. El monitor europeo redujo su estimaci\u00f3n de rendimiento del ma\u00edz a\u00a0<strong>66 qq\/ha, un 7% por debajo del promedio hist\u00f3rico<\/strong>, mientras Francia enfrenta su peor cosecha de los \u00faltimos cincuenta a\u00f1os debido al impacto de la ola de calor extremo.<\/p>\n<p>En Argentina, la Bolsa de Cereales de Buenos Aires estima una siembra de\u00a0<strong>8,4 millones de hect\u00e1reas<\/strong>, en l\u00ednea con la campa\u00f1a anterior. La humedad favorecida por El Ni\u00f1o permitir\u00eda sostener el \u00e1rea, aunque se espera una reducci\u00f3n en el norte por el riesgo de chicharrita, compensada por una mayor superficie en la zona n\u00facleo. Esto podr\u00eda incrementar incluso la proporci\u00f3n de ma\u00edz temprano.<\/p>\n<p>La cosecha argentina avanz\u00f3 casi\u00a0<strong>8 puntos porcentuales y alcanz\u00f3 el 88%<\/strong>, aunque mantiene un retraso de\u00a0<strong>9 puntos frente al a\u00f1o pasado<\/strong>. La demora llega a casi 30 puntos en el sur de Buenos Aires y a 10 puntos en el norte, donde podr\u00eda completarse durante la pr\u00f3xima semana.<\/p>\n<p>Al mismo tiempo, la comercializaci\u00f3n se mantiene activa. Seg\u00fan los datos de la Secretar\u00eda de Agricultura, al 19 de agosto se registraron\u00a0<strong>950.000 toneladas de ventas de ma\u00edz en una semana<\/strong>, mientras que ya se comercializ\u00f3 el 50% de la cosecha disponible a precios en l\u00ednea con el promedio hist\u00f3rico.<\/p>\n<p>\u201c<strong>Cuando el precio del ma\u00edz supera determinados niveles, el productor encuentra un incentivo muy concreto para vender<\/strong>\u201d, explica Romano. Durante las \u00faltimas tres semanas se comercializaron entre\u00a0<strong>400.000 y 600.000 toneladas semanales de ma\u00edz nuevo<\/strong>, y los valores cercanos a los\u00a0<strong>US$200 por tonelada<\/strong>, que fueron superados esta semana, aceleraron las ventas.<\/p>\n<p>Sin embargo, existe una diferencia entre la oferta de corto plazo y la demanda log\u00edstica: actualmente hay mayor intenci\u00f3n de entrega inmediata que necesidad de embarque por parte de los buques que esperan carga. Hacia adelante, en cambio, aparece\u00a0<strong>un programa de embarques importante<\/strong>, y los precios diferidos mejoran considerablemente, lo que permite prever que la comercializaci\u00f3n seguir\u00e1 activa.<\/p>\n<h4><strong>Soja: China sostiene el mercado y Argentina acelera sus ventas<\/strong><\/h4>\n<p>En soja, las dudas productivas en Estados Unidos son menores que en ma\u00edz. Las\u00a0<strong>buenas lluvias de agosto podr\u00edan compensar mediante un buen llenado de granos los problemas provocados por las altas temperaturas de julio<\/strong>. Sin embargo, la condici\u00f3n de los cultivos continu\u00f3 deterior\u00e1ndose durante la \u00faltima semana.<\/p>\n<p>El USDA ubic\u00f3 la condici\u00f3n buena a excelente de la soja en\u00a0<strong>60%<\/strong>, en l\u00ednea con las expectativas, pero\u00a0<strong>9 puntos por debajo del a\u00f1o pasado y 2 puntos por debajo del promedio hist\u00f3rico<\/strong>. El mercado mantiene especial atenci\u00f3n sobre el pr\u00f3ximo informe del 11 de septiembre.<\/p>\n<p>El principal factor din\u00e1mico es la demanda china. Las compras de China y otros destinos desconocidos impulsaron las ventas estadounidenses de nueva campa\u00f1a hasta\u00a0<strong>2,47 millones de toneladas<\/strong>. Estados Unidos ya comprometi\u00f3 el\u00a0<strong>33% de su saldo exportable<\/strong>, uno de los ritmos m\u00e1s altos de los \u00faltimos a\u00f1os, aunque todav\u00eda sin alcanzar un r\u00e9cord.<\/p>\n<p>A esto se suma la demanda de biodi\u00e9sel, que contin\u00faa firme y brinda sost\u00e9n al mercado a trav\u00e9s del aceite de soja. La EPA, sin embargo, posterg\u00f3 los plazos para que las refiner\u00edas cumplan con los cortes de biocombustibles, lo que provoc\u00f3 inicialmente un derrumbe del precio de los cr\u00e9ditos RIN y una se\u00f1al de menor consumo. Posteriormente, Estados Unidos anunci\u00f3 que planea\u00a0<strong>incrementar el corte total para compensar las posibles exenciones a las peque\u00f1as refiner\u00edas<\/strong>.<\/p>\n<p>En Brasil, las perspectivas tambi\u00e9n generan interrogantes. Agroconsult estima que el \u00e1rea sembrada se mantendr\u00eda en\u00a0<strong>49,2 millones de hect\u00e1reas<\/strong>, debido a los menores m\u00e1rgenes de rentabilidad, el fuerte aumento de los costos productivos, un menor financiamiento y tasas m\u00e1s elevadas. A m\u00e1s largo plazo, adem\u00e1s, queda por determinar el impacto que pueda tener un a\u00f1o Ni\u00f1o sobre el clima del norte brasile\u00f1o, donde suele generar condiciones m\u00e1s secas.<\/p>\n<p>En Argentina, el ritmo de ventas de soja al 19 de agosto se mantiene en niveles promedio para esta \u00e9poca del a\u00f1o, aunque\u00a0<strong>los negocios para el pr\u00f3ximo ciclo todav\u00eda no se activan con fuerza<\/strong>. Esto mantiene cierto atraso en la comercializaci\u00f3n y puede generar preocupaci\u00f3n por la originaci\u00f3n de materia prima por parte de la industria.<\/p>\n<p>La situaci\u00f3n tambi\u00e9n se observa entre los exportadores que ya registraron declaraciones juradas de venta al exterior y cuyos compromisos comienzan ahora a traducirse en llegada de buques.<\/p>\n<p>La industria aceitera, sin embargo, no muestra la misma urgencia que podr\u00eda sugerir la estad\u00edstica de compras. Argentina proces\u00f3\u00a0<strong>4,1 millones de toneladas de soja durante julio, un 9,2% m\u00e1s que en el mismo mes del a\u00f1o pasado<\/strong>. El 22% de esa molienda correspondi\u00f3 a soja paraguaya, lo que permiti\u00f3 que la utilizaci\u00f3n de la capacidad instalada alcanzara el\u00a0<strong>82%, un punto por encima del a\u00f1o anterior<\/strong>.<\/p>\n<p>El ingreso de soja paraguaya durante julio fue\u00a0<strong>40% superior al del mismo mes de 2025<\/strong>, mientras que el acumulado se encuentra casi 30% por encima.<\/p>\n<p>Para Romano, el comportamiento reciente del productor muestra que\u00a0<strong>el precio sigue siendo un disparador clave de la oferta<\/strong>. La mejora de las cotizaciones internacionales permiti\u00f3 duplicar el ritmo de ventas locales, que lleg\u00f3 a\u00a0<strong>312.000 toneladas diarias<\/strong>, de acuerdo con los registros de SIOGRANOS.<\/p>\n<p>\u201c<strong>Cuando aparecen picos de precio, la oferta finalmente aparece. Eso es lo que estamos viendo ahora en el mercado argentino de soja<\/strong>\u201d, sostiene.<\/p>\n<h4><strong>Trigo: el bloqueo del mar Negro cambia el mapa de abastecimiento<\/strong><\/h4>\n<p>El trigo presenta uno de los escenarios de mayor potencial alcista. La\u00a0<strong>paralizaci\u00f3n log\u00edstica del mar Negro afecta a m\u00e1s del 97% de la capacidad de exportaci\u00f3n de granos de las principales terminales de Rusia y Ucrania<\/strong>. Si bien el conflicto no es nuevo, los operadores esperaban una soluci\u00f3n que permitiera restablecer un corredor seguro, algo que todav\u00eda no ocurri\u00f3.<\/p>\n<p>Ante la falta de avances,\u00a0<strong>los compradores comenzaron a buscar or\u00edgenes alternativos<\/strong>, y Francia aparece como la primera opci\u00f3n por su cercan\u00eda geogr\u00e1fica. Egipto y Sud\u00e1n ya realizaron negocios con el pa\u00eds europeo para reemplazar el grano que no puede salir de los puertos bloqueados.<\/p>\n<p>Pero Francia tambi\u00e9n enfrenta un problema de oferta: la menor producci\u00f3n de ma\u00edz europeo obliga a destinar una mayor proporci\u00f3n de trigo al consumo forrajero, reduciendo su saldo exportable. El pa\u00eds podr\u00eda limitar sus exportaciones a\u00a0<strong>6 millones de toneladas<\/strong>.<\/p>\n<p>Rusia analiza eliminar su derecho de exportaci\u00f3n para mejorar los m\u00e1rgenes de los productores frente a la fuerte ca\u00edda de los precios internos y subsidiar el transporte hacia otros puertos. Sin embargo, los productores rusos mantienen perspectivas pesimistas y proyectan\u00a0<strong>reducir dr\u00e1sticamente la superficie sembrada<\/strong>.<\/p>\n<p>En Ucrania, la falta de financiamiento podr\u00eda reducir el \u00e1rea de siembra de trigo de la pr\u00f3xima campa\u00f1a entre\u00a0<strong>5 y 7 millones de hect\u00e1reas<\/strong>.<\/p>\n<p>\u201c<strong>El problema del trigo es que el mercado todav\u00eda est\u00e1 esperando una soluci\u00f3n para el mar Negro que no llega. Mientras pasa el tiempo, los compradores buscan otros or\u00edgenes y eso empieza a generar presi\u00f3n sobre los precios<\/strong>\u201d, afirma Romano.<\/p>\n<p>En este contexto, por ahora no se observa una demanda adicional significativa sobre Estados Unidos y mucho menos sobre Argentina. Sin embargo,\u00a0<strong>si la situaci\u00f3n log\u00edstica del mar Negro no encuentra una soluci\u00f3n, esa demanda podr\u00eda trasladarse hacia otros proveedores y generar una fuerte escalada de las cotizaciones<\/strong>.<\/p>\n<p>La suba ya lleg\u00f3 al mercado argentino: los valores del trigo alcanzaron\u00a0<strong>un nuevo m\u00e1ximo para la cosecha nueva<\/strong>, despertando el inter\u00e9s vendedor. En el caso de la cosecha vieja, el precio finalmente se ubic\u00f3\u00a0<strong>por encima del correspondiente al nuevo ciclo<\/strong>, lo que tambi\u00e9n comenz\u00f3 a dinamizar algunos negocios.<\/p>\n<h4><strong>Petr\u00f3leo e India, dos factores adicionales para el mercado agr\u00edcola<\/strong><\/h4>\n<p>El contexto internacional incorpora adem\u00e1s otros elementos que pueden impactar sobre los mercados agr\u00edcolas. El mercado de petr\u00f3leo se mostr\u00f3 m\u00e1s distendido luego de que Estados Unidos concentrara su presi\u00f3n sobre Ir\u00e1n en mecanismos econ\u00f3micos, relegando las acciones militares. Mientras tanto,\u00a0<strong>Om\u00e1n y Catar intentan negociar con Ir\u00e1n para restablecer el tr\u00e1nsito por el estrecho de Ormuz<\/strong>.<\/p>\n<p>India, por su parte, enfrenta\u00a0<strong>su monz\u00f3n m\u00e1s d\u00e9bil en casi dos d\u00e9cadas<\/strong>\u00a0debido al avance sostenido de El Ni\u00f1o. El pa\u00eds es el mayor productor y consumidor mundial de trigo y habitualmente se autoabastece. Si necesitara recurrir a importaciones, esa demanda podr\u00eda coincidir con las restricciones log\u00edsticas del mar Negro.<\/p>\n<p>El impacto tambi\u00e9n podr\u00eda trasladarse al mercado de oleaginosas: India es\u00a0<strong>el mayor importador mundial de aceite<\/strong>, por lo que un problema clim\u00e1tico podr\u00eda incrementar sus necesidades de compras externas.<\/p>\n<p>\u201c<strong>Estamos ante un mercado en el que varios factores empiezan a jugar en la misma direcci\u00f3n: problemas clim\u00e1ticos, restricciones log\u00edsticas, demanda firme y dudas sobre la producci\u00f3n de los principales exportadores<\/strong>\u201d, concluye Romano. \u201c<strong>Para Argentina, esto genera oportunidades comerciales, pero tambi\u00e9n obliga a seguir muy de cerca c\u00f3mo evolucionan la oferta, la demanda y los precios internacionales<\/strong>\u201d.<\/p>\n<div><\/div>\n<table class=\"m_6311933987899815693mceButtonContainer\" role=\"presentation\" border=\"0\" cellspacing=\"0\" cellpadding=\"0\" align=\"center\">\n<tbody>\n<tr class=\"m_6311933987899815693mceStandardButton\">\n<td class=\"m_6311933987899815693mceButton\" valign=\"top\"><a class=\"m_6311933987899815693mceButtonLink\" href=\"https:\/\/us.list-manage.com\/13hi891Zj2c?e=af05b289a5&amp;c2id=f9468d2cf0af1b1fb1ce89c488db32e4\" target=\"_blank\" rel=\"noopener noreferrer\" data-saferedirecturl=\"https:\/\/www.google.com\/url?q=https:\/\/us.list-manage.com\/13hi891Zj2c?e%3Daf05b289a5%26c2id%3Df9468d2cf0af1b1fb1ce89c488db32e4&amp;source=gmail&amp;ust=1788271409448000&amp;usg=AOvVaw0du_cfNupBR2GyVRQiKcYb\">Acceda al informe AGROPERSPECTIVAS de Dante Romano<\/a><\/td>\n<\/tr>\n<\/tbody>\n<\/table>\n<div><\/div>\n<table role=\"presentation\" border=\"0\" width=\"100%\" cellspacing=\"0\" cellpadding=\"0\">\n<tbody>\n<tr>\n<td id=\"m_6311933987899815693b76\" valign=\"top\">\n<table id=\"m_6311933987899815693section_a232a185383c4a2127606f0174c1b3ad\" role=\"presentation\" border=\"0\" width=\"100%\" cellspacing=\"0\" cellpadding=\"0\" align=\"center\">\n<tbody>\n<tr>\n<td valign=\"top\">\n<table role=\"presentation\" border=\"0\" width=\"100%\" cellspacing=\"0\" cellpadding=\"0\">\n<tbody>\n<tr>\n<td id=\"m_6311933987899815693mceColumnId--15\" class=\"m_6311933987899815693mceColumn\" colspan=\"12\" valign=\"top\" width=\"100%\">\n<table role=\"presentation\" border=\"0\" width=\"100%\" cellspacing=\"0\" cellpadding=\"0\">\n<tbody>\n<tr>\n<td id=\"m_6311933987899815693b-10\" align=\"center\" valign=\"top\">\n<table role=\"presentation\" border=\"0\" width=\"100%\" cellspacing=\"0\" cellpadding=\"0\" align=\"center\">\n<tbody>\n<tr>\n<td valign=\"top\">\n<table role=\"presentation\" border=\"0\" width=\"100%\" cellspacing=\"0\" cellpadding=\"0\">\n<tbody>\n<tr>\n<td id=\"m_6311933987899815693mceColumnId--17\" class=\"m_6311933987899815693mceColumn\" colspan=\"12\" valign=\"top\" width=\"100%\">\n<table role=\"presentation\" border=\"0\" width=\"100%\" cellspacing=\"0\" cellpadding=\"0\">\n<tbody>\n<tr>\n<td id=\"m_6311933987899815693b75\" valign=\"top\">\n<table role=\"presentation\" border=\"0\" width=\"100%\" cellspacing=\"0\" cellpadding=\"0\" align=\"center\">\n<tbody>\n<tr>\n<td valign=\"top\">\n<table role=\"presentation\" border=\"0\" width=\"100%\" cellspacing=\"24\" cellpadding=\"0\">\n<tbody>\n<tr>\n<td id=\"m_6311933987899815693mceColumnId-74\" class=\"m_6311933987899815693mceColumn\" colspan=\"12\" valign=\"top\" width=\"100%\">\n<table role=\"presentation\" border=\"0\" width=\"100%\" cellspacing=\"0\" cellpadding=\"0\">\n<tbody>\n<tr>\n<td id=\"m_6311933987899815693b73\" valign=\"top\">\n<table role=\"presentation\" border=\"0\" width=\"100%\" cellspacing=\"0\" cellpadding=\"0\">\n<tbody>\n<tr>\n<td valign=\"top\" height=\"80\"><\/td>\n<\/tr>\n<\/tbody>\n<\/table>\n<\/td>\n<\/tr>\n<\/tbody>\n<\/table>\n<\/td>\n<\/tr>\n<\/tbody>\n<\/table>\n<\/td>\n<\/tr>\n<\/tbody>\n<\/table>\n<\/td>\n<\/tr>\n<\/tbody>\n<\/table>\n<\/td>\n<\/tr>\n<\/tbody>\n<\/table>\n<\/td>\n<\/tr>\n<\/tbody>\n<\/table>\n<\/td>\n<\/tr>\n<\/tbody>\n<\/table>\n<\/td>\n<\/tr>\n<\/tbody>\n<\/table>\n<\/td>\n<\/tr>\n<\/tbody>\n<\/table>\n<\/td>\n<\/tr>\n<\/tbody>\n<\/table>\n","protected":false},"excerpt":{"rendered":"<p>El trigo, la soja y el ma\u00edz alcanzaron en Chicago niveles de precios que no se ve\u00edan desde hace tiempo, impulsados por problemas productivos, una demanda firme y restricciones log\u00edsticas.\u00a0Dante Romano, profesor e investigador del Centro de Agronegocios y Alimentos de la Universidad Austral, analiza el escenario internacional y advierte sobre las oportunidades que se [&hellip;]<\/p>\n","protected":false},"author":3,"featured_media":110694,"comment_status":"closed","ping_status":"closed","sticky":false,"template":"","format":"standard","meta":{"footnotes":""},"categories":[63],"tags":[],"class_list":["post-142840","post","type-post","status-publish","format-standard","has-post-thumbnail","hentry","category-campo"],"yoast_head":"<!-- This site is optimized with the Yoast SEO plugin v25.9 - https:\/\/yoast.com\/wordpress\/plugins\/seo\/ -->\n<title>Los granos alcanzan m\u00e1ximos y el trigo podr\u00eda dispararse si se prolonga el bloqueo del mar Negro - Noticias Radio Reflejos<\/title>\n<meta name=\"robots\" content=\"index, follow, max-snippet:-1, max-image-preview:large, max-video-preview:-1\" \/>\n<link rel=\"canonical\" href=\"https:\/\/www.noticiasradioreflejos.com.ar\/2021\/los-granos-alcanzan-maximos-y-el-trigo-podria-dispararse-si-se-prolonga-el-bloqueo-del-mar-negro\/\" \/>\n<meta property=\"og:locale\" content=\"es_ES\" \/>\n<meta property=\"og:type\" content=\"article\" \/>\n<meta property=\"og:title\" content=\"Los granos alcanzan m\u00e1ximos y el trigo podr\u00eda dispararse si se prolonga el bloqueo del mar Negro - Noticias Radio Reflejos\" \/>\n<meta property=\"og:description\" content=\"El trigo, la soja y el ma\u00edz alcanzaron en Chicago niveles de precios que no se ve\u00edan desde hace tiempo, impulsados por problemas productivos, una demanda firme y restricciones log\u00edsticas.\u00a0Dante Romano, profesor e investigador del Centro de Agronegocios y Alimentos de la Universidad Austral, analiza el escenario internacional y advierte sobre las oportunidades que se [&hellip;]\" \/>\n<meta property=\"og:url\" content=\"https:\/\/www.noticiasradioreflejos.com.ar\/2021\/los-granos-alcanzan-maximos-y-el-trigo-podria-dispararse-si-se-prolonga-el-bloqueo-del-mar-negro\/\" \/>\n<meta property=\"og:site_name\" content=\"Noticias Radio Reflejos\" \/>\n<meta property=\"article:published_time\" content=\"2026-08-31T14:11:54+00:00\" \/>\n<meta property=\"og:image\" content=\"https:\/\/www.noticiasradioreflejos.com.ar\/2021\/wp-content\/uploads\/2024\/12\/trigo-cosecha-2.jpg\" \/>\n\t<meta property=\"og:image:width\" content=\"1024\" \/>\n\t<meta property=\"og:image:height\" content=\"576\" \/>\n\t<meta property=\"og:image:type\" content=\"image\/jpeg\" \/>\n<meta name=\"author\" content=\"Arnaldo Botto\" \/>\n<meta name=\"twitter:card\" content=\"summary_large_image\" \/>\n<script type=\"application\/ld+json\" class=\"yoast-schema-graph\">{\"@context\":\"https:\/\/schema.org\",\"@graph\":[{\"@type\":\"WebPage\",\"@id\":\"https:\/\/www.noticiasradioreflejos.com.ar\/2021\/los-granos-alcanzan-maximos-y-el-trigo-podria-dispararse-si-se-prolonga-el-bloqueo-del-mar-negro\/\",\"url\":\"https:\/\/www.noticiasradioreflejos.com.ar\/2021\/los-granos-alcanzan-maximos-y-el-trigo-podria-dispararse-si-se-prolonga-el-bloqueo-del-mar-negro\/\",\"name\":\"Los granos alcanzan m\u00e1ximos y el trigo podr\u00eda dispararse si se prolonga el bloqueo del mar Negro - Noticias Radio Reflejos\",\"isPartOf\":{\"@id\":\"https:\/\/www.noticiasradioreflejos.com.ar\/2021\/#website\"},\"primaryImageOfPage\":{\"@id\":\"https:\/\/www.noticiasradioreflejos.com.ar\/2021\/los-granos-alcanzan-maximos-y-el-trigo-podria-dispararse-si-se-prolonga-el-bloqueo-del-mar-negro\/#primaryimage\"},\"image\":{\"@id\":\"https:\/\/www.noticiasradioreflejos.com.ar\/2021\/los-granos-alcanzan-maximos-y-el-trigo-podria-dispararse-si-se-prolonga-el-bloqueo-del-mar-negro\/#primaryimage\"},\"thumbnailUrl\":\"https:\/\/www.noticiasradioreflejos.com.ar\/2021\/wp-content\/uploads\/2024\/12\/trigo-cosecha-2.jpg\",\"datePublished\":\"2026-08-31T14:11:54+00:00\",\"author\":{\"@id\":\"https:\/\/www.noticiasradioreflejos.com.ar\/2021\/#\/schema\/person\/ad82545263dcc5ec0996818884fd5fb1\"},\"breadcrumb\":{\"@id\":\"https:\/\/www.noticiasradioreflejos.com.ar\/2021\/los-granos-alcanzan-maximos-y-el-trigo-podria-dispararse-si-se-prolonga-el-bloqueo-del-mar-negro\/#breadcrumb\"},\"inLanguage\":\"es\",\"potentialAction\":[{\"@type\":\"ReadAction\",\"target\":[\"https:\/\/www.noticiasradioreflejos.com.ar\/2021\/los-granos-alcanzan-maximos-y-el-trigo-podria-dispararse-si-se-prolonga-el-bloqueo-del-mar-negro\/\"]}]},{\"@type\":\"ImageObject\",\"inLanguage\":\"es\",\"@id\":\"https:\/\/www.noticiasradioreflejos.com.ar\/2021\/los-granos-alcanzan-maximos-y-el-trigo-podria-dispararse-si-se-prolonga-el-bloqueo-del-mar-negro\/#primaryimage\",\"url\":\"https:\/\/www.noticiasradioreflejos.com.ar\/2021\/wp-content\/uploads\/2024\/12\/trigo-cosecha-2.jpg\",\"contentUrl\":\"https:\/\/www.noticiasradioreflejos.com.ar\/2021\/wp-content\/uploads\/2024\/12\/trigo-cosecha-2.jpg\",\"width\":1024,\"height\":576},{\"@type\":\"BreadcrumbList\",\"@id\":\"https:\/\/www.noticiasradioreflejos.com.ar\/2021\/los-granos-alcanzan-maximos-y-el-trigo-podria-dispararse-si-se-prolonga-el-bloqueo-del-mar-negro\/#breadcrumb\",\"itemListElement\":[{\"@type\":\"ListItem\",\"position\":1,\"name\":\"Portada\",\"item\":\"https:\/\/www.noticiasradioreflejos.com.ar\/2021\/\"},{\"@type\":\"ListItem\",\"position\":2,\"name\":\"Los granos alcanzan m\u00e1ximos y el trigo podr\u00eda dispararse si se prolonga el bloqueo del mar Negro\"}]},{\"@type\":\"WebSite\",\"@id\":\"https:\/\/www.noticiasradioreflejos.com.ar\/2021\/#website\",\"url\":\"https:\/\/www.noticiasradioreflejos.com.ar\/2021\/\",\"name\":\"Noticias Radio Reflejos\",\"description\":\"Las noticias de mi comarca\",\"potentialAction\":[{\"@type\":\"SearchAction\",\"target\":{\"@type\":\"EntryPoint\",\"urlTemplate\":\"https:\/\/www.noticiasradioreflejos.com.ar\/2021\/?s={search_term_string}\"},\"query-input\":{\"@type\":\"PropertyValueSpecification\",\"valueRequired\":true,\"valueName\":\"search_term_string\"}}],\"inLanguage\":\"es\"},{\"@type\":\"Person\",\"@id\":\"https:\/\/www.noticiasradioreflejos.com.ar\/2021\/#\/schema\/person\/ad82545263dcc5ec0996818884fd5fb1\",\"name\":\"Arnaldo Botto\",\"image\":{\"@type\":\"ImageObject\",\"inLanguage\":\"es\",\"@id\":\"https:\/\/www.noticiasradioreflejos.com.ar\/2021\/#\/schema\/person\/image\/\",\"url\":\"https:\/\/secure.gravatar.com\/avatar\/55cb5e37c1efa326397366e6974cb338056df65cb50e7d64d1cf314e87504837?s=96&d=mm&r=g\",\"contentUrl\":\"https:\/\/secure.gravatar.com\/avatar\/55cb5e37c1efa326397366e6974cb338056df65cb50e7d64d1cf314e87504837?s=96&d=mm&r=g\",\"caption\":\"Arnaldo Botto\"},\"url\":\"https:\/\/www.noticiasradioreflejos.com.ar\/2021\/author\/arnaldo\/\"}]}<\/script>\n<!-- \/ Yoast SEO plugin. -->","yoast_head_json":{"title":"Los granos alcanzan m\u00e1ximos y el trigo podr\u00eda dispararse si se prolonga el bloqueo del mar Negro - Noticias Radio Reflejos","robots":{"index":"index","follow":"follow","max-snippet":"max-snippet:-1","max-image-preview":"max-image-preview:large","max-video-preview":"max-video-preview:-1"},"canonical":"https:\/\/www.noticiasradioreflejos.com.ar\/2021\/los-granos-alcanzan-maximos-y-el-trigo-podria-dispararse-si-se-prolonga-el-bloqueo-del-mar-negro\/","og_locale":"es_ES","og_type":"article","og_title":"Los granos alcanzan m\u00e1ximos y el trigo podr\u00eda dispararse si se prolonga el bloqueo del mar Negro - Noticias Radio Reflejos","og_description":"El trigo, la soja y el ma\u00edz alcanzaron en Chicago niveles de precios que no se ve\u00edan desde hace tiempo, impulsados por problemas productivos, una demanda firme y restricciones log\u00edsticas.\u00a0Dante Romano, profesor e investigador del Centro de Agronegocios y Alimentos de la Universidad Austral, analiza el escenario internacional y advierte sobre las oportunidades que se [&hellip;]","og_url":"https:\/\/www.noticiasradioreflejos.com.ar\/2021\/los-granos-alcanzan-maximos-y-el-trigo-podria-dispararse-si-se-prolonga-el-bloqueo-del-mar-negro\/","og_site_name":"Noticias Radio Reflejos","article_published_time":"2026-08-31T14:11:54+00:00","og_image":[{"width":1024,"height":576,"url":"https:\/\/www.noticiasradioreflejos.com.ar\/2021\/wp-content\/uploads\/2024\/12\/trigo-cosecha-2.jpg","type":"image\/jpeg"}],"author":"Arnaldo Botto","twitter_card":"summary_large_image","schema":{"@context":"https:\/\/schema.org","@graph":[{"@type":"WebPage","@id":"https:\/\/www.noticiasradioreflejos.com.ar\/2021\/los-granos-alcanzan-maximos-y-el-trigo-podria-dispararse-si-se-prolonga-el-bloqueo-del-mar-negro\/","url":"https:\/\/www.noticiasradioreflejos.com.ar\/2021\/los-granos-alcanzan-maximos-y-el-trigo-podria-dispararse-si-se-prolonga-el-bloqueo-del-mar-negro\/","name":"Los granos alcanzan m\u00e1ximos y el trigo podr\u00eda dispararse si se prolonga el bloqueo del mar Negro - Noticias Radio Reflejos","isPartOf":{"@id":"https:\/\/www.noticiasradioreflejos.com.ar\/2021\/#website"},"primaryImageOfPage":{"@id":"https:\/\/www.noticiasradioreflejos.com.ar\/2021\/los-granos-alcanzan-maximos-y-el-trigo-podria-dispararse-si-se-prolonga-el-bloqueo-del-mar-negro\/#primaryimage"},"image":{"@id":"https:\/\/www.noticiasradioreflejos.com.ar\/2021\/los-granos-alcanzan-maximos-y-el-trigo-podria-dispararse-si-se-prolonga-el-bloqueo-del-mar-negro\/#primaryimage"},"thumbnailUrl":"https:\/\/www.noticiasradioreflejos.com.ar\/2021\/wp-content\/uploads\/2024\/12\/trigo-cosecha-2.jpg","datePublished":"2026-08-31T14:11:54+00:00","author":{"@id":"https:\/\/www.noticiasradioreflejos.com.ar\/2021\/#\/schema\/person\/ad82545263dcc5ec0996818884fd5fb1"},"breadcrumb":{"@id":"https:\/\/www.noticiasradioreflejos.com.ar\/2021\/los-granos-alcanzan-maximos-y-el-trigo-podria-dispararse-si-se-prolonga-el-bloqueo-del-mar-negro\/#breadcrumb"},"inLanguage":"es","potentialAction":[{"@type":"ReadAction","target":["https:\/\/www.noticiasradioreflejos.com.ar\/2021\/los-granos-alcanzan-maximos-y-el-trigo-podria-dispararse-si-se-prolonga-el-bloqueo-del-mar-negro\/"]}]},{"@type":"ImageObject","inLanguage":"es","@id":"https:\/\/www.noticiasradioreflejos.com.ar\/2021\/los-granos-alcanzan-maximos-y-el-trigo-podria-dispararse-si-se-prolonga-el-bloqueo-del-mar-negro\/#primaryimage","url":"https:\/\/www.noticiasradioreflejos.com.ar\/2021\/wp-content\/uploads\/2024\/12\/trigo-cosecha-2.jpg","contentUrl":"https:\/\/www.noticiasradioreflejos.com.ar\/2021\/wp-content\/uploads\/2024\/12\/trigo-cosecha-2.jpg","width":1024,"height":576},{"@type":"BreadcrumbList","@id":"https:\/\/www.noticiasradioreflejos.com.ar\/2021\/los-granos-alcanzan-maximos-y-el-trigo-podria-dispararse-si-se-prolonga-el-bloqueo-del-mar-negro\/#breadcrumb","itemListElement":[{"@type":"ListItem","position":1,"name":"Portada","item":"https:\/\/www.noticiasradioreflejos.com.ar\/2021\/"},{"@type":"ListItem","position":2,"name":"Los granos alcanzan m\u00e1ximos y el trigo podr\u00eda dispararse si se prolonga el bloqueo del mar Negro"}]},{"@type":"WebSite","@id":"https:\/\/www.noticiasradioreflejos.com.ar\/2021\/#website","url":"https:\/\/www.noticiasradioreflejos.com.ar\/2021\/","name":"Noticias Radio Reflejos","description":"Las noticias de mi comarca","potentialAction":[{"@type":"SearchAction","target":{"@type":"EntryPoint","urlTemplate":"https:\/\/www.noticiasradioreflejos.com.ar\/2021\/?s={search_term_string}"},"query-input":{"@type":"PropertyValueSpecification","valueRequired":true,"valueName":"search_term_string"}}],"inLanguage":"es"},{"@type":"Person","@id":"https:\/\/www.noticiasradioreflejos.com.ar\/2021\/#\/schema\/person\/ad82545263dcc5ec0996818884fd5fb1","name":"Arnaldo Botto","image":{"@type":"ImageObject","inLanguage":"es","@id":"https:\/\/www.noticiasradioreflejos.com.ar\/2021\/#\/schema\/person\/image\/","url":"https:\/\/secure.gravatar.com\/avatar\/55cb5e37c1efa326397366e6974cb338056df65cb50e7d64d1cf314e87504837?s=96&d=mm&r=g","contentUrl":"https:\/\/secure.gravatar.com\/avatar\/55cb5e37c1efa326397366e6974cb338056df65cb50e7d64d1cf314e87504837?s=96&d=mm&r=g","caption":"Arnaldo Botto"},"url":"https:\/\/www.noticiasradioreflejos.com.ar\/2021\/author\/arnaldo\/"}]}},"_links":{"self":[{"href":"https:\/\/www.noticiasradioreflejos.com.ar\/2021\/wp-json\/wp\/v2\/posts\/142840","targetHints":{"allow":["GET"]}}],"collection":[{"href":"https:\/\/www.noticiasradioreflejos.com.ar\/2021\/wp-json\/wp\/v2\/posts"}],"about":[{"href":"https:\/\/www.noticiasradioreflejos.com.ar\/2021\/wp-json\/wp\/v2\/types\/post"}],"author":[{"embeddable":true,"href":"https:\/\/www.noticiasradioreflejos.com.ar\/2021\/wp-json\/wp\/v2\/users\/3"}],"replies":[{"embeddable":true,"href":"https:\/\/www.noticiasradioreflejos.com.ar\/2021\/wp-json\/wp\/v2\/comments?post=142840"}],"version-history":[{"count":1,"href":"https:\/\/www.noticiasradioreflejos.com.ar\/2021\/wp-json\/wp\/v2\/posts\/142840\/revisions"}],"predecessor-version":[{"id":142841,"href":"https:\/\/www.noticiasradioreflejos.com.ar\/2021\/wp-json\/wp\/v2\/posts\/142840\/revisions\/142841"}],"wp:featuredmedia":[{"embeddable":true,"href":"https:\/\/www.noticiasradioreflejos.com.ar\/2021\/wp-json\/wp\/v2\/media\/110694"}],"wp:attachment":[{"href":"https:\/\/www.noticiasradioreflejos.com.ar\/2021\/wp-json\/wp\/v2\/media?parent=142840"}],"wp:term":[{"taxonomy":"category","embeddable":true,"href":"https:\/\/www.noticiasradioreflejos.com.ar\/2021\/wp-json\/wp\/v2\/categories?post=142840"},{"taxonomy":"post_tag","embeddable":true,"href":"https:\/\/www.noticiasradioreflejos.com.ar\/2021\/wp-json\/wp\/v2\/tags?post=142840"}],"curies":[{"name":"wp","href":"https:\/\/api.w.org\/{rel}","templated":true}]}}