{"id":142837,"date":"2026-08-31T11:09:03","date_gmt":"2026-08-31T14:09:03","guid":{"rendered":"https:\/\/www.noticiasradioreflejos.com.ar\/2021\/?p=142837"},"modified":"2026-08-31T11:09:03","modified_gmt":"2026-08-31T14:09:03","slug":"la-biblioteca-popular-macedonio-fernandez-presenta-el-nuevo-club-de-lectura-para-jovenes","status":"publish","type":"post","link":"https:\/\/www.noticiasradioreflejos.com.ar\/2021\/la-biblioteca-popular-macedonio-fernandez-presenta-el-nuevo-club-de-lectura-para-jovenes\/","title":{"rendered":"La Biblioteca Popular Macedonio Fern\u00e1ndez presenta el nuevo \u00abClub de Lectura para J\u00f3venes\u00bb"},"content":{"rendered":"<p data-path-to-node=\"11\"><i data-path-to-node=\"11\" data-index-in-node=\"0\">Un espacio autogestionado por j\u00f3venes lectores para compartir recomendaciones, comentar lecturas y superar el bloqueo lector.<\/i><!--more-->La Biblioteca Popular Macedonio Fern\u00e1ndez invita a toda la comunidad juvenil a sumarse a una nueva propuesta cultural y colaborativa: el <b data-path-to-node=\"13\" data-index-in-node=\"153\">Club de Lectura para J\u00f3venes<\/b>.<\/p>\n<p data-path-to-node=\"14\">Este espacio surge por iniciativa de un grupo de j\u00f3venes lectores con el objetivo de generar un punto de encuentro din\u00e1mico e informal donde compartir la pasi\u00f3n por los libros, descubrir nuevos autores, recomendar lecturas y encontrar soluciones en conjunto para esos momentos de \u00abbloqueo lector\u00bb.<\/p>\n<p data-path-to-node=\"15\">La cita inaugural tendr\u00e1 lugar el pr\u00f3ximo <b data-path-to-node=\"15\" data-index-in-node=\"42\">martes 1 de septiembre a las 16:30 hs<\/b> en el Sal\u00f3n de Lectura de la Biblioteca. Se trata de una <b data-path-to-node=\"15\" data-index-in-node=\"137\">actividad totalmente gratuita<\/b> abierta a todos los j\u00f3venes interesados en enriquecer sus lecturas y formar parte de esta nueva comunidad lectora.<\/p>\n<h4 data-path-to-node=\"17\">Detalle de la Actividad:<\/h4>\n<ul data-path-to-node=\"18\">\n<li>\n<p data-path-to-node=\"18,0,0\"><b data-path-to-node=\"18,0,0\" data-index-in-node=\"0\">Actividad:<\/b> Encuentro del Club de Lectura para J\u00f3venes<\/p>\n<\/li>\n<li>\n<p data-path-to-node=\"18,1,0\"><b data-path-to-node=\"18,1,0\" data-index-in-node=\"0\">Fecha y Hora:<\/b> Martes 1 de septiembre \u2013 16:30 hs<\/p>\n<\/li>\n<li>\n<p data-path-to-node=\"18,2,0\"><b data-path-to-node=\"18,2,0\" data-index-in-node=\"0\">Lugar:<\/b> Sal\u00f3n de Lectura de la Biblioteca Popular Macedonio Fern\u00e1ndez (Calle Pillahuinco entre Cabecita Negra y Churrinche, Villa Ventana)<\/p>\n<\/li>\n<li>\n<p data-path-to-node=\"18,3,0\"><b data-path-to-node=\"18,3,0\" data-index-in-node=\"0\">Entrada:<\/b> Actividad Gratuita<\/p>\n<\/li>\n<li>\n<p data-path-to-node=\"18,4,0\"><b data-path-to-node=\"18,4,0\" data-index-in-node=\"0\">Consultas e Inscripciones:<\/b> bpmacedonio@gmail.com<\/p>\n<\/li>\n<\/ul>\n<p data-path-to-node=\"20\"><b data-path-to-node=\"20\" data-index-in-node=\"0\">Contacto e Informaci\u00f3n:<\/b><\/p>\n<ul data-path-to-node=\"21\">\n<li>\n<p data-path-to-node=\"21,0,0\">\ud83d\udccd Calle Pillahuinco entre Cabecita Negra y Churrinche, Villa Ventana<\/p>\n<\/li>\n<li>\n<p data-path-to-node=\"21,1,0\">\ud83d\udcde (0291) 4910-334 | \u2709\ufe0f bpmacedonio@gmail.com<\/p>\n<\/li>\n<li>\n<p data-path-to-node=\"21,2,0\">\ud83d\udcf1 Instagram: <code data-path-to-node=\"21,2,0\" data-index-in-node=\"14\">@biblio.macedonio<\/code> | Facebook: <code data-path-to-node=\"21,2,0\" data-index-in-node=\"44\">Macedonio Fern\u00e1ndez<\/code><\/p>\n<\/li>\n<li>\n<p data-path-to-node=\"21,3,0\"><i data-path-to-node=\"21,3,0\" data-index-in-node=\"0\">Tornquist Municipio<\/i><\/p>\n<\/li>\n<\/ul>\n","protected":false},"excerpt":{"rendered":"<p>Un espacio autogestionado por j\u00f3venes lectores para compartir recomendaciones, comentar lecturas y superar el bloqueo lector.<\/p>\n","protected":false},"author":3,"featured_media":142838,"comment_status":"closed","ping_status":"closed","sticky":false,"template":"","format":"standard","meta":{"footnotes":""},"categories":[35],"tags":[],"class_list":["post-142837","post","type-post","status-publish","format-standard","has-post-thumbnail","hentry","category-cultura"],"yoast_head":"<!-- This site is optimized with the Yoast SEO plugin v25.9 - https:\/\/yoast.com\/wordpress\/plugins\/seo\/ -->\n<title>La Biblioteca Popular Macedonio Fern\u00e1ndez presenta el nuevo &quot;Club de Lectura para J\u00f3venes&quot; - Noticias Radio Reflejos<\/title>\n<meta name=\"robots\" content=\"index, follow, max-snippet:-1, max-image-preview:large, max-video-preview:-1\" \/>\n<link rel=\"canonical\" href=\"https:\/\/www.noticiasradioreflejos.com.ar\/2021\/la-biblioteca-popular-macedonio-fernandez-presenta-el-nuevo-club-de-lectura-para-jovenes\/\" \/>\n<meta property=\"og:locale\" content=\"es_ES\" \/>\n<meta property=\"og:type\" content=\"article\" \/>\n<meta property=\"og:title\" content=\"La Biblioteca Popular Macedonio Fern\u00e1ndez presenta el nuevo &quot;Club de Lectura para J\u00f3venes&quot; - Noticias Radio Reflejos\" \/>\n<meta property=\"og:description\" content=\"Un espacio autogestionado por j\u00f3venes lectores para compartir recomendaciones, comentar lecturas y superar el bloqueo lector.\" \/>\n<meta property=\"og:url\" content=\"https:\/\/www.noticiasradioreflejos.com.ar\/2021\/la-biblioteca-popular-macedonio-fernandez-presenta-el-nuevo-club-de-lectura-para-jovenes\/\" \/>\n<meta property=\"og:site_name\" content=\"Noticias Radio Reflejos\" \/>\n<meta property=\"article:published_time\" content=\"2026-08-31T14:09:03+00:00\" \/>\n<meta property=\"og:image\" content=\"https:\/\/www.noticiasradioreflejos.com.ar\/2021\/wp-content\/uploads\/2026\/08\/CLUB-DE-LECTURA-PARA-JOVENES.jpg\" \/>\n\t<meta property=\"og:image:width\" content=\"1080\" \/>\n\t<meta property=\"og:image:height\" content=\"1080\" \/>\n\t<meta property=\"og:image:type\" content=\"image\/jpeg\" \/>\n<meta name=\"author\" content=\"Arnaldo Botto\" \/>\n<meta name=\"twitter:card\" content=\"summary_large_image\" \/>\n<script type=\"application\/ld+json\" class=\"yoast-schema-graph\">{\"@context\":\"https:\/\/schema.org\",\"@graph\":[{\"@type\":\"WebPage\",\"@id\":\"https:\/\/www.noticiasradioreflejos.com.ar\/2021\/la-biblioteca-popular-macedonio-fernandez-presenta-el-nuevo-club-de-lectura-para-jovenes\/\",\"url\":\"https:\/\/www.noticiasradioreflejos.com.ar\/2021\/la-biblioteca-popular-macedonio-fernandez-presenta-el-nuevo-club-de-lectura-para-jovenes\/\",\"name\":\"La Biblioteca Popular Macedonio Fern\u00e1ndez presenta el nuevo \\\"Club de Lectura para J\u00f3venes\\\" - Noticias Radio Reflejos\",\"isPartOf\":{\"@id\":\"https:\/\/www.noticiasradioreflejos.com.ar\/2021\/#website\"},\"primaryImageOfPage\":{\"@id\":\"https:\/\/www.noticiasradioreflejos.com.ar\/2021\/la-biblioteca-popular-macedonio-fernandez-presenta-el-nuevo-club-de-lectura-para-jovenes\/#primaryimage\"},\"image\":{\"@id\":\"https:\/\/www.noticiasradioreflejos.com.ar\/2021\/la-biblioteca-popular-macedonio-fernandez-presenta-el-nuevo-club-de-lectura-para-jovenes\/#primaryimage\"},\"thumbnailUrl\":\"https:\/\/www.noticiasradioreflejos.com.ar\/2021\/wp-content\/uploads\/2026\/08\/CLUB-DE-LECTURA-PARA-JOVENES.jpg\",\"datePublished\":\"2026-08-31T14:09:03+00:00\",\"author\":{\"@id\":\"https:\/\/www.noticiasradioreflejos.com.ar\/2021\/#\/schema\/person\/ad82545263dcc5ec0996818884fd5fb1\"},\"breadcrumb\":{\"@id\":\"https:\/\/www.noticiasradioreflejos.com.ar\/2021\/la-biblioteca-popular-macedonio-fernandez-presenta-el-nuevo-club-de-lectura-para-jovenes\/#breadcrumb\"},\"inLanguage\":\"es\",\"potentialAction\":[{\"@type\":\"ReadAction\",\"target\":[\"https:\/\/www.noticiasradioreflejos.com.ar\/2021\/la-biblioteca-popular-macedonio-fernandez-presenta-el-nuevo-club-de-lectura-para-jovenes\/\"]}]},{\"@type\":\"ImageObject\",\"inLanguage\":\"es\",\"@id\":\"https:\/\/www.noticiasradioreflejos.com.ar\/2021\/la-biblioteca-popular-macedonio-fernandez-presenta-el-nuevo-club-de-lectura-para-jovenes\/#primaryimage\",\"url\":\"https:\/\/www.noticiasradioreflejos.com.ar\/2021\/wp-content\/uploads\/2026\/08\/CLUB-DE-LECTURA-PARA-JOVENES.jpg\",\"contentUrl\":\"https:\/\/www.noticiasradioreflejos.com.ar\/2021\/wp-content\/uploads\/2026\/08\/CLUB-DE-LECTURA-PARA-JOVENES.jpg\",\"width\":1080,\"height\":1080},{\"@type\":\"BreadcrumbList\",\"@id\":\"https:\/\/www.noticiasradioreflejos.com.ar\/2021\/la-biblioteca-popular-macedonio-fernandez-presenta-el-nuevo-club-de-lectura-para-jovenes\/#breadcrumb\",\"itemListElement\":[{\"@type\":\"ListItem\",\"position\":1,\"name\":\"Portada\",\"item\":\"https:\/\/www.noticiasradioreflejos.com.ar\/2021\/\"},{\"@type\":\"ListItem\",\"position\":2,\"name\":\"La Biblioteca Popular Macedonio Fern\u00e1ndez presenta el nuevo \u00abClub de Lectura para J\u00f3venes\u00bb\"}]},{\"@type\":\"WebSite\",\"@id\":\"https:\/\/www.noticiasradioreflejos.com.ar\/2021\/#website\",\"url\":\"https:\/\/www.noticiasradioreflejos.com.ar\/2021\/\",\"name\":\"Noticias Radio Reflejos\",\"description\":\"Las noticias de mi comarca\",\"potentialAction\":[{\"@type\":\"SearchAction\",\"target\":{\"@type\":\"EntryPoint\",\"urlTemplate\":\"https:\/\/www.noticiasradioreflejos.com.ar\/2021\/?s={search_term_string}\"},\"query-input\":{\"@type\":\"PropertyValueSpecification\",\"valueRequired\":true,\"valueName\":\"search_term_string\"}}],\"inLanguage\":\"es\"},{\"@type\":\"Person\",\"@id\":\"https:\/\/www.noticiasradioreflejos.com.ar\/2021\/#\/schema\/person\/ad82545263dcc5ec0996818884fd5fb1\",\"name\":\"Arnaldo Botto\",\"image\":{\"@type\":\"ImageObject\",\"inLanguage\":\"es\",\"@id\":\"https:\/\/www.noticiasradioreflejos.com.ar\/2021\/#\/schema\/person\/image\/\",\"url\":\"https:\/\/secure.gravatar.com\/avatar\/55cb5e37c1efa326397366e6974cb338056df65cb50e7d64d1cf314e87504837?s=96&d=mm&r=g\",\"contentUrl\":\"https:\/\/secure.gravatar.com\/avatar\/55cb5e37c1efa326397366e6974cb338056df65cb50e7d64d1cf314e87504837?s=96&d=mm&r=g\",\"caption\":\"Arnaldo Botto\"},\"url\":\"https:\/\/www.noticiasradioreflejos.com.ar\/2021\/author\/arnaldo\/\"}]}<\/script>\n<!-- \/ Yoast SEO plugin. -->","yoast_head_json":{"title":"La Biblioteca Popular Macedonio Fern\u00e1ndez presenta el nuevo \"Club de Lectura para J\u00f3venes\" - Noticias Radio Reflejos","robots":{"index":"index","follow":"follow","max-snippet":"max-snippet:-1","max-image-preview":"max-image-preview:large","max-video-preview":"max-video-preview:-1"},"canonical":"https:\/\/www.noticiasradioreflejos.com.ar\/2021\/la-biblioteca-popular-macedonio-fernandez-presenta-el-nuevo-club-de-lectura-para-jovenes\/","og_locale":"es_ES","og_type":"article","og_title":"La Biblioteca Popular Macedonio Fern\u00e1ndez presenta el nuevo \"Club de Lectura para J\u00f3venes\" - Noticias Radio Reflejos","og_description":"Un espacio autogestionado por j\u00f3venes lectores para compartir recomendaciones, comentar lecturas y superar el bloqueo lector.","og_url":"https:\/\/www.noticiasradioreflejos.com.ar\/2021\/la-biblioteca-popular-macedonio-fernandez-presenta-el-nuevo-club-de-lectura-para-jovenes\/","og_site_name":"Noticias Radio Reflejos","article_published_time":"2026-08-31T14:09:03+00:00","og_image":[{"width":1080,"height":1080,"url":"https:\/\/www.noticiasradioreflejos.com.ar\/2021\/wp-content\/uploads\/2026\/08\/CLUB-DE-LECTURA-PARA-JOVENES.jpg","type":"image\/jpeg"}],"author":"Arnaldo Botto","twitter_card":"summary_large_image","schema":{"@context":"https:\/\/schema.org","@graph":[{"@type":"WebPage","@id":"https:\/\/www.noticiasradioreflejos.com.ar\/2021\/la-biblioteca-popular-macedonio-fernandez-presenta-el-nuevo-club-de-lectura-para-jovenes\/","url":"https:\/\/www.noticiasradioreflejos.com.ar\/2021\/la-biblioteca-popular-macedonio-fernandez-presenta-el-nuevo-club-de-lectura-para-jovenes\/","name":"La Biblioteca Popular Macedonio Fern\u00e1ndez presenta el nuevo \"Club de Lectura para J\u00f3venes\" - Noticias Radio Reflejos","isPartOf":{"@id":"https:\/\/www.noticiasradioreflejos.com.ar\/2021\/#website"},"primaryImageOfPage":{"@id":"https:\/\/www.noticiasradioreflejos.com.ar\/2021\/la-biblioteca-popular-macedonio-fernandez-presenta-el-nuevo-club-de-lectura-para-jovenes\/#primaryimage"},"image":{"@id":"https:\/\/www.noticiasradioreflejos.com.ar\/2021\/la-biblioteca-popular-macedonio-fernandez-presenta-el-nuevo-club-de-lectura-para-jovenes\/#primaryimage"},"thumbnailUrl":"https:\/\/www.noticiasradioreflejos.com.ar\/2021\/wp-content\/uploads\/2026\/08\/CLUB-DE-LECTURA-PARA-JOVENES.jpg","datePublished":"2026-08-31T14:09:03+00:00","author":{"@id":"https:\/\/www.noticiasradioreflejos.com.ar\/2021\/#\/schema\/person\/ad82545263dcc5ec0996818884fd5fb1"},"breadcrumb":{"@id":"https:\/\/www.noticiasradioreflejos.com.ar\/2021\/la-biblioteca-popular-macedonio-fernandez-presenta-el-nuevo-club-de-lectura-para-jovenes\/#breadcrumb"},"inLanguage":"es","potentialAction":[{"@type":"ReadAction","target":["https:\/\/www.noticiasradioreflejos.com.ar\/2021\/la-biblioteca-popular-macedonio-fernandez-presenta-el-nuevo-club-de-lectura-para-jovenes\/"]}]},{"@type":"ImageObject","inLanguage":"es","@id":"https:\/\/www.noticiasradioreflejos.com.ar\/2021\/la-biblioteca-popular-macedonio-fernandez-presenta-el-nuevo-club-de-lectura-para-jovenes\/#primaryimage","url":"https:\/\/www.noticiasradioreflejos.com.ar\/2021\/wp-content\/uploads\/2026\/08\/CLUB-DE-LECTURA-PARA-JOVENES.jpg","contentUrl":"https:\/\/www.noticiasradioreflejos.com.ar\/2021\/wp-content\/uploads\/2026\/08\/CLUB-DE-LECTURA-PARA-JOVENES.jpg","width":1080,"height":1080},{"@type":"BreadcrumbList","@id":"https:\/\/www.noticiasradioreflejos.com.ar\/2021\/la-biblioteca-popular-macedonio-fernandez-presenta-el-nuevo-club-de-lectura-para-jovenes\/#breadcrumb","itemListElement":[{"@type":"ListItem","position":1,"name":"Portada","item":"https:\/\/www.noticiasradioreflejos.com.ar\/2021\/"},{"@type":"ListItem","position":2,"name":"La Biblioteca Popular Macedonio Fern\u00e1ndez presenta el nuevo \u00abClub de Lectura para J\u00f3venes\u00bb"}]},{"@type":"WebSite","@id":"https:\/\/www.noticiasradioreflejos.com.ar\/2021\/#website","url":"https:\/\/www.noticiasradioreflejos.com.ar\/2021\/","name":"Noticias Radio Reflejos","description":"Las noticias de mi comarca","potentialAction":[{"@type":"SearchAction","target":{"@type":"EntryPoint","urlTemplate":"https:\/\/www.noticiasradioreflejos.com.ar\/2021\/?s={search_term_string}"},"query-input":{"@type":"PropertyValueSpecification","valueRequired":true,"valueName":"search_term_string"}}],"inLanguage":"es"},{"@type":"Person","@id":"https:\/\/www.noticiasradioreflejos.com.ar\/2021\/#\/schema\/person\/ad82545263dcc5ec0996818884fd5fb1","name":"Arnaldo Botto","image":{"@type":"ImageObject","inLanguage":"es","@id":"https:\/\/www.noticiasradioreflejos.com.ar\/2021\/#\/schema\/person\/image\/","url":"https:\/\/secure.gravatar.com\/avatar\/55cb5e37c1efa326397366e6974cb338056df65cb50e7d64d1cf314e87504837?s=96&d=mm&r=g","contentUrl":"https:\/\/secure.gravatar.com\/avatar\/55cb5e37c1efa326397366e6974cb338056df65cb50e7d64d1cf314e87504837?s=96&d=mm&r=g","caption":"Arnaldo Botto"},"url":"https:\/\/www.noticiasradioreflejos.com.ar\/2021\/author\/arnaldo\/"}]}},"_links":{"self":[{"href":"https:\/\/www.noticiasradioreflejos.com.ar\/2021\/wp-json\/wp\/v2\/posts\/142837","targetHints":{"allow":["GET"]}}],"collection":[{"href":"https:\/\/www.noticiasradioreflejos.com.ar\/2021\/wp-json\/wp\/v2\/posts"}],"about":[{"href":"https:\/\/www.noticiasradioreflejos.com.ar\/2021\/wp-json\/wp\/v2\/types\/post"}],"author":[{"embeddable":true,"href":"https:\/\/www.noticiasradioreflejos.com.ar\/2021\/wp-json\/wp\/v2\/users\/3"}],"replies":[{"embeddable":true,"href":"https:\/\/www.noticiasradioreflejos.com.ar\/2021\/wp-json\/wp\/v2\/comments?post=142837"}],"version-history":[{"count":1,"href":"https:\/\/www.noticiasradioreflejos.com.ar\/2021\/wp-json\/wp\/v2\/posts\/142837\/revisions"}],"predecessor-version":[{"id":142839,"href":"https:\/\/www.noticiasradioreflejos.com.ar\/2021\/wp-json\/wp\/v2\/posts\/142837\/revisions\/142839"}],"wp:featuredmedia":[{"embeddable":true,"href":"https:\/\/www.noticiasradioreflejos.com.ar\/2021\/wp-json\/wp\/v2\/media\/142838"}],"wp:attachment":[{"href":"https:\/\/www.noticiasradioreflejos.com.ar\/2021\/wp-json\/wp\/v2\/media?parent=142837"}],"wp:term":[{"taxonomy":"category","embeddable":true,"href":"https:\/\/www.noticiasradioreflejos.com.ar\/2021\/wp-json\/wp\/v2\/categories?post=142837"},{"taxonomy":"post_tag","embeddable":true,"href":"https:\/\/www.noticiasradioreflejos.com.ar\/2021\/wp-json\/wp\/v2\/tags?post=142837"}],"curies":[{"name":"wp","href":"https:\/\/api.w.org\/{rel}","templated":true}]}}